{"id":35069,"date":"2026-03-07T15:30:13","date_gmt":"2026-03-07T13:30:13","guid":{"rendered":"https:\/\/haberkuzey.com\/index.php\/2026\/03\/07\/ispanya-israilin-lubnana-yonelik-saldirilarini-kinadi\/"},"modified":"2026-03-07T15:30:13","modified_gmt":"2026-03-07T13:30:13","slug":"ispanya-israilin-lubnana-yonelik-saldirilarini-kinadi","status":"publish","type":"post","link":"https:\/\/haberkuzey.com\/index.php\/2026\/03\/07\/ispanya-israilin-lubnana-yonelik-saldirilarini-kinadi\/","title":{"rendered":"\u0130spanya, \u0130srail\u2019in L\u00fcbnan\u2019a y\u00f6nelik sald\u0131r\u0131lar\u0131n\u0131 k\u0131nad\u0131"},"content":{"rendered":"<p style=\"font-weight: 300\"><span style=\"font-weight: 300 !important\">D\u0131\u015fi\u015fleri Bakanl\u0131\u011f\u0131nca yap\u0131lan yaz\u0131l\u0131 a\u00e7\u0131klamada, \u0130spanya h\u00fck\u00fcmetinin, t\u00fcm b\u00f6lge i\u00e7in hayati \u00f6nem ta\u015f\u0131d\u0131\u011f\u0131n\u0131 d\u00fc\u015f\u00fcnd\u00fc\u011f\u00fc L\u00fcbnan&#8217;\u0131n g\u00fcvenli\u011fi ve istikrar\u0131na olan ba\u011fl\u0131l\u0131\u011f\u0131n\u0131 yineledi\u011fi belirtildi.<\/span><\/p>\n<p style=\"font-weight: 300\"><span style=\"font-weight: 300 !important\">\u0130srail&#8217;in uluslararas\u0131 hukuk kapsam\u0131ndaki y\u00fck\u00fcml\u00fcl\u00fcklerine uymaya \u00e7a\u011fr\u0131ld\u0131\u011f\u0131 a\u00e7\u0131klamada, &#8220;T\u00fcm taraflar, BM G\u00fcvenlik Konseyi&#8217;nin 1701 say\u0131l\u0131 karar\u0131na ve Kas\u0131m 2024&#8217;te var\u0131lan ate\u015fkes anla\u015fmas\u0131na tam olarak uymal\u0131d\u0131r. \u0130spanya, \u0130srail&#8217;i, 1701 say\u0131l\u0131 karar\u0131n yetkisine uygun olarak L\u00fcbnan&#8217;da konu\u015fland\u0131r\u0131lan \u0130spanyol birli\u011fi de dahil olmak \u00fczere bar\u0131\u015f g\u00fcc\u00fc birliklerine sayg\u0131 g\u00f6stermeye \u00e7a\u011f\u0131r\u0131yor.&#8221; ifadeleri kullan\u0131ld\u0131.<\/span><\/p>\n<p style=\"font-weight: 300\"><span style=\"font-weight: 300 !important\">L\u00fcbnan&#8217;\u0131n egemenli\u011fine ve toprak b\u00fct\u00fcnl\u00fc\u011f\u00fcne sayg\u0131 g\u00f6sterilmesi \u00e7a\u011fr\u0131s\u0131n\u0131n yinelendi\u011fi a\u00e7\u0131klamada, \u0130spanya&#8217;n\u0131n &#8220;L\u00fcbnan h\u00fck\u00fcmetinin, \u00fclkesindeki topraklar\u0131n\u0131n tamam\u0131nda Silahl\u0131 Kuvvetlerini g\u00fc\u00e7lendirmek ve bunlar\u0131 \u00fclkenin g\u00fcneyine etkin bir \u015fekilde yeniden konu\u015fland\u0131r\u0131lmas\u0131 i\u00e7in ald\u0131\u011f\u0131 \u00f6nlemlere destek verdi\u011fi&#8221; aktar\u0131ld\u0131.<\/span><\/p>\n<p>\u0130spanya, \u0130srail&#8217;in L\u00fcbnan&#8217;a y\u00f6nelik sald\u0131r\u0131lar\u0131n\u0131 k\u0131nad\u0131 yaz\u0131s\u0131 ilk \u00f6nce K\u0131br\u0131s Hakikat \u00fczerinde ortaya \u00e7\u0131kt\u0131.<\/p>\n","protected":false},"excerpt":{"rendered":"<p>D\u0131\u015fi\u015fleri Bakanl\u0131\u011f\u0131nca yap\u0131lan yaz\u0131l\u0131 a\u00e7\u0131klamada, \u0130spanya h\u00fck\u00fcmetinin, t\u00fcm b\u00f6lge i\u00e7in hayati \u00f6nem ta\u015f\u0131d\u0131\u011f\u0131n\u0131 d\u00fc\u015f\u00fcnd\u00fc\u011f\u00fc L\u00fcbnan&#8217;\u0131n g\u00fcvenli\u011fi ve istikrar\u0131na olan ba\u011fl\u0131l\u0131\u011f\u0131n\u0131 yineledi\u011fi belirtildi. \u0130srail&#8217;in uluslararas\u0131 hukuk kapsam\u0131ndaki y\u00fck\u00fcml\u00fcl\u00fcklerine uymaya \u00e7a\u011fr\u0131ld\u0131\u011f\u0131 a\u00e7\u0131klamada, &#8220;T\u00fcm taraflar, BM G\u00fcvenlik Konseyi&#8217;nin 1701 say\u0131l\u0131 karar\u0131na ve Kas\u0131m 2024&#8217;te var\u0131lan ate\u015fkes anla\u015fmas\u0131na tam olarak uymal\u0131d\u0131r. \u0130spanya, \u0130srail&#8217;i, 1701 say\u0131l\u0131 karar\u0131n yetkisine uygun olarak [&hellip;]<\/p>\n","protected":false},"author":1,"featured_media":35070,"comment_status":"open","ping_status":"open","sticky":false,"template":"","format":"standard","meta":{"jnews-multi-image_gallery":[],"jnews_single_post":[],"jnews_primary_category":[],"footnotes":""},"categories":[1],"tags":[],"class_list":["post-35069","post","type-post","status-publish","format-standard","has-post-thumbnail","hentry","category-kibris"],"yoast_head":"<!-- This site is optimized with the Yoast SEO plugin v27.5 - https:\/\/yoast.com\/product\/yoast-seo-wordpress\/ -->\n<title>\u0130spanya, \u0130srail\u2019in L\u00fcbnan\u2019a y\u00f6nelik sald\u0131r\u0131lar\u0131n\u0131 k\u0131nad\u0131 - Haber Kuzey<\/title>\n<meta name=\"robots\" content=\"index, follow, max-snippet:-1, max-image-preview:large, max-video-preview:-1\" \/>\n<link rel=\"canonical\" href=\"https:\/\/haberkuzey.com\/index.php\/2026\/03\/07\/ispanya-israilin-lubnana-yonelik-saldirilarini-kinadi\/\" \/>\n<meta property=\"og:locale\" content=\"tr_TR\" \/>\n<meta property=\"og:type\" content=\"article\" \/>\n<meta property=\"og:title\" content=\"\u0130spanya, \u0130srail\u2019in L\u00fcbnan\u2019a y\u00f6nelik sald\u0131r\u0131lar\u0131n\u0131 k\u0131nad\u0131 - Haber Kuzey\" \/>\n<meta property=\"og:description\" content=\"D\u0131\u015fi\u015fleri Bakanl\u0131\u011f\u0131nca yap\u0131lan yaz\u0131l\u0131 a\u00e7\u0131klamada, \u0130spanya h\u00fck\u00fcmetinin, t\u00fcm b\u00f6lge i\u00e7in hayati \u00f6nem ta\u015f\u0131d\u0131\u011f\u0131n\u0131 d\u00fc\u015f\u00fcnd\u00fc\u011f\u00fc L\u00fcbnan&#8217;\u0131n g\u00fcvenli\u011fi ve istikrar\u0131na olan ba\u011fl\u0131l\u0131\u011f\u0131n\u0131 yineledi\u011fi belirtildi. \u0130srail&#8217;in uluslararas\u0131 hukuk kapsam\u0131ndaki y\u00fck\u00fcml\u00fcl\u00fcklerine uymaya \u00e7a\u011fr\u0131ld\u0131\u011f\u0131 a\u00e7\u0131klamada, &#8220;T\u00fcm taraflar, BM G\u00fcvenlik Konseyi&#8217;nin 1701 say\u0131l\u0131 karar\u0131na ve Kas\u0131m 2024&#8217;te var\u0131lan ate\u015fkes anla\u015fmas\u0131na tam olarak uymal\u0131d\u0131r. \u0130spanya, \u0130srail&#8217;i, 1701 say\u0131l\u0131 karar\u0131n yetkisine uygun olarak [&hellip;]\" \/>\n<meta property=\"og:url\" content=\"https:\/\/haberkuzey.com\/index.php\/2026\/03\/07\/ispanya-israilin-lubnana-yonelik-saldirilarini-kinadi\/\" \/>\n<meta property=\"og:site_name\" content=\"Haber Kuzey\" \/>\n<meta property=\"article:published_time\" content=\"2026-03-07T13:30:13+00:00\" \/>\n<meta name=\"author\" content=\"haberkuzey\" \/>\n<meta name=\"twitter:card\" content=\"summary_large_image\" \/>\n<meta name=\"twitter:label1\" content=\"Yazan:\" \/>\n\t<meta name=\"twitter:data1\" content=\"haberkuzey\" \/>\n\t<meta name=\"twitter:label2\" content=\"Tahmini okuma s\u00fcresi\" \/>\n\t<meta name=\"twitter:data2\" content=\"1 dakika\" \/>\n<script type=\"application\/ld+json\" class=\"yoast-schema-graph\">{\"@context\":\"https:\\\/\\\/schema.org\",\"@graph\":[{\"@type\":\"Article\",\"@id\":\"https:\\\/\\\/haberkuzey.com\\\/index.php\\\/2026\\\/03\\\/07\\\/ispanya-israilin-lubnana-yonelik-saldirilarini-kinadi\\\/#article\",\"isPartOf\":{\"@id\":\"https:\\\/\\\/haberkuzey.com\\\/index.php\\\/2026\\\/03\\\/07\\\/ispanya-israilin-lubnana-yonelik-saldirilarini-kinadi\\\/\"},\"author\":{\"name\":\"haberkuzey\",\"@id\":\"https:\\\/\\\/haberkuzey.com\\\/#\\\/schema\\\/person\\\/3372109ec735f9333f4fa47ebb9605ca\"},\"headline\":\"\u0130spanya, \u0130srail\u2019in L\u00fcbnan\u2019a y\u00f6nelik sald\u0131r\u0131lar\u0131n\u0131 k\u0131nad\u0131\",\"datePublished\":\"2026-03-07T13:30:13+00:00\",\"mainEntityOfPage\":{\"@id\":\"https:\\\/\\\/haberkuzey.com\\\/index.php\\\/2026\\\/03\\\/07\\\/ispanya-israilin-lubnana-yonelik-saldirilarini-kinadi\\\/\"},\"wordCount\":229,\"commentCount\":0,\"image\":{\"@id\":\"https:\\\/\\\/haberkuzey.com\\\/index.php\\\/2026\\\/03\\\/07\\\/ispanya-israilin-lubnana-yonelik-saldirilarini-kinadi\\\/#primaryimage\"},\"thumbnailUrl\":\"https:\\\/\\\/haberkuzey.com\\\/wp-content\\\/uploads\\\/2026\\\/03\\\/1772885617479thumbs_b_c_251cb808a1505f24d1c1dc78323e9cb2.jpg\",\"articleSection\":[\"K\u0131br\u0131s\"],\"inLanguage\":\"tr\",\"potentialAction\":[{\"@type\":\"CommentAction\",\"name\":\"Comment\",\"target\":[\"https:\\\/\\\/haberkuzey.com\\\/index.php\\\/2026\\\/03\\\/07\\\/ispanya-israilin-lubnana-yonelik-saldirilarini-kinadi\\\/#respond\"]}]},{\"@type\":\"WebPage\",\"@id\":\"https:\\\/\\\/haberkuzey.com\\\/index.php\\\/2026\\\/03\\\/07\\\/ispanya-israilin-lubnana-yonelik-saldirilarini-kinadi\\\/\",\"url\":\"https:\\\/\\\/haberkuzey.com\\\/index.php\\\/2026\\\/03\\\/07\\\/ispanya-israilin-lubnana-yonelik-saldirilarini-kinadi\\\/\",\"name\":\"\u0130spanya, \u0130srail\u2019in L\u00fcbnan\u2019a y\u00f6nelik sald\u0131r\u0131lar\u0131n\u0131 k\u0131nad\u0131 - Haber Kuzey\",\"isPartOf\":{\"@id\":\"https:\\\/\\\/haberkuzey.com\\\/#website\"},\"primaryImageOfPage\":{\"@id\":\"https:\\\/\\\/haberkuzey.com\\\/index.php\\\/2026\\\/03\\\/07\\\/ispanya-israilin-lubnana-yonelik-saldirilarini-kinadi\\\/#primaryimage\"},\"image\":{\"@id\":\"https:\\\/\\\/haberkuzey.com\\\/index.php\\\/2026\\\/03\\\/07\\\/ispanya-israilin-lubnana-yonelik-saldirilarini-kinadi\\\/#primaryimage\"},\"thumbnailUrl\":\"https:\\\/\\\/haberkuzey.com\\\/wp-content\\\/uploads\\\/2026\\\/03\\\/1772885617479thumbs_b_c_251cb808a1505f24d1c1dc78323e9cb2.jpg\",\"datePublished\":\"2026-03-07T13:30:13+00:00\",\"author\":{\"@id\":\"https:\\\/\\\/haberkuzey.com\\\/#\\\/schema\\\/person\\\/3372109ec735f9333f4fa47ebb9605ca\"},\"breadcrumb\":{\"@id\":\"https:\\\/\\\/haberkuzey.com\\\/index.php\\\/2026\\\/03\\\/07\\\/ispanya-israilin-lubnana-yonelik-saldirilarini-kinadi\\\/#breadcrumb\"},\"inLanguage\":\"tr\",\"potentialAction\":[{\"@type\":\"ReadAction\",\"target\":[\"https:\\\/\\\/haberkuzey.com\\\/index.php\\\/2026\\\/03\\\/07\\\/ispanya-israilin-lubnana-yonelik-saldirilarini-kinadi\\\/\"]}]},{\"@type\":\"ImageObject\",\"inLanguage\":\"tr\",\"@id\":\"https:\\\/\\\/haberkuzey.com\\\/index.php\\\/2026\\\/03\\\/07\\\/ispanya-israilin-lubnana-yonelik-saldirilarini-kinadi\\\/#primaryimage\",\"url\":\"https:\\\/\\\/haberkuzey.com\\\/wp-content\\\/uploads\\\/2026\\\/03\\\/1772885617479thumbs_b_c_251cb808a1505f24d1c1dc78323e9cb2.jpg\",\"contentUrl\":\"https:\\\/\\\/haberkuzey.com\\\/wp-content\\\/uploads\\\/2026\\\/03\\\/1772885617479thumbs_b_c_251cb808a1505f24d1c1dc78323e9cb2.jpg\",\"width\":864,\"height\":486},{\"@type\":\"BreadcrumbList\",\"@id\":\"https:\\\/\\\/haberkuzey.com\\\/index.php\\\/2026\\\/03\\\/07\\\/ispanya-israilin-lubnana-yonelik-saldirilarini-kinadi\\\/#breadcrumb\",\"itemListElement\":[{\"@type\":\"ListItem\",\"position\":1,\"name\":\"Anasayfa\",\"item\":\"https:\\\/\\\/haberkuzey.com\\\/\"},{\"@type\":\"ListItem\",\"position\":2,\"name\":\"\u0130spanya, \u0130srail\u2019in L\u00fcbnan\u2019a y\u00f6nelik sald\u0131r\u0131lar\u0131n\u0131 k\u0131nad\u0131\"}]},{\"@type\":\"WebSite\",\"@id\":\"https:\\\/\\\/haberkuzey.com\\\/#website\",\"url\":\"https:\\\/\\\/haberkuzey.com\\\/\",\"name\":\"Haber Kuzey\",\"description\":\"Do\u011fru Haberin Adresi\",\"potentialAction\":[{\"@type\":\"SearchAction\",\"target\":{\"@type\":\"EntryPoint\",\"urlTemplate\":\"https:\\\/\\\/haberkuzey.com\\\/?s={search_term_string}\"},\"query-input\":{\"@type\":\"PropertyValueSpecification\",\"valueRequired\":true,\"valueName\":\"search_term_string\"}}],\"inLanguage\":\"tr\"},{\"@type\":\"Person\",\"@id\":\"https:\\\/\\\/haberkuzey.com\\\/#\\\/schema\\\/person\\\/3372109ec735f9333f4fa47ebb9605ca\",\"name\":\"haberkuzey\",\"image\":{\"@type\":\"ImageObject\",\"inLanguage\":\"tr\",\"@id\":\"https:\\\/\\\/secure.gravatar.com\\\/avatar\\\/f5fc875574b1575324358c3b9e6a32b8227aa5b74f3fa22e3cadb63e26fcc39c?s=96&d=mm&r=g\",\"url\":\"https:\\\/\\\/secure.gravatar.com\\\/avatar\\\/f5fc875574b1575324358c3b9e6a32b8227aa5b74f3fa22e3cadb63e26fcc39c?s=96&d=mm&r=g\",\"contentUrl\":\"https:\\\/\\\/secure.gravatar.com\\\/avatar\\\/f5fc875574b1575324358c3b9e6a32b8227aa5b74f3fa22e3cadb63e26fcc39c?s=96&d=mm&r=g\",\"caption\":\"haberkuzey\"},\"sameAs\":[\"https:\\\/\\\/haberkuzey.com\"],\"url\":\"https:\\\/\\\/haberkuzey.com\\\/index.php\\\/author\\\/haberkuzey\\\/\"}]}<\/script>\n<!-- \/ Yoast SEO plugin. -->","yoast_head_json":{"title":"\u0130spanya, \u0130srail\u2019in L\u00fcbnan\u2019a y\u00f6nelik sald\u0131r\u0131lar\u0131n\u0131 k\u0131nad\u0131 - Haber Kuzey","robots":{"index":"index","follow":"follow","max-snippet":"max-snippet:-1","max-image-preview":"max-image-preview:large","max-video-preview":"max-video-preview:-1"},"canonical":"https:\/\/haberkuzey.com\/index.php\/2026\/03\/07\/ispanya-israilin-lubnana-yonelik-saldirilarini-kinadi\/","og_locale":"tr_TR","og_type":"article","og_title":"\u0130spanya, \u0130srail\u2019in L\u00fcbnan\u2019a y\u00f6nelik sald\u0131r\u0131lar\u0131n\u0131 k\u0131nad\u0131 - Haber Kuzey","og_description":"D\u0131\u015fi\u015fleri Bakanl\u0131\u011f\u0131nca yap\u0131lan yaz\u0131l\u0131 a\u00e7\u0131klamada, \u0130spanya h\u00fck\u00fcmetinin, t\u00fcm b\u00f6lge i\u00e7in hayati \u00f6nem ta\u015f\u0131d\u0131\u011f\u0131n\u0131 d\u00fc\u015f\u00fcnd\u00fc\u011f\u00fc L\u00fcbnan&#8217;\u0131n g\u00fcvenli\u011fi ve istikrar\u0131na olan ba\u011fl\u0131l\u0131\u011f\u0131n\u0131 yineledi\u011fi belirtildi. \u0130srail&#8217;in uluslararas\u0131 hukuk kapsam\u0131ndaki y\u00fck\u00fcml\u00fcl\u00fcklerine uymaya \u00e7a\u011fr\u0131ld\u0131\u011f\u0131 a\u00e7\u0131klamada, &#8220;T\u00fcm taraflar, BM G\u00fcvenlik Konseyi&#8217;nin 1701 say\u0131l\u0131 karar\u0131na ve Kas\u0131m 2024&#8217;te var\u0131lan ate\u015fkes anla\u015fmas\u0131na tam olarak uymal\u0131d\u0131r. \u0130spanya, \u0130srail&#8217;i, 1701 say\u0131l\u0131 karar\u0131n yetkisine uygun olarak [&hellip;]","og_url":"https:\/\/haberkuzey.com\/index.php\/2026\/03\/07\/ispanya-israilin-lubnana-yonelik-saldirilarini-kinadi\/","og_site_name":"Haber Kuzey","article_published_time":"2026-03-07T13:30:13+00:00","author":"haberkuzey","twitter_card":"summary_large_image","twitter_misc":{"Yazan:":"haberkuzey","Tahmini okuma s\u00fcresi":"1 dakika"},"schema":{"@context":"https:\/\/schema.org","@graph":[{"@type":"Article","@id":"https:\/\/haberkuzey.com\/index.php\/2026\/03\/07\/ispanya-israilin-lubnana-yonelik-saldirilarini-kinadi\/#article","isPartOf":{"@id":"https:\/\/haberkuzey.com\/index.php\/2026\/03\/07\/ispanya-israilin-lubnana-yonelik-saldirilarini-kinadi\/"},"author":{"name":"haberkuzey","@id":"https:\/\/haberkuzey.com\/#\/schema\/person\/3372109ec735f9333f4fa47ebb9605ca"},"headline":"\u0130spanya, \u0130srail\u2019in L\u00fcbnan\u2019a y\u00f6nelik sald\u0131r\u0131lar\u0131n\u0131 k\u0131nad\u0131","datePublished":"2026-03-07T13:30:13+00:00","mainEntityOfPage":{"@id":"https:\/\/haberkuzey.com\/index.php\/2026\/03\/07\/ispanya-israilin-lubnana-yonelik-saldirilarini-kinadi\/"},"wordCount":229,"commentCount":0,"image":{"@id":"https:\/\/haberkuzey.com\/index.php\/2026\/03\/07\/ispanya-israilin-lubnana-yonelik-saldirilarini-kinadi\/#primaryimage"},"thumbnailUrl":"https:\/\/haberkuzey.com\/wp-content\/uploads\/2026\/03\/1772885617479thumbs_b_c_251cb808a1505f24d1c1dc78323e9cb2.jpg","articleSection":["K\u0131br\u0131s"],"inLanguage":"tr","potentialAction":[{"@type":"CommentAction","name":"Comment","target":["https:\/\/haberkuzey.com\/index.php\/2026\/03\/07\/ispanya-israilin-lubnana-yonelik-saldirilarini-kinadi\/#respond"]}]},{"@type":"WebPage","@id":"https:\/\/haberkuzey.com\/index.php\/2026\/03\/07\/ispanya-israilin-lubnana-yonelik-saldirilarini-kinadi\/","url":"https:\/\/haberkuzey.com\/index.php\/2026\/03\/07\/ispanya-israilin-lubnana-yonelik-saldirilarini-kinadi\/","name":"\u0130spanya, \u0130srail\u2019in L\u00fcbnan\u2019a y\u00f6nelik sald\u0131r\u0131lar\u0131n\u0131 k\u0131nad\u0131 - Haber Kuzey","isPartOf":{"@id":"https:\/\/haberkuzey.com\/#website"},"primaryImageOfPage":{"@id":"https:\/\/haberkuzey.com\/index.php\/2026\/03\/07\/ispanya-israilin-lubnana-yonelik-saldirilarini-kinadi\/#primaryimage"},"image":{"@id":"https:\/\/haberkuzey.com\/index.php\/2026\/03\/07\/ispanya-israilin-lubnana-yonelik-saldirilarini-kinadi\/#primaryimage"},"thumbnailUrl":"https:\/\/haberkuzey.com\/wp-content\/uploads\/2026\/03\/1772885617479thumbs_b_c_251cb808a1505f24d1c1dc78323e9cb2.jpg","datePublished":"2026-03-07T13:30:13+00:00","author":{"@id":"https:\/\/haberkuzey.com\/#\/schema\/person\/3372109ec735f9333f4fa47ebb9605ca"},"breadcrumb":{"@id":"https:\/\/haberkuzey.com\/index.php\/2026\/03\/07\/ispanya-israilin-lubnana-yonelik-saldirilarini-kinadi\/#breadcrumb"},"inLanguage":"tr","potentialAction":[{"@type":"ReadAction","target":["https:\/\/haberkuzey.com\/index.php\/2026\/03\/07\/ispanya-israilin-lubnana-yonelik-saldirilarini-kinadi\/"]}]},{"@type":"ImageObject","inLanguage":"tr","@id":"https:\/\/haberkuzey.com\/index.php\/2026\/03\/07\/ispanya-israilin-lubnana-yonelik-saldirilarini-kinadi\/#primaryimage","url":"https:\/\/haberkuzey.com\/wp-content\/uploads\/2026\/03\/1772885617479thumbs_b_c_251cb808a1505f24d1c1dc78323e9cb2.jpg","contentUrl":"https:\/\/haberkuzey.com\/wp-content\/uploads\/2026\/03\/1772885617479thumbs_b_c_251cb808a1505f24d1c1dc78323e9cb2.jpg","width":864,"height":486},{"@type":"BreadcrumbList","@id":"https:\/\/haberkuzey.com\/index.php\/2026\/03\/07\/ispanya-israilin-lubnana-yonelik-saldirilarini-kinadi\/#breadcrumb","itemListElement":[{"@type":"ListItem","position":1,"name":"Anasayfa","item":"https:\/\/haberkuzey.com\/"},{"@type":"ListItem","position":2,"name":"\u0130spanya, \u0130srail\u2019in L\u00fcbnan\u2019a y\u00f6nelik sald\u0131r\u0131lar\u0131n\u0131 k\u0131nad\u0131"}]},{"@type":"WebSite","@id":"https:\/\/haberkuzey.com\/#website","url":"https:\/\/haberkuzey.com\/","name":"Haber Kuzey","description":"Do\u011fru Haberin Adresi","potentialAction":[{"@type":"SearchAction","target":{"@type":"EntryPoint","urlTemplate":"https:\/\/haberkuzey.com\/?s={search_term_string}"},"query-input":{"@type":"PropertyValueSpecification","valueRequired":true,"valueName":"search_term_string"}}],"inLanguage":"tr"},{"@type":"Person","@id":"https:\/\/haberkuzey.com\/#\/schema\/person\/3372109ec735f9333f4fa47ebb9605ca","name":"haberkuzey","image":{"@type":"ImageObject","inLanguage":"tr","@id":"https:\/\/secure.gravatar.com\/avatar\/f5fc875574b1575324358c3b9e6a32b8227aa5b74f3fa22e3cadb63e26fcc39c?s=96&d=mm&r=g","url":"https:\/\/secure.gravatar.com\/avatar\/f5fc875574b1575324358c3b9e6a32b8227aa5b74f3fa22e3cadb63e26fcc39c?s=96&d=mm&r=g","contentUrl":"https:\/\/secure.gravatar.com\/avatar\/f5fc875574b1575324358c3b9e6a32b8227aa5b74f3fa22e3cadb63e26fcc39c?s=96&d=mm&r=g","caption":"haberkuzey"},"sameAs":["https:\/\/haberkuzey.com"],"url":"https:\/\/haberkuzey.com\/index.php\/author\/haberkuzey\/"}]}},"_links":{"self":[{"href":"https:\/\/haberkuzey.com\/index.php\/wp-json\/wp\/v2\/posts\/35069","targetHints":{"allow":["GET"]}}],"collection":[{"href":"https:\/\/haberkuzey.com\/index.php\/wp-json\/wp\/v2\/posts"}],"about":[{"href":"https:\/\/haberkuzey.com\/index.php\/wp-json\/wp\/v2\/types\/post"}],"author":[{"embeddable":true,"href":"https:\/\/haberkuzey.com\/index.php\/wp-json\/wp\/v2\/users\/1"}],"replies":[{"embeddable":true,"href":"https:\/\/haberkuzey.com\/index.php\/wp-json\/wp\/v2\/comments?post=35069"}],"version-history":[{"count":0,"href":"https:\/\/haberkuzey.com\/index.php\/wp-json\/wp\/v2\/posts\/35069\/revisions"}],"wp:featuredmedia":[{"embeddable":true,"href":"https:\/\/haberkuzey.com\/index.php\/wp-json\/wp\/v2\/media\/35070"}],"wp:attachment":[{"href":"https:\/\/haberkuzey.com\/index.php\/wp-json\/wp\/v2\/media?parent=35069"}],"wp:term":[{"taxonomy":"category","embeddable":true,"href":"https:\/\/haberkuzey.com\/index.php\/wp-json\/wp\/v2\/categories?post=35069"},{"taxonomy":"post_tag","embeddable":true,"href":"https:\/\/haberkuzey.com\/index.php\/wp-json\/wp\/v2\/tags?post=35069"}],"curies":[{"name":"wp","href":"https:\/\/api.w.org\/{rel}","templated":true}]}}