{"id":35067,"date":"2026-03-07T15:24:14","date_gmt":"2026-03-07T13:24:14","guid":{"rendered":"https:\/\/haberkuzey.com\/index.php\/2026\/03\/07\/almanya-basbakani-merz-filistin-pankartiyla-protesto-edildi\/"},"modified":"2026-03-07T15:24:14","modified_gmt":"2026-03-07T13:24:14","slug":"almanya-basbakani-merz-filistin-pankartiyla-protesto-edildi","status":"publish","type":"post","link":"https:\/\/haberkuzey.com\/index.php\/2026\/03\/07\/almanya-basbakani-merz-filistin-pankartiyla-protesto-edildi\/","title":{"rendered":"Almanya Ba\u015fbakan\u0131 Merz, Filistin pankart\u0131yla protesto edildi"},"content":{"rendered":"<p class=\"selectionShareable\">Merz\u2019in konu\u015fmas\u0131 s\u0131ras\u0131nda salonda bulunan bir ki\u015fi \u00fczerinde &#8220;Uluslararas\u0131 hukuka evet. Bir daha asla Straatrason. Ya\u015fas\u0131n Filistin&#8221; yaz\u0131l\u0131 pankart a\u00e7arak slogan att\u0131.<\/p>\n<p class=\"selectionShareable\">Straatrason, Almanya&#8217;n\u0131n Yahudi soyk\u0131r\u0131m\u0131ndan kaynaklanan tarihsel sorumlulu\u011fu nedeniyle \u0130srail&#8217;e kay\u0131ts\u0131z \u015farts\u0131z destek vermek ve \u0130srail&#8217;in \u00e7\u0131karlar\u0131n\u0131 en \u00f6nemli \u00f6nceli\u011fi yapmak zorunda oldu\u011fu fikrini tan\u0131ml\u0131yor. Bir\u00e7ok uluslararas\u0131 hukuk uzman\u0131 ve insan haklar\u0131 savunucusu, Almanya&#8217;y\u0131 bu kavram\u0131n arkas\u0131na saklanarak \u0130srail&#8217;in Gazze&#8217;deki soyk\u0131r\u0131m\u0131nda silah deste\u011fi sa\u011flamak dahil i\u015fbirlik\u00e7i olmakla su\u00e7luyor.<\/p>\n<p class=\"selectionShareable\">Pankart\u0131 g\u00f6r\u00fcnce sinirlenen Merz, \u201cLiderli\u011fimdeki Alman h\u00fck\u00fcmeti nerede durdu\u011fumuz konusunda hi\u00e7bir g\u00fcn herhangi bir \u015f\u00fcpheye yer b\u0131rakmayacakt\u0131r. Biz \u0130srail\u2019in yan\u0131nday\u0131z.&#8221; ifadesini kulland\u0131<\/p>\n<p class=\"selectionShareable\">Merz, \u201cSize bir \u015fey s\u00f6yleyeyim; Almanya\u2019da nerede olursa olsun antisemitizme kar\u015f\u0131 \u00e7\u0131kmak i\u00e7in her \u015feyi yapaca\u011f\u0131m ve bu \u00fclkenin Yahudilerin \u00f6zg\u00fcrce ve a\u00e7\u0131k\u00e7a hareket edebilece\u011fi bir yer olarak kalmas\u0131 i\u00e7in elimden gelen her \u015feyi yapaca\u011f\u0131m. Yukar\u0131da pankart\u0131n\u0131 tuttu\u011funuz ki\u015filer silahlar\u0131 b\u0131rak\u0131rsa bu \u00e7at\u0131\u015fma 24 saat i\u00e7in sona erer. Sava\u015f\u0131n as\u0131l sebebi bu, \u00f6zg\u00fcrce ya\u015famak i\u00e7in varolu\u015f m\u00fccadelesi veren \u0130srail devleti de\u011fil.\u201d diye konu\u015ftu.<\/p>\n<p class=\"selectionShareable\">Merz&#8217;in Filistin&#8217;in ya\u015famas\u0131n\u0131 istemeyi ve uluslararas\u0131 hukuku savunmay\u0131 &#8220;antisemitizm&#8221; olarak tan\u0131mlama \u00e7abas\u0131 dikkati \u00e7ekti.<\/p>\n<p class=\"selectionShareable\">Almanya Ba\u015fbakan\u0131 Merz, protestonun ard\u0131ndan k\u0131sa bir s\u00fcre sonra konu\u015fmas\u0131n\u0131 sonland\u0131rd\u0131.<\/p>\n<p>Almanya Ba\u015fbakan\u0131 Merz, Filistin pankart\u0131yla protesto edildi yaz\u0131s\u0131 ilk \u00f6nce K\u0131br\u0131s Hakikat \u00fczerinde ortaya \u00e7\u0131kt\u0131.<\/p>\n","protected":false},"excerpt":{"rendered":"<p>Merz\u2019in konu\u015fmas\u0131 s\u0131ras\u0131nda salonda bulunan bir ki\u015fi \u00fczerinde &#8220;Uluslararas\u0131 hukuka evet. Bir daha asla Straatrason. Ya\u015fas\u0131n Filistin&#8221; yaz\u0131l\u0131 pankart a\u00e7arak slogan att\u0131. Straatrason, Almanya&#8217;n\u0131n Yahudi soyk\u0131r\u0131m\u0131ndan kaynaklanan tarihsel sorumlulu\u011fu nedeniyle \u0130srail&#8217;e kay\u0131ts\u0131z \u015farts\u0131z destek vermek ve \u0130srail&#8217;in \u00e7\u0131karlar\u0131n\u0131 en \u00f6nemli \u00f6nceli\u011fi yapmak zorunda oldu\u011fu fikrini tan\u0131ml\u0131yor. Bir\u00e7ok uluslararas\u0131 hukuk uzman\u0131 ve insan haklar\u0131 savunucusu, Almanya&#8217;y\u0131 [&hellip;]<\/p>\n","protected":false},"author":1,"featured_media":35068,"comment_status":"open","ping_status":"open","sticky":false,"template":"","format":"standard","meta":{"jnews-multi-image_gallery":[],"jnews_single_post":[],"jnews_primary_category":[],"footnotes":""},"categories":[1],"tags":[],"class_list":["post-35067","post","type-post","status-publish","format-standard","has-post-thumbnail","hentry","category-kibris"],"yoast_head":"<!-- This site is optimized with the Yoast SEO plugin v27.5 - https:\/\/yoast.com\/product\/yoast-seo-wordpress\/ -->\n<title>Almanya Ba\u015fbakan\u0131 Merz, Filistin pankart\u0131yla protesto edildi - Haber Kuzey<\/title>\n<meta name=\"robots\" content=\"index, follow, max-snippet:-1, max-image-preview:large, max-video-preview:-1\" \/>\n<link rel=\"canonical\" href=\"https:\/\/haberkuzey.com\/index.php\/2026\/03\/07\/almanya-basbakani-merz-filistin-pankartiyla-protesto-edildi\/\" \/>\n<meta property=\"og:locale\" content=\"tr_TR\" \/>\n<meta property=\"og:type\" content=\"article\" \/>\n<meta property=\"og:title\" content=\"Almanya Ba\u015fbakan\u0131 Merz, Filistin pankart\u0131yla protesto edildi - Haber Kuzey\" \/>\n<meta property=\"og:description\" content=\"Merz\u2019in konu\u015fmas\u0131 s\u0131ras\u0131nda salonda bulunan bir ki\u015fi \u00fczerinde &#8220;Uluslararas\u0131 hukuka evet. Bir daha asla Straatrason. Ya\u015fas\u0131n Filistin&#8221; yaz\u0131l\u0131 pankart a\u00e7arak slogan att\u0131. Straatrason, Almanya&#8217;n\u0131n Yahudi soyk\u0131r\u0131m\u0131ndan kaynaklanan tarihsel sorumlulu\u011fu nedeniyle \u0130srail&#8217;e kay\u0131ts\u0131z \u015farts\u0131z destek vermek ve \u0130srail&#8217;in \u00e7\u0131karlar\u0131n\u0131 en \u00f6nemli \u00f6nceli\u011fi yapmak zorunda oldu\u011fu fikrini tan\u0131ml\u0131yor. Bir\u00e7ok uluslararas\u0131 hukuk uzman\u0131 ve insan haklar\u0131 savunucusu, Almanya&#8217;y\u0131 [&hellip;]\" \/>\n<meta property=\"og:url\" content=\"https:\/\/haberkuzey.com\/index.php\/2026\/03\/07\/almanya-basbakani-merz-filistin-pankartiyla-protesto-edildi\/\" \/>\n<meta property=\"og:site_name\" content=\"Haber Kuzey\" \/>\n<meta property=\"article:published_time\" content=\"2026-03-07T13:24:14+00:00\" \/>\n<meta name=\"author\" content=\"haberkuzey\" \/>\n<meta name=\"twitter:card\" content=\"summary_large_image\" \/>\n<meta name=\"twitter:label1\" content=\"Yazan:\" \/>\n\t<meta name=\"twitter:data1\" content=\"haberkuzey\" \/>\n\t<meta name=\"twitter:label2\" content=\"Tahmini okuma s\u00fcresi\" \/>\n\t<meta name=\"twitter:data2\" content=\"1 dakika\" \/>\n<script type=\"application\/ld+json\" class=\"yoast-schema-graph\">{\"@context\":\"https:\\\/\\\/schema.org\",\"@graph\":[{\"@type\":\"Article\",\"@id\":\"https:\\\/\\\/haberkuzey.com\\\/index.php\\\/2026\\\/03\\\/07\\\/almanya-basbakani-merz-filistin-pankartiyla-protesto-edildi\\\/#article\",\"isPartOf\":{\"@id\":\"https:\\\/\\\/haberkuzey.com\\\/index.php\\\/2026\\\/03\\\/07\\\/almanya-basbakani-merz-filistin-pankartiyla-protesto-edildi\\\/\"},\"author\":{\"name\":\"haberkuzey\",\"@id\":\"https:\\\/\\\/haberkuzey.com\\\/#\\\/schema\\\/person\\\/3372109ec735f9333f4fa47ebb9605ca\"},\"headline\":\"Almanya Ba\u015fbakan\u0131 Merz, Filistin pankart\u0131yla protesto edildi\",\"datePublished\":\"2026-03-07T13:24:14+00:00\",\"mainEntityOfPage\":{\"@id\":\"https:\\\/\\\/haberkuzey.com\\\/index.php\\\/2026\\\/03\\\/07\\\/almanya-basbakani-merz-filistin-pankartiyla-protesto-edildi\\\/\"},\"wordCount\":297,\"commentCount\":0,\"image\":{\"@id\":\"https:\\\/\\\/haberkuzey.com\\\/index.php\\\/2026\\\/03\\\/07\\\/almanya-basbakani-merz-filistin-pankartiyla-protesto-edildi\\\/#primaryimage\"},\"thumbnailUrl\":\"https:\\\/\\\/haberkuzey.com\\\/wp-content\\\/uploads\\\/2026\\\/03\\\/thumbs_b_c_254d6e80c6212108427c44354ba4b473.jpg\",\"articleSection\":[\"K\u0131br\u0131s\"],\"inLanguage\":\"tr\",\"potentialAction\":[{\"@type\":\"CommentAction\",\"name\":\"Comment\",\"target\":[\"https:\\\/\\\/haberkuzey.com\\\/index.php\\\/2026\\\/03\\\/07\\\/almanya-basbakani-merz-filistin-pankartiyla-protesto-edildi\\\/#respond\"]}]},{\"@type\":\"WebPage\",\"@id\":\"https:\\\/\\\/haberkuzey.com\\\/index.php\\\/2026\\\/03\\\/07\\\/almanya-basbakani-merz-filistin-pankartiyla-protesto-edildi\\\/\",\"url\":\"https:\\\/\\\/haberkuzey.com\\\/index.php\\\/2026\\\/03\\\/07\\\/almanya-basbakani-merz-filistin-pankartiyla-protesto-edildi\\\/\",\"name\":\"Almanya Ba\u015fbakan\u0131 Merz, Filistin pankart\u0131yla protesto edildi - Haber Kuzey\",\"isPartOf\":{\"@id\":\"https:\\\/\\\/haberkuzey.com\\\/#website\"},\"primaryImageOfPage\":{\"@id\":\"https:\\\/\\\/haberkuzey.com\\\/index.php\\\/2026\\\/03\\\/07\\\/almanya-basbakani-merz-filistin-pankartiyla-protesto-edildi\\\/#primaryimage\"},\"image\":{\"@id\":\"https:\\\/\\\/haberkuzey.com\\\/index.php\\\/2026\\\/03\\\/07\\\/almanya-basbakani-merz-filistin-pankartiyla-protesto-edildi\\\/#primaryimage\"},\"thumbnailUrl\":\"https:\\\/\\\/haberkuzey.com\\\/wp-content\\\/uploads\\\/2026\\\/03\\\/thumbs_b_c_254d6e80c6212108427c44354ba4b473.jpg\",\"datePublished\":\"2026-03-07T13:24:14+00:00\",\"author\":{\"@id\":\"https:\\\/\\\/haberkuzey.com\\\/#\\\/schema\\\/person\\\/3372109ec735f9333f4fa47ebb9605ca\"},\"breadcrumb\":{\"@id\":\"https:\\\/\\\/haberkuzey.com\\\/index.php\\\/2026\\\/03\\\/07\\\/almanya-basbakani-merz-filistin-pankartiyla-protesto-edildi\\\/#breadcrumb\"},\"inLanguage\":\"tr\",\"potentialAction\":[{\"@type\":\"ReadAction\",\"target\":[\"https:\\\/\\\/haberkuzey.com\\\/index.php\\\/2026\\\/03\\\/07\\\/almanya-basbakani-merz-filistin-pankartiyla-protesto-edildi\\\/\"]}]},{\"@type\":\"ImageObject\",\"inLanguage\":\"tr\",\"@id\":\"https:\\\/\\\/haberkuzey.com\\\/index.php\\\/2026\\\/03\\\/07\\\/almanya-basbakani-merz-filistin-pankartiyla-protesto-edildi\\\/#primaryimage\",\"url\":\"https:\\\/\\\/haberkuzey.com\\\/wp-content\\\/uploads\\\/2026\\\/03\\\/thumbs_b_c_254d6e80c6212108427c44354ba4b473.jpg\",\"contentUrl\":\"https:\\\/\\\/haberkuzey.com\\\/wp-content\\\/uploads\\\/2026\\\/03\\\/thumbs_b_c_254d6e80c6212108427c44354ba4b473.jpg\",\"width\":864,\"height\":486},{\"@type\":\"BreadcrumbList\",\"@id\":\"https:\\\/\\\/haberkuzey.com\\\/index.php\\\/2026\\\/03\\\/07\\\/almanya-basbakani-merz-filistin-pankartiyla-protesto-edildi\\\/#breadcrumb\",\"itemListElement\":[{\"@type\":\"ListItem\",\"position\":1,\"name\":\"Anasayfa\",\"item\":\"https:\\\/\\\/haberkuzey.com\\\/\"},{\"@type\":\"ListItem\",\"position\":2,\"name\":\"Almanya Ba\u015fbakan\u0131 Merz, Filistin pankart\u0131yla protesto edildi\"}]},{\"@type\":\"WebSite\",\"@id\":\"https:\\\/\\\/haberkuzey.com\\\/#website\",\"url\":\"https:\\\/\\\/haberkuzey.com\\\/\",\"name\":\"Haber Kuzey\",\"description\":\"Do\u011fru Haberin Adresi\",\"potentialAction\":[{\"@type\":\"SearchAction\",\"target\":{\"@type\":\"EntryPoint\",\"urlTemplate\":\"https:\\\/\\\/haberkuzey.com\\\/?s={search_term_string}\"},\"query-input\":{\"@type\":\"PropertyValueSpecification\",\"valueRequired\":true,\"valueName\":\"search_term_string\"}}],\"inLanguage\":\"tr\"},{\"@type\":\"Person\",\"@id\":\"https:\\\/\\\/haberkuzey.com\\\/#\\\/schema\\\/person\\\/3372109ec735f9333f4fa47ebb9605ca\",\"name\":\"haberkuzey\",\"image\":{\"@type\":\"ImageObject\",\"inLanguage\":\"tr\",\"@id\":\"https:\\\/\\\/secure.gravatar.com\\\/avatar\\\/f5fc875574b1575324358c3b9e6a32b8227aa5b74f3fa22e3cadb63e26fcc39c?s=96&d=mm&r=g\",\"url\":\"https:\\\/\\\/secure.gravatar.com\\\/avatar\\\/f5fc875574b1575324358c3b9e6a32b8227aa5b74f3fa22e3cadb63e26fcc39c?s=96&d=mm&r=g\",\"contentUrl\":\"https:\\\/\\\/secure.gravatar.com\\\/avatar\\\/f5fc875574b1575324358c3b9e6a32b8227aa5b74f3fa22e3cadb63e26fcc39c?s=96&d=mm&r=g\",\"caption\":\"haberkuzey\"},\"sameAs\":[\"https:\\\/\\\/haberkuzey.com\"],\"url\":\"https:\\\/\\\/haberkuzey.com\\\/index.php\\\/author\\\/haberkuzey\\\/\"}]}<\/script>\n<!-- \/ Yoast SEO plugin. -->","yoast_head_json":{"title":"Almanya Ba\u015fbakan\u0131 Merz, Filistin pankart\u0131yla protesto edildi - Haber Kuzey","robots":{"index":"index","follow":"follow","max-snippet":"max-snippet:-1","max-image-preview":"max-image-preview:large","max-video-preview":"max-video-preview:-1"},"canonical":"https:\/\/haberkuzey.com\/index.php\/2026\/03\/07\/almanya-basbakani-merz-filistin-pankartiyla-protesto-edildi\/","og_locale":"tr_TR","og_type":"article","og_title":"Almanya Ba\u015fbakan\u0131 Merz, Filistin pankart\u0131yla protesto edildi - Haber Kuzey","og_description":"Merz\u2019in konu\u015fmas\u0131 s\u0131ras\u0131nda salonda bulunan bir ki\u015fi \u00fczerinde &#8220;Uluslararas\u0131 hukuka evet. Bir daha asla Straatrason. Ya\u015fas\u0131n Filistin&#8221; yaz\u0131l\u0131 pankart a\u00e7arak slogan att\u0131. Straatrason, Almanya&#8217;n\u0131n Yahudi soyk\u0131r\u0131m\u0131ndan kaynaklanan tarihsel sorumlulu\u011fu nedeniyle \u0130srail&#8217;e kay\u0131ts\u0131z \u015farts\u0131z destek vermek ve \u0130srail&#8217;in \u00e7\u0131karlar\u0131n\u0131 en \u00f6nemli \u00f6nceli\u011fi yapmak zorunda oldu\u011fu fikrini tan\u0131ml\u0131yor. Bir\u00e7ok uluslararas\u0131 hukuk uzman\u0131 ve insan haklar\u0131 savunucusu, Almanya&#8217;y\u0131 [&hellip;]","og_url":"https:\/\/haberkuzey.com\/index.php\/2026\/03\/07\/almanya-basbakani-merz-filistin-pankartiyla-protesto-edildi\/","og_site_name":"Haber Kuzey","article_published_time":"2026-03-07T13:24:14+00:00","author":"haberkuzey","twitter_card":"summary_large_image","twitter_misc":{"Yazan:":"haberkuzey","Tahmini okuma s\u00fcresi":"1 dakika"},"schema":{"@context":"https:\/\/schema.org","@graph":[{"@type":"Article","@id":"https:\/\/haberkuzey.com\/index.php\/2026\/03\/07\/almanya-basbakani-merz-filistin-pankartiyla-protesto-edildi\/#article","isPartOf":{"@id":"https:\/\/haberkuzey.com\/index.php\/2026\/03\/07\/almanya-basbakani-merz-filistin-pankartiyla-protesto-edildi\/"},"author":{"name":"haberkuzey","@id":"https:\/\/haberkuzey.com\/#\/schema\/person\/3372109ec735f9333f4fa47ebb9605ca"},"headline":"Almanya Ba\u015fbakan\u0131 Merz, Filistin pankart\u0131yla protesto edildi","datePublished":"2026-03-07T13:24:14+00:00","mainEntityOfPage":{"@id":"https:\/\/haberkuzey.com\/index.php\/2026\/03\/07\/almanya-basbakani-merz-filistin-pankartiyla-protesto-edildi\/"},"wordCount":297,"commentCount":0,"image":{"@id":"https:\/\/haberkuzey.com\/index.php\/2026\/03\/07\/almanya-basbakani-merz-filistin-pankartiyla-protesto-edildi\/#primaryimage"},"thumbnailUrl":"https:\/\/haberkuzey.com\/wp-content\/uploads\/2026\/03\/thumbs_b_c_254d6e80c6212108427c44354ba4b473.jpg","articleSection":["K\u0131br\u0131s"],"inLanguage":"tr","potentialAction":[{"@type":"CommentAction","name":"Comment","target":["https:\/\/haberkuzey.com\/index.php\/2026\/03\/07\/almanya-basbakani-merz-filistin-pankartiyla-protesto-edildi\/#respond"]}]},{"@type":"WebPage","@id":"https:\/\/haberkuzey.com\/index.php\/2026\/03\/07\/almanya-basbakani-merz-filistin-pankartiyla-protesto-edildi\/","url":"https:\/\/haberkuzey.com\/index.php\/2026\/03\/07\/almanya-basbakani-merz-filistin-pankartiyla-protesto-edildi\/","name":"Almanya Ba\u015fbakan\u0131 Merz, Filistin pankart\u0131yla protesto edildi - Haber Kuzey","isPartOf":{"@id":"https:\/\/haberkuzey.com\/#website"},"primaryImageOfPage":{"@id":"https:\/\/haberkuzey.com\/index.php\/2026\/03\/07\/almanya-basbakani-merz-filistin-pankartiyla-protesto-edildi\/#primaryimage"},"image":{"@id":"https:\/\/haberkuzey.com\/index.php\/2026\/03\/07\/almanya-basbakani-merz-filistin-pankartiyla-protesto-edildi\/#primaryimage"},"thumbnailUrl":"https:\/\/haberkuzey.com\/wp-content\/uploads\/2026\/03\/thumbs_b_c_254d6e80c6212108427c44354ba4b473.jpg","datePublished":"2026-03-07T13:24:14+00:00","author":{"@id":"https:\/\/haberkuzey.com\/#\/schema\/person\/3372109ec735f9333f4fa47ebb9605ca"},"breadcrumb":{"@id":"https:\/\/haberkuzey.com\/index.php\/2026\/03\/07\/almanya-basbakani-merz-filistin-pankartiyla-protesto-edildi\/#breadcrumb"},"inLanguage":"tr","potentialAction":[{"@type":"ReadAction","target":["https:\/\/haberkuzey.com\/index.php\/2026\/03\/07\/almanya-basbakani-merz-filistin-pankartiyla-protesto-edildi\/"]}]},{"@type":"ImageObject","inLanguage":"tr","@id":"https:\/\/haberkuzey.com\/index.php\/2026\/03\/07\/almanya-basbakani-merz-filistin-pankartiyla-protesto-edildi\/#primaryimage","url":"https:\/\/haberkuzey.com\/wp-content\/uploads\/2026\/03\/thumbs_b_c_254d6e80c6212108427c44354ba4b473.jpg","contentUrl":"https:\/\/haberkuzey.com\/wp-content\/uploads\/2026\/03\/thumbs_b_c_254d6e80c6212108427c44354ba4b473.jpg","width":864,"height":486},{"@type":"BreadcrumbList","@id":"https:\/\/haberkuzey.com\/index.php\/2026\/03\/07\/almanya-basbakani-merz-filistin-pankartiyla-protesto-edildi\/#breadcrumb","itemListElement":[{"@type":"ListItem","position":1,"name":"Anasayfa","item":"https:\/\/haberkuzey.com\/"},{"@type":"ListItem","position":2,"name":"Almanya Ba\u015fbakan\u0131 Merz, Filistin pankart\u0131yla protesto edildi"}]},{"@type":"WebSite","@id":"https:\/\/haberkuzey.com\/#website","url":"https:\/\/haberkuzey.com\/","name":"Haber Kuzey","description":"Do\u011fru Haberin Adresi","potentialAction":[{"@type":"SearchAction","target":{"@type":"EntryPoint","urlTemplate":"https:\/\/haberkuzey.com\/?s={search_term_string}"},"query-input":{"@type":"PropertyValueSpecification","valueRequired":true,"valueName":"search_term_string"}}],"inLanguage":"tr"},{"@type":"Person","@id":"https:\/\/haberkuzey.com\/#\/schema\/person\/3372109ec735f9333f4fa47ebb9605ca","name":"haberkuzey","image":{"@type":"ImageObject","inLanguage":"tr","@id":"https:\/\/secure.gravatar.com\/avatar\/f5fc875574b1575324358c3b9e6a32b8227aa5b74f3fa22e3cadb63e26fcc39c?s=96&d=mm&r=g","url":"https:\/\/secure.gravatar.com\/avatar\/f5fc875574b1575324358c3b9e6a32b8227aa5b74f3fa22e3cadb63e26fcc39c?s=96&d=mm&r=g","contentUrl":"https:\/\/secure.gravatar.com\/avatar\/f5fc875574b1575324358c3b9e6a32b8227aa5b74f3fa22e3cadb63e26fcc39c?s=96&d=mm&r=g","caption":"haberkuzey"},"sameAs":["https:\/\/haberkuzey.com"],"url":"https:\/\/haberkuzey.com\/index.php\/author\/haberkuzey\/"}]}},"_links":{"self":[{"href":"https:\/\/haberkuzey.com\/index.php\/wp-json\/wp\/v2\/posts\/35067","targetHints":{"allow":["GET"]}}],"collection":[{"href":"https:\/\/haberkuzey.com\/index.php\/wp-json\/wp\/v2\/posts"}],"about":[{"href":"https:\/\/haberkuzey.com\/index.php\/wp-json\/wp\/v2\/types\/post"}],"author":[{"embeddable":true,"href":"https:\/\/haberkuzey.com\/index.php\/wp-json\/wp\/v2\/users\/1"}],"replies":[{"embeddable":true,"href":"https:\/\/haberkuzey.com\/index.php\/wp-json\/wp\/v2\/comments?post=35067"}],"version-history":[{"count":0,"href":"https:\/\/haberkuzey.com\/index.php\/wp-json\/wp\/v2\/posts\/35067\/revisions"}],"wp:featuredmedia":[{"embeddable":true,"href":"https:\/\/haberkuzey.com\/index.php\/wp-json\/wp\/v2\/media\/35068"}],"wp:attachment":[{"href":"https:\/\/haberkuzey.com\/index.php\/wp-json\/wp\/v2\/media?parent=35067"}],"wp:term":[{"taxonomy":"category","embeddable":true,"href":"https:\/\/haberkuzey.com\/index.php\/wp-json\/wp\/v2\/categories?post=35067"},{"taxonomy":"post_tag","embeddable":true,"href":"https:\/\/haberkuzey.com\/index.php\/wp-json\/wp\/v2\/tags?post=35067"}],"curies":[{"name":"wp","href":"https:\/\/api.w.org\/{rel}","templated":true}]}}