{"id":35065,"date":"2026-03-07T15:17:49","date_gmt":"2026-03-07T13:17:49","guid":{"rendered":"https:\/\/haberkuzey.com\/index.php\/2026\/03\/07\/tarihe-gecen-turk-kadin-sporcular\/"},"modified":"2026-03-07T15:17:49","modified_gmt":"2026-03-07T13:17:49","slug":"tarihe-gecen-turk-kadin-sporcular","status":"publish","type":"post","link":"https:\/\/haberkuzey.com\/index.php\/2026\/03\/07\/tarihe-gecen-turk-kadin-sporcular\/","title":{"rendered":"Tarihe ge\u00e7en T\u00fcrk kad\u0131n sporcular"},"content":{"rendered":"<p class=\"selectionShareable\">Kad\u0131n sporcular, Berlin 1936 Olimpiyatlar\u0131&#8217;na kat\u0131larak bir ilki ba\u015faran Halet \u00c7ambel ve Suat Fetgeri A\u015feni&#8217;nin a\u00e7t\u0131\u011f\u0131 yoldan giderek T\u00fcrk sporunun gururu olmaya devam ediyor.<\/p>\n<p class=\"selectionShareable\">Judocu H\u00fclya \u015eenyurt, 1990&#8217;daki Avrupa ikincili\u011fi ve 1991&#8217;deki Avrupa gen\u00e7ler \u015fampiyonlu\u011fu sonras\u0131 olimpiyatlarda da madalya alarak tarihe ge\u00e7ti.<\/p>\n<p class=\"selectionShareable\">Hen\u00fcz 19 ya\u015f\u0131ndayken Barcelona 1992 Olimpiyatlar\u0131&#8217;na kat\u0131lan H\u00fclya \u015eenyurt, 48 kiloda elde etti\u011fi \u00fc\u00e7\u00fcnc\u00fcl\u00fckle olimpiyatlarda madalya kazanan ilk T\u00fcrk kad\u0131n sporcu olmay\u0131 ba\u015fard\u0131.<\/p>\n<h3>Olimpiyat \u015fampiyonlar\u0131<\/h3>\n<p class=\"selectionShareable\">Olimpiyatlarda \u015fu ana kadar 2 T\u00fcrk kad\u0131n sporcu alt\u0131n madalyaya ula\u015ft\u0131.<\/p>\n<p class=\"selectionShareable\">Kad\u0131nlarda ilk olimpiyat alt\u0131n madalyas\u0131n\u0131 Atina 2004 Olimpiyatlar\u0131&#8217;nda halterde Nurcan Taylan&#8217;la alan T\u00fcrkiye, 17 y\u0131l sonra milli boks\u00f6r Busenaz S\u00fcrmeneli ile bir kez daha \u015fampiyonluk sevinci ya\u015fad\u0131.<\/p>\n<p class=\"selectionShareable\">Nurcan Taylan, Atina 2004&#8217;te Halil Mutlu ve Taner Sa\u011f\u0131r ile halterde alt\u0131n madalya kazanan T\u00fcrk sporcular aras\u0131nda yer ald\u0131.<\/p>\n<p class=\"selectionShareable\">Milli boks\u00f6r Busenaz S\u00fcrmeneli de yeni tip koronavir\u00fcs salg\u0131n\u0131 nedeniyle 2021 y\u0131l\u0131nda d\u00fczenlenen Tokyo Olimpiyatlar\u0131&#8217;nda alt\u0131n madalya elde ederek \u00f6nemli bir ba\u015far\u0131ya ula\u015ft\u0131. T\u00fcrkiye, b\u00f6ylece boksta olimpiyat tarihindeki ilk alt\u0131n madalyas\u0131n\u0131 Busenaz S\u00fcrmeneli ile kazand\u0131.<\/p>\n<p class=\"selectionShareable\">\u00d6te yandan milli sporculardan Neslihan Yi\u011fit Ar\u0131n badminton, \u00c7a\u011fla B\u00fcy\u00fckak\u00e7ay tenis, \u0130lke \u00d6zy\u00fcksel modern pentatlon, G\u00f6ksu \u00dc\u00e7ta\u015f \u015eanl\u0131 ise cimnastik bran\u015f\u0131nda olimpiyatlarda T\u00fcrkiye&#8217;yi temsil eden ilk sporcu oldu.<\/p>\n<h3>Kad\u0131n voleybolculardan Avrupa \u015fampiyonlu\u011fu ve d\u00fcnya ikincili\u011fi<\/h3>\n<p class=\"selectionShareable\">A Milli Kad\u0131n Voleybol Tak\u0131m\u0131, 2023 FIVB Milletler Ligi&#8217;nde \u015fampiyon olarak tarih yazd\u0131. Ay-y\u0131ld\u0131zl\u0131lar, finalde \u00c7in&#8217;i 3-1 yenerek organizasyon tarihinde ilk kez \u015fampiyonlu\u011fa ula\u015ft\u0131. Milli tak\u0131m, ayn\u0131 zamanda d\u00fcnya s\u0131ralamas\u0131nda ilk kez birinci s\u0131raya y\u00fckselme ba\u015far\u0131s\u0131 g\u00f6sterdi.<\/p>\n<p class=\"selectionShareable\">T\u00fcrkiye&#8217;nin ev sahibi \u00fclkeler aras\u0131nda yer ald\u0131\u011f\u0131 2019 Avrupa Kad\u0131nlar Voleybol \u015eampiyonas\u0131&#8217;nda finalde S\u0131rbistan&#8217;a yenilen milliler, 2023&#8217;te rakibinden r\u00f6van\u015f\u0131 ald\u0131.<\/p>\n<p class=\"selectionShareable\">Finalde S\u0131rbistan&#8217;\u0131 bu kez 3-2 ma\u011flup eden milliler, tarihinde ilk kez Avrupa \u015fampiyonu oldu.<\/p>\n<p class=\"selectionShareable\">A Milli Kad\u0131n Voleybol Tak\u0131m\u0131, Tayland&#8217;da d\u00fczenlenen 2025 D\u00fcnya \u015eampiyonas\u0131&#8217;nda ikinci olarak organizasyon tarihindeki en iyi sonucunu elde etti.<\/p>\n<p class=\"selectionShareable\">E Grubu&#8217;nu 3&#8217;te 3 yaparak nama\u011flup lider bitiren ay-y\u0131ld\u0131zl\u0131lar, son 16 turunda Slovenya, \u00e7eyrek finalde ABD ve yar\u0131 finalde Japonya&#8217;y\u0131 ge\u00e7erek finale y\u00fckseldi.<\/p>\n<p class=\"selectionShareable\">Organizasyon tarihinde ilk kez madalya ma\u00e7\u0131na \u00e7\u0131kan A Milli Tak\u0131m, karar setine giden final ma\u00e7\u0131nda \u0130talya&#8217;ya 3-2 yenilerek d\u00fcnya ikincisi oldu. A Milli Kad\u0131n Voleybol Tak\u0131m\u0131, d\u00fcnya \u015fampiyonlu\u011funu k\u0131l pay\u0131 ka\u00e7\u0131rsa da tarihinde ilk kez g\u00fcm\u00fc\u015f madalya alarak \u00f6nemli bir ba\u015far\u0131ya imza att\u0131.<\/p>\n<h3>&#8220;\u0130lklerin kad\u0131n\u0131&#8221; Yasemin Adar Yi\u011fit<\/h3>\n<p class=\"selectionShareable\">D\u00fcnya ve Avrupa \u015fampiyonu Yasemin Adar Yi\u011fit, sporculuk kariyerinde elde etti\u011fi ba\u015far\u0131larla T\u00fcrk g\u00fcre\u015f tarihine ge\u00e7ti.<\/p>\n<p class=\"selectionShareable\">Ba\u015far\u0131lar\u0131yla kad\u0131n g\u00fcre\u015finin sembol\u00fc haline gelen Yasemin, T\u00fcrkiye&#8217;ye ad\u0131n\u0131 2016&#8217;da Letonya&#8217;n\u0131n ba\u015fkenti Riga&#8217;da d\u00fczenlenen Avrupa \u015eampiyonas\u0131&#8217;nda duyurdu. Avrupa \u015fampiyonlu\u011funa ula\u015fan milli g\u00fcre\u015f\u00e7i, organizasyon tarihinde T\u00fcrkiye&#8217;ye kad\u0131nlarda ilk alt\u0131n madalyas\u0131n\u0131 kazand\u0131rd\u0131.<\/p>\n<p class=\"selectionShareable\">T\u00fcrk g\u00fcre\u015finde &#8220;erkek hegemonyas\u0131n\u0131n&#8221; sona ermesine \u00f6nc\u00fcl\u00fck ederek yeni sayfa a\u00e7an Yasemin, bu \u015fampiyonlukla da yetinmedi ve 7 kez ad\u0131n\u0131 Avrupa&#8217;n\u0131n zirvesine yazd\u0131rd\u0131.<\/p>\n<p class=\"selectionShareable\">&#8220;\u0130lklerin kad\u0131n\u0131&#8221; Yasemin, Avrupa&#8217;n\u0131n yan\u0131 s\u0131ra d\u00fcnyan\u0131n da zirvesine \u00e7\u0131kmay\u0131 ba\u015fard\u0131. Yasemin, Fransa&#8217;n\u0131n ba\u015fkenti Paris&#8217;te 2017&#8217;de ger\u00e7ekle\u015ftirilen D\u00fcnya \u015eampiyonas\u0131&#8217;nda alt\u0131n madalya kazanarak bir ilke daha imza att\u0131.<\/p>\n<p class=\"selectionShareable\">Tokyo Olimpiyatlar\u0131&#8217;nda s\u0131kletinde \u00fc\u00e7\u00fcnc\u00fc olarak kad\u0131n g\u00fcre\u015finde T\u00fcrkiye&#8217;ye ilk madalyay\u0131 getiren Yasemin, 2022 y\u0131l\u0131nda S\u0131rbistan&#8217;\u0131n ba\u015fkenti Belgrad&#8217;da ikinci d\u00fcnya \u015fampiyonlu\u011funa ula\u015ft\u0131.<\/p>\n<p class=\"selectionShareable\">2025 Avrupa G\u00fcre\u015f \u015eampiyonas\u0131&#8217;nda kad\u0131nlar 76 kiloda g\u00fcm\u00fc\u015f madalya ald\u0131\u011f\u0131 m\u00fcsabakan\u0131n ard\u0131ndan aktif sporculuk hayat\u0131n\u0131 noktalayan Yasemin Adar Yi\u011fit, daha sonra Spor Hizmetleri Genel M\u00fcd\u00fcr Yard\u0131mc\u0131l\u0131\u011f\u0131 g\u00f6revine getirildi.<\/p>\n<h3>\u00dcst \u00fcste iki olimpiyattan madalyayla d\u00f6nd\u00fcler<\/h3>\n<p class=\"selectionShareable\">Nur Tatar ve Buse Naz \u00c7ak\u0131ro\u011flu, iki ayr\u0131 olimpiyatta madalya kazanma ba\u015far\u0131s\u0131 g\u00f6sterdi.<\/p>\n<p class=\"selectionShareable\">D\u00fcnya ve Avrupa \u015fampiyonlu\u011fu ya\u015fayan Nur Tatar, tekvando bran\u015f\u0131nda Londra 2012&#8217;de g\u00fcm\u00fc\u015f, Rio 2016&#8217;da bronz madalya ald\u0131.<\/p>\n<p class=\"selectionShareable\">Milli boks\u00f6r Buse Naz \u00c7ak\u0131ro\u011flu ise Tokyo 2020 ve Paris 2024&#8217;ten g\u00fcm\u00fc\u015f madalyayla d\u00f6nd\u00fc.<\/p>\n<p class=\"selectionShareable\">Aktif tekvando kariyerini sonland\u0131ran \u0130rem Yaman ise iki kez d\u00fcnya \u015fampiyonlu\u011funa ula\u015fan ilk T\u00fcrk kad\u0131n tekvandocu olmay\u0131 ba\u015fard\u0131.<\/p>\n<h3>Kad\u0131n tekvandocular d\u00fcnyan\u0131n zirvesinde<\/h3>\n<p class=\"selectionShareable\">\u00c7in&#8217;in Wuxi kentinde d\u00fczenlenen 2025 D\u00fcnya Tekvando \u015eampiyonas\u0131&#8217;nda 3 alt\u0131n, 2 g\u00fcm\u00fc\u015f ve 1 bronz olmak \u00fczere 6 madalya kazanan T\u00fcrkiye, organizasyon tarihindeki en iyi sonucuna imza att\u0131.<\/p>\n<p class=\"selectionShareable\">Madalya s\u0131ralamas\u0131nda G\u00fcney Kore&#8217;nin \u00f6n\u00fcnde zirvede yer alan T\u00fcrkiye, kad\u0131nlarda tak\u0131m halinde d\u00fcnya \u015fampiyonlu\u011funa ula\u015ft\u0131.<\/p>\n<p class=\"selectionShareable\">\u015eampiyonada kad\u0131nlar 46 kiloda Emine G\u00f6\u011febakan, 53 kiloda Merve Din\u00e7el Kavurat ve +73 kiloda Nafia Ku\u015f Ayd\u0131n alt\u0131n madalyaya uzand\u0131. Merve ve Nafia, kariyerlerinde ikinci kez d\u00fcnya \u015fampiyonlu\u011fu sevinci ya\u015fad\u0131.<\/p>\n<h3>At\u0131c\u0131l\u0131kta T\u00fcrkiye&#8217;nin ilk olimpiyat madalyas\u0131<\/h3>\n<p class=\"selectionShareable\">T\u00fcrkiye, olimpiyat tarihinde at\u0131c\u0131l\u0131ktaki ilk madalyas\u0131n\u0131 Paris 2024 Olimpiyatlar\u0131&#8217;nda elde etti.<\/p>\n<p class=\"selectionShareable\">Oyunlarda \u015eevval \u0130layda Tarhan ile Yusuf Dike\u00e7, 10 metre haval\u0131 tabanca kar\u0131\u015f\u0131k tak\u0131m kategorisinde g\u00fcm\u00fc\u015f madalya alarak T\u00fcrk spor tarihine ge\u00e7ti.<\/p>\n<p class=\"selectionShareable\">\u015eevval \u0130layda, H\u0131rvatistan&#8217;da ge\u00e7en y\u0131l yap\u0131lan Avrupa \u015eampiyonas\u0131&#8217;nda 3 alt\u0131n ve 2 bronz madalya alarak t\u00fcm kategorilerde madalya k\u00fcrs\u00fcs\u00fcne \u00e7\u0131kt\u0131. Milli at\u0131c\u0131 b\u00f6ylece Avrupa \u015eampiyonas\u0131&#8217;nda bir organizasyonda 5 madalya kazanan ilk T\u00fcrk kad\u0131n sporcu \u00fcnvan\u0131n\u0131 elde etti.<\/p>\n<h3>Para y\u00fcz\u00fcc\u00fc Defne Kurt, D\u00fcnya \u015eampiyonas\u0131&#8217;na damga vurdu<\/h3>\n<p class=\"selectionShareable\">Milli sporcu Defne Kurt, Singapur&#8217;daki 2025 D\u00fcnya Para Y\u00fczme \u015eampiyonas\u0131&#8217;n\u0131 5 alt\u0131n madalyayla tamamlayarak tarihi bir ba\u015far\u0131ya imza att\u0131.<\/p>\n<p class=\"selectionShareable\">Paralimpik y\u00fcz\u00fcc\u00fc, 50 metre ve 100 metre serbest stil, 100 metre kelebek, 200 metre bireysel kar\u0131\u015f\u0131k ile 100 metre s\u0131rt\u00fcst\u00fc kategorilerinde d\u00fcnya \u015fampiyonlu\u011funa ula\u015ft\u0131.<\/p>\n<p class=\"selectionShareable\">\u015eampiyona ve Avrupa rekorlar\u0131 da k\u0131ran Defne, 7 g\u00fcnde kazand\u0131\u011f\u0131 5 alt\u0131n madalyayla T\u00fcrk spor tarihinde bir ilke imza att\u0131.<\/p>\n<h3>Zeynep S\u00f6nmez, Avustralya A\u00e7\u0131k&#8217;ta da ad\u0131ndan s\u00f6z ettirdi<\/h3>\n<p class=\"selectionShareable\">Milli tenis\u00e7i Zeynep S\u00f6nmez, Avustralya A\u00e7\u0131k&#8217;ta 3. tura y\u00fckselme ba\u015far\u0131s\u0131n\u0131 g\u00f6steren ilk T\u00fcrk sporcu oldu.<\/p>\n<p class=\"selectionShareable\">Sezonun ilk grand slam tenis turnuvas\u0131nda elemelerden gelerek ad\u0131n\u0131 ana tabloya yazd\u0131ran Zeynep, ilk turda 11 numaral\u0131 seriba\u015f\u0131 Rus Ekaterina Alexandrova&#8217;y\u0131 2-1, ikinci turda da Macar Anna Bondar&#8217;\u0131 2-0 yenerek ad\u0131n\u0131 3. tura yazd\u0131rd\u0131.<\/p>\n<p class=\"selectionShareable\">Zeynep, son 16&#8217;ya kalma m\u00fccadelesinde Kazakistan&#8217;dan Yulia Putintseva&#8217;ya 2-1 yenilse de organizasyondaki performans\u0131yla alk\u0131\u015f ald\u0131.<\/p>\n<p class=\"selectionShareable\">Bir sezonda 4 b\u00fcy\u00fck turnuvada ana tabloda yer alan ilk T\u00fcrk kad\u0131n tenis\u00e7i \u00fcnvan\u0131n\u0131n sahibi Zeynep, ge\u00e7en y\u0131l Wimbledon Tenis Turnuvas\u0131&#8217;nda da 3. turda m\u00fccadele etti.<\/p>\n<p class=\"selectionShareable\">Zeynep S\u00f6nmez, Wimbledon&#8217;daki performans\u0131yla a\u00e7\u0131k d\u00f6nemdeki bir grand slam turnuvas\u0131nda teklerde 3. tura y\u00fckselen ilk T\u00fcrk tenis\u00e7i oldu.<\/p>\n<h3>Engel tan\u0131mad\u0131lar<\/h3>\n<p class=\"selectionShareable\">Gizem Giri\u015fmen, Pekin 2008 Paralimpik Oyunlar\u0131&#8217;nda ok\u00e7uluk bran\u015f\u0131nda ald\u0131\u011f\u0131 alt\u0131n madalyayla T\u00fcrk spor tarihine ge\u00e7ti. Giri\u015fmen, bu ba\u015far\u0131s\u0131yla paralimpik oyunlar tarihinde alt\u0131n madalya alan ilk T\u00fcrk kad\u0131n sporcu oldu.<\/p>\n<p class=\"selectionShareable\">Giri\u015fmen&#8217;den sonra T\u00fcrkiye bu bran\u015fta paralimpik oyunlar\u0131 \u015fampiyonlu\u011funa 16 y\u0131l sonra Paris 2024 Paralimpik Oyunlar\u0131&#8217;nda \u00d6znur C\u00fcre Girdi ile ula\u015ft\u0131. Milli ok\u00e7u, 2025 D\u00fcnya Para Ok\u00e7uluk \u015eampiyonas\u0131&#8217;nda yar\u0131\u015ft\u0131\u011f\u0131 \u00fc\u00e7 kategoride de madalya (1 alt\u0131n, 2 g\u00fcm\u00fc\u015f) kazanma ba\u015far\u0131s\u0131 g\u00f6sterdi.<\/p>\n<p class=\"selectionShareable\">Finlandiya&#8217;da d\u00fczenlenen 2025 IBSA Avrupa \u015eampiyonas\u0131&#8217;nda T\u00fcrkiye, erkekler ve kad\u0131nlarda \u015fampiyonluk sevinci ya\u015fad\u0131.<\/p>\n<p class=\"selectionShareable\">Finalde Kad\u0131n Golbol Milli Tak\u0131m\u0131 \u0130srail&#8217;i, Erkek Golbol Milli Tak\u0131m\u0131 da Ukrayna&#8217;y\u0131 yenerek \u015fampiyonluk kupas\u0131n\u0131 kazand\u0131.<\/p>\n<p class=\"selectionShareable\">T\u00fcrkiye b\u00f6ylece IBSA Avrupa \u015eampiyonas\u0131&#8217;ndan 10 y\u0131l sonra \u00e7ifte zaferle ayr\u0131ld\u0131.<\/p>\n<p class=\"selectionShareable\">Kad\u0131n Golbol Milli Tak\u0131m\u0131 ayr\u0131ca Rio 2016, Tokyo 2020 ve Paris 2024 olmak \u00fczere \u00fcst \u00fcste 3 kez paralimpik \u015fampiyonu olarak tarihi ba\u015far\u0131ya imza att\u0131.<\/p>\n<p class=\"selectionShareable\">D\u00fcnya Para Atletizm \u015eampiyonas\u0131&#8217;nda milli sporcular Aysel \u00d6nder ve Muhammet Khalvandi, d\u00fcnya rekoru k\u0131rarak alt\u0131n madalya ald\u0131.<\/p>\n<p class=\"selectionShareable\">Hindistan&#8217;da ge\u00e7en y\u0131l ger\u00e7ekle\u015ftirilen D\u00fcnya Para Atletizm \u015eampiyonas\u0131&#8217;nda kad\u0131nlar 400 metre T20 finalinde yar\u0131\u015fan \u00f6zel sporcu Aysel \u00d6nder, 54.51&#8217;lik derecesiyle d\u00fcnya rekoru k\u0131rarak madalya k\u00fcrs\u00fcs\u00fcn\u00fcn zirvesine \u00e7\u0131kt\u0131. T\u00fcrkiye&#8217;nin ilk paralimpik madalyal\u0131 \u00f6zel sporcusu Aysel \u00d6nder, ba\u015far\u0131lar\u0131na bir yenisini daha ekledi.<\/p>\n<p class=\"selectionShareable\">Paralimpik y\u00fcz\u00fcc\u00fcler S\u00fcmeyye Boyac\u0131 ve Sevilay \u00d6zt\u00fcrk de d\u00fcnya ve Avrupa \u015fampiyonalar\u0131nda kazand\u0131klar\u0131 madalyalarla adlar\u0131ndan s\u00f6z ettirdi.<\/p>\n<p>Tarihe ge\u00e7en T\u00fcrk kad\u0131n sporcular yaz\u0131s\u0131 ilk \u00f6nce K\u0131br\u0131s Hakikat \u00fczerinde ortaya \u00e7\u0131kt\u0131.<\/p>\n","protected":false},"excerpt":{"rendered":"<p>Kad\u0131n sporcular, Berlin 1936 Olimpiyatlar\u0131&#8217;na kat\u0131larak bir ilki ba\u015faran Halet \u00c7ambel ve Suat Fetgeri A\u015feni&#8217;nin a\u00e7t\u0131\u011f\u0131 yoldan giderek T\u00fcrk sporunun gururu olmaya devam ediyor. Judocu H\u00fclya \u015eenyurt, 1990&#8217;daki Avrupa ikincili\u011fi ve 1991&#8217;deki Avrupa gen\u00e7ler \u015fampiyonlu\u011fu sonras\u0131 olimpiyatlarda da madalya alarak tarihe ge\u00e7ti. Hen\u00fcz 19 ya\u015f\u0131ndayken Barcelona 1992 Olimpiyatlar\u0131&#8217;na kat\u0131lan H\u00fclya \u015eenyurt, 48 kiloda elde etti\u011fi [&hellip;]<\/p>\n","protected":false},"author":1,"featured_media":35066,"comment_status":"open","ping_status":"open","sticky":false,"template":"","format":"standard","meta":{"jnews-multi-image_gallery":[],"jnews_single_post":[],"jnews_primary_category":[],"footnotes":""},"categories":[1],"tags":[],"class_list":["post-35065","post","type-post","status-publish","format-standard","has-post-thumbnail","hentry","category-kibris"],"yoast_head":"<!-- This site is optimized with the Yoast SEO plugin v27.5 - https:\/\/yoast.com\/product\/yoast-seo-wordpress\/ -->\n<title>Tarihe ge\u00e7en T\u00fcrk kad\u0131n sporcular - Haber Kuzey<\/title>\n<meta name=\"robots\" content=\"index, follow, max-snippet:-1, max-image-preview:large, max-video-preview:-1\" \/>\n<link rel=\"canonical\" href=\"https:\/\/haberkuzey.com\/index.php\/2026\/03\/07\/tarihe-gecen-turk-kadin-sporcular\/\" \/>\n<meta property=\"og:locale\" content=\"tr_TR\" \/>\n<meta property=\"og:type\" content=\"article\" \/>\n<meta property=\"og:title\" content=\"Tarihe ge\u00e7en T\u00fcrk kad\u0131n sporcular - Haber Kuzey\" \/>\n<meta property=\"og:description\" content=\"Kad\u0131n sporcular, Berlin 1936 Olimpiyatlar\u0131&#8217;na kat\u0131larak bir ilki ba\u015faran Halet \u00c7ambel ve Suat Fetgeri A\u015feni&#8217;nin a\u00e7t\u0131\u011f\u0131 yoldan giderek T\u00fcrk sporunun gururu olmaya devam ediyor. Judocu H\u00fclya \u015eenyurt, 1990&#8217;daki Avrupa ikincili\u011fi ve 1991&#8217;deki Avrupa gen\u00e7ler \u015fampiyonlu\u011fu sonras\u0131 olimpiyatlarda da madalya alarak tarihe ge\u00e7ti. Hen\u00fcz 19 ya\u015f\u0131ndayken Barcelona 1992 Olimpiyatlar\u0131&#8217;na kat\u0131lan H\u00fclya \u015eenyurt, 48 kiloda elde etti\u011fi [&hellip;]\" \/>\n<meta property=\"og:url\" content=\"https:\/\/haberkuzey.com\/index.php\/2026\/03\/07\/tarihe-gecen-turk-kadin-sporcular\/\" \/>\n<meta property=\"og:site_name\" content=\"Haber Kuzey\" \/>\n<meta property=\"article:published_time\" content=\"2026-03-07T13:17:49+00:00\" \/>\n<meta name=\"author\" content=\"haberkuzey\" \/>\n<meta name=\"twitter:card\" content=\"summary_large_image\" \/>\n<meta name=\"twitter:label1\" content=\"Yazan:\" \/>\n\t<meta name=\"twitter:data1\" content=\"haberkuzey\" \/>\n\t<meta name=\"twitter:label2\" content=\"Tahmini okuma s\u00fcresi\" \/>\n\t<meta name=\"twitter:data2\" content=\"8 dakika\" \/>\n<script type=\"application\/ld+json\" class=\"yoast-schema-graph\">{\"@context\":\"https:\\\/\\\/schema.org\",\"@graph\":[{\"@type\":\"Article\",\"@id\":\"https:\\\/\\\/haberkuzey.com\\\/index.php\\\/2026\\\/03\\\/07\\\/tarihe-gecen-turk-kadin-sporcular\\\/#article\",\"isPartOf\":{\"@id\":\"https:\\\/\\\/haberkuzey.com\\\/index.php\\\/2026\\\/03\\\/07\\\/tarihe-gecen-turk-kadin-sporcular\\\/\"},\"author\":{\"name\":\"haberkuzey\",\"@id\":\"https:\\\/\\\/haberkuzey.com\\\/#\\\/schema\\\/person\\\/3372109ec735f9333f4fa47ebb9605ca\"},\"headline\":\"Tarihe ge\u00e7en T\u00fcrk kad\u0131n sporcular\",\"datePublished\":\"2026-03-07T13:17:49+00:00\",\"mainEntityOfPage\":{\"@id\":\"https:\\\/\\\/haberkuzey.com\\\/index.php\\\/2026\\\/03\\\/07\\\/tarihe-gecen-turk-kadin-sporcular\\\/\"},\"wordCount\":1551,\"commentCount\":0,\"image\":{\"@id\":\"https:\\\/\\\/haberkuzey.com\\\/index.php\\\/2026\\\/03\\\/07\\\/tarihe-gecen-turk-kadin-sporcular\\\/#primaryimage\"},\"thumbnailUrl\":\"https:\\\/\\\/haberkuzey.com\\\/wp-content\\\/uploads\\\/2026\\\/03\\\/thumbs_b_c_77b4a8c5598cb6ef331263267e587843.jpg\",\"articleSection\":[\"K\u0131br\u0131s\"],\"inLanguage\":\"tr\",\"potentialAction\":[{\"@type\":\"CommentAction\",\"name\":\"Comment\",\"target\":[\"https:\\\/\\\/haberkuzey.com\\\/index.php\\\/2026\\\/03\\\/07\\\/tarihe-gecen-turk-kadin-sporcular\\\/#respond\"]}]},{\"@type\":\"WebPage\",\"@id\":\"https:\\\/\\\/haberkuzey.com\\\/index.php\\\/2026\\\/03\\\/07\\\/tarihe-gecen-turk-kadin-sporcular\\\/\",\"url\":\"https:\\\/\\\/haberkuzey.com\\\/index.php\\\/2026\\\/03\\\/07\\\/tarihe-gecen-turk-kadin-sporcular\\\/\",\"name\":\"Tarihe ge\u00e7en T\u00fcrk kad\u0131n sporcular - Haber Kuzey\",\"isPartOf\":{\"@id\":\"https:\\\/\\\/haberkuzey.com\\\/#website\"},\"primaryImageOfPage\":{\"@id\":\"https:\\\/\\\/haberkuzey.com\\\/index.php\\\/2026\\\/03\\\/07\\\/tarihe-gecen-turk-kadin-sporcular\\\/#primaryimage\"},\"image\":{\"@id\":\"https:\\\/\\\/haberkuzey.com\\\/index.php\\\/2026\\\/03\\\/07\\\/tarihe-gecen-turk-kadin-sporcular\\\/#primaryimage\"},\"thumbnailUrl\":\"https:\\\/\\\/haberkuzey.com\\\/wp-content\\\/uploads\\\/2026\\\/03\\\/thumbs_b_c_77b4a8c5598cb6ef331263267e587843.jpg\",\"datePublished\":\"2026-03-07T13:17:49+00:00\",\"author\":{\"@id\":\"https:\\\/\\\/haberkuzey.com\\\/#\\\/schema\\\/person\\\/3372109ec735f9333f4fa47ebb9605ca\"},\"breadcrumb\":{\"@id\":\"https:\\\/\\\/haberkuzey.com\\\/index.php\\\/2026\\\/03\\\/07\\\/tarihe-gecen-turk-kadin-sporcular\\\/#breadcrumb\"},\"inLanguage\":\"tr\",\"potentialAction\":[{\"@type\":\"ReadAction\",\"target\":[\"https:\\\/\\\/haberkuzey.com\\\/index.php\\\/2026\\\/03\\\/07\\\/tarihe-gecen-turk-kadin-sporcular\\\/\"]}]},{\"@type\":\"ImageObject\",\"inLanguage\":\"tr\",\"@id\":\"https:\\\/\\\/haberkuzey.com\\\/index.php\\\/2026\\\/03\\\/07\\\/tarihe-gecen-turk-kadin-sporcular\\\/#primaryimage\",\"url\":\"https:\\\/\\\/haberkuzey.com\\\/wp-content\\\/uploads\\\/2026\\\/03\\\/thumbs_b_c_77b4a8c5598cb6ef331263267e587843.jpg\",\"contentUrl\":\"https:\\\/\\\/haberkuzey.com\\\/wp-content\\\/uploads\\\/2026\\\/03\\\/thumbs_b_c_77b4a8c5598cb6ef331263267e587843.jpg\",\"width\":864,\"height\":486},{\"@type\":\"BreadcrumbList\",\"@id\":\"https:\\\/\\\/haberkuzey.com\\\/index.php\\\/2026\\\/03\\\/07\\\/tarihe-gecen-turk-kadin-sporcular\\\/#breadcrumb\",\"itemListElement\":[{\"@type\":\"ListItem\",\"position\":1,\"name\":\"Anasayfa\",\"item\":\"https:\\\/\\\/haberkuzey.com\\\/\"},{\"@type\":\"ListItem\",\"position\":2,\"name\":\"Tarihe ge\u00e7en T\u00fcrk kad\u0131n sporcular\"}]},{\"@type\":\"WebSite\",\"@id\":\"https:\\\/\\\/haberkuzey.com\\\/#website\",\"url\":\"https:\\\/\\\/haberkuzey.com\\\/\",\"name\":\"Haber Kuzey\",\"description\":\"Do\u011fru Haberin Adresi\",\"potentialAction\":[{\"@type\":\"SearchAction\",\"target\":{\"@type\":\"EntryPoint\",\"urlTemplate\":\"https:\\\/\\\/haberkuzey.com\\\/?s={search_term_string}\"},\"query-input\":{\"@type\":\"PropertyValueSpecification\",\"valueRequired\":true,\"valueName\":\"search_term_string\"}}],\"inLanguage\":\"tr\"},{\"@type\":\"Person\",\"@id\":\"https:\\\/\\\/haberkuzey.com\\\/#\\\/schema\\\/person\\\/3372109ec735f9333f4fa47ebb9605ca\",\"name\":\"haberkuzey\",\"image\":{\"@type\":\"ImageObject\",\"inLanguage\":\"tr\",\"@id\":\"https:\\\/\\\/secure.gravatar.com\\\/avatar\\\/f5fc875574b1575324358c3b9e6a32b8227aa5b74f3fa22e3cadb63e26fcc39c?s=96&d=mm&r=g\",\"url\":\"https:\\\/\\\/secure.gravatar.com\\\/avatar\\\/f5fc875574b1575324358c3b9e6a32b8227aa5b74f3fa22e3cadb63e26fcc39c?s=96&d=mm&r=g\",\"contentUrl\":\"https:\\\/\\\/secure.gravatar.com\\\/avatar\\\/f5fc875574b1575324358c3b9e6a32b8227aa5b74f3fa22e3cadb63e26fcc39c?s=96&d=mm&r=g\",\"caption\":\"haberkuzey\"},\"sameAs\":[\"https:\\\/\\\/haberkuzey.com\"],\"url\":\"https:\\\/\\\/haberkuzey.com\\\/index.php\\\/author\\\/haberkuzey\\\/\"}]}<\/script>\n<!-- \/ Yoast SEO plugin. -->","yoast_head_json":{"title":"Tarihe ge\u00e7en T\u00fcrk kad\u0131n sporcular - Haber Kuzey","robots":{"index":"index","follow":"follow","max-snippet":"max-snippet:-1","max-image-preview":"max-image-preview:large","max-video-preview":"max-video-preview:-1"},"canonical":"https:\/\/haberkuzey.com\/index.php\/2026\/03\/07\/tarihe-gecen-turk-kadin-sporcular\/","og_locale":"tr_TR","og_type":"article","og_title":"Tarihe ge\u00e7en T\u00fcrk kad\u0131n sporcular - Haber Kuzey","og_description":"Kad\u0131n sporcular, Berlin 1936 Olimpiyatlar\u0131&#8217;na kat\u0131larak bir ilki ba\u015faran Halet \u00c7ambel ve Suat Fetgeri A\u015feni&#8217;nin a\u00e7t\u0131\u011f\u0131 yoldan giderek T\u00fcrk sporunun gururu olmaya devam ediyor. Judocu H\u00fclya \u015eenyurt, 1990&#8217;daki Avrupa ikincili\u011fi ve 1991&#8217;deki Avrupa gen\u00e7ler \u015fampiyonlu\u011fu sonras\u0131 olimpiyatlarda da madalya alarak tarihe ge\u00e7ti. Hen\u00fcz 19 ya\u015f\u0131ndayken Barcelona 1992 Olimpiyatlar\u0131&#8217;na kat\u0131lan H\u00fclya \u015eenyurt, 48 kiloda elde etti\u011fi [&hellip;]","og_url":"https:\/\/haberkuzey.com\/index.php\/2026\/03\/07\/tarihe-gecen-turk-kadin-sporcular\/","og_site_name":"Haber Kuzey","article_published_time":"2026-03-07T13:17:49+00:00","author":"haberkuzey","twitter_card":"summary_large_image","twitter_misc":{"Yazan:":"haberkuzey","Tahmini okuma s\u00fcresi":"8 dakika"},"schema":{"@context":"https:\/\/schema.org","@graph":[{"@type":"Article","@id":"https:\/\/haberkuzey.com\/index.php\/2026\/03\/07\/tarihe-gecen-turk-kadin-sporcular\/#article","isPartOf":{"@id":"https:\/\/haberkuzey.com\/index.php\/2026\/03\/07\/tarihe-gecen-turk-kadin-sporcular\/"},"author":{"name":"haberkuzey","@id":"https:\/\/haberkuzey.com\/#\/schema\/person\/3372109ec735f9333f4fa47ebb9605ca"},"headline":"Tarihe ge\u00e7en T\u00fcrk kad\u0131n sporcular","datePublished":"2026-03-07T13:17:49+00:00","mainEntityOfPage":{"@id":"https:\/\/haberkuzey.com\/index.php\/2026\/03\/07\/tarihe-gecen-turk-kadin-sporcular\/"},"wordCount":1551,"commentCount":0,"image":{"@id":"https:\/\/haberkuzey.com\/index.php\/2026\/03\/07\/tarihe-gecen-turk-kadin-sporcular\/#primaryimage"},"thumbnailUrl":"https:\/\/haberkuzey.com\/wp-content\/uploads\/2026\/03\/thumbs_b_c_77b4a8c5598cb6ef331263267e587843.jpg","articleSection":["K\u0131br\u0131s"],"inLanguage":"tr","potentialAction":[{"@type":"CommentAction","name":"Comment","target":["https:\/\/haberkuzey.com\/index.php\/2026\/03\/07\/tarihe-gecen-turk-kadin-sporcular\/#respond"]}]},{"@type":"WebPage","@id":"https:\/\/haberkuzey.com\/index.php\/2026\/03\/07\/tarihe-gecen-turk-kadin-sporcular\/","url":"https:\/\/haberkuzey.com\/index.php\/2026\/03\/07\/tarihe-gecen-turk-kadin-sporcular\/","name":"Tarihe ge\u00e7en T\u00fcrk kad\u0131n sporcular - Haber Kuzey","isPartOf":{"@id":"https:\/\/haberkuzey.com\/#website"},"primaryImageOfPage":{"@id":"https:\/\/haberkuzey.com\/index.php\/2026\/03\/07\/tarihe-gecen-turk-kadin-sporcular\/#primaryimage"},"image":{"@id":"https:\/\/haberkuzey.com\/index.php\/2026\/03\/07\/tarihe-gecen-turk-kadin-sporcular\/#primaryimage"},"thumbnailUrl":"https:\/\/haberkuzey.com\/wp-content\/uploads\/2026\/03\/thumbs_b_c_77b4a8c5598cb6ef331263267e587843.jpg","datePublished":"2026-03-07T13:17:49+00:00","author":{"@id":"https:\/\/haberkuzey.com\/#\/schema\/person\/3372109ec735f9333f4fa47ebb9605ca"},"breadcrumb":{"@id":"https:\/\/haberkuzey.com\/index.php\/2026\/03\/07\/tarihe-gecen-turk-kadin-sporcular\/#breadcrumb"},"inLanguage":"tr","potentialAction":[{"@type":"ReadAction","target":["https:\/\/haberkuzey.com\/index.php\/2026\/03\/07\/tarihe-gecen-turk-kadin-sporcular\/"]}]},{"@type":"ImageObject","inLanguage":"tr","@id":"https:\/\/haberkuzey.com\/index.php\/2026\/03\/07\/tarihe-gecen-turk-kadin-sporcular\/#primaryimage","url":"https:\/\/haberkuzey.com\/wp-content\/uploads\/2026\/03\/thumbs_b_c_77b4a8c5598cb6ef331263267e587843.jpg","contentUrl":"https:\/\/haberkuzey.com\/wp-content\/uploads\/2026\/03\/thumbs_b_c_77b4a8c5598cb6ef331263267e587843.jpg","width":864,"height":486},{"@type":"BreadcrumbList","@id":"https:\/\/haberkuzey.com\/index.php\/2026\/03\/07\/tarihe-gecen-turk-kadin-sporcular\/#breadcrumb","itemListElement":[{"@type":"ListItem","position":1,"name":"Anasayfa","item":"https:\/\/haberkuzey.com\/"},{"@type":"ListItem","position":2,"name":"Tarihe ge\u00e7en T\u00fcrk kad\u0131n sporcular"}]},{"@type":"WebSite","@id":"https:\/\/haberkuzey.com\/#website","url":"https:\/\/haberkuzey.com\/","name":"Haber Kuzey","description":"Do\u011fru Haberin Adresi","potentialAction":[{"@type":"SearchAction","target":{"@type":"EntryPoint","urlTemplate":"https:\/\/haberkuzey.com\/?s={search_term_string}"},"query-input":{"@type":"PropertyValueSpecification","valueRequired":true,"valueName":"search_term_string"}}],"inLanguage":"tr"},{"@type":"Person","@id":"https:\/\/haberkuzey.com\/#\/schema\/person\/3372109ec735f9333f4fa47ebb9605ca","name":"haberkuzey","image":{"@type":"ImageObject","inLanguage":"tr","@id":"https:\/\/secure.gravatar.com\/avatar\/f5fc875574b1575324358c3b9e6a32b8227aa5b74f3fa22e3cadb63e26fcc39c?s=96&d=mm&r=g","url":"https:\/\/secure.gravatar.com\/avatar\/f5fc875574b1575324358c3b9e6a32b8227aa5b74f3fa22e3cadb63e26fcc39c?s=96&d=mm&r=g","contentUrl":"https:\/\/secure.gravatar.com\/avatar\/f5fc875574b1575324358c3b9e6a32b8227aa5b74f3fa22e3cadb63e26fcc39c?s=96&d=mm&r=g","caption":"haberkuzey"},"sameAs":["https:\/\/haberkuzey.com"],"url":"https:\/\/haberkuzey.com\/index.php\/author\/haberkuzey\/"}]}},"_links":{"self":[{"href":"https:\/\/haberkuzey.com\/index.php\/wp-json\/wp\/v2\/posts\/35065","targetHints":{"allow":["GET"]}}],"collection":[{"href":"https:\/\/haberkuzey.com\/index.php\/wp-json\/wp\/v2\/posts"}],"about":[{"href":"https:\/\/haberkuzey.com\/index.php\/wp-json\/wp\/v2\/types\/post"}],"author":[{"embeddable":true,"href":"https:\/\/haberkuzey.com\/index.php\/wp-json\/wp\/v2\/users\/1"}],"replies":[{"embeddable":true,"href":"https:\/\/haberkuzey.com\/index.php\/wp-json\/wp\/v2\/comments?post=35065"}],"version-history":[{"count":0,"href":"https:\/\/haberkuzey.com\/index.php\/wp-json\/wp\/v2\/posts\/35065\/revisions"}],"wp:featuredmedia":[{"embeddable":true,"href":"https:\/\/haberkuzey.com\/index.php\/wp-json\/wp\/v2\/media\/35066"}],"wp:attachment":[{"href":"https:\/\/haberkuzey.com\/index.php\/wp-json\/wp\/v2\/media?parent=35065"}],"wp:term":[{"taxonomy":"category","embeddable":true,"href":"https:\/\/haberkuzey.com\/index.php\/wp-json\/wp\/v2\/categories?post=35065"},{"taxonomy":"post_tag","embeddable":true,"href":"https:\/\/haberkuzey.com\/index.php\/wp-json\/wp\/v2\/tags?post=35065"}],"curies":[{"name":"wp","href":"https:\/\/api.w.org\/{rel}","templated":true}]}}