{"id":35063,"date":"2026-03-07T15:12:02","date_gmt":"2026-03-07T13:12:02","guid":{"rendered":"https:\/\/haberkuzey.com\/index.php\/2026\/03\/07\/cok-uluslu-ogrenciler-ve-akademisyenler-hakli-bir-tedirginlik-yasiyor-ama-tum-birimlerimiz-gorev-basinda\/"},"modified":"2026-03-07T15:12:02","modified_gmt":"2026-03-07T13:12:02","slug":"cok-uluslu-ogrenciler-ve-akademisyenler-hakli-bir-tedirginlik-yasiyor-ama-tum-birimlerimiz-gorev-basinda","status":"publish","type":"post","link":"https:\/\/haberkuzey.com\/index.php\/2026\/03\/07\/cok-uluslu-ogrenciler-ve-akademisyenler-hakli-bir-tedirginlik-yasiyor-ama-tum-birimlerimiz-gorev-basinda\/","title":{"rendered":"\u00c7ok uluslu \u00f6\u011frenciler ve akademisyenler hakl\u0131 bir tedirginlik ya\u015f\u0131yor ama t\u00fcm birimlerimiz g\u00f6rev ba\u015f\u0131nda"},"content":{"rendered":"<p style=\"font-weight: 300\"><span style=\"font-weight: 300 !important\">GA\u00dc\u2019den verilen bilgiye g\u00f6re\u00a0 Akp\u0131nar yaz\u0131l\u0131 a\u00e7\u0131klamas\u0131nda,\u00a0<\/span><span style=\"font-weight: 300 !important\">KKTC devletinin karar al\u0131c\u0131 t\u00fcm organlar\u0131, te\u015fkilatlar\u0131 ve Anavatan T\u00fcrkiye Cumhuriyeti ile tam bir e\u015fg\u00fcd\u00fcm ve sa\u011fduyu i\u00e7inde, istikrarl\u0131 ve esenli\u011fe dayal\u0131 kararlar \u00fcretilebilece\u011fini kaydetti.<\/span><\/p>\n<p style=\"font-weight: 300\"><span style=\"font-weight: 300 !important\">Akp\u0131nar, bu kararlarla halk\u0131n, \u00f6\u011frencilerin ve ailelerin g\u00fcvenlik endi\u015fesinin asgariye indirilebilece\u011fini, m\u00fcmk\u00fcn olan en huzurlu ortam\u0131n\u0131n olu\u015fturulabilece\u011fini s\u00f6yledi.<\/span><\/p>\n<p style=\"font-weight: 300\">GA\u00dc Rekt\u00f6rl\u00fc\u011f\u00fc\u2019n\u00fcn bu konuda duyuru da yapt\u0131\u011f\u0131n\u0131 belirten Serhat Akp\u0131nar,\u00a0<span style=\"font-weight: 300 !important\">\u00a0di\u011fer \u00fcniversitelerin de paralel d\u00fc\u015f\u00fcnce ve uygulamalar i\u00e7inde oldu\u011funa inan\u00e7 belirtti.<\/span><\/p>\n<p style=\"font-weight: 300\"><span style=\"font-weight: 300 !important\">Akp\u0131nar, \u201cY\u00fcksek\u00f6\u011fretim, \u00f6\u011frenciler, aileler ve payda\u015flar g\u00f6z bebe\u011fimizdir.\u201d dedi.<\/span><\/p>\n<p>\u00c7ok uluslu \u00f6\u011frenciler ve akademisyenler hakl\u0131 bir tedirginlik ya\u015f\u0131yor ama t\u00fcm birimlerimiz g\u00f6rev ba\u015f\u0131nda yaz\u0131s\u0131 ilk \u00f6nce K\u0131br\u0131s Hakikat \u00fczerinde ortaya \u00e7\u0131kt\u0131.<\/p>\n","protected":false},"excerpt":{"rendered":"<p>GA\u00dc\u2019den verilen bilgiye g\u00f6re\u00a0 Akp\u0131nar yaz\u0131l\u0131 a\u00e7\u0131klamas\u0131nda,\u00a0KKTC devletinin karar al\u0131c\u0131 t\u00fcm organlar\u0131, te\u015fkilatlar\u0131 ve Anavatan T\u00fcrkiye Cumhuriyeti ile tam bir e\u015fg\u00fcd\u00fcm ve sa\u011fduyu i\u00e7inde, istikrarl\u0131 ve esenli\u011fe dayal\u0131 kararlar \u00fcretilebilece\u011fini kaydetti. Akp\u0131nar, bu kararlarla halk\u0131n, \u00f6\u011frencilerin ve ailelerin g\u00fcvenlik endi\u015fesinin asgariye indirilebilece\u011fini, m\u00fcmk\u00fcn olan en huzurlu ortam\u0131n\u0131n olu\u015fturulabilece\u011fini s\u00f6yledi. GA\u00dc Rekt\u00f6rl\u00fc\u011f\u00fc\u2019n\u00fcn bu konuda duyuru da [&hellip;]<\/p>\n","protected":false},"author":1,"featured_media":35064,"comment_status":"open","ping_status":"open","sticky":false,"template":"","format":"standard","meta":{"jnews-multi-image_gallery":[],"jnews_single_post":[],"jnews_primary_category":[],"footnotes":""},"categories":[1],"tags":[],"class_list":["post-35063","post","type-post","status-publish","format-standard","has-post-thumbnail","hentry","category-kibris"],"yoast_head":"<!-- This site is optimized with the Yoast SEO plugin v27.5 - https:\/\/yoast.com\/product\/yoast-seo-wordpress\/ -->\n<title>\u00c7ok uluslu \u00f6\u011frenciler ve akademisyenler hakl\u0131 bir tedirginlik ya\u015f\u0131yor ama t\u00fcm birimlerimiz g\u00f6rev ba\u015f\u0131nda - Haber Kuzey<\/title>\n<meta name=\"robots\" content=\"index, follow, max-snippet:-1, max-image-preview:large, max-video-preview:-1\" \/>\n<link rel=\"canonical\" href=\"https:\/\/haberkuzey.com\/index.php\/2026\/03\/07\/cok-uluslu-ogrenciler-ve-akademisyenler-hakli-bir-tedirginlik-yasiyor-ama-tum-birimlerimiz-gorev-basinda\/\" \/>\n<meta property=\"og:locale\" content=\"tr_TR\" \/>\n<meta property=\"og:type\" content=\"article\" \/>\n<meta property=\"og:title\" content=\"\u00c7ok uluslu \u00f6\u011frenciler ve akademisyenler hakl\u0131 bir tedirginlik ya\u015f\u0131yor ama t\u00fcm birimlerimiz g\u00f6rev ba\u015f\u0131nda - Haber Kuzey\" \/>\n<meta property=\"og:description\" content=\"GA\u00dc\u2019den verilen bilgiye g\u00f6re\u00a0 Akp\u0131nar yaz\u0131l\u0131 a\u00e7\u0131klamas\u0131nda,\u00a0KKTC devletinin karar al\u0131c\u0131 t\u00fcm organlar\u0131, te\u015fkilatlar\u0131 ve Anavatan T\u00fcrkiye Cumhuriyeti ile tam bir e\u015fg\u00fcd\u00fcm ve sa\u011fduyu i\u00e7inde, istikrarl\u0131 ve esenli\u011fe dayal\u0131 kararlar \u00fcretilebilece\u011fini kaydetti. Akp\u0131nar, bu kararlarla halk\u0131n, \u00f6\u011frencilerin ve ailelerin g\u00fcvenlik endi\u015fesinin asgariye indirilebilece\u011fini, m\u00fcmk\u00fcn olan en huzurlu ortam\u0131n\u0131n olu\u015fturulabilece\u011fini s\u00f6yledi. GA\u00dc Rekt\u00f6rl\u00fc\u011f\u00fc\u2019n\u00fcn bu konuda duyuru da [&hellip;]\" \/>\n<meta property=\"og:url\" content=\"https:\/\/haberkuzey.com\/index.php\/2026\/03\/07\/cok-uluslu-ogrenciler-ve-akademisyenler-hakli-bir-tedirginlik-yasiyor-ama-tum-birimlerimiz-gorev-basinda\/\" \/>\n<meta property=\"og:site_name\" content=\"Haber Kuzey\" \/>\n<meta property=\"article:published_time\" content=\"2026-03-07T13:12:02+00:00\" \/>\n<meta name=\"author\" content=\"haberkuzey\" \/>\n<meta name=\"twitter:card\" content=\"summary_large_image\" \/>\n<meta name=\"twitter:label1\" content=\"Yazan:\" \/>\n\t<meta name=\"twitter:data1\" content=\"haberkuzey\" \/>\n\t<meta name=\"twitter:label2\" content=\"Tahmini okuma s\u00fcresi\" \/>\n\t<meta name=\"twitter:data2\" content=\"1 dakika\" \/>\n<script type=\"application\/ld+json\" class=\"yoast-schema-graph\">{\"@context\":\"https:\\\/\\\/schema.org\",\"@graph\":[{\"@type\":\"Article\",\"@id\":\"https:\\\/\\\/haberkuzey.com\\\/index.php\\\/2026\\\/03\\\/07\\\/cok-uluslu-ogrenciler-ve-akademisyenler-hakli-bir-tedirginlik-yasiyor-ama-tum-birimlerimiz-gorev-basinda\\\/#article\",\"isPartOf\":{\"@id\":\"https:\\\/\\\/haberkuzey.com\\\/index.php\\\/2026\\\/03\\\/07\\\/cok-uluslu-ogrenciler-ve-akademisyenler-hakli-bir-tedirginlik-yasiyor-ama-tum-birimlerimiz-gorev-basinda\\\/\"},\"author\":{\"name\":\"haberkuzey\",\"@id\":\"https:\\\/\\\/haberkuzey.com\\\/#\\\/schema\\\/person\\\/3372109ec735f9333f4fa47ebb9605ca\"},\"headline\":\"\u00c7ok uluslu \u00f6\u011frenciler ve akademisyenler hakl\u0131 bir tedirginlik ya\u015f\u0131yor ama t\u00fcm birimlerimiz g\u00f6rev ba\u015f\u0131nda\",\"datePublished\":\"2026-03-07T13:12:02+00:00\",\"mainEntityOfPage\":{\"@id\":\"https:\\\/\\\/haberkuzey.com\\\/index.php\\\/2026\\\/03\\\/07\\\/cok-uluslu-ogrenciler-ve-akademisyenler-hakli-bir-tedirginlik-yasiyor-ama-tum-birimlerimiz-gorev-basinda\\\/\"},\"wordCount\":171,\"commentCount\":0,\"image\":{\"@id\":\"https:\\\/\\\/haberkuzey.com\\\/index.php\\\/2026\\\/03\\\/07\\\/cok-uluslu-ogrenciler-ve-akademisyenler-hakli-bir-tedirginlik-yasiyor-ama-tum-birimlerimiz-gorev-basinda\\\/#primaryimage\"},\"thumbnailUrl\":\"https:\\\/\\\/haberkuzey.com\\\/wp-content\\\/uploads\\\/2026\\\/03\\\/1772883238116Serhat-Akpinar.png\",\"articleSection\":[\"K\u0131br\u0131s\"],\"inLanguage\":\"tr\",\"potentialAction\":[{\"@type\":\"CommentAction\",\"name\":\"Comment\",\"target\":[\"https:\\\/\\\/haberkuzey.com\\\/index.php\\\/2026\\\/03\\\/07\\\/cok-uluslu-ogrenciler-ve-akademisyenler-hakli-bir-tedirginlik-yasiyor-ama-tum-birimlerimiz-gorev-basinda\\\/#respond\"]}]},{\"@type\":\"WebPage\",\"@id\":\"https:\\\/\\\/haberkuzey.com\\\/index.php\\\/2026\\\/03\\\/07\\\/cok-uluslu-ogrenciler-ve-akademisyenler-hakli-bir-tedirginlik-yasiyor-ama-tum-birimlerimiz-gorev-basinda\\\/\",\"url\":\"https:\\\/\\\/haberkuzey.com\\\/index.php\\\/2026\\\/03\\\/07\\\/cok-uluslu-ogrenciler-ve-akademisyenler-hakli-bir-tedirginlik-yasiyor-ama-tum-birimlerimiz-gorev-basinda\\\/\",\"name\":\"\u00c7ok uluslu \u00f6\u011frenciler ve akademisyenler hakl\u0131 bir tedirginlik ya\u015f\u0131yor ama t\u00fcm birimlerimiz g\u00f6rev ba\u015f\u0131nda - Haber Kuzey\",\"isPartOf\":{\"@id\":\"https:\\\/\\\/haberkuzey.com\\\/#website\"},\"primaryImageOfPage\":{\"@id\":\"https:\\\/\\\/haberkuzey.com\\\/index.php\\\/2026\\\/03\\\/07\\\/cok-uluslu-ogrenciler-ve-akademisyenler-hakli-bir-tedirginlik-yasiyor-ama-tum-birimlerimiz-gorev-basinda\\\/#primaryimage\"},\"image\":{\"@id\":\"https:\\\/\\\/haberkuzey.com\\\/index.php\\\/2026\\\/03\\\/07\\\/cok-uluslu-ogrenciler-ve-akademisyenler-hakli-bir-tedirginlik-yasiyor-ama-tum-birimlerimiz-gorev-basinda\\\/#primaryimage\"},\"thumbnailUrl\":\"https:\\\/\\\/haberkuzey.com\\\/wp-content\\\/uploads\\\/2026\\\/03\\\/1772883238116Serhat-Akpinar.png\",\"datePublished\":\"2026-03-07T13:12:02+00:00\",\"author\":{\"@id\":\"https:\\\/\\\/haberkuzey.com\\\/#\\\/schema\\\/person\\\/3372109ec735f9333f4fa47ebb9605ca\"},\"breadcrumb\":{\"@id\":\"https:\\\/\\\/haberkuzey.com\\\/index.php\\\/2026\\\/03\\\/07\\\/cok-uluslu-ogrenciler-ve-akademisyenler-hakli-bir-tedirginlik-yasiyor-ama-tum-birimlerimiz-gorev-basinda\\\/#breadcrumb\"},\"inLanguage\":\"tr\",\"potentialAction\":[{\"@type\":\"ReadAction\",\"target\":[\"https:\\\/\\\/haberkuzey.com\\\/index.php\\\/2026\\\/03\\\/07\\\/cok-uluslu-ogrenciler-ve-akademisyenler-hakli-bir-tedirginlik-yasiyor-ama-tum-birimlerimiz-gorev-basinda\\\/\"]}]},{\"@type\":\"ImageObject\",\"inLanguage\":\"tr\",\"@id\":\"https:\\\/\\\/haberkuzey.com\\\/index.php\\\/2026\\\/03\\\/07\\\/cok-uluslu-ogrenciler-ve-akademisyenler-hakli-bir-tedirginlik-yasiyor-ama-tum-birimlerimiz-gorev-basinda\\\/#primaryimage\",\"url\":\"https:\\\/\\\/haberkuzey.com\\\/wp-content\\\/uploads\\\/2026\\\/03\\\/1772883238116Serhat-Akpinar.png\",\"contentUrl\":\"https:\\\/\\\/haberkuzey.com\\\/wp-content\\\/uploads\\\/2026\\\/03\\\/1772883238116Serhat-Akpinar.png\",\"width\":965,\"height\":673},{\"@type\":\"BreadcrumbList\",\"@id\":\"https:\\\/\\\/haberkuzey.com\\\/index.php\\\/2026\\\/03\\\/07\\\/cok-uluslu-ogrenciler-ve-akademisyenler-hakli-bir-tedirginlik-yasiyor-ama-tum-birimlerimiz-gorev-basinda\\\/#breadcrumb\",\"itemListElement\":[{\"@type\":\"ListItem\",\"position\":1,\"name\":\"Anasayfa\",\"item\":\"https:\\\/\\\/haberkuzey.com\\\/\"},{\"@type\":\"ListItem\",\"position\":2,\"name\":\"\u00c7ok uluslu \u00f6\u011frenciler ve akademisyenler hakl\u0131 bir tedirginlik ya\u015f\u0131yor ama t\u00fcm birimlerimiz g\u00f6rev ba\u015f\u0131nda\"}]},{\"@type\":\"WebSite\",\"@id\":\"https:\\\/\\\/haberkuzey.com\\\/#website\",\"url\":\"https:\\\/\\\/haberkuzey.com\\\/\",\"name\":\"Haber Kuzey\",\"description\":\"Do\u011fru Haberin Adresi\",\"potentialAction\":[{\"@type\":\"SearchAction\",\"target\":{\"@type\":\"EntryPoint\",\"urlTemplate\":\"https:\\\/\\\/haberkuzey.com\\\/?s={search_term_string}\"},\"query-input\":{\"@type\":\"PropertyValueSpecification\",\"valueRequired\":true,\"valueName\":\"search_term_string\"}}],\"inLanguage\":\"tr\"},{\"@type\":\"Person\",\"@id\":\"https:\\\/\\\/haberkuzey.com\\\/#\\\/schema\\\/person\\\/3372109ec735f9333f4fa47ebb9605ca\",\"name\":\"haberkuzey\",\"image\":{\"@type\":\"ImageObject\",\"inLanguage\":\"tr\",\"@id\":\"https:\\\/\\\/secure.gravatar.com\\\/avatar\\\/f5fc875574b1575324358c3b9e6a32b8227aa5b74f3fa22e3cadb63e26fcc39c?s=96&d=mm&r=g\",\"url\":\"https:\\\/\\\/secure.gravatar.com\\\/avatar\\\/f5fc875574b1575324358c3b9e6a32b8227aa5b74f3fa22e3cadb63e26fcc39c?s=96&d=mm&r=g\",\"contentUrl\":\"https:\\\/\\\/secure.gravatar.com\\\/avatar\\\/f5fc875574b1575324358c3b9e6a32b8227aa5b74f3fa22e3cadb63e26fcc39c?s=96&d=mm&r=g\",\"caption\":\"haberkuzey\"},\"sameAs\":[\"https:\\\/\\\/haberkuzey.com\"],\"url\":\"https:\\\/\\\/haberkuzey.com\\\/index.php\\\/author\\\/haberkuzey\\\/\"}]}<\/script>\n<!-- \/ Yoast SEO plugin. -->","yoast_head_json":{"title":"\u00c7ok uluslu \u00f6\u011frenciler ve akademisyenler hakl\u0131 bir tedirginlik ya\u015f\u0131yor ama t\u00fcm birimlerimiz g\u00f6rev ba\u015f\u0131nda - Haber Kuzey","robots":{"index":"index","follow":"follow","max-snippet":"max-snippet:-1","max-image-preview":"max-image-preview:large","max-video-preview":"max-video-preview:-1"},"canonical":"https:\/\/haberkuzey.com\/index.php\/2026\/03\/07\/cok-uluslu-ogrenciler-ve-akademisyenler-hakli-bir-tedirginlik-yasiyor-ama-tum-birimlerimiz-gorev-basinda\/","og_locale":"tr_TR","og_type":"article","og_title":"\u00c7ok uluslu \u00f6\u011frenciler ve akademisyenler hakl\u0131 bir tedirginlik ya\u015f\u0131yor ama t\u00fcm birimlerimiz g\u00f6rev ba\u015f\u0131nda - Haber Kuzey","og_description":"GA\u00dc\u2019den verilen bilgiye g\u00f6re\u00a0 Akp\u0131nar yaz\u0131l\u0131 a\u00e7\u0131klamas\u0131nda,\u00a0KKTC devletinin karar al\u0131c\u0131 t\u00fcm organlar\u0131, te\u015fkilatlar\u0131 ve Anavatan T\u00fcrkiye Cumhuriyeti ile tam bir e\u015fg\u00fcd\u00fcm ve sa\u011fduyu i\u00e7inde, istikrarl\u0131 ve esenli\u011fe dayal\u0131 kararlar \u00fcretilebilece\u011fini kaydetti. Akp\u0131nar, bu kararlarla halk\u0131n, \u00f6\u011frencilerin ve ailelerin g\u00fcvenlik endi\u015fesinin asgariye indirilebilece\u011fini, m\u00fcmk\u00fcn olan en huzurlu ortam\u0131n\u0131n olu\u015fturulabilece\u011fini s\u00f6yledi. GA\u00dc Rekt\u00f6rl\u00fc\u011f\u00fc\u2019n\u00fcn bu konuda duyuru da [&hellip;]","og_url":"https:\/\/haberkuzey.com\/index.php\/2026\/03\/07\/cok-uluslu-ogrenciler-ve-akademisyenler-hakli-bir-tedirginlik-yasiyor-ama-tum-birimlerimiz-gorev-basinda\/","og_site_name":"Haber Kuzey","article_published_time":"2026-03-07T13:12:02+00:00","author":"haberkuzey","twitter_card":"summary_large_image","twitter_misc":{"Yazan:":"haberkuzey","Tahmini okuma s\u00fcresi":"1 dakika"},"schema":{"@context":"https:\/\/schema.org","@graph":[{"@type":"Article","@id":"https:\/\/haberkuzey.com\/index.php\/2026\/03\/07\/cok-uluslu-ogrenciler-ve-akademisyenler-hakli-bir-tedirginlik-yasiyor-ama-tum-birimlerimiz-gorev-basinda\/#article","isPartOf":{"@id":"https:\/\/haberkuzey.com\/index.php\/2026\/03\/07\/cok-uluslu-ogrenciler-ve-akademisyenler-hakli-bir-tedirginlik-yasiyor-ama-tum-birimlerimiz-gorev-basinda\/"},"author":{"name":"haberkuzey","@id":"https:\/\/haberkuzey.com\/#\/schema\/person\/3372109ec735f9333f4fa47ebb9605ca"},"headline":"\u00c7ok uluslu \u00f6\u011frenciler ve akademisyenler hakl\u0131 bir tedirginlik ya\u015f\u0131yor ama t\u00fcm birimlerimiz g\u00f6rev ba\u015f\u0131nda","datePublished":"2026-03-07T13:12:02+00:00","mainEntityOfPage":{"@id":"https:\/\/haberkuzey.com\/index.php\/2026\/03\/07\/cok-uluslu-ogrenciler-ve-akademisyenler-hakli-bir-tedirginlik-yasiyor-ama-tum-birimlerimiz-gorev-basinda\/"},"wordCount":171,"commentCount":0,"image":{"@id":"https:\/\/haberkuzey.com\/index.php\/2026\/03\/07\/cok-uluslu-ogrenciler-ve-akademisyenler-hakli-bir-tedirginlik-yasiyor-ama-tum-birimlerimiz-gorev-basinda\/#primaryimage"},"thumbnailUrl":"https:\/\/haberkuzey.com\/wp-content\/uploads\/2026\/03\/1772883238116Serhat-Akpinar.png","articleSection":["K\u0131br\u0131s"],"inLanguage":"tr","potentialAction":[{"@type":"CommentAction","name":"Comment","target":["https:\/\/haberkuzey.com\/index.php\/2026\/03\/07\/cok-uluslu-ogrenciler-ve-akademisyenler-hakli-bir-tedirginlik-yasiyor-ama-tum-birimlerimiz-gorev-basinda\/#respond"]}]},{"@type":"WebPage","@id":"https:\/\/haberkuzey.com\/index.php\/2026\/03\/07\/cok-uluslu-ogrenciler-ve-akademisyenler-hakli-bir-tedirginlik-yasiyor-ama-tum-birimlerimiz-gorev-basinda\/","url":"https:\/\/haberkuzey.com\/index.php\/2026\/03\/07\/cok-uluslu-ogrenciler-ve-akademisyenler-hakli-bir-tedirginlik-yasiyor-ama-tum-birimlerimiz-gorev-basinda\/","name":"\u00c7ok uluslu \u00f6\u011frenciler ve akademisyenler hakl\u0131 bir tedirginlik ya\u015f\u0131yor ama t\u00fcm birimlerimiz g\u00f6rev ba\u015f\u0131nda - Haber Kuzey","isPartOf":{"@id":"https:\/\/haberkuzey.com\/#website"},"primaryImageOfPage":{"@id":"https:\/\/haberkuzey.com\/index.php\/2026\/03\/07\/cok-uluslu-ogrenciler-ve-akademisyenler-hakli-bir-tedirginlik-yasiyor-ama-tum-birimlerimiz-gorev-basinda\/#primaryimage"},"image":{"@id":"https:\/\/haberkuzey.com\/index.php\/2026\/03\/07\/cok-uluslu-ogrenciler-ve-akademisyenler-hakli-bir-tedirginlik-yasiyor-ama-tum-birimlerimiz-gorev-basinda\/#primaryimage"},"thumbnailUrl":"https:\/\/haberkuzey.com\/wp-content\/uploads\/2026\/03\/1772883238116Serhat-Akpinar.png","datePublished":"2026-03-07T13:12:02+00:00","author":{"@id":"https:\/\/haberkuzey.com\/#\/schema\/person\/3372109ec735f9333f4fa47ebb9605ca"},"breadcrumb":{"@id":"https:\/\/haberkuzey.com\/index.php\/2026\/03\/07\/cok-uluslu-ogrenciler-ve-akademisyenler-hakli-bir-tedirginlik-yasiyor-ama-tum-birimlerimiz-gorev-basinda\/#breadcrumb"},"inLanguage":"tr","potentialAction":[{"@type":"ReadAction","target":["https:\/\/haberkuzey.com\/index.php\/2026\/03\/07\/cok-uluslu-ogrenciler-ve-akademisyenler-hakli-bir-tedirginlik-yasiyor-ama-tum-birimlerimiz-gorev-basinda\/"]}]},{"@type":"ImageObject","inLanguage":"tr","@id":"https:\/\/haberkuzey.com\/index.php\/2026\/03\/07\/cok-uluslu-ogrenciler-ve-akademisyenler-hakli-bir-tedirginlik-yasiyor-ama-tum-birimlerimiz-gorev-basinda\/#primaryimage","url":"https:\/\/haberkuzey.com\/wp-content\/uploads\/2026\/03\/1772883238116Serhat-Akpinar.png","contentUrl":"https:\/\/haberkuzey.com\/wp-content\/uploads\/2026\/03\/1772883238116Serhat-Akpinar.png","width":965,"height":673},{"@type":"BreadcrumbList","@id":"https:\/\/haberkuzey.com\/index.php\/2026\/03\/07\/cok-uluslu-ogrenciler-ve-akademisyenler-hakli-bir-tedirginlik-yasiyor-ama-tum-birimlerimiz-gorev-basinda\/#breadcrumb","itemListElement":[{"@type":"ListItem","position":1,"name":"Anasayfa","item":"https:\/\/haberkuzey.com\/"},{"@type":"ListItem","position":2,"name":"\u00c7ok uluslu \u00f6\u011frenciler ve akademisyenler hakl\u0131 bir tedirginlik ya\u015f\u0131yor ama t\u00fcm birimlerimiz g\u00f6rev ba\u015f\u0131nda"}]},{"@type":"WebSite","@id":"https:\/\/haberkuzey.com\/#website","url":"https:\/\/haberkuzey.com\/","name":"Haber Kuzey","description":"Do\u011fru Haberin Adresi","potentialAction":[{"@type":"SearchAction","target":{"@type":"EntryPoint","urlTemplate":"https:\/\/haberkuzey.com\/?s={search_term_string}"},"query-input":{"@type":"PropertyValueSpecification","valueRequired":true,"valueName":"search_term_string"}}],"inLanguage":"tr"},{"@type":"Person","@id":"https:\/\/haberkuzey.com\/#\/schema\/person\/3372109ec735f9333f4fa47ebb9605ca","name":"haberkuzey","image":{"@type":"ImageObject","inLanguage":"tr","@id":"https:\/\/secure.gravatar.com\/avatar\/f5fc875574b1575324358c3b9e6a32b8227aa5b74f3fa22e3cadb63e26fcc39c?s=96&d=mm&r=g","url":"https:\/\/secure.gravatar.com\/avatar\/f5fc875574b1575324358c3b9e6a32b8227aa5b74f3fa22e3cadb63e26fcc39c?s=96&d=mm&r=g","contentUrl":"https:\/\/secure.gravatar.com\/avatar\/f5fc875574b1575324358c3b9e6a32b8227aa5b74f3fa22e3cadb63e26fcc39c?s=96&d=mm&r=g","caption":"haberkuzey"},"sameAs":["https:\/\/haberkuzey.com"],"url":"https:\/\/haberkuzey.com\/index.php\/author\/haberkuzey\/"}]}},"_links":{"self":[{"href":"https:\/\/haberkuzey.com\/index.php\/wp-json\/wp\/v2\/posts\/35063","targetHints":{"allow":["GET"]}}],"collection":[{"href":"https:\/\/haberkuzey.com\/index.php\/wp-json\/wp\/v2\/posts"}],"about":[{"href":"https:\/\/haberkuzey.com\/index.php\/wp-json\/wp\/v2\/types\/post"}],"author":[{"embeddable":true,"href":"https:\/\/haberkuzey.com\/index.php\/wp-json\/wp\/v2\/users\/1"}],"replies":[{"embeddable":true,"href":"https:\/\/haberkuzey.com\/index.php\/wp-json\/wp\/v2\/comments?post=35063"}],"version-history":[{"count":0,"href":"https:\/\/haberkuzey.com\/index.php\/wp-json\/wp\/v2\/posts\/35063\/revisions"}],"wp:featuredmedia":[{"embeddable":true,"href":"https:\/\/haberkuzey.com\/index.php\/wp-json\/wp\/v2\/media\/35064"}],"wp:attachment":[{"href":"https:\/\/haberkuzey.com\/index.php\/wp-json\/wp\/v2\/media?parent=35063"}],"wp:term":[{"taxonomy":"category","embeddable":true,"href":"https:\/\/haberkuzey.com\/index.php\/wp-json\/wp\/v2\/categories?post=35063"},{"taxonomy":"post_tag","embeddable":true,"href":"https:\/\/haberkuzey.com\/index.php\/wp-json\/wp\/v2\/tags?post=35063"}],"curies":[{"name":"wp","href":"https:\/\/api.w.org\/{rel}","templated":true}]}}