{"id":35061,"date":"2026-03-07T15:06:12","date_gmt":"2026-03-07T13:06:12","guid":{"rendered":"https:\/\/haberkuzey.com\/index.php\/2026\/03\/07\/catalkoy-esentepe-belediye-baskani-kirok-caderin-8-mart-etkinligine-katildi\/"},"modified":"2026-03-07T15:06:12","modified_gmt":"2026-03-07T13:06:12","slug":"catalkoy-esentepe-belediye-baskani-kirok-caderin-8-mart-etkinligine-katildi","status":"publish","type":"post","link":"https:\/\/haberkuzey.com\/index.php\/2026\/03\/07\/catalkoy-esentepe-belediye-baskani-kirok-caderin-8-mart-etkinligine-katildi\/","title":{"rendered":"\u00c7atalk\u00f6y-Esentepe Belediye Ba\u015fkan\u0131 K\u0131rok, \u00c7ADER\u2019in 8 Mart etkinli\u011fine kat\u0131ld\u0131"},"content":{"rendered":"<p style=\"font-weight: 300\">Belediyeden yap\u0131lan a\u00e7\u0131klamaya g\u00f6re etkinlikte kad\u0131nlar\u0131n toplumdaki rol\u00fc ve katk\u0131lar\u0131 ile sosyal ya\u015famda \u00fcstlendi\u011fi sorumluluklar\u0131na dikkat \u00e7ekildi.<\/p>\n<p style=\"font-weight: 300\">Etkinlikte konu\u015fan K\u0131rok, kad\u0131nlar\u0131n sosyal, k\u00fclt\u00fcrel ve ekonomik hayattaki katk\u0131lar\u0131n\u0131n toplum i\u00e7in b\u00fcy\u00fck \u00f6nem ta\u015f\u0131d\u0131\u011f\u0131n\u0131 ifade ederek, t\u00fcm kad\u0131nlar\u0131n 8 Mart D\u00fcnya Emek\u00e7i Kad\u0131nlar G\u00fcn\u00fc\u2019n\u00fc kutlad\u0131.<\/p>\n<p>\u00c7atalk\u00f6y-Esentepe Belediye Ba\u015fkan\u0131 K\u0131rok, \u00c7ADER\u2019in 8 Mart etkinli\u011fine kat\u0131ld\u0131 yaz\u0131s\u0131 ilk \u00f6nce K\u0131br\u0131s Hakikat \u00fczerinde ortaya \u00e7\u0131kt\u0131.<\/p>\n","protected":false},"excerpt":{"rendered":"<p>Belediyeden yap\u0131lan a\u00e7\u0131klamaya g\u00f6re etkinlikte kad\u0131nlar\u0131n toplumdaki rol\u00fc ve katk\u0131lar\u0131 ile sosyal ya\u015famda \u00fcstlendi\u011fi sorumluluklar\u0131na dikkat \u00e7ekildi. Etkinlikte konu\u015fan K\u0131rok, kad\u0131nlar\u0131n sosyal, k\u00fclt\u00fcrel ve ekonomik hayattaki katk\u0131lar\u0131n\u0131n toplum i\u00e7in b\u00fcy\u00fck \u00f6nem ta\u015f\u0131d\u0131\u011f\u0131n\u0131 ifade ederek, t\u00fcm kad\u0131nlar\u0131n 8 Mart D\u00fcnya Emek\u00e7i Kad\u0131nlar G\u00fcn\u00fc\u2019n\u00fc kutlad\u0131. \u00c7atalk\u00f6y-Esentepe Belediye Ba\u015fkan\u0131 K\u0131rok, \u00c7ADER\u2019in 8 Mart etkinli\u011fine kat\u0131ld\u0131 yaz\u0131s\u0131 ilk \u00f6nce [&hellip;]<\/p>\n","protected":false},"author":1,"featured_media":35062,"comment_status":"open","ping_status":"open","sticky":false,"template":"","format":"standard","meta":{"jnews-multi-image_gallery":[],"jnews_single_post":[],"jnews_primary_category":[],"footnotes":""},"categories":[1],"tags":[],"class_list":["post-35061","post","type-post","status-publish","format-standard","has-post-thumbnail","hentry","category-kibris"],"yoast_head":"<!-- This site is optimized with the Yoast SEO plugin v27.5 - https:\/\/yoast.com\/product\/yoast-seo-wordpress\/ -->\n<title>\u00c7atalk\u00f6y-Esentepe Belediye Ba\u015fkan\u0131 K\u0131rok, \u00c7ADER\u2019in 8 Mart etkinli\u011fine kat\u0131ld\u0131 - Haber Kuzey<\/title>\n<meta name=\"robots\" content=\"index, follow, max-snippet:-1, max-image-preview:large, max-video-preview:-1\" \/>\n<link rel=\"canonical\" href=\"https:\/\/haberkuzey.com\/index.php\/2026\/03\/07\/catalkoy-esentepe-belediye-baskani-kirok-caderin-8-mart-etkinligine-katildi\/\" \/>\n<meta property=\"og:locale\" content=\"tr_TR\" \/>\n<meta property=\"og:type\" content=\"article\" \/>\n<meta property=\"og:title\" content=\"\u00c7atalk\u00f6y-Esentepe Belediye Ba\u015fkan\u0131 K\u0131rok, \u00c7ADER\u2019in 8 Mart etkinli\u011fine kat\u0131ld\u0131 - Haber Kuzey\" \/>\n<meta property=\"og:description\" content=\"Belediyeden yap\u0131lan a\u00e7\u0131klamaya g\u00f6re etkinlikte kad\u0131nlar\u0131n toplumdaki rol\u00fc ve katk\u0131lar\u0131 ile sosyal ya\u015famda \u00fcstlendi\u011fi sorumluluklar\u0131na dikkat \u00e7ekildi. Etkinlikte konu\u015fan K\u0131rok, kad\u0131nlar\u0131n sosyal, k\u00fclt\u00fcrel ve ekonomik hayattaki katk\u0131lar\u0131n\u0131n toplum i\u00e7in b\u00fcy\u00fck \u00f6nem ta\u015f\u0131d\u0131\u011f\u0131n\u0131 ifade ederek, t\u00fcm kad\u0131nlar\u0131n 8 Mart D\u00fcnya Emek\u00e7i Kad\u0131nlar G\u00fcn\u00fc\u2019n\u00fc kutlad\u0131. \u00c7atalk\u00f6y-Esentepe Belediye Ba\u015fkan\u0131 K\u0131rok, \u00c7ADER\u2019in 8 Mart etkinli\u011fine kat\u0131ld\u0131 yaz\u0131s\u0131 ilk \u00f6nce [&hellip;]\" \/>\n<meta property=\"og:url\" content=\"https:\/\/haberkuzey.com\/index.php\/2026\/03\/07\/catalkoy-esentepe-belediye-baskani-kirok-caderin-8-mart-etkinligine-katildi\/\" \/>\n<meta property=\"og:site_name\" content=\"Haber Kuzey\" \/>\n<meta property=\"article:published_time\" content=\"2026-03-07T13:06:12+00:00\" \/>\n<meta name=\"author\" content=\"haberkuzey\" \/>\n<meta name=\"twitter:card\" content=\"summary_large_image\" \/>\n<meta name=\"twitter:label1\" content=\"Yazan:\" \/>\n\t<meta name=\"twitter:data1\" content=\"haberkuzey\" \/>\n<script type=\"application\/ld+json\" class=\"yoast-schema-graph\">{\"@context\":\"https:\\\/\\\/schema.org\",\"@graph\":[{\"@type\":\"Article\",\"@id\":\"https:\\\/\\\/haberkuzey.com\\\/index.php\\\/2026\\\/03\\\/07\\\/catalkoy-esentepe-belediye-baskani-kirok-caderin-8-mart-etkinligine-katildi\\\/#article\",\"isPartOf\":{\"@id\":\"https:\\\/\\\/haberkuzey.com\\\/index.php\\\/2026\\\/03\\\/07\\\/catalkoy-esentepe-belediye-baskani-kirok-caderin-8-mart-etkinligine-katildi\\\/\"},\"author\":{\"name\":\"haberkuzey\",\"@id\":\"https:\\\/\\\/haberkuzey.com\\\/#\\\/schema\\\/person\\\/3372109ec735f9333f4fa47ebb9605ca\"},\"headline\":\"\u00c7atalk\u00f6y-Esentepe Belediye Ba\u015fkan\u0131 K\u0131rok, \u00c7ADER\u2019in 8 Mart etkinli\u011fine kat\u0131ld\u0131\",\"datePublished\":\"2026-03-07T13:06:12+00:00\",\"mainEntityOfPage\":{\"@id\":\"https:\\\/\\\/haberkuzey.com\\\/index.php\\\/2026\\\/03\\\/07\\\/catalkoy-esentepe-belediye-baskani-kirok-caderin-8-mart-etkinligine-katildi\\\/\"},\"wordCount\":112,\"commentCount\":0,\"image\":{\"@id\":\"https:\\\/\\\/haberkuzey.com\\\/index.php\\\/2026\\\/03\\\/07\\\/catalkoy-esentepe-belediye-baskani-kirok-caderin-8-mart-etkinligine-katildi\\\/#primaryimage\"},\"thumbnailUrl\":\"https:\\\/\\\/haberkuzey.com\\\/wp-content\\\/uploads\\\/2026\\\/03\\\/1772886384842KIROK-5.jpg\",\"articleSection\":[\"K\u0131br\u0131s\"],\"inLanguage\":\"tr\",\"potentialAction\":[{\"@type\":\"CommentAction\",\"name\":\"Comment\",\"target\":[\"https:\\\/\\\/haberkuzey.com\\\/index.php\\\/2026\\\/03\\\/07\\\/catalkoy-esentepe-belediye-baskani-kirok-caderin-8-mart-etkinligine-katildi\\\/#respond\"]}]},{\"@type\":\"WebPage\",\"@id\":\"https:\\\/\\\/haberkuzey.com\\\/index.php\\\/2026\\\/03\\\/07\\\/catalkoy-esentepe-belediye-baskani-kirok-caderin-8-mart-etkinligine-katildi\\\/\",\"url\":\"https:\\\/\\\/haberkuzey.com\\\/index.php\\\/2026\\\/03\\\/07\\\/catalkoy-esentepe-belediye-baskani-kirok-caderin-8-mart-etkinligine-katildi\\\/\",\"name\":\"\u00c7atalk\u00f6y-Esentepe Belediye Ba\u015fkan\u0131 K\u0131rok, \u00c7ADER\u2019in 8 Mart etkinli\u011fine kat\u0131ld\u0131 - Haber Kuzey\",\"isPartOf\":{\"@id\":\"https:\\\/\\\/haberkuzey.com\\\/#website\"},\"primaryImageOfPage\":{\"@id\":\"https:\\\/\\\/haberkuzey.com\\\/index.php\\\/2026\\\/03\\\/07\\\/catalkoy-esentepe-belediye-baskani-kirok-caderin-8-mart-etkinligine-katildi\\\/#primaryimage\"},\"image\":{\"@id\":\"https:\\\/\\\/haberkuzey.com\\\/index.php\\\/2026\\\/03\\\/07\\\/catalkoy-esentepe-belediye-baskani-kirok-caderin-8-mart-etkinligine-katildi\\\/#primaryimage\"},\"thumbnailUrl\":\"https:\\\/\\\/haberkuzey.com\\\/wp-content\\\/uploads\\\/2026\\\/03\\\/1772886384842KIROK-5.jpg\",\"datePublished\":\"2026-03-07T13:06:12+00:00\",\"author\":{\"@id\":\"https:\\\/\\\/haberkuzey.com\\\/#\\\/schema\\\/person\\\/3372109ec735f9333f4fa47ebb9605ca\"},\"breadcrumb\":{\"@id\":\"https:\\\/\\\/haberkuzey.com\\\/index.php\\\/2026\\\/03\\\/07\\\/catalkoy-esentepe-belediye-baskani-kirok-caderin-8-mart-etkinligine-katildi\\\/#breadcrumb\"},\"inLanguage\":\"tr\",\"potentialAction\":[{\"@type\":\"ReadAction\",\"target\":[\"https:\\\/\\\/haberkuzey.com\\\/index.php\\\/2026\\\/03\\\/07\\\/catalkoy-esentepe-belediye-baskani-kirok-caderin-8-mart-etkinligine-katildi\\\/\"]}]},{\"@type\":\"ImageObject\",\"inLanguage\":\"tr\",\"@id\":\"https:\\\/\\\/haberkuzey.com\\\/index.php\\\/2026\\\/03\\\/07\\\/catalkoy-esentepe-belediye-baskani-kirok-caderin-8-mart-etkinligine-katildi\\\/#primaryimage\",\"url\":\"https:\\\/\\\/haberkuzey.com\\\/wp-content\\\/uploads\\\/2026\\\/03\\\/1772886384842KIROK-5.jpg\",\"contentUrl\":\"https:\\\/\\\/haberkuzey.com\\\/wp-content\\\/uploads\\\/2026\\\/03\\\/1772886384842KIROK-5.jpg\",\"width\":1600,\"height\":1200},{\"@type\":\"BreadcrumbList\",\"@id\":\"https:\\\/\\\/haberkuzey.com\\\/index.php\\\/2026\\\/03\\\/07\\\/catalkoy-esentepe-belediye-baskani-kirok-caderin-8-mart-etkinligine-katildi\\\/#breadcrumb\",\"itemListElement\":[{\"@type\":\"ListItem\",\"position\":1,\"name\":\"Anasayfa\",\"item\":\"https:\\\/\\\/haberkuzey.com\\\/\"},{\"@type\":\"ListItem\",\"position\":2,\"name\":\"\u00c7atalk\u00f6y-Esentepe Belediye Ba\u015fkan\u0131 K\u0131rok, \u00c7ADER\u2019in 8 Mart etkinli\u011fine kat\u0131ld\u0131\"}]},{\"@type\":\"WebSite\",\"@id\":\"https:\\\/\\\/haberkuzey.com\\\/#website\",\"url\":\"https:\\\/\\\/haberkuzey.com\\\/\",\"name\":\"Haber Kuzey\",\"description\":\"Do\u011fru Haberin Adresi\",\"potentialAction\":[{\"@type\":\"SearchAction\",\"target\":{\"@type\":\"EntryPoint\",\"urlTemplate\":\"https:\\\/\\\/haberkuzey.com\\\/?s={search_term_string}\"},\"query-input\":{\"@type\":\"PropertyValueSpecification\",\"valueRequired\":true,\"valueName\":\"search_term_string\"}}],\"inLanguage\":\"tr\"},{\"@type\":\"Person\",\"@id\":\"https:\\\/\\\/haberkuzey.com\\\/#\\\/schema\\\/person\\\/3372109ec735f9333f4fa47ebb9605ca\",\"name\":\"haberkuzey\",\"image\":{\"@type\":\"ImageObject\",\"inLanguage\":\"tr\",\"@id\":\"https:\\\/\\\/secure.gravatar.com\\\/avatar\\\/f5fc875574b1575324358c3b9e6a32b8227aa5b74f3fa22e3cadb63e26fcc39c?s=96&d=mm&r=g\",\"url\":\"https:\\\/\\\/secure.gravatar.com\\\/avatar\\\/f5fc875574b1575324358c3b9e6a32b8227aa5b74f3fa22e3cadb63e26fcc39c?s=96&d=mm&r=g\",\"contentUrl\":\"https:\\\/\\\/secure.gravatar.com\\\/avatar\\\/f5fc875574b1575324358c3b9e6a32b8227aa5b74f3fa22e3cadb63e26fcc39c?s=96&d=mm&r=g\",\"caption\":\"haberkuzey\"},\"sameAs\":[\"https:\\\/\\\/haberkuzey.com\"],\"url\":\"https:\\\/\\\/haberkuzey.com\\\/index.php\\\/author\\\/haberkuzey\\\/\"}]}<\/script>\n<!-- \/ Yoast SEO plugin. -->","yoast_head_json":{"title":"\u00c7atalk\u00f6y-Esentepe Belediye Ba\u015fkan\u0131 K\u0131rok, \u00c7ADER\u2019in 8 Mart etkinli\u011fine kat\u0131ld\u0131 - Haber Kuzey","robots":{"index":"index","follow":"follow","max-snippet":"max-snippet:-1","max-image-preview":"max-image-preview:large","max-video-preview":"max-video-preview:-1"},"canonical":"https:\/\/haberkuzey.com\/index.php\/2026\/03\/07\/catalkoy-esentepe-belediye-baskani-kirok-caderin-8-mart-etkinligine-katildi\/","og_locale":"tr_TR","og_type":"article","og_title":"\u00c7atalk\u00f6y-Esentepe Belediye Ba\u015fkan\u0131 K\u0131rok, \u00c7ADER\u2019in 8 Mart etkinli\u011fine kat\u0131ld\u0131 - Haber Kuzey","og_description":"Belediyeden yap\u0131lan a\u00e7\u0131klamaya g\u00f6re etkinlikte kad\u0131nlar\u0131n toplumdaki rol\u00fc ve katk\u0131lar\u0131 ile sosyal ya\u015famda \u00fcstlendi\u011fi sorumluluklar\u0131na dikkat \u00e7ekildi. Etkinlikte konu\u015fan K\u0131rok, kad\u0131nlar\u0131n sosyal, k\u00fclt\u00fcrel ve ekonomik hayattaki katk\u0131lar\u0131n\u0131n toplum i\u00e7in b\u00fcy\u00fck \u00f6nem ta\u015f\u0131d\u0131\u011f\u0131n\u0131 ifade ederek, t\u00fcm kad\u0131nlar\u0131n 8 Mart D\u00fcnya Emek\u00e7i Kad\u0131nlar G\u00fcn\u00fc\u2019n\u00fc kutlad\u0131. \u00c7atalk\u00f6y-Esentepe Belediye Ba\u015fkan\u0131 K\u0131rok, \u00c7ADER\u2019in 8 Mart etkinli\u011fine kat\u0131ld\u0131 yaz\u0131s\u0131 ilk \u00f6nce [&hellip;]","og_url":"https:\/\/haberkuzey.com\/index.php\/2026\/03\/07\/catalkoy-esentepe-belediye-baskani-kirok-caderin-8-mart-etkinligine-katildi\/","og_site_name":"Haber Kuzey","article_published_time":"2026-03-07T13:06:12+00:00","author":"haberkuzey","twitter_card":"summary_large_image","twitter_misc":{"Yazan:":"haberkuzey"},"schema":{"@context":"https:\/\/schema.org","@graph":[{"@type":"Article","@id":"https:\/\/haberkuzey.com\/index.php\/2026\/03\/07\/catalkoy-esentepe-belediye-baskani-kirok-caderin-8-mart-etkinligine-katildi\/#article","isPartOf":{"@id":"https:\/\/haberkuzey.com\/index.php\/2026\/03\/07\/catalkoy-esentepe-belediye-baskani-kirok-caderin-8-mart-etkinligine-katildi\/"},"author":{"name":"haberkuzey","@id":"https:\/\/haberkuzey.com\/#\/schema\/person\/3372109ec735f9333f4fa47ebb9605ca"},"headline":"\u00c7atalk\u00f6y-Esentepe Belediye Ba\u015fkan\u0131 K\u0131rok, \u00c7ADER\u2019in 8 Mart etkinli\u011fine kat\u0131ld\u0131","datePublished":"2026-03-07T13:06:12+00:00","mainEntityOfPage":{"@id":"https:\/\/haberkuzey.com\/index.php\/2026\/03\/07\/catalkoy-esentepe-belediye-baskani-kirok-caderin-8-mart-etkinligine-katildi\/"},"wordCount":112,"commentCount":0,"image":{"@id":"https:\/\/haberkuzey.com\/index.php\/2026\/03\/07\/catalkoy-esentepe-belediye-baskani-kirok-caderin-8-mart-etkinligine-katildi\/#primaryimage"},"thumbnailUrl":"https:\/\/haberkuzey.com\/wp-content\/uploads\/2026\/03\/1772886384842KIROK-5.jpg","articleSection":["K\u0131br\u0131s"],"inLanguage":"tr","potentialAction":[{"@type":"CommentAction","name":"Comment","target":["https:\/\/haberkuzey.com\/index.php\/2026\/03\/07\/catalkoy-esentepe-belediye-baskani-kirok-caderin-8-mart-etkinligine-katildi\/#respond"]}]},{"@type":"WebPage","@id":"https:\/\/haberkuzey.com\/index.php\/2026\/03\/07\/catalkoy-esentepe-belediye-baskani-kirok-caderin-8-mart-etkinligine-katildi\/","url":"https:\/\/haberkuzey.com\/index.php\/2026\/03\/07\/catalkoy-esentepe-belediye-baskani-kirok-caderin-8-mart-etkinligine-katildi\/","name":"\u00c7atalk\u00f6y-Esentepe Belediye Ba\u015fkan\u0131 K\u0131rok, \u00c7ADER\u2019in 8 Mart etkinli\u011fine kat\u0131ld\u0131 - Haber Kuzey","isPartOf":{"@id":"https:\/\/haberkuzey.com\/#website"},"primaryImageOfPage":{"@id":"https:\/\/haberkuzey.com\/index.php\/2026\/03\/07\/catalkoy-esentepe-belediye-baskani-kirok-caderin-8-mart-etkinligine-katildi\/#primaryimage"},"image":{"@id":"https:\/\/haberkuzey.com\/index.php\/2026\/03\/07\/catalkoy-esentepe-belediye-baskani-kirok-caderin-8-mart-etkinligine-katildi\/#primaryimage"},"thumbnailUrl":"https:\/\/haberkuzey.com\/wp-content\/uploads\/2026\/03\/1772886384842KIROK-5.jpg","datePublished":"2026-03-07T13:06:12+00:00","author":{"@id":"https:\/\/haberkuzey.com\/#\/schema\/person\/3372109ec735f9333f4fa47ebb9605ca"},"breadcrumb":{"@id":"https:\/\/haberkuzey.com\/index.php\/2026\/03\/07\/catalkoy-esentepe-belediye-baskani-kirok-caderin-8-mart-etkinligine-katildi\/#breadcrumb"},"inLanguage":"tr","potentialAction":[{"@type":"ReadAction","target":["https:\/\/haberkuzey.com\/index.php\/2026\/03\/07\/catalkoy-esentepe-belediye-baskani-kirok-caderin-8-mart-etkinligine-katildi\/"]}]},{"@type":"ImageObject","inLanguage":"tr","@id":"https:\/\/haberkuzey.com\/index.php\/2026\/03\/07\/catalkoy-esentepe-belediye-baskani-kirok-caderin-8-mart-etkinligine-katildi\/#primaryimage","url":"https:\/\/haberkuzey.com\/wp-content\/uploads\/2026\/03\/1772886384842KIROK-5.jpg","contentUrl":"https:\/\/haberkuzey.com\/wp-content\/uploads\/2026\/03\/1772886384842KIROK-5.jpg","width":1600,"height":1200},{"@type":"BreadcrumbList","@id":"https:\/\/haberkuzey.com\/index.php\/2026\/03\/07\/catalkoy-esentepe-belediye-baskani-kirok-caderin-8-mart-etkinligine-katildi\/#breadcrumb","itemListElement":[{"@type":"ListItem","position":1,"name":"Anasayfa","item":"https:\/\/haberkuzey.com\/"},{"@type":"ListItem","position":2,"name":"\u00c7atalk\u00f6y-Esentepe Belediye Ba\u015fkan\u0131 K\u0131rok, \u00c7ADER\u2019in 8 Mart etkinli\u011fine kat\u0131ld\u0131"}]},{"@type":"WebSite","@id":"https:\/\/haberkuzey.com\/#website","url":"https:\/\/haberkuzey.com\/","name":"Haber Kuzey","description":"Do\u011fru Haberin Adresi","potentialAction":[{"@type":"SearchAction","target":{"@type":"EntryPoint","urlTemplate":"https:\/\/haberkuzey.com\/?s={search_term_string}"},"query-input":{"@type":"PropertyValueSpecification","valueRequired":true,"valueName":"search_term_string"}}],"inLanguage":"tr"},{"@type":"Person","@id":"https:\/\/haberkuzey.com\/#\/schema\/person\/3372109ec735f9333f4fa47ebb9605ca","name":"haberkuzey","image":{"@type":"ImageObject","inLanguage":"tr","@id":"https:\/\/secure.gravatar.com\/avatar\/f5fc875574b1575324358c3b9e6a32b8227aa5b74f3fa22e3cadb63e26fcc39c?s=96&d=mm&r=g","url":"https:\/\/secure.gravatar.com\/avatar\/f5fc875574b1575324358c3b9e6a32b8227aa5b74f3fa22e3cadb63e26fcc39c?s=96&d=mm&r=g","contentUrl":"https:\/\/secure.gravatar.com\/avatar\/f5fc875574b1575324358c3b9e6a32b8227aa5b74f3fa22e3cadb63e26fcc39c?s=96&d=mm&r=g","caption":"haberkuzey"},"sameAs":["https:\/\/haberkuzey.com"],"url":"https:\/\/haberkuzey.com\/index.php\/author\/haberkuzey\/"}]}},"_links":{"self":[{"href":"https:\/\/haberkuzey.com\/index.php\/wp-json\/wp\/v2\/posts\/35061","targetHints":{"allow":["GET"]}}],"collection":[{"href":"https:\/\/haberkuzey.com\/index.php\/wp-json\/wp\/v2\/posts"}],"about":[{"href":"https:\/\/haberkuzey.com\/index.php\/wp-json\/wp\/v2\/types\/post"}],"author":[{"embeddable":true,"href":"https:\/\/haberkuzey.com\/index.php\/wp-json\/wp\/v2\/users\/1"}],"replies":[{"embeddable":true,"href":"https:\/\/haberkuzey.com\/index.php\/wp-json\/wp\/v2\/comments?post=35061"}],"version-history":[{"count":0,"href":"https:\/\/haberkuzey.com\/index.php\/wp-json\/wp\/v2\/posts\/35061\/revisions"}],"wp:featuredmedia":[{"embeddable":true,"href":"https:\/\/haberkuzey.com\/index.php\/wp-json\/wp\/v2\/media\/35062"}],"wp:attachment":[{"href":"https:\/\/haberkuzey.com\/index.php\/wp-json\/wp\/v2\/media?parent=35061"}],"wp:term":[{"taxonomy":"category","embeddable":true,"href":"https:\/\/haberkuzey.com\/index.php\/wp-json\/wp\/v2\/categories?post=35061"},{"taxonomy":"post_tag","embeddable":true,"href":"https:\/\/haberkuzey.com\/index.php\/wp-json\/wp\/v2\/tags?post=35061"}],"curies":[{"name":"wp","href":"https:\/\/api.w.org\/{rel}","templated":true}]}}