{"id":35057,"date":"2026-03-07T14:42:13","date_gmt":"2026-03-07T12:42:13","guid":{"rendered":"https:\/\/haberkuzey.com\/index.php\/2026\/03\/07\/iskele-belediyesinin-15-kultur-sanat-gunleri-basladi\/"},"modified":"2026-03-07T14:42:13","modified_gmt":"2026-03-07T12:42:13","slug":"iskele-belediyesinin-15-kultur-sanat-gunleri-basladi","status":"publish","type":"post","link":"https:\/\/haberkuzey.com\/index.php\/2026\/03\/07\/iskele-belediyesinin-15-kultur-sanat-gunleri-basladi\/","title":{"rendered":"\u0130skele Belediyesinin 15. K\u00fclt\u00fcr &amp; Sanat G\u00fcnleri ba\u015flad\u0131"},"content":{"rendered":"<p style=\"font-weight: 300\"><span style=\"font-weight: 300 !important\">\u0130skele Belediyesi K\u00fclt\u00fcr Evi \u00f6n\u00fcnde d\u00fczenlenen a\u00e7\u0131l\u0131\u015f t\u00f6reni ile ba\u015flayan K\u00fclt\u00fcr &amp; Sanat G\u00fcnleri\u2019nin onur konu\u011fu ise sanat\u00e7\u0131 Z\u00fclf\u00fc Livaneli oldu.<\/span><\/p>\n<p style=\"font-weight: 300\"><span style=\"font-weight: 300 !important\">\u00a0\u0130skele AKM\u2019deki s\u00f6yle\u015fi ile sanatseverlerle bulu\u015fan Livaneli, s\u00f6yle\u015fi \u00f6ncesinde ise \u0130skele Belediye Ba\u015fkan\u0131 Hasan Sad\u0131ko\u011flu taraf\u0131ndan makam\u0131nda a\u011f\u0131rland\u0131.<\/span><\/p>\n<p style=\"font-weight: 300\"><span style=\"font-weight: 300 !important\">K\u00fclt\u00fcr Sanat G\u00fcnleri\u2019nin a\u00e7\u0131l\u0131\u015f konu\u015fmas\u0131n\u0131 yapan \u0130skele Belediye \u00a0Ba\u015fkan\u0131 Hasan Sad\u0131ko\u011flu k\u00fclt\u00fcr ve sanat\u0131n \u0130skele\u2019de g\u00fc\u00e7lenmesi i\u00e7in daha \u00e7ok \u00e7al\u0131\u015fmaya devam ettiklerini, 31 Mart\u2019a kadar s\u00fcrecek etkinliklerde \u0130skele\u2019nin tiyatronun, m\u00fczi\u011fin, edebiyat\u0131n, d\u00fc\u015f\u00fcncenin ve \u00fcretimin bulu\u015fma noktas\u0131 olaca\u011f\u0131n \u0131 kaydetti.<\/span><\/p>\n<p style=\"font-weight: 300\"><span style=\"font-weight: 300 !important\">Konu\u015fmas\u0131nda Ortado\u011fu\u2019da ya\u015fananlara da kay\u0131ts\u0131z kalmayan Ba\u015fkan Sad\u0131ko\u011flu son g\u00fcnlerde ya\u015fan\u0131lanlar\u0131n bar\u0131\u015f\u0131n ne kadar k\u0131ymetli oldu\u011funu bir kez daha hat\u0131rlatt\u0131\u011f\u0131n\u0131 ifade etti.\u00a0<\/span><\/p>\n<p style=\"font-weight: 300\"><span style=\"font-weight: 300 !important\">\u0130skele Belediyesi 15. K\u00fclt\u00fcr &amp; Sanat G\u00fcnleri 31 Mart\u2019a kadar devam edecek. T\u00fcm etkinlikler \u00fccretsiz takip edilebilecek.<\/span><\/p>\n<p>\u0130skele Belediyesinin 15. K\u00fclt\u00fcr &#038; Sanat G\u00fcnleri ba\u015flad\u0131 yaz\u0131s\u0131 ilk \u00f6nce K\u0131br\u0131s Hakikat \u00fczerinde ortaya \u00e7\u0131kt\u0131.<\/p>\n","protected":false},"excerpt":{"rendered":"<p>\u0130skele Belediyesi K\u00fclt\u00fcr Evi \u00f6n\u00fcnde d\u00fczenlenen a\u00e7\u0131l\u0131\u015f t\u00f6reni ile ba\u015flayan K\u00fclt\u00fcr &amp; Sanat G\u00fcnleri\u2019nin onur konu\u011fu ise sanat\u00e7\u0131 Z\u00fclf\u00fc Livaneli oldu. \u00a0\u0130skele AKM\u2019deki s\u00f6yle\u015fi ile sanatseverlerle bulu\u015fan Livaneli, s\u00f6yle\u015fi \u00f6ncesinde ise \u0130skele Belediye Ba\u015fkan\u0131 Hasan Sad\u0131ko\u011flu taraf\u0131ndan makam\u0131nda a\u011f\u0131rland\u0131. K\u00fclt\u00fcr Sanat G\u00fcnleri\u2019nin a\u00e7\u0131l\u0131\u015f konu\u015fmas\u0131n\u0131 yapan \u0130skele Belediye \u00a0Ba\u015fkan\u0131 Hasan Sad\u0131ko\u011flu k\u00fclt\u00fcr ve sanat\u0131n \u0130skele\u2019de g\u00fc\u00e7lenmesi [&hellip;]<\/p>\n","protected":false},"author":1,"featured_media":35058,"comment_status":"open","ping_status":"open","sticky":false,"template":"","format":"standard","meta":{"jnews-multi-image_gallery":[],"jnews_single_post":[],"jnews_primary_category":[],"footnotes":""},"categories":[1],"tags":[],"class_list":["post-35057","post","type-post","status-publish","format-standard","has-post-thumbnail","hentry","category-kibris"],"yoast_head":"<!-- This site is optimized with the Yoast SEO plugin v27.5 - https:\/\/yoast.com\/product\/yoast-seo-wordpress\/ -->\n<title>\u0130skele Belediyesinin 15. K\u00fclt\u00fcr &amp; Sanat G\u00fcnleri ba\u015flad\u0131 - Haber Kuzey<\/title>\n<meta name=\"robots\" content=\"index, follow, max-snippet:-1, max-image-preview:large, max-video-preview:-1\" \/>\n<link rel=\"canonical\" href=\"https:\/\/haberkuzey.com\/index.php\/2026\/03\/07\/iskele-belediyesinin-15-kultur-sanat-gunleri-basladi\/\" \/>\n<meta property=\"og:locale\" content=\"tr_TR\" \/>\n<meta property=\"og:type\" content=\"article\" \/>\n<meta property=\"og:title\" content=\"\u0130skele Belediyesinin 15. K\u00fclt\u00fcr &amp; Sanat G\u00fcnleri ba\u015flad\u0131 - Haber Kuzey\" \/>\n<meta property=\"og:description\" content=\"\u0130skele Belediyesi K\u00fclt\u00fcr Evi \u00f6n\u00fcnde d\u00fczenlenen a\u00e7\u0131l\u0131\u015f t\u00f6reni ile ba\u015flayan K\u00fclt\u00fcr &amp; Sanat G\u00fcnleri\u2019nin onur konu\u011fu ise sanat\u00e7\u0131 Z\u00fclf\u00fc Livaneli oldu. \u00a0\u0130skele AKM\u2019deki s\u00f6yle\u015fi ile sanatseverlerle bulu\u015fan Livaneli, s\u00f6yle\u015fi \u00f6ncesinde ise \u0130skele Belediye Ba\u015fkan\u0131 Hasan Sad\u0131ko\u011flu taraf\u0131ndan makam\u0131nda a\u011f\u0131rland\u0131. K\u00fclt\u00fcr Sanat G\u00fcnleri\u2019nin a\u00e7\u0131l\u0131\u015f konu\u015fmas\u0131n\u0131 yapan \u0130skele Belediye \u00a0Ba\u015fkan\u0131 Hasan Sad\u0131ko\u011flu k\u00fclt\u00fcr ve sanat\u0131n \u0130skele\u2019de g\u00fc\u00e7lenmesi [&hellip;]\" \/>\n<meta property=\"og:url\" content=\"https:\/\/haberkuzey.com\/index.php\/2026\/03\/07\/iskele-belediyesinin-15-kultur-sanat-gunleri-basladi\/\" \/>\n<meta property=\"og:site_name\" content=\"Haber Kuzey\" \/>\n<meta property=\"article:published_time\" content=\"2026-03-07T12:42:13+00:00\" \/>\n<meta name=\"author\" content=\"haberkuzey\" \/>\n<meta name=\"twitter:card\" content=\"summary_large_image\" \/>\n<meta name=\"twitter:label1\" content=\"Yazan:\" \/>\n\t<meta name=\"twitter:data1\" content=\"haberkuzey\" \/>\n\t<meta name=\"twitter:label2\" content=\"Tahmini okuma s\u00fcresi\" \/>\n\t<meta name=\"twitter:data2\" content=\"1 dakika\" \/>\n<script type=\"application\/ld+json\" class=\"yoast-schema-graph\">{\"@context\":\"https:\\\/\\\/schema.org\",\"@graph\":[{\"@type\":\"Article\",\"@id\":\"https:\\\/\\\/haberkuzey.com\\\/index.php\\\/2026\\\/03\\\/07\\\/iskele-belediyesinin-15-kultur-sanat-gunleri-basladi\\\/#article\",\"isPartOf\":{\"@id\":\"https:\\\/\\\/haberkuzey.com\\\/index.php\\\/2026\\\/03\\\/07\\\/iskele-belediyesinin-15-kultur-sanat-gunleri-basladi\\\/\"},\"author\":{\"name\":\"haberkuzey\",\"@id\":\"https:\\\/\\\/haberkuzey.com\\\/#\\\/schema\\\/person\\\/3372109ec735f9333f4fa47ebb9605ca\"},\"headline\":\"\u0130skele Belediyesinin 15. K\u00fclt\u00fcr &amp; Sanat G\u00fcnleri ba\u015flad\u0131\",\"datePublished\":\"2026-03-07T12:42:13+00:00\",\"mainEntityOfPage\":{\"@id\":\"https:\\\/\\\/haberkuzey.com\\\/index.php\\\/2026\\\/03\\\/07\\\/iskele-belediyesinin-15-kultur-sanat-gunleri-basladi\\\/\"},\"wordCount\":220,\"commentCount\":0,\"image\":{\"@id\":\"https:\\\/\\\/haberkuzey.com\\\/index.php\\\/2026\\\/03\\\/07\\\/iskele-belediyesinin-15-kultur-sanat-gunleri-basladi\\\/#primaryimage\"},\"thumbnailUrl\":\"https:\\\/\\\/haberkuzey.com\\\/wp-content\\\/uploads\\\/2026\\\/03\\\/1772886520201ISKELE-KULTUR-SANAT-GUNLERI-BASLADI-9-1.jpg\",\"articleSection\":[\"K\u0131br\u0131s\"],\"inLanguage\":\"tr\",\"potentialAction\":[{\"@type\":\"CommentAction\",\"name\":\"Comment\",\"target\":[\"https:\\\/\\\/haberkuzey.com\\\/index.php\\\/2026\\\/03\\\/07\\\/iskele-belediyesinin-15-kultur-sanat-gunleri-basladi\\\/#respond\"]}]},{\"@type\":\"WebPage\",\"@id\":\"https:\\\/\\\/haberkuzey.com\\\/index.php\\\/2026\\\/03\\\/07\\\/iskele-belediyesinin-15-kultur-sanat-gunleri-basladi\\\/\",\"url\":\"https:\\\/\\\/haberkuzey.com\\\/index.php\\\/2026\\\/03\\\/07\\\/iskele-belediyesinin-15-kultur-sanat-gunleri-basladi\\\/\",\"name\":\"\u0130skele Belediyesinin 15. K\u00fclt\u00fcr &amp; Sanat G\u00fcnleri ba\u015flad\u0131 - Haber Kuzey\",\"isPartOf\":{\"@id\":\"https:\\\/\\\/haberkuzey.com\\\/#website\"},\"primaryImageOfPage\":{\"@id\":\"https:\\\/\\\/haberkuzey.com\\\/index.php\\\/2026\\\/03\\\/07\\\/iskele-belediyesinin-15-kultur-sanat-gunleri-basladi\\\/#primaryimage\"},\"image\":{\"@id\":\"https:\\\/\\\/haberkuzey.com\\\/index.php\\\/2026\\\/03\\\/07\\\/iskele-belediyesinin-15-kultur-sanat-gunleri-basladi\\\/#primaryimage\"},\"thumbnailUrl\":\"https:\\\/\\\/haberkuzey.com\\\/wp-content\\\/uploads\\\/2026\\\/03\\\/1772886520201ISKELE-KULTUR-SANAT-GUNLERI-BASLADI-9-1.jpg\",\"datePublished\":\"2026-03-07T12:42:13+00:00\",\"author\":{\"@id\":\"https:\\\/\\\/haberkuzey.com\\\/#\\\/schema\\\/person\\\/3372109ec735f9333f4fa47ebb9605ca\"},\"breadcrumb\":{\"@id\":\"https:\\\/\\\/haberkuzey.com\\\/index.php\\\/2026\\\/03\\\/07\\\/iskele-belediyesinin-15-kultur-sanat-gunleri-basladi\\\/#breadcrumb\"},\"inLanguage\":\"tr\",\"potentialAction\":[{\"@type\":\"ReadAction\",\"target\":[\"https:\\\/\\\/haberkuzey.com\\\/index.php\\\/2026\\\/03\\\/07\\\/iskele-belediyesinin-15-kultur-sanat-gunleri-basladi\\\/\"]}]},{\"@type\":\"ImageObject\",\"inLanguage\":\"tr\",\"@id\":\"https:\\\/\\\/haberkuzey.com\\\/index.php\\\/2026\\\/03\\\/07\\\/iskele-belediyesinin-15-kultur-sanat-gunleri-basladi\\\/#primaryimage\",\"url\":\"https:\\\/\\\/haberkuzey.com\\\/wp-content\\\/uploads\\\/2026\\\/03\\\/1772886520201ISKELE-KULTUR-SANAT-GUNLERI-BASLADI-9-1.jpg\",\"contentUrl\":\"https:\\\/\\\/haberkuzey.com\\\/wp-content\\\/uploads\\\/2026\\\/03\\\/1772886520201ISKELE-KULTUR-SANAT-GUNLERI-BASLADI-9-1.jpg\",\"width\":1620,\"height\":1080},{\"@type\":\"BreadcrumbList\",\"@id\":\"https:\\\/\\\/haberkuzey.com\\\/index.php\\\/2026\\\/03\\\/07\\\/iskele-belediyesinin-15-kultur-sanat-gunleri-basladi\\\/#breadcrumb\",\"itemListElement\":[{\"@type\":\"ListItem\",\"position\":1,\"name\":\"Anasayfa\",\"item\":\"https:\\\/\\\/haberkuzey.com\\\/\"},{\"@type\":\"ListItem\",\"position\":2,\"name\":\"\u0130skele Belediyesinin 15. K\u00fclt\u00fcr &amp; Sanat G\u00fcnleri ba\u015flad\u0131\"}]},{\"@type\":\"WebSite\",\"@id\":\"https:\\\/\\\/haberkuzey.com\\\/#website\",\"url\":\"https:\\\/\\\/haberkuzey.com\\\/\",\"name\":\"Haber Kuzey\",\"description\":\"Do\u011fru Haberin Adresi\",\"potentialAction\":[{\"@type\":\"SearchAction\",\"target\":{\"@type\":\"EntryPoint\",\"urlTemplate\":\"https:\\\/\\\/haberkuzey.com\\\/?s={search_term_string}\"},\"query-input\":{\"@type\":\"PropertyValueSpecification\",\"valueRequired\":true,\"valueName\":\"search_term_string\"}}],\"inLanguage\":\"tr\"},{\"@type\":\"Person\",\"@id\":\"https:\\\/\\\/haberkuzey.com\\\/#\\\/schema\\\/person\\\/3372109ec735f9333f4fa47ebb9605ca\",\"name\":\"haberkuzey\",\"image\":{\"@type\":\"ImageObject\",\"inLanguage\":\"tr\",\"@id\":\"https:\\\/\\\/secure.gravatar.com\\\/avatar\\\/f5fc875574b1575324358c3b9e6a32b8227aa5b74f3fa22e3cadb63e26fcc39c?s=96&d=mm&r=g\",\"url\":\"https:\\\/\\\/secure.gravatar.com\\\/avatar\\\/f5fc875574b1575324358c3b9e6a32b8227aa5b74f3fa22e3cadb63e26fcc39c?s=96&d=mm&r=g\",\"contentUrl\":\"https:\\\/\\\/secure.gravatar.com\\\/avatar\\\/f5fc875574b1575324358c3b9e6a32b8227aa5b74f3fa22e3cadb63e26fcc39c?s=96&d=mm&r=g\",\"caption\":\"haberkuzey\"},\"sameAs\":[\"https:\\\/\\\/haberkuzey.com\"],\"url\":\"https:\\\/\\\/haberkuzey.com\\\/index.php\\\/author\\\/haberkuzey\\\/\"}]}<\/script>\n<!-- \/ Yoast SEO plugin. -->","yoast_head_json":{"title":"\u0130skele Belediyesinin 15. K\u00fclt\u00fcr &amp; Sanat G\u00fcnleri ba\u015flad\u0131 - Haber Kuzey","robots":{"index":"index","follow":"follow","max-snippet":"max-snippet:-1","max-image-preview":"max-image-preview:large","max-video-preview":"max-video-preview:-1"},"canonical":"https:\/\/haberkuzey.com\/index.php\/2026\/03\/07\/iskele-belediyesinin-15-kultur-sanat-gunleri-basladi\/","og_locale":"tr_TR","og_type":"article","og_title":"\u0130skele Belediyesinin 15. K\u00fclt\u00fcr &amp; Sanat G\u00fcnleri ba\u015flad\u0131 - Haber Kuzey","og_description":"\u0130skele Belediyesi K\u00fclt\u00fcr Evi \u00f6n\u00fcnde d\u00fczenlenen a\u00e7\u0131l\u0131\u015f t\u00f6reni ile ba\u015flayan K\u00fclt\u00fcr &amp; Sanat G\u00fcnleri\u2019nin onur konu\u011fu ise sanat\u00e7\u0131 Z\u00fclf\u00fc Livaneli oldu. \u00a0\u0130skele AKM\u2019deki s\u00f6yle\u015fi ile sanatseverlerle bulu\u015fan Livaneli, s\u00f6yle\u015fi \u00f6ncesinde ise \u0130skele Belediye Ba\u015fkan\u0131 Hasan Sad\u0131ko\u011flu taraf\u0131ndan makam\u0131nda a\u011f\u0131rland\u0131. K\u00fclt\u00fcr Sanat G\u00fcnleri\u2019nin a\u00e7\u0131l\u0131\u015f konu\u015fmas\u0131n\u0131 yapan \u0130skele Belediye \u00a0Ba\u015fkan\u0131 Hasan Sad\u0131ko\u011flu k\u00fclt\u00fcr ve sanat\u0131n \u0130skele\u2019de g\u00fc\u00e7lenmesi [&hellip;]","og_url":"https:\/\/haberkuzey.com\/index.php\/2026\/03\/07\/iskele-belediyesinin-15-kultur-sanat-gunleri-basladi\/","og_site_name":"Haber Kuzey","article_published_time":"2026-03-07T12:42:13+00:00","author":"haberkuzey","twitter_card":"summary_large_image","twitter_misc":{"Yazan:":"haberkuzey","Tahmini okuma s\u00fcresi":"1 dakika"},"schema":{"@context":"https:\/\/schema.org","@graph":[{"@type":"Article","@id":"https:\/\/haberkuzey.com\/index.php\/2026\/03\/07\/iskele-belediyesinin-15-kultur-sanat-gunleri-basladi\/#article","isPartOf":{"@id":"https:\/\/haberkuzey.com\/index.php\/2026\/03\/07\/iskele-belediyesinin-15-kultur-sanat-gunleri-basladi\/"},"author":{"name":"haberkuzey","@id":"https:\/\/haberkuzey.com\/#\/schema\/person\/3372109ec735f9333f4fa47ebb9605ca"},"headline":"\u0130skele Belediyesinin 15. K\u00fclt\u00fcr &amp; Sanat G\u00fcnleri ba\u015flad\u0131","datePublished":"2026-03-07T12:42:13+00:00","mainEntityOfPage":{"@id":"https:\/\/haberkuzey.com\/index.php\/2026\/03\/07\/iskele-belediyesinin-15-kultur-sanat-gunleri-basladi\/"},"wordCount":220,"commentCount":0,"image":{"@id":"https:\/\/haberkuzey.com\/index.php\/2026\/03\/07\/iskele-belediyesinin-15-kultur-sanat-gunleri-basladi\/#primaryimage"},"thumbnailUrl":"https:\/\/haberkuzey.com\/wp-content\/uploads\/2026\/03\/1772886520201ISKELE-KULTUR-SANAT-GUNLERI-BASLADI-9-1.jpg","articleSection":["K\u0131br\u0131s"],"inLanguage":"tr","potentialAction":[{"@type":"CommentAction","name":"Comment","target":["https:\/\/haberkuzey.com\/index.php\/2026\/03\/07\/iskele-belediyesinin-15-kultur-sanat-gunleri-basladi\/#respond"]}]},{"@type":"WebPage","@id":"https:\/\/haberkuzey.com\/index.php\/2026\/03\/07\/iskele-belediyesinin-15-kultur-sanat-gunleri-basladi\/","url":"https:\/\/haberkuzey.com\/index.php\/2026\/03\/07\/iskele-belediyesinin-15-kultur-sanat-gunleri-basladi\/","name":"\u0130skele Belediyesinin 15. K\u00fclt\u00fcr &amp; Sanat G\u00fcnleri ba\u015flad\u0131 - Haber Kuzey","isPartOf":{"@id":"https:\/\/haberkuzey.com\/#website"},"primaryImageOfPage":{"@id":"https:\/\/haberkuzey.com\/index.php\/2026\/03\/07\/iskele-belediyesinin-15-kultur-sanat-gunleri-basladi\/#primaryimage"},"image":{"@id":"https:\/\/haberkuzey.com\/index.php\/2026\/03\/07\/iskele-belediyesinin-15-kultur-sanat-gunleri-basladi\/#primaryimage"},"thumbnailUrl":"https:\/\/haberkuzey.com\/wp-content\/uploads\/2026\/03\/1772886520201ISKELE-KULTUR-SANAT-GUNLERI-BASLADI-9-1.jpg","datePublished":"2026-03-07T12:42:13+00:00","author":{"@id":"https:\/\/haberkuzey.com\/#\/schema\/person\/3372109ec735f9333f4fa47ebb9605ca"},"breadcrumb":{"@id":"https:\/\/haberkuzey.com\/index.php\/2026\/03\/07\/iskele-belediyesinin-15-kultur-sanat-gunleri-basladi\/#breadcrumb"},"inLanguage":"tr","potentialAction":[{"@type":"ReadAction","target":["https:\/\/haberkuzey.com\/index.php\/2026\/03\/07\/iskele-belediyesinin-15-kultur-sanat-gunleri-basladi\/"]}]},{"@type":"ImageObject","inLanguage":"tr","@id":"https:\/\/haberkuzey.com\/index.php\/2026\/03\/07\/iskele-belediyesinin-15-kultur-sanat-gunleri-basladi\/#primaryimage","url":"https:\/\/haberkuzey.com\/wp-content\/uploads\/2026\/03\/1772886520201ISKELE-KULTUR-SANAT-GUNLERI-BASLADI-9-1.jpg","contentUrl":"https:\/\/haberkuzey.com\/wp-content\/uploads\/2026\/03\/1772886520201ISKELE-KULTUR-SANAT-GUNLERI-BASLADI-9-1.jpg","width":1620,"height":1080},{"@type":"BreadcrumbList","@id":"https:\/\/haberkuzey.com\/index.php\/2026\/03\/07\/iskele-belediyesinin-15-kultur-sanat-gunleri-basladi\/#breadcrumb","itemListElement":[{"@type":"ListItem","position":1,"name":"Anasayfa","item":"https:\/\/haberkuzey.com\/"},{"@type":"ListItem","position":2,"name":"\u0130skele Belediyesinin 15. K\u00fclt\u00fcr &amp; Sanat G\u00fcnleri ba\u015flad\u0131"}]},{"@type":"WebSite","@id":"https:\/\/haberkuzey.com\/#website","url":"https:\/\/haberkuzey.com\/","name":"Haber Kuzey","description":"Do\u011fru Haberin Adresi","potentialAction":[{"@type":"SearchAction","target":{"@type":"EntryPoint","urlTemplate":"https:\/\/haberkuzey.com\/?s={search_term_string}"},"query-input":{"@type":"PropertyValueSpecification","valueRequired":true,"valueName":"search_term_string"}}],"inLanguage":"tr"},{"@type":"Person","@id":"https:\/\/haberkuzey.com\/#\/schema\/person\/3372109ec735f9333f4fa47ebb9605ca","name":"haberkuzey","image":{"@type":"ImageObject","inLanguage":"tr","@id":"https:\/\/secure.gravatar.com\/avatar\/f5fc875574b1575324358c3b9e6a32b8227aa5b74f3fa22e3cadb63e26fcc39c?s=96&d=mm&r=g","url":"https:\/\/secure.gravatar.com\/avatar\/f5fc875574b1575324358c3b9e6a32b8227aa5b74f3fa22e3cadb63e26fcc39c?s=96&d=mm&r=g","contentUrl":"https:\/\/secure.gravatar.com\/avatar\/f5fc875574b1575324358c3b9e6a32b8227aa5b74f3fa22e3cadb63e26fcc39c?s=96&d=mm&r=g","caption":"haberkuzey"},"sameAs":["https:\/\/haberkuzey.com"],"url":"https:\/\/haberkuzey.com\/index.php\/author\/haberkuzey\/"}]}},"_links":{"self":[{"href":"https:\/\/haberkuzey.com\/index.php\/wp-json\/wp\/v2\/posts\/35057","targetHints":{"allow":["GET"]}}],"collection":[{"href":"https:\/\/haberkuzey.com\/index.php\/wp-json\/wp\/v2\/posts"}],"about":[{"href":"https:\/\/haberkuzey.com\/index.php\/wp-json\/wp\/v2\/types\/post"}],"author":[{"embeddable":true,"href":"https:\/\/haberkuzey.com\/index.php\/wp-json\/wp\/v2\/users\/1"}],"replies":[{"embeddable":true,"href":"https:\/\/haberkuzey.com\/index.php\/wp-json\/wp\/v2\/comments?post=35057"}],"version-history":[{"count":0,"href":"https:\/\/haberkuzey.com\/index.php\/wp-json\/wp\/v2\/posts\/35057\/revisions"}],"wp:featuredmedia":[{"embeddable":true,"href":"https:\/\/haberkuzey.com\/index.php\/wp-json\/wp\/v2\/media\/35058"}],"wp:attachment":[{"href":"https:\/\/haberkuzey.com\/index.php\/wp-json\/wp\/v2\/media?parent=35057"}],"wp:term":[{"taxonomy":"category","embeddable":true,"href":"https:\/\/haberkuzey.com\/index.php\/wp-json\/wp\/v2\/categories?post=35057"},{"taxonomy":"post_tag","embeddable":true,"href":"https:\/\/haberkuzey.com\/index.php\/wp-json\/wp\/v2\/tags?post=35057"}],"curies":[{"name":"wp","href":"https:\/\/api.w.org\/{rel}","templated":true}]}}