{"id":35051,"date":"2026-03-07T13:52:30","date_gmt":"2026-03-07T11:52:30","guid":{"rendered":"https:\/\/haberkuzey.com\/index.php\/2026\/03\/07\/kadinin-emegi-guclu-toplumun-temelidir\/"},"modified":"2026-03-07T13:52:30","modified_gmt":"2026-03-07T11:52:30","slug":"kadinin-emegi-guclu-toplumun-temelidir","status":"publish","type":"post","link":"https:\/\/haberkuzey.com\/index.php\/2026\/03\/07\/kadinin-emegi-guclu-toplumun-temelidir\/","title":{"rendered":"\u201cKad\u0131n\u0131n eme\u011fi g\u00fc\u00e7l\u00fc toplumun temelidir\u201d"},"content":{"rendered":"<p style=\"font-weight: 300\">Bakan Berova, kad\u0131nlar\u0131n toplumun her alan\u0131nda \u00fcstlendikleri rol\u00fcn b\u00fcy\u00fck \u00f6nem ta\u015f\u0131d\u0131\u011f\u0131n\u0131 belirtti. Kad\u0131n eme\u011finin, fedak\u00e2rl\u0131\u011f\u0131n\u0131n ve \u00fcretkenli\u011finin toplumlar\u0131n geli\u015fmesinde temel g\u00fc\u00e7 oldu\u011funu vurgulad\u0131.<\/p>\n<p style=\"font-weight: 300\">Kad\u0131nlar\u0131n ailede, i\u015f hayat\u0131nda, e\u011fitimde ve sosyal ya\u015fam\u0131n her alan\u0131nda b\u00fcy\u00fck sorumluluklar \u00fcstlendi\u011fini ifade eden Berova, kad\u0131nlar\u0131n g\u00fc\u00e7lenmesinin toplumun g\u00fc\u00e7lenmesi anlam\u0131na geldi\u011fini kaydetti.<\/p>\n<p style=\"font-weight: 300\">Maliye Bakan\u0131 \u00d6zdemir Berova mesaj\u0131nda \u015fu ifadelere yer verdi.<\/p>\n<p style=\"font-weight: 300\">\u201cKad\u0131nlar\u0131m\u0131z emekleri, azimleri ve \u00fcretkenlikleriyle toplumumuzun en g\u00fc\u00e7l\u00fc yap\u0131 ta\u015flar\u0131ndan biridir. Daha adil, daha g\u00fc\u00e7l\u00fc ve daha m\u00fcreffeh bir toplum i\u00e7in kad\u0131nlar\u0131n ya\u015fam\u0131n her alan\u0131nda e\u015fit f\u0131rsatlara sahip olmas\u0131 b\u00fcy\u00fck \u00f6nem ta\u015f\u0131maktad\u0131r.<\/p>\n<p style=\"font-weight: 300\">Kad\u0131nlar\u0131n ekonomiye, sosyal ya\u015fama ve toplumsal geli\u015fime sundu\u011fu katk\u0131 her ge\u00e7en g\u00fcn artmaktad\u0131r. Bu katk\u0131n\u0131n daha da g\u00fc\u00e7lenmesi toplumumuzun gelece\u011fi a\u00e7\u0131s\u0131ndan son derece de\u011ferlidir.<\/p>\n<p style=\"font-weight: 300\">Bu duygu ve d\u00fc\u015f\u00fcncelerle ba\u015fta \u00fclkemizdeki kad\u0131nlar olmak \u00fczere emekleriyle hayat\u0131n her alan\u0131na de\u011fer katan t\u00fcm kad\u0131nlar\u0131n 8 Mart D\u00fcnya Emek\u00e7i Kad\u0131nlar G\u00fcn\u00fc\u2019n\u00fc kutluyor sa\u011fl\u0131k, mutluluk ve ba\u015far\u0131 dolu bir gelecek diliyorum.\u201d<\/p>\n<p>&#8220;Kad\u0131n\u0131n eme\u011fi g\u00fc\u00e7l\u00fc toplumun temelidir\u201d yaz\u0131s\u0131 ilk \u00f6nce K\u0131br\u0131s Hakikat \u00fczerinde ortaya \u00e7\u0131kt\u0131.<\/p>\n","protected":false},"excerpt":{"rendered":"<p>Bakan Berova, kad\u0131nlar\u0131n toplumun her alan\u0131nda \u00fcstlendikleri rol\u00fcn b\u00fcy\u00fck \u00f6nem ta\u015f\u0131d\u0131\u011f\u0131n\u0131 belirtti. Kad\u0131n eme\u011finin, fedak\u00e2rl\u0131\u011f\u0131n\u0131n ve \u00fcretkenli\u011finin toplumlar\u0131n geli\u015fmesinde temel g\u00fc\u00e7 oldu\u011funu vurgulad\u0131. Kad\u0131nlar\u0131n ailede, i\u015f hayat\u0131nda, e\u011fitimde ve sosyal ya\u015fam\u0131n her alan\u0131nda b\u00fcy\u00fck sorumluluklar \u00fcstlendi\u011fini ifade eden Berova, kad\u0131nlar\u0131n g\u00fc\u00e7lenmesinin toplumun g\u00fc\u00e7lenmesi anlam\u0131na geldi\u011fini kaydetti. Maliye Bakan\u0131 \u00d6zdemir Berova mesaj\u0131nda \u015fu ifadelere yer verdi. [&hellip;]<\/p>\n","protected":false},"author":1,"featured_media":35052,"comment_status":"open","ping_status":"open","sticky":false,"template":"","format":"standard","meta":{"jnews-multi-image_gallery":[],"jnews_single_post":[],"jnews_primary_category":[],"footnotes":""},"categories":[1],"tags":[],"class_list":["post-35051","post","type-post","status-publish","format-standard","has-post-thumbnail","hentry","category-kibris"],"yoast_head":"<!-- This site is optimized with the Yoast SEO plugin v27.5 - https:\/\/yoast.com\/product\/yoast-seo-wordpress\/ -->\n<title>\u201cKad\u0131n\u0131n eme\u011fi g\u00fc\u00e7l\u00fc toplumun temelidir\u201d - Haber Kuzey<\/title>\n<meta name=\"robots\" content=\"index, follow, max-snippet:-1, max-image-preview:large, max-video-preview:-1\" \/>\n<link rel=\"canonical\" href=\"https:\/\/haberkuzey.com\/index.php\/2026\/03\/07\/kadinin-emegi-guclu-toplumun-temelidir\/\" \/>\n<meta property=\"og:locale\" content=\"tr_TR\" \/>\n<meta property=\"og:type\" content=\"article\" \/>\n<meta property=\"og:title\" content=\"\u201cKad\u0131n\u0131n eme\u011fi g\u00fc\u00e7l\u00fc toplumun temelidir\u201d - Haber Kuzey\" \/>\n<meta property=\"og:description\" content=\"Bakan Berova, kad\u0131nlar\u0131n toplumun her alan\u0131nda \u00fcstlendikleri rol\u00fcn b\u00fcy\u00fck \u00f6nem ta\u015f\u0131d\u0131\u011f\u0131n\u0131 belirtti. Kad\u0131n eme\u011finin, fedak\u00e2rl\u0131\u011f\u0131n\u0131n ve \u00fcretkenli\u011finin toplumlar\u0131n geli\u015fmesinde temel g\u00fc\u00e7 oldu\u011funu vurgulad\u0131. Kad\u0131nlar\u0131n ailede, i\u015f hayat\u0131nda, e\u011fitimde ve sosyal ya\u015fam\u0131n her alan\u0131nda b\u00fcy\u00fck sorumluluklar \u00fcstlendi\u011fini ifade eden Berova, kad\u0131nlar\u0131n g\u00fc\u00e7lenmesinin toplumun g\u00fc\u00e7lenmesi anlam\u0131na geldi\u011fini kaydetti. Maliye Bakan\u0131 \u00d6zdemir Berova mesaj\u0131nda \u015fu ifadelere yer verdi. [&hellip;]\" \/>\n<meta property=\"og:url\" content=\"https:\/\/haberkuzey.com\/index.php\/2026\/03\/07\/kadinin-emegi-guclu-toplumun-temelidir\/\" \/>\n<meta property=\"og:site_name\" content=\"Haber Kuzey\" \/>\n<meta property=\"article:published_time\" content=\"2026-03-07T11:52:30+00:00\" \/>\n<meta name=\"author\" content=\"haberkuzey\" \/>\n<meta name=\"twitter:card\" content=\"summary_large_image\" \/>\n<meta name=\"twitter:label1\" content=\"Yazan:\" \/>\n\t<meta name=\"twitter:data1\" content=\"haberkuzey\" \/>\n\t<meta name=\"twitter:label2\" content=\"Tahmini okuma s\u00fcresi\" \/>\n\t<meta name=\"twitter:data2\" content=\"1 dakika\" \/>\n<script type=\"application\/ld+json\" class=\"yoast-schema-graph\">{\"@context\":\"https:\\\/\\\/schema.org\",\"@graph\":[{\"@type\":\"Article\",\"@id\":\"https:\\\/\\\/haberkuzey.com\\\/index.php\\\/2026\\\/03\\\/07\\\/kadinin-emegi-guclu-toplumun-temelidir\\\/#article\",\"isPartOf\":{\"@id\":\"https:\\\/\\\/haberkuzey.com\\\/index.php\\\/2026\\\/03\\\/07\\\/kadinin-emegi-guclu-toplumun-temelidir\\\/\"},\"author\":{\"name\":\"haberkuzey\",\"@id\":\"https:\\\/\\\/haberkuzey.com\\\/#\\\/schema\\\/person\\\/3372109ec735f9333f4fa47ebb9605ca\"},\"headline\":\"\u201cKad\u0131n\u0131n eme\u011fi g\u00fc\u00e7l\u00fc toplumun temelidir\u201d\",\"datePublished\":\"2026-03-07T11:52:30+00:00\",\"mainEntityOfPage\":{\"@id\":\"https:\\\/\\\/haberkuzey.com\\\/index.php\\\/2026\\\/03\\\/07\\\/kadinin-emegi-guclu-toplumun-temelidir\\\/\"},\"wordCount\":257,\"commentCount\":0,\"image\":{\"@id\":\"https:\\\/\\\/haberkuzey.com\\\/index.php\\\/2026\\\/03\\\/07\\\/kadinin-emegi-guclu-toplumun-temelidir\\\/#primaryimage\"},\"thumbnailUrl\":\"https:\\\/\\\/haberkuzey.com\\\/wp-content\\\/uploads\\\/2026\\\/03\\\/1772883267718BEROVA.jpg\",\"articleSection\":[\"K\u0131br\u0131s\"],\"inLanguage\":\"tr\",\"potentialAction\":[{\"@type\":\"CommentAction\",\"name\":\"Comment\",\"target\":[\"https:\\\/\\\/haberkuzey.com\\\/index.php\\\/2026\\\/03\\\/07\\\/kadinin-emegi-guclu-toplumun-temelidir\\\/#respond\"]}]},{\"@type\":\"WebPage\",\"@id\":\"https:\\\/\\\/haberkuzey.com\\\/index.php\\\/2026\\\/03\\\/07\\\/kadinin-emegi-guclu-toplumun-temelidir\\\/\",\"url\":\"https:\\\/\\\/haberkuzey.com\\\/index.php\\\/2026\\\/03\\\/07\\\/kadinin-emegi-guclu-toplumun-temelidir\\\/\",\"name\":\"\u201cKad\u0131n\u0131n eme\u011fi g\u00fc\u00e7l\u00fc toplumun temelidir\u201d - Haber Kuzey\",\"isPartOf\":{\"@id\":\"https:\\\/\\\/haberkuzey.com\\\/#website\"},\"primaryImageOfPage\":{\"@id\":\"https:\\\/\\\/haberkuzey.com\\\/index.php\\\/2026\\\/03\\\/07\\\/kadinin-emegi-guclu-toplumun-temelidir\\\/#primaryimage\"},\"image\":{\"@id\":\"https:\\\/\\\/haberkuzey.com\\\/index.php\\\/2026\\\/03\\\/07\\\/kadinin-emegi-guclu-toplumun-temelidir\\\/#primaryimage\"},\"thumbnailUrl\":\"https:\\\/\\\/haberkuzey.com\\\/wp-content\\\/uploads\\\/2026\\\/03\\\/1772883267718BEROVA.jpg\",\"datePublished\":\"2026-03-07T11:52:30+00:00\",\"author\":{\"@id\":\"https:\\\/\\\/haberkuzey.com\\\/#\\\/schema\\\/person\\\/3372109ec735f9333f4fa47ebb9605ca\"},\"breadcrumb\":{\"@id\":\"https:\\\/\\\/haberkuzey.com\\\/index.php\\\/2026\\\/03\\\/07\\\/kadinin-emegi-guclu-toplumun-temelidir\\\/#breadcrumb\"},\"inLanguage\":\"tr\",\"potentialAction\":[{\"@type\":\"ReadAction\",\"target\":[\"https:\\\/\\\/haberkuzey.com\\\/index.php\\\/2026\\\/03\\\/07\\\/kadinin-emegi-guclu-toplumun-temelidir\\\/\"]}]},{\"@type\":\"ImageObject\",\"inLanguage\":\"tr\",\"@id\":\"https:\\\/\\\/haberkuzey.com\\\/index.php\\\/2026\\\/03\\\/07\\\/kadinin-emegi-guclu-toplumun-temelidir\\\/#primaryimage\",\"url\":\"https:\\\/\\\/haberkuzey.com\\\/wp-content\\\/uploads\\\/2026\\\/03\\\/1772883267718BEROVA.jpg\",\"contentUrl\":\"https:\\\/\\\/haberkuzey.com\\\/wp-content\\\/uploads\\\/2026\\\/03\\\/1772883267718BEROVA.jpg\",\"width\":1024,\"height\":748},{\"@type\":\"BreadcrumbList\",\"@id\":\"https:\\\/\\\/haberkuzey.com\\\/index.php\\\/2026\\\/03\\\/07\\\/kadinin-emegi-guclu-toplumun-temelidir\\\/#breadcrumb\",\"itemListElement\":[{\"@type\":\"ListItem\",\"position\":1,\"name\":\"Anasayfa\",\"item\":\"https:\\\/\\\/haberkuzey.com\\\/\"},{\"@type\":\"ListItem\",\"position\":2,\"name\":\"\u201cKad\u0131n\u0131n eme\u011fi g\u00fc\u00e7l\u00fc toplumun temelidir\u201d\"}]},{\"@type\":\"WebSite\",\"@id\":\"https:\\\/\\\/haberkuzey.com\\\/#website\",\"url\":\"https:\\\/\\\/haberkuzey.com\\\/\",\"name\":\"Haber Kuzey\",\"description\":\"Do\u011fru Haberin Adresi\",\"potentialAction\":[{\"@type\":\"SearchAction\",\"target\":{\"@type\":\"EntryPoint\",\"urlTemplate\":\"https:\\\/\\\/haberkuzey.com\\\/?s={search_term_string}\"},\"query-input\":{\"@type\":\"PropertyValueSpecification\",\"valueRequired\":true,\"valueName\":\"search_term_string\"}}],\"inLanguage\":\"tr\"},{\"@type\":\"Person\",\"@id\":\"https:\\\/\\\/haberkuzey.com\\\/#\\\/schema\\\/person\\\/3372109ec735f9333f4fa47ebb9605ca\",\"name\":\"haberkuzey\",\"image\":{\"@type\":\"ImageObject\",\"inLanguage\":\"tr\",\"@id\":\"https:\\\/\\\/secure.gravatar.com\\\/avatar\\\/f5fc875574b1575324358c3b9e6a32b8227aa5b74f3fa22e3cadb63e26fcc39c?s=96&d=mm&r=g\",\"url\":\"https:\\\/\\\/secure.gravatar.com\\\/avatar\\\/f5fc875574b1575324358c3b9e6a32b8227aa5b74f3fa22e3cadb63e26fcc39c?s=96&d=mm&r=g\",\"contentUrl\":\"https:\\\/\\\/secure.gravatar.com\\\/avatar\\\/f5fc875574b1575324358c3b9e6a32b8227aa5b74f3fa22e3cadb63e26fcc39c?s=96&d=mm&r=g\",\"caption\":\"haberkuzey\"},\"sameAs\":[\"https:\\\/\\\/haberkuzey.com\"],\"url\":\"https:\\\/\\\/haberkuzey.com\\\/index.php\\\/author\\\/haberkuzey\\\/\"}]}<\/script>\n<!-- \/ Yoast SEO plugin. -->","yoast_head_json":{"title":"\u201cKad\u0131n\u0131n eme\u011fi g\u00fc\u00e7l\u00fc toplumun temelidir\u201d - Haber Kuzey","robots":{"index":"index","follow":"follow","max-snippet":"max-snippet:-1","max-image-preview":"max-image-preview:large","max-video-preview":"max-video-preview:-1"},"canonical":"https:\/\/haberkuzey.com\/index.php\/2026\/03\/07\/kadinin-emegi-guclu-toplumun-temelidir\/","og_locale":"tr_TR","og_type":"article","og_title":"\u201cKad\u0131n\u0131n eme\u011fi g\u00fc\u00e7l\u00fc toplumun temelidir\u201d - Haber Kuzey","og_description":"Bakan Berova, kad\u0131nlar\u0131n toplumun her alan\u0131nda \u00fcstlendikleri rol\u00fcn b\u00fcy\u00fck \u00f6nem ta\u015f\u0131d\u0131\u011f\u0131n\u0131 belirtti. Kad\u0131n eme\u011finin, fedak\u00e2rl\u0131\u011f\u0131n\u0131n ve \u00fcretkenli\u011finin toplumlar\u0131n geli\u015fmesinde temel g\u00fc\u00e7 oldu\u011funu vurgulad\u0131. Kad\u0131nlar\u0131n ailede, i\u015f hayat\u0131nda, e\u011fitimde ve sosyal ya\u015fam\u0131n her alan\u0131nda b\u00fcy\u00fck sorumluluklar \u00fcstlendi\u011fini ifade eden Berova, kad\u0131nlar\u0131n g\u00fc\u00e7lenmesinin toplumun g\u00fc\u00e7lenmesi anlam\u0131na geldi\u011fini kaydetti. Maliye Bakan\u0131 \u00d6zdemir Berova mesaj\u0131nda \u015fu ifadelere yer verdi. [&hellip;]","og_url":"https:\/\/haberkuzey.com\/index.php\/2026\/03\/07\/kadinin-emegi-guclu-toplumun-temelidir\/","og_site_name":"Haber Kuzey","article_published_time":"2026-03-07T11:52:30+00:00","author":"haberkuzey","twitter_card":"summary_large_image","twitter_misc":{"Yazan:":"haberkuzey","Tahmini okuma s\u00fcresi":"1 dakika"},"schema":{"@context":"https:\/\/schema.org","@graph":[{"@type":"Article","@id":"https:\/\/haberkuzey.com\/index.php\/2026\/03\/07\/kadinin-emegi-guclu-toplumun-temelidir\/#article","isPartOf":{"@id":"https:\/\/haberkuzey.com\/index.php\/2026\/03\/07\/kadinin-emegi-guclu-toplumun-temelidir\/"},"author":{"name":"haberkuzey","@id":"https:\/\/haberkuzey.com\/#\/schema\/person\/3372109ec735f9333f4fa47ebb9605ca"},"headline":"\u201cKad\u0131n\u0131n eme\u011fi g\u00fc\u00e7l\u00fc toplumun temelidir\u201d","datePublished":"2026-03-07T11:52:30+00:00","mainEntityOfPage":{"@id":"https:\/\/haberkuzey.com\/index.php\/2026\/03\/07\/kadinin-emegi-guclu-toplumun-temelidir\/"},"wordCount":257,"commentCount":0,"image":{"@id":"https:\/\/haberkuzey.com\/index.php\/2026\/03\/07\/kadinin-emegi-guclu-toplumun-temelidir\/#primaryimage"},"thumbnailUrl":"https:\/\/haberkuzey.com\/wp-content\/uploads\/2026\/03\/1772883267718BEROVA.jpg","articleSection":["K\u0131br\u0131s"],"inLanguage":"tr","potentialAction":[{"@type":"CommentAction","name":"Comment","target":["https:\/\/haberkuzey.com\/index.php\/2026\/03\/07\/kadinin-emegi-guclu-toplumun-temelidir\/#respond"]}]},{"@type":"WebPage","@id":"https:\/\/haberkuzey.com\/index.php\/2026\/03\/07\/kadinin-emegi-guclu-toplumun-temelidir\/","url":"https:\/\/haberkuzey.com\/index.php\/2026\/03\/07\/kadinin-emegi-guclu-toplumun-temelidir\/","name":"\u201cKad\u0131n\u0131n eme\u011fi g\u00fc\u00e7l\u00fc toplumun temelidir\u201d - Haber Kuzey","isPartOf":{"@id":"https:\/\/haberkuzey.com\/#website"},"primaryImageOfPage":{"@id":"https:\/\/haberkuzey.com\/index.php\/2026\/03\/07\/kadinin-emegi-guclu-toplumun-temelidir\/#primaryimage"},"image":{"@id":"https:\/\/haberkuzey.com\/index.php\/2026\/03\/07\/kadinin-emegi-guclu-toplumun-temelidir\/#primaryimage"},"thumbnailUrl":"https:\/\/haberkuzey.com\/wp-content\/uploads\/2026\/03\/1772883267718BEROVA.jpg","datePublished":"2026-03-07T11:52:30+00:00","author":{"@id":"https:\/\/haberkuzey.com\/#\/schema\/person\/3372109ec735f9333f4fa47ebb9605ca"},"breadcrumb":{"@id":"https:\/\/haberkuzey.com\/index.php\/2026\/03\/07\/kadinin-emegi-guclu-toplumun-temelidir\/#breadcrumb"},"inLanguage":"tr","potentialAction":[{"@type":"ReadAction","target":["https:\/\/haberkuzey.com\/index.php\/2026\/03\/07\/kadinin-emegi-guclu-toplumun-temelidir\/"]}]},{"@type":"ImageObject","inLanguage":"tr","@id":"https:\/\/haberkuzey.com\/index.php\/2026\/03\/07\/kadinin-emegi-guclu-toplumun-temelidir\/#primaryimage","url":"https:\/\/haberkuzey.com\/wp-content\/uploads\/2026\/03\/1772883267718BEROVA.jpg","contentUrl":"https:\/\/haberkuzey.com\/wp-content\/uploads\/2026\/03\/1772883267718BEROVA.jpg","width":1024,"height":748},{"@type":"BreadcrumbList","@id":"https:\/\/haberkuzey.com\/index.php\/2026\/03\/07\/kadinin-emegi-guclu-toplumun-temelidir\/#breadcrumb","itemListElement":[{"@type":"ListItem","position":1,"name":"Anasayfa","item":"https:\/\/haberkuzey.com\/"},{"@type":"ListItem","position":2,"name":"\u201cKad\u0131n\u0131n eme\u011fi g\u00fc\u00e7l\u00fc toplumun temelidir\u201d"}]},{"@type":"WebSite","@id":"https:\/\/haberkuzey.com\/#website","url":"https:\/\/haberkuzey.com\/","name":"Haber Kuzey","description":"Do\u011fru Haberin Adresi","potentialAction":[{"@type":"SearchAction","target":{"@type":"EntryPoint","urlTemplate":"https:\/\/haberkuzey.com\/?s={search_term_string}"},"query-input":{"@type":"PropertyValueSpecification","valueRequired":true,"valueName":"search_term_string"}}],"inLanguage":"tr"},{"@type":"Person","@id":"https:\/\/haberkuzey.com\/#\/schema\/person\/3372109ec735f9333f4fa47ebb9605ca","name":"haberkuzey","image":{"@type":"ImageObject","inLanguage":"tr","@id":"https:\/\/secure.gravatar.com\/avatar\/f5fc875574b1575324358c3b9e6a32b8227aa5b74f3fa22e3cadb63e26fcc39c?s=96&d=mm&r=g","url":"https:\/\/secure.gravatar.com\/avatar\/f5fc875574b1575324358c3b9e6a32b8227aa5b74f3fa22e3cadb63e26fcc39c?s=96&d=mm&r=g","contentUrl":"https:\/\/secure.gravatar.com\/avatar\/f5fc875574b1575324358c3b9e6a32b8227aa5b74f3fa22e3cadb63e26fcc39c?s=96&d=mm&r=g","caption":"haberkuzey"},"sameAs":["https:\/\/haberkuzey.com"],"url":"https:\/\/haberkuzey.com\/index.php\/author\/haberkuzey\/"}]}},"_links":{"self":[{"href":"https:\/\/haberkuzey.com\/index.php\/wp-json\/wp\/v2\/posts\/35051","targetHints":{"allow":["GET"]}}],"collection":[{"href":"https:\/\/haberkuzey.com\/index.php\/wp-json\/wp\/v2\/posts"}],"about":[{"href":"https:\/\/haberkuzey.com\/index.php\/wp-json\/wp\/v2\/types\/post"}],"author":[{"embeddable":true,"href":"https:\/\/haberkuzey.com\/index.php\/wp-json\/wp\/v2\/users\/1"}],"replies":[{"embeddable":true,"href":"https:\/\/haberkuzey.com\/index.php\/wp-json\/wp\/v2\/comments?post=35051"}],"version-history":[{"count":0,"href":"https:\/\/haberkuzey.com\/index.php\/wp-json\/wp\/v2\/posts\/35051\/revisions"}],"wp:featuredmedia":[{"embeddable":true,"href":"https:\/\/haberkuzey.com\/index.php\/wp-json\/wp\/v2\/media\/35052"}],"wp:attachment":[{"href":"https:\/\/haberkuzey.com\/index.php\/wp-json\/wp\/v2\/media?parent=35051"}],"wp:term":[{"taxonomy":"category","embeddable":true,"href":"https:\/\/haberkuzey.com\/index.php\/wp-json\/wp\/v2\/categories?post=35051"},{"taxonomy":"post_tag","embeddable":true,"href":"https:\/\/haberkuzey.com\/index.php\/wp-json\/wp\/v2\/tags?post=35051"}],"curies":[{"name":"wp","href":"https:\/\/api.w.org\/{rel}","templated":true}]}}