{"id":35047,"date":"2026-03-07T12:50:22","date_gmt":"2026-03-07T10:50:22","guid":{"rendered":"https:\/\/haberkuzey.com\/index.php\/2026\/03\/07\/abd-ve-israile-yer-ve-tesis-saglamayan-ulkeleri-hedef-almayacagiz\/"},"modified":"2026-03-07T12:50:22","modified_gmt":"2026-03-07T10:50:22","slug":"abd-ve-israile-yer-ve-tesis-saglamayan-ulkeleri-hedef-almayacagiz","status":"publish","type":"post","link":"https:\/\/haberkuzey.com\/index.php\/2026\/03\/07\/abd-ve-israile-yer-ve-tesis-saglamayan-ulkeleri-hedef-almayacagiz\/","title":{"rendered":"ABD ve \u0130srail\u2019e yer ve tesis sa\u011flamayan \u00fclkeleri hedef almayaca\u011f\u0131z"},"content":{"rendered":"<p style=\"font-weight: 300\">Genelkurmay Ba\u015fkanl\u0131\u011f\u0131 S\u00f6zc\u00fcs\u00fc Tu\u011fgeneral \u015eikar\u00e7i, \u0130ran Silahl\u0131 Kuvvetleri&#8217;nin ABD ve \u0130srail&#8217;e kar\u015f\u0131 sald\u0131r\u0131larda geri ad\u0131m atmayaca\u011f\u0131n\u0131 vurgulad\u0131.<\/p>\n<p style=\"font-weight: 300\">\u0130ran&#8217;\u0131n ilk g\u00fcnden bu yana sald\u0131r\u0131lar\u0131n kayna\u011f\u0131 olan her noktay\u0131 &#8220;me\u015fru hedef&#8221; olarak ilan etti\u011fini s\u00f6yleyen \u015eikar\u00e7i, &#8220;Buna g\u00f6re, ABD&#8217;nin \u0130ran&#8217;a sald\u0131rmak i\u00e7in kulland\u0131\u011f\u0131 t\u00fcm \u00fcsler vuruldu. ABD ve Siyonist rejimin \u0130ran&#8217;a kar\u015f\u0131 harekete ge\u00e7mesi i\u00e7in kendi alanlar\u0131n\u0131 veya tesislerini sa\u011flamayan \u00fclkeler hedefimiz olmad\u0131 ve bundan sonra da olmayacakt\u0131r.&#8221; ifadelerini kulland\u0131.<\/p>\n<p style=\"font-weight: 300\">\u0130ran&#8217;\u0131n b\u00f6lge \u00fclkelerinin ulusal egemenli\u011fine sayg\u0131 duydu\u011funu vurgulayan \u015eikar\u00e7i, \u015funlar\u0131 kaydetti:<\/p>\n<p style=\"font-weight: 300\">\u00a0&#8220;T\u00fcm \u00e7abalar\u0131m\u0131z, kom\u015fu ve M\u00fcsl\u00fcman \u00fclkelerin zarar g\u00f6rmemesini ve ulusal egemenliklerinin ihlal edilmemesini sa\u011flamaya y\u00f6neliktir. \u0130yi kom\u015fuluk politikas\u0131, \u0130ran i\u00e7in temel bir ilke olmaya devam etmektedir. T\u00fcm M\u00fcsl\u00fcman \u00fclkelerin g\u00fcvenli\u011fi, \u0130ran \u0130slam Cumhuriyeti&#8217;nin g\u00fcvenli\u011fi olarak kabul edilir.&#8221;<\/p>\n<p style=\"font-weight: 300\">\u0130ranl\u0131 general, ayr\u0131ca &#8220;ABD ve Siyonist rejime darbeler devam edecek.&#8221; ifadelerini kulland\u0131.<\/p>\n<p style=\"font-weight: 300\">\u0130ran, ABD-\u0130srail&#8217;in sald\u0131r\u0131lar\u0131na kar\u015f\u0131l\u0131k \u0130srail&#8217;in yan\u0131 s\u0131ra b\u00f6lge \u00fclkelerindeki ABD \u00fcsleri ve hedeflerine f\u00fcze ve insans\u0131z hava ara\u00e7lar\u0131yla sald\u0131r\u0131lar d\u00fczenlemi\u015fti.<\/p>\n<p style=\"font-weight: 300\">\u0130ran Cumhurba\u015fkan\u0131 Mesud Peze\u015fkiyan, Ge\u00e7ici Liderlik Konseyi&#8217;nde al\u0131nan karara g\u00f6re \u0130ran\u2019a sald\u0131r\u0131 olmad\u0131\u011f\u0131 s\u00fcrece kom\u015fu \u00fclkelere y\u00f6nelik sald\u0131r\u0131 ve f\u00fcze at\u0131\u015f\u0131 yap\u0131lmayaca\u011f\u0131n\u0131 duyurmu\u015ftu.<\/p>\n<p style=\"font-weight: 300\">Peze\u015fkiyan, \u0130ran&#8217;\u0131n kar\u015f\u0131 sald\u0131r\u0131lar\u0131ndan zarar g\u00f6ren kom\u015fu \u00fclkelerden \u00f6z\u00fcr dilemi\u015fti.<\/p>\n<p>ABD ve \u0130srail&#8217;e yer ve tesis sa\u011flamayan \u00fclkeleri hedef almayaca\u011f\u0131z yaz\u0131s\u0131 ilk \u00f6nce K\u0131br\u0131s Hakikat \u00fczerinde ortaya \u00e7\u0131kt\u0131.<\/p>\n","protected":false},"excerpt":{"rendered":"<p>Genelkurmay Ba\u015fkanl\u0131\u011f\u0131 S\u00f6zc\u00fcs\u00fc Tu\u011fgeneral \u015eikar\u00e7i, \u0130ran Silahl\u0131 Kuvvetleri&#8217;nin ABD ve \u0130srail&#8217;e kar\u015f\u0131 sald\u0131r\u0131larda geri ad\u0131m atmayaca\u011f\u0131n\u0131 vurgulad\u0131. \u0130ran&#8217;\u0131n ilk g\u00fcnden bu yana sald\u0131r\u0131lar\u0131n kayna\u011f\u0131 olan her noktay\u0131 &#8220;me\u015fru hedef&#8221; olarak ilan etti\u011fini s\u00f6yleyen \u015eikar\u00e7i, &#8220;Buna g\u00f6re, ABD&#8217;nin \u0130ran&#8217;a sald\u0131rmak i\u00e7in kulland\u0131\u011f\u0131 t\u00fcm \u00fcsler vuruldu. ABD ve Siyonist rejimin \u0130ran&#8217;a kar\u015f\u0131 harekete ge\u00e7mesi i\u00e7in kendi alanlar\u0131n\u0131 [&hellip;]<\/p>\n","protected":false},"author":1,"featured_media":35048,"comment_status":"open","ping_status":"open","sticky":false,"template":"","format":"standard","meta":{"jnews-multi-image_gallery":[],"jnews_single_post":[],"jnews_primary_category":[],"footnotes":""},"categories":[1],"tags":[],"class_list":["post-35047","post","type-post","status-publish","format-standard","has-post-thumbnail","hentry","category-kibris"],"yoast_head":"<!-- This site is optimized with the Yoast SEO plugin v27.5 - https:\/\/yoast.com\/product\/yoast-seo-wordpress\/ -->\n<title>ABD ve \u0130srail\u2019e yer ve tesis sa\u011flamayan \u00fclkeleri hedef almayaca\u011f\u0131z - Haber Kuzey<\/title>\n<meta name=\"robots\" content=\"index, follow, max-snippet:-1, max-image-preview:large, max-video-preview:-1\" \/>\n<link rel=\"canonical\" href=\"https:\/\/haberkuzey.com\/index.php\/2026\/03\/07\/abd-ve-israile-yer-ve-tesis-saglamayan-ulkeleri-hedef-almayacagiz\/\" \/>\n<meta property=\"og:locale\" content=\"tr_TR\" \/>\n<meta property=\"og:type\" content=\"article\" \/>\n<meta property=\"og:title\" content=\"ABD ve \u0130srail\u2019e yer ve tesis sa\u011flamayan \u00fclkeleri hedef almayaca\u011f\u0131z - Haber Kuzey\" \/>\n<meta property=\"og:description\" content=\"Genelkurmay Ba\u015fkanl\u0131\u011f\u0131 S\u00f6zc\u00fcs\u00fc Tu\u011fgeneral \u015eikar\u00e7i, \u0130ran Silahl\u0131 Kuvvetleri&#8217;nin ABD ve \u0130srail&#8217;e kar\u015f\u0131 sald\u0131r\u0131larda geri ad\u0131m atmayaca\u011f\u0131n\u0131 vurgulad\u0131. \u0130ran&#8217;\u0131n ilk g\u00fcnden bu yana sald\u0131r\u0131lar\u0131n kayna\u011f\u0131 olan her noktay\u0131 &#8220;me\u015fru hedef&#8221; olarak ilan etti\u011fini s\u00f6yleyen \u015eikar\u00e7i, &#8220;Buna g\u00f6re, ABD&#8217;nin \u0130ran&#8217;a sald\u0131rmak i\u00e7in kulland\u0131\u011f\u0131 t\u00fcm \u00fcsler vuruldu. ABD ve Siyonist rejimin \u0130ran&#8217;a kar\u015f\u0131 harekete ge\u00e7mesi i\u00e7in kendi alanlar\u0131n\u0131 [&hellip;]\" \/>\n<meta property=\"og:url\" content=\"https:\/\/haberkuzey.com\/index.php\/2026\/03\/07\/abd-ve-israile-yer-ve-tesis-saglamayan-ulkeleri-hedef-almayacagiz\/\" \/>\n<meta property=\"og:site_name\" content=\"Haber Kuzey\" \/>\n<meta property=\"article:published_time\" content=\"2026-03-07T10:50:22+00:00\" \/>\n<meta name=\"author\" content=\"haberkuzey\" \/>\n<meta name=\"twitter:card\" content=\"summary_large_image\" \/>\n<meta name=\"twitter:label1\" content=\"Yazan:\" \/>\n\t<meta name=\"twitter:data1\" content=\"haberkuzey\" \/>\n\t<meta name=\"twitter:label2\" content=\"Tahmini okuma s\u00fcresi\" \/>\n\t<meta name=\"twitter:data2\" content=\"2 dakika\" \/>\n<script type=\"application\/ld+json\" class=\"yoast-schema-graph\">{\"@context\":\"https:\\\/\\\/schema.org\",\"@graph\":[{\"@type\":\"Article\",\"@id\":\"https:\\\/\\\/haberkuzey.com\\\/index.php\\\/2026\\\/03\\\/07\\\/abd-ve-israile-yer-ve-tesis-saglamayan-ulkeleri-hedef-almayacagiz\\\/#article\",\"isPartOf\":{\"@id\":\"https:\\\/\\\/haberkuzey.com\\\/index.php\\\/2026\\\/03\\\/07\\\/abd-ve-israile-yer-ve-tesis-saglamayan-ulkeleri-hedef-almayacagiz\\\/\"},\"author\":{\"name\":\"haberkuzey\",\"@id\":\"https:\\\/\\\/haberkuzey.com\\\/#\\\/schema\\\/person\\\/3372109ec735f9333f4fa47ebb9605ca\"},\"headline\":\"ABD ve \u0130srail\u2019e yer ve tesis sa\u011flamayan \u00fclkeleri hedef almayaca\u011f\u0131z\",\"datePublished\":\"2026-03-07T10:50:22+00:00\",\"mainEntityOfPage\":{\"@id\":\"https:\\\/\\\/haberkuzey.com\\\/index.php\\\/2026\\\/03\\\/07\\\/abd-ve-israile-yer-ve-tesis-saglamayan-ulkeleri-hedef-almayacagiz\\\/\"},\"wordCount\":318,\"commentCount\":0,\"image\":{\"@id\":\"https:\\\/\\\/haberkuzey.com\\\/index.php\\\/2026\\\/03\\\/07\\\/abd-ve-israile-yer-ve-tesis-saglamayan-ulkeleri-hedef-almayacagiz\\\/#primaryimage\"},\"thumbnailUrl\":\"https:\\\/\\\/haberkuzey.com\\\/wp-content\\\/uploads\\\/2026\\\/03\\\/1772877588889thumbs_b_c_291f6c0b33152de02146e7c0af71e367.jpg\",\"articleSection\":[\"K\u0131br\u0131s\"],\"inLanguage\":\"tr\",\"potentialAction\":[{\"@type\":\"CommentAction\",\"name\":\"Comment\",\"target\":[\"https:\\\/\\\/haberkuzey.com\\\/index.php\\\/2026\\\/03\\\/07\\\/abd-ve-israile-yer-ve-tesis-saglamayan-ulkeleri-hedef-almayacagiz\\\/#respond\"]}]},{\"@type\":\"WebPage\",\"@id\":\"https:\\\/\\\/haberkuzey.com\\\/index.php\\\/2026\\\/03\\\/07\\\/abd-ve-israile-yer-ve-tesis-saglamayan-ulkeleri-hedef-almayacagiz\\\/\",\"url\":\"https:\\\/\\\/haberkuzey.com\\\/index.php\\\/2026\\\/03\\\/07\\\/abd-ve-israile-yer-ve-tesis-saglamayan-ulkeleri-hedef-almayacagiz\\\/\",\"name\":\"ABD ve \u0130srail\u2019e yer ve tesis sa\u011flamayan \u00fclkeleri hedef almayaca\u011f\u0131z - Haber Kuzey\",\"isPartOf\":{\"@id\":\"https:\\\/\\\/haberkuzey.com\\\/#website\"},\"primaryImageOfPage\":{\"@id\":\"https:\\\/\\\/haberkuzey.com\\\/index.php\\\/2026\\\/03\\\/07\\\/abd-ve-israile-yer-ve-tesis-saglamayan-ulkeleri-hedef-almayacagiz\\\/#primaryimage\"},\"image\":{\"@id\":\"https:\\\/\\\/haberkuzey.com\\\/index.php\\\/2026\\\/03\\\/07\\\/abd-ve-israile-yer-ve-tesis-saglamayan-ulkeleri-hedef-almayacagiz\\\/#primaryimage\"},\"thumbnailUrl\":\"https:\\\/\\\/haberkuzey.com\\\/wp-content\\\/uploads\\\/2026\\\/03\\\/1772877588889thumbs_b_c_291f6c0b33152de02146e7c0af71e367.jpg\",\"datePublished\":\"2026-03-07T10:50:22+00:00\",\"author\":{\"@id\":\"https:\\\/\\\/haberkuzey.com\\\/#\\\/schema\\\/person\\\/3372109ec735f9333f4fa47ebb9605ca\"},\"breadcrumb\":{\"@id\":\"https:\\\/\\\/haberkuzey.com\\\/index.php\\\/2026\\\/03\\\/07\\\/abd-ve-israile-yer-ve-tesis-saglamayan-ulkeleri-hedef-almayacagiz\\\/#breadcrumb\"},\"inLanguage\":\"tr\",\"potentialAction\":[{\"@type\":\"ReadAction\",\"target\":[\"https:\\\/\\\/haberkuzey.com\\\/index.php\\\/2026\\\/03\\\/07\\\/abd-ve-israile-yer-ve-tesis-saglamayan-ulkeleri-hedef-almayacagiz\\\/\"]}]},{\"@type\":\"ImageObject\",\"inLanguage\":\"tr\",\"@id\":\"https:\\\/\\\/haberkuzey.com\\\/index.php\\\/2026\\\/03\\\/07\\\/abd-ve-israile-yer-ve-tesis-saglamayan-ulkeleri-hedef-almayacagiz\\\/#primaryimage\",\"url\":\"https:\\\/\\\/haberkuzey.com\\\/wp-content\\\/uploads\\\/2026\\\/03\\\/1772877588889thumbs_b_c_291f6c0b33152de02146e7c0af71e367.jpg\",\"contentUrl\":\"https:\\\/\\\/haberkuzey.com\\\/wp-content\\\/uploads\\\/2026\\\/03\\\/1772877588889thumbs_b_c_291f6c0b33152de02146e7c0af71e367.jpg\",\"width\":864,\"height\":486},{\"@type\":\"BreadcrumbList\",\"@id\":\"https:\\\/\\\/haberkuzey.com\\\/index.php\\\/2026\\\/03\\\/07\\\/abd-ve-israile-yer-ve-tesis-saglamayan-ulkeleri-hedef-almayacagiz\\\/#breadcrumb\",\"itemListElement\":[{\"@type\":\"ListItem\",\"position\":1,\"name\":\"Anasayfa\",\"item\":\"https:\\\/\\\/haberkuzey.com\\\/\"},{\"@type\":\"ListItem\",\"position\":2,\"name\":\"ABD ve \u0130srail\u2019e yer ve tesis sa\u011flamayan \u00fclkeleri hedef almayaca\u011f\u0131z\"}]},{\"@type\":\"WebSite\",\"@id\":\"https:\\\/\\\/haberkuzey.com\\\/#website\",\"url\":\"https:\\\/\\\/haberkuzey.com\\\/\",\"name\":\"Haber Kuzey\",\"description\":\"Do\u011fru Haberin Adresi\",\"potentialAction\":[{\"@type\":\"SearchAction\",\"target\":{\"@type\":\"EntryPoint\",\"urlTemplate\":\"https:\\\/\\\/haberkuzey.com\\\/?s={search_term_string}\"},\"query-input\":{\"@type\":\"PropertyValueSpecification\",\"valueRequired\":true,\"valueName\":\"search_term_string\"}}],\"inLanguage\":\"tr\"},{\"@type\":\"Person\",\"@id\":\"https:\\\/\\\/haberkuzey.com\\\/#\\\/schema\\\/person\\\/3372109ec735f9333f4fa47ebb9605ca\",\"name\":\"haberkuzey\",\"image\":{\"@type\":\"ImageObject\",\"inLanguage\":\"tr\",\"@id\":\"https:\\\/\\\/secure.gravatar.com\\\/avatar\\\/f5fc875574b1575324358c3b9e6a32b8227aa5b74f3fa22e3cadb63e26fcc39c?s=96&d=mm&r=g\",\"url\":\"https:\\\/\\\/secure.gravatar.com\\\/avatar\\\/f5fc875574b1575324358c3b9e6a32b8227aa5b74f3fa22e3cadb63e26fcc39c?s=96&d=mm&r=g\",\"contentUrl\":\"https:\\\/\\\/secure.gravatar.com\\\/avatar\\\/f5fc875574b1575324358c3b9e6a32b8227aa5b74f3fa22e3cadb63e26fcc39c?s=96&d=mm&r=g\",\"caption\":\"haberkuzey\"},\"sameAs\":[\"https:\\\/\\\/haberkuzey.com\"],\"url\":\"https:\\\/\\\/haberkuzey.com\\\/index.php\\\/author\\\/haberkuzey\\\/\"}]}<\/script>\n<!-- \/ Yoast SEO plugin. -->","yoast_head_json":{"title":"ABD ve \u0130srail\u2019e yer ve tesis sa\u011flamayan \u00fclkeleri hedef almayaca\u011f\u0131z - Haber Kuzey","robots":{"index":"index","follow":"follow","max-snippet":"max-snippet:-1","max-image-preview":"max-image-preview:large","max-video-preview":"max-video-preview:-1"},"canonical":"https:\/\/haberkuzey.com\/index.php\/2026\/03\/07\/abd-ve-israile-yer-ve-tesis-saglamayan-ulkeleri-hedef-almayacagiz\/","og_locale":"tr_TR","og_type":"article","og_title":"ABD ve \u0130srail\u2019e yer ve tesis sa\u011flamayan \u00fclkeleri hedef almayaca\u011f\u0131z - Haber Kuzey","og_description":"Genelkurmay Ba\u015fkanl\u0131\u011f\u0131 S\u00f6zc\u00fcs\u00fc Tu\u011fgeneral \u015eikar\u00e7i, \u0130ran Silahl\u0131 Kuvvetleri&#8217;nin ABD ve \u0130srail&#8217;e kar\u015f\u0131 sald\u0131r\u0131larda geri ad\u0131m atmayaca\u011f\u0131n\u0131 vurgulad\u0131. \u0130ran&#8217;\u0131n ilk g\u00fcnden bu yana sald\u0131r\u0131lar\u0131n kayna\u011f\u0131 olan her noktay\u0131 &#8220;me\u015fru hedef&#8221; olarak ilan etti\u011fini s\u00f6yleyen \u015eikar\u00e7i, &#8220;Buna g\u00f6re, ABD&#8217;nin \u0130ran&#8217;a sald\u0131rmak i\u00e7in kulland\u0131\u011f\u0131 t\u00fcm \u00fcsler vuruldu. ABD ve Siyonist rejimin \u0130ran&#8217;a kar\u015f\u0131 harekete ge\u00e7mesi i\u00e7in kendi alanlar\u0131n\u0131 [&hellip;]","og_url":"https:\/\/haberkuzey.com\/index.php\/2026\/03\/07\/abd-ve-israile-yer-ve-tesis-saglamayan-ulkeleri-hedef-almayacagiz\/","og_site_name":"Haber Kuzey","article_published_time":"2026-03-07T10:50:22+00:00","author":"haberkuzey","twitter_card":"summary_large_image","twitter_misc":{"Yazan:":"haberkuzey","Tahmini okuma s\u00fcresi":"2 dakika"},"schema":{"@context":"https:\/\/schema.org","@graph":[{"@type":"Article","@id":"https:\/\/haberkuzey.com\/index.php\/2026\/03\/07\/abd-ve-israile-yer-ve-tesis-saglamayan-ulkeleri-hedef-almayacagiz\/#article","isPartOf":{"@id":"https:\/\/haberkuzey.com\/index.php\/2026\/03\/07\/abd-ve-israile-yer-ve-tesis-saglamayan-ulkeleri-hedef-almayacagiz\/"},"author":{"name":"haberkuzey","@id":"https:\/\/haberkuzey.com\/#\/schema\/person\/3372109ec735f9333f4fa47ebb9605ca"},"headline":"ABD ve \u0130srail\u2019e yer ve tesis sa\u011flamayan \u00fclkeleri hedef almayaca\u011f\u0131z","datePublished":"2026-03-07T10:50:22+00:00","mainEntityOfPage":{"@id":"https:\/\/haberkuzey.com\/index.php\/2026\/03\/07\/abd-ve-israile-yer-ve-tesis-saglamayan-ulkeleri-hedef-almayacagiz\/"},"wordCount":318,"commentCount":0,"image":{"@id":"https:\/\/haberkuzey.com\/index.php\/2026\/03\/07\/abd-ve-israile-yer-ve-tesis-saglamayan-ulkeleri-hedef-almayacagiz\/#primaryimage"},"thumbnailUrl":"https:\/\/haberkuzey.com\/wp-content\/uploads\/2026\/03\/1772877588889thumbs_b_c_291f6c0b33152de02146e7c0af71e367.jpg","articleSection":["K\u0131br\u0131s"],"inLanguage":"tr","potentialAction":[{"@type":"CommentAction","name":"Comment","target":["https:\/\/haberkuzey.com\/index.php\/2026\/03\/07\/abd-ve-israile-yer-ve-tesis-saglamayan-ulkeleri-hedef-almayacagiz\/#respond"]}]},{"@type":"WebPage","@id":"https:\/\/haberkuzey.com\/index.php\/2026\/03\/07\/abd-ve-israile-yer-ve-tesis-saglamayan-ulkeleri-hedef-almayacagiz\/","url":"https:\/\/haberkuzey.com\/index.php\/2026\/03\/07\/abd-ve-israile-yer-ve-tesis-saglamayan-ulkeleri-hedef-almayacagiz\/","name":"ABD ve \u0130srail\u2019e yer ve tesis sa\u011flamayan \u00fclkeleri hedef almayaca\u011f\u0131z - Haber Kuzey","isPartOf":{"@id":"https:\/\/haberkuzey.com\/#website"},"primaryImageOfPage":{"@id":"https:\/\/haberkuzey.com\/index.php\/2026\/03\/07\/abd-ve-israile-yer-ve-tesis-saglamayan-ulkeleri-hedef-almayacagiz\/#primaryimage"},"image":{"@id":"https:\/\/haberkuzey.com\/index.php\/2026\/03\/07\/abd-ve-israile-yer-ve-tesis-saglamayan-ulkeleri-hedef-almayacagiz\/#primaryimage"},"thumbnailUrl":"https:\/\/haberkuzey.com\/wp-content\/uploads\/2026\/03\/1772877588889thumbs_b_c_291f6c0b33152de02146e7c0af71e367.jpg","datePublished":"2026-03-07T10:50:22+00:00","author":{"@id":"https:\/\/haberkuzey.com\/#\/schema\/person\/3372109ec735f9333f4fa47ebb9605ca"},"breadcrumb":{"@id":"https:\/\/haberkuzey.com\/index.php\/2026\/03\/07\/abd-ve-israile-yer-ve-tesis-saglamayan-ulkeleri-hedef-almayacagiz\/#breadcrumb"},"inLanguage":"tr","potentialAction":[{"@type":"ReadAction","target":["https:\/\/haberkuzey.com\/index.php\/2026\/03\/07\/abd-ve-israile-yer-ve-tesis-saglamayan-ulkeleri-hedef-almayacagiz\/"]}]},{"@type":"ImageObject","inLanguage":"tr","@id":"https:\/\/haberkuzey.com\/index.php\/2026\/03\/07\/abd-ve-israile-yer-ve-tesis-saglamayan-ulkeleri-hedef-almayacagiz\/#primaryimage","url":"https:\/\/haberkuzey.com\/wp-content\/uploads\/2026\/03\/1772877588889thumbs_b_c_291f6c0b33152de02146e7c0af71e367.jpg","contentUrl":"https:\/\/haberkuzey.com\/wp-content\/uploads\/2026\/03\/1772877588889thumbs_b_c_291f6c0b33152de02146e7c0af71e367.jpg","width":864,"height":486},{"@type":"BreadcrumbList","@id":"https:\/\/haberkuzey.com\/index.php\/2026\/03\/07\/abd-ve-israile-yer-ve-tesis-saglamayan-ulkeleri-hedef-almayacagiz\/#breadcrumb","itemListElement":[{"@type":"ListItem","position":1,"name":"Anasayfa","item":"https:\/\/haberkuzey.com\/"},{"@type":"ListItem","position":2,"name":"ABD ve \u0130srail\u2019e yer ve tesis sa\u011flamayan \u00fclkeleri hedef almayaca\u011f\u0131z"}]},{"@type":"WebSite","@id":"https:\/\/haberkuzey.com\/#website","url":"https:\/\/haberkuzey.com\/","name":"Haber Kuzey","description":"Do\u011fru Haberin Adresi","potentialAction":[{"@type":"SearchAction","target":{"@type":"EntryPoint","urlTemplate":"https:\/\/haberkuzey.com\/?s={search_term_string}"},"query-input":{"@type":"PropertyValueSpecification","valueRequired":true,"valueName":"search_term_string"}}],"inLanguage":"tr"},{"@type":"Person","@id":"https:\/\/haberkuzey.com\/#\/schema\/person\/3372109ec735f9333f4fa47ebb9605ca","name":"haberkuzey","image":{"@type":"ImageObject","inLanguage":"tr","@id":"https:\/\/secure.gravatar.com\/avatar\/f5fc875574b1575324358c3b9e6a32b8227aa5b74f3fa22e3cadb63e26fcc39c?s=96&d=mm&r=g","url":"https:\/\/secure.gravatar.com\/avatar\/f5fc875574b1575324358c3b9e6a32b8227aa5b74f3fa22e3cadb63e26fcc39c?s=96&d=mm&r=g","contentUrl":"https:\/\/secure.gravatar.com\/avatar\/f5fc875574b1575324358c3b9e6a32b8227aa5b74f3fa22e3cadb63e26fcc39c?s=96&d=mm&r=g","caption":"haberkuzey"},"sameAs":["https:\/\/haberkuzey.com"],"url":"https:\/\/haberkuzey.com\/index.php\/author\/haberkuzey\/"}]}},"_links":{"self":[{"href":"https:\/\/haberkuzey.com\/index.php\/wp-json\/wp\/v2\/posts\/35047","targetHints":{"allow":["GET"]}}],"collection":[{"href":"https:\/\/haberkuzey.com\/index.php\/wp-json\/wp\/v2\/posts"}],"about":[{"href":"https:\/\/haberkuzey.com\/index.php\/wp-json\/wp\/v2\/types\/post"}],"author":[{"embeddable":true,"href":"https:\/\/haberkuzey.com\/index.php\/wp-json\/wp\/v2\/users\/1"}],"replies":[{"embeddable":true,"href":"https:\/\/haberkuzey.com\/index.php\/wp-json\/wp\/v2\/comments?post=35047"}],"version-history":[{"count":0,"href":"https:\/\/haberkuzey.com\/index.php\/wp-json\/wp\/v2\/posts\/35047\/revisions"}],"wp:featuredmedia":[{"embeddable":true,"href":"https:\/\/haberkuzey.com\/index.php\/wp-json\/wp\/v2\/media\/35048"}],"wp:attachment":[{"href":"https:\/\/haberkuzey.com\/index.php\/wp-json\/wp\/v2\/media?parent=35047"}],"wp:term":[{"taxonomy":"category","embeddable":true,"href":"https:\/\/haberkuzey.com\/index.php\/wp-json\/wp\/v2\/categories?post=35047"},{"taxonomy":"post_tag","embeddable":true,"href":"https:\/\/haberkuzey.com\/index.php\/wp-json\/wp\/v2\/tags?post=35047"}],"curies":[{"name":"wp","href":"https:\/\/api.w.org\/{rel}","templated":true}]}}