{"id":35043,"date":"2026-03-07T12:37:05","date_gmt":"2026-03-07T10:37:05","guid":{"rendered":"https:\/\/haberkuzey.com\/index.php\/2026\/03\/07\/bize-saldiri-gelmedigi-surece-komsu-ulkelerin-vurulmamasi-ve-fuze-firlatilmamasi-karari-alindi\/"},"modified":"2026-03-07T12:37:05","modified_gmt":"2026-03-07T10:37:05","slug":"bize-saldiri-gelmedigi-surece-komsu-ulkelerin-vurulmamasi-ve-fuze-firlatilmamasi-karari-alindi","status":"publish","type":"post","link":"https:\/\/haberkuzey.com\/index.php\/2026\/03\/07\/bize-saldiri-gelmedigi-surece-komsu-ulkelerin-vurulmamasi-ve-fuze-firlatilmamasi-karari-alindi\/","title":{"rendered":"Bize sald\u0131r\u0131 gelmedi\u011fi s\u00fcrece kom\u015fu \u00fclkelerin vurulmamas\u0131 ve f\u00fcze f\u0131rlat\u0131lmamas\u0131 karar\u0131 al\u0131nd\u0131"},"content":{"rendered":"<p style=\"font-weight: 300\">Mesud Peze\u015fkiyan, devlet televizyonunda yay\u0131mlanan konu\u015fmas\u0131nda \u00fclkesinin g\u00fcvenlik politikas\u0131yla ilgili a\u00e7\u0131klamalarda bulundu.<\/p>\n<p style=\"font-weight: 300\">Konu\u015fmas\u0131nda, ABD ve \u0130srail sald\u0131r\u0131lar\u0131nda \u0130ran lideri Ayetullah Ali Hamaney, sivillerin, yetkililerin ve \u00f6\u011frencilerin hayat\u0131n\u0131 kaybetti\u011fine i\u015faret eden Peze\u015fkiyan, ABD ve \u0130srail&#8217;in sald\u0131r\u0131lar\u0131na kar\u015f\u0131 \u00fclkelerini savunduklar\u0131n\u0131 ifade etti.<\/p>\n<p style=\"font-weight: 300\">&#8211; &#8220;Sald\u0131r\u0131ya u\u011frayan kom\u015fu \u00fclkelerden \u00f6z\u00fcr diliyorum&#8221;<\/p>\n<p style=\"font-weight: 300\">\u0130ran&#8217;\u0131n misillemelerinde baz\u0131 kom\u015fu \u00fclkelerdeki ABD \u00fcslerine ve hedeflerine sald\u0131r\u0131lara dair Peze\u015fkiyan, \u015fu ifadeleri kulland\u0131:<\/p>\n<p style=\"font-weight: 300\">\u00a0&#8220;Sald\u0131r\u0131ya u\u011frayan kom\u015fu \u00fclkelerden \u00f6z\u00fcr diliyorum. Liderimiz, komutanlar\u0131m\u0131z ve \u00f6\u011frencilerimiz d\u00fc\u015fman\u0131n ac\u0131mas\u0131z sald\u0131r\u0131s\u0131 nedeniyle hayatlar\u0131n\u0131 kaybetti.<\/p>\n<p style=\"font-weight: 300\">Silahl\u0131 Kuvvetlerimiz, topraklar\u0131m\u0131z\u0131 onur ve g\u00fc\u00e7le savunmak i\u00e7in gerekeni yapt\u0131lar. Kom\u015fu \u00fclkelere sald\u0131rma niyetimiz yok. Onlar karde\u015flerimiz ve onlarla el ele verip bar\u0131\u015f ve huzur sa\u011flamaya \u00e7al\u0131\u015f\u0131yoruz.&#8221;<\/p>\n<p style=\"font-weight: 300\">\u0130ran lideri Ali Hamaney&#8217;in \u00f6ld\u00fcr\u00fclmesinden sonra Anayasa&#8217;ya g\u00f6re kurulan Ge\u00e7ici Liderlik Konseyi&#8217;nde bu y\u00f6nde al\u0131nan karar\u0131 anlatan Peze\u015fkiyan, &#8220;D\u00fcn, Ge\u00e7ici Liderlik Konseyi&#8217;nde, onlardan bize sald\u0131r\u0131 gelmedi\u011fi m\u00fcddet\u00e7e kom\u015fu \u00fclkelerin hedef al\u0131nmamas\u0131 ve f\u00fcze f\u0131rlat\u0131lmamas\u0131 karar\u0131 al\u0131nd\u0131.&#8221; dedi.<\/p>\n<p>Bize sald\u0131r\u0131 gelmedi\u011fi s\u00fcrece kom\u015fu \u00fclkelerin vurulmamas\u0131 ve f\u00fcze f\u0131rlat\u0131lmamas\u0131 karar\u0131 al\u0131nd\u0131 yaz\u0131s\u0131 ilk \u00f6nce K\u0131br\u0131s Hakikat \u00fczerinde ortaya \u00e7\u0131kt\u0131.<\/p>\n","protected":false},"excerpt":{"rendered":"<p>Mesud Peze\u015fkiyan, devlet televizyonunda yay\u0131mlanan konu\u015fmas\u0131nda \u00fclkesinin g\u00fcvenlik politikas\u0131yla ilgili a\u00e7\u0131klamalarda bulundu. Konu\u015fmas\u0131nda, ABD ve \u0130srail sald\u0131r\u0131lar\u0131nda \u0130ran lideri Ayetullah Ali Hamaney, sivillerin, yetkililerin ve \u00f6\u011frencilerin hayat\u0131n\u0131 kaybetti\u011fine i\u015faret eden Peze\u015fkiyan, ABD ve \u0130srail&#8217;in sald\u0131r\u0131lar\u0131na kar\u015f\u0131 \u00fclkelerini savunduklar\u0131n\u0131 ifade etti. &#8211; &#8220;Sald\u0131r\u0131ya u\u011frayan kom\u015fu \u00fclkelerden \u00f6z\u00fcr diliyorum&#8221; \u0130ran&#8217;\u0131n misillemelerinde baz\u0131 kom\u015fu \u00fclkelerdeki ABD \u00fcslerine ve [&hellip;]<\/p>\n","protected":false},"author":1,"featured_media":35044,"comment_status":"open","ping_status":"open","sticky":false,"template":"","format":"standard","meta":{"jnews-multi-image_gallery":[],"jnews_single_post":[],"jnews_primary_category":[],"footnotes":""},"categories":[1],"tags":[],"class_list":["post-35043","post","type-post","status-publish","format-standard","has-post-thumbnail","hentry","category-kibris"],"yoast_head":"<!-- This site is optimized with the Yoast SEO plugin v27.5 - https:\/\/yoast.com\/product\/yoast-seo-wordpress\/ -->\n<title>Bize sald\u0131r\u0131 gelmedi\u011fi s\u00fcrece kom\u015fu \u00fclkelerin vurulmamas\u0131 ve f\u00fcze f\u0131rlat\u0131lmamas\u0131 karar\u0131 al\u0131nd\u0131 - Haber Kuzey<\/title>\n<meta name=\"robots\" content=\"index, follow, max-snippet:-1, max-image-preview:large, max-video-preview:-1\" \/>\n<link rel=\"canonical\" href=\"https:\/\/haberkuzey.com\/index.php\/2026\/03\/07\/bize-saldiri-gelmedigi-surece-komsu-ulkelerin-vurulmamasi-ve-fuze-firlatilmamasi-karari-alindi\/\" \/>\n<meta property=\"og:locale\" content=\"tr_TR\" \/>\n<meta property=\"og:type\" content=\"article\" \/>\n<meta property=\"og:title\" content=\"Bize sald\u0131r\u0131 gelmedi\u011fi s\u00fcrece kom\u015fu \u00fclkelerin vurulmamas\u0131 ve f\u00fcze f\u0131rlat\u0131lmamas\u0131 karar\u0131 al\u0131nd\u0131 - Haber Kuzey\" \/>\n<meta property=\"og:description\" content=\"Mesud Peze\u015fkiyan, devlet televizyonunda yay\u0131mlanan konu\u015fmas\u0131nda \u00fclkesinin g\u00fcvenlik politikas\u0131yla ilgili a\u00e7\u0131klamalarda bulundu. Konu\u015fmas\u0131nda, ABD ve \u0130srail sald\u0131r\u0131lar\u0131nda \u0130ran lideri Ayetullah Ali Hamaney, sivillerin, yetkililerin ve \u00f6\u011frencilerin hayat\u0131n\u0131 kaybetti\u011fine i\u015faret eden Peze\u015fkiyan, ABD ve \u0130srail&#8217;in sald\u0131r\u0131lar\u0131na kar\u015f\u0131 \u00fclkelerini savunduklar\u0131n\u0131 ifade etti. &#8211; &#8220;Sald\u0131r\u0131ya u\u011frayan kom\u015fu \u00fclkelerden \u00f6z\u00fcr diliyorum&#8221; \u0130ran&#8217;\u0131n misillemelerinde baz\u0131 kom\u015fu \u00fclkelerdeki ABD \u00fcslerine ve [&hellip;]\" \/>\n<meta property=\"og:url\" content=\"https:\/\/haberkuzey.com\/index.php\/2026\/03\/07\/bize-saldiri-gelmedigi-surece-komsu-ulkelerin-vurulmamasi-ve-fuze-firlatilmamasi-karari-alindi\/\" \/>\n<meta property=\"og:site_name\" content=\"Haber Kuzey\" \/>\n<meta property=\"article:published_time\" content=\"2026-03-07T10:37:05+00:00\" \/>\n<meta name=\"author\" content=\"haberkuzey\" \/>\n<meta name=\"twitter:card\" content=\"summary_large_image\" \/>\n<meta name=\"twitter:label1\" content=\"Yazan:\" \/>\n\t<meta name=\"twitter:data1\" content=\"haberkuzey\" \/>\n\t<meta name=\"twitter:label2\" content=\"Tahmini okuma s\u00fcresi\" \/>\n\t<meta name=\"twitter:data2\" content=\"1 dakika\" \/>\n<script type=\"application\/ld+json\" class=\"yoast-schema-graph\">{\"@context\":\"https:\\\/\\\/schema.org\",\"@graph\":[{\"@type\":\"Article\",\"@id\":\"https:\\\/\\\/haberkuzey.com\\\/index.php\\\/2026\\\/03\\\/07\\\/bize-saldiri-gelmedigi-surece-komsu-ulkelerin-vurulmamasi-ve-fuze-firlatilmamasi-karari-alindi\\\/#article\",\"isPartOf\":{\"@id\":\"https:\\\/\\\/haberkuzey.com\\\/index.php\\\/2026\\\/03\\\/07\\\/bize-saldiri-gelmedigi-surece-komsu-ulkelerin-vurulmamasi-ve-fuze-firlatilmamasi-karari-alindi\\\/\"},\"author\":{\"name\":\"haberkuzey\",\"@id\":\"https:\\\/\\\/haberkuzey.com\\\/#\\\/schema\\\/person\\\/3372109ec735f9333f4fa47ebb9605ca\"},\"headline\":\"Bize sald\u0131r\u0131 gelmedi\u011fi s\u00fcrece kom\u015fu \u00fclkelerin vurulmamas\u0131 ve f\u00fcze f\u0131rlat\u0131lmamas\u0131 karar\u0131 al\u0131nd\u0131\",\"datePublished\":\"2026-03-07T10:37:05+00:00\",\"mainEntityOfPage\":{\"@id\":\"https:\\\/\\\/haberkuzey.com\\\/index.php\\\/2026\\\/03\\\/07\\\/bize-saldiri-gelmedigi-surece-komsu-ulkelerin-vurulmamasi-ve-fuze-firlatilmamasi-karari-alindi\\\/\"},\"wordCount\":270,\"commentCount\":0,\"image\":{\"@id\":\"https:\\\/\\\/haberkuzey.com\\\/index.php\\\/2026\\\/03\\\/07\\\/bize-saldiri-gelmedigi-surece-komsu-ulkelerin-vurulmamasi-ve-fuze-firlatilmamasi-karari-alindi\\\/#primaryimage\"},\"thumbnailUrl\":\"https:\\\/\\\/haberkuzey.com\\\/wp-content\\\/uploads\\\/2026\\\/03\\\/1772874730689thumbs_b_c_c45aa51ef226a6e185932654bcb9330b.jpg\",\"articleSection\":[\"K\u0131br\u0131s\"],\"inLanguage\":\"tr\",\"potentialAction\":[{\"@type\":\"CommentAction\",\"name\":\"Comment\",\"target\":[\"https:\\\/\\\/haberkuzey.com\\\/index.php\\\/2026\\\/03\\\/07\\\/bize-saldiri-gelmedigi-surece-komsu-ulkelerin-vurulmamasi-ve-fuze-firlatilmamasi-karari-alindi\\\/#respond\"]}]},{\"@type\":\"WebPage\",\"@id\":\"https:\\\/\\\/haberkuzey.com\\\/index.php\\\/2026\\\/03\\\/07\\\/bize-saldiri-gelmedigi-surece-komsu-ulkelerin-vurulmamasi-ve-fuze-firlatilmamasi-karari-alindi\\\/\",\"url\":\"https:\\\/\\\/haberkuzey.com\\\/index.php\\\/2026\\\/03\\\/07\\\/bize-saldiri-gelmedigi-surece-komsu-ulkelerin-vurulmamasi-ve-fuze-firlatilmamasi-karari-alindi\\\/\",\"name\":\"Bize sald\u0131r\u0131 gelmedi\u011fi s\u00fcrece kom\u015fu \u00fclkelerin vurulmamas\u0131 ve f\u00fcze f\u0131rlat\u0131lmamas\u0131 karar\u0131 al\u0131nd\u0131 - Haber Kuzey\",\"isPartOf\":{\"@id\":\"https:\\\/\\\/haberkuzey.com\\\/#website\"},\"primaryImageOfPage\":{\"@id\":\"https:\\\/\\\/haberkuzey.com\\\/index.php\\\/2026\\\/03\\\/07\\\/bize-saldiri-gelmedigi-surece-komsu-ulkelerin-vurulmamasi-ve-fuze-firlatilmamasi-karari-alindi\\\/#primaryimage\"},\"image\":{\"@id\":\"https:\\\/\\\/haberkuzey.com\\\/index.php\\\/2026\\\/03\\\/07\\\/bize-saldiri-gelmedigi-surece-komsu-ulkelerin-vurulmamasi-ve-fuze-firlatilmamasi-karari-alindi\\\/#primaryimage\"},\"thumbnailUrl\":\"https:\\\/\\\/haberkuzey.com\\\/wp-content\\\/uploads\\\/2026\\\/03\\\/1772874730689thumbs_b_c_c45aa51ef226a6e185932654bcb9330b.jpg\",\"datePublished\":\"2026-03-07T10:37:05+00:00\",\"author\":{\"@id\":\"https:\\\/\\\/haberkuzey.com\\\/#\\\/schema\\\/person\\\/3372109ec735f9333f4fa47ebb9605ca\"},\"breadcrumb\":{\"@id\":\"https:\\\/\\\/haberkuzey.com\\\/index.php\\\/2026\\\/03\\\/07\\\/bize-saldiri-gelmedigi-surece-komsu-ulkelerin-vurulmamasi-ve-fuze-firlatilmamasi-karari-alindi\\\/#breadcrumb\"},\"inLanguage\":\"tr\",\"potentialAction\":[{\"@type\":\"ReadAction\",\"target\":[\"https:\\\/\\\/haberkuzey.com\\\/index.php\\\/2026\\\/03\\\/07\\\/bize-saldiri-gelmedigi-surece-komsu-ulkelerin-vurulmamasi-ve-fuze-firlatilmamasi-karari-alindi\\\/\"]}]},{\"@type\":\"ImageObject\",\"inLanguage\":\"tr\",\"@id\":\"https:\\\/\\\/haberkuzey.com\\\/index.php\\\/2026\\\/03\\\/07\\\/bize-saldiri-gelmedigi-surece-komsu-ulkelerin-vurulmamasi-ve-fuze-firlatilmamasi-karari-alindi\\\/#primaryimage\",\"url\":\"https:\\\/\\\/haberkuzey.com\\\/wp-content\\\/uploads\\\/2026\\\/03\\\/1772874730689thumbs_b_c_c45aa51ef226a6e185932654bcb9330b.jpg\",\"contentUrl\":\"https:\\\/\\\/haberkuzey.com\\\/wp-content\\\/uploads\\\/2026\\\/03\\\/1772874730689thumbs_b_c_c45aa51ef226a6e185932654bcb9330b.jpg\",\"width\":864,\"height\":486},{\"@type\":\"BreadcrumbList\",\"@id\":\"https:\\\/\\\/haberkuzey.com\\\/index.php\\\/2026\\\/03\\\/07\\\/bize-saldiri-gelmedigi-surece-komsu-ulkelerin-vurulmamasi-ve-fuze-firlatilmamasi-karari-alindi\\\/#breadcrumb\",\"itemListElement\":[{\"@type\":\"ListItem\",\"position\":1,\"name\":\"Anasayfa\",\"item\":\"https:\\\/\\\/haberkuzey.com\\\/\"},{\"@type\":\"ListItem\",\"position\":2,\"name\":\"Bize sald\u0131r\u0131 gelmedi\u011fi s\u00fcrece kom\u015fu \u00fclkelerin vurulmamas\u0131 ve f\u00fcze f\u0131rlat\u0131lmamas\u0131 karar\u0131 al\u0131nd\u0131\"}]},{\"@type\":\"WebSite\",\"@id\":\"https:\\\/\\\/haberkuzey.com\\\/#website\",\"url\":\"https:\\\/\\\/haberkuzey.com\\\/\",\"name\":\"Haber Kuzey\",\"description\":\"Do\u011fru Haberin Adresi\",\"potentialAction\":[{\"@type\":\"SearchAction\",\"target\":{\"@type\":\"EntryPoint\",\"urlTemplate\":\"https:\\\/\\\/haberkuzey.com\\\/?s={search_term_string}\"},\"query-input\":{\"@type\":\"PropertyValueSpecification\",\"valueRequired\":true,\"valueName\":\"search_term_string\"}}],\"inLanguage\":\"tr\"},{\"@type\":\"Person\",\"@id\":\"https:\\\/\\\/haberkuzey.com\\\/#\\\/schema\\\/person\\\/3372109ec735f9333f4fa47ebb9605ca\",\"name\":\"haberkuzey\",\"image\":{\"@type\":\"ImageObject\",\"inLanguage\":\"tr\",\"@id\":\"https:\\\/\\\/secure.gravatar.com\\\/avatar\\\/f5fc875574b1575324358c3b9e6a32b8227aa5b74f3fa22e3cadb63e26fcc39c?s=96&d=mm&r=g\",\"url\":\"https:\\\/\\\/secure.gravatar.com\\\/avatar\\\/f5fc875574b1575324358c3b9e6a32b8227aa5b74f3fa22e3cadb63e26fcc39c?s=96&d=mm&r=g\",\"contentUrl\":\"https:\\\/\\\/secure.gravatar.com\\\/avatar\\\/f5fc875574b1575324358c3b9e6a32b8227aa5b74f3fa22e3cadb63e26fcc39c?s=96&d=mm&r=g\",\"caption\":\"haberkuzey\"},\"sameAs\":[\"https:\\\/\\\/haberkuzey.com\"],\"url\":\"https:\\\/\\\/haberkuzey.com\\\/index.php\\\/author\\\/haberkuzey\\\/\"}]}<\/script>\n<!-- \/ Yoast SEO plugin. -->","yoast_head_json":{"title":"Bize sald\u0131r\u0131 gelmedi\u011fi s\u00fcrece kom\u015fu \u00fclkelerin vurulmamas\u0131 ve f\u00fcze f\u0131rlat\u0131lmamas\u0131 karar\u0131 al\u0131nd\u0131 - Haber Kuzey","robots":{"index":"index","follow":"follow","max-snippet":"max-snippet:-1","max-image-preview":"max-image-preview:large","max-video-preview":"max-video-preview:-1"},"canonical":"https:\/\/haberkuzey.com\/index.php\/2026\/03\/07\/bize-saldiri-gelmedigi-surece-komsu-ulkelerin-vurulmamasi-ve-fuze-firlatilmamasi-karari-alindi\/","og_locale":"tr_TR","og_type":"article","og_title":"Bize sald\u0131r\u0131 gelmedi\u011fi s\u00fcrece kom\u015fu \u00fclkelerin vurulmamas\u0131 ve f\u00fcze f\u0131rlat\u0131lmamas\u0131 karar\u0131 al\u0131nd\u0131 - Haber Kuzey","og_description":"Mesud Peze\u015fkiyan, devlet televizyonunda yay\u0131mlanan konu\u015fmas\u0131nda \u00fclkesinin g\u00fcvenlik politikas\u0131yla ilgili a\u00e7\u0131klamalarda bulundu. Konu\u015fmas\u0131nda, ABD ve \u0130srail sald\u0131r\u0131lar\u0131nda \u0130ran lideri Ayetullah Ali Hamaney, sivillerin, yetkililerin ve \u00f6\u011frencilerin hayat\u0131n\u0131 kaybetti\u011fine i\u015faret eden Peze\u015fkiyan, ABD ve \u0130srail&#8217;in sald\u0131r\u0131lar\u0131na kar\u015f\u0131 \u00fclkelerini savunduklar\u0131n\u0131 ifade etti. &#8211; &#8220;Sald\u0131r\u0131ya u\u011frayan kom\u015fu \u00fclkelerden \u00f6z\u00fcr diliyorum&#8221; \u0130ran&#8217;\u0131n misillemelerinde baz\u0131 kom\u015fu \u00fclkelerdeki ABD \u00fcslerine ve [&hellip;]","og_url":"https:\/\/haberkuzey.com\/index.php\/2026\/03\/07\/bize-saldiri-gelmedigi-surece-komsu-ulkelerin-vurulmamasi-ve-fuze-firlatilmamasi-karari-alindi\/","og_site_name":"Haber Kuzey","article_published_time":"2026-03-07T10:37:05+00:00","author":"haberkuzey","twitter_card":"summary_large_image","twitter_misc":{"Yazan:":"haberkuzey","Tahmini okuma s\u00fcresi":"1 dakika"},"schema":{"@context":"https:\/\/schema.org","@graph":[{"@type":"Article","@id":"https:\/\/haberkuzey.com\/index.php\/2026\/03\/07\/bize-saldiri-gelmedigi-surece-komsu-ulkelerin-vurulmamasi-ve-fuze-firlatilmamasi-karari-alindi\/#article","isPartOf":{"@id":"https:\/\/haberkuzey.com\/index.php\/2026\/03\/07\/bize-saldiri-gelmedigi-surece-komsu-ulkelerin-vurulmamasi-ve-fuze-firlatilmamasi-karari-alindi\/"},"author":{"name":"haberkuzey","@id":"https:\/\/haberkuzey.com\/#\/schema\/person\/3372109ec735f9333f4fa47ebb9605ca"},"headline":"Bize sald\u0131r\u0131 gelmedi\u011fi s\u00fcrece kom\u015fu \u00fclkelerin vurulmamas\u0131 ve f\u00fcze f\u0131rlat\u0131lmamas\u0131 karar\u0131 al\u0131nd\u0131","datePublished":"2026-03-07T10:37:05+00:00","mainEntityOfPage":{"@id":"https:\/\/haberkuzey.com\/index.php\/2026\/03\/07\/bize-saldiri-gelmedigi-surece-komsu-ulkelerin-vurulmamasi-ve-fuze-firlatilmamasi-karari-alindi\/"},"wordCount":270,"commentCount":0,"image":{"@id":"https:\/\/haberkuzey.com\/index.php\/2026\/03\/07\/bize-saldiri-gelmedigi-surece-komsu-ulkelerin-vurulmamasi-ve-fuze-firlatilmamasi-karari-alindi\/#primaryimage"},"thumbnailUrl":"https:\/\/haberkuzey.com\/wp-content\/uploads\/2026\/03\/1772874730689thumbs_b_c_c45aa51ef226a6e185932654bcb9330b.jpg","articleSection":["K\u0131br\u0131s"],"inLanguage":"tr","potentialAction":[{"@type":"CommentAction","name":"Comment","target":["https:\/\/haberkuzey.com\/index.php\/2026\/03\/07\/bize-saldiri-gelmedigi-surece-komsu-ulkelerin-vurulmamasi-ve-fuze-firlatilmamasi-karari-alindi\/#respond"]}]},{"@type":"WebPage","@id":"https:\/\/haberkuzey.com\/index.php\/2026\/03\/07\/bize-saldiri-gelmedigi-surece-komsu-ulkelerin-vurulmamasi-ve-fuze-firlatilmamasi-karari-alindi\/","url":"https:\/\/haberkuzey.com\/index.php\/2026\/03\/07\/bize-saldiri-gelmedigi-surece-komsu-ulkelerin-vurulmamasi-ve-fuze-firlatilmamasi-karari-alindi\/","name":"Bize sald\u0131r\u0131 gelmedi\u011fi s\u00fcrece kom\u015fu \u00fclkelerin vurulmamas\u0131 ve f\u00fcze f\u0131rlat\u0131lmamas\u0131 karar\u0131 al\u0131nd\u0131 - Haber Kuzey","isPartOf":{"@id":"https:\/\/haberkuzey.com\/#website"},"primaryImageOfPage":{"@id":"https:\/\/haberkuzey.com\/index.php\/2026\/03\/07\/bize-saldiri-gelmedigi-surece-komsu-ulkelerin-vurulmamasi-ve-fuze-firlatilmamasi-karari-alindi\/#primaryimage"},"image":{"@id":"https:\/\/haberkuzey.com\/index.php\/2026\/03\/07\/bize-saldiri-gelmedigi-surece-komsu-ulkelerin-vurulmamasi-ve-fuze-firlatilmamasi-karari-alindi\/#primaryimage"},"thumbnailUrl":"https:\/\/haberkuzey.com\/wp-content\/uploads\/2026\/03\/1772874730689thumbs_b_c_c45aa51ef226a6e185932654bcb9330b.jpg","datePublished":"2026-03-07T10:37:05+00:00","author":{"@id":"https:\/\/haberkuzey.com\/#\/schema\/person\/3372109ec735f9333f4fa47ebb9605ca"},"breadcrumb":{"@id":"https:\/\/haberkuzey.com\/index.php\/2026\/03\/07\/bize-saldiri-gelmedigi-surece-komsu-ulkelerin-vurulmamasi-ve-fuze-firlatilmamasi-karari-alindi\/#breadcrumb"},"inLanguage":"tr","potentialAction":[{"@type":"ReadAction","target":["https:\/\/haberkuzey.com\/index.php\/2026\/03\/07\/bize-saldiri-gelmedigi-surece-komsu-ulkelerin-vurulmamasi-ve-fuze-firlatilmamasi-karari-alindi\/"]}]},{"@type":"ImageObject","inLanguage":"tr","@id":"https:\/\/haberkuzey.com\/index.php\/2026\/03\/07\/bize-saldiri-gelmedigi-surece-komsu-ulkelerin-vurulmamasi-ve-fuze-firlatilmamasi-karari-alindi\/#primaryimage","url":"https:\/\/haberkuzey.com\/wp-content\/uploads\/2026\/03\/1772874730689thumbs_b_c_c45aa51ef226a6e185932654bcb9330b.jpg","contentUrl":"https:\/\/haberkuzey.com\/wp-content\/uploads\/2026\/03\/1772874730689thumbs_b_c_c45aa51ef226a6e185932654bcb9330b.jpg","width":864,"height":486},{"@type":"BreadcrumbList","@id":"https:\/\/haberkuzey.com\/index.php\/2026\/03\/07\/bize-saldiri-gelmedigi-surece-komsu-ulkelerin-vurulmamasi-ve-fuze-firlatilmamasi-karari-alindi\/#breadcrumb","itemListElement":[{"@type":"ListItem","position":1,"name":"Anasayfa","item":"https:\/\/haberkuzey.com\/"},{"@type":"ListItem","position":2,"name":"Bize sald\u0131r\u0131 gelmedi\u011fi s\u00fcrece kom\u015fu \u00fclkelerin vurulmamas\u0131 ve f\u00fcze f\u0131rlat\u0131lmamas\u0131 karar\u0131 al\u0131nd\u0131"}]},{"@type":"WebSite","@id":"https:\/\/haberkuzey.com\/#website","url":"https:\/\/haberkuzey.com\/","name":"Haber Kuzey","description":"Do\u011fru Haberin Adresi","potentialAction":[{"@type":"SearchAction","target":{"@type":"EntryPoint","urlTemplate":"https:\/\/haberkuzey.com\/?s={search_term_string}"},"query-input":{"@type":"PropertyValueSpecification","valueRequired":true,"valueName":"search_term_string"}}],"inLanguage":"tr"},{"@type":"Person","@id":"https:\/\/haberkuzey.com\/#\/schema\/person\/3372109ec735f9333f4fa47ebb9605ca","name":"haberkuzey","image":{"@type":"ImageObject","inLanguage":"tr","@id":"https:\/\/secure.gravatar.com\/avatar\/f5fc875574b1575324358c3b9e6a32b8227aa5b74f3fa22e3cadb63e26fcc39c?s=96&d=mm&r=g","url":"https:\/\/secure.gravatar.com\/avatar\/f5fc875574b1575324358c3b9e6a32b8227aa5b74f3fa22e3cadb63e26fcc39c?s=96&d=mm&r=g","contentUrl":"https:\/\/secure.gravatar.com\/avatar\/f5fc875574b1575324358c3b9e6a32b8227aa5b74f3fa22e3cadb63e26fcc39c?s=96&d=mm&r=g","caption":"haberkuzey"},"sameAs":["https:\/\/haberkuzey.com"],"url":"https:\/\/haberkuzey.com\/index.php\/author\/haberkuzey\/"}]}},"_links":{"self":[{"href":"https:\/\/haberkuzey.com\/index.php\/wp-json\/wp\/v2\/posts\/35043","targetHints":{"allow":["GET"]}}],"collection":[{"href":"https:\/\/haberkuzey.com\/index.php\/wp-json\/wp\/v2\/posts"}],"about":[{"href":"https:\/\/haberkuzey.com\/index.php\/wp-json\/wp\/v2\/types\/post"}],"author":[{"embeddable":true,"href":"https:\/\/haberkuzey.com\/index.php\/wp-json\/wp\/v2\/users\/1"}],"replies":[{"embeddable":true,"href":"https:\/\/haberkuzey.com\/index.php\/wp-json\/wp\/v2\/comments?post=35043"}],"version-history":[{"count":0,"href":"https:\/\/haberkuzey.com\/index.php\/wp-json\/wp\/v2\/posts\/35043\/revisions"}],"wp:featuredmedia":[{"embeddable":true,"href":"https:\/\/haberkuzey.com\/index.php\/wp-json\/wp\/v2\/media\/35044"}],"wp:attachment":[{"href":"https:\/\/haberkuzey.com\/index.php\/wp-json\/wp\/v2\/media?parent=35043"}],"wp:term":[{"taxonomy":"category","embeddable":true,"href":"https:\/\/haberkuzey.com\/index.php\/wp-json\/wp\/v2\/categories?post=35043"},{"taxonomy":"post_tag","embeddable":true,"href":"https:\/\/haberkuzey.com\/index.php\/wp-json\/wp\/v2\/tags?post=35043"}],"curies":[{"name":"wp","href":"https:\/\/api.w.org\/{rel}","templated":true}]}}