{"id":35039,"date":"2026-03-07T11:41:09","date_gmt":"2026-03-07T09:41:09","guid":{"rendered":"https:\/\/haberkuzey.com\/index.php\/2026\/03\/07\/catalkoy-esentepe-belediyesinden-8-mart-kutlamasi\/"},"modified":"2026-03-07T11:41:09","modified_gmt":"2026-03-07T09:41:09","slug":"catalkoy-esentepe-belediyesinden-8-mart-kutlamasi","status":"publish","type":"post","link":"https:\/\/haberkuzey.com\/index.php\/2026\/03\/07\/catalkoy-esentepe-belediyesinden-8-mart-kutlamasi\/","title":{"rendered":"\u00c7atalk\u00f6y-Esentepe Belediyesi\u2019nden 8 Mart kutlamas\u0131"},"content":{"rendered":"<p style=\"font-weight: 300\"><span style=\"font-weight: 300 !important\">\u00c7atalk\u00f6y Belediyesi&#8217;nden yap\u0131lan a\u00e7\u0131klamaya g\u00f6re, Belediye ekipleri kav\u015faklarda emek\u00e7i kad\u0131nlara karanfil da\u011f\u0131tt\u0131. Belediye Ba\u015fkan\u0131 Ceyhun K\u0131rok, okul, i\u015f yerleri ve Belediyede g\u00f6rev yapan kad\u0131n personeli ziyaret ederek kad\u0131nlar\u0131n g\u00fcn\u00fcn\u00fc kutlad\u0131.<\/span><\/p>\n<p style=\"font-weight: 300\"><span style=\"font-weight: 300 !important\">K\u0131rok, kad\u0131nlar\u0131n toplumdaki eme\u011fi ve katk\u0131lar\u0131n\u0131n b\u00fcy\u00fck de\u011fer ta\u015f\u0131d\u0131\u011f\u0131n\u0131 vurgulad\u0131.<\/span><\/p>\n<p style=\"font-weight: 300\"><span style=\"font-weight: 300 !important\">K\u0131rok, kad\u0131n \u00e7al\u0131\u015fanlar\u0131n emeklerinin ve katk\u0131lar\u0131n\u0131n hem \u00e7al\u0131\u015fma hayat\u0131nda hem de sosyal ya\u015famda son derece k\u0131ymetli oldu\u011funu belirterek, emekleri i\u00e7in te\u015fekk\u00fcr etti.<\/span><\/p>\n<p style=\"font-weight: 300\"><span style=\"font-weight: 300 !important\">K\u0131rok \u00a0\u201cKad\u0131nlar\u0131n eme\u011fiyle g\u00fc\u00e7lenen bir toplum, gelece\u011fe daha umutla y\u00fcr\u00fcr.\u201d ifadelerini kullanarak kad\u0131nlar\u0131n toplumsal ya\u015famda \u00fcstlendi\u011fi \u00f6nemli role dikkat \u00e7ekti.<\/span><\/p>\n<p>\u00c7atalk\u00f6y-Esentepe Belediyesi\u2019nden 8 Mart kutlamas\u0131 yaz\u0131s\u0131 ilk \u00f6nce K\u0131br\u0131s Hakikat \u00fczerinde ortaya \u00e7\u0131kt\u0131.<\/p>\n","protected":false},"excerpt":{"rendered":"<p>\u00c7atalk\u00f6y Belediyesi&#8217;nden yap\u0131lan a\u00e7\u0131klamaya g\u00f6re, Belediye ekipleri kav\u015faklarda emek\u00e7i kad\u0131nlara karanfil da\u011f\u0131tt\u0131. Belediye Ba\u015fkan\u0131 Ceyhun K\u0131rok, okul, i\u015f yerleri ve Belediyede g\u00f6rev yapan kad\u0131n personeli ziyaret ederek kad\u0131nlar\u0131n g\u00fcn\u00fcn\u00fc kutlad\u0131. K\u0131rok, kad\u0131nlar\u0131n toplumdaki eme\u011fi ve katk\u0131lar\u0131n\u0131n b\u00fcy\u00fck de\u011fer ta\u015f\u0131d\u0131\u011f\u0131n\u0131 vurgulad\u0131. K\u0131rok, kad\u0131n \u00e7al\u0131\u015fanlar\u0131n emeklerinin ve katk\u0131lar\u0131n\u0131n hem \u00e7al\u0131\u015fma hayat\u0131nda hem de sosyal ya\u015famda son derece [&hellip;]<\/p>\n","protected":false},"author":1,"featured_media":35040,"comment_status":"open","ping_status":"open","sticky":false,"template":"","format":"standard","meta":{"jnews-multi-image_gallery":[],"jnews_single_post":[],"jnews_primary_category":[],"footnotes":""},"categories":[1],"tags":[],"class_list":["post-35039","post","type-post","status-publish","format-standard","has-post-thumbnail","hentry","category-kibris"],"yoast_head":"<!-- This site is optimized with the Yoast SEO plugin v27.5 - https:\/\/yoast.com\/product\/yoast-seo-wordpress\/ -->\n<title>\u00c7atalk\u00f6y-Esentepe Belediyesi\u2019nden 8 Mart kutlamas\u0131 - Haber Kuzey<\/title>\n<meta name=\"robots\" content=\"index, follow, max-snippet:-1, max-image-preview:large, max-video-preview:-1\" \/>\n<link rel=\"canonical\" href=\"https:\/\/haberkuzey.com\/index.php\/2026\/03\/07\/catalkoy-esentepe-belediyesinden-8-mart-kutlamasi\/\" \/>\n<meta property=\"og:locale\" content=\"tr_TR\" \/>\n<meta property=\"og:type\" content=\"article\" \/>\n<meta property=\"og:title\" content=\"\u00c7atalk\u00f6y-Esentepe Belediyesi\u2019nden 8 Mart kutlamas\u0131 - Haber Kuzey\" \/>\n<meta property=\"og:description\" content=\"\u00c7atalk\u00f6y Belediyesi&#8217;nden yap\u0131lan a\u00e7\u0131klamaya g\u00f6re, Belediye ekipleri kav\u015faklarda emek\u00e7i kad\u0131nlara karanfil da\u011f\u0131tt\u0131. Belediye Ba\u015fkan\u0131 Ceyhun K\u0131rok, okul, i\u015f yerleri ve Belediyede g\u00f6rev yapan kad\u0131n personeli ziyaret ederek kad\u0131nlar\u0131n g\u00fcn\u00fcn\u00fc kutlad\u0131. K\u0131rok, kad\u0131nlar\u0131n toplumdaki eme\u011fi ve katk\u0131lar\u0131n\u0131n b\u00fcy\u00fck de\u011fer ta\u015f\u0131d\u0131\u011f\u0131n\u0131 vurgulad\u0131. K\u0131rok, kad\u0131n \u00e7al\u0131\u015fanlar\u0131n emeklerinin ve katk\u0131lar\u0131n\u0131n hem \u00e7al\u0131\u015fma hayat\u0131nda hem de sosyal ya\u015famda son derece [&hellip;]\" \/>\n<meta property=\"og:url\" content=\"https:\/\/haberkuzey.com\/index.php\/2026\/03\/07\/catalkoy-esentepe-belediyesinden-8-mart-kutlamasi\/\" \/>\n<meta property=\"og:site_name\" content=\"Haber Kuzey\" \/>\n<meta property=\"article:published_time\" content=\"2026-03-07T09:41:09+00:00\" \/>\n<meta name=\"author\" content=\"haberkuzey\" \/>\n<meta name=\"twitter:card\" content=\"summary_large_image\" \/>\n<meta name=\"twitter:label1\" content=\"Yazan:\" \/>\n\t<meta name=\"twitter:data1\" content=\"haberkuzey\" \/>\n\t<meta name=\"twitter:label2\" content=\"Tahmini okuma s\u00fcresi\" \/>\n\t<meta name=\"twitter:data2\" content=\"1 dakika\" \/>\n<script type=\"application\/ld+json\" class=\"yoast-schema-graph\">{\"@context\":\"https:\\\/\\\/schema.org\",\"@graph\":[{\"@type\":\"Article\",\"@id\":\"https:\\\/\\\/haberkuzey.com\\\/index.php\\\/2026\\\/03\\\/07\\\/catalkoy-esentepe-belediyesinden-8-mart-kutlamasi\\\/#article\",\"isPartOf\":{\"@id\":\"https:\\\/\\\/haberkuzey.com\\\/index.php\\\/2026\\\/03\\\/07\\\/catalkoy-esentepe-belediyesinden-8-mart-kutlamasi\\\/\"},\"author\":{\"name\":\"haberkuzey\",\"@id\":\"https:\\\/\\\/haberkuzey.com\\\/#\\\/schema\\\/person\\\/3372109ec735f9333f4fa47ebb9605ca\"},\"headline\":\"\u00c7atalk\u00f6y-Esentepe Belediyesi\u2019nden 8 Mart kutlamas\u0131\",\"datePublished\":\"2026-03-07T09:41:09+00:00\",\"mainEntityOfPage\":{\"@id\":\"https:\\\/\\\/haberkuzey.com\\\/index.php\\\/2026\\\/03\\\/07\\\/catalkoy-esentepe-belediyesinden-8-mart-kutlamasi\\\/\"},\"wordCount\":161,\"commentCount\":0,\"image\":{\"@id\":\"https:\\\/\\\/haberkuzey.com\\\/index.php\\\/2026\\\/03\\\/07\\\/catalkoy-esentepe-belediyesinden-8-mart-kutlamasi\\\/#primaryimage\"},\"thumbnailUrl\":\"https:\\\/\\\/haberkuzey.com\\\/wp-content\\\/uploads\\\/2026\\\/03\\\/1772869822915catalkoy-belediyesi-kadinlar-gunu-4.jpg\",\"articleSection\":[\"K\u0131br\u0131s\"],\"inLanguage\":\"tr\",\"potentialAction\":[{\"@type\":\"CommentAction\",\"name\":\"Comment\",\"target\":[\"https:\\\/\\\/haberkuzey.com\\\/index.php\\\/2026\\\/03\\\/07\\\/catalkoy-esentepe-belediyesinden-8-mart-kutlamasi\\\/#respond\"]}]},{\"@type\":\"WebPage\",\"@id\":\"https:\\\/\\\/haberkuzey.com\\\/index.php\\\/2026\\\/03\\\/07\\\/catalkoy-esentepe-belediyesinden-8-mart-kutlamasi\\\/\",\"url\":\"https:\\\/\\\/haberkuzey.com\\\/index.php\\\/2026\\\/03\\\/07\\\/catalkoy-esentepe-belediyesinden-8-mart-kutlamasi\\\/\",\"name\":\"\u00c7atalk\u00f6y-Esentepe Belediyesi\u2019nden 8 Mart kutlamas\u0131 - Haber Kuzey\",\"isPartOf\":{\"@id\":\"https:\\\/\\\/haberkuzey.com\\\/#website\"},\"primaryImageOfPage\":{\"@id\":\"https:\\\/\\\/haberkuzey.com\\\/index.php\\\/2026\\\/03\\\/07\\\/catalkoy-esentepe-belediyesinden-8-mart-kutlamasi\\\/#primaryimage\"},\"image\":{\"@id\":\"https:\\\/\\\/haberkuzey.com\\\/index.php\\\/2026\\\/03\\\/07\\\/catalkoy-esentepe-belediyesinden-8-mart-kutlamasi\\\/#primaryimage\"},\"thumbnailUrl\":\"https:\\\/\\\/haberkuzey.com\\\/wp-content\\\/uploads\\\/2026\\\/03\\\/1772869822915catalkoy-belediyesi-kadinlar-gunu-4.jpg\",\"datePublished\":\"2026-03-07T09:41:09+00:00\",\"author\":{\"@id\":\"https:\\\/\\\/haberkuzey.com\\\/#\\\/schema\\\/person\\\/3372109ec735f9333f4fa47ebb9605ca\"},\"breadcrumb\":{\"@id\":\"https:\\\/\\\/haberkuzey.com\\\/index.php\\\/2026\\\/03\\\/07\\\/catalkoy-esentepe-belediyesinden-8-mart-kutlamasi\\\/#breadcrumb\"},\"inLanguage\":\"tr\",\"potentialAction\":[{\"@type\":\"ReadAction\",\"target\":[\"https:\\\/\\\/haberkuzey.com\\\/index.php\\\/2026\\\/03\\\/07\\\/catalkoy-esentepe-belediyesinden-8-mart-kutlamasi\\\/\"]}]},{\"@type\":\"ImageObject\",\"inLanguage\":\"tr\",\"@id\":\"https:\\\/\\\/haberkuzey.com\\\/index.php\\\/2026\\\/03\\\/07\\\/catalkoy-esentepe-belediyesinden-8-mart-kutlamasi\\\/#primaryimage\",\"url\":\"https:\\\/\\\/haberkuzey.com\\\/wp-content\\\/uploads\\\/2026\\\/03\\\/1772869822915catalkoy-belediyesi-kadinlar-gunu-4.jpg\",\"contentUrl\":\"https:\\\/\\\/haberkuzey.com\\\/wp-content\\\/uploads\\\/2026\\\/03\\\/1772869822915catalkoy-belediyesi-kadinlar-gunu-4.jpg\",\"width\":1600,\"height\":1200},{\"@type\":\"BreadcrumbList\",\"@id\":\"https:\\\/\\\/haberkuzey.com\\\/index.php\\\/2026\\\/03\\\/07\\\/catalkoy-esentepe-belediyesinden-8-mart-kutlamasi\\\/#breadcrumb\",\"itemListElement\":[{\"@type\":\"ListItem\",\"position\":1,\"name\":\"Anasayfa\",\"item\":\"https:\\\/\\\/haberkuzey.com\\\/\"},{\"@type\":\"ListItem\",\"position\":2,\"name\":\"\u00c7atalk\u00f6y-Esentepe Belediyesi\u2019nden 8 Mart kutlamas\u0131\"}]},{\"@type\":\"WebSite\",\"@id\":\"https:\\\/\\\/haberkuzey.com\\\/#website\",\"url\":\"https:\\\/\\\/haberkuzey.com\\\/\",\"name\":\"Haber Kuzey\",\"description\":\"Do\u011fru Haberin Adresi\",\"potentialAction\":[{\"@type\":\"SearchAction\",\"target\":{\"@type\":\"EntryPoint\",\"urlTemplate\":\"https:\\\/\\\/haberkuzey.com\\\/?s={search_term_string}\"},\"query-input\":{\"@type\":\"PropertyValueSpecification\",\"valueRequired\":true,\"valueName\":\"search_term_string\"}}],\"inLanguage\":\"tr\"},{\"@type\":\"Person\",\"@id\":\"https:\\\/\\\/haberkuzey.com\\\/#\\\/schema\\\/person\\\/3372109ec735f9333f4fa47ebb9605ca\",\"name\":\"haberkuzey\",\"image\":{\"@type\":\"ImageObject\",\"inLanguage\":\"tr\",\"@id\":\"https:\\\/\\\/secure.gravatar.com\\\/avatar\\\/f5fc875574b1575324358c3b9e6a32b8227aa5b74f3fa22e3cadb63e26fcc39c?s=96&d=mm&r=g\",\"url\":\"https:\\\/\\\/secure.gravatar.com\\\/avatar\\\/f5fc875574b1575324358c3b9e6a32b8227aa5b74f3fa22e3cadb63e26fcc39c?s=96&d=mm&r=g\",\"contentUrl\":\"https:\\\/\\\/secure.gravatar.com\\\/avatar\\\/f5fc875574b1575324358c3b9e6a32b8227aa5b74f3fa22e3cadb63e26fcc39c?s=96&d=mm&r=g\",\"caption\":\"haberkuzey\"},\"sameAs\":[\"https:\\\/\\\/haberkuzey.com\"],\"url\":\"https:\\\/\\\/haberkuzey.com\\\/index.php\\\/author\\\/haberkuzey\\\/\"}]}<\/script>\n<!-- \/ Yoast SEO plugin. -->","yoast_head_json":{"title":"\u00c7atalk\u00f6y-Esentepe Belediyesi\u2019nden 8 Mart kutlamas\u0131 - Haber Kuzey","robots":{"index":"index","follow":"follow","max-snippet":"max-snippet:-1","max-image-preview":"max-image-preview:large","max-video-preview":"max-video-preview:-1"},"canonical":"https:\/\/haberkuzey.com\/index.php\/2026\/03\/07\/catalkoy-esentepe-belediyesinden-8-mart-kutlamasi\/","og_locale":"tr_TR","og_type":"article","og_title":"\u00c7atalk\u00f6y-Esentepe Belediyesi\u2019nden 8 Mart kutlamas\u0131 - Haber Kuzey","og_description":"\u00c7atalk\u00f6y Belediyesi&#8217;nden yap\u0131lan a\u00e7\u0131klamaya g\u00f6re, Belediye ekipleri kav\u015faklarda emek\u00e7i kad\u0131nlara karanfil da\u011f\u0131tt\u0131. Belediye Ba\u015fkan\u0131 Ceyhun K\u0131rok, okul, i\u015f yerleri ve Belediyede g\u00f6rev yapan kad\u0131n personeli ziyaret ederek kad\u0131nlar\u0131n g\u00fcn\u00fcn\u00fc kutlad\u0131. K\u0131rok, kad\u0131nlar\u0131n toplumdaki eme\u011fi ve katk\u0131lar\u0131n\u0131n b\u00fcy\u00fck de\u011fer ta\u015f\u0131d\u0131\u011f\u0131n\u0131 vurgulad\u0131. K\u0131rok, kad\u0131n \u00e7al\u0131\u015fanlar\u0131n emeklerinin ve katk\u0131lar\u0131n\u0131n hem \u00e7al\u0131\u015fma hayat\u0131nda hem de sosyal ya\u015famda son derece [&hellip;]","og_url":"https:\/\/haberkuzey.com\/index.php\/2026\/03\/07\/catalkoy-esentepe-belediyesinden-8-mart-kutlamasi\/","og_site_name":"Haber Kuzey","article_published_time":"2026-03-07T09:41:09+00:00","author":"haberkuzey","twitter_card":"summary_large_image","twitter_misc":{"Yazan:":"haberkuzey","Tahmini okuma s\u00fcresi":"1 dakika"},"schema":{"@context":"https:\/\/schema.org","@graph":[{"@type":"Article","@id":"https:\/\/haberkuzey.com\/index.php\/2026\/03\/07\/catalkoy-esentepe-belediyesinden-8-mart-kutlamasi\/#article","isPartOf":{"@id":"https:\/\/haberkuzey.com\/index.php\/2026\/03\/07\/catalkoy-esentepe-belediyesinden-8-mart-kutlamasi\/"},"author":{"name":"haberkuzey","@id":"https:\/\/haberkuzey.com\/#\/schema\/person\/3372109ec735f9333f4fa47ebb9605ca"},"headline":"\u00c7atalk\u00f6y-Esentepe Belediyesi\u2019nden 8 Mart kutlamas\u0131","datePublished":"2026-03-07T09:41:09+00:00","mainEntityOfPage":{"@id":"https:\/\/haberkuzey.com\/index.php\/2026\/03\/07\/catalkoy-esentepe-belediyesinden-8-mart-kutlamasi\/"},"wordCount":161,"commentCount":0,"image":{"@id":"https:\/\/haberkuzey.com\/index.php\/2026\/03\/07\/catalkoy-esentepe-belediyesinden-8-mart-kutlamasi\/#primaryimage"},"thumbnailUrl":"https:\/\/haberkuzey.com\/wp-content\/uploads\/2026\/03\/1772869822915catalkoy-belediyesi-kadinlar-gunu-4.jpg","articleSection":["K\u0131br\u0131s"],"inLanguage":"tr","potentialAction":[{"@type":"CommentAction","name":"Comment","target":["https:\/\/haberkuzey.com\/index.php\/2026\/03\/07\/catalkoy-esentepe-belediyesinden-8-mart-kutlamasi\/#respond"]}]},{"@type":"WebPage","@id":"https:\/\/haberkuzey.com\/index.php\/2026\/03\/07\/catalkoy-esentepe-belediyesinden-8-mart-kutlamasi\/","url":"https:\/\/haberkuzey.com\/index.php\/2026\/03\/07\/catalkoy-esentepe-belediyesinden-8-mart-kutlamasi\/","name":"\u00c7atalk\u00f6y-Esentepe Belediyesi\u2019nden 8 Mart kutlamas\u0131 - Haber Kuzey","isPartOf":{"@id":"https:\/\/haberkuzey.com\/#website"},"primaryImageOfPage":{"@id":"https:\/\/haberkuzey.com\/index.php\/2026\/03\/07\/catalkoy-esentepe-belediyesinden-8-mart-kutlamasi\/#primaryimage"},"image":{"@id":"https:\/\/haberkuzey.com\/index.php\/2026\/03\/07\/catalkoy-esentepe-belediyesinden-8-mart-kutlamasi\/#primaryimage"},"thumbnailUrl":"https:\/\/haberkuzey.com\/wp-content\/uploads\/2026\/03\/1772869822915catalkoy-belediyesi-kadinlar-gunu-4.jpg","datePublished":"2026-03-07T09:41:09+00:00","author":{"@id":"https:\/\/haberkuzey.com\/#\/schema\/person\/3372109ec735f9333f4fa47ebb9605ca"},"breadcrumb":{"@id":"https:\/\/haberkuzey.com\/index.php\/2026\/03\/07\/catalkoy-esentepe-belediyesinden-8-mart-kutlamasi\/#breadcrumb"},"inLanguage":"tr","potentialAction":[{"@type":"ReadAction","target":["https:\/\/haberkuzey.com\/index.php\/2026\/03\/07\/catalkoy-esentepe-belediyesinden-8-mart-kutlamasi\/"]}]},{"@type":"ImageObject","inLanguage":"tr","@id":"https:\/\/haberkuzey.com\/index.php\/2026\/03\/07\/catalkoy-esentepe-belediyesinden-8-mart-kutlamasi\/#primaryimage","url":"https:\/\/haberkuzey.com\/wp-content\/uploads\/2026\/03\/1772869822915catalkoy-belediyesi-kadinlar-gunu-4.jpg","contentUrl":"https:\/\/haberkuzey.com\/wp-content\/uploads\/2026\/03\/1772869822915catalkoy-belediyesi-kadinlar-gunu-4.jpg","width":1600,"height":1200},{"@type":"BreadcrumbList","@id":"https:\/\/haberkuzey.com\/index.php\/2026\/03\/07\/catalkoy-esentepe-belediyesinden-8-mart-kutlamasi\/#breadcrumb","itemListElement":[{"@type":"ListItem","position":1,"name":"Anasayfa","item":"https:\/\/haberkuzey.com\/"},{"@type":"ListItem","position":2,"name":"\u00c7atalk\u00f6y-Esentepe Belediyesi\u2019nden 8 Mart kutlamas\u0131"}]},{"@type":"WebSite","@id":"https:\/\/haberkuzey.com\/#website","url":"https:\/\/haberkuzey.com\/","name":"Haber Kuzey","description":"Do\u011fru Haberin Adresi","potentialAction":[{"@type":"SearchAction","target":{"@type":"EntryPoint","urlTemplate":"https:\/\/haberkuzey.com\/?s={search_term_string}"},"query-input":{"@type":"PropertyValueSpecification","valueRequired":true,"valueName":"search_term_string"}}],"inLanguage":"tr"},{"@type":"Person","@id":"https:\/\/haberkuzey.com\/#\/schema\/person\/3372109ec735f9333f4fa47ebb9605ca","name":"haberkuzey","image":{"@type":"ImageObject","inLanguage":"tr","@id":"https:\/\/secure.gravatar.com\/avatar\/f5fc875574b1575324358c3b9e6a32b8227aa5b74f3fa22e3cadb63e26fcc39c?s=96&d=mm&r=g","url":"https:\/\/secure.gravatar.com\/avatar\/f5fc875574b1575324358c3b9e6a32b8227aa5b74f3fa22e3cadb63e26fcc39c?s=96&d=mm&r=g","contentUrl":"https:\/\/secure.gravatar.com\/avatar\/f5fc875574b1575324358c3b9e6a32b8227aa5b74f3fa22e3cadb63e26fcc39c?s=96&d=mm&r=g","caption":"haberkuzey"},"sameAs":["https:\/\/haberkuzey.com"],"url":"https:\/\/haberkuzey.com\/index.php\/author\/haberkuzey\/"}]}},"_links":{"self":[{"href":"https:\/\/haberkuzey.com\/index.php\/wp-json\/wp\/v2\/posts\/35039","targetHints":{"allow":["GET"]}}],"collection":[{"href":"https:\/\/haberkuzey.com\/index.php\/wp-json\/wp\/v2\/posts"}],"about":[{"href":"https:\/\/haberkuzey.com\/index.php\/wp-json\/wp\/v2\/types\/post"}],"author":[{"embeddable":true,"href":"https:\/\/haberkuzey.com\/index.php\/wp-json\/wp\/v2\/users\/1"}],"replies":[{"embeddable":true,"href":"https:\/\/haberkuzey.com\/index.php\/wp-json\/wp\/v2\/comments?post=35039"}],"version-history":[{"count":0,"href":"https:\/\/haberkuzey.com\/index.php\/wp-json\/wp\/v2\/posts\/35039\/revisions"}],"wp:featuredmedia":[{"embeddable":true,"href":"https:\/\/haberkuzey.com\/index.php\/wp-json\/wp\/v2\/media\/35040"}],"wp:attachment":[{"href":"https:\/\/haberkuzey.com\/index.php\/wp-json\/wp\/v2\/media?parent=35039"}],"wp:term":[{"taxonomy":"category","embeddable":true,"href":"https:\/\/haberkuzey.com\/index.php\/wp-json\/wp\/v2\/categories?post=35039"},{"taxonomy":"post_tag","embeddable":true,"href":"https:\/\/haberkuzey.com\/index.php\/wp-json\/wp\/v2\/tags?post=35039"}],"curies":[{"name":"wp","href":"https:\/\/api.w.org\/{rel}","templated":true}]}}