{"id":35037,"date":"2026-03-07T11:35:23","date_gmt":"2026-03-07T09:35:23","guid":{"rendered":"https:\/\/haberkuzey.com\/index.php\/2026\/03\/07\/ktcb-8-mart-dunya-emekci-kadinlar-gunu-dolayisiyla-etkinlik-duzenledi\/"},"modified":"2026-03-07T11:35:23","modified_gmt":"2026-03-07T09:35:23","slug":"ktcb-8-mart-dunya-emekci-kadinlar-gunu-dolayisiyla-etkinlik-duzenledi","status":"publish","type":"post","link":"https:\/\/haberkuzey.com\/index.php\/2026\/03\/07\/ktcb-8-mart-dunya-emekci-kadinlar-gunu-dolayisiyla-etkinlik-duzenledi\/","title":{"rendered":"KT\u00c7B, 8 Mart D\u00fcnya Emek\u00e7i Kad\u0131nlar G\u00fcn\u00fc dolay\u0131s\u0131yla etkinlik d\u00fczenledi"},"content":{"rendered":"<p class=\"p1\">K\u0131br\u0131s T\u00fcrk \u00c7ift\u00e7iler Birli\u011finde d\u00fczenlenen etkinlikte, \u00fcretici kad\u0131nlar\u0131n eme\u011fi, toplumsal hayattaki rol\u00fc ve karar mekanizmalar\u0131nda daha fazla yer almas\u0131n\u0131n \u00f6nemi vurguland\u0131.<\/p>\n<p class=\"p1\">Etkinli\u011fe; KT\u00c7B Kad\u0131n Komitesi Ba\u015fkan\u0131 Asl\u0131 \u00d6zg\u00fc\u00e7, Ada Koop Kooperatifi Ba\u015fkan\u0131 Bilge Kanl\u0131, 4K Kooperatifi Ba\u015fkan\u0131 Deniz Solyal\u0131, Hayvanc\u0131lar Birli\u011fi Kad\u0131n Komitesi Ba\u015fkan\u0131 Bahar Alibaba, Mormenek\u015fe Kad\u0131nlar Birli\u011fi Ba\u015fkan\u0131 Er\u015fen Ummanel, Mesaryal\u0131 Kad\u0131nlar Birli\u011fi Ba\u015fkan\u0131 Eylem Dolmac\u0131\u2019n\u0131n yan\u0131 s\u0131ra, UBP Milletvekili \u0130zlem G\u00fcr\u00e7a\u011f, CTP Milletvekili Fide K\u00fcr\u015fat, TDP Girne \u0130l\u00e7e Ba\u015fkan\u0131 Ay\u015fe \u00d6ztabay, Hayvanc\u0131lar Birli\u011fi Ba\u015fkan\u0131 Adil Onalt ve \u00e7ok say\u0131da \u00fcretici kad\u0131n kat\u0131ld\u0131.<\/p>\n<p class=\"p1\"><b>-Nizam: \u201cKad\u0131nlar\u0131 \u00f6n planda tutma s\u00f6z\u00fcm\u00fcz\u00fc yerine getirdik\u201d<\/b><b><\/b><\/p>\n<p class=\"p1\">Etkinlikte konu\u015fan K\u0131br\u0131s T\u00fcrk \u00c7ift\u00e7iler Birli\u011fi Ba\u015fkan\u0131 Mehmet Nizam, Birlik olarak kad\u0131nlar\u0131n \u00fcretim ve \u00f6rg\u00fctlenme s\u00fcre\u00e7lerinde daha g\u00fc\u00e7l\u00fc yer almas\u0131 i\u00e7in \u00e7al\u0131\u015ft\u0131klar\u0131n\u0131 s\u00f6yledi.<\/p>\n<p class=\"p1\">G\u00f6reve geldikleri ilk g\u00fcnden itibaren kad\u0131nlar\u0131 \u00f6n planda tutma hedefiyle hareket ettiklerini belirten Nizam, Mustafa Kemal Atat\u00fcrk\u2019\u00fcn kad\u0131nlar\u0131n toplumdaki yerini g\u00fc\u00e7lendirmeye y\u00f6nelik s\u00f6zlerini hat\u0131rlatarak, kad\u0131nlar\u0131n \u00fcretim ve toplumsal ya\u015famda daha g\u00fc\u00e7l\u00fc olmas\u0131 i\u00e7in \u00e7aba g\u00f6sterdiklerini ifade etti.<\/p>\n<p class=\"p1\">Kad\u0131n komitesinin kurulmas\u0131nda eme\u011fi ge\u00e7enlere de te\u015fekk\u00fcr eden Nizam, kurucu ba\u015fkanlar\u0131n att\u0131\u011f\u0131 ad\u0131mlar\u0131n bug\u00fcn daha da ileri ta\u015f\u0131nd\u0131\u011f\u0131n\u0131 s\u00f6yledi. Nizam, farkl\u0131 kurum ve kurulu\u015flardan kad\u0131n temsilcilerin etkinlikte bir araya gelmesinin \u00f6nemine de dikkat \u00e7ekti.<\/p>\n<p class=\"p1\"><b>-\u00d6zg\u00fc\u00e7: \u201cBuras\u0131 sizin eviniz\u201d<\/b><b><\/b><\/p>\n<p class=\"p1\">KT\u00c7B Kad\u0131n Komitesi Ba\u015fkan\u0131 Asl\u0131 \u00d6zg\u00fc\u00e7 de konu\u015fmas\u0131nda, Birlik i\u00e7erisinde g\u00fc\u00e7l\u00fc bir dayan\u0131\u015fma ve aidiyet duygusu bulundu\u011funu belirterek, Kad\u0131n Komitesinin bu birlikteli\u011fe \u00f6nemli katk\u0131 sa\u011flad\u0131\u011f\u0131n\u0131 ifade etti.<\/p>\n<p class=\"p1\">\u00dcretici kad\u0131nlar\u0131n yo\u011fun \u00e7al\u0131\u015fma temposuna ra\u011fmen bir araya gelmeye \u00e7al\u0131\u015ft\u0131\u011f\u0131n\u0131 belirten Komite Ba\u015fkan\u0131, \u201cBuras\u0131 sizin evinizdir. Fikriniz, talebiniz ya da sorununuz oldu\u011funda her zaman gelin ve sesinizi duyurun.\u201d dedi.<\/p>\n<p class=\"p1\"><b>-Onalt: \u201c\u00dcretici kad\u0131nlar tar\u0131m ve hayvanc\u0131l\u0131\u011f\u0131n temel g\u00fcc\u00fcd\u00fcr\u201d<\/b><b><\/b><\/p>\n<p class=\"p1\">K\u0131br\u0131s T\u00fcrk Hayvanc\u0131lar Birli\u011fi Ba\u015fkan\u0131 Adil Onalt da, \u00fcretimin her a\u015famas\u0131nda kad\u0131n eme\u011finin b\u00fcy\u00fck bir rol oynad\u0131\u011f\u0131n\u0131 belirterek, tar\u0131m ve hayvanc\u0131l\u0131k sekt\u00f6r\u00fcnde kad\u0131nlar\u0131n hem \u00fcretimde hem de aile ya\u015fam\u0131nda \u00f6nemli sorumluluklar \u00fcstlendi\u011fini s\u00f6yledi.<\/p>\n<p class=\"p1\">Kad\u0131nlar\u0131n \u00fcretim s\u00fcrecindeki katk\u0131lar\u0131n\u0131n g\u00f6z ard\u0131 edilemeyece\u011fini ifade eden Onalt, \u00fcretici kad\u0131nlar\u0131n \u00fclke ekonomisine ve g\u0131da g\u00fcvenli\u011fine \u00f6nemli katk\u0131 sa\u011flad\u0131\u011f\u0131n\u0131 vurgulad\u0131.<\/p>\n<p class=\"p1\">Onalt, t\u00fcm emek\u00e7i kad\u0131nlar\u0131n 8 Mart D\u00fcnya Emek\u00e7i Kad\u0131nlar G\u00fcn\u00fc\u2019n\u00fc kutlad\u0131.<\/p>\n<p class=\"p1\"><b>-G\u00fcr\u00e7a\u011f: \u201cKad\u0131n ve erke\u011fin bak\u0131\u015f a\u00e7\u0131s\u0131 birle\u015fti\u011finde toplum g\u00fc\u00e7lenir\u201d<\/b><b><\/b><\/p>\n<p class=\"p1\">UBP Milletvekili \u0130zlem G\u00fcr\u00e7a\u011f da davet i\u00e7in te\u015fekk\u00fcr ederek, kad\u0131nlar\u0131n toplumsal hayattaki rol\u00fcn\u00fcn \u00f6nemine dikkat \u00e7ekti.<\/p>\n<p class=\"p1\">Toplumun sadece erkeklerden de\u011fil kad\u0131n ve erkekten olu\u015ftu\u011funu belirten G\u00fcr\u00e7a\u011f, kad\u0131n ve erke\u011fin farkl\u0131 bak\u0131\u015f a\u00e7\u0131lar\u0131n\u0131 birle\u015ftirmesinin daha g\u00fc\u00e7l\u00fc ve demokratik kararlar\u0131n al\u0131nmas\u0131n\u0131 sa\u011flayaca\u011f\u0131n\u0131 s\u00f6yledi.<\/p>\n<p class=\"p1\">Kad\u0131nlar\u0131n \u00fcretirken yaln\u0131zca \u00fcretimi de\u011fil; \u00e7ocuklar\u0131, aileyi ve gelece\u011fi de d\u00fc\u015f\u00fcnd\u00fc\u011f\u00fcn\u00fc belirten G\u00fcr\u00e7a\u011f, kad\u0131nlar\u0131n bu y\u00f6n\u00fcyle topluma \u00f6nemli katk\u0131lar sundu\u011funu ifade etti.<\/p>\n<p class=\"p1\">8 Mart\u2019\u0131n kad\u0131nlar\u0131n insan onuruna yak\u0131\u015f\u0131r bir ya\u015fam ve e\u015fitlik i\u00e7in verdi\u011fi m\u00fccadelenin miras\u0131 oldu\u011funu kaydeden G\u00fcr\u00e7a\u011f, kad\u0131nlar\u0131n siyaset, sendika ve akademi gibi alanlarda daha g\u00f6r\u00fcn\u00fcr olmas\u0131 gerekti\u011fini s\u00f6yledi. Karar mekanizmalar\u0131nda kad\u0131n ve erkeklerin e\u015fit temsiline dikkat \u00e7eken G\u00fcr\u00e7a\u011f, \u201cOn ki\u015filik bir masada be\u015f kad\u0131n ve be\u015f erkek oldu\u011funda \u00e7ok daha demokratik kararlar al\u0131nabilir.\u201d dedi.<\/p>\n<p class=\"p1\"><b>-K\u00fcr\u015fat: \u201c\u00dcretimde ciddi bir kriz ya\u015fan\u0131yor\u201d<\/b><b><\/b><\/p>\n<p class=\"p1\">CTP Milletvekili Fide K\u00fcr\u015fat ise, farkl\u0131 alanlarda \u00fcretim yapan kad\u0131nlarla bir araya gelmekten duydu\u011fu memnuniyeti dile getirdi.<\/p>\n<p class=\"p1\">\u00dcretimin olduk\u00e7a me\u015fakkatli bir i\u015f oldu\u011funu vurgulayan K\u00fcr\u015fat, kad\u0131nlar\u0131n do\u011fas\u0131nda \u00fcretkenlik bulundu\u011funu ve bir i\u015fi yaparken bir\u00e7ok fakt\u00f6r\u00fc birlikte de\u011ferlendirebilen \u00f6zel yeteneklere sahip olduklar\u0131n\u0131 s\u00f6yledi.<\/p>\n<p class=\"p1\">Kad\u0131nlar\u0131n sivil toplum i\u00e7erisinde de \u00f6nemli fark yaratt\u0131\u011f\u0131n\u0131 belirten K\u00fcr\u015fat, \u00fcretici kad\u0131nlar\u0131n ekonomiye ciddi katk\u0131 sa\u011flad\u0131\u011f\u0131n\u0131 ifade etti.<\/p>\n<p class=\"p1\">Mecliste kad\u0131n temsiliyetinin art\u0131r\u0131lmas\u0131 gerekti\u011fini de dile getiren K\u00fcr\u015fat, \u00fcretim sekt\u00f6r\u00fcn\u00fcn zor bir d\u00f6nemden ge\u00e7ti\u011fini belirterek, \u00fclkede \u00fcretimde ciddi bir kriz ya\u015fand\u0131\u011f\u0131n\u0131 s\u00f6yledi.<\/p>\n<p class=\"p1\">Bir \u00fclkenin kendi g\u0131da arz g\u00fcvenli\u011fini sa\u011flamas\u0131n\u0131n hayati \u00f6nem ta\u015f\u0131d\u0131\u011f\u0131n\u0131 kaydeden K\u00fcr\u015fat, \u201cTopra\u011fa d\u00f6rt elle sar\u0131lmam\u0131z gereken bir d\u00f6nemdeyiz.\u201d dedi. \u0130thalata ba\u011fl\u0131 sorunlar\u0131n \u00e7\u00f6z\u00fclmesi ve kooperatif\u00e7ili\u011fin geli\u015ftirilmesi gerekti\u011fini de ifade eden K\u00fcr\u015fat, \u00fclkede \u00fcretimin \u00f6n\u00fcn\u00fc a\u00e7mak i\u00e7in \u00e7al\u0131\u015fmalar y\u00fcr\u00fctt\u00fcklerini belirtti.<\/p>\n<p class=\"p1\"><b>-Dalo\u011flu: \u201cKad\u0131nlar\u0131n sesi bug\u00fcn daha g\u00fc\u00e7l\u00fc\u201d<\/b><b><\/b><\/p>\n<p class=\"p1\">KT\u00c7B Kad\u0131n Komitesi Kurucu Ba\u015fkan\u0131 Ay\u015fe Dalo\u011flu da, konu\u015fmas\u0131nda, Komitenin kurulu\u015f s\u00fcrecine de\u011finerek, tar\u0131mda kad\u0131nlar\u0131n sesini duyurmak amac\u0131yla yola \u00e7\u0131kt\u0131klar\u0131n\u0131 s\u00f6yledi.<\/p>\n<p class=\"p1\">Ba\u015flang\u0131\u00e7ta d\u00f6rt ki\u015fiyle \u00e7\u0131kt\u0131klar\u0131 yolda bug\u00fcn \u00e7ok daha geni\u015f bir kad\u0131n dayan\u0131\u015fmas\u0131n\u0131n olu\u015ftu\u011funu ifade eden Dalo\u011flu, kad\u0131nlar\u0131n tar\u0131mdaki rol\u00fcn\u00fcn her ge\u00e7en g\u00fcn daha g\u00f6r\u00fcn\u00fcr hale geldi\u011fini belirtti.<\/p>\n<p class=\"p1\"><b>-\u00d6ztabay: \u201cBu \u00fclkeyi ilmek ilmek i\u015fleyen kad\u0131nlara hayran\u0131m\u201d<\/b><b><\/b><\/p>\n<p class=\"p1\">TDP Girne \u0130l\u00e7e Ba\u015fkan\u0131 Ay\u015fe \u00d6ztabay ise konu\u015fmas\u0131nda kad\u0131nlar\u0131n toplumsal m\u00fccadeledeki rol\u00fcne dikkat \u00e7ekti.<\/p>\n<p class=\"p1\">Zor \u015fartlar alt\u0131nda b\u00fcy\u00fcd\u00fc\u011f\u00fcn\u00fc ve hayat\u0131 boyunca g\u00fc\u00e7l\u00fc kad\u0131nlar\u0131n m\u00fccadelesine tan\u0131kl\u0131k etti\u011fini belirten \u00d6ztabay, \u00fclkenin geli\u015fimine katk\u0131 koyan kad\u0131nlarla bir arada olmaktan gurur duydu\u011funu s\u00f6yledi.<\/p>\n<p class=\"p1\">Kad\u0131nlar\u0131n \u00fclkenin gelece\u011finde \u00f6nemli bir rol oynad\u0131\u011f\u0131n\u0131 ifade eden \u00d6ztabay, \u201cBu \u00fclkeyi ilmek ilmek i\u015fleyen kad\u0131nlara hayran\u0131m. \u00dclkenin m\u00fccadelesinde direnen kad\u0131nlarla ayn\u0131 masada olmak b\u00fcy\u00fck bir onur\u201d dedi.<\/p>\n<p class=\"p1\">\u00d6ztabay ayr\u0131ca TDP olarak sosyal adalet ve f\u0131rsat e\u015fitli\u011fi konusunda y\u00fcr\u00fctt\u00fckleri \u00e7al\u0131\u015fmalarda kad\u0131nlar\u0131n deneyimlerinden ilham ald\u0131klar\u0131n\u0131 ifade ederek, t\u00fcm kad\u0131nlar\u0131n 8 Mart D\u00fcnya Emek\u00e7i Kad\u0131nlar G\u00fcn\u00fc\u2019n\u00fc kutlad\u0131.<\/p>\n<p class=\"p2\"><span class=\"Apple-converted-space\">\u00a0<\/span>Etkinli\u011fin sonunda, K\u0131br\u0131s T\u00fcrk \u00c7ift\u00e7iler Birli\u011fi\u00a0 Ba\u015fkan\u0131 Mehmet Nizam taraf\u0131ndan etkinli\u011fe kat\u0131lan kad\u0131nlara \u00e7i\u00e7ek takdim edildi.<\/p>\n<p>KT\u00c7B, 8 Mart D\u00fcnya Emek\u00e7i Kad\u0131nlar G\u00fcn\u00fc dolay\u0131s\u0131yla etkinlik d\u00fczenledi yaz\u0131s\u0131 ilk \u00f6nce K\u0131br\u0131s Hakikat \u00fczerinde ortaya \u00e7\u0131kt\u0131.<\/p>\n","protected":false},"excerpt":{"rendered":"<p>K\u0131br\u0131s T\u00fcrk \u00c7ift\u00e7iler Birli\u011finde d\u00fczenlenen etkinlikte, \u00fcretici kad\u0131nlar\u0131n eme\u011fi, toplumsal hayattaki rol\u00fc ve karar mekanizmalar\u0131nda daha fazla yer almas\u0131n\u0131n \u00f6nemi vurguland\u0131. Etkinli\u011fe; KT\u00c7B Kad\u0131n Komitesi Ba\u015fkan\u0131 Asl\u0131 \u00d6zg\u00fc\u00e7, Ada Koop Kooperatifi Ba\u015fkan\u0131 Bilge Kanl\u0131, 4K Kooperatifi Ba\u015fkan\u0131 Deniz Solyal\u0131, Hayvanc\u0131lar Birli\u011fi Kad\u0131n Komitesi Ba\u015fkan\u0131 Bahar Alibaba, Mormenek\u015fe Kad\u0131nlar Birli\u011fi Ba\u015fkan\u0131 Er\u015fen Ummanel, Mesaryal\u0131 Kad\u0131nlar Birli\u011fi [&hellip;]<\/p>\n","protected":false},"author":1,"featured_media":35038,"comment_status":"open","ping_status":"open","sticky":false,"template":"","format":"standard","meta":{"jnews-multi-image_gallery":[],"jnews_single_post":[],"jnews_primary_category":[],"footnotes":""},"categories":[1],"tags":[],"class_list":["post-35037","post","type-post","status-publish","format-standard","has-post-thumbnail","hentry","category-kibris"],"yoast_head":"<!-- This site is optimized with the Yoast SEO plugin v27.5 - https:\/\/yoast.com\/product\/yoast-seo-wordpress\/ -->\n<title>KT\u00c7B, 8 Mart D\u00fcnya Emek\u00e7i Kad\u0131nlar G\u00fcn\u00fc dolay\u0131s\u0131yla etkinlik d\u00fczenledi - Haber Kuzey<\/title>\n<meta name=\"robots\" content=\"index, follow, max-snippet:-1, max-image-preview:large, max-video-preview:-1\" \/>\n<link rel=\"canonical\" href=\"https:\/\/haberkuzey.com\/index.php\/2026\/03\/07\/ktcb-8-mart-dunya-emekci-kadinlar-gunu-dolayisiyla-etkinlik-duzenledi\/\" \/>\n<meta property=\"og:locale\" content=\"tr_TR\" \/>\n<meta property=\"og:type\" content=\"article\" \/>\n<meta property=\"og:title\" content=\"KT\u00c7B, 8 Mart D\u00fcnya Emek\u00e7i Kad\u0131nlar G\u00fcn\u00fc dolay\u0131s\u0131yla etkinlik d\u00fczenledi - Haber Kuzey\" \/>\n<meta property=\"og:description\" content=\"K\u0131br\u0131s T\u00fcrk \u00c7ift\u00e7iler Birli\u011finde d\u00fczenlenen etkinlikte, \u00fcretici kad\u0131nlar\u0131n eme\u011fi, toplumsal hayattaki rol\u00fc ve karar mekanizmalar\u0131nda daha fazla yer almas\u0131n\u0131n \u00f6nemi vurguland\u0131. Etkinli\u011fe; KT\u00c7B Kad\u0131n Komitesi Ba\u015fkan\u0131 Asl\u0131 \u00d6zg\u00fc\u00e7, Ada Koop Kooperatifi Ba\u015fkan\u0131 Bilge Kanl\u0131, 4K Kooperatifi Ba\u015fkan\u0131 Deniz Solyal\u0131, Hayvanc\u0131lar Birli\u011fi Kad\u0131n Komitesi Ba\u015fkan\u0131 Bahar Alibaba, Mormenek\u015fe Kad\u0131nlar Birli\u011fi Ba\u015fkan\u0131 Er\u015fen Ummanel, Mesaryal\u0131 Kad\u0131nlar Birli\u011fi [&hellip;]\" \/>\n<meta property=\"og:url\" content=\"https:\/\/haberkuzey.com\/index.php\/2026\/03\/07\/ktcb-8-mart-dunya-emekci-kadinlar-gunu-dolayisiyla-etkinlik-duzenledi\/\" \/>\n<meta property=\"og:site_name\" content=\"Haber Kuzey\" \/>\n<meta property=\"article:published_time\" content=\"2026-03-07T09:35:23+00:00\" \/>\n<meta name=\"author\" content=\"haberkuzey\" \/>\n<meta name=\"twitter:card\" content=\"summary_large_image\" \/>\n<meta name=\"twitter:label1\" content=\"Yazan:\" \/>\n\t<meta name=\"twitter:data1\" content=\"haberkuzey\" \/>\n\t<meta name=\"twitter:label2\" content=\"Tahmini okuma s\u00fcresi\" \/>\n\t<meta name=\"twitter:data2\" content=\"6 dakika\" \/>\n<script type=\"application\/ld+json\" class=\"yoast-schema-graph\">{\"@context\":\"https:\\\/\\\/schema.org\",\"@graph\":[{\"@type\":\"Article\",\"@id\":\"https:\\\/\\\/haberkuzey.com\\\/index.php\\\/2026\\\/03\\\/07\\\/ktcb-8-mart-dunya-emekci-kadinlar-gunu-dolayisiyla-etkinlik-duzenledi\\\/#article\",\"isPartOf\":{\"@id\":\"https:\\\/\\\/haberkuzey.com\\\/index.php\\\/2026\\\/03\\\/07\\\/ktcb-8-mart-dunya-emekci-kadinlar-gunu-dolayisiyla-etkinlik-duzenledi\\\/\"},\"author\":{\"name\":\"haberkuzey\",\"@id\":\"https:\\\/\\\/haberkuzey.com\\\/#\\\/schema\\\/person\\\/3372109ec735f9333f4fa47ebb9605ca\"},\"headline\":\"KT\u00c7B, 8 Mart D\u00fcnya Emek\u00e7i Kad\u0131nlar G\u00fcn\u00fc dolay\u0131s\u0131yla etkinlik d\u00fczenledi\",\"datePublished\":\"2026-03-07T09:35:23+00:00\",\"mainEntityOfPage\":{\"@id\":\"https:\\\/\\\/haberkuzey.com\\\/index.php\\\/2026\\\/03\\\/07\\\/ktcb-8-mart-dunya-emekci-kadinlar-gunu-dolayisiyla-etkinlik-duzenledi\\\/\"},\"wordCount\":1243,\"commentCount\":0,\"image\":{\"@id\":\"https:\\\/\\\/haberkuzey.com\\\/index.php\\\/2026\\\/03\\\/07\\\/ktcb-8-mart-dunya-emekci-kadinlar-gunu-dolayisiyla-etkinlik-duzenledi\\\/#primaryimage\"},\"thumbnailUrl\":\"https:\\\/\\\/haberkuzey.com\\\/wp-content\\\/uploads\\\/2026\\\/03\\\/1772870538227WhatsApp-Image-2026-03-07-at-09.59.51.jpeg\",\"articleSection\":[\"K\u0131br\u0131s\"],\"inLanguage\":\"tr\",\"potentialAction\":[{\"@type\":\"CommentAction\",\"name\":\"Comment\",\"target\":[\"https:\\\/\\\/haberkuzey.com\\\/index.php\\\/2026\\\/03\\\/07\\\/ktcb-8-mart-dunya-emekci-kadinlar-gunu-dolayisiyla-etkinlik-duzenledi\\\/#respond\"]}]},{\"@type\":\"WebPage\",\"@id\":\"https:\\\/\\\/haberkuzey.com\\\/index.php\\\/2026\\\/03\\\/07\\\/ktcb-8-mart-dunya-emekci-kadinlar-gunu-dolayisiyla-etkinlik-duzenledi\\\/\",\"url\":\"https:\\\/\\\/haberkuzey.com\\\/index.php\\\/2026\\\/03\\\/07\\\/ktcb-8-mart-dunya-emekci-kadinlar-gunu-dolayisiyla-etkinlik-duzenledi\\\/\",\"name\":\"KT\u00c7B, 8 Mart D\u00fcnya Emek\u00e7i Kad\u0131nlar G\u00fcn\u00fc dolay\u0131s\u0131yla etkinlik d\u00fczenledi - Haber Kuzey\",\"isPartOf\":{\"@id\":\"https:\\\/\\\/haberkuzey.com\\\/#website\"},\"primaryImageOfPage\":{\"@id\":\"https:\\\/\\\/haberkuzey.com\\\/index.php\\\/2026\\\/03\\\/07\\\/ktcb-8-mart-dunya-emekci-kadinlar-gunu-dolayisiyla-etkinlik-duzenledi\\\/#primaryimage\"},\"image\":{\"@id\":\"https:\\\/\\\/haberkuzey.com\\\/index.php\\\/2026\\\/03\\\/07\\\/ktcb-8-mart-dunya-emekci-kadinlar-gunu-dolayisiyla-etkinlik-duzenledi\\\/#primaryimage\"},\"thumbnailUrl\":\"https:\\\/\\\/haberkuzey.com\\\/wp-content\\\/uploads\\\/2026\\\/03\\\/1772870538227WhatsApp-Image-2026-03-07-at-09.59.51.jpeg\",\"datePublished\":\"2026-03-07T09:35:23+00:00\",\"author\":{\"@id\":\"https:\\\/\\\/haberkuzey.com\\\/#\\\/schema\\\/person\\\/3372109ec735f9333f4fa47ebb9605ca\"},\"breadcrumb\":{\"@id\":\"https:\\\/\\\/haberkuzey.com\\\/index.php\\\/2026\\\/03\\\/07\\\/ktcb-8-mart-dunya-emekci-kadinlar-gunu-dolayisiyla-etkinlik-duzenledi\\\/#breadcrumb\"},\"inLanguage\":\"tr\",\"potentialAction\":[{\"@type\":\"ReadAction\",\"target\":[\"https:\\\/\\\/haberkuzey.com\\\/index.php\\\/2026\\\/03\\\/07\\\/ktcb-8-mart-dunya-emekci-kadinlar-gunu-dolayisiyla-etkinlik-duzenledi\\\/\"]}]},{\"@type\":\"ImageObject\",\"inLanguage\":\"tr\",\"@id\":\"https:\\\/\\\/haberkuzey.com\\\/index.php\\\/2026\\\/03\\\/07\\\/ktcb-8-mart-dunya-emekci-kadinlar-gunu-dolayisiyla-etkinlik-duzenledi\\\/#primaryimage\",\"url\":\"https:\\\/\\\/haberkuzey.com\\\/wp-content\\\/uploads\\\/2026\\\/03\\\/1772870538227WhatsApp-Image-2026-03-07-at-09.59.51.jpeg\",\"contentUrl\":\"https:\\\/\\\/haberkuzey.com\\\/wp-content\\\/uploads\\\/2026\\\/03\\\/1772870538227WhatsApp-Image-2026-03-07-at-09.59.51.jpeg\",\"width\":1600,\"height\":1200},{\"@type\":\"BreadcrumbList\",\"@id\":\"https:\\\/\\\/haberkuzey.com\\\/index.php\\\/2026\\\/03\\\/07\\\/ktcb-8-mart-dunya-emekci-kadinlar-gunu-dolayisiyla-etkinlik-duzenledi\\\/#breadcrumb\",\"itemListElement\":[{\"@type\":\"ListItem\",\"position\":1,\"name\":\"Anasayfa\",\"item\":\"https:\\\/\\\/haberkuzey.com\\\/\"},{\"@type\":\"ListItem\",\"position\":2,\"name\":\"KT\u00c7B, 8 Mart D\u00fcnya Emek\u00e7i Kad\u0131nlar G\u00fcn\u00fc dolay\u0131s\u0131yla etkinlik d\u00fczenledi\"}]},{\"@type\":\"WebSite\",\"@id\":\"https:\\\/\\\/haberkuzey.com\\\/#website\",\"url\":\"https:\\\/\\\/haberkuzey.com\\\/\",\"name\":\"Haber Kuzey\",\"description\":\"Do\u011fru Haberin Adresi\",\"potentialAction\":[{\"@type\":\"SearchAction\",\"target\":{\"@type\":\"EntryPoint\",\"urlTemplate\":\"https:\\\/\\\/haberkuzey.com\\\/?s={search_term_string}\"},\"query-input\":{\"@type\":\"PropertyValueSpecification\",\"valueRequired\":true,\"valueName\":\"search_term_string\"}}],\"inLanguage\":\"tr\"},{\"@type\":\"Person\",\"@id\":\"https:\\\/\\\/haberkuzey.com\\\/#\\\/schema\\\/person\\\/3372109ec735f9333f4fa47ebb9605ca\",\"name\":\"haberkuzey\",\"image\":{\"@type\":\"ImageObject\",\"inLanguage\":\"tr\",\"@id\":\"https:\\\/\\\/secure.gravatar.com\\\/avatar\\\/f5fc875574b1575324358c3b9e6a32b8227aa5b74f3fa22e3cadb63e26fcc39c?s=96&d=mm&r=g\",\"url\":\"https:\\\/\\\/secure.gravatar.com\\\/avatar\\\/f5fc875574b1575324358c3b9e6a32b8227aa5b74f3fa22e3cadb63e26fcc39c?s=96&d=mm&r=g\",\"contentUrl\":\"https:\\\/\\\/secure.gravatar.com\\\/avatar\\\/f5fc875574b1575324358c3b9e6a32b8227aa5b74f3fa22e3cadb63e26fcc39c?s=96&d=mm&r=g\",\"caption\":\"haberkuzey\"},\"sameAs\":[\"https:\\\/\\\/haberkuzey.com\"],\"url\":\"https:\\\/\\\/haberkuzey.com\\\/index.php\\\/author\\\/haberkuzey\\\/\"}]}<\/script>\n<!-- \/ Yoast SEO plugin. -->","yoast_head_json":{"title":"KT\u00c7B, 8 Mart D\u00fcnya Emek\u00e7i Kad\u0131nlar G\u00fcn\u00fc dolay\u0131s\u0131yla etkinlik d\u00fczenledi - Haber Kuzey","robots":{"index":"index","follow":"follow","max-snippet":"max-snippet:-1","max-image-preview":"max-image-preview:large","max-video-preview":"max-video-preview:-1"},"canonical":"https:\/\/haberkuzey.com\/index.php\/2026\/03\/07\/ktcb-8-mart-dunya-emekci-kadinlar-gunu-dolayisiyla-etkinlik-duzenledi\/","og_locale":"tr_TR","og_type":"article","og_title":"KT\u00c7B, 8 Mart D\u00fcnya Emek\u00e7i Kad\u0131nlar G\u00fcn\u00fc dolay\u0131s\u0131yla etkinlik d\u00fczenledi - Haber Kuzey","og_description":"K\u0131br\u0131s T\u00fcrk \u00c7ift\u00e7iler Birli\u011finde d\u00fczenlenen etkinlikte, \u00fcretici kad\u0131nlar\u0131n eme\u011fi, toplumsal hayattaki rol\u00fc ve karar mekanizmalar\u0131nda daha fazla yer almas\u0131n\u0131n \u00f6nemi vurguland\u0131. Etkinli\u011fe; KT\u00c7B Kad\u0131n Komitesi Ba\u015fkan\u0131 Asl\u0131 \u00d6zg\u00fc\u00e7, Ada Koop Kooperatifi Ba\u015fkan\u0131 Bilge Kanl\u0131, 4K Kooperatifi Ba\u015fkan\u0131 Deniz Solyal\u0131, Hayvanc\u0131lar Birli\u011fi Kad\u0131n Komitesi Ba\u015fkan\u0131 Bahar Alibaba, Mormenek\u015fe Kad\u0131nlar Birli\u011fi Ba\u015fkan\u0131 Er\u015fen Ummanel, Mesaryal\u0131 Kad\u0131nlar Birli\u011fi [&hellip;]","og_url":"https:\/\/haberkuzey.com\/index.php\/2026\/03\/07\/ktcb-8-mart-dunya-emekci-kadinlar-gunu-dolayisiyla-etkinlik-duzenledi\/","og_site_name":"Haber Kuzey","article_published_time":"2026-03-07T09:35:23+00:00","author":"haberkuzey","twitter_card":"summary_large_image","twitter_misc":{"Yazan:":"haberkuzey","Tahmini okuma s\u00fcresi":"6 dakika"},"schema":{"@context":"https:\/\/schema.org","@graph":[{"@type":"Article","@id":"https:\/\/haberkuzey.com\/index.php\/2026\/03\/07\/ktcb-8-mart-dunya-emekci-kadinlar-gunu-dolayisiyla-etkinlik-duzenledi\/#article","isPartOf":{"@id":"https:\/\/haberkuzey.com\/index.php\/2026\/03\/07\/ktcb-8-mart-dunya-emekci-kadinlar-gunu-dolayisiyla-etkinlik-duzenledi\/"},"author":{"name":"haberkuzey","@id":"https:\/\/haberkuzey.com\/#\/schema\/person\/3372109ec735f9333f4fa47ebb9605ca"},"headline":"KT\u00c7B, 8 Mart D\u00fcnya Emek\u00e7i Kad\u0131nlar G\u00fcn\u00fc dolay\u0131s\u0131yla etkinlik d\u00fczenledi","datePublished":"2026-03-07T09:35:23+00:00","mainEntityOfPage":{"@id":"https:\/\/haberkuzey.com\/index.php\/2026\/03\/07\/ktcb-8-mart-dunya-emekci-kadinlar-gunu-dolayisiyla-etkinlik-duzenledi\/"},"wordCount":1243,"commentCount":0,"image":{"@id":"https:\/\/haberkuzey.com\/index.php\/2026\/03\/07\/ktcb-8-mart-dunya-emekci-kadinlar-gunu-dolayisiyla-etkinlik-duzenledi\/#primaryimage"},"thumbnailUrl":"https:\/\/haberkuzey.com\/wp-content\/uploads\/2026\/03\/1772870538227WhatsApp-Image-2026-03-07-at-09.59.51.jpeg","articleSection":["K\u0131br\u0131s"],"inLanguage":"tr","potentialAction":[{"@type":"CommentAction","name":"Comment","target":["https:\/\/haberkuzey.com\/index.php\/2026\/03\/07\/ktcb-8-mart-dunya-emekci-kadinlar-gunu-dolayisiyla-etkinlik-duzenledi\/#respond"]}]},{"@type":"WebPage","@id":"https:\/\/haberkuzey.com\/index.php\/2026\/03\/07\/ktcb-8-mart-dunya-emekci-kadinlar-gunu-dolayisiyla-etkinlik-duzenledi\/","url":"https:\/\/haberkuzey.com\/index.php\/2026\/03\/07\/ktcb-8-mart-dunya-emekci-kadinlar-gunu-dolayisiyla-etkinlik-duzenledi\/","name":"KT\u00c7B, 8 Mart D\u00fcnya Emek\u00e7i Kad\u0131nlar G\u00fcn\u00fc dolay\u0131s\u0131yla etkinlik d\u00fczenledi - Haber Kuzey","isPartOf":{"@id":"https:\/\/haberkuzey.com\/#website"},"primaryImageOfPage":{"@id":"https:\/\/haberkuzey.com\/index.php\/2026\/03\/07\/ktcb-8-mart-dunya-emekci-kadinlar-gunu-dolayisiyla-etkinlik-duzenledi\/#primaryimage"},"image":{"@id":"https:\/\/haberkuzey.com\/index.php\/2026\/03\/07\/ktcb-8-mart-dunya-emekci-kadinlar-gunu-dolayisiyla-etkinlik-duzenledi\/#primaryimage"},"thumbnailUrl":"https:\/\/haberkuzey.com\/wp-content\/uploads\/2026\/03\/1772870538227WhatsApp-Image-2026-03-07-at-09.59.51.jpeg","datePublished":"2026-03-07T09:35:23+00:00","author":{"@id":"https:\/\/haberkuzey.com\/#\/schema\/person\/3372109ec735f9333f4fa47ebb9605ca"},"breadcrumb":{"@id":"https:\/\/haberkuzey.com\/index.php\/2026\/03\/07\/ktcb-8-mart-dunya-emekci-kadinlar-gunu-dolayisiyla-etkinlik-duzenledi\/#breadcrumb"},"inLanguage":"tr","potentialAction":[{"@type":"ReadAction","target":["https:\/\/haberkuzey.com\/index.php\/2026\/03\/07\/ktcb-8-mart-dunya-emekci-kadinlar-gunu-dolayisiyla-etkinlik-duzenledi\/"]}]},{"@type":"ImageObject","inLanguage":"tr","@id":"https:\/\/haberkuzey.com\/index.php\/2026\/03\/07\/ktcb-8-mart-dunya-emekci-kadinlar-gunu-dolayisiyla-etkinlik-duzenledi\/#primaryimage","url":"https:\/\/haberkuzey.com\/wp-content\/uploads\/2026\/03\/1772870538227WhatsApp-Image-2026-03-07-at-09.59.51.jpeg","contentUrl":"https:\/\/haberkuzey.com\/wp-content\/uploads\/2026\/03\/1772870538227WhatsApp-Image-2026-03-07-at-09.59.51.jpeg","width":1600,"height":1200},{"@type":"BreadcrumbList","@id":"https:\/\/haberkuzey.com\/index.php\/2026\/03\/07\/ktcb-8-mart-dunya-emekci-kadinlar-gunu-dolayisiyla-etkinlik-duzenledi\/#breadcrumb","itemListElement":[{"@type":"ListItem","position":1,"name":"Anasayfa","item":"https:\/\/haberkuzey.com\/"},{"@type":"ListItem","position":2,"name":"KT\u00c7B, 8 Mart D\u00fcnya Emek\u00e7i Kad\u0131nlar G\u00fcn\u00fc dolay\u0131s\u0131yla etkinlik d\u00fczenledi"}]},{"@type":"WebSite","@id":"https:\/\/haberkuzey.com\/#website","url":"https:\/\/haberkuzey.com\/","name":"Haber Kuzey","description":"Do\u011fru Haberin Adresi","potentialAction":[{"@type":"SearchAction","target":{"@type":"EntryPoint","urlTemplate":"https:\/\/haberkuzey.com\/?s={search_term_string}"},"query-input":{"@type":"PropertyValueSpecification","valueRequired":true,"valueName":"search_term_string"}}],"inLanguage":"tr"},{"@type":"Person","@id":"https:\/\/haberkuzey.com\/#\/schema\/person\/3372109ec735f9333f4fa47ebb9605ca","name":"haberkuzey","image":{"@type":"ImageObject","inLanguage":"tr","@id":"https:\/\/secure.gravatar.com\/avatar\/f5fc875574b1575324358c3b9e6a32b8227aa5b74f3fa22e3cadb63e26fcc39c?s=96&d=mm&r=g","url":"https:\/\/secure.gravatar.com\/avatar\/f5fc875574b1575324358c3b9e6a32b8227aa5b74f3fa22e3cadb63e26fcc39c?s=96&d=mm&r=g","contentUrl":"https:\/\/secure.gravatar.com\/avatar\/f5fc875574b1575324358c3b9e6a32b8227aa5b74f3fa22e3cadb63e26fcc39c?s=96&d=mm&r=g","caption":"haberkuzey"},"sameAs":["https:\/\/haberkuzey.com"],"url":"https:\/\/haberkuzey.com\/index.php\/author\/haberkuzey\/"}]}},"_links":{"self":[{"href":"https:\/\/haberkuzey.com\/index.php\/wp-json\/wp\/v2\/posts\/35037","targetHints":{"allow":["GET"]}}],"collection":[{"href":"https:\/\/haberkuzey.com\/index.php\/wp-json\/wp\/v2\/posts"}],"about":[{"href":"https:\/\/haberkuzey.com\/index.php\/wp-json\/wp\/v2\/types\/post"}],"author":[{"embeddable":true,"href":"https:\/\/haberkuzey.com\/index.php\/wp-json\/wp\/v2\/users\/1"}],"replies":[{"embeddable":true,"href":"https:\/\/haberkuzey.com\/index.php\/wp-json\/wp\/v2\/comments?post=35037"}],"version-history":[{"count":0,"href":"https:\/\/haberkuzey.com\/index.php\/wp-json\/wp\/v2\/posts\/35037\/revisions"}],"wp:featuredmedia":[{"embeddable":true,"href":"https:\/\/haberkuzey.com\/index.php\/wp-json\/wp\/v2\/media\/35038"}],"wp:attachment":[{"href":"https:\/\/haberkuzey.com\/index.php\/wp-json\/wp\/v2\/media?parent=35037"}],"wp:term":[{"taxonomy":"category","embeddable":true,"href":"https:\/\/haberkuzey.com\/index.php\/wp-json\/wp\/v2\/categories?post=35037"},{"taxonomy":"post_tag","embeddable":true,"href":"https:\/\/haberkuzey.com\/index.php\/wp-json\/wp\/v2\/tags?post=35037"}],"curies":[{"name":"wp","href":"https:\/\/api.w.org\/{rel}","templated":true}]}}