{"id":35033,"date":"2026-03-07T11:23:34","date_gmt":"2026-03-07T09:23:34","guid":{"rendered":"https:\/\/haberkuzey.com\/index.php\/2026\/03\/07\/kamuoyu-siginaklar-ve-acil-durum-hazirliklariyla-ilgili-bilgilendirilmeli\/"},"modified":"2026-03-07T11:23:34","modified_gmt":"2026-03-07T09:23:34","slug":"kamuoyu-siginaklar-ve-acil-durum-hazirliklariyla-ilgili-bilgilendirilmeli","status":"publish","type":"post","link":"https:\/\/haberkuzey.com\/index.php\/2026\/03\/07\/kamuoyu-siginaklar-ve-acil-durum-hazirliklariyla-ilgili-bilgilendirilmeli\/","title":{"rendered":"Kamuoyu, s\u0131\u011f\u0131naklar ve acil durum haz\u0131rl\u0131klar\u0131yla ilgili bilgilendirilmeli"},"content":{"rendered":"<p style=\"font-weight: 300\"><span style=\"font-weight: 300 !important\">Gen\u00e7lik Federasyonu Genel Ba\u015fkanl\u0131\u011f\u0131 ad\u0131na yaz\u0131l\u0131 a\u00e7\u0131klama yapan \u0130dare Amiri Sedat \u0130zcan<\/span><span style=\"font-weight: 300 !important\">, Orta Do\u011fu\u2019daki geli\u015fmeler ve K\u0131br\u0131s\u2019taki \u00fcslerle ilgili toplumsal kayg\u0131y\u0131 gidermenin kamu otoritelerinin sorumlulu\u011funda oldu\u011funu ifade etti.<\/span><\/p>\n<p style=\"font-weight: 300\"><span style=\"font-weight: 300 !important\">\u0130zcan, \u00fclkenin olas\u0131 bir kriz, do\u011fal afet veya acil duruma kar\u015f\u0131 haz\u0131rl\u0131k d\u00fczeyinin ve uygulanacak protokollerin \u015feffaf bi\u00e7imde kamuoyuyla payla\u015f\u0131lmas\u0131n\u0131n toplumsal g\u00fcveni g\u00fc\u00e7lendirece\u011fini s\u00f6yledi.<\/span><\/p>\n<p style=\"font-weight: 300\"><span style=\"font-weight: 300 !important\">\u0130zcan, il\u00e7e, \u201cBucak ve beldelere g\u00f6re s\u0131\u011f\u0131nak say\u0131s\u0131yla kapasitelerine ili\u015fkin genel bilgilendirme yap\u0131lmas\u0131, s\u0131\u011f\u0131naklar\u0131n bak\u0131m ve kullan\u0131labilirlik durumuna dair g\u00fcncel verilerin payla\u015f\u0131lmas\u0131, 1974 \u00f6ncesi ve sonras\u0131 in\u015fa edilen t\u00fcm s\u0131\u011f\u0131naklar\u0131n envanterinin \u00e7\u0131kar\u0131lmas\u0131 ve \u00f6zellikle 1974 \u00f6ncesine ait s\u0131\u011f\u0131naklar\u0131n g\u00fcvenlik riski olup olmad\u0131\u011f\u0131n\u0131n de\u011ferlendirilmesi\u201d \u00f6nerilerini s\u0131ralayarak, bunlar\u0131n Bakanlar Kurulu ve yetkililerin de dikkatine sunuldu\u011funu kaydetti.<\/span><\/p>\n<p>Kamuoyu, s\u0131\u011f\u0131naklar ve acil durum haz\u0131rl\u0131klar\u0131yla ilgili bilgilendirilmeli yaz\u0131s\u0131 ilk \u00f6nce K\u0131br\u0131s Hakikat \u00fczerinde ortaya \u00e7\u0131kt\u0131.<\/p>\n","protected":false},"excerpt":{"rendered":"<p>Gen\u00e7lik Federasyonu Genel Ba\u015fkanl\u0131\u011f\u0131 ad\u0131na yaz\u0131l\u0131 a\u00e7\u0131klama yapan \u0130dare Amiri Sedat \u0130zcan, Orta Do\u011fu\u2019daki geli\u015fmeler ve K\u0131br\u0131s\u2019taki \u00fcslerle ilgili toplumsal kayg\u0131y\u0131 gidermenin kamu otoritelerinin sorumlulu\u011funda oldu\u011funu ifade etti. \u0130zcan, \u00fclkenin olas\u0131 bir kriz, do\u011fal afet veya acil duruma kar\u015f\u0131 haz\u0131rl\u0131k d\u00fczeyinin ve uygulanacak protokollerin \u015feffaf bi\u00e7imde kamuoyuyla payla\u015f\u0131lmas\u0131n\u0131n toplumsal g\u00fcveni g\u00fc\u00e7lendirece\u011fini s\u00f6yledi. \u0130zcan, il\u00e7e, \u201cBucak [&hellip;]<\/p>\n","protected":false},"author":1,"featured_media":35034,"comment_status":"open","ping_status":"open","sticky":false,"template":"","format":"standard","meta":{"jnews-multi-image_gallery":[],"jnews_single_post":[],"jnews_primary_category":[],"footnotes":""},"categories":[1],"tags":[],"class_list":["post-35033","post","type-post","status-publish","format-standard","has-post-thumbnail","hentry","category-kibris"],"yoast_head":"<!-- This site is optimized with the Yoast SEO plugin v27.5 - https:\/\/yoast.com\/product\/yoast-seo-wordpress\/ -->\n<title>Kamuoyu, s\u0131\u011f\u0131naklar ve acil durum haz\u0131rl\u0131klar\u0131yla ilgili bilgilendirilmeli - Haber Kuzey<\/title>\n<meta name=\"robots\" content=\"index, follow, max-snippet:-1, max-image-preview:large, max-video-preview:-1\" \/>\n<link rel=\"canonical\" href=\"https:\/\/haberkuzey.com\/index.php\/2026\/03\/07\/kamuoyu-siginaklar-ve-acil-durum-hazirliklariyla-ilgili-bilgilendirilmeli\/\" \/>\n<meta property=\"og:locale\" content=\"tr_TR\" \/>\n<meta property=\"og:type\" content=\"article\" \/>\n<meta property=\"og:title\" content=\"Kamuoyu, s\u0131\u011f\u0131naklar ve acil durum haz\u0131rl\u0131klar\u0131yla ilgili bilgilendirilmeli - Haber Kuzey\" \/>\n<meta property=\"og:description\" content=\"Gen\u00e7lik Federasyonu Genel Ba\u015fkanl\u0131\u011f\u0131 ad\u0131na yaz\u0131l\u0131 a\u00e7\u0131klama yapan \u0130dare Amiri Sedat \u0130zcan, Orta Do\u011fu\u2019daki geli\u015fmeler ve K\u0131br\u0131s\u2019taki \u00fcslerle ilgili toplumsal kayg\u0131y\u0131 gidermenin kamu otoritelerinin sorumlulu\u011funda oldu\u011funu ifade etti. \u0130zcan, \u00fclkenin olas\u0131 bir kriz, do\u011fal afet veya acil duruma kar\u015f\u0131 haz\u0131rl\u0131k d\u00fczeyinin ve uygulanacak protokollerin \u015feffaf bi\u00e7imde kamuoyuyla payla\u015f\u0131lmas\u0131n\u0131n toplumsal g\u00fcveni g\u00fc\u00e7lendirece\u011fini s\u00f6yledi. \u0130zcan, il\u00e7e, \u201cBucak [&hellip;]\" \/>\n<meta property=\"og:url\" content=\"https:\/\/haberkuzey.com\/index.php\/2026\/03\/07\/kamuoyu-siginaklar-ve-acil-durum-hazirliklariyla-ilgili-bilgilendirilmeli\/\" \/>\n<meta property=\"og:site_name\" content=\"Haber Kuzey\" \/>\n<meta property=\"article:published_time\" content=\"2026-03-07T09:23:34+00:00\" \/>\n<meta name=\"author\" content=\"haberkuzey\" \/>\n<meta name=\"twitter:card\" content=\"summary_large_image\" \/>\n<meta name=\"twitter:label1\" content=\"Yazan:\" \/>\n\t<meta name=\"twitter:data1\" content=\"haberkuzey\" \/>\n\t<meta name=\"twitter:label2\" content=\"Tahmini okuma s\u00fcresi\" \/>\n\t<meta name=\"twitter:data2\" content=\"1 dakika\" \/>\n<script type=\"application\/ld+json\" class=\"yoast-schema-graph\">{\"@context\":\"https:\\\/\\\/schema.org\",\"@graph\":[{\"@type\":\"Article\",\"@id\":\"https:\\\/\\\/haberkuzey.com\\\/index.php\\\/2026\\\/03\\\/07\\\/kamuoyu-siginaklar-ve-acil-durum-hazirliklariyla-ilgili-bilgilendirilmeli\\\/#article\",\"isPartOf\":{\"@id\":\"https:\\\/\\\/haberkuzey.com\\\/index.php\\\/2026\\\/03\\\/07\\\/kamuoyu-siginaklar-ve-acil-durum-hazirliklariyla-ilgili-bilgilendirilmeli\\\/\"},\"author\":{\"name\":\"haberkuzey\",\"@id\":\"https:\\\/\\\/haberkuzey.com\\\/#\\\/schema\\\/person\\\/3372109ec735f9333f4fa47ebb9605ca\"},\"headline\":\"Kamuoyu, s\u0131\u011f\u0131naklar ve acil durum haz\u0131rl\u0131klar\u0131yla ilgili bilgilendirilmeli\",\"datePublished\":\"2026-03-07T09:23:34+00:00\",\"mainEntityOfPage\":{\"@id\":\"https:\\\/\\\/haberkuzey.com\\\/index.php\\\/2026\\\/03\\\/07\\\/kamuoyu-siginaklar-ve-acil-durum-hazirliklariyla-ilgili-bilgilendirilmeli\\\/\"},\"wordCount\":192,\"commentCount\":0,\"image\":{\"@id\":\"https:\\\/\\\/haberkuzey.com\\\/index.php\\\/2026\\\/03\\\/07\\\/kamuoyu-siginaklar-ve-acil-durum-hazirliklariyla-ilgili-bilgilendirilmeli\\\/#primaryimage\"},\"thumbnailUrl\":\"https:\\\/\\\/haberkuzey.com\\\/wp-content\\\/uploads\\\/2026\\\/03\\\/17728719829451753425113412Ekran-goruntusu-2025-07-25-093141.png\",\"articleSection\":[\"K\u0131br\u0131s\"],\"inLanguage\":\"tr\",\"potentialAction\":[{\"@type\":\"CommentAction\",\"name\":\"Comment\",\"target\":[\"https:\\\/\\\/haberkuzey.com\\\/index.php\\\/2026\\\/03\\\/07\\\/kamuoyu-siginaklar-ve-acil-durum-hazirliklariyla-ilgili-bilgilendirilmeli\\\/#respond\"]}]},{\"@type\":\"WebPage\",\"@id\":\"https:\\\/\\\/haberkuzey.com\\\/index.php\\\/2026\\\/03\\\/07\\\/kamuoyu-siginaklar-ve-acil-durum-hazirliklariyla-ilgili-bilgilendirilmeli\\\/\",\"url\":\"https:\\\/\\\/haberkuzey.com\\\/index.php\\\/2026\\\/03\\\/07\\\/kamuoyu-siginaklar-ve-acil-durum-hazirliklariyla-ilgili-bilgilendirilmeli\\\/\",\"name\":\"Kamuoyu, s\u0131\u011f\u0131naklar ve acil durum haz\u0131rl\u0131klar\u0131yla ilgili bilgilendirilmeli - Haber Kuzey\",\"isPartOf\":{\"@id\":\"https:\\\/\\\/haberkuzey.com\\\/#website\"},\"primaryImageOfPage\":{\"@id\":\"https:\\\/\\\/haberkuzey.com\\\/index.php\\\/2026\\\/03\\\/07\\\/kamuoyu-siginaklar-ve-acil-durum-hazirliklariyla-ilgili-bilgilendirilmeli\\\/#primaryimage\"},\"image\":{\"@id\":\"https:\\\/\\\/haberkuzey.com\\\/index.php\\\/2026\\\/03\\\/07\\\/kamuoyu-siginaklar-ve-acil-durum-hazirliklariyla-ilgili-bilgilendirilmeli\\\/#primaryimage\"},\"thumbnailUrl\":\"https:\\\/\\\/haberkuzey.com\\\/wp-content\\\/uploads\\\/2026\\\/03\\\/17728719829451753425113412Ekran-goruntusu-2025-07-25-093141.png\",\"datePublished\":\"2026-03-07T09:23:34+00:00\",\"author\":{\"@id\":\"https:\\\/\\\/haberkuzey.com\\\/#\\\/schema\\\/person\\\/3372109ec735f9333f4fa47ebb9605ca\"},\"breadcrumb\":{\"@id\":\"https:\\\/\\\/haberkuzey.com\\\/index.php\\\/2026\\\/03\\\/07\\\/kamuoyu-siginaklar-ve-acil-durum-hazirliklariyla-ilgili-bilgilendirilmeli\\\/#breadcrumb\"},\"inLanguage\":\"tr\",\"potentialAction\":[{\"@type\":\"ReadAction\",\"target\":[\"https:\\\/\\\/haberkuzey.com\\\/index.php\\\/2026\\\/03\\\/07\\\/kamuoyu-siginaklar-ve-acil-durum-hazirliklariyla-ilgili-bilgilendirilmeli\\\/\"]}]},{\"@type\":\"ImageObject\",\"inLanguage\":\"tr\",\"@id\":\"https:\\\/\\\/haberkuzey.com\\\/index.php\\\/2026\\\/03\\\/07\\\/kamuoyu-siginaklar-ve-acil-durum-hazirliklariyla-ilgili-bilgilendirilmeli\\\/#primaryimage\",\"url\":\"https:\\\/\\\/haberkuzey.com\\\/wp-content\\\/uploads\\\/2026\\\/03\\\/17728719829451753425113412Ekran-goruntusu-2025-07-25-093141.png\",\"contentUrl\":\"https:\\\/\\\/haberkuzey.com\\\/wp-content\\\/uploads\\\/2026\\\/03\\\/17728719829451753425113412Ekran-goruntusu-2025-07-25-093141.png\",\"width\":521,\"height\":262},{\"@type\":\"BreadcrumbList\",\"@id\":\"https:\\\/\\\/haberkuzey.com\\\/index.php\\\/2026\\\/03\\\/07\\\/kamuoyu-siginaklar-ve-acil-durum-hazirliklariyla-ilgili-bilgilendirilmeli\\\/#breadcrumb\",\"itemListElement\":[{\"@type\":\"ListItem\",\"position\":1,\"name\":\"Anasayfa\",\"item\":\"https:\\\/\\\/haberkuzey.com\\\/\"},{\"@type\":\"ListItem\",\"position\":2,\"name\":\"Kamuoyu, s\u0131\u011f\u0131naklar ve acil durum haz\u0131rl\u0131klar\u0131yla ilgili bilgilendirilmeli\"}]},{\"@type\":\"WebSite\",\"@id\":\"https:\\\/\\\/haberkuzey.com\\\/#website\",\"url\":\"https:\\\/\\\/haberkuzey.com\\\/\",\"name\":\"Haber Kuzey\",\"description\":\"Do\u011fru Haberin Adresi\",\"potentialAction\":[{\"@type\":\"SearchAction\",\"target\":{\"@type\":\"EntryPoint\",\"urlTemplate\":\"https:\\\/\\\/haberkuzey.com\\\/?s={search_term_string}\"},\"query-input\":{\"@type\":\"PropertyValueSpecification\",\"valueRequired\":true,\"valueName\":\"search_term_string\"}}],\"inLanguage\":\"tr\"},{\"@type\":\"Person\",\"@id\":\"https:\\\/\\\/haberkuzey.com\\\/#\\\/schema\\\/person\\\/3372109ec735f9333f4fa47ebb9605ca\",\"name\":\"haberkuzey\",\"image\":{\"@type\":\"ImageObject\",\"inLanguage\":\"tr\",\"@id\":\"https:\\\/\\\/secure.gravatar.com\\\/avatar\\\/f5fc875574b1575324358c3b9e6a32b8227aa5b74f3fa22e3cadb63e26fcc39c?s=96&d=mm&r=g\",\"url\":\"https:\\\/\\\/secure.gravatar.com\\\/avatar\\\/f5fc875574b1575324358c3b9e6a32b8227aa5b74f3fa22e3cadb63e26fcc39c?s=96&d=mm&r=g\",\"contentUrl\":\"https:\\\/\\\/secure.gravatar.com\\\/avatar\\\/f5fc875574b1575324358c3b9e6a32b8227aa5b74f3fa22e3cadb63e26fcc39c?s=96&d=mm&r=g\",\"caption\":\"haberkuzey\"},\"sameAs\":[\"https:\\\/\\\/haberkuzey.com\"],\"url\":\"https:\\\/\\\/haberkuzey.com\\\/index.php\\\/author\\\/haberkuzey\\\/\"}]}<\/script>\n<!-- \/ Yoast SEO plugin. -->","yoast_head_json":{"title":"Kamuoyu, s\u0131\u011f\u0131naklar ve acil durum haz\u0131rl\u0131klar\u0131yla ilgili bilgilendirilmeli - Haber Kuzey","robots":{"index":"index","follow":"follow","max-snippet":"max-snippet:-1","max-image-preview":"max-image-preview:large","max-video-preview":"max-video-preview:-1"},"canonical":"https:\/\/haberkuzey.com\/index.php\/2026\/03\/07\/kamuoyu-siginaklar-ve-acil-durum-hazirliklariyla-ilgili-bilgilendirilmeli\/","og_locale":"tr_TR","og_type":"article","og_title":"Kamuoyu, s\u0131\u011f\u0131naklar ve acil durum haz\u0131rl\u0131klar\u0131yla ilgili bilgilendirilmeli - Haber Kuzey","og_description":"Gen\u00e7lik Federasyonu Genel Ba\u015fkanl\u0131\u011f\u0131 ad\u0131na yaz\u0131l\u0131 a\u00e7\u0131klama yapan \u0130dare Amiri Sedat \u0130zcan, Orta Do\u011fu\u2019daki geli\u015fmeler ve K\u0131br\u0131s\u2019taki \u00fcslerle ilgili toplumsal kayg\u0131y\u0131 gidermenin kamu otoritelerinin sorumlulu\u011funda oldu\u011funu ifade etti. \u0130zcan, \u00fclkenin olas\u0131 bir kriz, do\u011fal afet veya acil duruma kar\u015f\u0131 haz\u0131rl\u0131k d\u00fczeyinin ve uygulanacak protokollerin \u015feffaf bi\u00e7imde kamuoyuyla payla\u015f\u0131lmas\u0131n\u0131n toplumsal g\u00fcveni g\u00fc\u00e7lendirece\u011fini s\u00f6yledi. \u0130zcan, il\u00e7e, \u201cBucak [&hellip;]","og_url":"https:\/\/haberkuzey.com\/index.php\/2026\/03\/07\/kamuoyu-siginaklar-ve-acil-durum-hazirliklariyla-ilgili-bilgilendirilmeli\/","og_site_name":"Haber Kuzey","article_published_time":"2026-03-07T09:23:34+00:00","author":"haberkuzey","twitter_card":"summary_large_image","twitter_misc":{"Yazan:":"haberkuzey","Tahmini okuma s\u00fcresi":"1 dakika"},"schema":{"@context":"https:\/\/schema.org","@graph":[{"@type":"Article","@id":"https:\/\/haberkuzey.com\/index.php\/2026\/03\/07\/kamuoyu-siginaklar-ve-acil-durum-hazirliklariyla-ilgili-bilgilendirilmeli\/#article","isPartOf":{"@id":"https:\/\/haberkuzey.com\/index.php\/2026\/03\/07\/kamuoyu-siginaklar-ve-acil-durum-hazirliklariyla-ilgili-bilgilendirilmeli\/"},"author":{"name":"haberkuzey","@id":"https:\/\/haberkuzey.com\/#\/schema\/person\/3372109ec735f9333f4fa47ebb9605ca"},"headline":"Kamuoyu, s\u0131\u011f\u0131naklar ve acil durum haz\u0131rl\u0131klar\u0131yla ilgili bilgilendirilmeli","datePublished":"2026-03-07T09:23:34+00:00","mainEntityOfPage":{"@id":"https:\/\/haberkuzey.com\/index.php\/2026\/03\/07\/kamuoyu-siginaklar-ve-acil-durum-hazirliklariyla-ilgili-bilgilendirilmeli\/"},"wordCount":192,"commentCount":0,"image":{"@id":"https:\/\/haberkuzey.com\/index.php\/2026\/03\/07\/kamuoyu-siginaklar-ve-acil-durum-hazirliklariyla-ilgili-bilgilendirilmeli\/#primaryimage"},"thumbnailUrl":"https:\/\/haberkuzey.com\/wp-content\/uploads\/2026\/03\/17728719829451753425113412Ekran-goruntusu-2025-07-25-093141.png","articleSection":["K\u0131br\u0131s"],"inLanguage":"tr","potentialAction":[{"@type":"CommentAction","name":"Comment","target":["https:\/\/haberkuzey.com\/index.php\/2026\/03\/07\/kamuoyu-siginaklar-ve-acil-durum-hazirliklariyla-ilgili-bilgilendirilmeli\/#respond"]}]},{"@type":"WebPage","@id":"https:\/\/haberkuzey.com\/index.php\/2026\/03\/07\/kamuoyu-siginaklar-ve-acil-durum-hazirliklariyla-ilgili-bilgilendirilmeli\/","url":"https:\/\/haberkuzey.com\/index.php\/2026\/03\/07\/kamuoyu-siginaklar-ve-acil-durum-hazirliklariyla-ilgili-bilgilendirilmeli\/","name":"Kamuoyu, s\u0131\u011f\u0131naklar ve acil durum haz\u0131rl\u0131klar\u0131yla ilgili bilgilendirilmeli - Haber Kuzey","isPartOf":{"@id":"https:\/\/haberkuzey.com\/#website"},"primaryImageOfPage":{"@id":"https:\/\/haberkuzey.com\/index.php\/2026\/03\/07\/kamuoyu-siginaklar-ve-acil-durum-hazirliklariyla-ilgili-bilgilendirilmeli\/#primaryimage"},"image":{"@id":"https:\/\/haberkuzey.com\/index.php\/2026\/03\/07\/kamuoyu-siginaklar-ve-acil-durum-hazirliklariyla-ilgili-bilgilendirilmeli\/#primaryimage"},"thumbnailUrl":"https:\/\/haberkuzey.com\/wp-content\/uploads\/2026\/03\/17728719829451753425113412Ekran-goruntusu-2025-07-25-093141.png","datePublished":"2026-03-07T09:23:34+00:00","author":{"@id":"https:\/\/haberkuzey.com\/#\/schema\/person\/3372109ec735f9333f4fa47ebb9605ca"},"breadcrumb":{"@id":"https:\/\/haberkuzey.com\/index.php\/2026\/03\/07\/kamuoyu-siginaklar-ve-acil-durum-hazirliklariyla-ilgili-bilgilendirilmeli\/#breadcrumb"},"inLanguage":"tr","potentialAction":[{"@type":"ReadAction","target":["https:\/\/haberkuzey.com\/index.php\/2026\/03\/07\/kamuoyu-siginaklar-ve-acil-durum-hazirliklariyla-ilgili-bilgilendirilmeli\/"]}]},{"@type":"ImageObject","inLanguage":"tr","@id":"https:\/\/haberkuzey.com\/index.php\/2026\/03\/07\/kamuoyu-siginaklar-ve-acil-durum-hazirliklariyla-ilgili-bilgilendirilmeli\/#primaryimage","url":"https:\/\/haberkuzey.com\/wp-content\/uploads\/2026\/03\/17728719829451753425113412Ekran-goruntusu-2025-07-25-093141.png","contentUrl":"https:\/\/haberkuzey.com\/wp-content\/uploads\/2026\/03\/17728719829451753425113412Ekran-goruntusu-2025-07-25-093141.png","width":521,"height":262},{"@type":"BreadcrumbList","@id":"https:\/\/haberkuzey.com\/index.php\/2026\/03\/07\/kamuoyu-siginaklar-ve-acil-durum-hazirliklariyla-ilgili-bilgilendirilmeli\/#breadcrumb","itemListElement":[{"@type":"ListItem","position":1,"name":"Anasayfa","item":"https:\/\/haberkuzey.com\/"},{"@type":"ListItem","position":2,"name":"Kamuoyu, s\u0131\u011f\u0131naklar ve acil durum haz\u0131rl\u0131klar\u0131yla ilgili bilgilendirilmeli"}]},{"@type":"WebSite","@id":"https:\/\/haberkuzey.com\/#website","url":"https:\/\/haberkuzey.com\/","name":"Haber Kuzey","description":"Do\u011fru Haberin Adresi","potentialAction":[{"@type":"SearchAction","target":{"@type":"EntryPoint","urlTemplate":"https:\/\/haberkuzey.com\/?s={search_term_string}"},"query-input":{"@type":"PropertyValueSpecification","valueRequired":true,"valueName":"search_term_string"}}],"inLanguage":"tr"},{"@type":"Person","@id":"https:\/\/haberkuzey.com\/#\/schema\/person\/3372109ec735f9333f4fa47ebb9605ca","name":"haberkuzey","image":{"@type":"ImageObject","inLanguage":"tr","@id":"https:\/\/secure.gravatar.com\/avatar\/f5fc875574b1575324358c3b9e6a32b8227aa5b74f3fa22e3cadb63e26fcc39c?s=96&d=mm&r=g","url":"https:\/\/secure.gravatar.com\/avatar\/f5fc875574b1575324358c3b9e6a32b8227aa5b74f3fa22e3cadb63e26fcc39c?s=96&d=mm&r=g","contentUrl":"https:\/\/secure.gravatar.com\/avatar\/f5fc875574b1575324358c3b9e6a32b8227aa5b74f3fa22e3cadb63e26fcc39c?s=96&d=mm&r=g","caption":"haberkuzey"},"sameAs":["https:\/\/haberkuzey.com"],"url":"https:\/\/haberkuzey.com\/index.php\/author\/haberkuzey\/"}]}},"_links":{"self":[{"href":"https:\/\/haberkuzey.com\/index.php\/wp-json\/wp\/v2\/posts\/35033","targetHints":{"allow":["GET"]}}],"collection":[{"href":"https:\/\/haberkuzey.com\/index.php\/wp-json\/wp\/v2\/posts"}],"about":[{"href":"https:\/\/haberkuzey.com\/index.php\/wp-json\/wp\/v2\/types\/post"}],"author":[{"embeddable":true,"href":"https:\/\/haberkuzey.com\/index.php\/wp-json\/wp\/v2\/users\/1"}],"replies":[{"embeddable":true,"href":"https:\/\/haberkuzey.com\/index.php\/wp-json\/wp\/v2\/comments?post=35033"}],"version-history":[{"count":0,"href":"https:\/\/haberkuzey.com\/index.php\/wp-json\/wp\/v2\/posts\/35033\/revisions"}],"wp:featuredmedia":[{"embeddable":true,"href":"https:\/\/haberkuzey.com\/index.php\/wp-json\/wp\/v2\/media\/35034"}],"wp:attachment":[{"href":"https:\/\/haberkuzey.com\/index.php\/wp-json\/wp\/v2\/media?parent=35033"}],"wp:term":[{"taxonomy":"category","embeddable":true,"href":"https:\/\/haberkuzey.com\/index.php\/wp-json\/wp\/v2\/categories?post=35033"},{"taxonomy":"post_tag","embeddable":true,"href":"https:\/\/haberkuzey.com\/index.php\/wp-json\/wp\/v2\/tags?post=35033"}],"curies":[{"name":"wp","href":"https:\/\/api.w.org\/{rel}","templated":true}]}}