{"id":35029,"date":"2026-03-07T11:12:06","date_gmt":"2026-03-07T09:12:06","guid":{"rendered":"https:\/\/haberkuzey.com\/index.php\/2026\/03\/07\/kibris-turk-eczacilar-birligi-kamran-azizi-vefatinin-9uncu-yilinda-kabri-basinda-andi\/"},"modified":"2026-03-07T11:12:06","modified_gmt":"2026-03-07T09:12:06","slug":"kibris-turk-eczacilar-birligi-kamran-azizi-vefatinin-9uncu-yilinda-kabri-basinda-andi","status":"publish","type":"post","link":"https:\/\/haberkuzey.com\/index.php\/2026\/03\/07\/kibris-turk-eczacilar-birligi-kamran-azizi-vefatinin-9uncu-yilinda-kabri-basinda-andi\/","title":{"rendered":"K\u0131br\u0131s T\u00fcrk Eczac\u0131lar Birli\u011fi, Kamran Aziz\u2019i vefat\u0131n\u0131n 9\u2019uncu y\u0131l\u0131nda kabri ba\u015f\u0131nda and\u0131"},"content":{"rendered":"<p style=\"font-weight: 300\"><span style=\"font-weight: 300 !important\">K\u0131br\u0131s T\u00fcrk Eczac\u0131lar Birli\u011fi, K\u0131br\u0131sl\u0131 T\u00fcrklerin ilk kad\u0131n eczac\u0131s\u0131, besteci ve s\u00f6z yazar\u0131 Kamran Aziz\u2019i vefat\u0131n\u0131n 9\u2019uncu y\u0131l\u0131nda kabri ba\u015f\u0131nda d\u00fczenlenen t\u00f6renle and\u0131.<\/span><\/p>\n<p style=\"font-weight: 300\">K\u0131br\u0131s T\u00fcrk Eczac\u0131lar Birli\u011fi Y\u00f6netim Kurulu\u2019ndan yap\u0131lan a\u00e7\u0131klamaya g\u00f6re t\u00f6rende konu\u015fan K\u0131br\u0131s T\u00fcrk Eczac\u0131lar Birli\u011fi Ba\u015fkan\u0131\u00a0 Duygu Adahan Kuran, Kamran Aziz\u2019in 1944 y\u0131l\u0131nda kay\u0131tl\u0131 eczac\u0131 olarak meslek hayat\u0131na ba\u015flad\u0131\u011f\u0131n\u0131 ve 1959 y\u0131l\u0131nda kurulan K\u0131br\u0131s T\u00fcrk Eczac\u0131lar Birli\u011fi\u2019nin kurucu \u00fcyeleri aras\u0131nda yer alarak mesle\u011fin \u00f6rg\u00fctlenmesine \u00f6nemli katk\u0131lar sundu\u011funu belirtti.<\/p>\n<p style=\"font-weight: 300\">Kuran, Aziz\u2019in yaln\u0131zca eczac\u0131l\u0131k alan\u0131nda de\u011fil, sanat d\u00fcnyas\u0131nda da iz b\u0131rakan \u00e7ok y\u00f6nl\u00fc bir ki\u015filik oldu\u011funu ifade ederek, ya\u015fam\u0131 boyunca mesle\u011fini ve m\u00fczik \u00e7al\u0131\u015fmalar\u0131n\u0131 birlikte y\u00fcr\u00fctt\u00fc\u011f\u00fcn\u00fc kaydetti. Besteci kimli\u011fiyle K\u0131br\u0131s T\u00fcrk k\u00fclt\u00fcr\u00fcne de\u011ferli eserler kazand\u0131ran Aziz\u2019in \u201cAl Yemeni Mor Yemeni\u201d, \u201cK\u0131br\u0131s\u2019\u0131m\u201d ve \u201cGelin Geliyor Gelin\u201d gibi unutulmaz eserleriyle toplumun k\u00fclt\u00fcrel haf\u0131zas\u0131nda \u00f6nemli bir yer edindi\u011fini dile getirdi.<\/p>\n<p style=\"font-weight: 300\">Kamran Aziz\u2019in mesleki bilgisiyle toplum sa\u011fl\u0131\u011f\u0131na katk\u0131 sunarken, sanat\u0131yla da duygulara terc\u00fcman olan nadir isimlerden biri oldu\u011funu belirten Kuran, Aziz\u2019in yaln\u0131zca eserleriyle de\u011fil, hayat\u0131 boyunca ortaya koydu\u011fu de\u011ferlerle de her zaman hat\u0131rlanaca\u011f\u0131n\u0131 s\u00f6yledi.<\/p>\n<p style=\"font-weight: 300\">Kuran ayr\u0131ca, K\u0131br\u0131s T\u00fcrk Eczac\u0131lar Birli\u011fi olarak Kamran Aziz\u2019in an\u0131s\u0131n\u0131 ya\u015fatmay\u0131 \u00f6nemli bir sorumluluk olarak g\u00f6rd\u00fcklerini belirterek, kabrinin d\u00fczenli bak\u0131m\u0131n\u0131n her ay Birlik taraf\u0131ndan ger\u00e7ekle\u015ftirildi\u011fini ve hat\u0131ras\u0131n\u0131 ya\u015fatmaya y\u00f6nelik etkinliklerin s\u00fcrd\u00fcr\u00fclece\u011fini ifade etti.<\/p>\n<p style=\"font-weight: 300\">1997 y\u0131l\u0131nda kapat\u0131lan Aziz Eczanesi\u2019nin ise bug\u00fcn K\u0131br\u0131s T\u00fcrk Eczac\u0131lar Birli\u011fi binas\u0131nda bulunan Eczac\u0131l\u0131k M\u00fczesi\u2019nde sergilendi\u011fini belirten Kuran, bunun hem meslek tarihine hem de Kamran Aziz\u2019in miras\u0131na \u0131\u015f\u0131k tuttu\u011funu s\u00f6yledi.<\/p>\n<p style=\"font-weight: 300\">Kuran, \u201cK\u0131br\u0131s T\u00fcrk Eczac\u0131lar Birli\u011fi olarak, Ecz. Kamran Aziz\u2019i aram\u0131zdan ayr\u0131l\u0131\u015f\u0131n\u0131n y\u0131l d\u00f6n\u00fcm\u00fcnde sevgi, sayg\u0131 ve rahmetle an\u0131yoruz.\u201d dedi.<\/p>\n<p>K\u0131br\u0131s T\u00fcrk Eczac\u0131lar Birli\u011fi, Kamran Aziz\u2019i vefat\u0131n\u0131n 9\u2019uncu y\u0131l\u0131nda kabri ba\u015f\u0131nda and\u0131 yaz\u0131s\u0131 ilk \u00f6nce K\u0131br\u0131s Hakikat \u00fczerinde ortaya \u00e7\u0131kt\u0131.<\/p>\n","protected":false},"excerpt":{"rendered":"<p>K\u0131br\u0131s T\u00fcrk Eczac\u0131lar Birli\u011fi, K\u0131br\u0131sl\u0131 T\u00fcrklerin ilk kad\u0131n eczac\u0131s\u0131, besteci ve s\u00f6z yazar\u0131 Kamran Aziz\u2019i vefat\u0131n\u0131n 9\u2019uncu y\u0131l\u0131nda kabri ba\u015f\u0131nda d\u00fczenlenen t\u00f6renle and\u0131. K\u0131br\u0131s T\u00fcrk Eczac\u0131lar Birli\u011fi Y\u00f6netim Kurulu\u2019ndan yap\u0131lan a\u00e7\u0131klamaya g\u00f6re t\u00f6rende konu\u015fan K\u0131br\u0131s T\u00fcrk Eczac\u0131lar Birli\u011fi Ba\u015fkan\u0131\u00a0 Duygu Adahan Kuran, Kamran Aziz\u2019in 1944 y\u0131l\u0131nda kay\u0131tl\u0131 eczac\u0131 olarak meslek hayat\u0131na ba\u015flad\u0131\u011f\u0131n\u0131 ve 1959 y\u0131l\u0131nda [&hellip;]<\/p>\n","protected":false},"author":1,"featured_media":35030,"comment_status":"open","ping_status":"open","sticky":false,"template":"","format":"standard","meta":{"jnews-multi-image_gallery":[],"jnews_single_post":[],"jnews_primary_category":[],"footnotes":""},"categories":[1],"tags":[],"class_list":["post-35029","post","type-post","status-publish","format-standard","has-post-thumbnail","hentry","category-kibris"],"yoast_head":"<!-- This site is optimized with the Yoast SEO plugin v27.5 - https:\/\/yoast.com\/product\/yoast-seo-wordpress\/ -->\n<title>K\u0131br\u0131s T\u00fcrk Eczac\u0131lar Birli\u011fi, Kamran Aziz\u2019i vefat\u0131n\u0131n 9\u2019uncu y\u0131l\u0131nda kabri ba\u015f\u0131nda and\u0131 - Haber Kuzey<\/title>\n<meta name=\"robots\" content=\"index, follow, max-snippet:-1, max-image-preview:large, max-video-preview:-1\" \/>\n<link rel=\"canonical\" href=\"https:\/\/haberkuzey.com\/index.php\/2026\/03\/07\/kibris-turk-eczacilar-birligi-kamran-azizi-vefatinin-9uncu-yilinda-kabri-basinda-andi\/\" \/>\n<meta property=\"og:locale\" content=\"tr_TR\" \/>\n<meta property=\"og:type\" content=\"article\" \/>\n<meta property=\"og:title\" content=\"K\u0131br\u0131s T\u00fcrk Eczac\u0131lar Birli\u011fi, Kamran Aziz\u2019i vefat\u0131n\u0131n 9\u2019uncu y\u0131l\u0131nda kabri ba\u015f\u0131nda and\u0131 - Haber Kuzey\" \/>\n<meta property=\"og:description\" content=\"K\u0131br\u0131s T\u00fcrk Eczac\u0131lar Birli\u011fi, K\u0131br\u0131sl\u0131 T\u00fcrklerin ilk kad\u0131n eczac\u0131s\u0131, besteci ve s\u00f6z yazar\u0131 Kamran Aziz\u2019i vefat\u0131n\u0131n 9\u2019uncu y\u0131l\u0131nda kabri ba\u015f\u0131nda d\u00fczenlenen t\u00f6renle and\u0131. K\u0131br\u0131s T\u00fcrk Eczac\u0131lar Birli\u011fi Y\u00f6netim Kurulu\u2019ndan yap\u0131lan a\u00e7\u0131klamaya g\u00f6re t\u00f6rende konu\u015fan K\u0131br\u0131s T\u00fcrk Eczac\u0131lar Birli\u011fi Ba\u015fkan\u0131\u00a0 Duygu Adahan Kuran, Kamran Aziz\u2019in 1944 y\u0131l\u0131nda kay\u0131tl\u0131 eczac\u0131 olarak meslek hayat\u0131na ba\u015flad\u0131\u011f\u0131n\u0131 ve 1959 y\u0131l\u0131nda [&hellip;]\" \/>\n<meta property=\"og:url\" content=\"https:\/\/haberkuzey.com\/index.php\/2026\/03\/07\/kibris-turk-eczacilar-birligi-kamran-azizi-vefatinin-9uncu-yilinda-kabri-basinda-andi\/\" \/>\n<meta property=\"og:site_name\" content=\"Haber Kuzey\" \/>\n<meta property=\"article:published_time\" content=\"2026-03-07T09:12:06+00:00\" \/>\n<meta name=\"author\" content=\"haberkuzey\" \/>\n<meta name=\"twitter:card\" content=\"summary_large_image\" \/>\n<meta name=\"twitter:label1\" content=\"Yazan:\" \/>\n\t<meta name=\"twitter:data1\" content=\"haberkuzey\" \/>\n\t<meta name=\"twitter:label2\" content=\"Tahmini okuma s\u00fcresi\" \/>\n\t<meta name=\"twitter:data2\" content=\"2 dakika\" \/>\n<script type=\"application\/ld+json\" class=\"yoast-schema-graph\">{\"@context\":\"https:\\\/\\\/schema.org\",\"@graph\":[{\"@type\":\"Article\",\"@id\":\"https:\\\/\\\/haberkuzey.com\\\/index.php\\\/2026\\\/03\\\/07\\\/kibris-turk-eczacilar-birligi-kamran-azizi-vefatinin-9uncu-yilinda-kabri-basinda-andi\\\/#article\",\"isPartOf\":{\"@id\":\"https:\\\/\\\/haberkuzey.com\\\/index.php\\\/2026\\\/03\\\/07\\\/kibris-turk-eczacilar-birligi-kamran-azizi-vefatinin-9uncu-yilinda-kabri-basinda-andi\\\/\"},\"author\":{\"name\":\"haberkuzey\",\"@id\":\"https:\\\/\\\/haberkuzey.com\\\/#\\\/schema\\\/person\\\/3372109ec735f9333f4fa47ebb9605ca\"},\"headline\":\"K\u0131br\u0131s T\u00fcrk Eczac\u0131lar Birli\u011fi, Kamran Aziz\u2019i vefat\u0131n\u0131n 9\u2019uncu y\u0131l\u0131nda kabri ba\u015f\u0131nda and\u0131\",\"datePublished\":\"2026-03-07T09:12:06+00:00\",\"mainEntityOfPage\":{\"@id\":\"https:\\\/\\\/haberkuzey.com\\\/index.php\\\/2026\\\/03\\\/07\\\/kibris-turk-eczacilar-birligi-kamran-azizi-vefatinin-9uncu-yilinda-kabri-basinda-andi\\\/\"},\"wordCount\":469,\"commentCount\":0,\"image\":{\"@id\":\"https:\\\/\\\/haberkuzey.com\\\/index.php\\\/2026\\\/03\\\/07\\\/kibris-turk-eczacilar-birligi-kamran-azizi-vefatinin-9uncu-yilinda-kabri-basinda-andi\\\/#primaryimage\"},\"thumbnailUrl\":\"https:\\\/\\\/haberkuzey.com\\\/wp-content\\\/uploads\\\/2026\\\/03\\\/1772873450223KAMRAN-AZIZ-ANMA-TORENI-GORSEL-2026.jpeg\",\"articleSection\":[\"K\u0131br\u0131s\"],\"inLanguage\":\"tr\",\"potentialAction\":[{\"@type\":\"CommentAction\",\"name\":\"Comment\",\"target\":[\"https:\\\/\\\/haberkuzey.com\\\/index.php\\\/2026\\\/03\\\/07\\\/kibris-turk-eczacilar-birligi-kamran-azizi-vefatinin-9uncu-yilinda-kabri-basinda-andi\\\/#respond\"]}]},{\"@type\":\"WebPage\",\"@id\":\"https:\\\/\\\/haberkuzey.com\\\/index.php\\\/2026\\\/03\\\/07\\\/kibris-turk-eczacilar-birligi-kamran-azizi-vefatinin-9uncu-yilinda-kabri-basinda-andi\\\/\",\"url\":\"https:\\\/\\\/haberkuzey.com\\\/index.php\\\/2026\\\/03\\\/07\\\/kibris-turk-eczacilar-birligi-kamran-azizi-vefatinin-9uncu-yilinda-kabri-basinda-andi\\\/\",\"name\":\"K\u0131br\u0131s T\u00fcrk Eczac\u0131lar Birli\u011fi, Kamran Aziz\u2019i vefat\u0131n\u0131n 9\u2019uncu y\u0131l\u0131nda kabri ba\u015f\u0131nda and\u0131 - Haber Kuzey\",\"isPartOf\":{\"@id\":\"https:\\\/\\\/haberkuzey.com\\\/#website\"},\"primaryImageOfPage\":{\"@id\":\"https:\\\/\\\/haberkuzey.com\\\/index.php\\\/2026\\\/03\\\/07\\\/kibris-turk-eczacilar-birligi-kamran-azizi-vefatinin-9uncu-yilinda-kabri-basinda-andi\\\/#primaryimage\"},\"image\":{\"@id\":\"https:\\\/\\\/haberkuzey.com\\\/index.php\\\/2026\\\/03\\\/07\\\/kibris-turk-eczacilar-birligi-kamran-azizi-vefatinin-9uncu-yilinda-kabri-basinda-andi\\\/#primaryimage\"},\"thumbnailUrl\":\"https:\\\/\\\/haberkuzey.com\\\/wp-content\\\/uploads\\\/2026\\\/03\\\/1772873450223KAMRAN-AZIZ-ANMA-TORENI-GORSEL-2026.jpeg\",\"datePublished\":\"2026-03-07T09:12:06+00:00\",\"author\":{\"@id\":\"https:\\\/\\\/haberkuzey.com\\\/#\\\/schema\\\/person\\\/3372109ec735f9333f4fa47ebb9605ca\"},\"breadcrumb\":{\"@id\":\"https:\\\/\\\/haberkuzey.com\\\/index.php\\\/2026\\\/03\\\/07\\\/kibris-turk-eczacilar-birligi-kamran-azizi-vefatinin-9uncu-yilinda-kabri-basinda-andi\\\/#breadcrumb\"},\"inLanguage\":\"tr\",\"potentialAction\":[{\"@type\":\"ReadAction\",\"target\":[\"https:\\\/\\\/haberkuzey.com\\\/index.php\\\/2026\\\/03\\\/07\\\/kibris-turk-eczacilar-birligi-kamran-azizi-vefatinin-9uncu-yilinda-kabri-basinda-andi\\\/\"]}]},{\"@type\":\"ImageObject\",\"inLanguage\":\"tr\",\"@id\":\"https:\\\/\\\/haberkuzey.com\\\/index.php\\\/2026\\\/03\\\/07\\\/kibris-turk-eczacilar-birligi-kamran-azizi-vefatinin-9uncu-yilinda-kabri-basinda-andi\\\/#primaryimage\",\"url\":\"https:\\\/\\\/haberkuzey.com\\\/wp-content\\\/uploads\\\/2026\\\/03\\\/1772873450223KAMRAN-AZIZ-ANMA-TORENI-GORSEL-2026.jpeg\",\"contentUrl\":\"https:\\\/\\\/haberkuzey.com\\\/wp-content\\\/uploads\\\/2026\\\/03\\\/1772873450223KAMRAN-AZIZ-ANMA-TORENI-GORSEL-2026.jpeg\",\"width\":1890,\"height\":2048},{\"@type\":\"BreadcrumbList\",\"@id\":\"https:\\\/\\\/haberkuzey.com\\\/index.php\\\/2026\\\/03\\\/07\\\/kibris-turk-eczacilar-birligi-kamran-azizi-vefatinin-9uncu-yilinda-kabri-basinda-andi\\\/#breadcrumb\",\"itemListElement\":[{\"@type\":\"ListItem\",\"position\":1,\"name\":\"Anasayfa\",\"item\":\"https:\\\/\\\/haberkuzey.com\\\/\"},{\"@type\":\"ListItem\",\"position\":2,\"name\":\"K\u0131br\u0131s T\u00fcrk Eczac\u0131lar Birli\u011fi, Kamran Aziz\u2019i vefat\u0131n\u0131n 9\u2019uncu y\u0131l\u0131nda kabri ba\u015f\u0131nda and\u0131\"}]},{\"@type\":\"WebSite\",\"@id\":\"https:\\\/\\\/haberkuzey.com\\\/#website\",\"url\":\"https:\\\/\\\/haberkuzey.com\\\/\",\"name\":\"Haber Kuzey\",\"description\":\"Do\u011fru Haberin Adresi\",\"potentialAction\":[{\"@type\":\"SearchAction\",\"target\":{\"@type\":\"EntryPoint\",\"urlTemplate\":\"https:\\\/\\\/haberkuzey.com\\\/?s={search_term_string}\"},\"query-input\":{\"@type\":\"PropertyValueSpecification\",\"valueRequired\":true,\"valueName\":\"search_term_string\"}}],\"inLanguage\":\"tr\"},{\"@type\":\"Person\",\"@id\":\"https:\\\/\\\/haberkuzey.com\\\/#\\\/schema\\\/person\\\/3372109ec735f9333f4fa47ebb9605ca\",\"name\":\"haberkuzey\",\"image\":{\"@type\":\"ImageObject\",\"inLanguage\":\"tr\",\"@id\":\"https:\\\/\\\/secure.gravatar.com\\\/avatar\\\/f5fc875574b1575324358c3b9e6a32b8227aa5b74f3fa22e3cadb63e26fcc39c?s=96&d=mm&r=g\",\"url\":\"https:\\\/\\\/secure.gravatar.com\\\/avatar\\\/f5fc875574b1575324358c3b9e6a32b8227aa5b74f3fa22e3cadb63e26fcc39c?s=96&d=mm&r=g\",\"contentUrl\":\"https:\\\/\\\/secure.gravatar.com\\\/avatar\\\/f5fc875574b1575324358c3b9e6a32b8227aa5b74f3fa22e3cadb63e26fcc39c?s=96&d=mm&r=g\",\"caption\":\"haberkuzey\"},\"sameAs\":[\"https:\\\/\\\/haberkuzey.com\"],\"url\":\"https:\\\/\\\/haberkuzey.com\\\/index.php\\\/author\\\/haberkuzey\\\/\"}]}<\/script>\n<!-- \/ Yoast SEO plugin. -->","yoast_head_json":{"title":"K\u0131br\u0131s T\u00fcrk Eczac\u0131lar Birli\u011fi, Kamran Aziz\u2019i vefat\u0131n\u0131n 9\u2019uncu y\u0131l\u0131nda kabri ba\u015f\u0131nda and\u0131 - Haber Kuzey","robots":{"index":"index","follow":"follow","max-snippet":"max-snippet:-1","max-image-preview":"max-image-preview:large","max-video-preview":"max-video-preview:-1"},"canonical":"https:\/\/haberkuzey.com\/index.php\/2026\/03\/07\/kibris-turk-eczacilar-birligi-kamran-azizi-vefatinin-9uncu-yilinda-kabri-basinda-andi\/","og_locale":"tr_TR","og_type":"article","og_title":"K\u0131br\u0131s T\u00fcrk Eczac\u0131lar Birli\u011fi, Kamran Aziz\u2019i vefat\u0131n\u0131n 9\u2019uncu y\u0131l\u0131nda kabri ba\u015f\u0131nda and\u0131 - Haber Kuzey","og_description":"K\u0131br\u0131s T\u00fcrk Eczac\u0131lar Birli\u011fi, K\u0131br\u0131sl\u0131 T\u00fcrklerin ilk kad\u0131n eczac\u0131s\u0131, besteci ve s\u00f6z yazar\u0131 Kamran Aziz\u2019i vefat\u0131n\u0131n 9\u2019uncu y\u0131l\u0131nda kabri ba\u015f\u0131nda d\u00fczenlenen t\u00f6renle and\u0131. K\u0131br\u0131s T\u00fcrk Eczac\u0131lar Birli\u011fi Y\u00f6netim Kurulu\u2019ndan yap\u0131lan a\u00e7\u0131klamaya g\u00f6re t\u00f6rende konu\u015fan K\u0131br\u0131s T\u00fcrk Eczac\u0131lar Birli\u011fi Ba\u015fkan\u0131\u00a0 Duygu Adahan Kuran, Kamran Aziz\u2019in 1944 y\u0131l\u0131nda kay\u0131tl\u0131 eczac\u0131 olarak meslek hayat\u0131na ba\u015flad\u0131\u011f\u0131n\u0131 ve 1959 y\u0131l\u0131nda [&hellip;]","og_url":"https:\/\/haberkuzey.com\/index.php\/2026\/03\/07\/kibris-turk-eczacilar-birligi-kamran-azizi-vefatinin-9uncu-yilinda-kabri-basinda-andi\/","og_site_name":"Haber Kuzey","article_published_time":"2026-03-07T09:12:06+00:00","author":"haberkuzey","twitter_card":"summary_large_image","twitter_misc":{"Yazan:":"haberkuzey","Tahmini okuma s\u00fcresi":"2 dakika"},"schema":{"@context":"https:\/\/schema.org","@graph":[{"@type":"Article","@id":"https:\/\/haberkuzey.com\/index.php\/2026\/03\/07\/kibris-turk-eczacilar-birligi-kamran-azizi-vefatinin-9uncu-yilinda-kabri-basinda-andi\/#article","isPartOf":{"@id":"https:\/\/haberkuzey.com\/index.php\/2026\/03\/07\/kibris-turk-eczacilar-birligi-kamran-azizi-vefatinin-9uncu-yilinda-kabri-basinda-andi\/"},"author":{"name":"haberkuzey","@id":"https:\/\/haberkuzey.com\/#\/schema\/person\/3372109ec735f9333f4fa47ebb9605ca"},"headline":"K\u0131br\u0131s T\u00fcrk Eczac\u0131lar Birli\u011fi, Kamran Aziz\u2019i vefat\u0131n\u0131n 9\u2019uncu y\u0131l\u0131nda kabri ba\u015f\u0131nda and\u0131","datePublished":"2026-03-07T09:12:06+00:00","mainEntityOfPage":{"@id":"https:\/\/haberkuzey.com\/index.php\/2026\/03\/07\/kibris-turk-eczacilar-birligi-kamran-azizi-vefatinin-9uncu-yilinda-kabri-basinda-andi\/"},"wordCount":469,"commentCount":0,"image":{"@id":"https:\/\/haberkuzey.com\/index.php\/2026\/03\/07\/kibris-turk-eczacilar-birligi-kamran-azizi-vefatinin-9uncu-yilinda-kabri-basinda-andi\/#primaryimage"},"thumbnailUrl":"https:\/\/haberkuzey.com\/wp-content\/uploads\/2026\/03\/1772873450223KAMRAN-AZIZ-ANMA-TORENI-GORSEL-2026.jpeg","articleSection":["K\u0131br\u0131s"],"inLanguage":"tr","potentialAction":[{"@type":"CommentAction","name":"Comment","target":["https:\/\/haberkuzey.com\/index.php\/2026\/03\/07\/kibris-turk-eczacilar-birligi-kamran-azizi-vefatinin-9uncu-yilinda-kabri-basinda-andi\/#respond"]}]},{"@type":"WebPage","@id":"https:\/\/haberkuzey.com\/index.php\/2026\/03\/07\/kibris-turk-eczacilar-birligi-kamran-azizi-vefatinin-9uncu-yilinda-kabri-basinda-andi\/","url":"https:\/\/haberkuzey.com\/index.php\/2026\/03\/07\/kibris-turk-eczacilar-birligi-kamran-azizi-vefatinin-9uncu-yilinda-kabri-basinda-andi\/","name":"K\u0131br\u0131s T\u00fcrk Eczac\u0131lar Birli\u011fi, Kamran Aziz\u2019i vefat\u0131n\u0131n 9\u2019uncu y\u0131l\u0131nda kabri ba\u015f\u0131nda and\u0131 - Haber Kuzey","isPartOf":{"@id":"https:\/\/haberkuzey.com\/#website"},"primaryImageOfPage":{"@id":"https:\/\/haberkuzey.com\/index.php\/2026\/03\/07\/kibris-turk-eczacilar-birligi-kamran-azizi-vefatinin-9uncu-yilinda-kabri-basinda-andi\/#primaryimage"},"image":{"@id":"https:\/\/haberkuzey.com\/index.php\/2026\/03\/07\/kibris-turk-eczacilar-birligi-kamran-azizi-vefatinin-9uncu-yilinda-kabri-basinda-andi\/#primaryimage"},"thumbnailUrl":"https:\/\/haberkuzey.com\/wp-content\/uploads\/2026\/03\/1772873450223KAMRAN-AZIZ-ANMA-TORENI-GORSEL-2026.jpeg","datePublished":"2026-03-07T09:12:06+00:00","author":{"@id":"https:\/\/haberkuzey.com\/#\/schema\/person\/3372109ec735f9333f4fa47ebb9605ca"},"breadcrumb":{"@id":"https:\/\/haberkuzey.com\/index.php\/2026\/03\/07\/kibris-turk-eczacilar-birligi-kamran-azizi-vefatinin-9uncu-yilinda-kabri-basinda-andi\/#breadcrumb"},"inLanguage":"tr","potentialAction":[{"@type":"ReadAction","target":["https:\/\/haberkuzey.com\/index.php\/2026\/03\/07\/kibris-turk-eczacilar-birligi-kamran-azizi-vefatinin-9uncu-yilinda-kabri-basinda-andi\/"]}]},{"@type":"ImageObject","inLanguage":"tr","@id":"https:\/\/haberkuzey.com\/index.php\/2026\/03\/07\/kibris-turk-eczacilar-birligi-kamran-azizi-vefatinin-9uncu-yilinda-kabri-basinda-andi\/#primaryimage","url":"https:\/\/haberkuzey.com\/wp-content\/uploads\/2026\/03\/1772873450223KAMRAN-AZIZ-ANMA-TORENI-GORSEL-2026.jpeg","contentUrl":"https:\/\/haberkuzey.com\/wp-content\/uploads\/2026\/03\/1772873450223KAMRAN-AZIZ-ANMA-TORENI-GORSEL-2026.jpeg","width":1890,"height":2048},{"@type":"BreadcrumbList","@id":"https:\/\/haberkuzey.com\/index.php\/2026\/03\/07\/kibris-turk-eczacilar-birligi-kamran-azizi-vefatinin-9uncu-yilinda-kabri-basinda-andi\/#breadcrumb","itemListElement":[{"@type":"ListItem","position":1,"name":"Anasayfa","item":"https:\/\/haberkuzey.com\/"},{"@type":"ListItem","position":2,"name":"K\u0131br\u0131s T\u00fcrk Eczac\u0131lar Birli\u011fi, Kamran Aziz\u2019i vefat\u0131n\u0131n 9\u2019uncu y\u0131l\u0131nda kabri ba\u015f\u0131nda and\u0131"}]},{"@type":"WebSite","@id":"https:\/\/haberkuzey.com\/#website","url":"https:\/\/haberkuzey.com\/","name":"Haber Kuzey","description":"Do\u011fru Haberin Adresi","potentialAction":[{"@type":"SearchAction","target":{"@type":"EntryPoint","urlTemplate":"https:\/\/haberkuzey.com\/?s={search_term_string}"},"query-input":{"@type":"PropertyValueSpecification","valueRequired":true,"valueName":"search_term_string"}}],"inLanguage":"tr"},{"@type":"Person","@id":"https:\/\/haberkuzey.com\/#\/schema\/person\/3372109ec735f9333f4fa47ebb9605ca","name":"haberkuzey","image":{"@type":"ImageObject","inLanguage":"tr","@id":"https:\/\/secure.gravatar.com\/avatar\/f5fc875574b1575324358c3b9e6a32b8227aa5b74f3fa22e3cadb63e26fcc39c?s=96&d=mm&r=g","url":"https:\/\/secure.gravatar.com\/avatar\/f5fc875574b1575324358c3b9e6a32b8227aa5b74f3fa22e3cadb63e26fcc39c?s=96&d=mm&r=g","contentUrl":"https:\/\/secure.gravatar.com\/avatar\/f5fc875574b1575324358c3b9e6a32b8227aa5b74f3fa22e3cadb63e26fcc39c?s=96&d=mm&r=g","caption":"haberkuzey"},"sameAs":["https:\/\/haberkuzey.com"],"url":"https:\/\/haberkuzey.com\/index.php\/author\/haberkuzey\/"}]}},"_links":{"self":[{"href":"https:\/\/haberkuzey.com\/index.php\/wp-json\/wp\/v2\/posts\/35029","targetHints":{"allow":["GET"]}}],"collection":[{"href":"https:\/\/haberkuzey.com\/index.php\/wp-json\/wp\/v2\/posts"}],"about":[{"href":"https:\/\/haberkuzey.com\/index.php\/wp-json\/wp\/v2\/types\/post"}],"author":[{"embeddable":true,"href":"https:\/\/haberkuzey.com\/index.php\/wp-json\/wp\/v2\/users\/1"}],"replies":[{"embeddable":true,"href":"https:\/\/haberkuzey.com\/index.php\/wp-json\/wp\/v2\/comments?post=35029"}],"version-history":[{"count":0,"href":"https:\/\/haberkuzey.com\/index.php\/wp-json\/wp\/v2\/posts\/35029\/revisions"}],"wp:featuredmedia":[{"embeddable":true,"href":"https:\/\/haberkuzey.com\/index.php\/wp-json\/wp\/v2\/media\/35030"}],"wp:attachment":[{"href":"https:\/\/haberkuzey.com\/index.php\/wp-json\/wp\/v2\/media?parent=35029"}],"wp:term":[{"taxonomy":"category","embeddable":true,"href":"https:\/\/haberkuzey.com\/index.php\/wp-json\/wp\/v2\/categories?post=35029"},{"taxonomy":"post_tag","embeddable":true,"href":"https:\/\/haberkuzey.com\/index.php\/wp-json\/wp\/v2\/tags?post=35029"}],"curies":[{"name":"wp","href":"https:\/\/api.w.org\/{rel}","templated":true}]}}