{"id":35023,"date":"2026-03-07T09:28:11","date_gmt":"2026-03-07T07:28:11","guid":{"rendered":"https:\/\/haberkuzey.com\/index.php\/2026\/03\/07\/abdnin-en-buyuk-ucak-gemisi-uss-gerald-r-ford-kizildenize-ulasti\/"},"modified":"2026-03-07T09:28:11","modified_gmt":"2026-03-07T07:28:11","slug":"abdnin-en-buyuk-ucak-gemisi-uss-gerald-r-ford-kizildenize-ulasti","status":"publish","type":"post","link":"https:\/\/haberkuzey.com\/index.php\/2026\/03\/07\/abdnin-en-buyuk-ucak-gemisi-uss-gerald-r-ford-kizildenize-ulasti\/","title":{"rendered":"ABD\u2019nin en b\u00fcy\u00fck u\u00e7ak gemisi \u201cUSS Gerald R. Ford\u201d K\u0131z\u0131ldeniz\u2019e ula\u015ft\u0131"},"content":{"rendered":"<p class=\"selectionShareable\">Pentagondan daha \u00f6nce yap\u0131lan a\u00e7\u0131klamada, Ford u\u00e7ak gemisinin \u015fubat ortas\u0131nda Orta Do\u011fu&#8217;ya konu\u015fland\u0131r\u0131lmas\u0131na karar verildi\u011fi ve g\u00f6revinin gelecek y\u0131l may\u0131s ay\u0131na kadar s\u00fcrmesinin planland\u0131\u011f\u0131 belirtilmi\u015fti.<\/p>\n<p class=\"selectionShareable\">B\u00f6ylece b\u00f6lgede iki ABD u\u00e7ak gemisi g\u00f6rev yapmaya ba\u015flad\u0131.<\/p>\n<p class=\"selectionShareable\">USS Gerald R. Ford gemisi K\u0131z\u0131ldeniz&#8217;de, USS Abraham Lincoln (CVN-72) u\u00e7ak gemisi ise Umman Denizi&#8217;nde faaliyet g\u00f6steriyor.<\/p>\n<p class=\"selectionShareable\">A\u00e7\u0131k kaynak analizlerine g\u00f6re ABD, \u0130ran&#8217;la ba\u015flayan sava\u015f nedeniyle Orta Do\u011fu&#8217;daki askeri varl\u0131\u011f\u0131n\u0131 son y\u0131llar\u0131n en y\u00fcksek seviyesine \u00e7\u0131kard\u0131.<\/p>\n<h3>ABD-\u0130srail\u2019in \u0130ran\u2019a sald\u0131r\u0131lar\u0131<\/h3>\n<p class=\"selectionShareable\">\u0130srail ve ABD, Tahran ile Washington y\u00f6netimleri aras\u0131nda m\u00fczakereler s\u00fcrerken, 28 \u015eubat&#8217;ta \u0130ran&#8217;a askeri sald\u0131r\u0131 ba\u015flatt\u0131.<\/p>\n<p class=\"selectionShareable\">\u0130ran da \u0130srail&#8217;in yan\u0131 s\u0131ra ABD \u00fcslerinin bulundu\u011fu, Kuveyt, Katar, Birle\u015fik Arap Emirlikleri (BAE) ve Bahreyn ba\u015fta olmak \u00fczere baz\u0131 b\u00f6lge \u00fclkelerinde belirledi\u011fi hedeflere sald\u0131r\u0131larla kar\u015f\u0131l\u0131k verdi.<\/p>\n<p class=\"selectionShareable\">ABD-\u0130srail sald\u0131r\u0131lar\u0131nda, \u0130ran lideri Ayetullah Ali Hamaney&#8217;in yan\u0131 s\u0131ra \u00e7ok say\u0131da \u00fcst d\u00fczey yetkili \u00f6ld\u00fc.<\/p>\n<p class=\"selectionShareable\">\u0130ran Sa\u011fl\u0131k Bakanl\u0131\u011f\u0131 S\u00f6zc\u00fcs\u00fc H\u00fcseyin Kermanpur, ABD-\u0130srail sald\u0131r\u0131lar\u0131nda 926 ki\u015finin hayat\u0131n\u0131 kaybetti\u011fini duyurdu.<\/p>\n<p class=\"selectionShareable\">\u0130srail ise \u0130ran&#8217;la kar\u015f\u0131l\u0131kl\u0131 sald\u0131r\u0131lar\u0131n ba\u015flamas\u0131ndan bu yana 11 ki\u015finin \u00f6ld\u00fc\u011f\u00fcn\u00fc, aralar\u0131nda panik atak ge\u00e7irenlerin de oldu\u011fu 502 ki\u015finin yaraland\u0131\u011f\u0131n\u0131 duyurdu.<\/p>\n<p>ABD&#8217;nin en b\u00fcy\u00fck u\u00e7ak gemisi &#8220;USS Gerald R. Ford&#8221; K\u0131z\u0131ldeniz&#8217;e ula\u015ft\u0131 yaz\u0131s\u0131 ilk \u00f6nce K\u0131br\u0131s Hakikat \u00fczerinde ortaya \u00e7\u0131kt\u0131.<\/p>\n","protected":false},"excerpt":{"rendered":"<p>Pentagondan daha \u00f6nce yap\u0131lan a\u00e7\u0131klamada, Ford u\u00e7ak gemisinin \u015fubat ortas\u0131nda Orta Do\u011fu&#8217;ya konu\u015fland\u0131r\u0131lmas\u0131na karar verildi\u011fi ve g\u00f6revinin gelecek y\u0131l may\u0131s ay\u0131na kadar s\u00fcrmesinin planland\u0131\u011f\u0131 belirtilmi\u015fti. B\u00f6ylece b\u00f6lgede iki ABD u\u00e7ak gemisi g\u00f6rev yapmaya ba\u015flad\u0131. USS Gerald R. Ford gemisi K\u0131z\u0131ldeniz&#8217;de, USS Abraham Lincoln (CVN-72) u\u00e7ak gemisi ise Umman Denizi&#8217;nde faaliyet g\u00f6steriyor. A\u00e7\u0131k kaynak analizlerine g\u00f6re [&hellip;]<\/p>\n","protected":false},"author":1,"featured_media":35024,"comment_status":"open","ping_status":"open","sticky":false,"template":"","format":"standard","meta":{"jnews-multi-image_gallery":[],"jnews_single_post":[],"jnews_primary_category":[],"footnotes":""},"categories":[1],"tags":[],"class_list":["post-35023","post","type-post","status-publish","format-standard","has-post-thumbnail","hentry","category-kibris"],"yoast_head":"<!-- This site is optimized with the Yoast SEO plugin v27.5 - https:\/\/yoast.com\/product\/yoast-seo-wordpress\/ -->\n<title>ABD\u2019nin en b\u00fcy\u00fck u\u00e7ak gemisi \u201cUSS Gerald R. Ford\u201d K\u0131z\u0131ldeniz\u2019e ula\u015ft\u0131 - Haber Kuzey<\/title>\n<meta name=\"robots\" content=\"index, follow, max-snippet:-1, max-image-preview:large, max-video-preview:-1\" \/>\n<link rel=\"canonical\" href=\"https:\/\/haberkuzey.com\/index.php\/2026\/03\/07\/abdnin-en-buyuk-ucak-gemisi-uss-gerald-r-ford-kizildenize-ulasti\/\" \/>\n<meta property=\"og:locale\" content=\"tr_TR\" \/>\n<meta property=\"og:type\" content=\"article\" \/>\n<meta property=\"og:title\" content=\"ABD\u2019nin en b\u00fcy\u00fck u\u00e7ak gemisi \u201cUSS Gerald R. Ford\u201d K\u0131z\u0131ldeniz\u2019e ula\u015ft\u0131 - Haber Kuzey\" \/>\n<meta property=\"og:description\" content=\"Pentagondan daha \u00f6nce yap\u0131lan a\u00e7\u0131klamada, Ford u\u00e7ak gemisinin \u015fubat ortas\u0131nda Orta Do\u011fu&#8217;ya konu\u015fland\u0131r\u0131lmas\u0131na karar verildi\u011fi ve g\u00f6revinin gelecek y\u0131l may\u0131s ay\u0131na kadar s\u00fcrmesinin planland\u0131\u011f\u0131 belirtilmi\u015fti. B\u00f6ylece b\u00f6lgede iki ABD u\u00e7ak gemisi g\u00f6rev yapmaya ba\u015flad\u0131. USS Gerald R. Ford gemisi K\u0131z\u0131ldeniz&#8217;de, USS Abraham Lincoln (CVN-72) u\u00e7ak gemisi ise Umman Denizi&#8217;nde faaliyet g\u00f6steriyor. A\u00e7\u0131k kaynak analizlerine g\u00f6re [&hellip;]\" \/>\n<meta property=\"og:url\" content=\"https:\/\/haberkuzey.com\/index.php\/2026\/03\/07\/abdnin-en-buyuk-ucak-gemisi-uss-gerald-r-ford-kizildenize-ulasti\/\" \/>\n<meta property=\"og:site_name\" content=\"Haber Kuzey\" \/>\n<meta property=\"article:published_time\" content=\"2026-03-07T07:28:11+00:00\" \/>\n<meta name=\"author\" content=\"haberkuzey\" \/>\n<meta name=\"twitter:card\" content=\"summary_large_image\" \/>\n<meta name=\"twitter:label1\" content=\"Yazan:\" \/>\n\t<meta name=\"twitter:data1\" content=\"haberkuzey\" \/>\n\t<meta name=\"twitter:label2\" content=\"Tahmini okuma s\u00fcresi\" \/>\n\t<meta name=\"twitter:data2\" content=\"1 dakika\" \/>\n<script type=\"application\/ld+json\" class=\"yoast-schema-graph\">{\"@context\":\"https:\\\/\\\/schema.org\",\"@graph\":[{\"@type\":\"Article\",\"@id\":\"https:\\\/\\\/haberkuzey.com\\\/index.php\\\/2026\\\/03\\\/07\\\/abdnin-en-buyuk-ucak-gemisi-uss-gerald-r-ford-kizildenize-ulasti\\\/#article\",\"isPartOf\":{\"@id\":\"https:\\\/\\\/haberkuzey.com\\\/index.php\\\/2026\\\/03\\\/07\\\/abdnin-en-buyuk-ucak-gemisi-uss-gerald-r-ford-kizildenize-ulasti\\\/\"},\"author\":{\"name\":\"haberkuzey\",\"@id\":\"https:\\\/\\\/haberkuzey.com\\\/#\\\/schema\\\/person\\\/3372109ec735f9333f4fa47ebb9605ca\"},\"headline\":\"ABD\u2019nin en b\u00fcy\u00fck u\u00e7ak gemisi \u201cUSS Gerald R. Ford\u201d K\u0131z\u0131ldeniz\u2019e ula\u015ft\u0131\",\"datePublished\":\"2026-03-07T07:28:11+00:00\",\"mainEntityOfPage\":{\"@id\":\"https:\\\/\\\/haberkuzey.com\\\/index.php\\\/2026\\\/03\\\/07\\\/abdnin-en-buyuk-ucak-gemisi-uss-gerald-r-ford-kizildenize-ulasti\\\/\"},\"wordCount\":307,\"commentCount\":0,\"image\":{\"@id\":\"https:\\\/\\\/haberkuzey.com\\\/index.php\\\/2026\\\/03\\\/07\\\/abdnin-en-buyuk-ucak-gemisi-uss-gerald-r-ford-kizildenize-ulasti\\\/#primaryimage\"},\"thumbnailUrl\":\"https:\\\/\\\/haberkuzey.com\\\/wp-content\\\/uploads\\\/2026\\\/03\\\/thumbs_b_c_cfc7ac64819e01ef74c461274cb0c846.jpg\",\"articleSection\":[\"K\u0131br\u0131s\"],\"inLanguage\":\"tr\",\"potentialAction\":[{\"@type\":\"CommentAction\",\"name\":\"Comment\",\"target\":[\"https:\\\/\\\/haberkuzey.com\\\/index.php\\\/2026\\\/03\\\/07\\\/abdnin-en-buyuk-ucak-gemisi-uss-gerald-r-ford-kizildenize-ulasti\\\/#respond\"]}]},{\"@type\":\"WebPage\",\"@id\":\"https:\\\/\\\/haberkuzey.com\\\/index.php\\\/2026\\\/03\\\/07\\\/abdnin-en-buyuk-ucak-gemisi-uss-gerald-r-ford-kizildenize-ulasti\\\/\",\"url\":\"https:\\\/\\\/haberkuzey.com\\\/index.php\\\/2026\\\/03\\\/07\\\/abdnin-en-buyuk-ucak-gemisi-uss-gerald-r-ford-kizildenize-ulasti\\\/\",\"name\":\"ABD\u2019nin en b\u00fcy\u00fck u\u00e7ak gemisi \u201cUSS Gerald R. Ford\u201d K\u0131z\u0131ldeniz\u2019e ula\u015ft\u0131 - Haber Kuzey\",\"isPartOf\":{\"@id\":\"https:\\\/\\\/haberkuzey.com\\\/#website\"},\"primaryImageOfPage\":{\"@id\":\"https:\\\/\\\/haberkuzey.com\\\/index.php\\\/2026\\\/03\\\/07\\\/abdnin-en-buyuk-ucak-gemisi-uss-gerald-r-ford-kizildenize-ulasti\\\/#primaryimage\"},\"image\":{\"@id\":\"https:\\\/\\\/haberkuzey.com\\\/index.php\\\/2026\\\/03\\\/07\\\/abdnin-en-buyuk-ucak-gemisi-uss-gerald-r-ford-kizildenize-ulasti\\\/#primaryimage\"},\"thumbnailUrl\":\"https:\\\/\\\/haberkuzey.com\\\/wp-content\\\/uploads\\\/2026\\\/03\\\/thumbs_b_c_cfc7ac64819e01ef74c461274cb0c846.jpg\",\"datePublished\":\"2026-03-07T07:28:11+00:00\",\"author\":{\"@id\":\"https:\\\/\\\/haberkuzey.com\\\/#\\\/schema\\\/person\\\/3372109ec735f9333f4fa47ebb9605ca\"},\"breadcrumb\":{\"@id\":\"https:\\\/\\\/haberkuzey.com\\\/index.php\\\/2026\\\/03\\\/07\\\/abdnin-en-buyuk-ucak-gemisi-uss-gerald-r-ford-kizildenize-ulasti\\\/#breadcrumb\"},\"inLanguage\":\"tr\",\"potentialAction\":[{\"@type\":\"ReadAction\",\"target\":[\"https:\\\/\\\/haberkuzey.com\\\/index.php\\\/2026\\\/03\\\/07\\\/abdnin-en-buyuk-ucak-gemisi-uss-gerald-r-ford-kizildenize-ulasti\\\/\"]}]},{\"@type\":\"ImageObject\",\"inLanguage\":\"tr\",\"@id\":\"https:\\\/\\\/haberkuzey.com\\\/index.php\\\/2026\\\/03\\\/07\\\/abdnin-en-buyuk-ucak-gemisi-uss-gerald-r-ford-kizildenize-ulasti\\\/#primaryimage\",\"url\":\"https:\\\/\\\/haberkuzey.com\\\/wp-content\\\/uploads\\\/2026\\\/03\\\/thumbs_b_c_cfc7ac64819e01ef74c461274cb0c846.jpg\",\"contentUrl\":\"https:\\\/\\\/haberkuzey.com\\\/wp-content\\\/uploads\\\/2026\\\/03\\\/thumbs_b_c_cfc7ac64819e01ef74c461274cb0c846.jpg\",\"width\":864,\"height\":486},{\"@type\":\"BreadcrumbList\",\"@id\":\"https:\\\/\\\/haberkuzey.com\\\/index.php\\\/2026\\\/03\\\/07\\\/abdnin-en-buyuk-ucak-gemisi-uss-gerald-r-ford-kizildenize-ulasti\\\/#breadcrumb\",\"itemListElement\":[{\"@type\":\"ListItem\",\"position\":1,\"name\":\"Anasayfa\",\"item\":\"https:\\\/\\\/haberkuzey.com\\\/\"},{\"@type\":\"ListItem\",\"position\":2,\"name\":\"ABD\u2019nin en b\u00fcy\u00fck u\u00e7ak gemisi \u201cUSS Gerald R. Ford\u201d K\u0131z\u0131ldeniz\u2019e ula\u015ft\u0131\"}]},{\"@type\":\"WebSite\",\"@id\":\"https:\\\/\\\/haberkuzey.com\\\/#website\",\"url\":\"https:\\\/\\\/haberkuzey.com\\\/\",\"name\":\"Haber Kuzey\",\"description\":\"Do\u011fru Haberin Adresi\",\"potentialAction\":[{\"@type\":\"SearchAction\",\"target\":{\"@type\":\"EntryPoint\",\"urlTemplate\":\"https:\\\/\\\/haberkuzey.com\\\/?s={search_term_string}\"},\"query-input\":{\"@type\":\"PropertyValueSpecification\",\"valueRequired\":true,\"valueName\":\"search_term_string\"}}],\"inLanguage\":\"tr\"},{\"@type\":\"Person\",\"@id\":\"https:\\\/\\\/haberkuzey.com\\\/#\\\/schema\\\/person\\\/3372109ec735f9333f4fa47ebb9605ca\",\"name\":\"haberkuzey\",\"image\":{\"@type\":\"ImageObject\",\"inLanguage\":\"tr\",\"@id\":\"https:\\\/\\\/secure.gravatar.com\\\/avatar\\\/f5fc875574b1575324358c3b9e6a32b8227aa5b74f3fa22e3cadb63e26fcc39c?s=96&d=mm&r=g\",\"url\":\"https:\\\/\\\/secure.gravatar.com\\\/avatar\\\/f5fc875574b1575324358c3b9e6a32b8227aa5b74f3fa22e3cadb63e26fcc39c?s=96&d=mm&r=g\",\"contentUrl\":\"https:\\\/\\\/secure.gravatar.com\\\/avatar\\\/f5fc875574b1575324358c3b9e6a32b8227aa5b74f3fa22e3cadb63e26fcc39c?s=96&d=mm&r=g\",\"caption\":\"haberkuzey\"},\"sameAs\":[\"https:\\\/\\\/haberkuzey.com\"],\"url\":\"https:\\\/\\\/haberkuzey.com\\\/index.php\\\/author\\\/haberkuzey\\\/\"}]}<\/script>\n<!-- \/ Yoast SEO plugin. -->","yoast_head_json":{"title":"ABD\u2019nin en b\u00fcy\u00fck u\u00e7ak gemisi \u201cUSS Gerald R. Ford\u201d K\u0131z\u0131ldeniz\u2019e ula\u015ft\u0131 - Haber Kuzey","robots":{"index":"index","follow":"follow","max-snippet":"max-snippet:-1","max-image-preview":"max-image-preview:large","max-video-preview":"max-video-preview:-1"},"canonical":"https:\/\/haberkuzey.com\/index.php\/2026\/03\/07\/abdnin-en-buyuk-ucak-gemisi-uss-gerald-r-ford-kizildenize-ulasti\/","og_locale":"tr_TR","og_type":"article","og_title":"ABD\u2019nin en b\u00fcy\u00fck u\u00e7ak gemisi \u201cUSS Gerald R. Ford\u201d K\u0131z\u0131ldeniz\u2019e ula\u015ft\u0131 - Haber Kuzey","og_description":"Pentagondan daha \u00f6nce yap\u0131lan a\u00e7\u0131klamada, Ford u\u00e7ak gemisinin \u015fubat ortas\u0131nda Orta Do\u011fu&#8217;ya konu\u015fland\u0131r\u0131lmas\u0131na karar verildi\u011fi ve g\u00f6revinin gelecek y\u0131l may\u0131s ay\u0131na kadar s\u00fcrmesinin planland\u0131\u011f\u0131 belirtilmi\u015fti. B\u00f6ylece b\u00f6lgede iki ABD u\u00e7ak gemisi g\u00f6rev yapmaya ba\u015flad\u0131. USS Gerald R. Ford gemisi K\u0131z\u0131ldeniz&#8217;de, USS Abraham Lincoln (CVN-72) u\u00e7ak gemisi ise Umman Denizi&#8217;nde faaliyet g\u00f6steriyor. A\u00e7\u0131k kaynak analizlerine g\u00f6re [&hellip;]","og_url":"https:\/\/haberkuzey.com\/index.php\/2026\/03\/07\/abdnin-en-buyuk-ucak-gemisi-uss-gerald-r-ford-kizildenize-ulasti\/","og_site_name":"Haber Kuzey","article_published_time":"2026-03-07T07:28:11+00:00","author":"haberkuzey","twitter_card":"summary_large_image","twitter_misc":{"Yazan:":"haberkuzey","Tahmini okuma s\u00fcresi":"1 dakika"},"schema":{"@context":"https:\/\/schema.org","@graph":[{"@type":"Article","@id":"https:\/\/haberkuzey.com\/index.php\/2026\/03\/07\/abdnin-en-buyuk-ucak-gemisi-uss-gerald-r-ford-kizildenize-ulasti\/#article","isPartOf":{"@id":"https:\/\/haberkuzey.com\/index.php\/2026\/03\/07\/abdnin-en-buyuk-ucak-gemisi-uss-gerald-r-ford-kizildenize-ulasti\/"},"author":{"name":"haberkuzey","@id":"https:\/\/haberkuzey.com\/#\/schema\/person\/3372109ec735f9333f4fa47ebb9605ca"},"headline":"ABD\u2019nin en b\u00fcy\u00fck u\u00e7ak gemisi \u201cUSS Gerald R. Ford\u201d K\u0131z\u0131ldeniz\u2019e ula\u015ft\u0131","datePublished":"2026-03-07T07:28:11+00:00","mainEntityOfPage":{"@id":"https:\/\/haberkuzey.com\/index.php\/2026\/03\/07\/abdnin-en-buyuk-ucak-gemisi-uss-gerald-r-ford-kizildenize-ulasti\/"},"wordCount":307,"commentCount":0,"image":{"@id":"https:\/\/haberkuzey.com\/index.php\/2026\/03\/07\/abdnin-en-buyuk-ucak-gemisi-uss-gerald-r-ford-kizildenize-ulasti\/#primaryimage"},"thumbnailUrl":"https:\/\/haberkuzey.com\/wp-content\/uploads\/2026\/03\/thumbs_b_c_cfc7ac64819e01ef74c461274cb0c846.jpg","articleSection":["K\u0131br\u0131s"],"inLanguage":"tr","potentialAction":[{"@type":"CommentAction","name":"Comment","target":["https:\/\/haberkuzey.com\/index.php\/2026\/03\/07\/abdnin-en-buyuk-ucak-gemisi-uss-gerald-r-ford-kizildenize-ulasti\/#respond"]}]},{"@type":"WebPage","@id":"https:\/\/haberkuzey.com\/index.php\/2026\/03\/07\/abdnin-en-buyuk-ucak-gemisi-uss-gerald-r-ford-kizildenize-ulasti\/","url":"https:\/\/haberkuzey.com\/index.php\/2026\/03\/07\/abdnin-en-buyuk-ucak-gemisi-uss-gerald-r-ford-kizildenize-ulasti\/","name":"ABD\u2019nin en b\u00fcy\u00fck u\u00e7ak gemisi \u201cUSS Gerald R. Ford\u201d K\u0131z\u0131ldeniz\u2019e ula\u015ft\u0131 - Haber Kuzey","isPartOf":{"@id":"https:\/\/haberkuzey.com\/#website"},"primaryImageOfPage":{"@id":"https:\/\/haberkuzey.com\/index.php\/2026\/03\/07\/abdnin-en-buyuk-ucak-gemisi-uss-gerald-r-ford-kizildenize-ulasti\/#primaryimage"},"image":{"@id":"https:\/\/haberkuzey.com\/index.php\/2026\/03\/07\/abdnin-en-buyuk-ucak-gemisi-uss-gerald-r-ford-kizildenize-ulasti\/#primaryimage"},"thumbnailUrl":"https:\/\/haberkuzey.com\/wp-content\/uploads\/2026\/03\/thumbs_b_c_cfc7ac64819e01ef74c461274cb0c846.jpg","datePublished":"2026-03-07T07:28:11+00:00","author":{"@id":"https:\/\/haberkuzey.com\/#\/schema\/person\/3372109ec735f9333f4fa47ebb9605ca"},"breadcrumb":{"@id":"https:\/\/haberkuzey.com\/index.php\/2026\/03\/07\/abdnin-en-buyuk-ucak-gemisi-uss-gerald-r-ford-kizildenize-ulasti\/#breadcrumb"},"inLanguage":"tr","potentialAction":[{"@type":"ReadAction","target":["https:\/\/haberkuzey.com\/index.php\/2026\/03\/07\/abdnin-en-buyuk-ucak-gemisi-uss-gerald-r-ford-kizildenize-ulasti\/"]}]},{"@type":"ImageObject","inLanguage":"tr","@id":"https:\/\/haberkuzey.com\/index.php\/2026\/03\/07\/abdnin-en-buyuk-ucak-gemisi-uss-gerald-r-ford-kizildenize-ulasti\/#primaryimage","url":"https:\/\/haberkuzey.com\/wp-content\/uploads\/2026\/03\/thumbs_b_c_cfc7ac64819e01ef74c461274cb0c846.jpg","contentUrl":"https:\/\/haberkuzey.com\/wp-content\/uploads\/2026\/03\/thumbs_b_c_cfc7ac64819e01ef74c461274cb0c846.jpg","width":864,"height":486},{"@type":"BreadcrumbList","@id":"https:\/\/haberkuzey.com\/index.php\/2026\/03\/07\/abdnin-en-buyuk-ucak-gemisi-uss-gerald-r-ford-kizildenize-ulasti\/#breadcrumb","itemListElement":[{"@type":"ListItem","position":1,"name":"Anasayfa","item":"https:\/\/haberkuzey.com\/"},{"@type":"ListItem","position":2,"name":"ABD\u2019nin en b\u00fcy\u00fck u\u00e7ak gemisi \u201cUSS Gerald R. Ford\u201d K\u0131z\u0131ldeniz\u2019e ula\u015ft\u0131"}]},{"@type":"WebSite","@id":"https:\/\/haberkuzey.com\/#website","url":"https:\/\/haberkuzey.com\/","name":"Haber Kuzey","description":"Do\u011fru Haberin Adresi","potentialAction":[{"@type":"SearchAction","target":{"@type":"EntryPoint","urlTemplate":"https:\/\/haberkuzey.com\/?s={search_term_string}"},"query-input":{"@type":"PropertyValueSpecification","valueRequired":true,"valueName":"search_term_string"}}],"inLanguage":"tr"},{"@type":"Person","@id":"https:\/\/haberkuzey.com\/#\/schema\/person\/3372109ec735f9333f4fa47ebb9605ca","name":"haberkuzey","image":{"@type":"ImageObject","inLanguage":"tr","@id":"https:\/\/secure.gravatar.com\/avatar\/f5fc875574b1575324358c3b9e6a32b8227aa5b74f3fa22e3cadb63e26fcc39c?s=96&d=mm&r=g","url":"https:\/\/secure.gravatar.com\/avatar\/f5fc875574b1575324358c3b9e6a32b8227aa5b74f3fa22e3cadb63e26fcc39c?s=96&d=mm&r=g","contentUrl":"https:\/\/secure.gravatar.com\/avatar\/f5fc875574b1575324358c3b9e6a32b8227aa5b74f3fa22e3cadb63e26fcc39c?s=96&d=mm&r=g","caption":"haberkuzey"},"sameAs":["https:\/\/haberkuzey.com"],"url":"https:\/\/haberkuzey.com\/index.php\/author\/haberkuzey\/"}]}},"_links":{"self":[{"href":"https:\/\/haberkuzey.com\/index.php\/wp-json\/wp\/v2\/posts\/35023","targetHints":{"allow":["GET"]}}],"collection":[{"href":"https:\/\/haberkuzey.com\/index.php\/wp-json\/wp\/v2\/posts"}],"about":[{"href":"https:\/\/haberkuzey.com\/index.php\/wp-json\/wp\/v2\/types\/post"}],"author":[{"embeddable":true,"href":"https:\/\/haberkuzey.com\/index.php\/wp-json\/wp\/v2\/users\/1"}],"replies":[{"embeddable":true,"href":"https:\/\/haberkuzey.com\/index.php\/wp-json\/wp\/v2\/comments?post=35023"}],"version-history":[{"count":0,"href":"https:\/\/haberkuzey.com\/index.php\/wp-json\/wp\/v2\/posts\/35023\/revisions"}],"wp:featuredmedia":[{"embeddable":true,"href":"https:\/\/haberkuzey.com\/index.php\/wp-json\/wp\/v2\/media\/35024"}],"wp:attachment":[{"href":"https:\/\/haberkuzey.com\/index.php\/wp-json\/wp\/v2\/media?parent=35023"}],"wp:term":[{"taxonomy":"category","embeddable":true,"href":"https:\/\/haberkuzey.com\/index.php\/wp-json\/wp\/v2\/categories?post=35023"},{"taxonomy":"post_tag","embeddable":true,"href":"https:\/\/haberkuzey.com\/index.php\/wp-json\/wp\/v2\/tags?post=35023"}],"curies":[{"name":"wp","href":"https:\/\/api.w.org\/{rel}","templated":true}]}}