{"id":35019,"date":"2026-03-07T09:16:07","date_gmt":"2026-03-07T07:16:07","guid":{"rendered":"https:\/\/haberkuzey.com\/index.php\/2026\/03\/07\/turk-kizilaydan-iftar-sonrasi-kan-bagisi-daveti\/"},"modified":"2026-03-07T09:16:07","modified_gmt":"2026-03-07T07:16:07","slug":"turk-kizilaydan-iftar-sonrasi-kan-bagisi-daveti","status":"publish","type":"post","link":"https:\/\/haberkuzey.com\/index.php\/2026\/03\/07\/turk-kizilaydan-iftar-sonrasi-kan-bagisi-daveti\/","title":{"rendered":"T\u00fcrk K\u0131z\u0131laydan iftar sonras\u0131 kan ba\u011f\u0131\u015f\u0131 daveti"},"content":{"rendered":"<p class=\"selectionShareable\">Kurumdan yap\u0131lan a\u00e7\u0131klamaya g\u00f6re, ramazan s\u00fcresince kan ba\u011f\u0131\u015f\u0131 \u00e7al\u0131\u015fmalar\u0131n\u0131 yo\u011fun \u015fekilde s\u00fcrd\u00fcren T\u00fcrk K\u0131z\u0131lay, vatanda\u015flar\u0131n ba\u011f\u0131\u015flar\u0131n\u0131 daha kolay ger\u00e7ekle\u015ftirebilmesi amac\u0131yla iftar sonras\u0131nda da hizmet vermeye devam ediyor.<\/p>\n<p class=\"selectionShareable\">&#8220;Kan acil de\u011fil s\u00fcrekli ihtiya\u00e7&#8221; anlay\u0131\u015f\u0131yla y\u00fcr\u00fct\u00fclen \u00e7al\u0131\u015fmalar kapsam\u0131nda ba\u011f\u0131\u015f noktalar\u0131, iftar sonras\u0131 saatlerde a\u00e7\u0131k tutulurken gezici ekipler de \u00e7e\u015fitli alanlarda vatanda\u015flarla bulu\u015fuyor.<\/p>\n<p class=\"selectionShareable\">T\u00fcrk K\u0131z\u0131lay, ayr\u0131ca teravih namaz\u0131 saatlerinde camilerde, belediyeler taraf\u0131ndan ramazan ay\u0131na \u00f6zel d\u00fczenlenen etkinliklerde ve meydanlarda gezici ekipleri arac\u0131l\u0131\u011f\u0131yla kan ba\u011f\u0131\u015f\u0131 kabul ediyor. Ba\u011f\u0131\u015f\u00e7\u0131lara daha kolay eri\u015fim sa\u011flanmas\u0131 ve ramazan ay\u0131nda kan ba\u011f\u0131\u015f\u0131n\u0131n s\u00fcreklili\u011finin korunmas\u0131 hedefleniyor.<\/p>\n<p class=\"selectionShareable\">T\u00fcrk K\u0131z\u0131lay, g\u00f6n\u00fcll\u00fc kan ba\u011f\u0131\u015f\u00e7\u0131lar\u0131n\u0131n deste\u011fiyle \u00fclke genelinde 1140 hastanenin g\u00fcnl\u00fck kan ve kan \u00fcr\u00fcnleri ihtiyac\u0131n\u0131 kar\u015f\u0131lamay\u0131 s\u00fcrd\u00fcr\u00fcyor.<\/p>\n<p class=\"selectionShareable\">Bu y\u0131l\u0131n ilk iki ay\u0131nda ise 444 bin 702 \u00fcnite kan ba\u011f\u0131\u015f\u0131 al\u0131n\u0131rken ramazan boyunca 4 bini a\u015fk\u0131n uzman sa\u011fl\u0131k personeliyle s\u00fcrd\u00fcr\u00fclen \u00e7al\u0131\u015fmalarla bu hayati sistemin kesintisiz \u015fekilde devam etmesi ama\u00e7lan\u0131yor.<\/p>\n<p class=\"selectionShareable\">Ba\u011f\u0131\u015f noktalar\u0131n\u0131n g\u00fcncel \u00e7al\u0131\u015fma saatlerine &#8220;<strong>kanver.org<\/strong>&#8221; adresi \u00fczerinden ula\u015f\u0131labiliyor.<\/p>\n<p>T\u00fcrk K\u0131z\u0131laydan iftar sonras\u0131 kan ba\u011f\u0131\u015f\u0131 daveti yaz\u0131s\u0131 ilk \u00f6nce K\u0131br\u0131s Hakikat \u00fczerinde ortaya \u00e7\u0131kt\u0131.<\/p>\n","protected":false},"excerpt":{"rendered":"<p>Kurumdan yap\u0131lan a\u00e7\u0131klamaya g\u00f6re, ramazan s\u00fcresince kan ba\u011f\u0131\u015f\u0131 \u00e7al\u0131\u015fmalar\u0131n\u0131 yo\u011fun \u015fekilde s\u00fcrd\u00fcren T\u00fcrk K\u0131z\u0131lay, vatanda\u015flar\u0131n ba\u011f\u0131\u015flar\u0131n\u0131 daha kolay ger\u00e7ekle\u015ftirebilmesi amac\u0131yla iftar sonras\u0131nda da hizmet vermeye devam ediyor. &#8220;Kan acil de\u011fil s\u00fcrekli ihtiya\u00e7&#8221; anlay\u0131\u015f\u0131yla y\u00fcr\u00fct\u00fclen \u00e7al\u0131\u015fmalar kapsam\u0131nda ba\u011f\u0131\u015f noktalar\u0131, iftar sonras\u0131 saatlerde a\u00e7\u0131k tutulurken gezici ekipler de \u00e7e\u015fitli alanlarda vatanda\u015flarla bulu\u015fuyor. T\u00fcrk K\u0131z\u0131lay, ayr\u0131ca teravih namaz\u0131 [&hellip;]<\/p>\n","protected":false},"author":1,"featured_media":35020,"comment_status":"open","ping_status":"open","sticky":false,"template":"","format":"standard","meta":{"jnews-multi-image_gallery":[],"jnews_single_post":[],"jnews_primary_category":[],"footnotes":""},"categories":[1],"tags":[],"class_list":["post-35019","post","type-post","status-publish","format-standard","has-post-thumbnail","hentry","category-kibris"],"yoast_head":"<!-- This site is optimized with the Yoast SEO plugin v27.5 - https:\/\/yoast.com\/product\/yoast-seo-wordpress\/ -->\n<title>T\u00fcrk K\u0131z\u0131laydan iftar sonras\u0131 kan ba\u011f\u0131\u015f\u0131 daveti - Haber Kuzey<\/title>\n<meta name=\"robots\" content=\"index, follow, max-snippet:-1, max-image-preview:large, max-video-preview:-1\" \/>\n<link rel=\"canonical\" href=\"https:\/\/haberkuzey.com\/index.php\/2026\/03\/07\/turk-kizilaydan-iftar-sonrasi-kan-bagisi-daveti\/\" \/>\n<meta property=\"og:locale\" content=\"tr_TR\" \/>\n<meta property=\"og:type\" content=\"article\" \/>\n<meta property=\"og:title\" content=\"T\u00fcrk K\u0131z\u0131laydan iftar sonras\u0131 kan ba\u011f\u0131\u015f\u0131 daveti - Haber Kuzey\" \/>\n<meta property=\"og:description\" content=\"Kurumdan yap\u0131lan a\u00e7\u0131klamaya g\u00f6re, ramazan s\u00fcresince kan ba\u011f\u0131\u015f\u0131 \u00e7al\u0131\u015fmalar\u0131n\u0131 yo\u011fun \u015fekilde s\u00fcrd\u00fcren T\u00fcrk K\u0131z\u0131lay, vatanda\u015flar\u0131n ba\u011f\u0131\u015flar\u0131n\u0131 daha kolay ger\u00e7ekle\u015ftirebilmesi amac\u0131yla iftar sonras\u0131nda da hizmet vermeye devam ediyor. &#8220;Kan acil de\u011fil s\u00fcrekli ihtiya\u00e7&#8221; anlay\u0131\u015f\u0131yla y\u00fcr\u00fct\u00fclen \u00e7al\u0131\u015fmalar kapsam\u0131nda ba\u011f\u0131\u015f noktalar\u0131, iftar sonras\u0131 saatlerde a\u00e7\u0131k tutulurken gezici ekipler de \u00e7e\u015fitli alanlarda vatanda\u015flarla bulu\u015fuyor. T\u00fcrk K\u0131z\u0131lay, ayr\u0131ca teravih namaz\u0131 [&hellip;]\" \/>\n<meta property=\"og:url\" content=\"https:\/\/haberkuzey.com\/index.php\/2026\/03\/07\/turk-kizilaydan-iftar-sonrasi-kan-bagisi-daveti\/\" \/>\n<meta property=\"og:site_name\" content=\"Haber Kuzey\" \/>\n<meta property=\"article:published_time\" content=\"2026-03-07T07:16:07+00:00\" \/>\n<meta name=\"author\" content=\"haberkuzey\" \/>\n<meta name=\"twitter:card\" content=\"summary_large_image\" \/>\n<meta name=\"twitter:label1\" content=\"Yazan:\" \/>\n\t<meta name=\"twitter:data1\" content=\"haberkuzey\" \/>\n\t<meta name=\"twitter:label2\" content=\"Tahmini okuma s\u00fcresi\" \/>\n\t<meta name=\"twitter:data2\" content=\"1 dakika\" \/>\n<script type=\"application\/ld+json\" class=\"yoast-schema-graph\">{\"@context\":\"https:\\\/\\\/schema.org\",\"@graph\":[{\"@type\":\"Article\",\"@id\":\"https:\\\/\\\/haberkuzey.com\\\/index.php\\\/2026\\\/03\\\/07\\\/turk-kizilaydan-iftar-sonrasi-kan-bagisi-daveti\\\/#article\",\"isPartOf\":{\"@id\":\"https:\\\/\\\/haberkuzey.com\\\/index.php\\\/2026\\\/03\\\/07\\\/turk-kizilaydan-iftar-sonrasi-kan-bagisi-daveti\\\/\"},\"author\":{\"name\":\"haberkuzey\",\"@id\":\"https:\\\/\\\/haberkuzey.com\\\/#\\\/schema\\\/person\\\/3372109ec735f9333f4fa47ebb9605ca\"},\"headline\":\"T\u00fcrk K\u0131z\u0131laydan iftar sonras\u0131 kan ba\u011f\u0131\u015f\u0131 daveti\",\"datePublished\":\"2026-03-07T07:16:07+00:00\",\"mainEntityOfPage\":{\"@id\":\"https:\\\/\\\/haberkuzey.com\\\/index.php\\\/2026\\\/03\\\/07\\\/turk-kizilaydan-iftar-sonrasi-kan-bagisi-daveti\\\/\"},\"wordCount\":258,\"commentCount\":0,\"image\":{\"@id\":\"https:\\\/\\\/haberkuzey.com\\\/index.php\\\/2026\\\/03\\\/07\\\/turk-kizilaydan-iftar-sonrasi-kan-bagisi-daveti\\\/#primaryimage\"},\"thumbnailUrl\":\"https:\\\/\\\/haberkuzey.com\\\/wp-content\\\/uploads\\\/2026\\\/03\\\/thumbs_b_c_1fc60a7657df5419d128f8fc1736d0fd.jpg\",\"articleSection\":[\"K\u0131br\u0131s\"],\"inLanguage\":\"tr\",\"potentialAction\":[{\"@type\":\"CommentAction\",\"name\":\"Comment\",\"target\":[\"https:\\\/\\\/haberkuzey.com\\\/index.php\\\/2026\\\/03\\\/07\\\/turk-kizilaydan-iftar-sonrasi-kan-bagisi-daveti\\\/#respond\"]}]},{\"@type\":\"WebPage\",\"@id\":\"https:\\\/\\\/haberkuzey.com\\\/index.php\\\/2026\\\/03\\\/07\\\/turk-kizilaydan-iftar-sonrasi-kan-bagisi-daveti\\\/\",\"url\":\"https:\\\/\\\/haberkuzey.com\\\/index.php\\\/2026\\\/03\\\/07\\\/turk-kizilaydan-iftar-sonrasi-kan-bagisi-daveti\\\/\",\"name\":\"T\u00fcrk K\u0131z\u0131laydan iftar sonras\u0131 kan ba\u011f\u0131\u015f\u0131 daveti - Haber Kuzey\",\"isPartOf\":{\"@id\":\"https:\\\/\\\/haberkuzey.com\\\/#website\"},\"primaryImageOfPage\":{\"@id\":\"https:\\\/\\\/haberkuzey.com\\\/index.php\\\/2026\\\/03\\\/07\\\/turk-kizilaydan-iftar-sonrasi-kan-bagisi-daveti\\\/#primaryimage\"},\"image\":{\"@id\":\"https:\\\/\\\/haberkuzey.com\\\/index.php\\\/2026\\\/03\\\/07\\\/turk-kizilaydan-iftar-sonrasi-kan-bagisi-daveti\\\/#primaryimage\"},\"thumbnailUrl\":\"https:\\\/\\\/haberkuzey.com\\\/wp-content\\\/uploads\\\/2026\\\/03\\\/thumbs_b_c_1fc60a7657df5419d128f8fc1736d0fd.jpg\",\"datePublished\":\"2026-03-07T07:16:07+00:00\",\"author\":{\"@id\":\"https:\\\/\\\/haberkuzey.com\\\/#\\\/schema\\\/person\\\/3372109ec735f9333f4fa47ebb9605ca\"},\"breadcrumb\":{\"@id\":\"https:\\\/\\\/haberkuzey.com\\\/index.php\\\/2026\\\/03\\\/07\\\/turk-kizilaydan-iftar-sonrasi-kan-bagisi-daveti\\\/#breadcrumb\"},\"inLanguage\":\"tr\",\"potentialAction\":[{\"@type\":\"ReadAction\",\"target\":[\"https:\\\/\\\/haberkuzey.com\\\/index.php\\\/2026\\\/03\\\/07\\\/turk-kizilaydan-iftar-sonrasi-kan-bagisi-daveti\\\/\"]}]},{\"@type\":\"ImageObject\",\"inLanguage\":\"tr\",\"@id\":\"https:\\\/\\\/haberkuzey.com\\\/index.php\\\/2026\\\/03\\\/07\\\/turk-kizilaydan-iftar-sonrasi-kan-bagisi-daveti\\\/#primaryimage\",\"url\":\"https:\\\/\\\/haberkuzey.com\\\/wp-content\\\/uploads\\\/2026\\\/03\\\/thumbs_b_c_1fc60a7657df5419d128f8fc1736d0fd.jpg\",\"contentUrl\":\"https:\\\/\\\/haberkuzey.com\\\/wp-content\\\/uploads\\\/2026\\\/03\\\/thumbs_b_c_1fc60a7657df5419d128f8fc1736d0fd.jpg\",\"width\":864,\"height\":486},{\"@type\":\"BreadcrumbList\",\"@id\":\"https:\\\/\\\/haberkuzey.com\\\/index.php\\\/2026\\\/03\\\/07\\\/turk-kizilaydan-iftar-sonrasi-kan-bagisi-daveti\\\/#breadcrumb\",\"itemListElement\":[{\"@type\":\"ListItem\",\"position\":1,\"name\":\"Anasayfa\",\"item\":\"https:\\\/\\\/haberkuzey.com\\\/\"},{\"@type\":\"ListItem\",\"position\":2,\"name\":\"T\u00fcrk K\u0131z\u0131laydan iftar sonras\u0131 kan ba\u011f\u0131\u015f\u0131 daveti\"}]},{\"@type\":\"WebSite\",\"@id\":\"https:\\\/\\\/haberkuzey.com\\\/#website\",\"url\":\"https:\\\/\\\/haberkuzey.com\\\/\",\"name\":\"Haber Kuzey\",\"description\":\"Do\u011fru Haberin Adresi\",\"potentialAction\":[{\"@type\":\"SearchAction\",\"target\":{\"@type\":\"EntryPoint\",\"urlTemplate\":\"https:\\\/\\\/haberkuzey.com\\\/?s={search_term_string}\"},\"query-input\":{\"@type\":\"PropertyValueSpecification\",\"valueRequired\":true,\"valueName\":\"search_term_string\"}}],\"inLanguage\":\"tr\"},{\"@type\":\"Person\",\"@id\":\"https:\\\/\\\/haberkuzey.com\\\/#\\\/schema\\\/person\\\/3372109ec735f9333f4fa47ebb9605ca\",\"name\":\"haberkuzey\",\"image\":{\"@type\":\"ImageObject\",\"inLanguage\":\"tr\",\"@id\":\"https:\\\/\\\/secure.gravatar.com\\\/avatar\\\/f5fc875574b1575324358c3b9e6a32b8227aa5b74f3fa22e3cadb63e26fcc39c?s=96&d=mm&r=g\",\"url\":\"https:\\\/\\\/secure.gravatar.com\\\/avatar\\\/f5fc875574b1575324358c3b9e6a32b8227aa5b74f3fa22e3cadb63e26fcc39c?s=96&d=mm&r=g\",\"contentUrl\":\"https:\\\/\\\/secure.gravatar.com\\\/avatar\\\/f5fc875574b1575324358c3b9e6a32b8227aa5b74f3fa22e3cadb63e26fcc39c?s=96&d=mm&r=g\",\"caption\":\"haberkuzey\"},\"sameAs\":[\"https:\\\/\\\/haberkuzey.com\"],\"url\":\"https:\\\/\\\/haberkuzey.com\\\/index.php\\\/author\\\/haberkuzey\\\/\"}]}<\/script>\n<!-- \/ Yoast SEO plugin. -->","yoast_head_json":{"title":"T\u00fcrk K\u0131z\u0131laydan iftar sonras\u0131 kan ba\u011f\u0131\u015f\u0131 daveti - Haber Kuzey","robots":{"index":"index","follow":"follow","max-snippet":"max-snippet:-1","max-image-preview":"max-image-preview:large","max-video-preview":"max-video-preview:-1"},"canonical":"https:\/\/haberkuzey.com\/index.php\/2026\/03\/07\/turk-kizilaydan-iftar-sonrasi-kan-bagisi-daveti\/","og_locale":"tr_TR","og_type":"article","og_title":"T\u00fcrk K\u0131z\u0131laydan iftar sonras\u0131 kan ba\u011f\u0131\u015f\u0131 daveti - Haber Kuzey","og_description":"Kurumdan yap\u0131lan a\u00e7\u0131klamaya g\u00f6re, ramazan s\u00fcresince kan ba\u011f\u0131\u015f\u0131 \u00e7al\u0131\u015fmalar\u0131n\u0131 yo\u011fun \u015fekilde s\u00fcrd\u00fcren T\u00fcrk K\u0131z\u0131lay, vatanda\u015flar\u0131n ba\u011f\u0131\u015flar\u0131n\u0131 daha kolay ger\u00e7ekle\u015ftirebilmesi amac\u0131yla iftar sonras\u0131nda da hizmet vermeye devam ediyor. &#8220;Kan acil de\u011fil s\u00fcrekli ihtiya\u00e7&#8221; anlay\u0131\u015f\u0131yla y\u00fcr\u00fct\u00fclen \u00e7al\u0131\u015fmalar kapsam\u0131nda ba\u011f\u0131\u015f noktalar\u0131, iftar sonras\u0131 saatlerde a\u00e7\u0131k tutulurken gezici ekipler de \u00e7e\u015fitli alanlarda vatanda\u015flarla bulu\u015fuyor. T\u00fcrk K\u0131z\u0131lay, ayr\u0131ca teravih namaz\u0131 [&hellip;]","og_url":"https:\/\/haberkuzey.com\/index.php\/2026\/03\/07\/turk-kizilaydan-iftar-sonrasi-kan-bagisi-daveti\/","og_site_name":"Haber Kuzey","article_published_time":"2026-03-07T07:16:07+00:00","author":"haberkuzey","twitter_card":"summary_large_image","twitter_misc":{"Yazan:":"haberkuzey","Tahmini okuma s\u00fcresi":"1 dakika"},"schema":{"@context":"https:\/\/schema.org","@graph":[{"@type":"Article","@id":"https:\/\/haberkuzey.com\/index.php\/2026\/03\/07\/turk-kizilaydan-iftar-sonrasi-kan-bagisi-daveti\/#article","isPartOf":{"@id":"https:\/\/haberkuzey.com\/index.php\/2026\/03\/07\/turk-kizilaydan-iftar-sonrasi-kan-bagisi-daveti\/"},"author":{"name":"haberkuzey","@id":"https:\/\/haberkuzey.com\/#\/schema\/person\/3372109ec735f9333f4fa47ebb9605ca"},"headline":"T\u00fcrk K\u0131z\u0131laydan iftar sonras\u0131 kan ba\u011f\u0131\u015f\u0131 daveti","datePublished":"2026-03-07T07:16:07+00:00","mainEntityOfPage":{"@id":"https:\/\/haberkuzey.com\/index.php\/2026\/03\/07\/turk-kizilaydan-iftar-sonrasi-kan-bagisi-daveti\/"},"wordCount":258,"commentCount":0,"image":{"@id":"https:\/\/haberkuzey.com\/index.php\/2026\/03\/07\/turk-kizilaydan-iftar-sonrasi-kan-bagisi-daveti\/#primaryimage"},"thumbnailUrl":"https:\/\/haberkuzey.com\/wp-content\/uploads\/2026\/03\/thumbs_b_c_1fc60a7657df5419d128f8fc1736d0fd.jpg","articleSection":["K\u0131br\u0131s"],"inLanguage":"tr","potentialAction":[{"@type":"CommentAction","name":"Comment","target":["https:\/\/haberkuzey.com\/index.php\/2026\/03\/07\/turk-kizilaydan-iftar-sonrasi-kan-bagisi-daveti\/#respond"]}]},{"@type":"WebPage","@id":"https:\/\/haberkuzey.com\/index.php\/2026\/03\/07\/turk-kizilaydan-iftar-sonrasi-kan-bagisi-daveti\/","url":"https:\/\/haberkuzey.com\/index.php\/2026\/03\/07\/turk-kizilaydan-iftar-sonrasi-kan-bagisi-daveti\/","name":"T\u00fcrk K\u0131z\u0131laydan iftar sonras\u0131 kan ba\u011f\u0131\u015f\u0131 daveti - Haber Kuzey","isPartOf":{"@id":"https:\/\/haberkuzey.com\/#website"},"primaryImageOfPage":{"@id":"https:\/\/haberkuzey.com\/index.php\/2026\/03\/07\/turk-kizilaydan-iftar-sonrasi-kan-bagisi-daveti\/#primaryimage"},"image":{"@id":"https:\/\/haberkuzey.com\/index.php\/2026\/03\/07\/turk-kizilaydan-iftar-sonrasi-kan-bagisi-daveti\/#primaryimage"},"thumbnailUrl":"https:\/\/haberkuzey.com\/wp-content\/uploads\/2026\/03\/thumbs_b_c_1fc60a7657df5419d128f8fc1736d0fd.jpg","datePublished":"2026-03-07T07:16:07+00:00","author":{"@id":"https:\/\/haberkuzey.com\/#\/schema\/person\/3372109ec735f9333f4fa47ebb9605ca"},"breadcrumb":{"@id":"https:\/\/haberkuzey.com\/index.php\/2026\/03\/07\/turk-kizilaydan-iftar-sonrasi-kan-bagisi-daveti\/#breadcrumb"},"inLanguage":"tr","potentialAction":[{"@type":"ReadAction","target":["https:\/\/haberkuzey.com\/index.php\/2026\/03\/07\/turk-kizilaydan-iftar-sonrasi-kan-bagisi-daveti\/"]}]},{"@type":"ImageObject","inLanguage":"tr","@id":"https:\/\/haberkuzey.com\/index.php\/2026\/03\/07\/turk-kizilaydan-iftar-sonrasi-kan-bagisi-daveti\/#primaryimage","url":"https:\/\/haberkuzey.com\/wp-content\/uploads\/2026\/03\/thumbs_b_c_1fc60a7657df5419d128f8fc1736d0fd.jpg","contentUrl":"https:\/\/haberkuzey.com\/wp-content\/uploads\/2026\/03\/thumbs_b_c_1fc60a7657df5419d128f8fc1736d0fd.jpg","width":864,"height":486},{"@type":"BreadcrumbList","@id":"https:\/\/haberkuzey.com\/index.php\/2026\/03\/07\/turk-kizilaydan-iftar-sonrasi-kan-bagisi-daveti\/#breadcrumb","itemListElement":[{"@type":"ListItem","position":1,"name":"Anasayfa","item":"https:\/\/haberkuzey.com\/"},{"@type":"ListItem","position":2,"name":"T\u00fcrk K\u0131z\u0131laydan iftar sonras\u0131 kan ba\u011f\u0131\u015f\u0131 daveti"}]},{"@type":"WebSite","@id":"https:\/\/haberkuzey.com\/#website","url":"https:\/\/haberkuzey.com\/","name":"Haber Kuzey","description":"Do\u011fru Haberin Adresi","potentialAction":[{"@type":"SearchAction","target":{"@type":"EntryPoint","urlTemplate":"https:\/\/haberkuzey.com\/?s={search_term_string}"},"query-input":{"@type":"PropertyValueSpecification","valueRequired":true,"valueName":"search_term_string"}}],"inLanguage":"tr"},{"@type":"Person","@id":"https:\/\/haberkuzey.com\/#\/schema\/person\/3372109ec735f9333f4fa47ebb9605ca","name":"haberkuzey","image":{"@type":"ImageObject","inLanguage":"tr","@id":"https:\/\/secure.gravatar.com\/avatar\/f5fc875574b1575324358c3b9e6a32b8227aa5b74f3fa22e3cadb63e26fcc39c?s=96&d=mm&r=g","url":"https:\/\/secure.gravatar.com\/avatar\/f5fc875574b1575324358c3b9e6a32b8227aa5b74f3fa22e3cadb63e26fcc39c?s=96&d=mm&r=g","contentUrl":"https:\/\/secure.gravatar.com\/avatar\/f5fc875574b1575324358c3b9e6a32b8227aa5b74f3fa22e3cadb63e26fcc39c?s=96&d=mm&r=g","caption":"haberkuzey"},"sameAs":["https:\/\/haberkuzey.com"],"url":"https:\/\/haberkuzey.com\/index.php\/author\/haberkuzey\/"}]}},"_links":{"self":[{"href":"https:\/\/haberkuzey.com\/index.php\/wp-json\/wp\/v2\/posts\/35019","targetHints":{"allow":["GET"]}}],"collection":[{"href":"https:\/\/haberkuzey.com\/index.php\/wp-json\/wp\/v2\/posts"}],"about":[{"href":"https:\/\/haberkuzey.com\/index.php\/wp-json\/wp\/v2\/types\/post"}],"author":[{"embeddable":true,"href":"https:\/\/haberkuzey.com\/index.php\/wp-json\/wp\/v2\/users\/1"}],"replies":[{"embeddable":true,"href":"https:\/\/haberkuzey.com\/index.php\/wp-json\/wp\/v2\/comments?post=35019"}],"version-history":[{"count":0,"href":"https:\/\/haberkuzey.com\/index.php\/wp-json\/wp\/v2\/posts\/35019\/revisions"}],"wp:featuredmedia":[{"embeddable":true,"href":"https:\/\/haberkuzey.com\/index.php\/wp-json\/wp\/v2\/media\/35020"}],"wp:attachment":[{"href":"https:\/\/haberkuzey.com\/index.php\/wp-json\/wp\/v2\/media?parent=35019"}],"wp:term":[{"taxonomy":"category","embeddable":true,"href":"https:\/\/haberkuzey.com\/index.php\/wp-json\/wp\/v2\/categories?post=35019"},{"taxonomy":"post_tag","embeddable":true,"href":"https:\/\/haberkuzey.com\/index.php\/wp-json\/wp\/v2\/tags?post=35019"}],"curies":[{"name":"wp","href":"https:\/\/api.w.org\/{rel}","templated":true}]}}