{"id":35017,"date":"2026-03-07T09:09:44","date_gmt":"2026-03-07T07:09:44","guid":{"rendered":"https:\/\/haberkuzey.com\/index.php\/2026\/03\/07\/abdde-cogunluk-irana-yonelik-saldirilara-karsi-cikiyor\/"},"modified":"2026-03-07T09:09:44","modified_gmt":"2026-03-07T07:09:44","slug":"abdde-cogunluk-irana-yonelik-saldirilara-karsi-cikiyor","status":"publish","type":"post","link":"https:\/\/haberkuzey.com\/index.php\/2026\/03\/07\/abdde-cogunluk-irana-yonelik-saldirilara-karsi-cikiyor\/","title":{"rendered":"ABD\u2019de \u00e7o\u011funluk, \u0130ran\u2019a y\u00f6nelik sald\u0131r\u0131lara kar\u015f\u0131 \u00e7\u0131k\u0131yor"},"content":{"rendered":"<p class=\"selectionShareable\">PBS News, NPR ve Marist taraf\u0131ndan yap\u0131lan ankete g\u00f6re, ABD&#8217;lilerin y\u00fczde 56&#8217;s\u0131 \u0130ran&#8217;a y\u00f6nelik sald\u0131r\u0131lara kar\u015f\u0131 \u00e7\u0131karken, y\u00fczde 44&#8217;\u00fc bu ad\u0131m\u0131 destekliyor.<\/p>\n<p class=\"selectionShareable\">Anket sonu\u00e7lar\u0131 ayr\u0131ca, Trump&#8217;\u0131n ABD-\u0130srail ile \u0130ran aras\u0131ndaki gerilimi y\u00f6netme bi\u00e7iminin de kamuoyunda ele\u015ftirildi\u011fini ortaya koydu.<\/p>\n<p class=\"selectionShareable\">Kat\u0131l\u0131mc\u0131lar\u0131n y\u00fczde 54&#8217;\u00fc Trump&#8217;\u0131n krizi ele al\u0131\u015f bi\u00e7imini onaylamad\u0131\u011f\u0131n\u0131 belirtirken, y\u00fczde 36&#8217;s\u0131 Trump&#8217;\u0131n \u0130ran politikas\u0131n\u0131 destekledi\u011fini aktard\u0131.<\/p>\n<p class=\"selectionShareable\">Washington Post (WP) gazetesinin 2 Mart&#8217;taki anketi de ABD&#8217;lilerin y\u00fczde 47&#8217;sinin Washington&#8217;\u0131n \u0130ran&#8217;a sald\u0131r\u0131lar\u0131 durdurmas\u0131 gerekti\u011fini d\u00fc\u015f\u00fcnd\u00fc\u011f\u00fcn\u00fc ortaya koymu\u015ftu.<\/p>\n<h3>ABD-\u0130srail&#8217;in \u0130ran&#8217;a sald\u0131r\u0131lar\u0131<\/h3>\n<p class=\"selectionShareable\">\u0130srail ve ABD, Tahran ile Washington y\u00f6netimleri aras\u0131nda m\u00fczakereler s\u00fcrerken 28 \u015eubat&#8217;ta \u0130ran&#8217;a askeri sald\u0131r\u0131 ba\u015flatt\u0131.<\/p>\n<p class=\"selectionShareable\">\u0130ran da \u0130srail&#8217;in yan\u0131 s\u0131ra ABD \u00fcslerinin bulundu\u011fu Katar, Birle\u015fik Arap Emirlikleri (BAE) ve Bahreyn ba\u015fta olmak \u00fczere baz\u0131 b\u00f6lge \u00fclkelerinde belirledi\u011fi hedeflere sald\u0131r\u0131larla kar\u015f\u0131l\u0131k verdi.<\/p>\n<p class=\"selectionShareable\">ABD-\u0130srail sald\u0131r\u0131lar\u0131nda, \u0130ran lideri Ayetullah Ali Hamaney&#8217;in yan\u0131 s\u0131ra \u00e7ok say\u0131da \u00fcst d\u00fczey yetkili \u00f6ld\u00fc.<\/p>\n<p class=\"selectionShareable\">\u0130ran Sa\u011fl\u0131k Bakanl\u0131\u011f\u0131 S\u00f6zc\u00fcs\u00fc H\u00fcseyin Kermanpur, ABD-\u0130srail sald\u0131r\u0131lar\u0131nda 926 ki\u015finin hayat\u0131n\u0131 kaybetti\u011fini duyurdu.<\/p>\n<p>ABD&#8217;de \u00e7o\u011funluk, \u0130ran&#8217;a y\u00f6nelik sald\u0131r\u0131lara kar\u015f\u0131 \u00e7\u0131k\u0131yor yaz\u0131s\u0131 ilk \u00f6nce K\u0131br\u0131s Hakikat \u00fczerinde ortaya \u00e7\u0131kt\u0131.<\/p>\n","protected":false},"excerpt":{"rendered":"<p>PBS News, NPR ve Marist taraf\u0131ndan yap\u0131lan ankete g\u00f6re, ABD&#8217;lilerin y\u00fczde 56&#8217;s\u0131 \u0130ran&#8217;a y\u00f6nelik sald\u0131r\u0131lara kar\u015f\u0131 \u00e7\u0131karken, y\u00fczde 44&#8217;\u00fc bu ad\u0131m\u0131 destekliyor. Anket sonu\u00e7lar\u0131 ayr\u0131ca, Trump&#8217;\u0131n ABD-\u0130srail ile \u0130ran aras\u0131ndaki gerilimi y\u00f6netme bi\u00e7iminin de kamuoyunda ele\u015ftirildi\u011fini ortaya koydu. Kat\u0131l\u0131mc\u0131lar\u0131n y\u00fczde 54&#8217;\u00fc Trump&#8217;\u0131n krizi ele al\u0131\u015f bi\u00e7imini onaylamad\u0131\u011f\u0131n\u0131 belirtirken, y\u00fczde 36&#8217;s\u0131 Trump&#8217;\u0131n \u0130ran politikas\u0131n\u0131 destekledi\u011fini aktard\u0131. [&hellip;]<\/p>\n","protected":false},"author":1,"featured_media":35018,"comment_status":"open","ping_status":"open","sticky":false,"template":"","format":"standard","meta":{"jnews-multi-image_gallery":[],"jnews_single_post":[],"jnews_primary_category":[],"footnotes":""},"categories":[1],"tags":[],"class_list":["post-35017","post","type-post","status-publish","format-standard","has-post-thumbnail","hentry","category-kibris"],"yoast_head":"<!-- This site is optimized with the Yoast SEO plugin v27.5 - https:\/\/yoast.com\/product\/yoast-seo-wordpress\/ -->\n<title>ABD\u2019de \u00e7o\u011funluk, \u0130ran\u2019a y\u00f6nelik sald\u0131r\u0131lara kar\u015f\u0131 \u00e7\u0131k\u0131yor - Haber Kuzey<\/title>\n<meta name=\"robots\" content=\"index, follow, max-snippet:-1, max-image-preview:large, max-video-preview:-1\" \/>\n<link rel=\"canonical\" href=\"https:\/\/haberkuzey.com\/index.php\/2026\/03\/07\/abdde-cogunluk-irana-yonelik-saldirilara-karsi-cikiyor\/\" \/>\n<meta property=\"og:locale\" content=\"tr_TR\" \/>\n<meta property=\"og:type\" content=\"article\" \/>\n<meta property=\"og:title\" content=\"ABD\u2019de \u00e7o\u011funluk, \u0130ran\u2019a y\u00f6nelik sald\u0131r\u0131lara kar\u015f\u0131 \u00e7\u0131k\u0131yor - Haber Kuzey\" \/>\n<meta property=\"og:description\" content=\"PBS News, NPR ve Marist taraf\u0131ndan yap\u0131lan ankete g\u00f6re, ABD&#8217;lilerin y\u00fczde 56&#8217;s\u0131 \u0130ran&#8217;a y\u00f6nelik sald\u0131r\u0131lara kar\u015f\u0131 \u00e7\u0131karken, y\u00fczde 44&#8217;\u00fc bu ad\u0131m\u0131 destekliyor. Anket sonu\u00e7lar\u0131 ayr\u0131ca, Trump&#8217;\u0131n ABD-\u0130srail ile \u0130ran aras\u0131ndaki gerilimi y\u00f6netme bi\u00e7iminin de kamuoyunda ele\u015ftirildi\u011fini ortaya koydu. Kat\u0131l\u0131mc\u0131lar\u0131n y\u00fczde 54&#8217;\u00fc Trump&#8217;\u0131n krizi ele al\u0131\u015f bi\u00e7imini onaylamad\u0131\u011f\u0131n\u0131 belirtirken, y\u00fczde 36&#8217;s\u0131 Trump&#8217;\u0131n \u0130ran politikas\u0131n\u0131 destekledi\u011fini aktard\u0131. [&hellip;]\" \/>\n<meta property=\"og:url\" content=\"https:\/\/haberkuzey.com\/index.php\/2026\/03\/07\/abdde-cogunluk-irana-yonelik-saldirilara-karsi-cikiyor\/\" \/>\n<meta property=\"og:site_name\" content=\"Haber Kuzey\" \/>\n<meta property=\"article:published_time\" content=\"2026-03-07T07:09:44+00:00\" \/>\n<meta name=\"author\" content=\"haberkuzey\" \/>\n<meta name=\"twitter:card\" content=\"summary_large_image\" \/>\n<meta name=\"twitter:label1\" content=\"Yazan:\" \/>\n\t<meta name=\"twitter:data1\" content=\"haberkuzey\" \/>\n\t<meta name=\"twitter:label2\" content=\"Tahmini okuma s\u00fcresi\" \/>\n\t<meta name=\"twitter:data2\" content=\"1 dakika\" \/>\n<script type=\"application\/ld+json\" class=\"yoast-schema-graph\">{\"@context\":\"https:\\\/\\\/schema.org\",\"@graph\":[{\"@type\":\"Article\",\"@id\":\"https:\\\/\\\/haberkuzey.com\\\/index.php\\\/2026\\\/03\\\/07\\\/abdde-cogunluk-irana-yonelik-saldirilara-karsi-cikiyor\\\/#article\",\"isPartOf\":{\"@id\":\"https:\\\/\\\/haberkuzey.com\\\/index.php\\\/2026\\\/03\\\/07\\\/abdde-cogunluk-irana-yonelik-saldirilara-karsi-cikiyor\\\/\"},\"author\":{\"name\":\"haberkuzey\",\"@id\":\"https:\\\/\\\/haberkuzey.com\\\/#\\\/schema\\\/person\\\/3372109ec735f9333f4fa47ebb9605ca\"},\"headline\":\"ABD\u2019de \u00e7o\u011funluk, \u0130ran\u2019a y\u00f6nelik sald\u0131r\u0131lara kar\u015f\u0131 \u00e7\u0131k\u0131yor\",\"datePublished\":\"2026-03-07T07:09:44+00:00\",\"mainEntityOfPage\":{\"@id\":\"https:\\\/\\\/haberkuzey.com\\\/index.php\\\/2026\\\/03\\\/07\\\/abdde-cogunluk-irana-yonelik-saldirilara-karsi-cikiyor\\\/\"},\"wordCount\":268,\"commentCount\":0,\"image\":{\"@id\":\"https:\\\/\\\/haberkuzey.com\\\/index.php\\\/2026\\\/03\\\/07\\\/abdde-cogunluk-irana-yonelik-saldirilara-karsi-cikiyor\\\/#primaryimage\"},\"thumbnailUrl\":\"https:\\\/\\\/haberkuzey.com\\\/wp-content\\\/uploads\\\/2026\\\/03\\\/thumbs_b_c_b874af618983dda29b406354d644faca.jpg\",\"articleSection\":[\"K\u0131br\u0131s\"],\"inLanguage\":\"tr\",\"potentialAction\":[{\"@type\":\"CommentAction\",\"name\":\"Comment\",\"target\":[\"https:\\\/\\\/haberkuzey.com\\\/index.php\\\/2026\\\/03\\\/07\\\/abdde-cogunluk-irana-yonelik-saldirilara-karsi-cikiyor\\\/#respond\"]}]},{\"@type\":\"WebPage\",\"@id\":\"https:\\\/\\\/haberkuzey.com\\\/index.php\\\/2026\\\/03\\\/07\\\/abdde-cogunluk-irana-yonelik-saldirilara-karsi-cikiyor\\\/\",\"url\":\"https:\\\/\\\/haberkuzey.com\\\/index.php\\\/2026\\\/03\\\/07\\\/abdde-cogunluk-irana-yonelik-saldirilara-karsi-cikiyor\\\/\",\"name\":\"ABD\u2019de \u00e7o\u011funluk, \u0130ran\u2019a y\u00f6nelik sald\u0131r\u0131lara kar\u015f\u0131 \u00e7\u0131k\u0131yor - Haber Kuzey\",\"isPartOf\":{\"@id\":\"https:\\\/\\\/haberkuzey.com\\\/#website\"},\"primaryImageOfPage\":{\"@id\":\"https:\\\/\\\/haberkuzey.com\\\/index.php\\\/2026\\\/03\\\/07\\\/abdde-cogunluk-irana-yonelik-saldirilara-karsi-cikiyor\\\/#primaryimage\"},\"image\":{\"@id\":\"https:\\\/\\\/haberkuzey.com\\\/index.php\\\/2026\\\/03\\\/07\\\/abdde-cogunluk-irana-yonelik-saldirilara-karsi-cikiyor\\\/#primaryimage\"},\"thumbnailUrl\":\"https:\\\/\\\/haberkuzey.com\\\/wp-content\\\/uploads\\\/2026\\\/03\\\/thumbs_b_c_b874af618983dda29b406354d644faca.jpg\",\"datePublished\":\"2026-03-07T07:09:44+00:00\",\"author\":{\"@id\":\"https:\\\/\\\/haberkuzey.com\\\/#\\\/schema\\\/person\\\/3372109ec735f9333f4fa47ebb9605ca\"},\"breadcrumb\":{\"@id\":\"https:\\\/\\\/haberkuzey.com\\\/index.php\\\/2026\\\/03\\\/07\\\/abdde-cogunluk-irana-yonelik-saldirilara-karsi-cikiyor\\\/#breadcrumb\"},\"inLanguage\":\"tr\",\"potentialAction\":[{\"@type\":\"ReadAction\",\"target\":[\"https:\\\/\\\/haberkuzey.com\\\/index.php\\\/2026\\\/03\\\/07\\\/abdde-cogunluk-irana-yonelik-saldirilara-karsi-cikiyor\\\/\"]}]},{\"@type\":\"ImageObject\",\"inLanguage\":\"tr\",\"@id\":\"https:\\\/\\\/haberkuzey.com\\\/index.php\\\/2026\\\/03\\\/07\\\/abdde-cogunluk-irana-yonelik-saldirilara-karsi-cikiyor\\\/#primaryimage\",\"url\":\"https:\\\/\\\/haberkuzey.com\\\/wp-content\\\/uploads\\\/2026\\\/03\\\/thumbs_b_c_b874af618983dda29b406354d644faca.jpg\",\"contentUrl\":\"https:\\\/\\\/haberkuzey.com\\\/wp-content\\\/uploads\\\/2026\\\/03\\\/thumbs_b_c_b874af618983dda29b406354d644faca.jpg\",\"width\":864,\"height\":486},{\"@type\":\"BreadcrumbList\",\"@id\":\"https:\\\/\\\/haberkuzey.com\\\/index.php\\\/2026\\\/03\\\/07\\\/abdde-cogunluk-irana-yonelik-saldirilara-karsi-cikiyor\\\/#breadcrumb\",\"itemListElement\":[{\"@type\":\"ListItem\",\"position\":1,\"name\":\"Anasayfa\",\"item\":\"https:\\\/\\\/haberkuzey.com\\\/\"},{\"@type\":\"ListItem\",\"position\":2,\"name\":\"ABD\u2019de \u00e7o\u011funluk, \u0130ran\u2019a y\u00f6nelik sald\u0131r\u0131lara kar\u015f\u0131 \u00e7\u0131k\u0131yor\"}]},{\"@type\":\"WebSite\",\"@id\":\"https:\\\/\\\/haberkuzey.com\\\/#website\",\"url\":\"https:\\\/\\\/haberkuzey.com\\\/\",\"name\":\"Haber Kuzey\",\"description\":\"Do\u011fru Haberin Adresi\",\"potentialAction\":[{\"@type\":\"SearchAction\",\"target\":{\"@type\":\"EntryPoint\",\"urlTemplate\":\"https:\\\/\\\/haberkuzey.com\\\/?s={search_term_string}\"},\"query-input\":{\"@type\":\"PropertyValueSpecification\",\"valueRequired\":true,\"valueName\":\"search_term_string\"}}],\"inLanguage\":\"tr\"},{\"@type\":\"Person\",\"@id\":\"https:\\\/\\\/haberkuzey.com\\\/#\\\/schema\\\/person\\\/3372109ec735f9333f4fa47ebb9605ca\",\"name\":\"haberkuzey\",\"image\":{\"@type\":\"ImageObject\",\"inLanguage\":\"tr\",\"@id\":\"https:\\\/\\\/secure.gravatar.com\\\/avatar\\\/f5fc875574b1575324358c3b9e6a32b8227aa5b74f3fa22e3cadb63e26fcc39c?s=96&d=mm&r=g\",\"url\":\"https:\\\/\\\/secure.gravatar.com\\\/avatar\\\/f5fc875574b1575324358c3b9e6a32b8227aa5b74f3fa22e3cadb63e26fcc39c?s=96&d=mm&r=g\",\"contentUrl\":\"https:\\\/\\\/secure.gravatar.com\\\/avatar\\\/f5fc875574b1575324358c3b9e6a32b8227aa5b74f3fa22e3cadb63e26fcc39c?s=96&d=mm&r=g\",\"caption\":\"haberkuzey\"},\"sameAs\":[\"https:\\\/\\\/haberkuzey.com\"],\"url\":\"https:\\\/\\\/haberkuzey.com\\\/index.php\\\/author\\\/haberkuzey\\\/\"}]}<\/script>\n<!-- \/ Yoast SEO plugin. -->","yoast_head_json":{"title":"ABD\u2019de \u00e7o\u011funluk, \u0130ran\u2019a y\u00f6nelik sald\u0131r\u0131lara kar\u015f\u0131 \u00e7\u0131k\u0131yor - Haber Kuzey","robots":{"index":"index","follow":"follow","max-snippet":"max-snippet:-1","max-image-preview":"max-image-preview:large","max-video-preview":"max-video-preview:-1"},"canonical":"https:\/\/haberkuzey.com\/index.php\/2026\/03\/07\/abdde-cogunluk-irana-yonelik-saldirilara-karsi-cikiyor\/","og_locale":"tr_TR","og_type":"article","og_title":"ABD\u2019de \u00e7o\u011funluk, \u0130ran\u2019a y\u00f6nelik sald\u0131r\u0131lara kar\u015f\u0131 \u00e7\u0131k\u0131yor - Haber Kuzey","og_description":"PBS News, NPR ve Marist taraf\u0131ndan yap\u0131lan ankete g\u00f6re, ABD&#8217;lilerin y\u00fczde 56&#8217;s\u0131 \u0130ran&#8217;a y\u00f6nelik sald\u0131r\u0131lara kar\u015f\u0131 \u00e7\u0131karken, y\u00fczde 44&#8217;\u00fc bu ad\u0131m\u0131 destekliyor. Anket sonu\u00e7lar\u0131 ayr\u0131ca, Trump&#8217;\u0131n ABD-\u0130srail ile \u0130ran aras\u0131ndaki gerilimi y\u00f6netme bi\u00e7iminin de kamuoyunda ele\u015ftirildi\u011fini ortaya koydu. Kat\u0131l\u0131mc\u0131lar\u0131n y\u00fczde 54&#8217;\u00fc Trump&#8217;\u0131n krizi ele al\u0131\u015f bi\u00e7imini onaylamad\u0131\u011f\u0131n\u0131 belirtirken, y\u00fczde 36&#8217;s\u0131 Trump&#8217;\u0131n \u0130ran politikas\u0131n\u0131 destekledi\u011fini aktard\u0131. [&hellip;]","og_url":"https:\/\/haberkuzey.com\/index.php\/2026\/03\/07\/abdde-cogunluk-irana-yonelik-saldirilara-karsi-cikiyor\/","og_site_name":"Haber Kuzey","article_published_time":"2026-03-07T07:09:44+00:00","author":"haberkuzey","twitter_card":"summary_large_image","twitter_misc":{"Yazan:":"haberkuzey","Tahmini okuma s\u00fcresi":"1 dakika"},"schema":{"@context":"https:\/\/schema.org","@graph":[{"@type":"Article","@id":"https:\/\/haberkuzey.com\/index.php\/2026\/03\/07\/abdde-cogunluk-irana-yonelik-saldirilara-karsi-cikiyor\/#article","isPartOf":{"@id":"https:\/\/haberkuzey.com\/index.php\/2026\/03\/07\/abdde-cogunluk-irana-yonelik-saldirilara-karsi-cikiyor\/"},"author":{"name":"haberkuzey","@id":"https:\/\/haberkuzey.com\/#\/schema\/person\/3372109ec735f9333f4fa47ebb9605ca"},"headline":"ABD\u2019de \u00e7o\u011funluk, \u0130ran\u2019a y\u00f6nelik sald\u0131r\u0131lara kar\u015f\u0131 \u00e7\u0131k\u0131yor","datePublished":"2026-03-07T07:09:44+00:00","mainEntityOfPage":{"@id":"https:\/\/haberkuzey.com\/index.php\/2026\/03\/07\/abdde-cogunluk-irana-yonelik-saldirilara-karsi-cikiyor\/"},"wordCount":268,"commentCount":0,"image":{"@id":"https:\/\/haberkuzey.com\/index.php\/2026\/03\/07\/abdde-cogunluk-irana-yonelik-saldirilara-karsi-cikiyor\/#primaryimage"},"thumbnailUrl":"https:\/\/haberkuzey.com\/wp-content\/uploads\/2026\/03\/thumbs_b_c_b874af618983dda29b406354d644faca.jpg","articleSection":["K\u0131br\u0131s"],"inLanguage":"tr","potentialAction":[{"@type":"CommentAction","name":"Comment","target":["https:\/\/haberkuzey.com\/index.php\/2026\/03\/07\/abdde-cogunluk-irana-yonelik-saldirilara-karsi-cikiyor\/#respond"]}]},{"@type":"WebPage","@id":"https:\/\/haberkuzey.com\/index.php\/2026\/03\/07\/abdde-cogunluk-irana-yonelik-saldirilara-karsi-cikiyor\/","url":"https:\/\/haberkuzey.com\/index.php\/2026\/03\/07\/abdde-cogunluk-irana-yonelik-saldirilara-karsi-cikiyor\/","name":"ABD\u2019de \u00e7o\u011funluk, \u0130ran\u2019a y\u00f6nelik sald\u0131r\u0131lara kar\u015f\u0131 \u00e7\u0131k\u0131yor - Haber Kuzey","isPartOf":{"@id":"https:\/\/haberkuzey.com\/#website"},"primaryImageOfPage":{"@id":"https:\/\/haberkuzey.com\/index.php\/2026\/03\/07\/abdde-cogunluk-irana-yonelik-saldirilara-karsi-cikiyor\/#primaryimage"},"image":{"@id":"https:\/\/haberkuzey.com\/index.php\/2026\/03\/07\/abdde-cogunluk-irana-yonelik-saldirilara-karsi-cikiyor\/#primaryimage"},"thumbnailUrl":"https:\/\/haberkuzey.com\/wp-content\/uploads\/2026\/03\/thumbs_b_c_b874af618983dda29b406354d644faca.jpg","datePublished":"2026-03-07T07:09:44+00:00","author":{"@id":"https:\/\/haberkuzey.com\/#\/schema\/person\/3372109ec735f9333f4fa47ebb9605ca"},"breadcrumb":{"@id":"https:\/\/haberkuzey.com\/index.php\/2026\/03\/07\/abdde-cogunluk-irana-yonelik-saldirilara-karsi-cikiyor\/#breadcrumb"},"inLanguage":"tr","potentialAction":[{"@type":"ReadAction","target":["https:\/\/haberkuzey.com\/index.php\/2026\/03\/07\/abdde-cogunluk-irana-yonelik-saldirilara-karsi-cikiyor\/"]}]},{"@type":"ImageObject","inLanguage":"tr","@id":"https:\/\/haberkuzey.com\/index.php\/2026\/03\/07\/abdde-cogunluk-irana-yonelik-saldirilara-karsi-cikiyor\/#primaryimage","url":"https:\/\/haberkuzey.com\/wp-content\/uploads\/2026\/03\/thumbs_b_c_b874af618983dda29b406354d644faca.jpg","contentUrl":"https:\/\/haberkuzey.com\/wp-content\/uploads\/2026\/03\/thumbs_b_c_b874af618983dda29b406354d644faca.jpg","width":864,"height":486},{"@type":"BreadcrumbList","@id":"https:\/\/haberkuzey.com\/index.php\/2026\/03\/07\/abdde-cogunluk-irana-yonelik-saldirilara-karsi-cikiyor\/#breadcrumb","itemListElement":[{"@type":"ListItem","position":1,"name":"Anasayfa","item":"https:\/\/haberkuzey.com\/"},{"@type":"ListItem","position":2,"name":"ABD\u2019de \u00e7o\u011funluk, \u0130ran\u2019a y\u00f6nelik sald\u0131r\u0131lara kar\u015f\u0131 \u00e7\u0131k\u0131yor"}]},{"@type":"WebSite","@id":"https:\/\/haberkuzey.com\/#website","url":"https:\/\/haberkuzey.com\/","name":"Haber Kuzey","description":"Do\u011fru Haberin Adresi","potentialAction":[{"@type":"SearchAction","target":{"@type":"EntryPoint","urlTemplate":"https:\/\/haberkuzey.com\/?s={search_term_string}"},"query-input":{"@type":"PropertyValueSpecification","valueRequired":true,"valueName":"search_term_string"}}],"inLanguage":"tr"},{"@type":"Person","@id":"https:\/\/haberkuzey.com\/#\/schema\/person\/3372109ec735f9333f4fa47ebb9605ca","name":"haberkuzey","image":{"@type":"ImageObject","inLanguage":"tr","@id":"https:\/\/secure.gravatar.com\/avatar\/f5fc875574b1575324358c3b9e6a32b8227aa5b74f3fa22e3cadb63e26fcc39c?s=96&d=mm&r=g","url":"https:\/\/secure.gravatar.com\/avatar\/f5fc875574b1575324358c3b9e6a32b8227aa5b74f3fa22e3cadb63e26fcc39c?s=96&d=mm&r=g","contentUrl":"https:\/\/secure.gravatar.com\/avatar\/f5fc875574b1575324358c3b9e6a32b8227aa5b74f3fa22e3cadb63e26fcc39c?s=96&d=mm&r=g","caption":"haberkuzey"},"sameAs":["https:\/\/haberkuzey.com"],"url":"https:\/\/haberkuzey.com\/index.php\/author\/haberkuzey\/"}]}},"_links":{"self":[{"href":"https:\/\/haberkuzey.com\/index.php\/wp-json\/wp\/v2\/posts\/35017","targetHints":{"allow":["GET"]}}],"collection":[{"href":"https:\/\/haberkuzey.com\/index.php\/wp-json\/wp\/v2\/posts"}],"about":[{"href":"https:\/\/haberkuzey.com\/index.php\/wp-json\/wp\/v2\/types\/post"}],"author":[{"embeddable":true,"href":"https:\/\/haberkuzey.com\/index.php\/wp-json\/wp\/v2\/users\/1"}],"replies":[{"embeddable":true,"href":"https:\/\/haberkuzey.com\/index.php\/wp-json\/wp\/v2\/comments?post=35017"}],"version-history":[{"count":0,"href":"https:\/\/haberkuzey.com\/index.php\/wp-json\/wp\/v2\/posts\/35017\/revisions"}],"wp:featuredmedia":[{"embeddable":true,"href":"https:\/\/haberkuzey.com\/index.php\/wp-json\/wp\/v2\/media\/35018"}],"wp:attachment":[{"href":"https:\/\/haberkuzey.com\/index.php\/wp-json\/wp\/v2\/media?parent=35017"}],"wp:term":[{"taxonomy":"category","embeddable":true,"href":"https:\/\/haberkuzey.com\/index.php\/wp-json\/wp\/v2\/categories?post=35017"},{"taxonomy":"post_tag","embeddable":true,"href":"https:\/\/haberkuzey.com\/index.php\/wp-json\/wp\/v2\/tags?post=35017"}],"curies":[{"name":"wp","href":"https:\/\/api.w.org\/{rel}","templated":true}]}}