{"id":35013,"date":"2026-03-06T13:13:26","date_gmt":"2026-03-06T11:13:26","guid":{"rendered":"https:\/\/haberkuzey.com\/index.php\/2026\/03\/06\/uluslararasi-hukuk-etrafinda-kenetlenmeliyiz\/"},"modified":"2026-03-06T13:13:26","modified_gmt":"2026-03-06T11:13:26","slug":"uluslararasi-hukuk-etrafinda-kenetlenmeliyiz","status":"publish","type":"post","link":"https:\/\/haberkuzey.com\/index.php\/2026\/03\/06\/uluslararasi-hukuk-etrafinda-kenetlenmeliyiz\/","title":{"rendered":"Uluslararas\u0131 hukuk etraf\u0131nda kenetlenmeliyiz"},"content":{"rendered":"<p>CTP\u2019den S\u00e1nchez\u2019e dayan\u0131\u015fma mektubu: \u0130lerici hareket uluslararas\u0131 hukuk etraf\u0131nda kenetlenmeli<\/p>\n<p>Cumhuriyet\u00e7i T\u00fcrk Partisi (CTP) Genel Ba\u015fkan\u0131 S\u0131la Usar \u0130ncirli, \u0130spanya Ba\u015fbakan\u0131 ve Sosyalist Enternasyonal Ba\u015fkan\u0131 Pedro S\u00e1nchez\u2019e dayan\u0131\u015fma mektubu g\u00f6nderdi. Mektupta, Amerika Birle\u015fik Devletleri ve \u0130srail taraf\u0131ndan \u0130ran\u2019a y\u00f6nelik ger\u00e7ekle\u015ftirilen son askeri sald\u0131r\u0131lar\u0131n tetikledi\u011fi geli\u015fmelerin derin bir endi\u015fe ile takip edildi\u011fi ifade edildi.<\/p>\n<p>\u201cULUSLARARASI HUKUKU \u0130HLAL EDEN ASKER\u0130 EYLEMLER\u0130 KINIYORUZ\u201d<\/p>\n<p>\u0130ncirli, Cumhuriyet\u00e7i T\u00fcrk Partisi ad\u0131na g\u00f6nderdi\u011fi mektupta uluslararas\u0131 hukuku hi\u00e7e sayan, \u0130ran\u2019\u0131n egemenli\u011fini ihlal eden ve b\u00f6lgeyi daha da k\u0131r\u0131lgan bir ortama s\u00fcr\u00fckleyen askeri eylemleri g\u00fc\u00e7l\u00fc \u015fekilde k\u0131nad\u0131klar\u0131n\u0131 belirtti. CTP\u2019nin Orta Do\u011fu\u2019dan Do\u011fu Akdeniz\u2019e uzanan co\u011frafyan\u0131n art\u0131k yeni sava\u015flara veya askeri m\u00fcdahalelere tahamm\u00fcl edemeyece\u011fine inand\u0131\u011f\u0131n\u0131 vurgulayan \u0130ncirli, uluslararas\u0131 hukuku ihlal eden, sivillerin hayat\u0131n\u0131 tehdit eden ve g\u00fc\u00e7 kullan\u0131m\u0131 yoluyla siyasi \u00fcst\u00fcnl\u00fck kurmay\u0131 hedefleyen her t\u00fcrl\u00fc eyleme kar\u015f\u0131 olduklar\u0131n\u0131 ifade etti.<\/p>\n<p>\u201cHALKLARIN \u0130RADES\u0130 BEL\u0130RLEY\u0130C\u0130 OLMALI\u201d<\/p>\n<p>Mektupta, \u0130ran\u2019daki otoriter y\u00f6netimin antidemokratik niteli\u011fine dikkat \u00e7eken \u0130ncirli, buna ra\u011fmen bir \u00fclkenin gelece\u011finin d\u0131\u015f m\u00fcdahalelerle de\u011fil, halk\u0131n\u0131n iradesiyle belirlenmesi gerekti\u011fini vurgulad\u0131. \u0130ncirli, \u0130ran\u2019\u0131n ve b\u00f6lgenin gelece\u011finin yaln\u0131zca halklar\u0131n demokratik iradesiyle \u015fekillenmesi gerekti\u011fini belirterek askeri m\u00fcdahalelerin b\u00f6lgede daha fazla istikrars\u0131zl\u0131k ve insani ac\u0131 do\u011furaca\u011f\u0131n\u0131 kaydetti.<\/p>\n<p>\u201cKIBRIS\u2019IN G\u00dcVENL\u0130\u011e\u0130 B\u00d6LGESEL BARI\u015e \u0130\u00c7\u0130N HAYAT\u0130\u201d<\/p>\n<p>Do\u011fu Akdeniz\u2019in merkezinde yer alan K\u0131br\u0131s\u2019\u0131n g\u00fcvenli\u011fi ve istikrar\u0131n\u0131n b\u00f6lgesel bar\u0131\u015f a\u00e7\u0131s\u0131ndan hayati \u00f6nem ta\u015f\u0131d\u0131\u011f\u0131n\u0131 vurgulayan CTP Genel Ba\u015fkan\u0131 \u0130ncirli, t\u00fcm taraflar\u0131 itidalli davranmaya ve askeri eylemleri durdurarak diplomasiye geri d\u00f6nmeye \u00e7a\u011f\u0131rd\u0131. S\u0131la Usar, b\u00f6lgede ya\u015fanacak yeni \u00e7at\u0131\u015fma dalgalar\u0131n\u0131n yaln\u0131zca siyasi dengeleri de\u011fil, milyonlarca insan\u0131n g\u00fcvenli\u011fini ve refah\u0131n\u0131 da do\u011frudan etkileyece\u011fini de belirtti.<\/p>\n<p>\u201c\u0130LER\u0130C\u0130 HAREKET ULUSLARARASI HUKUK ETRAFINDA KENETLENMEL\u0130\u201d<\/p>\n<p>Mektubunda \u0130spanya Ba\u015fbakan\u0131 Pedro S\u00e1nchez\u2019in uluslararas\u0131 alanda sergiledi\u011fi ilkesel tutuma de\u011finen \u0130ncirli, d\u0131\u015f bask\u0131lara ra\u011fmen ortaya konulan kararl\u0131 duru\u015fun uluslararas\u0131 ilerici hareket a\u00e7\u0131s\u0131ndan \u00f6nemli bir liderlik \u00f6rne\u011fi oldu\u011funu ifade etti. \u0130ncirli, b\u00f6yle bir d\u00f6nemde bar\u0131\u015f, \u00e7ok tarafl\u0131l\u0131k ve uluslararas\u0131 hukuka sayg\u0131 ilkeleri etraf\u0131nda ilerici g\u00fc\u00e7lerin daha g\u00fc\u00e7l\u00fc bir dayan\u0131\u015fma g\u00f6stermesi gerekti\u011fini belirtti.<\/p>\n<p>\u0130ncirli, mektubunu ilerici de\u011ferlerin savunulmas\u0131 ve bar\u0131\u015f\u00e7\u0131l \u00e7\u00f6z\u00fcm yollar\u0131n\u0131n desteklenmesi konusunda dayan\u0131\u015fma mesaj\u0131 vererek tamamlad\u0131 ve Pedro S\u00e1nchez\u2019e \u00e7al\u0131\u015fmalar\u0131nda ba\u015far\u0131lar diledi.<\/p>\n<p>Uluslararas\u0131 hukuk etraf\u0131nda kenetlenmeliyiz yaz\u0131s\u0131 ilk \u00f6nce K\u0131br\u0131s Hakikat \u00fczerinde ortaya \u00e7\u0131kt\u0131.<\/p>\n","protected":false},"excerpt":{"rendered":"<p>CTP\u2019den S\u00e1nchez\u2019e dayan\u0131\u015fma mektubu: \u0130lerici hareket uluslararas\u0131 hukuk etraf\u0131nda kenetlenmeli Cumhuriyet\u00e7i T\u00fcrk Partisi (CTP) Genel Ba\u015fkan\u0131 S\u0131la Usar \u0130ncirli, \u0130spanya Ba\u015fbakan\u0131 ve Sosyalist Enternasyonal Ba\u015fkan\u0131 Pedro S\u00e1nchez\u2019e dayan\u0131\u015fma mektubu g\u00f6nderdi. Mektupta, Amerika Birle\u015fik Devletleri ve \u0130srail taraf\u0131ndan \u0130ran\u2019a y\u00f6nelik ger\u00e7ekle\u015ftirilen son askeri sald\u0131r\u0131lar\u0131n tetikledi\u011fi geli\u015fmelerin derin bir endi\u015fe ile takip edildi\u011fi ifade edildi. \u201cULUSLARARASI HUKUKU [&hellip;]<\/p>\n","protected":false},"author":1,"featured_media":35014,"comment_status":"open","ping_status":"open","sticky":false,"template":"","format":"standard","meta":{"jnews-multi-image_gallery":[],"jnews_single_post":[],"jnews_primary_category":[],"footnotes":""},"categories":[1],"tags":[],"class_list":["post-35013","post","type-post","status-publish","format-standard","has-post-thumbnail","hentry","category-kibris"],"yoast_head":"<!-- This site is optimized with the Yoast SEO plugin v27.5 - https:\/\/yoast.com\/product\/yoast-seo-wordpress\/ -->\n<title>Uluslararas\u0131 hukuk etraf\u0131nda kenetlenmeliyiz - Haber Kuzey<\/title>\n<meta name=\"robots\" content=\"index, follow, max-snippet:-1, max-image-preview:large, max-video-preview:-1\" \/>\n<link rel=\"canonical\" href=\"https:\/\/haberkuzey.com\/index.php\/2026\/03\/06\/uluslararasi-hukuk-etrafinda-kenetlenmeliyiz\/\" \/>\n<meta property=\"og:locale\" content=\"tr_TR\" \/>\n<meta property=\"og:type\" content=\"article\" \/>\n<meta property=\"og:title\" content=\"Uluslararas\u0131 hukuk etraf\u0131nda kenetlenmeliyiz - Haber Kuzey\" \/>\n<meta property=\"og:description\" content=\"CTP\u2019den S\u00e1nchez\u2019e dayan\u0131\u015fma mektubu: \u0130lerici hareket uluslararas\u0131 hukuk etraf\u0131nda kenetlenmeli Cumhuriyet\u00e7i T\u00fcrk Partisi (CTP) Genel Ba\u015fkan\u0131 S\u0131la Usar \u0130ncirli, \u0130spanya Ba\u015fbakan\u0131 ve Sosyalist Enternasyonal Ba\u015fkan\u0131 Pedro S\u00e1nchez\u2019e dayan\u0131\u015fma mektubu g\u00f6nderdi. Mektupta, Amerika Birle\u015fik Devletleri ve \u0130srail taraf\u0131ndan \u0130ran\u2019a y\u00f6nelik ger\u00e7ekle\u015ftirilen son askeri sald\u0131r\u0131lar\u0131n tetikledi\u011fi geli\u015fmelerin derin bir endi\u015fe ile takip edildi\u011fi ifade edildi. \u201cULUSLARARASI HUKUKU [&hellip;]\" \/>\n<meta property=\"og:url\" content=\"https:\/\/haberkuzey.com\/index.php\/2026\/03\/06\/uluslararasi-hukuk-etrafinda-kenetlenmeliyiz\/\" \/>\n<meta property=\"og:site_name\" content=\"Haber Kuzey\" \/>\n<meta property=\"article:published_time\" content=\"2026-03-06T11:13:26+00:00\" \/>\n<meta name=\"author\" content=\"haberkuzey\" \/>\n<meta name=\"twitter:card\" content=\"summary_large_image\" \/>\n<meta name=\"twitter:label1\" content=\"Yazan:\" \/>\n\t<meta name=\"twitter:data1\" content=\"haberkuzey\" \/>\n\t<meta name=\"twitter:label2\" content=\"Tahmini okuma s\u00fcresi\" \/>\n\t<meta name=\"twitter:data2\" content=\"2 dakika\" \/>\n<script type=\"application\/ld+json\" class=\"yoast-schema-graph\">{\"@context\":\"https:\\\/\\\/schema.org\",\"@graph\":[{\"@type\":\"Article\",\"@id\":\"https:\\\/\\\/haberkuzey.com\\\/index.php\\\/2026\\\/03\\\/06\\\/uluslararasi-hukuk-etrafinda-kenetlenmeliyiz\\\/#article\",\"isPartOf\":{\"@id\":\"https:\\\/\\\/haberkuzey.com\\\/index.php\\\/2026\\\/03\\\/06\\\/uluslararasi-hukuk-etrafinda-kenetlenmeliyiz\\\/\"},\"author\":{\"name\":\"haberkuzey\",\"@id\":\"https:\\\/\\\/haberkuzey.com\\\/#\\\/schema\\\/person\\\/3372109ec735f9333f4fa47ebb9605ca\"},\"headline\":\"Uluslararas\u0131 hukuk etraf\u0131nda kenetlenmeliyiz\",\"datePublished\":\"2026-03-06T11:13:26+00:00\",\"mainEntityOfPage\":{\"@id\":\"https:\\\/\\\/haberkuzey.com\\\/index.php\\\/2026\\\/03\\\/06\\\/uluslararasi-hukuk-etrafinda-kenetlenmeliyiz\\\/\"},\"wordCount\":496,\"commentCount\":0,\"image\":{\"@id\":\"https:\\\/\\\/haberkuzey.com\\\/index.php\\\/2026\\\/03\\\/06\\\/uluslararasi-hukuk-etrafinda-kenetlenmeliyiz\\\/#primaryimage\"},\"thumbnailUrl\":\"https:\\\/\\\/haberkuzey.com\\\/wp-content\\\/uploads\\\/2026\\\/03\\\/Basit-Metin-ve-Fotograf-Yeni-Sarki-Videosu-Youtube-Kucuk-Resmi-6.png\",\"articleSection\":[\"K\u0131br\u0131s\"],\"inLanguage\":\"tr\",\"potentialAction\":[{\"@type\":\"CommentAction\",\"name\":\"Comment\",\"target\":[\"https:\\\/\\\/haberkuzey.com\\\/index.php\\\/2026\\\/03\\\/06\\\/uluslararasi-hukuk-etrafinda-kenetlenmeliyiz\\\/#respond\"]}]},{\"@type\":\"WebPage\",\"@id\":\"https:\\\/\\\/haberkuzey.com\\\/index.php\\\/2026\\\/03\\\/06\\\/uluslararasi-hukuk-etrafinda-kenetlenmeliyiz\\\/\",\"url\":\"https:\\\/\\\/haberkuzey.com\\\/index.php\\\/2026\\\/03\\\/06\\\/uluslararasi-hukuk-etrafinda-kenetlenmeliyiz\\\/\",\"name\":\"Uluslararas\u0131 hukuk etraf\u0131nda kenetlenmeliyiz - Haber Kuzey\",\"isPartOf\":{\"@id\":\"https:\\\/\\\/haberkuzey.com\\\/#website\"},\"primaryImageOfPage\":{\"@id\":\"https:\\\/\\\/haberkuzey.com\\\/index.php\\\/2026\\\/03\\\/06\\\/uluslararasi-hukuk-etrafinda-kenetlenmeliyiz\\\/#primaryimage\"},\"image\":{\"@id\":\"https:\\\/\\\/haberkuzey.com\\\/index.php\\\/2026\\\/03\\\/06\\\/uluslararasi-hukuk-etrafinda-kenetlenmeliyiz\\\/#primaryimage\"},\"thumbnailUrl\":\"https:\\\/\\\/haberkuzey.com\\\/wp-content\\\/uploads\\\/2026\\\/03\\\/Basit-Metin-ve-Fotograf-Yeni-Sarki-Videosu-Youtube-Kucuk-Resmi-6.png\",\"datePublished\":\"2026-03-06T11:13:26+00:00\",\"author\":{\"@id\":\"https:\\\/\\\/haberkuzey.com\\\/#\\\/schema\\\/person\\\/3372109ec735f9333f4fa47ebb9605ca\"},\"breadcrumb\":{\"@id\":\"https:\\\/\\\/haberkuzey.com\\\/index.php\\\/2026\\\/03\\\/06\\\/uluslararasi-hukuk-etrafinda-kenetlenmeliyiz\\\/#breadcrumb\"},\"inLanguage\":\"tr\",\"potentialAction\":[{\"@type\":\"ReadAction\",\"target\":[\"https:\\\/\\\/haberkuzey.com\\\/index.php\\\/2026\\\/03\\\/06\\\/uluslararasi-hukuk-etrafinda-kenetlenmeliyiz\\\/\"]}]},{\"@type\":\"ImageObject\",\"inLanguage\":\"tr\",\"@id\":\"https:\\\/\\\/haberkuzey.com\\\/index.php\\\/2026\\\/03\\\/06\\\/uluslararasi-hukuk-etrafinda-kenetlenmeliyiz\\\/#primaryimage\",\"url\":\"https:\\\/\\\/haberkuzey.com\\\/wp-content\\\/uploads\\\/2026\\\/03\\\/Basit-Metin-ve-Fotograf-Yeni-Sarki-Videosu-Youtube-Kucuk-Resmi-6.png\",\"contentUrl\":\"https:\\\/\\\/haberkuzey.com\\\/wp-content\\\/uploads\\\/2026\\\/03\\\/Basit-Metin-ve-Fotograf-Yeni-Sarki-Videosu-Youtube-Kucuk-Resmi-6.png\",\"width\":1280,\"height\":720},{\"@type\":\"BreadcrumbList\",\"@id\":\"https:\\\/\\\/haberkuzey.com\\\/index.php\\\/2026\\\/03\\\/06\\\/uluslararasi-hukuk-etrafinda-kenetlenmeliyiz\\\/#breadcrumb\",\"itemListElement\":[{\"@type\":\"ListItem\",\"position\":1,\"name\":\"Anasayfa\",\"item\":\"https:\\\/\\\/haberkuzey.com\\\/\"},{\"@type\":\"ListItem\",\"position\":2,\"name\":\"Uluslararas\u0131 hukuk etraf\u0131nda kenetlenmeliyiz\"}]},{\"@type\":\"WebSite\",\"@id\":\"https:\\\/\\\/haberkuzey.com\\\/#website\",\"url\":\"https:\\\/\\\/haberkuzey.com\\\/\",\"name\":\"Haber Kuzey\",\"description\":\"Do\u011fru Haberin Adresi\",\"potentialAction\":[{\"@type\":\"SearchAction\",\"target\":{\"@type\":\"EntryPoint\",\"urlTemplate\":\"https:\\\/\\\/haberkuzey.com\\\/?s={search_term_string}\"},\"query-input\":{\"@type\":\"PropertyValueSpecification\",\"valueRequired\":true,\"valueName\":\"search_term_string\"}}],\"inLanguage\":\"tr\"},{\"@type\":\"Person\",\"@id\":\"https:\\\/\\\/haberkuzey.com\\\/#\\\/schema\\\/person\\\/3372109ec735f9333f4fa47ebb9605ca\",\"name\":\"haberkuzey\",\"image\":{\"@type\":\"ImageObject\",\"inLanguage\":\"tr\",\"@id\":\"https:\\\/\\\/secure.gravatar.com\\\/avatar\\\/f5fc875574b1575324358c3b9e6a32b8227aa5b74f3fa22e3cadb63e26fcc39c?s=96&d=mm&r=g\",\"url\":\"https:\\\/\\\/secure.gravatar.com\\\/avatar\\\/f5fc875574b1575324358c3b9e6a32b8227aa5b74f3fa22e3cadb63e26fcc39c?s=96&d=mm&r=g\",\"contentUrl\":\"https:\\\/\\\/secure.gravatar.com\\\/avatar\\\/f5fc875574b1575324358c3b9e6a32b8227aa5b74f3fa22e3cadb63e26fcc39c?s=96&d=mm&r=g\",\"caption\":\"haberkuzey\"},\"sameAs\":[\"https:\\\/\\\/haberkuzey.com\"],\"url\":\"https:\\\/\\\/haberkuzey.com\\\/index.php\\\/author\\\/haberkuzey\\\/\"}]}<\/script>\n<!-- \/ Yoast SEO plugin. -->","yoast_head_json":{"title":"Uluslararas\u0131 hukuk etraf\u0131nda kenetlenmeliyiz - Haber Kuzey","robots":{"index":"index","follow":"follow","max-snippet":"max-snippet:-1","max-image-preview":"max-image-preview:large","max-video-preview":"max-video-preview:-1"},"canonical":"https:\/\/haberkuzey.com\/index.php\/2026\/03\/06\/uluslararasi-hukuk-etrafinda-kenetlenmeliyiz\/","og_locale":"tr_TR","og_type":"article","og_title":"Uluslararas\u0131 hukuk etraf\u0131nda kenetlenmeliyiz - Haber Kuzey","og_description":"CTP\u2019den S\u00e1nchez\u2019e dayan\u0131\u015fma mektubu: \u0130lerici hareket uluslararas\u0131 hukuk etraf\u0131nda kenetlenmeli Cumhuriyet\u00e7i T\u00fcrk Partisi (CTP) Genel Ba\u015fkan\u0131 S\u0131la Usar \u0130ncirli, \u0130spanya Ba\u015fbakan\u0131 ve Sosyalist Enternasyonal Ba\u015fkan\u0131 Pedro S\u00e1nchez\u2019e dayan\u0131\u015fma mektubu g\u00f6nderdi. Mektupta, Amerika Birle\u015fik Devletleri ve \u0130srail taraf\u0131ndan \u0130ran\u2019a y\u00f6nelik ger\u00e7ekle\u015ftirilen son askeri sald\u0131r\u0131lar\u0131n tetikledi\u011fi geli\u015fmelerin derin bir endi\u015fe ile takip edildi\u011fi ifade edildi. \u201cULUSLARARASI HUKUKU [&hellip;]","og_url":"https:\/\/haberkuzey.com\/index.php\/2026\/03\/06\/uluslararasi-hukuk-etrafinda-kenetlenmeliyiz\/","og_site_name":"Haber Kuzey","article_published_time":"2026-03-06T11:13:26+00:00","author":"haberkuzey","twitter_card":"summary_large_image","twitter_misc":{"Yazan:":"haberkuzey","Tahmini okuma s\u00fcresi":"2 dakika"},"schema":{"@context":"https:\/\/schema.org","@graph":[{"@type":"Article","@id":"https:\/\/haberkuzey.com\/index.php\/2026\/03\/06\/uluslararasi-hukuk-etrafinda-kenetlenmeliyiz\/#article","isPartOf":{"@id":"https:\/\/haberkuzey.com\/index.php\/2026\/03\/06\/uluslararasi-hukuk-etrafinda-kenetlenmeliyiz\/"},"author":{"name":"haberkuzey","@id":"https:\/\/haberkuzey.com\/#\/schema\/person\/3372109ec735f9333f4fa47ebb9605ca"},"headline":"Uluslararas\u0131 hukuk etraf\u0131nda kenetlenmeliyiz","datePublished":"2026-03-06T11:13:26+00:00","mainEntityOfPage":{"@id":"https:\/\/haberkuzey.com\/index.php\/2026\/03\/06\/uluslararasi-hukuk-etrafinda-kenetlenmeliyiz\/"},"wordCount":496,"commentCount":0,"image":{"@id":"https:\/\/haberkuzey.com\/index.php\/2026\/03\/06\/uluslararasi-hukuk-etrafinda-kenetlenmeliyiz\/#primaryimage"},"thumbnailUrl":"https:\/\/haberkuzey.com\/wp-content\/uploads\/2026\/03\/Basit-Metin-ve-Fotograf-Yeni-Sarki-Videosu-Youtube-Kucuk-Resmi-6.png","articleSection":["K\u0131br\u0131s"],"inLanguage":"tr","potentialAction":[{"@type":"CommentAction","name":"Comment","target":["https:\/\/haberkuzey.com\/index.php\/2026\/03\/06\/uluslararasi-hukuk-etrafinda-kenetlenmeliyiz\/#respond"]}]},{"@type":"WebPage","@id":"https:\/\/haberkuzey.com\/index.php\/2026\/03\/06\/uluslararasi-hukuk-etrafinda-kenetlenmeliyiz\/","url":"https:\/\/haberkuzey.com\/index.php\/2026\/03\/06\/uluslararasi-hukuk-etrafinda-kenetlenmeliyiz\/","name":"Uluslararas\u0131 hukuk etraf\u0131nda kenetlenmeliyiz - Haber Kuzey","isPartOf":{"@id":"https:\/\/haberkuzey.com\/#website"},"primaryImageOfPage":{"@id":"https:\/\/haberkuzey.com\/index.php\/2026\/03\/06\/uluslararasi-hukuk-etrafinda-kenetlenmeliyiz\/#primaryimage"},"image":{"@id":"https:\/\/haberkuzey.com\/index.php\/2026\/03\/06\/uluslararasi-hukuk-etrafinda-kenetlenmeliyiz\/#primaryimage"},"thumbnailUrl":"https:\/\/haberkuzey.com\/wp-content\/uploads\/2026\/03\/Basit-Metin-ve-Fotograf-Yeni-Sarki-Videosu-Youtube-Kucuk-Resmi-6.png","datePublished":"2026-03-06T11:13:26+00:00","author":{"@id":"https:\/\/haberkuzey.com\/#\/schema\/person\/3372109ec735f9333f4fa47ebb9605ca"},"breadcrumb":{"@id":"https:\/\/haberkuzey.com\/index.php\/2026\/03\/06\/uluslararasi-hukuk-etrafinda-kenetlenmeliyiz\/#breadcrumb"},"inLanguage":"tr","potentialAction":[{"@type":"ReadAction","target":["https:\/\/haberkuzey.com\/index.php\/2026\/03\/06\/uluslararasi-hukuk-etrafinda-kenetlenmeliyiz\/"]}]},{"@type":"ImageObject","inLanguage":"tr","@id":"https:\/\/haberkuzey.com\/index.php\/2026\/03\/06\/uluslararasi-hukuk-etrafinda-kenetlenmeliyiz\/#primaryimage","url":"https:\/\/haberkuzey.com\/wp-content\/uploads\/2026\/03\/Basit-Metin-ve-Fotograf-Yeni-Sarki-Videosu-Youtube-Kucuk-Resmi-6.png","contentUrl":"https:\/\/haberkuzey.com\/wp-content\/uploads\/2026\/03\/Basit-Metin-ve-Fotograf-Yeni-Sarki-Videosu-Youtube-Kucuk-Resmi-6.png","width":1280,"height":720},{"@type":"BreadcrumbList","@id":"https:\/\/haberkuzey.com\/index.php\/2026\/03\/06\/uluslararasi-hukuk-etrafinda-kenetlenmeliyiz\/#breadcrumb","itemListElement":[{"@type":"ListItem","position":1,"name":"Anasayfa","item":"https:\/\/haberkuzey.com\/"},{"@type":"ListItem","position":2,"name":"Uluslararas\u0131 hukuk etraf\u0131nda kenetlenmeliyiz"}]},{"@type":"WebSite","@id":"https:\/\/haberkuzey.com\/#website","url":"https:\/\/haberkuzey.com\/","name":"Haber Kuzey","description":"Do\u011fru Haberin Adresi","potentialAction":[{"@type":"SearchAction","target":{"@type":"EntryPoint","urlTemplate":"https:\/\/haberkuzey.com\/?s={search_term_string}"},"query-input":{"@type":"PropertyValueSpecification","valueRequired":true,"valueName":"search_term_string"}}],"inLanguage":"tr"},{"@type":"Person","@id":"https:\/\/haberkuzey.com\/#\/schema\/person\/3372109ec735f9333f4fa47ebb9605ca","name":"haberkuzey","image":{"@type":"ImageObject","inLanguage":"tr","@id":"https:\/\/secure.gravatar.com\/avatar\/f5fc875574b1575324358c3b9e6a32b8227aa5b74f3fa22e3cadb63e26fcc39c?s=96&d=mm&r=g","url":"https:\/\/secure.gravatar.com\/avatar\/f5fc875574b1575324358c3b9e6a32b8227aa5b74f3fa22e3cadb63e26fcc39c?s=96&d=mm&r=g","contentUrl":"https:\/\/secure.gravatar.com\/avatar\/f5fc875574b1575324358c3b9e6a32b8227aa5b74f3fa22e3cadb63e26fcc39c?s=96&d=mm&r=g","caption":"haberkuzey"},"sameAs":["https:\/\/haberkuzey.com"],"url":"https:\/\/haberkuzey.com\/index.php\/author\/haberkuzey\/"}]}},"_links":{"self":[{"href":"https:\/\/haberkuzey.com\/index.php\/wp-json\/wp\/v2\/posts\/35013","targetHints":{"allow":["GET"]}}],"collection":[{"href":"https:\/\/haberkuzey.com\/index.php\/wp-json\/wp\/v2\/posts"}],"about":[{"href":"https:\/\/haberkuzey.com\/index.php\/wp-json\/wp\/v2\/types\/post"}],"author":[{"embeddable":true,"href":"https:\/\/haberkuzey.com\/index.php\/wp-json\/wp\/v2\/users\/1"}],"replies":[{"embeddable":true,"href":"https:\/\/haberkuzey.com\/index.php\/wp-json\/wp\/v2\/comments?post=35013"}],"version-history":[{"count":0,"href":"https:\/\/haberkuzey.com\/index.php\/wp-json\/wp\/v2\/posts\/35013\/revisions"}],"wp:featuredmedia":[{"embeddable":true,"href":"https:\/\/haberkuzey.com\/index.php\/wp-json\/wp\/v2\/media\/35014"}],"wp:attachment":[{"href":"https:\/\/haberkuzey.com\/index.php\/wp-json\/wp\/v2\/media?parent=35013"}],"wp:term":[{"taxonomy":"category","embeddable":true,"href":"https:\/\/haberkuzey.com\/index.php\/wp-json\/wp\/v2\/categories?post=35013"},{"taxonomy":"post_tag","embeddable":true,"href":"https:\/\/haberkuzey.com\/index.php\/wp-json\/wp\/v2\/tags?post=35013"}],"curies":[{"name":"wp","href":"https:\/\/api.w.org\/{rel}","templated":true}]}}