{"id":35011,"date":"2026-03-06T13:06:47","date_gmt":"2026-03-06T11:06:47","guid":{"rendered":"https:\/\/haberkuzey.com\/index.php\/2026\/03\/06\/akaryakit-zammi-halkin-yukunu-artiriyor\/"},"modified":"2026-03-06T13:06:47","modified_gmt":"2026-03-06T11:06:47","slug":"akaryakit-zammi-halkin-yukunu-artiriyor","status":"publish","type":"post","link":"https:\/\/haberkuzey.com\/index.php\/2026\/03\/06\/akaryakit-zammi-halkin-yukunu-artiriyor\/","title":{"rendered":"Akaryak\u0131t zamm\u0131 halk\u0131n y\u00fck\u00fcn\u00fc art\u0131r\u0131yor"},"content":{"rendered":"<p>H\u00fcr-\u0130\u015f Federasyonu ve Kamu-\u0130\u015f Ba\u015fkan\u0131 Ahmet Serdaro\u011flu, h\u00fck\u00fcmetin ald\u0131\u011f\u0131 zam kararlar\u0131na ili\u015fkin yaz\u0131l\u0131 bir bas\u0131n a\u00e7\u0131klamas\u0131 yaparak, \u00f6zellikle akaryak\u0131ta yap\u0131lan son zamm\u0131n toplumun t\u00fcm kesimlerini olumsuz etkileyece\u011fini belirtti.<br \/>\nSerdaro\u011flu, \u00fclkede \u00e7al\u0131\u015fanlar, emekliler ve dar gelirli kesimlerin zaten a\u011f\u0131r hayat pahal\u0131l\u0131\u011f\u0131 alt\u0131nda ya\u015fam m\u00fccadelesi verdi\u011fini ifade ederek, h\u00fck\u00fcmetin zam politikalar\u0131n\u0131n halk\u0131n s\u0131rt\u0131ndaki y\u00fck\u00fc daha da art\u0131rd\u0131\u011f\u0131n\u0131 s\u00f6yledi.<\/p>\n<h2>EMEK\u00c7\u0130 A\u00c7LIK SINIRINDA YA\u015eAMAYA MAHK\u00dbM ED\u0130LD\u0130\u201d<\/h2>\n<p>Serdaro\u011flu a\u00e7\u0131klamas\u0131nda, UBP-DP-YDP h\u00fck\u00fcmetinin asgari \u00fccretliye yapt\u0131\u011f\u0131 y\u00fczde <strong>18,39\u2019luk art\u0131\u015f\u0131n<\/strong> \u00e7al\u0131\u015fanlar\u0131n ger\u00e7ek ya\u015fam maliyetlerini kar\u015f\u0131lamaktan uzak oldu\u011funu belirtti.<\/p>\n<p>Hayat pahal\u0131l\u0131\u011f\u0131n\u0131n y\u00fcksek seyretti\u011fi bir d\u00f6nemde yap\u0131lan bu art\u0131\u015f\u0131n \u00e7al\u0131\u015fanlar\u0131n al\u0131m g\u00fcc\u00fcn\u00fc korumas\u0131n\u0131n m\u00fcmk\u00fcn olmad\u0131\u011f\u0131n\u0131 ifade eden Serdaro\u011flu, binlerce emek\u00e7inin adeta a\u00e7l\u0131k s\u0131n\u0131r\u0131nda ya\u015famaya mahk\u00fbm edildi\u011fini savundu.<\/p>\n<h2>\u201cTUTARSIZLIK VE PLANSIZLIK G\u00d6STERGES\u0130\u201d<\/h2>\n<p>Ekonomi Bakan\u0131 Olgun Amcao\u011flu\u2019nun akaryak\u0131ta yap\u0131lacak zamm\u0131n <strong>2,5 TL civar\u0131nda olaca\u011f\u0131n\u0131 a\u00e7\u0131klamas\u0131n\u0131n ard\u0131ndan<\/strong>, hen\u00fcz 24 saat ge\u00e7meden yakla\u015f\u0131k <strong>6 TL zam yap\u0131lmas\u0131n\u0131n<\/strong> h\u00fck\u00fcmetin ekonomi y\u00f6netimindeki tutars\u0131zl\u0131\u011f\u0131 ortaya koydu\u011funu belirten Serdaro\u011flu, bunun ayn\u0131 zamanda plans\u0131zl\u0131\u011f\u0131n a\u00e7\u0131k bir g\u00f6stergesi oldu\u011funu kaydetti.<\/p>\n<p>Serdaro\u011flu, ya\u015fanan durumun halk\u0131n akl\u0131yla adeta alay edildi\u011fini ortaya koydu\u011funu ifade etti.<\/p>\n<h2>\u201cZAMLA B\u0130RL\u0130KTE MAL\u0130YETLER ARTACAK\u201d<\/h2>\n<p>Akaryak\u0131ta yap\u0131lan y\u00fcksek zamm\u0131n yaln\u0131zca ara\u00e7 sahiplerini etkilemeyece\u011fini vurgulayan Serdaro\u011flu, ta\u015f\u0131mac\u0131l\u0131ktan \u00fcretime, tar\u0131mdan sanayiye kadar t\u00fcm sekt\u00f6rlerde maliyetlerin artaca\u011f\u0131n\u0131 s\u00f6yledi.<\/p>\n<p>Bunun sonucunda ba\u015fta g\u0131da olmak \u00fczere temel t\u00fcketim \u00fcr\u00fcnlerinde yeni fiyat art\u0131\u015flar\u0131n\u0131n ka\u00e7\u0131n\u0131lmaz olaca\u011f\u0131n\u0131 belirten Serdaro\u011flu, hayat pahal\u0131l\u0131\u011f\u0131n\u0131n daha da derinle\u015fece\u011fini ifade etti.<\/p>\n<h2>\u201cH\u00dcK\u00dcMET HALKIN ALIM G\u00dcC\u00dcN\u00dc D\u00dc\u015e\u00dcR\u00dcYOR\u201d<\/h2>\n<p>H\u00fck\u00fcmetin g\u00f6revinin krizin faturas\u0131n\u0131 halka y\u00fcklemek de\u011fil, halk\u0131n al\u0131m g\u00fcc\u00fcn\u00fc koruyacak ve ya\u015fam ko\u015fullar\u0131n\u0131 iyile\u015ftirecek politikalar \u00fcretmek oldu\u011funu kaydeden Serdaro\u011flu, mevcut politikalar\u0131n ise tam tersine toplumun ya\u015fam kalitesini her ge\u00e7en g\u00fcn daha da geriletti\u011fini savundu.<\/p>\n<h2>\u201cEKONOM\u0130Y\u0130 ZAMLARLA Y\u00d6NETME ANLAYI\u015eINDAN VAZGE\u00c7\u0130LMEL\u0130\u201d<\/h2>\n<p>Serdaro\u011flu a\u00e7\u0131klamas\u0131nda h\u00fck\u00fcmete \u00e7a\u011fr\u0131da bulunarak, ekonomiyi zamlarla y\u00f6netme anlay\u0131\u015f\u0131ndan vazge\u00e7ilmesi gerekti\u011fini belirtti.<\/p>\n<p>\u00c7al\u0131\u015fanlar\u0131n ve dar gelirli kesimlerin al\u0131m g\u00fcc\u00fcn\u00fc koruyacak ger\u00e7ek\u00e7i ve kal\u0131c\u0131 \u00f6nlemlerin derhal hayata ge\u00e7irilmesi gerekti\u011fini ifade etti.<\/p>\n<h2>\u201cM\u00dcCADELEM\u0130Z\u0130 KARARLILIKLA S\u00dcRD\u00dcRECE\u011e\u0130Z\u201d<\/h2>\n<p>H\u00fcr-\u0130\u015f Federasyonu ve Kamu-\u0130\u015f Ba\u015fkan\u0131 Ahmet Serdaro\u011flu, emek\u00e7ilerin yoksulla\u015ft\u0131r\u0131lmas\u0131na ve halk\u0131n ya\u015fam\u0131n\u0131 zorla\u015ft\u0131ran politikalara kar\u015f\u0131 m\u00fccadelelerini kararl\u0131l\u0131kla s\u00fcrd\u00fcreceklerini vurgulayarak a\u00e7\u0131klamas\u0131n\u0131 tamamlad\u0131.<\/p>\n<p>Akaryak\u0131t zamm\u0131 halk\u0131n y\u00fck\u00fcn\u00fc art\u0131r\u0131yor yaz\u0131s\u0131 ilk \u00f6nce K\u0131br\u0131s Hakikat \u00fczerinde ortaya \u00e7\u0131kt\u0131.<\/p>\n","protected":false},"excerpt":{"rendered":"<p>H\u00fcr-\u0130\u015f Federasyonu ve Kamu-\u0130\u015f Ba\u015fkan\u0131 Ahmet Serdaro\u011flu, h\u00fck\u00fcmetin ald\u0131\u011f\u0131 zam kararlar\u0131na ili\u015fkin yaz\u0131l\u0131 bir bas\u0131n a\u00e7\u0131klamas\u0131 yaparak, \u00f6zellikle akaryak\u0131ta yap\u0131lan son zamm\u0131n toplumun t\u00fcm kesimlerini olumsuz etkileyece\u011fini belirtti. Serdaro\u011flu, \u00fclkede \u00e7al\u0131\u015fanlar, emekliler ve dar gelirli kesimlerin zaten a\u011f\u0131r hayat pahal\u0131l\u0131\u011f\u0131 alt\u0131nda ya\u015fam m\u00fccadelesi verdi\u011fini ifade ederek, h\u00fck\u00fcmetin zam politikalar\u0131n\u0131n halk\u0131n s\u0131rt\u0131ndaki y\u00fck\u00fc daha da art\u0131rd\u0131\u011f\u0131n\u0131 [&hellip;]<\/p>\n","protected":false},"author":1,"featured_media":35012,"comment_status":"open","ping_status":"open","sticky":false,"template":"","format":"standard","meta":{"jnews-multi-image_gallery":[],"jnews_single_post":[],"jnews_primary_category":[],"footnotes":""},"categories":[1],"tags":[],"class_list":["post-35011","post","type-post","status-publish","format-standard","has-post-thumbnail","hentry","category-kibris"],"yoast_head":"<!-- This site is optimized with the Yoast SEO plugin v27.5 - https:\/\/yoast.com\/product\/yoast-seo-wordpress\/ -->\n<title>Akaryak\u0131t zamm\u0131 halk\u0131n y\u00fck\u00fcn\u00fc art\u0131r\u0131yor - Haber Kuzey<\/title>\n<meta name=\"robots\" content=\"index, follow, max-snippet:-1, max-image-preview:large, max-video-preview:-1\" \/>\n<link rel=\"canonical\" href=\"https:\/\/haberkuzey.com\/index.php\/2026\/03\/06\/akaryakit-zammi-halkin-yukunu-artiriyor\/\" \/>\n<meta property=\"og:locale\" content=\"tr_TR\" \/>\n<meta property=\"og:type\" content=\"article\" \/>\n<meta property=\"og:title\" content=\"Akaryak\u0131t zamm\u0131 halk\u0131n y\u00fck\u00fcn\u00fc art\u0131r\u0131yor - Haber Kuzey\" \/>\n<meta property=\"og:description\" content=\"H\u00fcr-\u0130\u015f Federasyonu ve Kamu-\u0130\u015f Ba\u015fkan\u0131 Ahmet Serdaro\u011flu, h\u00fck\u00fcmetin ald\u0131\u011f\u0131 zam kararlar\u0131na ili\u015fkin yaz\u0131l\u0131 bir bas\u0131n a\u00e7\u0131klamas\u0131 yaparak, \u00f6zellikle akaryak\u0131ta yap\u0131lan son zamm\u0131n toplumun t\u00fcm kesimlerini olumsuz etkileyece\u011fini belirtti. Serdaro\u011flu, \u00fclkede \u00e7al\u0131\u015fanlar, emekliler ve dar gelirli kesimlerin zaten a\u011f\u0131r hayat pahal\u0131l\u0131\u011f\u0131 alt\u0131nda ya\u015fam m\u00fccadelesi verdi\u011fini ifade ederek, h\u00fck\u00fcmetin zam politikalar\u0131n\u0131n halk\u0131n s\u0131rt\u0131ndaki y\u00fck\u00fc daha da art\u0131rd\u0131\u011f\u0131n\u0131 [&hellip;]\" \/>\n<meta property=\"og:url\" content=\"https:\/\/haberkuzey.com\/index.php\/2026\/03\/06\/akaryakit-zammi-halkin-yukunu-artiriyor\/\" \/>\n<meta property=\"og:site_name\" content=\"Haber Kuzey\" \/>\n<meta property=\"article:published_time\" content=\"2026-03-06T11:06:47+00:00\" \/>\n<meta name=\"author\" content=\"haberkuzey\" \/>\n<meta name=\"twitter:card\" content=\"summary_large_image\" \/>\n<meta name=\"twitter:label1\" content=\"Yazan:\" \/>\n\t<meta name=\"twitter:data1\" content=\"haberkuzey\" \/>\n\t<meta name=\"twitter:label2\" content=\"Tahmini okuma s\u00fcresi\" \/>\n\t<meta name=\"twitter:data2\" content=\"3 dakika\" \/>\n<script type=\"application\/ld+json\" class=\"yoast-schema-graph\">{\"@context\":\"https:\\\/\\\/schema.org\",\"@graph\":[{\"@type\":\"Article\",\"@id\":\"https:\\\/\\\/haberkuzey.com\\\/index.php\\\/2026\\\/03\\\/06\\\/akaryakit-zammi-halkin-yukunu-artiriyor\\\/#article\",\"isPartOf\":{\"@id\":\"https:\\\/\\\/haberkuzey.com\\\/index.php\\\/2026\\\/03\\\/06\\\/akaryakit-zammi-halkin-yukunu-artiriyor\\\/\"},\"author\":{\"name\":\"haberkuzey\",\"@id\":\"https:\\\/\\\/haberkuzey.com\\\/#\\\/schema\\\/person\\\/3372109ec735f9333f4fa47ebb9605ca\"},\"headline\":\"Akaryak\u0131t zamm\u0131 halk\u0131n y\u00fck\u00fcn\u00fc art\u0131r\u0131yor\",\"datePublished\":\"2026-03-06T11:06:47+00:00\",\"mainEntityOfPage\":{\"@id\":\"https:\\\/\\\/haberkuzey.com\\\/index.php\\\/2026\\\/03\\\/06\\\/akaryakit-zammi-halkin-yukunu-artiriyor\\\/\"},\"wordCount\":563,\"commentCount\":0,\"image\":{\"@id\":\"https:\\\/\\\/haberkuzey.com\\\/index.php\\\/2026\\\/03\\\/06\\\/akaryakit-zammi-halkin-yukunu-artiriyor\\\/#primaryimage\"},\"thumbnailUrl\":\"https:\\\/\\\/haberkuzey.com\\\/wp-content\\\/uploads\\\/2026\\\/03\\\/IMG_3303.webp.webp\",\"articleSection\":[\"K\u0131br\u0131s\"],\"inLanguage\":\"tr\",\"potentialAction\":[{\"@type\":\"CommentAction\",\"name\":\"Comment\",\"target\":[\"https:\\\/\\\/haberkuzey.com\\\/index.php\\\/2026\\\/03\\\/06\\\/akaryakit-zammi-halkin-yukunu-artiriyor\\\/#respond\"]}]},{\"@type\":\"WebPage\",\"@id\":\"https:\\\/\\\/haberkuzey.com\\\/index.php\\\/2026\\\/03\\\/06\\\/akaryakit-zammi-halkin-yukunu-artiriyor\\\/\",\"url\":\"https:\\\/\\\/haberkuzey.com\\\/index.php\\\/2026\\\/03\\\/06\\\/akaryakit-zammi-halkin-yukunu-artiriyor\\\/\",\"name\":\"Akaryak\u0131t zamm\u0131 halk\u0131n y\u00fck\u00fcn\u00fc art\u0131r\u0131yor - Haber Kuzey\",\"isPartOf\":{\"@id\":\"https:\\\/\\\/haberkuzey.com\\\/#website\"},\"primaryImageOfPage\":{\"@id\":\"https:\\\/\\\/haberkuzey.com\\\/index.php\\\/2026\\\/03\\\/06\\\/akaryakit-zammi-halkin-yukunu-artiriyor\\\/#primaryimage\"},\"image\":{\"@id\":\"https:\\\/\\\/haberkuzey.com\\\/index.php\\\/2026\\\/03\\\/06\\\/akaryakit-zammi-halkin-yukunu-artiriyor\\\/#primaryimage\"},\"thumbnailUrl\":\"https:\\\/\\\/haberkuzey.com\\\/wp-content\\\/uploads\\\/2026\\\/03\\\/IMG_3303.webp.webp\",\"datePublished\":\"2026-03-06T11:06:47+00:00\",\"author\":{\"@id\":\"https:\\\/\\\/haberkuzey.com\\\/#\\\/schema\\\/person\\\/3372109ec735f9333f4fa47ebb9605ca\"},\"breadcrumb\":{\"@id\":\"https:\\\/\\\/haberkuzey.com\\\/index.php\\\/2026\\\/03\\\/06\\\/akaryakit-zammi-halkin-yukunu-artiriyor\\\/#breadcrumb\"},\"inLanguage\":\"tr\",\"potentialAction\":[{\"@type\":\"ReadAction\",\"target\":[\"https:\\\/\\\/haberkuzey.com\\\/index.php\\\/2026\\\/03\\\/06\\\/akaryakit-zammi-halkin-yukunu-artiriyor\\\/\"]}]},{\"@type\":\"ImageObject\",\"inLanguage\":\"tr\",\"@id\":\"https:\\\/\\\/haberkuzey.com\\\/index.php\\\/2026\\\/03\\\/06\\\/akaryakit-zammi-halkin-yukunu-artiriyor\\\/#primaryimage\",\"url\":\"https:\\\/\\\/haberkuzey.com\\\/wp-content\\\/uploads\\\/2026\\\/03\\\/IMG_3303.webp.webp\",\"contentUrl\":\"https:\\\/\\\/haberkuzey.com\\\/wp-content\\\/uploads\\\/2026\\\/03\\\/IMG_3303.webp.webp\",\"width\":971,\"height\":551},{\"@type\":\"BreadcrumbList\",\"@id\":\"https:\\\/\\\/haberkuzey.com\\\/index.php\\\/2026\\\/03\\\/06\\\/akaryakit-zammi-halkin-yukunu-artiriyor\\\/#breadcrumb\",\"itemListElement\":[{\"@type\":\"ListItem\",\"position\":1,\"name\":\"Anasayfa\",\"item\":\"https:\\\/\\\/haberkuzey.com\\\/\"},{\"@type\":\"ListItem\",\"position\":2,\"name\":\"Akaryak\u0131t zamm\u0131 halk\u0131n y\u00fck\u00fcn\u00fc art\u0131r\u0131yor\"}]},{\"@type\":\"WebSite\",\"@id\":\"https:\\\/\\\/haberkuzey.com\\\/#website\",\"url\":\"https:\\\/\\\/haberkuzey.com\\\/\",\"name\":\"Haber Kuzey\",\"description\":\"Do\u011fru Haberin Adresi\",\"potentialAction\":[{\"@type\":\"SearchAction\",\"target\":{\"@type\":\"EntryPoint\",\"urlTemplate\":\"https:\\\/\\\/haberkuzey.com\\\/?s={search_term_string}\"},\"query-input\":{\"@type\":\"PropertyValueSpecification\",\"valueRequired\":true,\"valueName\":\"search_term_string\"}}],\"inLanguage\":\"tr\"},{\"@type\":\"Person\",\"@id\":\"https:\\\/\\\/haberkuzey.com\\\/#\\\/schema\\\/person\\\/3372109ec735f9333f4fa47ebb9605ca\",\"name\":\"haberkuzey\",\"image\":{\"@type\":\"ImageObject\",\"inLanguage\":\"tr\",\"@id\":\"https:\\\/\\\/secure.gravatar.com\\\/avatar\\\/f5fc875574b1575324358c3b9e6a32b8227aa5b74f3fa22e3cadb63e26fcc39c?s=96&d=mm&r=g\",\"url\":\"https:\\\/\\\/secure.gravatar.com\\\/avatar\\\/f5fc875574b1575324358c3b9e6a32b8227aa5b74f3fa22e3cadb63e26fcc39c?s=96&d=mm&r=g\",\"contentUrl\":\"https:\\\/\\\/secure.gravatar.com\\\/avatar\\\/f5fc875574b1575324358c3b9e6a32b8227aa5b74f3fa22e3cadb63e26fcc39c?s=96&d=mm&r=g\",\"caption\":\"haberkuzey\"},\"sameAs\":[\"https:\\\/\\\/haberkuzey.com\"],\"url\":\"https:\\\/\\\/haberkuzey.com\\\/index.php\\\/author\\\/haberkuzey\\\/\"}]}<\/script>\n<!-- \/ Yoast SEO plugin. -->","yoast_head_json":{"title":"Akaryak\u0131t zamm\u0131 halk\u0131n y\u00fck\u00fcn\u00fc art\u0131r\u0131yor - Haber Kuzey","robots":{"index":"index","follow":"follow","max-snippet":"max-snippet:-1","max-image-preview":"max-image-preview:large","max-video-preview":"max-video-preview:-1"},"canonical":"https:\/\/haberkuzey.com\/index.php\/2026\/03\/06\/akaryakit-zammi-halkin-yukunu-artiriyor\/","og_locale":"tr_TR","og_type":"article","og_title":"Akaryak\u0131t zamm\u0131 halk\u0131n y\u00fck\u00fcn\u00fc art\u0131r\u0131yor - Haber Kuzey","og_description":"H\u00fcr-\u0130\u015f Federasyonu ve Kamu-\u0130\u015f Ba\u015fkan\u0131 Ahmet Serdaro\u011flu, h\u00fck\u00fcmetin ald\u0131\u011f\u0131 zam kararlar\u0131na ili\u015fkin yaz\u0131l\u0131 bir bas\u0131n a\u00e7\u0131klamas\u0131 yaparak, \u00f6zellikle akaryak\u0131ta yap\u0131lan son zamm\u0131n toplumun t\u00fcm kesimlerini olumsuz etkileyece\u011fini belirtti. Serdaro\u011flu, \u00fclkede \u00e7al\u0131\u015fanlar, emekliler ve dar gelirli kesimlerin zaten a\u011f\u0131r hayat pahal\u0131l\u0131\u011f\u0131 alt\u0131nda ya\u015fam m\u00fccadelesi verdi\u011fini ifade ederek, h\u00fck\u00fcmetin zam politikalar\u0131n\u0131n halk\u0131n s\u0131rt\u0131ndaki y\u00fck\u00fc daha da art\u0131rd\u0131\u011f\u0131n\u0131 [&hellip;]","og_url":"https:\/\/haberkuzey.com\/index.php\/2026\/03\/06\/akaryakit-zammi-halkin-yukunu-artiriyor\/","og_site_name":"Haber Kuzey","article_published_time":"2026-03-06T11:06:47+00:00","author":"haberkuzey","twitter_card":"summary_large_image","twitter_misc":{"Yazan:":"haberkuzey","Tahmini okuma s\u00fcresi":"3 dakika"},"schema":{"@context":"https:\/\/schema.org","@graph":[{"@type":"Article","@id":"https:\/\/haberkuzey.com\/index.php\/2026\/03\/06\/akaryakit-zammi-halkin-yukunu-artiriyor\/#article","isPartOf":{"@id":"https:\/\/haberkuzey.com\/index.php\/2026\/03\/06\/akaryakit-zammi-halkin-yukunu-artiriyor\/"},"author":{"name":"haberkuzey","@id":"https:\/\/haberkuzey.com\/#\/schema\/person\/3372109ec735f9333f4fa47ebb9605ca"},"headline":"Akaryak\u0131t zamm\u0131 halk\u0131n y\u00fck\u00fcn\u00fc art\u0131r\u0131yor","datePublished":"2026-03-06T11:06:47+00:00","mainEntityOfPage":{"@id":"https:\/\/haberkuzey.com\/index.php\/2026\/03\/06\/akaryakit-zammi-halkin-yukunu-artiriyor\/"},"wordCount":563,"commentCount":0,"image":{"@id":"https:\/\/haberkuzey.com\/index.php\/2026\/03\/06\/akaryakit-zammi-halkin-yukunu-artiriyor\/#primaryimage"},"thumbnailUrl":"https:\/\/haberkuzey.com\/wp-content\/uploads\/2026\/03\/IMG_3303.webp.webp","articleSection":["K\u0131br\u0131s"],"inLanguage":"tr","potentialAction":[{"@type":"CommentAction","name":"Comment","target":["https:\/\/haberkuzey.com\/index.php\/2026\/03\/06\/akaryakit-zammi-halkin-yukunu-artiriyor\/#respond"]}]},{"@type":"WebPage","@id":"https:\/\/haberkuzey.com\/index.php\/2026\/03\/06\/akaryakit-zammi-halkin-yukunu-artiriyor\/","url":"https:\/\/haberkuzey.com\/index.php\/2026\/03\/06\/akaryakit-zammi-halkin-yukunu-artiriyor\/","name":"Akaryak\u0131t zamm\u0131 halk\u0131n y\u00fck\u00fcn\u00fc art\u0131r\u0131yor - Haber Kuzey","isPartOf":{"@id":"https:\/\/haberkuzey.com\/#website"},"primaryImageOfPage":{"@id":"https:\/\/haberkuzey.com\/index.php\/2026\/03\/06\/akaryakit-zammi-halkin-yukunu-artiriyor\/#primaryimage"},"image":{"@id":"https:\/\/haberkuzey.com\/index.php\/2026\/03\/06\/akaryakit-zammi-halkin-yukunu-artiriyor\/#primaryimage"},"thumbnailUrl":"https:\/\/haberkuzey.com\/wp-content\/uploads\/2026\/03\/IMG_3303.webp.webp","datePublished":"2026-03-06T11:06:47+00:00","author":{"@id":"https:\/\/haberkuzey.com\/#\/schema\/person\/3372109ec735f9333f4fa47ebb9605ca"},"breadcrumb":{"@id":"https:\/\/haberkuzey.com\/index.php\/2026\/03\/06\/akaryakit-zammi-halkin-yukunu-artiriyor\/#breadcrumb"},"inLanguage":"tr","potentialAction":[{"@type":"ReadAction","target":["https:\/\/haberkuzey.com\/index.php\/2026\/03\/06\/akaryakit-zammi-halkin-yukunu-artiriyor\/"]}]},{"@type":"ImageObject","inLanguage":"tr","@id":"https:\/\/haberkuzey.com\/index.php\/2026\/03\/06\/akaryakit-zammi-halkin-yukunu-artiriyor\/#primaryimage","url":"https:\/\/haberkuzey.com\/wp-content\/uploads\/2026\/03\/IMG_3303.webp.webp","contentUrl":"https:\/\/haberkuzey.com\/wp-content\/uploads\/2026\/03\/IMG_3303.webp.webp","width":971,"height":551},{"@type":"BreadcrumbList","@id":"https:\/\/haberkuzey.com\/index.php\/2026\/03\/06\/akaryakit-zammi-halkin-yukunu-artiriyor\/#breadcrumb","itemListElement":[{"@type":"ListItem","position":1,"name":"Anasayfa","item":"https:\/\/haberkuzey.com\/"},{"@type":"ListItem","position":2,"name":"Akaryak\u0131t zamm\u0131 halk\u0131n y\u00fck\u00fcn\u00fc art\u0131r\u0131yor"}]},{"@type":"WebSite","@id":"https:\/\/haberkuzey.com\/#website","url":"https:\/\/haberkuzey.com\/","name":"Haber Kuzey","description":"Do\u011fru Haberin Adresi","potentialAction":[{"@type":"SearchAction","target":{"@type":"EntryPoint","urlTemplate":"https:\/\/haberkuzey.com\/?s={search_term_string}"},"query-input":{"@type":"PropertyValueSpecification","valueRequired":true,"valueName":"search_term_string"}}],"inLanguage":"tr"},{"@type":"Person","@id":"https:\/\/haberkuzey.com\/#\/schema\/person\/3372109ec735f9333f4fa47ebb9605ca","name":"haberkuzey","image":{"@type":"ImageObject","inLanguage":"tr","@id":"https:\/\/secure.gravatar.com\/avatar\/f5fc875574b1575324358c3b9e6a32b8227aa5b74f3fa22e3cadb63e26fcc39c?s=96&d=mm&r=g","url":"https:\/\/secure.gravatar.com\/avatar\/f5fc875574b1575324358c3b9e6a32b8227aa5b74f3fa22e3cadb63e26fcc39c?s=96&d=mm&r=g","contentUrl":"https:\/\/secure.gravatar.com\/avatar\/f5fc875574b1575324358c3b9e6a32b8227aa5b74f3fa22e3cadb63e26fcc39c?s=96&d=mm&r=g","caption":"haberkuzey"},"sameAs":["https:\/\/haberkuzey.com"],"url":"https:\/\/haberkuzey.com\/index.php\/author\/haberkuzey\/"}]}},"_links":{"self":[{"href":"https:\/\/haberkuzey.com\/index.php\/wp-json\/wp\/v2\/posts\/35011","targetHints":{"allow":["GET"]}}],"collection":[{"href":"https:\/\/haberkuzey.com\/index.php\/wp-json\/wp\/v2\/posts"}],"about":[{"href":"https:\/\/haberkuzey.com\/index.php\/wp-json\/wp\/v2\/types\/post"}],"author":[{"embeddable":true,"href":"https:\/\/haberkuzey.com\/index.php\/wp-json\/wp\/v2\/users\/1"}],"replies":[{"embeddable":true,"href":"https:\/\/haberkuzey.com\/index.php\/wp-json\/wp\/v2\/comments?post=35011"}],"version-history":[{"count":0,"href":"https:\/\/haberkuzey.com\/index.php\/wp-json\/wp\/v2\/posts\/35011\/revisions"}],"wp:featuredmedia":[{"embeddable":true,"href":"https:\/\/haberkuzey.com\/index.php\/wp-json\/wp\/v2\/media\/35012"}],"wp:attachment":[{"href":"https:\/\/haberkuzey.com\/index.php\/wp-json\/wp\/v2\/media?parent=35011"}],"wp:term":[{"taxonomy":"category","embeddable":true,"href":"https:\/\/haberkuzey.com\/index.php\/wp-json\/wp\/v2\/categories?post=35011"},{"taxonomy":"post_tag","embeddable":true,"href":"https:\/\/haberkuzey.com\/index.php\/wp-json\/wp\/v2\/tags?post=35011"}],"curies":[{"name":"wp","href":"https:\/\/api.w.org\/{rel}","templated":true}]}}