{"id":35009,"date":"2026-03-06T12:52:23","date_gmt":"2026-03-06T10:52:23","guid":{"rendered":"https:\/\/haberkuzey.com\/index.php\/2026\/03\/06\/zam-politikalari-kabul-edilemez\/"},"modified":"2026-03-06T12:52:23","modified_gmt":"2026-03-06T10:52:23","slug":"zam-politikalari-kabul-edilemez","status":"publish","type":"post","link":"https:\/\/haberkuzey.com\/index.php\/2026\/03\/06\/zam-politikalari-kabul-edilemez\/","title":{"rendered":"Zam politikalar\u0131 kabul edilemez"},"content":{"rendered":"<p>K\u0131br\u0131s T\u00fcrk Kamu G\u00f6revlileri Sendikas\u0131 (KAMUSEN) Ba\u015fkan\u0131 Metin Atan, h\u00fck\u00fcmetin uygulad\u0131\u011f\u0131 zam politikalar\u0131na sert tepki g\u00f6sterdi. Atan, al\u0131nan kararlar\u0131n \u00e7al\u0131\u015fanlar, emekliler ve dar gelirli kesimler \u00fczerindeki ekonomik bask\u0131y\u0131 her ge\u00e7en g\u00fcn art\u0131rd\u0131\u011f\u0131n\u0131 ifade etti.<\/p>\n<p>Metin Atan yapt\u0131\u011f\u0131 a\u00e7\u0131klamada, \u00fclkede \u00f6zellikle sabit gelirli kesimlerin ya\u015fam ko\u015fullar\u0131n\u0131n giderek a\u011f\u0131rla\u015ft\u0131\u011f\u0131n\u0131 belirterek, zamlar\u0131n vatanda\u015f\u0131n al\u0131m g\u00fcc\u00fcn\u00fc ciddi \u015fekilde eritti\u011fini s\u00f6yledi.<\/p>\n<h2>\u201cEKONOM\u0130K KO\u015eULLAR HER GE\u00c7EN G\u00dcN A\u011eIRLA\u015eIYOR\u201d<\/h2>\n<p>Atan, hayat pahal\u0131l\u0131\u011f\u0131n\u0131n h\u0131zla artt\u0131\u011f\u0131n\u0131 vurgulayarak, yap\u0131lan zamlar\u0131n \u00e7al\u0131\u015fanlar ve emekliler ba\u015fta olmak \u00fczere toplumun geni\u015f kesimlerini olumsuz etkiledi\u011fini ifade etti.<\/p>\n<p>Ekonomik ko\u015fullar\u0131n her ge\u00e7en g\u00fcn daha da zorla\u015ft\u0131\u011f\u0131n\u0131 belirten Atan, sabit gelirli kesimlerin ge\u00e7im m\u00fccadelesinin giderek a\u011f\u0131rla\u015ft\u0131\u011f\u0131n\u0131 kaydetti.<\/p>\n<h2>\u201cAKARYAKIT ZAMLARI Z\u0130NC\u0130RLEME ETK\u0130 YARATACAK\u201d<\/h2>\n<p>Akaryak\u0131t \u00fcr\u00fcnlerine yap\u0131lan zamlar\u0131n yaln\u0131zca yak\u0131t fiyatlar\u0131n\u0131 de\u011fil, bir\u00e7ok sekt\u00f6r\u00fc do\u011frudan etkileyece\u011fini belirten Atan, \u00fcretimden ta\u015f\u0131mac\u0131l\u0131\u011fa, g\u0131dadan temel t\u00fcketim maddelerine kadar pek \u00e7ok alanda maliyet art\u0131\u015f\u0131 ya\u015fanaca\u011f\u0131n\u0131 s\u00f6yledi.<\/p>\n<p>Atan, bu durumun piyasada yeni zam dalgalar\u0131n\u0131 tetikleyece\u011fini ve artan maliyetlerin do\u011frudan vatanda\u015f\u0131n cebine yans\u0131yaca\u011f\u0131n\u0131 ifade etti.<\/p>\n<h2>\u201cVATANDA\u015eIN SIRTINA Y\u00dcK Y\u00dcKLENEMEZ\u201d<\/h2>\n<p>Metin Atan, b\u00f6ylesi zor bir ekonomik s\u00fcre\u00e7te h\u00fck\u00fcmetin vatanda\u015f\u0131na destek olmas\u0131 gerekti\u011fini belirterek, al\u0131nan kararlarla halk\u0131n s\u0131rt\u0131na yeni y\u00fckler bindirildi\u011fini savundu.<\/p>\n<p>Yap\u0131lan zamlar\u0131n kabul edilemez oldu\u011funu vurgulayan Atan, h\u00fck\u00fcmetin ekonomi politikalar\u0131n\u0131 yeniden g\u00f6zden ge\u00e7irmesi gerekti\u011fini dile getirdi.<\/p>\n<h2>\u201cALIM G\u00dcC\u00dc HER GE\u00c7EN G\u00dcN ER\u0130YOR\u201d<\/h2>\n<p>KAMUSEN Ba\u015fkan\u0131 Atan, h\u00fck\u00fcmetin \u00e7al\u0131\u015fanlar\u0131n, emeklilerin ve dar gelirli kesimlerin al\u0131m g\u00fcc\u00fcn\u00fc korumak yerine zamlarla ekonomik bask\u0131y\u0131 art\u0131rd\u0131\u011f\u0131n\u0131 belirtti.<\/p>\n<p>Atan, KAMUSEN olarak halk\u0131n ya\u015fam ko\u015fullar\u0131n\u0131 olumsuz etkileyen politikalara kar\u015f\u0131 m\u00fccadele etmeye devam edeceklerini ifade ederek a\u00e7\u0131klamas\u0131n\u0131 tamamlad\u0131.<\/p>\n<p>Zam politikalar\u0131 kabul edilemez yaz\u0131s\u0131 ilk \u00f6nce K\u0131br\u0131s Hakikat \u00fczerinde ortaya \u00e7\u0131kt\u0131.<\/p>\n","protected":false},"excerpt":{"rendered":"<p>K\u0131br\u0131s T\u00fcrk Kamu G\u00f6revlileri Sendikas\u0131 (KAMUSEN) Ba\u015fkan\u0131 Metin Atan, h\u00fck\u00fcmetin uygulad\u0131\u011f\u0131 zam politikalar\u0131na sert tepki g\u00f6sterdi. Atan, al\u0131nan kararlar\u0131n \u00e7al\u0131\u015fanlar, emekliler ve dar gelirli kesimler \u00fczerindeki ekonomik bask\u0131y\u0131 her ge\u00e7en g\u00fcn art\u0131rd\u0131\u011f\u0131n\u0131 ifade etti. Metin Atan yapt\u0131\u011f\u0131 a\u00e7\u0131klamada, \u00fclkede \u00f6zellikle sabit gelirli kesimlerin ya\u015fam ko\u015fullar\u0131n\u0131n giderek a\u011f\u0131rla\u015ft\u0131\u011f\u0131n\u0131 belirterek, zamlar\u0131n vatanda\u015f\u0131n al\u0131m g\u00fcc\u00fcn\u00fc ciddi \u015fekilde eritti\u011fini [&hellip;]<\/p>\n","protected":false},"author":1,"featured_media":35010,"comment_status":"open","ping_status":"open","sticky":false,"template":"","format":"standard","meta":{"jnews-multi-image_gallery":[],"jnews_single_post":[],"jnews_primary_category":[],"footnotes":""},"categories":[1],"tags":[],"class_list":["post-35009","post","type-post","status-publish","format-standard","has-post-thumbnail","hentry","category-kibris"],"yoast_head":"<!-- This site is optimized with the Yoast SEO plugin v27.5 - https:\/\/yoast.com\/product\/yoast-seo-wordpress\/ -->\n<title>Zam politikalar\u0131 kabul edilemez - Haber Kuzey<\/title>\n<meta name=\"robots\" content=\"index, follow, max-snippet:-1, max-image-preview:large, max-video-preview:-1\" \/>\n<link rel=\"canonical\" href=\"https:\/\/haberkuzey.com\/index.php\/2026\/03\/06\/zam-politikalari-kabul-edilemez\/\" \/>\n<meta property=\"og:locale\" content=\"tr_TR\" \/>\n<meta property=\"og:type\" content=\"article\" \/>\n<meta property=\"og:title\" content=\"Zam politikalar\u0131 kabul edilemez - Haber Kuzey\" \/>\n<meta property=\"og:description\" content=\"K\u0131br\u0131s T\u00fcrk Kamu G\u00f6revlileri Sendikas\u0131 (KAMUSEN) Ba\u015fkan\u0131 Metin Atan, h\u00fck\u00fcmetin uygulad\u0131\u011f\u0131 zam politikalar\u0131na sert tepki g\u00f6sterdi. Atan, al\u0131nan kararlar\u0131n \u00e7al\u0131\u015fanlar, emekliler ve dar gelirli kesimler \u00fczerindeki ekonomik bask\u0131y\u0131 her ge\u00e7en g\u00fcn art\u0131rd\u0131\u011f\u0131n\u0131 ifade etti. Metin Atan yapt\u0131\u011f\u0131 a\u00e7\u0131klamada, \u00fclkede \u00f6zellikle sabit gelirli kesimlerin ya\u015fam ko\u015fullar\u0131n\u0131n giderek a\u011f\u0131rla\u015ft\u0131\u011f\u0131n\u0131 belirterek, zamlar\u0131n vatanda\u015f\u0131n al\u0131m g\u00fcc\u00fcn\u00fc ciddi \u015fekilde eritti\u011fini [&hellip;]\" \/>\n<meta property=\"og:url\" content=\"https:\/\/haberkuzey.com\/index.php\/2026\/03\/06\/zam-politikalari-kabul-edilemez\/\" \/>\n<meta property=\"og:site_name\" content=\"Haber Kuzey\" \/>\n<meta property=\"article:published_time\" content=\"2026-03-06T10:52:23+00:00\" \/>\n<meta name=\"author\" content=\"haberkuzey\" \/>\n<meta name=\"twitter:card\" content=\"summary_large_image\" \/>\n<meta name=\"twitter:label1\" content=\"Yazan:\" \/>\n\t<meta name=\"twitter:data1\" content=\"haberkuzey\" \/>\n\t<meta name=\"twitter:label2\" content=\"Tahmini okuma s\u00fcresi\" \/>\n\t<meta name=\"twitter:data2\" content=\"2 dakika\" \/>\n<script type=\"application\/ld+json\" class=\"yoast-schema-graph\">{\"@context\":\"https:\\\/\\\/schema.org\",\"@graph\":[{\"@type\":\"Article\",\"@id\":\"https:\\\/\\\/haberkuzey.com\\\/index.php\\\/2026\\\/03\\\/06\\\/zam-politikalari-kabul-edilemez\\\/#article\",\"isPartOf\":{\"@id\":\"https:\\\/\\\/haberkuzey.com\\\/index.php\\\/2026\\\/03\\\/06\\\/zam-politikalari-kabul-edilemez\\\/\"},\"author\":{\"name\":\"haberkuzey\",\"@id\":\"https:\\\/\\\/haberkuzey.com\\\/#\\\/schema\\\/person\\\/3372109ec735f9333f4fa47ebb9605ca\"},\"headline\":\"Zam politikalar\u0131 kabul edilemez\",\"datePublished\":\"2026-03-06T10:52:23+00:00\",\"mainEntityOfPage\":{\"@id\":\"https:\\\/\\\/haberkuzey.com\\\/index.php\\\/2026\\\/03\\\/06\\\/zam-politikalari-kabul-edilemez\\\/\"},\"wordCount\":388,\"commentCount\":0,\"image\":{\"@id\":\"https:\\\/\\\/haberkuzey.com\\\/index.php\\\/2026\\\/03\\\/06\\\/zam-politikalari-kabul-edilemez\\\/#primaryimage\"},\"thumbnailUrl\":\"https:\\\/\\\/haberkuzey.com\\\/wp-content\\\/uploads\\\/2026\\\/03\\\/IMG_7916.webp.webp\",\"articleSection\":[\"K\u0131br\u0131s\"],\"inLanguage\":\"tr\",\"potentialAction\":[{\"@type\":\"CommentAction\",\"name\":\"Comment\",\"target\":[\"https:\\\/\\\/haberkuzey.com\\\/index.php\\\/2026\\\/03\\\/06\\\/zam-politikalari-kabul-edilemez\\\/#respond\"]}]},{\"@type\":\"WebPage\",\"@id\":\"https:\\\/\\\/haberkuzey.com\\\/index.php\\\/2026\\\/03\\\/06\\\/zam-politikalari-kabul-edilemez\\\/\",\"url\":\"https:\\\/\\\/haberkuzey.com\\\/index.php\\\/2026\\\/03\\\/06\\\/zam-politikalari-kabul-edilemez\\\/\",\"name\":\"Zam politikalar\u0131 kabul edilemez - Haber Kuzey\",\"isPartOf\":{\"@id\":\"https:\\\/\\\/haberkuzey.com\\\/#website\"},\"primaryImageOfPage\":{\"@id\":\"https:\\\/\\\/haberkuzey.com\\\/index.php\\\/2026\\\/03\\\/06\\\/zam-politikalari-kabul-edilemez\\\/#primaryimage\"},\"image\":{\"@id\":\"https:\\\/\\\/haberkuzey.com\\\/index.php\\\/2026\\\/03\\\/06\\\/zam-politikalari-kabul-edilemez\\\/#primaryimage\"},\"thumbnailUrl\":\"https:\\\/\\\/haberkuzey.com\\\/wp-content\\\/uploads\\\/2026\\\/03\\\/IMG_7916.webp.webp\",\"datePublished\":\"2026-03-06T10:52:23+00:00\",\"author\":{\"@id\":\"https:\\\/\\\/haberkuzey.com\\\/#\\\/schema\\\/person\\\/3372109ec735f9333f4fa47ebb9605ca\"},\"breadcrumb\":{\"@id\":\"https:\\\/\\\/haberkuzey.com\\\/index.php\\\/2026\\\/03\\\/06\\\/zam-politikalari-kabul-edilemez\\\/#breadcrumb\"},\"inLanguage\":\"tr\",\"potentialAction\":[{\"@type\":\"ReadAction\",\"target\":[\"https:\\\/\\\/haberkuzey.com\\\/index.php\\\/2026\\\/03\\\/06\\\/zam-politikalari-kabul-edilemez\\\/\"]}]},{\"@type\":\"ImageObject\",\"inLanguage\":\"tr\",\"@id\":\"https:\\\/\\\/haberkuzey.com\\\/index.php\\\/2026\\\/03\\\/06\\\/zam-politikalari-kabul-edilemez\\\/#primaryimage\",\"url\":\"https:\\\/\\\/haberkuzey.com\\\/wp-content\\\/uploads\\\/2026\\\/03\\\/IMG_7916.webp.webp\",\"contentUrl\":\"https:\\\/\\\/haberkuzey.com\\\/wp-content\\\/uploads\\\/2026\\\/03\\\/IMG_7916.webp.webp\",\"width\":1280,\"height\":720},{\"@type\":\"BreadcrumbList\",\"@id\":\"https:\\\/\\\/haberkuzey.com\\\/index.php\\\/2026\\\/03\\\/06\\\/zam-politikalari-kabul-edilemez\\\/#breadcrumb\",\"itemListElement\":[{\"@type\":\"ListItem\",\"position\":1,\"name\":\"Anasayfa\",\"item\":\"https:\\\/\\\/haberkuzey.com\\\/\"},{\"@type\":\"ListItem\",\"position\":2,\"name\":\"Zam politikalar\u0131 kabul edilemez\"}]},{\"@type\":\"WebSite\",\"@id\":\"https:\\\/\\\/haberkuzey.com\\\/#website\",\"url\":\"https:\\\/\\\/haberkuzey.com\\\/\",\"name\":\"Haber Kuzey\",\"description\":\"Do\u011fru Haberin Adresi\",\"potentialAction\":[{\"@type\":\"SearchAction\",\"target\":{\"@type\":\"EntryPoint\",\"urlTemplate\":\"https:\\\/\\\/haberkuzey.com\\\/?s={search_term_string}\"},\"query-input\":{\"@type\":\"PropertyValueSpecification\",\"valueRequired\":true,\"valueName\":\"search_term_string\"}}],\"inLanguage\":\"tr\"},{\"@type\":\"Person\",\"@id\":\"https:\\\/\\\/haberkuzey.com\\\/#\\\/schema\\\/person\\\/3372109ec735f9333f4fa47ebb9605ca\",\"name\":\"haberkuzey\",\"image\":{\"@type\":\"ImageObject\",\"inLanguage\":\"tr\",\"@id\":\"https:\\\/\\\/secure.gravatar.com\\\/avatar\\\/f5fc875574b1575324358c3b9e6a32b8227aa5b74f3fa22e3cadb63e26fcc39c?s=96&d=mm&r=g\",\"url\":\"https:\\\/\\\/secure.gravatar.com\\\/avatar\\\/f5fc875574b1575324358c3b9e6a32b8227aa5b74f3fa22e3cadb63e26fcc39c?s=96&d=mm&r=g\",\"contentUrl\":\"https:\\\/\\\/secure.gravatar.com\\\/avatar\\\/f5fc875574b1575324358c3b9e6a32b8227aa5b74f3fa22e3cadb63e26fcc39c?s=96&d=mm&r=g\",\"caption\":\"haberkuzey\"},\"sameAs\":[\"https:\\\/\\\/haberkuzey.com\"],\"url\":\"https:\\\/\\\/haberkuzey.com\\\/index.php\\\/author\\\/haberkuzey\\\/\"}]}<\/script>\n<!-- \/ Yoast SEO plugin. -->","yoast_head_json":{"title":"Zam politikalar\u0131 kabul edilemez - Haber Kuzey","robots":{"index":"index","follow":"follow","max-snippet":"max-snippet:-1","max-image-preview":"max-image-preview:large","max-video-preview":"max-video-preview:-1"},"canonical":"https:\/\/haberkuzey.com\/index.php\/2026\/03\/06\/zam-politikalari-kabul-edilemez\/","og_locale":"tr_TR","og_type":"article","og_title":"Zam politikalar\u0131 kabul edilemez - Haber Kuzey","og_description":"K\u0131br\u0131s T\u00fcrk Kamu G\u00f6revlileri Sendikas\u0131 (KAMUSEN) Ba\u015fkan\u0131 Metin Atan, h\u00fck\u00fcmetin uygulad\u0131\u011f\u0131 zam politikalar\u0131na sert tepki g\u00f6sterdi. Atan, al\u0131nan kararlar\u0131n \u00e7al\u0131\u015fanlar, emekliler ve dar gelirli kesimler \u00fczerindeki ekonomik bask\u0131y\u0131 her ge\u00e7en g\u00fcn art\u0131rd\u0131\u011f\u0131n\u0131 ifade etti. Metin Atan yapt\u0131\u011f\u0131 a\u00e7\u0131klamada, \u00fclkede \u00f6zellikle sabit gelirli kesimlerin ya\u015fam ko\u015fullar\u0131n\u0131n giderek a\u011f\u0131rla\u015ft\u0131\u011f\u0131n\u0131 belirterek, zamlar\u0131n vatanda\u015f\u0131n al\u0131m g\u00fcc\u00fcn\u00fc ciddi \u015fekilde eritti\u011fini [&hellip;]","og_url":"https:\/\/haberkuzey.com\/index.php\/2026\/03\/06\/zam-politikalari-kabul-edilemez\/","og_site_name":"Haber Kuzey","article_published_time":"2026-03-06T10:52:23+00:00","author":"haberkuzey","twitter_card":"summary_large_image","twitter_misc":{"Yazan:":"haberkuzey","Tahmini okuma s\u00fcresi":"2 dakika"},"schema":{"@context":"https:\/\/schema.org","@graph":[{"@type":"Article","@id":"https:\/\/haberkuzey.com\/index.php\/2026\/03\/06\/zam-politikalari-kabul-edilemez\/#article","isPartOf":{"@id":"https:\/\/haberkuzey.com\/index.php\/2026\/03\/06\/zam-politikalari-kabul-edilemez\/"},"author":{"name":"haberkuzey","@id":"https:\/\/haberkuzey.com\/#\/schema\/person\/3372109ec735f9333f4fa47ebb9605ca"},"headline":"Zam politikalar\u0131 kabul edilemez","datePublished":"2026-03-06T10:52:23+00:00","mainEntityOfPage":{"@id":"https:\/\/haberkuzey.com\/index.php\/2026\/03\/06\/zam-politikalari-kabul-edilemez\/"},"wordCount":388,"commentCount":0,"image":{"@id":"https:\/\/haberkuzey.com\/index.php\/2026\/03\/06\/zam-politikalari-kabul-edilemez\/#primaryimage"},"thumbnailUrl":"https:\/\/haberkuzey.com\/wp-content\/uploads\/2026\/03\/IMG_7916.webp.webp","articleSection":["K\u0131br\u0131s"],"inLanguage":"tr","potentialAction":[{"@type":"CommentAction","name":"Comment","target":["https:\/\/haberkuzey.com\/index.php\/2026\/03\/06\/zam-politikalari-kabul-edilemez\/#respond"]}]},{"@type":"WebPage","@id":"https:\/\/haberkuzey.com\/index.php\/2026\/03\/06\/zam-politikalari-kabul-edilemez\/","url":"https:\/\/haberkuzey.com\/index.php\/2026\/03\/06\/zam-politikalari-kabul-edilemez\/","name":"Zam politikalar\u0131 kabul edilemez - Haber Kuzey","isPartOf":{"@id":"https:\/\/haberkuzey.com\/#website"},"primaryImageOfPage":{"@id":"https:\/\/haberkuzey.com\/index.php\/2026\/03\/06\/zam-politikalari-kabul-edilemez\/#primaryimage"},"image":{"@id":"https:\/\/haberkuzey.com\/index.php\/2026\/03\/06\/zam-politikalari-kabul-edilemez\/#primaryimage"},"thumbnailUrl":"https:\/\/haberkuzey.com\/wp-content\/uploads\/2026\/03\/IMG_7916.webp.webp","datePublished":"2026-03-06T10:52:23+00:00","author":{"@id":"https:\/\/haberkuzey.com\/#\/schema\/person\/3372109ec735f9333f4fa47ebb9605ca"},"breadcrumb":{"@id":"https:\/\/haberkuzey.com\/index.php\/2026\/03\/06\/zam-politikalari-kabul-edilemez\/#breadcrumb"},"inLanguage":"tr","potentialAction":[{"@type":"ReadAction","target":["https:\/\/haberkuzey.com\/index.php\/2026\/03\/06\/zam-politikalari-kabul-edilemez\/"]}]},{"@type":"ImageObject","inLanguage":"tr","@id":"https:\/\/haberkuzey.com\/index.php\/2026\/03\/06\/zam-politikalari-kabul-edilemez\/#primaryimage","url":"https:\/\/haberkuzey.com\/wp-content\/uploads\/2026\/03\/IMG_7916.webp.webp","contentUrl":"https:\/\/haberkuzey.com\/wp-content\/uploads\/2026\/03\/IMG_7916.webp.webp","width":1280,"height":720},{"@type":"BreadcrumbList","@id":"https:\/\/haberkuzey.com\/index.php\/2026\/03\/06\/zam-politikalari-kabul-edilemez\/#breadcrumb","itemListElement":[{"@type":"ListItem","position":1,"name":"Anasayfa","item":"https:\/\/haberkuzey.com\/"},{"@type":"ListItem","position":2,"name":"Zam politikalar\u0131 kabul edilemez"}]},{"@type":"WebSite","@id":"https:\/\/haberkuzey.com\/#website","url":"https:\/\/haberkuzey.com\/","name":"Haber Kuzey","description":"Do\u011fru Haberin Adresi","potentialAction":[{"@type":"SearchAction","target":{"@type":"EntryPoint","urlTemplate":"https:\/\/haberkuzey.com\/?s={search_term_string}"},"query-input":{"@type":"PropertyValueSpecification","valueRequired":true,"valueName":"search_term_string"}}],"inLanguage":"tr"},{"@type":"Person","@id":"https:\/\/haberkuzey.com\/#\/schema\/person\/3372109ec735f9333f4fa47ebb9605ca","name":"haberkuzey","image":{"@type":"ImageObject","inLanguage":"tr","@id":"https:\/\/secure.gravatar.com\/avatar\/f5fc875574b1575324358c3b9e6a32b8227aa5b74f3fa22e3cadb63e26fcc39c?s=96&d=mm&r=g","url":"https:\/\/secure.gravatar.com\/avatar\/f5fc875574b1575324358c3b9e6a32b8227aa5b74f3fa22e3cadb63e26fcc39c?s=96&d=mm&r=g","contentUrl":"https:\/\/secure.gravatar.com\/avatar\/f5fc875574b1575324358c3b9e6a32b8227aa5b74f3fa22e3cadb63e26fcc39c?s=96&d=mm&r=g","caption":"haberkuzey"},"sameAs":["https:\/\/haberkuzey.com"],"url":"https:\/\/haberkuzey.com\/index.php\/author\/haberkuzey\/"}]}},"_links":{"self":[{"href":"https:\/\/haberkuzey.com\/index.php\/wp-json\/wp\/v2\/posts\/35009","targetHints":{"allow":["GET"]}}],"collection":[{"href":"https:\/\/haberkuzey.com\/index.php\/wp-json\/wp\/v2\/posts"}],"about":[{"href":"https:\/\/haberkuzey.com\/index.php\/wp-json\/wp\/v2\/types\/post"}],"author":[{"embeddable":true,"href":"https:\/\/haberkuzey.com\/index.php\/wp-json\/wp\/v2\/users\/1"}],"replies":[{"embeddable":true,"href":"https:\/\/haberkuzey.com\/index.php\/wp-json\/wp\/v2\/comments?post=35009"}],"version-history":[{"count":0,"href":"https:\/\/haberkuzey.com\/index.php\/wp-json\/wp\/v2\/posts\/35009\/revisions"}],"wp:featuredmedia":[{"embeddable":true,"href":"https:\/\/haberkuzey.com\/index.php\/wp-json\/wp\/v2\/media\/35010"}],"wp:attachment":[{"href":"https:\/\/haberkuzey.com\/index.php\/wp-json\/wp\/v2\/media?parent=35009"}],"wp:term":[{"taxonomy":"category","embeddable":true,"href":"https:\/\/haberkuzey.com\/index.php\/wp-json\/wp\/v2\/categories?post=35009"},{"taxonomy":"post_tag","embeddable":true,"href":"https:\/\/haberkuzey.com\/index.php\/wp-json\/wp\/v2\/tags?post=35009"}],"curies":[{"name":"wp","href":"https:\/\/api.w.org\/{rel}","templated":true}]}}