{"id":35004,"date":"2026-03-05T20:06:03","date_gmt":"2026-03-05T18:06:03","guid":{"rendered":"https:\/\/haberkuzey.com\/index.php\/2026\/03\/05\/dogu-akdeniz-gundemi-yilmaz-ve-ozersayin-gorusmesinde\/"},"modified":"2026-03-05T20:06:03","modified_gmt":"2026-03-05T18:06:03","slug":"dogu-akdeniz-gundemi-yilmaz-ve-ozersayin-gorusmesinde","status":"publish","type":"post","link":"https:\/\/haberkuzey.com\/index.php\/2026\/03\/05\/dogu-akdeniz-gundemi-yilmaz-ve-ozersayin-gorusmesinde\/","title":{"rendered":"Do\u011fu Akdeniz G\u00fcndemi Y\u0131lmaz ve \u00d6zersay\u2019\u0131n G\u00f6r\u00fc\u015fmesinde"},"content":{"rendered":"<p>G\u00f6r\u00fc\u015fmeyle ilgili sosyal medya hesab\u0131ndan a\u00e7\u0131klama yapan HP lideri Kudret \u00d6zersay, \u015fu ifadeleri kulland\u0131:<\/p>\n<p>\u201c\u00dclkemizi ziyaret eden T\u00fcrkiye Cumhuriyeti Cumhurba\u015fkan\u0131 Yard\u0131mc\u0131s\u0131 say\u0131n Cevdet Y\u0131lmaz ile bug\u00fcn bir g\u00f6r\u00fc\u015fme ger\u00e7ekle\u015ftirdik. B\u00f6lgemize de etkileri olan sava\u015f ve ba\u011flant\u0131l\u0131 d\u0131\u015f politika konular\u0131nda g\u00f6r\u00fc\u015f al\u0131\u015fveri\u015finde bulunduk. G\u00fcvenli\u011fimizin teminat\u0131 T\u00fcrkiye Cumhuriyeti konular\u0131 yak\u0131ndan takip ediyor.\u201d<\/p>\n<p>Do\u011fu Akdeniz G\u00fcndemi Y\u0131lmaz ve \u00d6zersay\u2019\u0131n G\u00f6r\u00fc\u015fmesinde yaz\u0131s\u0131 ilk \u00f6nce K\u0131br\u0131s Hakikat \u00fczerinde ortaya \u00e7\u0131kt\u0131.<\/p>\n","protected":false},"excerpt":{"rendered":"<p>G\u00f6r\u00fc\u015fmeyle ilgili sosyal medya hesab\u0131ndan a\u00e7\u0131klama yapan HP lideri Kudret \u00d6zersay, \u015fu ifadeleri kulland\u0131: \u201c\u00dclkemizi ziyaret eden T\u00fcrkiye Cumhuriyeti Cumhurba\u015fkan\u0131 Yard\u0131mc\u0131s\u0131 say\u0131n Cevdet Y\u0131lmaz ile bug\u00fcn bir g\u00f6r\u00fc\u015fme ger\u00e7ekle\u015ftirdik. B\u00f6lgemize de etkileri olan sava\u015f ve ba\u011flant\u0131l\u0131 d\u0131\u015f politika konular\u0131nda g\u00f6r\u00fc\u015f al\u0131\u015fveri\u015finde bulunduk. G\u00fcvenli\u011fimizin teminat\u0131 T\u00fcrkiye Cumhuriyeti konular\u0131 yak\u0131ndan takip ediyor.\u201d Do\u011fu Akdeniz G\u00fcndemi Y\u0131lmaz ve [&hellip;]<\/p>\n","protected":false},"author":1,"featured_media":35005,"comment_status":"open","ping_status":"open","sticky":false,"template":"","format":"standard","meta":{"jnews-multi-image_gallery":[],"jnews_single_post":[],"jnews_primary_category":[],"footnotes":""},"categories":[1],"tags":[],"class_list":["post-35004","post","type-post","status-publish","format-standard","has-post-thumbnail","hentry","category-kibris"],"yoast_head":"<!-- This site is optimized with the Yoast SEO plugin v27.5 - https:\/\/yoast.com\/product\/yoast-seo-wordpress\/ -->\n<title>Do\u011fu Akdeniz G\u00fcndemi Y\u0131lmaz ve \u00d6zersay\u2019\u0131n G\u00f6r\u00fc\u015fmesinde - Haber Kuzey<\/title>\n<meta name=\"robots\" content=\"index, follow, max-snippet:-1, max-image-preview:large, max-video-preview:-1\" \/>\n<link rel=\"canonical\" href=\"https:\/\/haberkuzey.com\/index.php\/2026\/03\/05\/dogu-akdeniz-gundemi-yilmaz-ve-ozersayin-gorusmesinde\/\" \/>\n<meta property=\"og:locale\" content=\"tr_TR\" \/>\n<meta property=\"og:type\" content=\"article\" \/>\n<meta property=\"og:title\" content=\"Do\u011fu Akdeniz G\u00fcndemi Y\u0131lmaz ve \u00d6zersay\u2019\u0131n G\u00f6r\u00fc\u015fmesinde - Haber Kuzey\" \/>\n<meta property=\"og:description\" content=\"G\u00f6r\u00fc\u015fmeyle ilgili sosyal medya hesab\u0131ndan a\u00e7\u0131klama yapan HP lideri Kudret \u00d6zersay, \u015fu ifadeleri kulland\u0131: \u201c\u00dclkemizi ziyaret eden T\u00fcrkiye Cumhuriyeti Cumhurba\u015fkan\u0131 Yard\u0131mc\u0131s\u0131 say\u0131n Cevdet Y\u0131lmaz ile bug\u00fcn bir g\u00f6r\u00fc\u015fme ger\u00e7ekle\u015ftirdik. B\u00f6lgemize de etkileri olan sava\u015f ve ba\u011flant\u0131l\u0131 d\u0131\u015f politika konular\u0131nda g\u00f6r\u00fc\u015f al\u0131\u015fveri\u015finde bulunduk. G\u00fcvenli\u011fimizin teminat\u0131 T\u00fcrkiye Cumhuriyeti konular\u0131 yak\u0131ndan takip ediyor.\u201d Do\u011fu Akdeniz G\u00fcndemi Y\u0131lmaz ve [&hellip;]\" \/>\n<meta property=\"og:url\" content=\"https:\/\/haberkuzey.com\/index.php\/2026\/03\/05\/dogu-akdeniz-gundemi-yilmaz-ve-ozersayin-gorusmesinde\/\" \/>\n<meta property=\"og:site_name\" content=\"Haber Kuzey\" \/>\n<meta property=\"article:published_time\" content=\"2026-03-05T18:06:03+00:00\" \/>\n<meta name=\"author\" content=\"haberkuzey\" \/>\n<meta name=\"twitter:card\" content=\"summary_large_image\" \/>\n<meta name=\"twitter:label1\" content=\"Yazan:\" \/>\n\t<meta name=\"twitter:data1\" content=\"haberkuzey\" \/>\n\t<meta name=\"twitter:label2\" content=\"Tahmini okuma s\u00fcresi\" \/>\n\t<meta name=\"twitter:data2\" content=\"1 dakika\" \/>\n<script type=\"application\/ld+json\" class=\"yoast-schema-graph\">{\"@context\":\"https:\\\/\\\/schema.org\",\"@graph\":[{\"@type\":\"Article\",\"@id\":\"https:\\\/\\\/haberkuzey.com\\\/index.php\\\/2026\\\/03\\\/05\\\/dogu-akdeniz-gundemi-yilmaz-ve-ozersayin-gorusmesinde\\\/#article\",\"isPartOf\":{\"@id\":\"https:\\\/\\\/haberkuzey.com\\\/index.php\\\/2026\\\/03\\\/05\\\/dogu-akdeniz-gundemi-yilmaz-ve-ozersayin-gorusmesinde\\\/\"},\"author\":{\"name\":\"haberkuzey\",\"@id\":\"https:\\\/\\\/haberkuzey.com\\\/#\\\/schema\\\/person\\\/3372109ec735f9333f4fa47ebb9605ca\"},\"headline\":\"Do\u011fu Akdeniz G\u00fcndemi Y\u0131lmaz ve \u00d6zersay\u2019\u0131n G\u00f6r\u00fc\u015fmesinde\",\"datePublished\":\"2026-03-05T18:06:03+00:00\",\"mainEntityOfPage\":{\"@id\":\"https:\\\/\\\/haberkuzey.com\\\/index.php\\\/2026\\\/03\\\/05\\\/dogu-akdeniz-gundemi-yilmaz-ve-ozersayin-gorusmesinde\\\/\"},\"wordCount\":113,\"commentCount\":0,\"image\":{\"@id\":\"https:\\\/\\\/haberkuzey.com\\\/index.php\\\/2026\\\/03\\\/05\\\/dogu-akdeniz-gundemi-yilmaz-ve-ozersayin-gorusmesinde\\\/#primaryimage\"},\"thumbnailUrl\":\"https:\\\/\\\/haberkuzey.com\\\/wp-content\\\/uploads\\\/2026\\\/03\\\/IMG_7904.jpeg\",\"articleSection\":[\"K\u0131br\u0131s\"],\"inLanguage\":\"tr\",\"potentialAction\":[{\"@type\":\"CommentAction\",\"name\":\"Comment\",\"target\":[\"https:\\\/\\\/haberkuzey.com\\\/index.php\\\/2026\\\/03\\\/05\\\/dogu-akdeniz-gundemi-yilmaz-ve-ozersayin-gorusmesinde\\\/#respond\"]}]},{\"@type\":\"WebPage\",\"@id\":\"https:\\\/\\\/haberkuzey.com\\\/index.php\\\/2026\\\/03\\\/05\\\/dogu-akdeniz-gundemi-yilmaz-ve-ozersayin-gorusmesinde\\\/\",\"url\":\"https:\\\/\\\/haberkuzey.com\\\/index.php\\\/2026\\\/03\\\/05\\\/dogu-akdeniz-gundemi-yilmaz-ve-ozersayin-gorusmesinde\\\/\",\"name\":\"Do\u011fu Akdeniz G\u00fcndemi Y\u0131lmaz ve \u00d6zersay\u2019\u0131n G\u00f6r\u00fc\u015fmesinde - Haber Kuzey\",\"isPartOf\":{\"@id\":\"https:\\\/\\\/haberkuzey.com\\\/#website\"},\"primaryImageOfPage\":{\"@id\":\"https:\\\/\\\/haberkuzey.com\\\/index.php\\\/2026\\\/03\\\/05\\\/dogu-akdeniz-gundemi-yilmaz-ve-ozersayin-gorusmesinde\\\/#primaryimage\"},\"image\":{\"@id\":\"https:\\\/\\\/haberkuzey.com\\\/index.php\\\/2026\\\/03\\\/05\\\/dogu-akdeniz-gundemi-yilmaz-ve-ozersayin-gorusmesinde\\\/#primaryimage\"},\"thumbnailUrl\":\"https:\\\/\\\/haberkuzey.com\\\/wp-content\\\/uploads\\\/2026\\\/03\\\/IMG_7904.jpeg\",\"datePublished\":\"2026-03-05T18:06:03+00:00\",\"author\":{\"@id\":\"https:\\\/\\\/haberkuzey.com\\\/#\\\/schema\\\/person\\\/3372109ec735f9333f4fa47ebb9605ca\"},\"breadcrumb\":{\"@id\":\"https:\\\/\\\/haberkuzey.com\\\/index.php\\\/2026\\\/03\\\/05\\\/dogu-akdeniz-gundemi-yilmaz-ve-ozersayin-gorusmesinde\\\/#breadcrumb\"},\"inLanguage\":\"tr\",\"potentialAction\":[{\"@type\":\"ReadAction\",\"target\":[\"https:\\\/\\\/haberkuzey.com\\\/index.php\\\/2026\\\/03\\\/05\\\/dogu-akdeniz-gundemi-yilmaz-ve-ozersayin-gorusmesinde\\\/\"]}]},{\"@type\":\"ImageObject\",\"inLanguage\":\"tr\",\"@id\":\"https:\\\/\\\/haberkuzey.com\\\/index.php\\\/2026\\\/03\\\/05\\\/dogu-akdeniz-gundemi-yilmaz-ve-ozersayin-gorusmesinde\\\/#primaryimage\",\"url\":\"https:\\\/\\\/haberkuzey.com\\\/wp-content\\\/uploads\\\/2026\\\/03\\\/IMG_7904.jpeg\",\"contentUrl\":\"https:\\\/\\\/haberkuzey.com\\\/wp-content\\\/uploads\\\/2026\\\/03\\\/IMG_7904.jpeg\",\"width\":2048,\"height\":1384},{\"@type\":\"BreadcrumbList\",\"@id\":\"https:\\\/\\\/haberkuzey.com\\\/index.php\\\/2026\\\/03\\\/05\\\/dogu-akdeniz-gundemi-yilmaz-ve-ozersayin-gorusmesinde\\\/#breadcrumb\",\"itemListElement\":[{\"@type\":\"ListItem\",\"position\":1,\"name\":\"Anasayfa\",\"item\":\"https:\\\/\\\/haberkuzey.com\\\/\"},{\"@type\":\"ListItem\",\"position\":2,\"name\":\"Do\u011fu Akdeniz G\u00fcndemi Y\u0131lmaz ve \u00d6zersay\u2019\u0131n G\u00f6r\u00fc\u015fmesinde\"}]},{\"@type\":\"WebSite\",\"@id\":\"https:\\\/\\\/haberkuzey.com\\\/#website\",\"url\":\"https:\\\/\\\/haberkuzey.com\\\/\",\"name\":\"Haber Kuzey\",\"description\":\"Do\u011fru Haberin Adresi\",\"potentialAction\":[{\"@type\":\"SearchAction\",\"target\":{\"@type\":\"EntryPoint\",\"urlTemplate\":\"https:\\\/\\\/haberkuzey.com\\\/?s={search_term_string}\"},\"query-input\":{\"@type\":\"PropertyValueSpecification\",\"valueRequired\":true,\"valueName\":\"search_term_string\"}}],\"inLanguage\":\"tr\"},{\"@type\":\"Person\",\"@id\":\"https:\\\/\\\/haberkuzey.com\\\/#\\\/schema\\\/person\\\/3372109ec735f9333f4fa47ebb9605ca\",\"name\":\"haberkuzey\",\"image\":{\"@type\":\"ImageObject\",\"inLanguage\":\"tr\",\"@id\":\"https:\\\/\\\/secure.gravatar.com\\\/avatar\\\/f5fc875574b1575324358c3b9e6a32b8227aa5b74f3fa22e3cadb63e26fcc39c?s=96&d=mm&r=g\",\"url\":\"https:\\\/\\\/secure.gravatar.com\\\/avatar\\\/f5fc875574b1575324358c3b9e6a32b8227aa5b74f3fa22e3cadb63e26fcc39c?s=96&d=mm&r=g\",\"contentUrl\":\"https:\\\/\\\/secure.gravatar.com\\\/avatar\\\/f5fc875574b1575324358c3b9e6a32b8227aa5b74f3fa22e3cadb63e26fcc39c?s=96&d=mm&r=g\",\"caption\":\"haberkuzey\"},\"sameAs\":[\"https:\\\/\\\/haberkuzey.com\"],\"url\":\"https:\\\/\\\/haberkuzey.com\\\/index.php\\\/author\\\/haberkuzey\\\/\"}]}<\/script>\n<!-- \/ Yoast SEO plugin. -->","yoast_head_json":{"title":"Do\u011fu Akdeniz G\u00fcndemi Y\u0131lmaz ve \u00d6zersay\u2019\u0131n G\u00f6r\u00fc\u015fmesinde - Haber Kuzey","robots":{"index":"index","follow":"follow","max-snippet":"max-snippet:-1","max-image-preview":"max-image-preview:large","max-video-preview":"max-video-preview:-1"},"canonical":"https:\/\/haberkuzey.com\/index.php\/2026\/03\/05\/dogu-akdeniz-gundemi-yilmaz-ve-ozersayin-gorusmesinde\/","og_locale":"tr_TR","og_type":"article","og_title":"Do\u011fu Akdeniz G\u00fcndemi Y\u0131lmaz ve \u00d6zersay\u2019\u0131n G\u00f6r\u00fc\u015fmesinde - Haber Kuzey","og_description":"G\u00f6r\u00fc\u015fmeyle ilgili sosyal medya hesab\u0131ndan a\u00e7\u0131klama yapan HP lideri Kudret \u00d6zersay, \u015fu ifadeleri kulland\u0131: \u201c\u00dclkemizi ziyaret eden T\u00fcrkiye Cumhuriyeti Cumhurba\u015fkan\u0131 Yard\u0131mc\u0131s\u0131 say\u0131n Cevdet Y\u0131lmaz ile bug\u00fcn bir g\u00f6r\u00fc\u015fme ger\u00e7ekle\u015ftirdik. B\u00f6lgemize de etkileri olan sava\u015f ve ba\u011flant\u0131l\u0131 d\u0131\u015f politika konular\u0131nda g\u00f6r\u00fc\u015f al\u0131\u015fveri\u015finde bulunduk. G\u00fcvenli\u011fimizin teminat\u0131 T\u00fcrkiye Cumhuriyeti konular\u0131 yak\u0131ndan takip ediyor.\u201d Do\u011fu Akdeniz G\u00fcndemi Y\u0131lmaz ve [&hellip;]","og_url":"https:\/\/haberkuzey.com\/index.php\/2026\/03\/05\/dogu-akdeniz-gundemi-yilmaz-ve-ozersayin-gorusmesinde\/","og_site_name":"Haber Kuzey","article_published_time":"2026-03-05T18:06:03+00:00","author":"haberkuzey","twitter_card":"summary_large_image","twitter_misc":{"Yazan:":"haberkuzey","Tahmini okuma s\u00fcresi":"1 dakika"},"schema":{"@context":"https:\/\/schema.org","@graph":[{"@type":"Article","@id":"https:\/\/haberkuzey.com\/index.php\/2026\/03\/05\/dogu-akdeniz-gundemi-yilmaz-ve-ozersayin-gorusmesinde\/#article","isPartOf":{"@id":"https:\/\/haberkuzey.com\/index.php\/2026\/03\/05\/dogu-akdeniz-gundemi-yilmaz-ve-ozersayin-gorusmesinde\/"},"author":{"name":"haberkuzey","@id":"https:\/\/haberkuzey.com\/#\/schema\/person\/3372109ec735f9333f4fa47ebb9605ca"},"headline":"Do\u011fu Akdeniz G\u00fcndemi Y\u0131lmaz ve \u00d6zersay\u2019\u0131n G\u00f6r\u00fc\u015fmesinde","datePublished":"2026-03-05T18:06:03+00:00","mainEntityOfPage":{"@id":"https:\/\/haberkuzey.com\/index.php\/2026\/03\/05\/dogu-akdeniz-gundemi-yilmaz-ve-ozersayin-gorusmesinde\/"},"wordCount":113,"commentCount":0,"image":{"@id":"https:\/\/haberkuzey.com\/index.php\/2026\/03\/05\/dogu-akdeniz-gundemi-yilmaz-ve-ozersayin-gorusmesinde\/#primaryimage"},"thumbnailUrl":"https:\/\/haberkuzey.com\/wp-content\/uploads\/2026\/03\/IMG_7904.jpeg","articleSection":["K\u0131br\u0131s"],"inLanguage":"tr","potentialAction":[{"@type":"CommentAction","name":"Comment","target":["https:\/\/haberkuzey.com\/index.php\/2026\/03\/05\/dogu-akdeniz-gundemi-yilmaz-ve-ozersayin-gorusmesinde\/#respond"]}]},{"@type":"WebPage","@id":"https:\/\/haberkuzey.com\/index.php\/2026\/03\/05\/dogu-akdeniz-gundemi-yilmaz-ve-ozersayin-gorusmesinde\/","url":"https:\/\/haberkuzey.com\/index.php\/2026\/03\/05\/dogu-akdeniz-gundemi-yilmaz-ve-ozersayin-gorusmesinde\/","name":"Do\u011fu Akdeniz G\u00fcndemi Y\u0131lmaz ve \u00d6zersay\u2019\u0131n G\u00f6r\u00fc\u015fmesinde - Haber Kuzey","isPartOf":{"@id":"https:\/\/haberkuzey.com\/#website"},"primaryImageOfPage":{"@id":"https:\/\/haberkuzey.com\/index.php\/2026\/03\/05\/dogu-akdeniz-gundemi-yilmaz-ve-ozersayin-gorusmesinde\/#primaryimage"},"image":{"@id":"https:\/\/haberkuzey.com\/index.php\/2026\/03\/05\/dogu-akdeniz-gundemi-yilmaz-ve-ozersayin-gorusmesinde\/#primaryimage"},"thumbnailUrl":"https:\/\/haberkuzey.com\/wp-content\/uploads\/2026\/03\/IMG_7904.jpeg","datePublished":"2026-03-05T18:06:03+00:00","author":{"@id":"https:\/\/haberkuzey.com\/#\/schema\/person\/3372109ec735f9333f4fa47ebb9605ca"},"breadcrumb":{"@id":"https:\/\/haberkuzey.com\/index.php\/2026\/03\/05\/dogu-akdeniz-gundemi-yilmaz-ve-ozersayin-gorusmesinde\/#breadcrumb"},"inLanguage":"tr","potentialAction":[{"@type":"ReadAction","target":["https:\/\/haberkuzey.com\/index.php\/2026\/03\/05\/dogu-akdeniz-gundemi-yilmaz-ve-ozersayin-gorusmesinde\/"]}]},{"@type":"ImageObject","inLanguage":"tr","@id":"https:\/\/haberkuzey.com\/index.php\/2026\/03\/05\/dogu-akdeniz-gundemi-yilmaz-ve-ozersayin-gorusmesinde\/#primaryimage","url":"https:\/\/haberkuzey.com\/wp-content\/uploads\/2026\/03\/IMG_7904.jpeg","contentUrl":"https:\/\/haberkuzey.com\/wp-content\/uploads\/2026\/03\/IMG_7904.jpeg","width":2048,"height":1384},{"@type":"BreadcrumbList","@id":"https:\/\/haberkuzey.com\/index.php\/2026\/03\/05\/dogu-akdeniz-gundemi-yilmaz-ve-ozersayin-gorusmesinde\/#breadcrumb","itemListElement":[{"@type":"ListItem","position":1,"name":"Anasayfa","item":"https:\/\/haberkuzey.com\/"},{"@type":"ListItem","position":2,"name":"Do\u011fu Akdeniz G\u00fcndemi Y\u0131lmaz ve \u00d6zersay\u2019\u0131n G\u00f6r\u00fc\u015fmesinde"}]},{"@type":"WebSite","@id":"https:\/\/haberkuzey.com\/#website","url":"https:\/\/haberkuzey.com\/","name":"Haber Kuzey","description":"Do\u011fru Haberin Adresi","potentialAction":[{"@type":"SearchAction","target":{"@type":"EntryPoint","urlTemplate":"https:\/\/haberkuzey.com\/?s={search_term_string}"},"query-input":{"@type":"PropertyValueSpecification","valueRequired":true,"valueName":"search_term_string"}}],"inLanguage":"tr"},{"@type":"Person","@id":"https:\/\/haberkuzey.com\/#\/schema\/person\/3372109ec735f9333f4fa47ebb9605ca","name":"haberkuzey","image":{"@type":"ImageObject","inLanguage":"tr","@id":"https:\/\/secure.gravatar.com\/avatar\/f5fc875574b1575324358c3b9e6a32b8227aa5b74f3fa22e3cadb63e26fcc39c?s=96&d=mm&r=g","url":"https:\/\/secure.gravatar.com\/avatar\/f5fc875574b1575324358c3b9e6a32b8227aa5b74f3fa22e3cadb63e26fcc39c?s=96&d=mm&r=g","contentUrl":"https:\/\/secure.gravatar.com\/avatar\/f5fc875574b1575324358c3b9e6a32b8227aa5b74f3fa22e3cadb63e26fcc39c?s=96&d=mm&r=g","caption":"haberkuzey"},"sameAs":["https:\/\/haberkuzey.com"],"url":"https:\/\/haberkuzey.com\/index.php\/author\/haberkuzey\/"}]}},"_links":{"self":[{"href":"https:\/\/haberkuzey.com\/index.php\/wp-json\/wp\/v2\/posts\/35004","targetHints":{"allow":["GET"]}}],"collection":[{"href":"https:\/\/haberkuzey.com\/index.php\/wp-json\/wp\/v2\/posts"}],"about":[{"href":"https:\/\/haberkuzey.com\/index.php\/wp-json\/wp\/v2\/types\/post"}],"author":[{"embeddable":true,"href":"https:\/\/haberkuzey.com\/index.php\/wp-json\/wp\/v2\/users\/1"}],"replies":[{"embeddable":true,"href":"https:\/\/haberkuzey.com\/index.php\/wp-json\/wp\/v2\/comments?post=35004"}],"version-history":[{"count":0,"href":"https:\/\/haberkuzey.com\/index.php\/wp-json\/wp\/v2\/posts\/35004\/revisions"}],"wp:featuredmedia":[{"embeddable":true,"href":"https:\/\/haberkuzey.com\/index.php\/wp-json\/wp\/v2\/media\/35005"}],"wp:attachment":[{"href":"https:\/\/haberkuzey.com\/index.php\/wp-json\/wp\/v2\/media?parent=35004"}],"wp:term":[{"taxonomy":"category","embeddable":true,"href":"https:\/\/haberkuzey.com\/index.php\/wp-json\/wp\/v2\/categories?post=35004"},{"taxonomy":"post_tag","embeddable":true,"href":"https:\/\/haberkuzey.com\/index.php\/wp-json\/wp\/v2\/tags?post=35004"}],"curies":[{"name":"wp","href":"https:\/\/api.w.org\/{rel}","templated":true}]}}