{"id":35002,"date":"2026-03-05T17:21:05","date_gmt":"2026-03-05T15:21:05","guid":{"rendered":"https:\/\/haberkuzey.com\/index.php\/2026\/03\/05\/erhurman-yunanistan-savunma-bakaninin-aciklamasini-elestirdi\/"},"modified":"2026-03-05T17:21:05","modified_gmt":"2026-03-05T15:21:05","slug":"erhurman-yunanistan-savunma-bakaninin-aciklamasini-elestirdi","status":"publish","type":"post","link":"https:\/\/haberkuzey.com\/index.php\/2026\/03\/05\/erhurman-yunanistan-savunma-bakaninin-aciklamasini-elestirdi\/","title":{"rendered":"Erh\u00fcrman, Yunanistan Savunma Bakan\u0131\u2019n\u0131n a\u00e7\u0131klamas\u0131n\u0131 ele\u015ftirdi"},"content":{"rendered":"<p>Sosyal medya hesab\u0131 \u00fczerinden yapt\u0131\u011f\u0131 a\u00e7\u0131klamada, rasyonel d\u00fc\u015f\u00fcnen, bar\u0131\u015f\u0131 ve uygarl\u0131\u011f\u0131 savunan herkesin d\u00fcnyada ve b\u00f6lgede gerilimin daha da t\u0131rmanmamas\u0131, bir an \u00f6nce diplomasi ve diyalog yoluyla uluslararas\u0131 hukuk zemininde g\u00f6r\u00fc\u015fmelere d\u00f6n\u00fclmesi i\u00e7in \u00e7a\u011fr\u0131 yap\u0131p, \u00e7aba g\u00f6sterdi\u011fini belirten Erh\u00fcrman, \u015funlar\u0131 da kaydetti:<\/p>\n<p>\u201cTam da b\u00f6yle bir d\u00f6nemde, Yunanistan Savunma Bakan\u0131 Say\u0131n Dendias\u2019\u0131n, K\u0131br\u0131s sorunu, K\u0131br\u0131sl\u0131 T\u00fcrkler ve T\u00fcrkiye ile ilgili son derece anlams\u0131z a\u00e7\u0131klamalar yapmas\u0131, en hafif tabiriyle, i\u00e7inden ge\u00e7ti\u011fimiz d\u00f6nemin gerektirdi\u011fi sorumluluk duygusuyla ve ciddiyetle ba\u011fda\u015fmamaktad\u0131r.\u201d<\/p>\n<p>Erh\u00fcrman, Yunanistan Savunma Bakan\u0131\u2019n\u0131n a\u00e7\u0131klamas\u0131n\u0131 ele\u015ftirdi yaz\u0131s\u0131 ilk \u00f6nce K\u0131br\u0131s Hakikat \u00fczerinde ortaya \u00e7\u0131kt\u0131.<\/p>\n","protected":false},"excerpt":{"rendered":"<p>Sosyal medya hesab\u0131 \u00fczerinden yapt\u0131\u011f\u0131 a\u00e7\u0131klamada, rasyonel d\u00fc\u015f\u00fcnen, bar\u0131\u015f\u0131 ve uygarl\u0131\u011f\u0131 savunan herkesin d\u00fcnyada ve b\u00f6lgede gerilimin daha da t\u0131rmanmamas\u0131, bir an \u00f6nce diplomasi ve diyalog yoluyla uluslararas\u0131 hukuk zemininde g\u00f6r\u00fc\u015fmelere d\u00f6n\u00fclmesi i\u00e7in \u00e7a\u011fr\u0131 yap\u0131p, \u00e7aba g\u00f6sterdi\u011fini belirten Erh\u00fcrman, \u015funlar\u0131 da kaydetti: \u201cTam da b\u00f6yle bir d\u00f6nemde, Yunanistan Savunma Bakan\u0131 Say\u0131n Dendias\u2019\u0131n, K\u0131br\u0131s sorunu, K\u0131br\u0131sl\u0131 [&hellip;]<\/p>\n","protected":false},"author":1,"featured_media":35003,"comment_status":"open","ping_status":"open","sticky":false,"template":"","format":"standard","meta":{"jnews-multi-image_gallery":[],"jnews_single_post":[],"jnews_primary_category":[],"footnotes":""},"categories":[1],"tags":[],"class_list":["post-35002","post","type-post","status-publish","format-standard","has-post-thumbnail","hentry","category-kibris"],"yoast_head":"<!-- This site is optimized with the Yoast SEO plugin v27.5 - https:\/\/yoast.com\/product\/yoast-seo-wordpress\/ -->\n<title>Erh\u00fcrman, Yunanistan Savunma Bakan\u0131\u2019n\u0131n a\u00e7\u0131klamas\u0131n\u0131 ele\u015ftirdi - Haber Kuzey<\/title>\n<meta name=\"robots\" content=\"index, follow, max-snippet:-1, max-image-preview:large, max-video-preview:-1\" \/>\n<link rel=\"canonical\" href=\"https:\/\/haberkuzey.com\/index.php\/2026\/03\/05\/erhurman-yunanistan-savunma-bakaninin-aciklamasini-elestirdi\/\" \/>\n<meta property=\"og:locale\" content=\"tr_TR\" \/>\n<meta property=\"og:type\" content=\"article\" \/>\n<meta property=\"og:title\" content=\"Erh\u00fcrman, Yunanistan Savunma Bakan\u0131\u2019n\u0131n a\u00e7\u0131klamas\u0131n\u0131 ele\u015ftirdi - Haber Kuzey\" \/>\n<meta property=\"og:description\" content=\"Sosyal medya hesab\u0131 \u00fczerinden yapt\u0131\u011f\u0131 a\u00e7\u0131klamada, rasyonel d\u00fc\u015f\u00fcnen, bar\u0131\u015f\u0131 ve uygarl\u0131\u011f\u0131 savunan herkesin d\u00fcnyada ve b\u00f6lgede gerilimin daha da t\u0131rmanmamas\u0131, bir an \u00f6nce diplomasi ve diyalog yoluyla uluslararas\u0131 hukuk zemininde g\u00f6r\u00fc\u015fmelere d\u00f6n\u00fclmesi i\u00e7in \u00e7a\u011fr\u0131 yap\u0131p, \u00e7aba g\u00f6sterdi\u011fini belirten Erh\u00fcrman, \u015funlar\u0131 da kaydetti: \u201cTam da b\u00f6yle bir d\u00f6nemde, Yunanistan Savunma Bakan\u0131 Say\u0131n Dendias\u2019\u0131n, K\u0131br\u0131s sorunu, K\u0131br\u0131sl\u0131 [&hellip;]\" \/>\n<meta property=\"og:url\" content=\"https:\/\/haberkuzey.com\/index.php\/2026\/03\/05\/erhurman-yunanistan-savunma-bakaninin-aciklamasini-elestirdi\/\" \/>\n<meta property=\"og:site_name\" content=\"Haber Kuzey\" \/>\n<meta property=\"article:published_time\" content=\"2026-03-05T15:21:05+00:00\" \/>\n<meta name=\"author\" content=\"haberkuzey\" \/>\n<meta name=\"twitter:card\" content=\"summary_large_image\" \/>\n<meta name=\"twitter:label1\" content=\"Yazan:\" \/>\n\t<meta name=\"twitter:data1\" content=\"haberkuzey\" \/>\n\t<meta name=\"twitter:label2\" content=\"Tahmini okuma s\u00fcresi\" \/>\n\t<meta name=\"twitter:data2\" content=\"1 dakika\" \/>\n<script type=\"application\/ld+json\" class=\"yoast-schema-graph\">{\"@context\":\"https:\\\/\\\/schema.org\",\"@graph\":[{\"@type\":\"Article\",\"@id\":\"https:\\\/\\\/haberkuzey.com\\\/index.php\\\/2026\\\/03\\\/05\\\/erhurman-yunanistan-savunma-bakaninin-aciklamasini-elestirdi\\\/#article\",\"isPartOf\":{\"@id\":\"https:\\\/\\\/haberkuzey.com\\\/index.php\\\/2026\\\/03\\\/05\\\/erhurman-yunanistan-savunma-bakaninin-aciklamasini-elestirdi\\\/\"},\"author\":{\"name\":\"haberkuzey\",\"@id\":\"https:\\\/\\\/haberkuzey.com\\\/#\\\/schema\\\/person\\\/3372109ec735f9333f4fa47ebb9605ca\"},\"headline\":\"Erh\u00fcrman, Yunanistan Savunma Bakan\u0131\u2019n\u0131n a\u00e7\u0131klamas\u0131n\u0131 ele\u015ftirdi\",\"datePublished\":\"2026-03-05T15:21:05+00:00\",\"mainEntityOfPage\":{\"@id\":\"https:\\\/\\\/haberkuzey.com\\\/index.php\\\/2026\\\/03\\\/05\\\/erhurman-yunanistan-savunma-bakaninin-aciklamasini-elestirdi\\\/\"},\"wordCount\":147,\"commentCount\":0,\"image\":{\"@id\":\"https:\\\/\\\/haberkuzey.com\\\/index.php\\\/2026\\\/03\\\/05\\\/erhurman-yunanistan-savunma-bakaninin-aciklamasini-elestirdi\\\/#primaryimage\"},\"thumbnailUrl\":\"https:\\\/\\\/haberkuzey.com\\\/wp-content\\\/uploads\\\/2026\\\/03\\\/IMG_7893.jpeg\",\"articleSection\":[\"K\u0131br\u0131s\"],\"inLanguage\":\"tr\",\"potentialAction\":[{\"@type\":\"CommentAction\",\"name\":\"Comment\",\"target\":[\"https:\\\/\\\/haberkuzey.com\\\/index.php\\\/2026\\\/03\\\/05\\\/erhurman-yunanistan-savunma-bakaninin-aciklamasini-elestirdi\\\/#respond\"]}]},{\"@type\":\"WebPage\",\"@id\":\"https:\\\/\\\/haberkuzey.com\\\/index.php\\\/2026\\\/03\\\/05\\\/erhurman-yunanistan-savunma-bakaninin-aciklamasini-elestirdi\\\/\",\"url\":\"https:\\\/\\\/haberkuzey.com\\\/index.php\\\/2026\\\/03\\\/05\\\/erhurman-yunanistan-savunma-bakaninin-aciklamasini-elestirdi\\\/\",\"name\":\"Erh\u00fcrman, Yunanistan Savunma Bakan\u0131\u2019n\u0131n a\u00e7\u0131klamas\u0131n\u0131 ele\u015ftirdi - Haber Kuzey\",\"isPartOf\":{\"@id\":\"https:\\\/\\\/haberkuzey.com\\\/#website\"},\"primaryImageOfPage\":{\"@id\":\"https:\\\/\\\/haberkuzey.com\\\/index.php\\\/2026\\\/03\\\/05\\\/erhurman-yunanistan-savunma-bakaninin-aciklamasini-elestirdi\\\/#primaryimage\"},\"image\":{\"@id\":\"https:\\\/\\\/haberkuzey.com\\\/index.php\\\/2026\\\/03\\\/05\\\/erhurman-yunanistan-savunma-bakaninin-aciklamasini-elestirdi\\\/#primaryimage\"},\"thumbnailUrl\":\"https:\\\/\\\/haberkuzey.com\\\/wp-content\\\/uploads\\\/2026\\\/03\\\/IMG_7893.jpeg\",\"datePublished\":\"2026-03-05T15:21:05+00:00\",\"author\":{\"@id\":\"https:\\\/\\\/haberkuzey.com\\\/#\\\/schema\\\/person\\\/3372109ec735f9333f4fa47ebb9605ca\"},\"breadcrumb\":{\"@id\":\"https:\\\/\\\/haberkuzey.com\\\/index.php\\\/2026\\\/03\\\/05\\\/erhurman-yunanistan-savunma-bakaninin-aciklamasini-elestirdi\\\/#breadcrumb\"},\"inLanguage\":\"tr\",\"potentialAction\":[{\"@type\":\"ReadAction\",\"target\":[\"https:\\\/\\\/haberkuzey.com\\\/index.php\\\/2026\\\/03\\\/05\\\/erhurman-yunanistan-savunma-bakaninin-aciklamasini-elestirdi\\\/\"]}]},{\"@type\":\"ImageObject\",\"inLanguage\":\"tr\",\"@id\":\"https:\\\/\\\/haberkuzey.com\\\/index.php\\\/2026\\\/03\\\/05\\\/erhurman-yunanistan-savunma-bakaninin-aciklamasini-elestirdi\\\/#primaryimage\",\"url\":\"https:\\\/\\\/haberkuzey.com\\\/wp-content\\\/uploads\\\/2026\\\/03\\\/IMG_7893.jpeg\",\"contentUrl\":\"https:\\\/\\\/haberkuzey.com\\\/wp-content\\\/uploads\\\/2026\\\/03\\\/IMG_7893.jpeg\",\"width\":1719,\"height\":917},{\"@type\":\"BreadcrumbList\",\"@id\":\"https:\\\/\\\/haberkuzey.com\\\/index.php\\\/2026\\\/03\\\/05\\\/erhurman-yunanistan-savunma-bakaninin-aciklamasini-elestirdi\\\/#breadcrumb\",\"itemListElement\":[{\"@type\":\"ListItem\",\"position\":1,\"name\":\"Anasayfa\",\"item\":\"https:\\\/\\\/haberkuzey.com\\\/\"},{\"@type\":\"ListItem\",\"position\":2,\"name\":\"Erh\u00fcrman, Yunanistan Savunma Bakan\u0131\u2019n\u0131n a\u00e7\u0131klamas\u0131n\u0131 ele\u015ftirdi\"}]},{\"@type\":\"WebSite\",\"@id\":\"https:\\\/\\\/haberkuzey.com\\\/#website\",\"url\":\"https:\\\/\\\/haberkuzey.com\\\/\",\"name\":\"Haber Kuzey\",\"description\":\"Do\u011fru Haberin Adresi\",\"potentialAction\":[{\"@type\":\"SearchAction\",\"target\":{\"@type\":\"EntryPoint\",\"urlTemplate\":\"https:\\\/\\\/haberkuzey.com\\\/?s={search_term_string}\"},\"query-input\":{\"@type\":\"PropertyValueSpecification\",\"valueRequired\":true,\"valueName\":\"search_term_string\"}}],\"inLanguage\":\"tr\"},{\"@type\":\"Person\",\"@id\":\"https:\\\/\\\/haberkuzey.com\\\/#\\\/schema\\\/person\\\/3372109ec735f9333f4fa47ebb9605ca\",\"name\":\"haberkuzey\",\"image\":{\"@type\":\"ImageObject\",\"inLanguage\":\"tr\",\"@id\":\"https:\\\/\\\/secure.gravatar.com\\\/avatar\\\/f5fc875574b1575324358c3b9e6a32b8227aa5b74f3fa22e3cadb63e26fcc39c?s=96&d=mm&r=g\",\"url\":\"https:\\\/\\\/secure.gravatar.com\\\/avatar\\\/f5fc875574b1575324358c3b9e6a32b8227aa5b74f3fa22e3cadb63e26fcc39c?s=96&d=mm&r=g\",\"contentUrl\":\"https:\\\/\\\/secure.gravatar.com\\\/avatar\\\/f5fc875574b1575324358c3b9e6a32b8227aa5b74f3fa22e3cadb63e26fcc39c?s=96&d=mm&r=g\",\"caption\":\"haberkuzey\"},\"sameAs\":[\"https:\\\/\\\/haberkuzey.com\"],\"url\":\"https:\\\/\\\/haberkuzey.com\\\/index.php\\\/author\\\/haberkuzey\\\/\"}]}<\/script>\n<!-- \/ Yoast SEO plugin. -->","yoast_head_json":{"title":"Erh\u00fcrman, Yunanistan Savunma Bakan\u0131\u2019n\u0131n a\u00e7\u0131klamas\u0131n\u0131 ele\u015ftirdi - Haber Kuzey","robots":{"index":"index","follow":"follow","max-snippet":"max-snippet:-1","max-image-preview":"max-image-preview:large","max-video-preview":"max-video-preview:-1"},"canonical":"https:\/\/haberkuzey.com\/index.php\/2026\/03\/05\/erhurman-yunanistan-savunma-bakaninin-aciklamasini-elestirdi\/","og_locale":"tr_TR","og_type":"article","og_title":"Erh\u00fcrman, Yunanistan Savunma Bakan\u0131\u2019n\u0131n a\u00e7\u0131klamas\u0131n\u0131 ele\u015ftirdi - Haber Kuzey","og_description":"Sosyal medya hesab\u0131 \u00fczerinden yapt\u0131\u011f\u0131 a\u00e7\u0131klamada, rasyonel d\u00fc\u015f\u00fcnen, bar\u0131\u015f\u0131 ve uygarl\u0131\u011f\u0131 savunan herkesin d\u00fcnyada ve b\u00f6lgede gerilimin daha da t\u0131rmanmamas\u0131, bir an \u00f6nce diplomasi ve diyalog yoluyla uluslararas\u0131 hukuk zemininde g\u00f6r\u00fc\u015fmelere d\u00f6n\u00fclmesi i\u00e7in \u00e7a\u011fr\u0131 yap\u0131p, \u00e7aba g\u00f6sterdi\u011fini belirten Erh\u00fcrman, \u015funlar\u0131 da kaydetti: \u201cTam da b\u00f6yle bir d\u00f6nemde, Yunanistan Savunma Bakan\u0131 Say\u0131n Dendias\u2019\u0131n, K\u0131br\u0131s sorunu, K\u0131br\u0131sl\u0131 [&hellip;]","og_url":"https:\/\/haberkuzey.com\/index.php\/2026\/03\/05\/erhurman-yunanistan-savunma-bakaninin-aciklamasini-elestirdi\/","og_site_name":"Haber Kuzey","article_published_time":"2026-03-05T15:21:05+00:00","author":"haberkuzey","twitter_card":"summary_large_image","twitter_misc":{"Yazan:":"haberkuzey","Tahmini okuma s\u00fcresi":"1 dakika"},"schema":{"@context":"https:\/\/schema.org","@graph":[{"@type":"Article","@id":"https:\/\/haberkuzey.com\/index.php\/2026\/03\/05\/erhurman-yunanistan-savunma-bakaninin-aciklamasini-elestirdi\/#article","isPartOf":{"@id":"https:\/\/haberkuzey.com\/index.php\/2026\/03\/05\/erhurman-yunanistan-savunma-bakaninin-aciklamasini-elestirdi\/"},"author":{"name":"haberkuzey","@id":"https:\/\/haberkuzey.com\/#\/schema\/person\/3372109ec735f9333f4fa47ebb9605ca"},"headline":"Erh\u00fcrman, Yunanistan Savunma Bakan\u0131\u2019n\u0131n a\u00e7\u0131klamas\u0131n\u0131 ele\u015ftirdi","datePublished":"2026-03-05T15:21:05+00:00","mainEntityOfPage":{"@id":"https:\/\/haberkuzey.com\/index.php\/2026\/03\/05\/erhurman-yunanistan-savunma-bakaninin-aciklamasini-elestirdi\/"},"wordCount":147,"commentCount":0,"image":{"@id":"https:\/\/haberkuzey.com\/index.php\/2026\/03\/05\/erhurman-yunanistan-savunma-bakaninin-aciklamasini-elestirdi\/#primaryimage"},"thumbnailUrl":"https:\/\/haberkuzey.com\/wp-content\/uploads\/2026\/03\/IMG_7893.jpeg","articleSection":["K\u0131br\u0131s"],"inLanguage":"tr","potentialAction":[{"@type":"CommentAction","name":"Comment","target":["https:\/\/haberkuzey.com\/index.php\/2026\/03\/05\/erhurman-yunanistan-savunma-bakaninin-aciklamasini-elestirdi\/#respond"]}]},{"@type":"WebPage","@id":"https:\/\/haberkuzey.com\/index.php\/2026\/03\/05\/erhurman-yunanistan-savunma-bakaninin-aciklamasini-elestirdi\/","url":"https:\/\/haberkuzey.com\/index.php\/2026\/03\/05\/erhurman-yunanistan-savunma-bakaninin-aciklamasini-elestirdi\/","name":"Erh\u00fcrman, Yunanistan Savunma Bakan\u0131\u2019n\u0131n a\u00e7\u0131klamas\u0131n\u0131 ele\u015ftirdi - Haber Kuzey","isPartOf":{"@id":"https:\/\/haberkuzey.com\/#website"},"primaryImageOfPage":{"@id":"https:\/\/haberkuzey.com\/index.php\/2026\/03\/05\/erhurman-yunanistan-savunma-bakaninin-aciklamasini-elestirdi\/#primaryimage"},"image":{"@id":"https:\/\/haberkuzey.com\/index.php\/2026\/03\/05\/erhurman-yunanistan-savunma-bakaninin-aciklamasini-elestirdi\/#primaryimage"},"thumbnailUrl":"https:\/\/haberkuzey.com\/wp-content\/uploads\/2026\/03\/IMG_7893.jpeg","datePublished":"2026-03-05T15:21:05+00:00","author":{"@id":"https:\/\/haberkuzey.com\/#\/schema\/person\/3372109ec735f9333f4fa47ebb9605ca"},"breadcrumb":{"@id":"https:\/\/haberkuzey.com\/index.php\/2026\/03\/05\/erhurman-yunanistan-savunma-bakaninin-aciklamasini-elestirdi\/#breadcrumb"},"inLanguage":"tr","potentialAction":[{"@type":"ReadAction","target":["https:\/\/haberkuzey.com\/index.php\/2026\/03\/05\/erhurman-yunanistan-savunma-bakaninin-aciklamasini-elestirdi\/"]}]},{"@type":"ImageObject","inLanguage":"tr","@id":"https:\/\/haberkuzey.com\/index.php\/2026\/03\/05\/erhurman-yunanistan-savunma-bakaninin-aciklamasini-elestirdi\/#primaryimage","url":"https:\/\/haberkuzey.com\/wp-content\/uploads\/2026\/03\/IMG_7893.jpeg","contentUrl":"https:\/\/haberkuzey.com\/wp-content\/uploads\/2026\/03\/IMG_7893.jpeg","width":1719,"height":917},{"@type":"BreadcrumbList","@id":"https:\/\/haberkuzey.com\/index.php\/2026\/03\/05\/erhurman-yunanistan-savunma-bakaninin-aciklamasini-elestirdi\/#breadcrumb","itemListElement":[{"@type":"ListItem","position":1,"name":"Anasayfa","item":"https:\/\/haberkuzey.com\/"},{"@type":"ListItem","position":2,"name":"Erh\u00fcrman, Yunanistan Savunma Bakan\u0131\u2019n\u0131n a\u00e7\u0131klamas\u0131n\u0131 ele\u015ftirdi"}]},{"@type":"WebSite","@id":"https:\/\/haberkuzey.com\/#website","url":"https:\/\/haberkuzey.com\/","name":"Haber Kuzey","description":"Do\u011fru Haberin Adresi","potentialAction":[{"@type":"SearchAction","target":{"@type":"EntryPoint","urlTemplate":"https:\/\/haberkuzey.com\/?s={search_term_string}"},"query-input":{"@type":"PropertyValueSpecification","valueRequired":true,"valueName":"search_term_string"}}],"inLanguage":"tr"},{"@type":"Person","@id":"https:\/\/haberkuzey.com\/#\/schema\/person\/3372109ec735f9333f4fa47ebb9605ca","name":"haberkuzey","image":{"@type":"ImageObject","inLanguage":"tr","@id":"https:\/\/secure.gravatar.com\/avatar\/f5fc875574b1575324358c3b9e6a32b8227aa5b74f3fa22e3cadb63e26fcc39c?s=96&d=mm&r=g","url":"https:\/\/secure.gravatar.com\/avatar\/f5fc875574b1575324358c3b9e6a32b8227aa5b74f3fa22e3cadb63e26fcc39c?s=96&d=mm&r=g","contentUrl":"https:\/\/secure.gravatar.com\/avatar\/f5fc875574b1575324358c3b9e6a32b8227aa5b74f3fa22e3cadb63e26fcc39c?s=96&d=mm&r=g","caption":"haberkuzey"},"sameAs":["https:\/\/haberkuzey.com"],"url":"https:\/\/haberkuzey.com\/index.php\/author\/haberkuzey\/"}]}},"_links":{"self":[{"href":"https:\/\/haberkuzey.com\/index.php\/wp-json\/wp\/v2\/posts\/35002","targetHints":{"allow":["GET"]}}],"collection":[{"href":"https:\/\/haberkuzey.com\/index.php\/wp-json\/wp\/v2\/posts"}],"about":[{"href":"https:\/\/haberkuzey.com\/index.php\/wp-json\/wp\/v2\/types\/post"}],"author":[{"embeddable":true,"href":"https:\/\/haberkuzey.com\/index.php\/wp-json\/wp\/v2\/users\/1"}],"replies":[{"embeddable":true,"href":"https:\/\/haberkuzey.com\/index.php\/wp-json\/wp\/v2\/comments?post=35002"}],"version-history":[{"count":0,"href":"https:\/\/haberkuzey.com\/index.php\/wp-json\/wp\/v2\/posts\/35002\/revisions"}],"wp:featuredmedia":[{"embeddable":true,"href":"https:\/\/haberkuzey.com\/index.php\/wp-json\/wp\/v2\/media\/35003"}],"wp:attachment":[{"href":"https:\/\/haberkuzey.com\/index.php\/wp-json\/wp\/v2\/media?parent=35002"}],"wp:term":[{"taxonomy":"category","embeddable":true,"href":"https:\/\/haberkuzey.com\/index.php\/wp-json\/wp\/v2\/categories?post=35002"},{"taxonomy":"post_tag","embeddable":true,"href":"https:\/\/haberkuzey.com\/index.php\/wp-json\/wp\/v2\/tags?post=35002"}],"curies":[{"name":"wp","href":"https:\/\/api.w.org\/{rel}","templated":true}]}}