{"id":35000,"date":"2026-03-05T17:09:08","date_gmt":"2026-03-05T15:09:08","guid":{"rendered":"https:\/\/haberkuzey.com\/index.php\/2026\/03\/05\/rum-yonetiminin-asiri-silahlanma-politikasi-adayi-tehlikeye-atti\/"},"modified":"2026-03-05T17:09:08","modified_gmt":"2026-03-05T15:09:08","slug":"rum-yonetiminin-asiri-silahlanma-politikasi-adayi-tehlikeye-atti","status":"publish","type":"post","link":"https:\/\/haberkuzey.com\/index.php\/2026\/03\/05\/rum-yonetiminin-asiri-silahlanma-politikasi-adayi-tehlikeye-atti\/","title":{"rendered":"Rum Y\u00f6netiminin a\u015f\u0131r\u0131 silahlanma politikas\u0131 aday\u0131 tehlikeye att\u0131"},"content":{"rendered":"<p>D\u0131\u015fi\u015fleri Bakan\u0131 Tahsin Ertu\u011frulo\u011flu, Rum y\u00f6netiminin a\u015f\u0131r\u0131 silahlanma politikas\u0131n\u0131n aday\u0131 tehlikeye att\u0131\u011f\u0131na dikkat \u00e7ekti.<\/p>\n<p>Ertu\u011frulo\u011flu, ate\u015f \u00e7emberinde ya\u015fad\u0131klar\u0131n\u0131 ama T\u00fcrk Silahl\u0131 Kuvvetleri\u2019nin (TSK) cayd\u0131r\u0131c\u0131 g\u00fcc\u00fcnden dolay\u0131 KKTC\u2019de, K\u0131br\u0131s T\u00fcrk halk\u0131n\u0131n gayet rahat, kendini g\u00fcvende hissetti\u011fini de vurgulad\u0131.<\/p>\n<p>D\u0131\u015fi\u015fleri Bakanl\u0131\u011f\u0131ndan verilen bilgiye g\u00f6re, TRT Haber\u2019e a\u00e7\u0131klama yapan D\u0131\u015fi\u015fleri Bakan\u0131 Ertu\u011frulo\u011flu, \u201cT\u00fcrk Silahl\u0131 Kuvvetleri\u2019nin cayd\u0131r\u0131c\u0131 g\u00fcc\u00fc nedeniyle bir endi\u015femiz yok\u201d dedi.<\/p>\n<p>Rum y\u00f6netiminin silahlanmas\u0131n\u0131n temel nedeninin; T\u00fcrkiye&#8217;ye y\u00f6nelik tutumlar\u0131 oldu\u011funu ifade eden D\u0131\u015fi\u015fleri Bakan\u0131 Eru\u011frulo\u011flu, kim T\u00fcrkiye kar\u015f\u0131t\u0131 ise Rumlar\u0131n onlarla m\u00fcttefik oldu\u011funu, silah ve savunma anla\u015fmas\u0131 yapt\u0131\u011f\u0131n\u0131 kaydetti.<\/p>\n<p>&#8220;YA\u015eANAN S\u00dcRE\u00c7 \u0130K\u0130 DEVLETL\u0130 \u00c7\u00d6Z\u00dcM\u00dcN \u00c7NEM\u0130N\u0130 B\u0130R KEZ DAHA ORTAYA KOYDU&#8221;<\/p>\n<p>Ertu\u011frulo\u011flu, ya\u015fanan s\u00fcrecin iki devletli \u00e7\u00f6z\u00fcm\u00fcn \u00f6nemini bir kez daha ortaya koydu\u011funu vurgulad\u0131.<\/p>\n<p>Rumlar\u0131n, t\u00fcm uyar\u0131lara ra\u011fmen tansiyonu art\u0131r\u0131c\u0131 silahlanmas\u0131n\u0131 s\u00fcrd\u00fcrd\u00fc\u011f\u00fcn\u00fc, \u015fu anda ya\u015fanan s\u00fcre\u00e7te de \u201cne kadar abileri varsa onlar\u0131n kap\u0131s\u0131n\u0131 \u00e7al\u0131p \u2018aman gelin bizi kurtar\u0131n\u2019 dedi\u011fini\u201d ifade eden Ertu\u011frulo\u011flu, Rumlar\u0131n tavr\u0131n\u0131n \u00f6zelde G\u00fcney K\u0131br\u0131s\u2019\u0131, genelde ise aday\u0131 ABD-\u0130srail ve \u0130ran sava\u015f\u0131nda hedef haline getirdi\u011fini kaydetti.<\/p>\n<p>Rumlar\u0131n \u201csilahlanmalar\u0131ndan dolay\u0131 de\u011fil de \u0130ngiliz Egemen \u00dcslerinin kullan\u0131lmas\u0131ndan dolay\u0131 adan\u0131n askeri hedef haline geldi\u011fini\u201d s\u00f6yleyerek, hatalar\u0131n\u0131 saklamaya \u00e7al\u0131\u015ft\u0131\u011f\u0131na i\u015faret eden Ertu\u011frulo\u011flu, \u0130ngiliz \u00fcslerinin ge\u00e7mi\u015f krizlerde de kullan\u0131ld\u0131\u011f\u0131n\u0131, bu nedenle de hedef oldu\u011funu ama esas Rumlar\u0131n yanl\u0131\u015f politikalar\u0131n\u0131n aday\u0131 tehlikeye att\u0131\u011f\u0131n\u0131 kaydetti.<\/p>\n<p>&#8220;RUMLARIN HADS\u0130ZL\u0130\u011e\u0130NDEN, \u015eIMARTILMI\u015e OLMALARINDAN&#8230;&#8221;<\/p>\n<p>T\u00fcrk Silahl\u0131 Kuvvetleri\u2019nin 1974\u2019ten bu yana, cayd\u0131r\u0131c\u0131 askeri g\u00fcc\u00fcnden dolay\u0131 adada bar\u0131\u015f, huzur, istikrar ve g\u00fcven ortam\u0131 sa\u011flad\u0131\u011f\u0131n\u0131 vurgulayan Ertu\u011frulo\u011flu, \u201cRumlar\u0131n hadsizli\u011finden, \u015f\u0131mart\u0131lm\u0131\u015f olmalar\u0131ndan, K\u0131br\u0131s Cumhuriyeti devleti ve h\u00fck\u00fcmetiymi\u015f gibi muamele g\u00f6rmelerinden, a\u015f\u0131r\u0131 silahlanmalar\u0131 ve T\u00fcrkiye\u2019yi adadan \u00e7\u0131karabileceklerini d\u00fc\u015f\u00fcnecek kadar \u00e7\u0131lg\u0131nla\u015fma noktas\u0131na gelmelerinden dolay\u0131 bu krizi ya\u015f\u0131yoruz\u201d dedi.<\/p>\n<p>Kuzey K\u0131br\u0131s&#8217;\u0131n herhangi bir \u00fclkenin askeri hedefi olmad\u0131\u011f\u0131n\u0131, bunun nedenin de T\u00fcrk Silahl\u0131 Kuvvetleri\u2019nin adadaki cayd\u0131r\u0131c\u0131 g\u00fcc\u00fc oldu\u011funu vurgulayan D\u0131\u015fi\u015fleri Bakan\u0131 Ertu\u011frulo\u011flu, \u015f\u00f6yle konu\u015ftu:<\/p>\n<p>\u201c\u015eunu vurgulamak isterim; K\u0131br\u0131s T\u00fcrk halk\u0131n\u0131n paniklemesini gerektirecek, g\u00fcvensizlik duymas\u0131n\u0131 gerektirecek durumda de\u011filiz. KKTC herhangi bir \u00fclkenin askeri hedefi halinde bir \u00fclke de\u011fil. Ama Rumlar, yanl\u0131\u015flar\u0131ndan dolay\u0131, Rumlar\u0131n ars\u0131zl\u0131klar\u0131ndan dolay\u0131, hadsizliklerinden dolay\u0131 Aday\u0131, 1974\u2019den beri ya\u015fanmakta olan bar\u0131\u015f, huzur ve istikrar ortam\u0131n\u0131 tehlikeye atm\u0131\u015f durumda. Bundan Rum halk\u0131 da \u00e7ok rahats\u0131z, y\u00f6netimlerini ciddi \u015fekilde ele\u015ftiriyorlar. Hristodulidis denen cumhurba\u015fkanlar\u0131, 2017\u2019deki Crans Montana toplant\u0131lar\u0131n\u0131n \u00e7\u00f6kmesinin sebebi oland\u0131r. O toplant\u0131lar\u0131 \u00e7\u00f6kertmesinin temel arg\u00fcman\u0131 da \u2018s\u0131f\u0131r asker s\u0131f\u0131r garanti\u2019 politikas\u0131d\u0131r. 2017\u2019de \u2018s\u0131f\u0131r asker, s\u0131f\u0131r garanti\u2019 diye m\u00fczakere s\u00fcrecini \u00e7\u00f6kerten Rumlar, bug\u00fcn aday\u0131 askeri bir kampa d\u00f6nd\u00fcrd\u00fcler\u2026 \u00dcmitleri, T\u00fcrkiye\u2019yi adadan \u00e7\u0131karmak. Bir kere, d\u00fcnyada hi\u00e7bir g\u00fc\u00e7 T\u00fcrkiye\u2019yi bu adadan \u00e7\u0131karacak durumda de\u011fil, olmayacak, hi\u00e7 kimsenin g\u00fcc\u00fc buna yetecek de\u011fil. Ama Rum taraf\u0131n\u0131n bu ba\u011fnazl\u0131\u011f\u0131, \u0131rk\u00e7\u0131 fa\u015fist d\u00fc\u015f\u00fcnce yap\u0131lar\u0131, bu aday\u0131 bir Elen adas\u0131 olarak g\u00f6rmeleri nedeniyle krizleri, tansiyon y\u00fckselmesini maalesef ya\u015f\u0131yoruz.&#8221;<\/p>\n<p>Ate\u015f \u00e7emberinde ya\u015fad\u0131klar\u0131n\u0131 ama KKTC\u2019de TSK\u2019n\u0131n cayd\u0131r\u0131c\u0131 g\u00fcc\u00fcnden dolay\u0131 K\u0131br\u0131s T\u00fcrk halk\u0131n\u0131n gayet rahat, kendini g\u00fcvende hissetti\u011fini belirten Ertu\u011frulo\u011flu, &#8220;Bir endi\u015femiz yok, birinin hedefi de de\u011filiz. Ama yanl\u0131\u015fl\u0131kla hedef \u015fa\u015f\u0131ran bir f\u00fcze buraya da gelebilir, olmayacak olan bir \u015fey de\u011fil, ge\u00e7mi\u015fte de oldu. \u00d6nemli olan, KKTC\u2019nin hi\u00e7bir \u00fclkenin askeri hedefi olmamas\u0131d\u0131r. Bunun nedeni de T\u00fcrk Silahl\u0131 Kuvvetleri\u2019nin buradaki mevcudiyeti ve cayd\u0131r\u0131c\u0131 g\u00fcc\u00fcd\u00fcr.\u201d dedi.<\/p>\n<p>ABD ve \u0130srail\u2019in \u0130ran\u2019a sald\u0131r\u0131s\u0131yla ba\u015flayan s\u00fcre\u00e7te Rumlara destek amac\u0131yla G\u00fcney K\u0131br\u0131s\u2019a giden askeri g\u00fc\u00e7lerin kal\u0131c\u0131 olabilece\u011fini d\u00fc\u015f\u00fcnmedi\u011fini ifade eden Ertu\u011frulo\u011flu, Rumlar\u0131n TSK\u2019n\u0131n varl\u0131\u011f\u0131n\u0131 g\u00fcvenlik tehdidi olarak g\u00f6stermeye \u00e7al\u0131\u015ft\u0131\u011f\u0131n\u0131, oysa K\u0131br\u0131s T\u00fcrkleri i\u00e7in bar\u0131\u015f, istikrar ve g\u00fcvenli\u011fin teminat\u0131n\u0131n TSK oldu\u011funu vurgulad\u0131.<\/p>\n<p>D\u0131\u015fi\u015fleri Bakan\u0131 Ertu\u011frulo\u011flu, \u201cT\u00fcrk Silahl\u0131 Kuvvetleri\u2019ne tepkilerinin nedeni de \u00e7ok basit bir \u015fekilde \u015fudur; K\u0131br\u0131s T\u00fcrk\u00fcn\u00fc yok etmeye y\u00f6nelik planlar\u0131n\u0131 icra edemeyeceklerinin tek nedeni TSK\u2019n\u0131n buradaki cayd\u0131r\u0131c\u0131 g\u00fcc\u00fc. Dolay\u0131s\u0131yla TSK buradan giderse K\u0131br\u0131s T\u00fcrk\u00fcn\u00fc yok etme politikalar\u0131 rahatl\u0131kla g\u00fcndeme gelebilir. Zaten, Rum Ulusal Konseyi\u2019nin K\u0131br\u0131s konusunda alm\u0131\u015f oldu\u011fu bir karar var, bu karar\u0131n temel maddelerinden biri de TSK\u2019n\u0131n Ada\u2019dan ayr\u0131lmas\u0131 ve garanti sisteminin ortadan kalmas\u0131d\u0131r\u201d diye konu\u015ftu.<\/p>\n<p>D\u0131\u015fi\u015fleri Bakan\u0131 Tahsin Ertu\u011frulo\u011flu, ya\u015fanan s\u00fcrecin egemen e\u015fit iki devletli \u00e7\u00f6z\u00fcm\u00fcn \u00f6nemini bir kez daha ortaya koydu\u011funa dikkat \u00e7ekti ve K\u0131br\u0131s Rum y\u00f6netiminin, \u0130ngiliz \u00dcsler B\u00f6lgesinin kullan\u0131m\u0131ndan dolay\u0131 \u0130ngiltere\u2019ye s\u00f6z s\u00f6yleyemeyece\u011fini belirtti. Ertu\u011frulo\u011flu, \u015f\u00f6yle konu\u015ftu:<\/p>\n<p>\u201c\u00c7\u00fcnk\u00fc bu \u00fcsler egemen \u00fcs b\u00f6lgeleridir, yani \u0130ngiliz topra\u011f\u0131. Bu adan\u0131n \u00fczerindedirler diye K\u0131br\u0131s Cumhuriyeti diye tan\u0131nan Rum devletinin \u0130ngilizlere, \u2018bu \u00fcsleri kullanamazs\u0131n\u0131z, kulland\u0131rtamazs\u0131n\u0131z\u2019 diye uyar\u0131da bulunma hakk\u0131 yok.<\/p>\n<p>\u0130\u015fte egemenli\u011finin ne kadar \u00f6nemli oldu\u011funu vurgulama ad\u0131na buna da dikkat \u00e7ekmek istiyorum.<\/p>\n<p>Bug\u00fcn, egemen e\u015fit iki devlet politikam\u0131z\u0131n ne kadar hakl\u0131 ve vazge\u00e7ilmez oldu\u011fu, sadece bu nokta dikkate al\u0131nd\u0131\u011f\u0131nda, herkesin g\u00f6rebilmesi laz\u0131m. Sadece siyasi e\u015fitlik iddialar\u0131 ile egemen e\u015fitlik sa\u011flanamaz. Egemen e\u015fitlik sa\u011flanmadan da siyasi e\u015fitli\u011fin hi\u00e7bir anlam\u0131 yok. Egemen e\u015fit iki devlet politikam\u0131z vazge\u00e7ilmez.\u201d<\/p>\n<p>Rum Y\u00f6netiminin a\u015f\u0131r\u0131 silahlanma politikas\u0131 aday\u0131 tehlikeye att\u0131 yaz\u0131s\u0131 ilk \u00f6nce K\u0131br\u0131s Hakikat \u00fczerinde ortaya \u00e7\u0131kt\u0131.<\/p>\n","protected":false},"excerpt":{"rendered":"<p>D\u0131\u015fi\u015fleri Bakan\u0131 Tahsin Ertu\u011frulo\u011flu, Rum y\u00f6netiminin a\u015f\u0131r\u0131 silahlanma politikas\u0131n\u0131n aday\u0131 tehlikeye att\u0131\u011f\u0131na dikkat \u00e7ekti. Ertu\u011frulo\u011flu, ate\u015f \u00e7emberinde ya\u015fad\u0131klar\u0131n\u0131 ama T\u00fcrk Silahl\u0131 Kuvvetleri\u2019nin (TSK) cayd\u0131r\u0131c\u0131 g\u00fcc\u00fcnden dolay\u0131 KKTC\u2019de, K\u0131br\u0131s T\u00fcrk halk\u0131n\u0131n gayet rahat, kendini g\u00fcvende hissetti\u011fini de vurgulad\u0131. D\u0131\u015fi\u015fleri Bakanl\u0131\u011f\u0131ndan verilen bilgiye g\u00f6re, TRT Haber\u2019e a\u00e7\u0131klama yapan D\u0131\u015fi\u015fleri Bakan\u0131 Ertu\u011frulo\u011flu, \u201cT\u00fcrk Silahl\u0131 Kuvvetleri\u2019nin cayd\u0131r\u0131c\u0131 g\u00fcc\u00fc nedeniyle [&hellip;]<\/p>\n","protected":false},"author":1,"featured_media":35001,"comment_status":"open","ping_status":"open","sticky":false,"template":"","format":"standard","meta":{"jnews-multi-image_gallery":[],"jnews_single_post":[],"jnews_primary_category":[],"footnotes":""},"categories":[1],"tags":[],"class_list":["post-35000","post","type-post","status-publish","format-standard","has-post-thumbnail","hentry","category-kibris"],"yoast_head":"<!-- This site is optimized with the Yoast SEO plugin v27.5 - https:\/\/yoast.com\/product\/yoast-seo-wordpress\/ -->\n<title>Rum Y\u00f6netiminin a\u015f\u0131r\u0131 silahlanma politikas\u0131 aday\u0131 tehlikeye att\u0131 - Haber Kuzey<\/title>\n<meta name=\"robots\" content=\"index, follow, max-snippet:-1, max-image-preview:large, max-video-preview:-1\" \/>\n<link rel=\"canonical\" href=\"https:\/\/haberkuzey.com\/index.php\/2026\/03\/05\/rum-yonetiminin-asiri-silahlanma-politikasi-adayi-tehlikeye-atti\/\" \/>\n<meta property=\"og:locale\" content=\"tr_TR\" \/>\n<meta property=\"og:type\" content=\"article\" \/>\n<meta property=\"og:title\" content=\"Rum Y\u00f6netiminin a\u015f\u0131r\u0131 silahlanma politikas\u0131 aday\u0131 tehlikeye att\u0131 - Haber Kuzey\" \/>\n<meta property=\"og:description\" content=\"D\u0131\u015fi\u015fleri Bakan\u0131 Tahsin Ertu\u011frulo\u011flu, Rum y\u00f6netiminin a\u015f\u0131r\u0131 silahlanma politikas\u0131n\u0131n aday\u0131 tehlikeye att\u0131\u011f\u0131na dikkat \u00e7ekti. Ertu\u011frulo\u011flu, ate\u015f \u00e7emberinde ya\u015fad\u0131klar\u0131n\u0131 ama T\u00fcrk Silahl\u0131 Kuvvetleri\u2019nin (TSK) cayd\u0131r\u0131c\u0131 g\u00fcc\u00fcnden dolay\u0131 KKTC\u2019de, K\u0131br\u0131s T\u00fcrk halk\u0131n\u0131n gayet rahat, kendini g\u00fcvende hissetti\u011fini de vurgulad\u0131. D\u0131\u015fi\u015fleri Bakanl\u0131\u011f\u0131ndan verilen bilgiye g\u00f6re, TRT Haber\u2019e a\u00e7\u0131klama yapan D\u0131\u015fi\u015fleri Bakan\u0131 Ertu\u011frulo\u011flu, \u201cT\u00fcrk Silahl\u0131 Kuvvetleri\u2019nin cayd\u0131r\u0131c\u0131 g\u00fcc\u00fc nedeniyle [&hellip;]\" \/>\n<meta property=\"og:url\" content=\"https:\/\/haberkuzey.com\/index.php\/2026\/03\/05\/rum-yonetiminin-asiri-silahlanma-politikasi-adayi-tehlikeye-atti\/\" \/>\n<meta property=\"og:site_name\" content=\"Haber Kuzey\" \/>\n<meta property=\"article:published_time\" content=\"2026-03-05T15:09:08+00:00\" \/>\n<meta name=\"author\" content=\"haberkuzey\" \/>\n<meta name=\"twitter:card\" content=\"summary_large_image\" \/>\n<meta name=\"twitter:label1\" content=\"Yazan:\" \/>\n\t<meta name=\"twitter:data1\" content=\"haberkuzey\" \/>\n\t<meta name=\"twitter:label2\" content=\"Tahmini okuma s\u00fcresi\" \/>\n\t<meta name=\"twitter:data2\" content=\"6 dakika\" \/>\n<script type=\"application\/ld+json\" class=\"yoast-schema-graph\">{\"@context\":\"https:\\\/\\\/schema.org\",\"@graph\":[{\"@type\":\"Article\",\"@id\":\"https:\\\/\\\/haberkuzey.com\\\/index.php\\\/2026\\\/03\\\/05\\\/rum-yonetiminin-asiri-silahlanma-politikasi-adayi-tehlikeye-atti\\\/#article\",\"isPartOf\":{\"@id\":\"https:\\\/\\\/haberkuzey.com\\\/index.php\\\/2026\\\/03\\\/05\\\/rum-yonetiminin-asiri-silahlanma-politikasi-adayi-tehlikeye-atti\\\/\"},\"author\":{\"name\":\"haberkuzey\",\"@id\":\"https:\\\/\\\/haberkuzey.com\\\/#\\\/schema\\\/person\\\/3372109ec735f9333f4fa47ebb9605ca\"},\"headline\":\"Rum Y\u00f6netiminin a\u015f\u0131r\u0131 silahlanma politikas\u0131 aday\u0131 tehlikeye att\u0131\",\"datePublished\":\"2026-03-05T15:09:08+00:00\",\"mainEntityOfPage\":{\"@id\":\"https:\\\/\\\/haberkuzey.com\\\/index.php\\\/2026\\\/03\\\/05\\\/rum-yonetiminin-asiri-silahlanma-politikasi-adayi-tehlikeye-atti\\\/\"},\"wordCount\":1135,\"commentCount\":0,\"image\":{\"@id\":\"https:\\\/\\\/haberkuzey.com\\\/index.php\\\/2026\\\/03\\\/05\\\/rum-yonetiminin-asiri-silahlanma-politikasi-adayi-tehlikeye-atti\\\/#primaryimage\"},\"thumbnailUrl\":\"https:\\\/\\\/haberkuzey.com\\\/wp-content\\\/uploads\\\/2026\\\/03\\\/IMG_7888.webp.webp\",\"articleSection\":[\"K\u0131br\u0131s\"],\"inLanguage\":\"tr\",\"potentialAction\":[{\"@type\":\"CommentAction\",\"name\":\"Comment\",\"target\":[\"https:\\\/\\\/haberkuzey.com\\\/index.php\\\/2026\\\/03\\\/05\\\/rum-yonetiminin-asiri-silahlanma-politikasi-adayi-tehlikeye-atti\\\/#respond\"]}]},{\"@type\":\"WebPage\",\"@id\":\"https:\\\/\\\/haberkuzey.com\\\/index.php\\\/2026\\\/03\\\/05\\\/rum-yonetiminin-asiri-silahlanma-politikasi-adayi-tehlikeye-atti\\\/\",\"url\":\"https:\\\/\\\/haberkuzey.com\\\/index.php\\\/2026\\\/03\\\/05\\\/rum-yonetiminin-asiri-silahlanma-politikasi-adayi-tehlikeye-atti\\\/\",\"name\":\"Rum Y\u00f6netiminin a\u015f\u0131r\u0131 silahlanma politikas\u0131 aday\u0131 tehlikeye att\u0131 - Haber Kuzey\",\"isPartOf\":{\"@id\":\"https:\\\/\\\/haberkuzey.com\\\/#website\"},\"primaryImageOfPage\":{\"@id\":\"https:\\\/\\\/haberkuzey.com\\\/index.php\\\/2026\\\/03\\\/05\\\/rum-yonetiminin-asiri-silahlanma-politikasi-adayi-tehlikeye-atti\\\/#primaryimage\"},\"image\":{\"@id\":\"https:\\\/\\\/haberkuzey.com\\\/index.php\\\/2026\\\/03\\\/05\\\/rum-yonetiminin-asiri-silahlanma-politikasi-adayi-tehlikeye-atti\\\/#primaryimage\"},\"thumbnailUrl\":\"https:\\\/\\\/haberkuzey.com\\\/wp-content\\\/uploads\\\/2026\\\/03\\\/IMG_7888.webp.webp\",\"datePublished\":\"2026-03-05T15:09:08+00:00\",\"author\":{\"@id\":\"https:\\\/\\\/haberkuzey.com\\\/#\\\/schema\\\/person\\\/3372109ec735f9333f4fa47ebb9605ca\"},\"breadcrumb\":{\"@id\":\"https:\\\/\\\/haberkuzey.com\\\/index.php\\\/2026\\\/03\\\/05\\\/rum-yonetiminin-asiri-silahlanma-politikasi-adayi-tehlikeye-atti\\\/#breadcrumb\"},\"inLanguage\":\"tr\",\"potentialAction\":[{\"@type\":\"ReadAction\",\"target\":[\"https:\\\/\\\/haberkuzey.com\\\/index.php\\\/2026\\\/03\\\/05\\\/rum-yonetiminin-asiri-silahlanma-politikasi-adayi-tehlikeye-atti\\\/\"]}]},{\"@type\":\"ImageObject\",\"inLanguage\":\"tr\",\"@id\":\"https:\\\/\\\/haberkuzey.com\\\/index.php\\\/2026\\\/03\\\/05\\\/rum-yonetiminin-asiri-silahlanma-politikasi-adayi-tehlikeye-atti\\\/#primaryimage\",\"url\":\"https:\\\/\\\/haberkuzey.com\\\/wp-content\\\/uploads\\\/2026\\\/03\\\/IMG_7888.webp.webp\",\"contentUrl\":\"https:\\\/\\\/haberkuzey.com\\\/wp-content\\\/uploads\\\/2026\\\/03\\\/IMG_7888.webp.webp\",\"width\":971,\"height\":551},{\"@type\":\"BreadcrumbList\",\"@id\":\"https:\\\/\\\/haberkuzey.com\\\/index.php\\\/2026\\\/03\\\/05\\\/rum-yonetiminin-asiri-silahlanma-politikasi-adayi-tehlikeye-atti\\\/#breadcrumb\",\"itemListElement\":[{\"@type\":\"ListItem\",\"position\":1,\"name\":\"Anasayfa\",\"item\":\"https:\\\/\\\/haberkuzey.com\\\/\"},{\"@type\":\"ListItem\",\"position\":2,\"name\":\"Rum Y\u00f6netiminin a\u015f\u0131r\u0131 silahlanma politikas\u0131 aday\u0131 tehlikeye att\u0131\"}]},{\"@type\":\"WebSite\",\"@id\":\"https:\\\/\\\/haberkuzey.com\\\/#website\",\"url\":\"https:\\\/\\\/haberkuzey.com\\\/\",\"name\":\"Haber Kuzey\",\"description\":\"Do\u011fru Haberin Adresi\",\"potentialAction\":[{\"@type\":\"SearchAction\",\"target\":{\"@type\":\"EntryPoint\",\"urlTemplate\":\"https:\\\/\\\/haberkuzey.com\\\/?s={search_term_string}\"},\"query-input\":{\"@type\":\"PropertyValueSpecification\",\"valueRequired\":true,\"valueName\":\"search_term_string\"}}],\"inLanguage\":\"tr\"},{\"@type\":\"Person\",\"@id\":\"https:\\\/\\\/haberkuzey.com\\\/#\\\/schema\\\/person\\\/3372109ec735f9333f4fa47ebb9605ca\",\"name\":\"haberkuzey\",\"image\":{\"@type\":\"ImageObject\",\"inLanguage\":\"tr\",\"@id\":\"https:\\\/\\\/secure.gravatar.com\\\/avatar\\\/f5fc875574b1575324358c3b9e6a32b8227aa5b74f3fa22e3cadb63e26fcc39c?s=96&d=mm&r=g\",\"url\":\"https:\\\/\\\/secure.gravatar.com\\\/avatar\\\/f5fc875574b1575324358c3b9e6a32b8227aa5b74f3fa22e3cadb63e26fcc39c?s=96&d=mm&r=g\",\"contentUrl\":\"https:\\\/\\\/secure.gravatar.com\\\/avatar\\\/f5fc875574b1575324358c3b9e6a32b8227aa5b74f3fa22e3cadb63e26fcc39c?s=96&d=mm&r=g\",\"caption\":\"haberkuzey\"},\"sameAs\":[\"https:\\\/\\\/haberkuzey.com\"],\"url\":\"https:\\\/\\\/haberkuzey.com\\\/index.php\\\/author\\\/haberkuzey\\\/\"}]}<\/script>\n<!-- \/ Yoast SEO plugin. -->","yoast_head_json":{"title":"Rum Y\u00f6netiminin a\u015f\u0131r\u0131 silahlanma politikas\u0131 aday\u0131 tehlikeye att\u0131 - Haber Kuzey","robots":{"index":"index","follow":"follow","max-snippet":"max-snippet:-1","max-image-preview":"max-image-preview:large","max-video-preview":"max-video-preview:-1"},"canonical":"https:\/\/haberkuzey.com\/index.php\/2026\/03\/05\/rum-yonetiminin-asiri-silahlanma-politikasi-adayi-tehlikeye-atti\/","og_locale":"tr_TR","og_type":"article","og_title":"Rum Y\u00f6netiminin a\u015f\u0131r\u0131 silahlanma politikas\u0131 aday\u0131 tehlikeye att\u0131 - Haber Kuzey","og_description":"D\u0131\u015fi\u015fleri Bakan\u0131 Tahsin Ertu\u011frulo\u011flu, Rum y\u00f6netiminin a\u015f\u0131r\u0131 silahlanma politikas\u0131n\u0131n aday\u0131 tehlikeye att\u0131\u011f\u0131na dikkat \u00e7ekti. Ertu\u011frulo\u011flu, ate\u015f \u00e7emberinde ya\u015fad\u0131klar\u0131n\u0131 ama T\u00fcrk Silahl\u0131 Kuvvetleri\u2019nin (TSK) cayd\u0131r\u0131c\u0131 g\u00fcc\u00fcnden dolay\u0131 KKTC\u2019de, K\u0131br\u0131s T\u00fcrk halk\u0131n\u0131n gayet rahat, kendini g\u00fcvende hissetti\u011fini de vurgulad\u0131. D\u0131\u015fi\u015fleri Bakanl\u0131\u011f\u0131ndan verilen bilgiye g\u00f6re, TRT Haber\u2019e a\u00e7\u0131klama yapan D\u0131\u015fi\u015fleri Bakan\u0131 Ertu\u011frulo\u011flu, \u201cT\u00fcrk Silahl\u0131 Kuvvetleri\u2019nin cayd\u0131r\u0131c\u0131 g\u00fcc\u00fc nedeniyle [&hellip;]","og_url":"https:\/\/haberkuzey.com\/index.php\/2026\/03\/05\/rum-yonetiminin-asiri-silahlanma-politikasi-adayi-tehlikeye-atti\/","og_site_name":"Haber Kuzey","article_published_time":"2026-03-05T15:09:08+00:00","author":"haberkuzey","twitter_card":"summary_large_image","twitter_misc":{"Yazan:":"haberkuzey","Tahmini okuma s\u00fcresi":"6 dakika"},"schema":{"@context":"https:\/\/schema.org","@graph":[{"@type":"Article","@id":"https:\/\/haberkuzey.com\/index.php\/2026\/03\/05\/rum-yonetiminin-asiri-silahlanma-politikasi-adayi-tehlikeye-atti\/#article","isPartOf":{"@id":"https:\/\/haberkuzey.com\/index.php\/2026\/03\/05\/rum-yonetiminin-asiri-silahlanma-politikasi-adayi-tehlikeye-atti\/"},"author":{"name":"haberkuzey","@id":"https:\/\/haberkuzey.com\/#\/schema\/person\/3372109ec735f9333f4fa47ebb9605ca"},"headline":"Rum Y\u00f6netiminin a\u015f\u0131r\u0131 silahlanma politikas\u0131 aday\u0131 tehlikeye att\u0131","datePublished":"2026-03-05T15:09:08+00:00","mainEntityOfPage":{"@id":"https:\/\/haberkuzey.com\/index.php\/2026\/03\/05\/rum-yonetiminin-asiri-silahlanma-politikasi-adayi-tehlikeye-atti\/"},"wordCount":1135,"commentCount":0,"image":{"@id":"https:\/\/haberkuzey.com\/index.php\/2026\/03\/05\/rum-yonetiminin-asiri-silahlanma-politikasi-adayi-tehlikeye-atti\/#primaryimage"},"thumbnailUrl":"https:\/\/haberkuzey.com\/wp-content\/uploads\/2026\/03\/IMG_7888.webp.webp","articleSection":["K\u0131br\u0131s"],"inLanguage":"tr","potentialAction":[{"@type":"CommentAction","name":"Comment","target":["https:\/\/haberkuzey.com\/index.php\/2026\/03\/05\/rum-yonetiminin-asiri-silahlanma-politikasi-adayi-tehlikeye-atti\/#respond"]}]},{"@type":"WebPage","@id":"https:\/\/haberkuzey.com\/index.php\/2026\/03\/05\/rum-yonetiminin-asiri-silahlanma-politikasi-adayi-tehlikeye-atti\/","url":"https:\/\/haberkuzey.com\/index.php\/2026\/03\/05\/rum-yonetiminin-asiri-silahlanma-politikasi-adayi-tehlikeye-atti\/","name":"Rum Y\u00f6netiminin a\u015f\u0131r\u0131 silahlanma politikas\u0131 aday\u0131 tehlikeye att\u0131 - Haber Kuzey","isPartOf":{"@id":"https:\/\/haberkuzey.com\/#website"},"primaryImageOfPage":{"@id":"https:\/\/haberkuzey.com\/index.php\/2026\/03\/05\/rum-yonetiminin-asiri-silahlanma-politikasi-adayi-tehlikeye-atti\/#primaryimage"},"image":{"@id":"https:\/\/haberkuzey.com\/index.php\/2026\/03\/05\/rum-yonetiminin-asiri-silahlanma-politikasi-adayi-tehlikeye-atti\/#primaryimage"},"thumbnailUrl":"https:\/\/haberkuzey.com\/wp-content\/uploads\/2026\/03\/IMG_7888.webp.webp","datePublished":"2026-03-05T15:09:08+00:00","author":{"@id":"https:\/\/haberkuzey.com\/#\/schema\/person\/3372109ec735f9333f4fa47ebb9605ca"},"breadcrumb":{"@id":"https:\/\/haberkuzey.com\/index.php\/2026\/03\/05\/rum-yonetiminin-asiri-silahlanma-politikasi-adayi-tehlikeye-atti\/#breadcrumb"},"inLanguage":"tr","potentialAction":[{"@type":"ReadAction","target":["https:\/\/haberkuzey.com\/index.php\/2026\/03\/05\/rum-yonetiminin-asiri-silahlanma-politikasi-adayi-tehlikeye-atti\/"]}]},{"@type":"ImageObject","inLanguage":"tr","@id":"https:\/\/haberkuzey.com\/index.php\/2026\/03\/05\/rum-yonetiminin-asiri-silahlanma-politikasi-adayi-tehlikeye-atti\/#primaryimage","url":"https:\/\/haberkuzey.com\/wp-content\/uploads\/2026\/03\/IMG_7888.webp.webp","contentUrl":"https:\/\/haberkuzey.com\/wp-content\/uploads\/2026\/03\/IMG_7888.webp.webp","width":971,"height":551},{"@type":"BreadcrumbList","@id":"https:\/\/haberkuzey.com\/index.php\/2026\/03\/05\/rum-yonetiminin-asiri-silahlanma-politikasi-adayi-tehlikeye-atti\/#breadcrumb","itemListElement":[{"@type":"ListItem","position":1,"name":"Anasayfa","item":"https:\/\/haberkuzey.com\/"},{"@type":"ListItem","position":2,"name":"Rum Y\u00f6netiminin a\u015f\u0131r\u0131 silahlanma politikas\u0131 aday\u0131 tehlikeye att\u0131"}]},{"@type":"WebSite","@id":"https:\/\/haberkuzey.com\/#website","url":"https:\/\/haberkuzey.com\/","name":"Haber Kuzey","description":"Do\u011fru Haberin Adresi","potentialAction":[{"@type":"SearchAction","target":{"@type":"EntryPoint","urlTemplate":"https:\/\/haberkuzey.com\/?s={search_term_string}"},"query-input":{"@type":"PropertyValueSpecification","valueRequired":true,"valueName":"search_term_string"}}],"inLanguage":"tr"},{"@type":"Person","@id":"https:\/\/haberkuzey.com\/#\/schema\/person\/3372109ec735f9333f4fa47ebb9605ca","name":"haberkuzey","image":{"@type":"ImageObject","inLanguage":"tr","@id":"https:\/\/secure.gravatar.com\/avatar\/f5fc875574b1575324358c3b9e6a32b8227aa5b74f3fa22e3cadb63e26fcc39c?s=96&d=mm&r=g","url":"https:\/\/secure.gravatar.com\/avatar\/f5fc875574b1575324358c3b9e6a32b8227aa5b74f3fa22e3cadb63e26fcc39c?s=96&d=mm&r=g","contentUrl":"https:\/\/secure.gravatar.com\/avatar\/f5fc875574b1575324358c3b9e6a32b8227aa5b74f3fa22e3cadb63e26fcc39c?s=96&d=mm&r=g","caption":"haberkuzey"},"sameAs":["https:\/\/haberkuzey.com"],"url":"https:\/\/haberkuzey.com\/index.php\/author\/haberkuzey\/"}]}},"_links":{"self":[{"href":"https:\/\/haberkuzey.com\/index.php\/wp-json\/wp\/v2\/posts\/35000","targetHints":{"allow":["GET"]}}],"collection":[{"href":"https:\/\/haberkuzey.com\/index.php\/wp-json\/wp\/v2\/posts"}],"about":[{"href":"https:\/\/haberkuzey.com\/index.php\/wp-json\/wp\/v2\/types\/post"}],"author":[{"embeddable":true,"href":"https:\/\/haberkuzey.com\/index.php\/wp-json\/wp\/v2\/users\/1"}],"replies":[{"embeddable":true,"href":"https:\/\/haberkuzey.com\/index.php\/wp-json\/wp\/v2\/comments?post=35000"}],"version-history":[{"count":0,"href":"https:\/\/haberkuzey.com\/index.php\/wp-json\/wp\/v2\/posts\/35000\/revisions"}],"wp:featuredmedia":[{"embeddable":true,"href":"https:\/\/haberkuzey.com\/index.php\/wp-json\/wp\/v2\/media\/35001"}],"wp:attachment":[{"href":"https:\/\/haberkuzey.com\/index.php\/wp-json\/wp\/v2\/media?parent=35000"}],"wp:term":[{"taxonomy":"category","embeddable":true,"href":"https:\/\/haberkuzey.com\/index.php\/wp-json\/wp\/v2\/categories?post=35000"},{"taxonomy":"post_tag","embeddable":true,"href":"https:\/\/haberkuzey.com\/index.php\/wp-json\/wp\/v2\/tags?post=35000"}],"curies":[{"name":"wp","href":"https:\/\/api.w.org\/{rel}","templated":true}]}}