{"id":34998,"date":"2026-03-05T17:03:04","date_gmt":"2026-03-05T15:03:04","guid":{"rendered":"https:\/\/haberkuzey.com\/index.php\/2026\/03\/05\/cevdet-yilmazdan-fiber-optik-aciklamasi-duzeltilmesi-gereken-bir-nokta-varsa-duzeltmekten-cekinmeyiz\/"},"modified":"2026-03-05T17:03:04","modified_gmt":"2026-03-05T15:03:04","slug":"cevdet-yilmazdan-fiber-optik-aciklamasi-duzeltilmesi-gereken-bir-nokta-varsa-duzeltmekten-cekinmeyiz","status":"publish","type":"post","link":"https:\/\/haberkuzey.com\/index.php\/2026\/03\/05\/cevdet-yilmazdan-fiber-optik-aciklamasi-duzeltilmesi-gereken-bir-nokta-varsa-duzeltmekten-cekinmeyiz\/","title":{"rendered":"Cevdet Y\u0131lmaz\u2019dan fiber optik a\u00e7\u0131klamas\u0131: D\u00fczeltilmesi gereken bir nokta varsa d\u00fczeltmekten \u00e7ekinmeyiz"},"content":{"rendered":"<p>T\u00fcrkiye Cumhuriyeti Cumhurba\u015fkan\u0131 Yard\u0131mc\u0131s\u0131 Cevdet Y\u0131lmaz, Fiber Optik Altyap\u0131 Projesi&#8217;nin uygulanmas\u0131 a\u015famas\u0131nda bir eksik, bir yanl\u0131\u015f, hakl\u0131 bir itiraz olursa birlikte gere\u011finin yap\u0131laca\u011f\u0131n\u0131 vurgulad\u0131.<\/p>\n<p>\u201cEk d\u00fczenlemelerle varsa bir eksik, bir yanl\u0131\u015f, d\u00fczeltilmesi gereken bir nokta onu da d\u00fczeltmekten bir an bile teredd\u00fct etmeyiz. Bu konudaki niyetimizden hi\u00e7 kimsenin \u015f\u00fcphesi olmas\u0131n\u201d diyen Y\u0131lmaz, \u201cTek amac\u0131m\u0131z var, KKTC\u2019yi bili\u015fim vadisi yapacak g\u00fc\u00e7l\u00fc bir altyap\u0131y\u0131 bir an \u00f6nce harekete ge\u00e7irmek\u201d vurgusu yapt\u0131.<\/p>\n<p>Telekomdaki projenin siber g\u00fcvenlik boyutuyla da \u00f6nemli ve anlaml\u0131 bir proje oldu\u011funu kaydeden Y\u0131lmaz, \u201cB\u00fct\u00fcn ele\u015ftirilere sayg\u0131l\u0131y\u0131z. \u00c7e\u015fitli soru i\u015faretleri, tart\u0131\u015fmalar olabilir, demokratik bir ortamda bunlar da gayet normal. Biz b\u00fct\u00fcn bu hususlarda en \u00fcst d\u00fczeyde hassasiyetle, uygulamada ortaya \u00e7\u0131kabilecek her t\u00fcrl\u00fc konuda anlay\u0131\u015f birli\u011fi i\u00e7inde hareket etmeye haz\u0131r\u0131z\u201d diye konu\u015ftu.<\/p>\n<p>Y\u0131lmaz Alt\u0131nba\u015f K\u0131br\u0131s \u00dcniversitesi Minarelik\u00f6y Kamp\u00fcs\u00fc Temel Atma T\u00f6reni\u2019nde yapt\u0131\u011f\u0131 konu\u015fmada, K\u0131br\u0131s T\u00fcrk halk\u0131n\u0131n e\u011fitim kalitesini y\u00fckseltecek ve refah\u0131na do\u011frudan katk\u0131 sunacak kamp\u00fcs\u00fcn, KKTC\u2019nin ilim ve ara\u015ft\u0131rma ufkunu geni\u015fletecek \u00f6nemli bir e\u015fik oldu\u011funu kaydetti.<\/p>\n<p><strong>&#8220;N\u0130TEL\u0130KL\u0130, DONANIMLI \u0130NSAN, KALKINMA S\u00dcREC\u0130N\u0130N BEL KEM\u0130\u011e\u0130N\u0130 OLU\u015eTURMAKTADIR&#8221;<\/strong><\/p>\n<p>Bug\u00fcn d\u00fcnyada rekabet \u00fcst\u00fcnl\u00fc\u011f\u00fcn\u00fcn, sahip olunan do\u011fal kaynaklarla de\u011fil yeti\u015fmi\u015f insan g\u00fcc\u00fcyle, ara\u015ft\u0131rma kapasitesiyle ve yenilik \u00fcretme kabiliyetiyle \u00f6l\u00e7\u00fcld\u00fc\u011f\u00fcn\u00fc ifade eden Y\u0131lmaz, kalk\u0131nman\u0131n en \u00f6nemli amac\u0131n\u0131n insana hizmet etmek oldu\u011fu gibi en \u00f6nemli vas\u0131tas\u0131n\u0131n da insan oldu\u011funu belirtti.<\/p>\n<p>\u201cNitelikli, donan\u0131ml\u0131 insan, kalk\u0131nma s\u00fcrecinin bel kemi\u011fini olu\u015fturmaktad\u0131r\u201d diyen Y\u0131lmaz konu\u015fmas\u0131nda, \u201cTam da bu nedenle kalk\u0131nma anlay\u0131\u015f\u0131m\u0131z\u0131 k\u0131sa vadeli g\u00f6stergelere indirgemiyor, kal\u0131c\u0131, dengeli ve ku\u015faklar aras\u0131 sorumlulu\u011fu g\u00f6zeten bir perspektifle ele al\u0131yoruz\u201d ifadelerini kulland\u0131.<\/p>\n<p>S\u00fcrd\u00fcr\u00fclebilir kalk\u0131nma denilen \u00e7er\u00e7evenin, \u00fcretim g\u00fcc\u00fc ile bilimsel birikimi, ekonomik dinamizm ile toplumsal istikrar\u0131 birlikte y\u00fckseltebilmeyi ifade etti\u011fini kaydeden Y\u0131lmaz, \u201cKalk\u0131nma iddiam\u0131z\u0131 kal\u0131c\u0131 k\u0131lmak istiyorsak, bilgi \u00fcretme kapasitemizi ve insan kayna\u011f\u0131m\u0131z\u0131 s\u00fcrekli g\u00fc\u00e7lendirmek durumunday\u0131z\u201d dedi.<\/p>\n<p>Y\u0131lmaz, \u00fcniversitelerin akademik derinli\u011fini ve ara\u015ft\u0131rma g\u00fcc\u00fcn\u00fc y\u00fckseltmenin, KKTC\u2019yi b\u00f6lgesinde \u00f6ne \u00e7\u0131kan, k\u00fcresel \u00f6l\u00e7ekte itibar\u0131 y\u00fcksek bir y\u00fcksek\u00f6\u011fretim merkezi konumuna ta\u015f\u0131ma hedefinin en g\u00fc\u00e7l\u00fc dayanaklar\u0131ndan biri oldu\u011funu s\u00f6yledi.<\/p>\n<p>Bug\u00fcn d\u00fcnyan\u0131n farkl\u0131 co\u011frafyalar\u0131ndan \u00f6\u011frenci kabul eden KKTC \u00fcniversitelerinin ula\u015ft\u0131\u011f\u0131 seviyenin, bu hedef do\u011frultusunda katedilen mesafeyi a\u00e7\u0131k\u00e7a g\u00f6sterdi\u011fini belirten Y\u0131lmaz, \u015f\u00f6yle devam etti:<\/p>\n<p>\u201cKKTC\u2019de 100 bini a\u015fan \u00f6\u011frenci varl\u0131\u011f\u0131 ve y\u00fcksek\u00f6\u011fretimin hizmet gelirlerindeki belirleyici pay\u0131 dikkate al\u0131nd\u0131\u011f\u0131nda, bu alan ada ekonomisinin stratejik sekt\u00f6rlerinden biri haline gelmi\u015ftir.<\/p>\n<p>Bug\u00fcn temelini att\u0131\u011f\u0131m\u0131z Alt\u0131nba\u015f \u00dcniversitesi\u2019nin yeni kamp\u00fcs\u00fc, KKTC\u2019nin uluslararas\u0131 bir y\u00fcksek\u00f6\u011fretim merkezi olma iddias\u0131n\u0131 daha da g\u00fc\u00e7lendirecektir; k\u00fcresel \u00f6l\u00e7ekte g\u00f6r\u00fcn\u00fcrl\u00fc\u011f\u00fcne ve akademik cazibesine \u00f6nemli katk\u0131lar sunacakt\u0131r.\u201d<\/p>\n<p>Alt\u0131nba\u015f K\u0131br\u0131s \u00dcniversitesi\u2019nin, di\u011fer \u00fcniversiteler ile birlikte KKTC y\u00fcksek\u00f6\u011fretim ekosisteminin nicelikten, niteli\u011fe y\u00f6neldi\u011fi d\u00f6nemin temsilcilerinden biri olaca\u011f\u0131n\u0131 dile getiren Y\u0131lmaz, kaliteyi ve niteli\u011fi art\u0131rman\u0131n b\u00fcy\u00fcmek, geni\u015flemekten de \u00f6nemli oldu\u011funun alt\u0131n\u0131 \u00e7izdi.<\/p>\n<p>Lisans\u00fcst\u00fc programlara verilen a\u011f\u0131rl\u0131k ve doktora d\u00fczeyindeki g\u00fc\u00e7l\u00fc \u00f6\u011frenci oran\u0131n\u0131n, ara\u015ft\u0131rma \u00fcretiminin merkeze al\u0131nd\u0131\u011f\u0131n\u0131 g\u00f6sterdi\u011fini ifade eden Cevdet Y\u0131lmaz, bir \u00fcniversiteden \u00fc\u00e7 \u015fey beklediklerini kaydederek, bunlar\u0131 e\u011fitim- ara\u015ft\u0131rma, sosyal ve kalk\u0131nma fonksiyonu olarak s\u0131ralad\u0131.<\/p>\n<p>\u00dcniversitelerin ayn\u0131 zamanda bir kalk\u0131nma kurumu oldu\u011funa dikkat \u00e7eken Y\u0131lmaz, Alt\u0131nba\u015f \u00dcniversitesi\u2019nin de hem e\u011fitim hem ara\u015ft\u0131rma hem de kalk\u0131nma fonksiyonu itibar\u0131 ile KKTC\u2019ye hay\u0131rl\u0131 hizmetler yapaca\u011f\u0131na inan\u00e7 belirtti.<\/p>\n<p>KKTC\u2019ye ger\u00e7ekle\u015ftirdikleri \u00f6nceki ziyaretlerde \u00fcniversiteleri yerinde g\u00f6rme imk\u00e2n\u0131 bulduklar\u0131n\u0131, gen\u00e7lerle bulu\u015ftuklar\u0131n\u0131 aktaran Y\u0131lmaz, bu ziyaretlerde, \u00fcniversitelerin \u00f6nc\u00fcl\u00fc\u011f\u00fcnde hayata ge\u00e7irilen Kalkanl\u0131 Teknoloji Vadisi gibi projeleri yerinde inceleme imk\u00e2n\u0131 bulduklar\u0131n\u0131 hat\u0131rlatt\u0131.<\/p>\n<p>\u00d6zellikle yeni teknolojilerin yapay zeka ba\u015fta olmak \u00fczere dijitalle\u015fmenin, bug\u00fcnk\u00fc kalk\u0131nma stratejilerinin omurgas\u0131n\u0131 olu\u015fturdu\u011funu kaydeden Y\u0131lmaz, ye\u015fil ve dijital d\u00f6n\u00fc\u015f\u00fcm\u00fcn, T\u00fcrkiye Cumhuriyeti\u2019nin de on ikinci kalk\u0131nma plan\u0131n\u0131n omurgas\u0131n\u0131 olu\u015fturdu\u011funu s\u00f6yledi.<\/p>\n<p>KKTC\u2019de de bu vizyonun \u00e7ok \u00f6nemli ve anlaml\u0131 oldu\u011funa inan\u00e7 belirten Y\u0131lmaz, \u201cArt\u0131k yeni bir d\u00fcnyaday\u0131z, korumac\u0131l\u0131\u011f\u0131n y\u00fckseldi\u011fi, belirsizli\u011fin artt\u0131\u011f\u0131, rekabetin yo\u011funla\u015ft\u0131\u011f\u0131 bir d\u00fcnya ekonomisi var kar\u015f\u0131m\u0131zda. Bu ortamda yeni teknolojilere adapte olabilenler, bunlar\u0131 kullanabilenler hep bir ad\u0131m \u00f6nde olacaklar\u201d diye konu\u015ftu.<\/p>\n<p><strong>&#8220;B\u0130L\u0130\u015e\u0130M ADASI OLMA V\u0130ZYONUNA F\u0130BER ALTYAPI B\u00dcY\u00dcK B\u0130R KATKI SUNACAK&#8221;<\/strong><\/p>\n<p>Bu \u00e7er\u00e7evede son d\u00f6nemde Ba\u015fbakan \u00dcnal \u00dcSTEL ile imzalad\u0131klar\u0131 telekom\u00fcnikasyon alan\u0131ndaki fiber altyap\u0131y\u0131 \u00e7a\u011fda\u015f standartlara getirecek projenin \u00e7ok k\u0131ymetli oldu\u011funu dile getiren Y\u0131lmaz, proje ile ilgili onay yasa tasar\u0131s\u0131n\u0131n Cumhuriyet Meclisi\u2019nde kabul edilmesinin \u00e7ok \u00f6nemli oldu\u011funu kaydetti. Y\u0131lmaz, hay\u0131rl\u0131 olmas\u0131n\u0131 temenni etti.<\/p>\n<p>KKTC\u2019nin bili\u015fim adas\u0131 olma vizyonu oldu\u011funu ve bunun \u0130ktisadi ve Mali \u0130\u015f Birli\u011fi projelerinde de \u00f6nemli bir unsur oldu\u011funu ifade eden Cevdet Y\u0131lmaz, \u015f\u00f6yle konu\u015ftu:<\/p>\n<p>\u201cBili\u015fim adas\u0131 olma vizyonuna fiber altyap\u0131 b\u00fcy\u00fck bir katk\u0131 sunacak. Bu bir altyap\u0131 projesi\u2026 Altyap\u0131 projesinde \u00e7ok say\u0131da firman\u0131n olmas\u0131 m\u00fcmk\u00fcn de\u011fil. Demir yollar\u0131 gibi d\u00fc\u015f\u00fcnebilirsiniz. Altyap\u0131 d\u00f6\u015fenecek ki \u00fcst\u00fcnde farkl\u0131 akt\u00f6rler, faaliyetler y\u00fcr\u00fctebilsinler. Ayn\u0131 yeri defalarca kazd\u0131rarak, gitmek bu t\u00fcr projelerde anlaml\u0131 de\u011fil. Kaynak israf\u0131na da yol a\u00e7an bir durum. D\u00fcnyadaki en iyi uygulamalar da bize bunu s\u00f6yl\u00fcyor. Altyap\u0131 projelerini bir firman\u0131n g\u00fczel bir \u015fekilde devlet ad\u0131na ger\u00e7ekle\u015ftirmesi, o altyap\u0131 \u00fczerinde de rekabet\u00e7i bir \u015fekilde di\u011fer firmalar\u0131n faaliyet y\u00fcr\u00fctmeleri en do\u011fru yakla\u015f\u0131m olarak ortaya konuyor.\u201d<\/p>\n<p>Fiber optik altyap\u0131 projesinin hayata ge\u00e7mesiyle internet h\u0131z\u0131n\u0131n artaca\u011f\u0131n\u0131, vatanda\u015flar\u0131n \u00e7ok daha ucuza, daha d\u00fc\u015f\u00fck maliyetle hizmet alaca\u011f\u0131n\u0131 kaydeden Y\u0131lmaz, \u201cSadece vatanda\u015flar, hane halklar\u0131 de\u011fil i\u015fletmeler, \u00fcniversiteler, ara\u015ft\u0131rma kurumlar\u0131 gibi b\u00fct\u00fcn kurumsal yap\u0131lar da daha kaliteli, nitelikli hizmete daha ucuza eri\u015fme imkan\u0131na kavu\u015fmu\u015f olacaklar\u201d dedi.<\/p>\n<p><strong>&#8220;ELE\u015eT\u0130R\u0130LER HER ZAMAN OLAB\u0130L\u0130R, HER PROJE TARTI\u015eILAB\u0130L\u0130R BUNA DA TAB\u0130 K\u0130 SAYGI DUYUYORUM&#8221;<\/strong><\/p>\n<p>Tek ama\u00e7lar\u0131n\u0131n bu oldu\u011funu vurgulayan T\u00fcrkiye Cumhurba\u015fkan\u0131 Yard\u0131mc\u0131s\u0131 Y\u0131lmaz, ba\u015fka herhangi bir \u015feye itibar edilmemesini istedi. \u201cEle\u015ftiriler her zaman olabilir, her proje tart\u0131\u015f\u0131labilir buna da tabi ki sayg\u0131 duyuyorum\u201d diye konu\u015fan Y\u0131lmaz, TC ile KKTC aras\u0131ndaki ili\u015fkilerin s\u0131radan ili\u015fkiler olmad\u0131\u011f\u0131n\u0131 vurgulad\u0131.<\/p>\n<p><strong>&#8220;F\u0130BER OPT\u0130K ALTYAPI PROJES\u0130 UYGULANMASI A\u015eAMASINDA B\u0130R EKS\u0130K, B\u0130R YANLI\u015e HAKLI B\u0130R \u0130T\u0130RAZ OLURSA B\u0130RL\u0130KTE GERE\u011e\u0130N\u0130 YAPARIZ&#8221;<\/strong><\/p>\n<p>Fiber optik altyap\u0131 projesinin uygulanmas\u0131 a\u015famas\u0131nda bir eksik, bir yanl\u0131\u015f, hakl\u0131 bir itiraz olursa birlikte gere\u011finin yap\u0131laca\u011f\u0131n\u0131 belirten Y\u0131lmaz, \u201cEk d\u00fczenlemelerle varsa bir eksik, bir yanl\u0131\u015f, d\u00fczeltilmesi gereken bir nokta onu da d\u00fczeltmekten bir an bile teredd\u00fct etmeyiz. Bu konudaki niyetimizden hi\u00e7 kimsenin \u015f\u00fcphesi olmas\u0131n\u201d dedi.<\/p>\n<p>Y\u0131lmaz, \u201cTek amac\u0131m\u0131z var, KKTC\u2019yi bili\u015fim vadisi yapacak g\u00fc\u00e7l\u00fc bir altyap\u0131y\u0131 bir an \u00f6nce harekete ge\u00e7irmek. \u0130nan\u0131n kaybetti\u011fimiz her bir g\u00fcn bu \u00fclke i\u00e7in zarar. Dolay\u0131s\u0131yla h\u0131zl\u0131 bir \u015fekilde bu uygulamay\u0131 hayata ge\u00e7irmemiz \u00e7ok k\u0131ymetli\u201d vurgusu yapt\u0131.<\/p>\n<p><strong>&#8220;RUM KES\u0130M\u0130 \u00a0ATTI\u011eI ADIMLARLA ADANIN G\u00dcVENL\u0130\u011e\u0130N\u0130 R\u0130SKE ATTI&#8221;<\/strong><\/p>\n<p>D\u00fcnyada g\u00fc\u00e7 siyasetinin y\u00fckseldi\u011fi bir d\u00f6nemde olundu\u011funu dile getiren Y\u0131lmaz, \u201cMaalesef \u2018ben g\u00fc\u00e7l\u00fcysem her \u015feyi yapabilirim\u2019 gibi bir anlay\u0131\u015f hakim hale gelmi\u015f durumda\u201d diyerek, buna kat\u0131lmad\u0131klar\u0131n\u0131 belirtti. Kural temelli, uluslararas\u0131 hukuka dayal\u0131 bir d\u00fczeni savunduklar\u0131n\u0131 ifade eden Y\u0131lmaz, &#8220;Bir taraftan da realitelere g\u00f6zlerimizi kapatamay\u0131z. Bunlara romantik bir \u015fekilde bakamay\u0131z\u201d diye konu\u015ftu.<\/p>\n<p>G\u00fcvenli\u011fin bu d\u00f6nemde \u00e7ok \u00f6nemli hale geldi\u011fine dikkat \u00e7eken TC Cumhurba\u015fkan\u0131 Yard\u0131mc\u0131s\u0131 Y\u0131lmaz, \u201cMaalesef Rum kesimi att\u0131\u011f\u0131 ad\u0131mlarla son derece gereksiz bir yere, aday\u0131 silahland\u0131rma \u00e7abas\u0131yla adan\u0131n g\u00fcvenli\u011fini riske atm\u0131\u015f durumdad\u0131r\u201d dedi.<\/p>\n<p><strong>&#8220;50 YILDIR BU ADADA G\u00dcVEN VAR, \u0130ST\u0130KRAR VAR, G\u00dcVENL\u0130K VAR&#8221;<\/strong><\/p>\n<p>T\u00fcrk askerinin ise 50 y\u0131la a\u015fk\u0131n bir s\u00fcredir adan\u0131n hem T\u00fcrk halk\u0131 hem de Rum vatanda\u015flar i\u00e7in daha g\u00fcvenli hale gelmesini sa\u011flad\u0131\u011f\u0131n\u0131 ifade eden Y\u0131lmaz, \u201c50 y\u0131ld\u0131r bu adada g\u00fcven var, istikrar var, g\u00fcvenlik var\u201d diye konu\u015ftu.<\/p>\n<p>Bu g\u00fcvenlik altyap\u0131s\u0131yla hem Rum taraf\u0131 hem de KKTC\u2019nin kalk\u0131nma s\u00fcrecini devam ettirdi\u011fini dile getiren Y\u0131lmaz, g\u00fcvenli\u011fin olmad\u0131\u011f\u0131 yerde kalk\u0131nman\u0131n olmad\u0131\u011f\u0131n\u0131n alt\u0131n\u0131 \u00e7izdi. \u201cG\u00fcvenli\u011fin olmad\u0131\u011f\u0131 yerde demokrasi de olmaz, temel hak ve h\u00fcrriyetlerinizi de ya\u015fayamazs\u0131n\u0131z\u201d diyen Y\u0131lmaz, g\u00fcvenli bir ortam, sa\u011flam bir g\u00fcvenlik altyap\u0131s\u0131n\u0131n, kalk\u0131nman\u0131n da demokrasinin de temeli oldu\u011funu belirtti.<\/p>\n<p>K\u0131br\u0131s T\u00fcrk\u00fc\u2019n\u00fcn sonuna kadar yan\u0131nda olduklar\u0131n\u0131 ve yan\u0131nda olmaya devam edeceklerini ifade eden Y\u0131lmaz, \u201cBu g\u00fczel \u00fclkenin huzur i\u00e7inde, g\u00fcven ortam\u0131 i\u00e7inde kalk\u0131nmas\u0131na, geli\u015fmesine, demokrasisiyle, ekonomisiyle g\u00fc\u00e7lenmesine her t\u00fcrl\u00fc deste\u011fi vermeye devam edece\u011fiz\u201d dedi.<\/p>\n<p><strong>&#8220;B\u00dcT\u00dcN ELE\u015eT\u0130R\u0130LERE SAYGILIYIZ, ANLAYI\u015e B\u0130RL\u0130\u011e\u0130 \u0130\u00c7\u0130NDE HAREKET ETMEYE HAZIRIZ&#8221;<\/strong><\/p>\n<p>Telekom\u2019daki projenin siber g\u00fcvenlik boyutuyla da \u00f6nemli ve anlaml\u0131 bir proje oldu\u011funu kaydeden Y\u0131lmaz, konuyla ilgili KKTC\u2019de \u00e7ok tart\u0131\u015fma oldu\u011funu duydu\u011funu dile getirerdi. Y\u0131lmaz, \u201cHi\u00e7bir endi\u015feniz olmas\u0131n, b\u00fct\u00fcn ele\u015ftirilere de sayg\u0131l\u0131y\u0131z. \u00c7e\u015fitli soru i\u015faretleri, tart\u0131\u015fmalar olabilir, demokratik bir ortamda bunlar da gayet normal. Biz b\u00fct\u00fcn bu hususlarda en \u00fcst d\u00fczeyde hassasiyetle uygulamada ortaya \u00e7\u0131kabilecek her t\u00fcrl\u00fc konuda anlay\u0131\u015f birli\u011fi i\u00e7inde hareket etmeye haz\u0131r\u0131z\u201d diye konu\u015ftu.<\/p>\n<p><strong>&#8220;KKTC&#8217;N\u0130N DO\u011eU AKDEN\u0130Z&#8217;\u0130N PARLAYAN B\u0130R YILDIZI OLMASI B\u0130Z\u0130M EN B\u00dcY\u00dcK AMACIMIZDIR&#8221;<\/strong><\/p>\n<p>Anavatan ve garant\u00f6r T\u00fcrkiye olarak, Kuzey K\u0131br\u0131s T\u00fcrk Cumhuriyeti\u2019nin uluslararas\u0131 toplumun sayg\u0131n bir \u00fcyesi olarak hak etti\u011fi konuma ula\u015fmas\u0131 ve her alanda g\u00fc\u00e7lenmesi i\u00e7in kararl\u0131l\u0131kla \u00e7al\u0131\u015fmalar\u0131n\u0131 s\u00fcrd\u00fcreceklerini ifade eden Y\u0131lmaz, \u201cE\u011fitimden sa\u011fl\u0131\u011fa, fiziki ve teknolojik altyap\u0131dan \u00fcniversitelerine, AR-GE ve bili\u015fim merkezlerine kadar g\u00fc\u00e7l\u00fc bir yap\u0131ya KKTC\u2019nin kavu\u015fmas\u0131, Do\u011fu Akdeniz\u2019in parlayan bir y\u0131ld\u0131z\u0131 olmas\u0131 bizim en b\u00fcy\u00fck amac\u0131m\u0131zd\u0131r\u201d dedi.<\/p>\n<p>Cevdet Y\u0131lmaz&#8217;dan fiber optik a\u00e7\u0131klamas\u0131: D\u00fczeltilmesi gereken bir nokta varsa d\u00fczeltmekten \u00e7ekinmeyiz yaz\u0131s\u0131 ilk \u00f6nce K\u0131br\u0131s Hakikat \u00fczerinde ortaya \u00e7\u0131kt\u0131.<\/p>\n","protected":false},"excerpt":{"rendered":"<p>T\u00fcrkiye Cumhuriyeti Cumhurba\u015fkan\u0131 Yard\u0131mc\u0131s\u0131 Cevdet Y\u0131lmaz, Fiber Optik Altyap\u0131 Projesi&#8217;nin uygulanmas\u0131 a\u015famas\u0131nda bir eksik, bir yanl\u0131\u015f, hakl\u0131 bir itiraz olursa birlikte gere\u011finin yap\u0131laca\u011f\u0131n\u0131 vurgulad\u0131. \u201cEk d\u00fczenlemelerle varsa bir eksik, bir yanl\u0131\u015f, d\u00fczeltilmesi gereken bir nokta onu da d\u00fczeltmekten bir an bile teredd\u00fct etmeyiz. Bu konudaki niyetimizden hi\u00e7 kimsenin \u015f\u00fcphesi olmas\u0131n\u201d diyen Y\u0131lmaz, \u201cTek amac\u0131m\u0131z var, [&hellip;]<\/p>\n","protected":false},"author":1,"featured_media":34999,"comment_status":"open","ping_status":"open","sticky":false,"template":"","format":"standard","meta":{"jnews-multi-image_gallery":[],"jnews_single_post":[],"jnews_primary_category":[],"footnotes":""},"categories":[1],"tags":[],"class_list":["post-34998","post","type-post","status-publish","format-standard","has-post-thumbnail","hentry","category-kibris"],"yoast_head":"<!-- This site is optimized with the Yoast SEO plugin v27.5 - https:\/\/yoast.com\/product\/yoast-seo-wordpress\/ -->\n<title>Cevdet Y\u0131lmaz\u2019dan fiber optik a\u00e7\u0131klamas\u0131: D\u00fczeltilmesi gereken bir nokta varsa d\u00fczeltmekten \u00e7ekinmeyiz - Haber Kuzey<\/title>\n<meta name=\"robots\" content=\"index, follow, max-snippet:-1, max-image-preview:large, max-video-preview:-1\" \/>\n<link rel=\"canonical\" href=\"https:\/\/haberkuzey.com\/index.php\/2026\/03\/05\/cevdet-yilmazdan-fiber-optik-aciklamasi-duzeltilmesi-gereken-bir-nokta-varsa-duzeltmekten-cekinmeyiz\/\" \/>\n<meta property=\"og:locale\" content=\"tr_TR\" \/>\n<meta property=\"og:type\" content=\"article\" \/>\n<meta property=\"og:title\" content=\"Cevdet Y\u0131lmaz\u2019dan fiber optik a\u00e7\u0131klamas\u0131: D\u00fczeltilmesi gereken bir nokta varsa d\u00fczeltmekten \u00e7ekinmeyiz - Haber Kuzey\" \/>\n<meta property=\"og:description\" content=\"T\u00fcrkiye Cumhuriyeti Cumhurba\u015fkan\u0131 Yard\u0131mc\u0131s\u0131 Cevdet Y\u0131lmaz, Fiber Optik Altyap\u0131 Projesi&#8217;nin uygulanmas\u0131 a\u015famas\u0131nda bir eksik, bir yanl\u0131\u015f, hakl\u0131 bir itiraz olursa birlikte gere\u011finin yap\u0131laca\u011f\u0131n\u0131 vurgulad\u0131. \u201cEk d\u00fczenlemelerle varsa bir eksik, bir yanl\u0131\u015f, d\u00fczeltilmesi gereken bir nokta onu da d\u00fczeltmekten bir an bile teredd\u00fct etmeyiz. Bu konudaki niyetimizden hi\u00e7 kimsenin \u015f\u00fcphesi olmas\u0131n\u201d diyen Y\u0131lmaz, \u201cTek amac\u0131m\u0131z var, [&hellip;]\" \/>\n<meta property=\"og:url\" content=\"https:\/\/haberkuzey.com\/index.php\/2026\/03\/05\/cevdet-yilmazdan-fiber-optik-aciklamasi-duzeltilmesi-gereken-bir-nokta-varsa-duzeltmekten-cekinmeyiz\/\" \/>\n<meta property=\"og:site_name\" content=\"Haber Kuzey\" \/>\n<meta property=\"article:published_time\" content=\"2026-03-05T15:03:04+00:00\" \/>\n<meta name=\"author\" content=\"haberkuzey\" \/>\n<meta name=\"twitter:card\" content=\"summary_large_image\" \/>\n<meta name=\"twitter:label1\" content=\"Yazan:\" \/>\n\t<meta name=\"twitter:data1\" content=\"haberkuzey\" \/>\n\t<meta name=\"twitter:label2\" content=\"Tahmini okuma s\u00fcresi\" \/>\n\t<meta name=\"twitter:data2\" content=\"10 dakika\" \/>\n<script type=\"application\/ld+json\" class=\"yoast-schema-graph\">{\"@context\":\"https:\\\/\\\/schema.org\",\"@graph\":[{\"@type\":\"Article\",\"@id\":\"https:\\\/\\\/haberkuzey.com\\\/index.php\\\/2026\\\/03\\\/05\\\/cevdet-yilmazdan-fiber-optik-aciklamasi-duzeltilmesi-gereken-bir-nokta-varsa-duzeltmekten-cekinmeyiz\\\/#article\",\"isPartOf\":{\"@id\":\"https:\\\/\\\/haberkuzey.com\\\/index.php\\\/2026\\\/03\\\/05\\\/cevdet-yilmazdan-fiber-optik-aciklamasi-duzeltilmesi-gereken-bir-nokta-varsa-duzeltmekten-cekinmeyiz\\\/\"},\"author\":{\"name\":\"haberkuzey\",\"@id\":\"https:\\\/\\\/haberkuzey.com\\\/#\\\/schema\\\/person\\\/3372109ec735f9333f4fa47ebb9605ca\"},\"headline\":\"Cevdet Y\u0131lmaz\u2019dan fiber optik a\u00e7\u0131klamas\u0131: D\u00fczeltilmesi gereken bir nokta varsa d\u00fczeltmekten \u00e7ekinmeyiz\",\"datePublished\":\"2026-03-05T15:03:04+00:00\",\"mainEntityOfPage\":{\"@id\":\"https:\\\/\\\/haberkuzey.com\\\/index.php\\\/2026\\\/03\\\/05\\\/cevdet-yilmazdan-fiber-optik-aciklamasi-duzeltilmesi-gereken-bir-nokta-varsa-duzeltmekten-cekinmeyiz\\\/\"},\"wordCount\":1982,\"commentCount\":0,\"image\":{\"@id\":\"https:\\\/\\\/haberkuzey.com\\\/index.php\\\/2026\\\/03\\\/05\\\/cevdet-yilmazdan-fiber-optik-aciklamasi-duzeltilmesi-gereken-bir-nokta-varsa-duzeltmekten-cekinmeyiz\\\/#primaryimage\"},\"thumbnailUrl\":\"https:\\\/\\\/haberkuzey.com\\\/wp-content\\\/uploads\\\/2026\\\/03\\\/87FD19B3-F7AE-4462-A1C0-31FFE0476172.jpeg\",\"articleSection\":[\"K\u0131br\u0131s\"],\"inLanguage\":\"tr\",\"potentialAction\":[{\"@type\":\"CommentAction\",\"name\":\"Comment\",\"target\":[\"https:\\\/\\\/haberkuzey.com\\\/index.php\\\/2026\\\/03\\\/05\\\/cevdet-yilmazdan-fiber-optik-aciklamasi-duzeltilmesi-gereken-bir-nokta-varsa-duzeltmekten-cekinmeyiz\\\/#respond\"]}]},{\"@type\":\"WebPage\",\"@id\":\"https:\\\/\\\/haberkuzey.com\\\/index.php\\\/2026\\\/03\\\/05\\\/cevdet-yilmazdan-fiber-optik-aciklamasi-duzeltilmesi-gereken-bir-nokta-varsa-duzeltmekten-cekinmeyiz\\\/\",\"url\":\"https:\\\/\\\/haberkuzey.com\\\/index.php\\\/2026\\\/03\\\/05\\\/cevdet-yilmazdan-fiber-optik-aciklamasi-duzeltilmesi-gereken-bir-nokta-varsa-duzeltmekten-cekinmeyiz\\\/\",\"name\":\"Cevdet Y\u0131lmaz\u2019dan fiber optik a\u00e7\u0131klamas\u0131: D\u00fczeltilmesi gereken bir nokta varsa d\u00fczeltmekten \u00e7ekinmeyiz - Haber Kuzey\",\"isPartOf\":{\"@id\":\"https:\\\/\\\/haberkuzey.com\\\/#website\"},\"primaryImageOfPage\":{\"@id\":\"https:\\\/\\\/haberkuzey.com\\\/index.php\\\/2026\\\/03\\\/05\\\/cevdet-yilmazdan-fiber-optik-aciklamasi-duzeltilmesi-gereken-bir-nokta-varsa-duzeltmekten-cekinmeyiz\\\/#primaryimage\"},\"image\":{\"@id\":\"https:\\\/\\\/haberkuzey.com\\\/index.php\\\/2026\\\/03\\\/05\\\/cevdet-yilmazdan-fiber-optik-aciklamasi-duzeltilmesi-gereken-bir-nokta-varsa-duzeltmekten-cekinmeyiz\\\/#primaryimage\"},\"thumbnailUrl\":\"https:\\\/\\\/haberkuzey.com\\\/wp-content\\\/uploads\\\/2026\\\/03\\\/87FD19B3-F7AE-4462-A1C0-31FFE0476172.jpeg\",\"datePublished\":\"2026-03-05T15:03:04+00:00\",\"author\":{\"@id\":\"https:\\\/\\\/haberkuzey.com\\\/#\\\/schema\\\/person\\\/3372109ec735f9333f4fa47ebb9605ca\"},\"breadcrumb\":{\"@id\":\"https:\\\/\\\/haberkuzey.com\\\/index.php\\\/2026\\\/03\\\/05\\\/cevdet-yilmazdan-fiber-optik-aciklamasi-duzeltilmesi-gereken-bir-nokta-varsa-duzeltmekten-cekinmeyiz\\\/#breadcrumb\"},\"inLanguage\":\"tr\",\"potentialAction\":[{\"@type\":\"ReadAction\",\"target\":[\"https:\\\/\\\/haberkuzey.com\\\/index.php\\\/2026\\\/03\\\/05\\\/cevdet-yilmazdan-fiber-optik-aciklamasi-duzeltilmesi-gereken-bir-nokta-varsa-duzeltmekten-cekinmeyiz\\\/\"]}]},{\"@type\":\"ImageObject\",\"inLanguage\":\"tr\",\"@id\":\"https:\\\/\\\/haberkuzey.com\\\/index.php\\\/2026\\\/03\\\/05\\\/cevdet-yilmazdan-fiber-optik-aciklamasi-duzeltilmesi-gereken-bir-nokta-varsa-duzeltmekten-cekinmeyiz\\\/#primaryimage\",\"url\":\"https:\\\/\\\/haberkuzey.com\\\/wp-content\\\/uploads\\\/2026\\\/03\\\/87FD19B3-F7AE-4462-A1C0-31FFE0476172.jpeg\",\"contentUrl\":\"https:\\\/\\\/haberkuzey.com\\\/wp-content\\\/uploads\\\/2026\\\/03\\\/87FD19B3-F7AE-4462-A1C0-31FFE0476172.jpeg\",\"width\":1024,\"height\":611},{\"@type\":\"BreadcrumbList\",\"@id\":\"https:\\\/\\\/haberkuzey.com\\\/index.php\\\/2026\\\/03\\\/05\\\/cevdet-yilmazdan-fiber-optik-aciklamasi-duzeltilmesi-gereken-bir-nokta-varsa-duzeltmekten-cekinmeyiz\\\/#breadcrumb\",\"itemListElement\":[{\"@type\":\"ListItem\",\"position\":1,\"name\":\"Anasayfa\",\"item\":\"https:\\\/\\\/haberkuzey.com\\\/\"},{\"@type\":\"ListItem\",\"position\":2,\"name\":\"Cevdet Y\u0131lmaz\u2019dan fiber optik a\u00e7\u0131klamas\u0131: D\u00fczeltilmesi gereken bir nokta varsa d\u00fczeltmekten \u00e7ekinmeyiz\"}]},{\"@type\":\"WebSite\",\"@id\":\"https:\\\/\\\/haberkuzey.com\\\/#website\",\"url\":\"https:\\\/\\\/haberkuzey.com\\\/\",\"name\":\"Haber Kuzey\",\"description\":\"Do\u011fru Haberin Adresi\",\"potentialAction\":[{\"@type\":\"SearchAction\",\"target\":{\"@type\":\"EntryPoint\",\"urlTemplate\":\"https:\\\/\\\/haberkuzey.com\\\/?s={search_term_string}\"},\"query-input\":{\"@type\":\"PropertyValueSpecification\",\"valueRequired\":true,\"valueName\":\"search_term_string\"}}],\"inLanguage\":\"tr\"},{\"@type\":\"Person\",\"@id\":\"https:\\\/\\\/haberkuzey.com\\\/#\\\/schema\\\/person\\\/3372109ec735f9333f4fa47ebb9605ca\",\"name\":\"haberkuzey\",\"image\":{\"@type\":\"ImageObject\",\"inLanguage\":\"tr\",\"@id\":\"https:\\\/\\\/secure.gravatar.com\\\/avatar\\\/f5fc875574b1575324358c3b9e6a32b8227aa5b74f3fa22e3cadb63e26fcc39c?s=96&d=mm&r=g\",\"url\":\"https:\\\/\\\/secure.gravatar.com\\\/avatar\\\/f5fc875574b1575324358c3b9e6a32b8227aa5b74f3fa22e3cadb63e26fcc39c?s=96&d=mm&r=g\",\"contentUrl\":\"https:\\\/\\\/secure.gravatar.com\\\/avatar\\\/f5fc875574b1575324358c3b9e6a32b8227aa5b74f3fa22e3cadb63e26fcc39c?s=96&d=mm&r=g\",\"caption\":\"haberkuzey\"},\"sameAs\":[\"https:\\\/\\\/haberkuzey.com\"],\"url\":\"https:\\\/\\\/haberkuzey.com\\\/index.php\\\/author\\\/haberkuzey\\\/\"}]}<\/script>\n<!-- \/ Yoast SEO plugin. -->","yoast_head_json":{"title":"Cevdet Y\u0131lmaz\u2019dan fiber optik a\u00e7\u0131klamas\u0131: D\u00fczeltilmesi gereken bir nokta varsa d\u00fczeltmekten \u00e7ekinmeyiz - Haber Kuzey","robots":{"index":"index","follow":"follow","max-snippet":"max-snippet:-1","max-image-preview":"max-image-preview:large","max-video-preview":"max-video-preview:-1"},"canonical":"https:\/\/haberkuzey.com\/index.php\/2026\/03\/05\/cevdet-yilmazdan-fiber-optik-aciklamasi-duzeltilmesi-gereken-bir-nokta-varsa-duzeltmekten-cekinmeyiz\/","og_locale":"tr_TR","og_type":"article","og_title":"Cevdet Y\u0131lmaz\u2019dan fiber optik a\u00e7\u0131klamas\u0131: D\u00fczeltilmesi gereken bir nokta varsa d\u00fczeltmekten \u00e7ekinmeyiz - Haber Kuzey","og_description":"T\u00fcrkiye Cumhuriyeti Cumhurba\u015fkan\u0131 Yard\u0131mc\u0131s\u0131 Cevdet Y\u0131lmaz, Fiber Optik Altyap\u0131 Projesi&#8217;nin uygulanmas\u0131 a\u015famas\u0131nda bir eksik, bir yanl\u0131\u015f, hakl\u0131 bir itiraz olursa birlikte gere\u011finin yap\u0131laca\u011f\u0131n\u0131 vurgulad\u0131. \u201cEk d\u00fczenlemelerle varsa bir eksik, bir yanl\u0131\u015f, d\u00fczeltilmesi gereken bir nokta onu da d\u00fczeltmekten bir an bile teredd\u00fct etmeyiz. Bu konudaki niyetimizden hi\u00e7 kimsenin \u015f\u00fcphesi olmas\u0131n\u201d diyen Y\u0131lmaz, \u201cTek amac\u0131m\u0131z var, [&hellip;]","og_url":"https:\/\/haberkuzey.com\/index.php\/2026\/03\/05\/cevdet-yilmazdan-fiber-optik-aciklamasi-duzeltilmesi-gereken-bir-nokta-varsa-duzeltmekten-cekinmeyiz\/","og_site_name":"Haber Kuzey","article_published_time":"2026-03-05T15:03:04+00:00","author":"haberkuzey","twitter_card":"summary_large_image","twitter_misc":{"Yazan:":"haberkuzey","Tahmini okuma s\u00fcresi":"10 dakika"},"schema":{"@context":"https:\/\/schema.org","@graph":[{"@type":"Article","@id":"https:\/\/haberkuzey.com\/index.php\/2026\/03\/05\/cevdet-yilmazdan-fiber-optik-aciklamasi-duzeltilmesi-gereken-bir-nokta-varsa-duzeltmekten-cekinmeyiz\/#article","isPartOf":{"@id":"https:\/\/haberkuzey.com\/index.php\/2026\/03\/05\/cevdet-yilmazdan-fiber-optik-aciklamasi-duzeltilmesi-gereken-bir-nokta-varsa-duzeltmekten-cekinmeyiz\/"},"author":{"name":"haberkuzey","@id":"https:\/\/haberkuzey.com\/#\/schema\/person\/3372109ec735f9333f4fa47ebb9605ca"},"headline":"Cevdet Y\u0131lmaz\u2019dan fiber optik a\u00e7\u0131klamas\u0131: D\u00fczeltilmesi gereken bir nokta varsa d\u00fczeltmekten \u00e7ekinmeyiz","datePublished":"2026-03-05T15:03:04+00:00","mainEntityOfPage":{"@id":"https:\/\/haberkuzey.com\/index.php\/2026\/03\/05\/cevdet-yilmazdan-fiber-optik-aciklamasi-duzeltilmesi-gereken-bir-nokta-varsa-duzeltmekten-cekinmeyiz\/"},"wordCount":1982,"commentCount":0,"image":{"@id":"https:\/\/haberkuzey.com\/index.php\/2026\/03\/05\/cevdet-yilmazdan-fiber-optik-aciklamasi-duzeltilmesi-gereken-bir-nokta-varsa-duzeltmekten-cekinmeyiz\/#primaryimage"},"thumbnailUrl":"https:\/\/haberkuzey.com\/wp-content\/uploads\/2026\/03\/87FD19B3-F7AE-4462-A1C0-31FFE0476172.jpeg","articleSection":["K\u0131br\u0131s"],"inLanguage":"tr","potentialAction":[{"@type":"CommentAction","name":"Comment","target":["https:\/\/haberkuzey.com\/index.php\/2026\/03\/05\/cevdet-yilmazdan-fiber-optik-aciklamasi-duzeltilmesi-gereken-bir-nokta-varsa-duzeltmekten-cekinmeyiz\/#respond"]}]},{"@type":"WebPage","@id":"https:\/\/haberkuzey.com\/index.php\/2026\/03\/05\/cevdet-yilmazdan-fiber-optik-aciklamasi-duzeltilmesi-gereken-bir-nokta-varsa-duzeltmekten-cekinmeyiz\/","url":"https:\/\/haberkuzey.com\/index.php\/2026\/03\/05\/cevdet-yilmazdan-fiber-optik-aciklamasi-duzeltilmesi-gereken-bir-nokta-varsa-duzeltmekten-cekinmeyiz\/","name":"Cevdet Y\u0131lmaz\u2019dan fiber optik a\u00e7\u0131klamas\u0131: D\u00fczeltilmesi gereken bir nokta varsa d\u00fczeltmekten \u00e7ekinmeyiz - Haber Kuzey","isPartOf":{"@id":"https:\/\/haberkuzey.com\/#website"},"primaryImageOfPage":{"@id":"https:\/\/haberkuzey.com\/index.php\/2026\/03\/05\/cevdet-yilmazdan-fiber-optik-aciklamasi-duzeltilmesi-gereken-bir-nokta-varsa-duzeltmekten-cekinmeyiz\/#primaryimage"},"image":{"@id":"https:\/\/haberkuzey.com\/index.php\/2026\/03\/05\/cevdet-yilmazdan-fiber-optik-aciklamasi-duzeltilmesi-gereken-bir-nokta-varsa-duzeltmekten-cekinmeyiz\/#primaryimage"},"thumbnailUrl":"https:\/\/haberkuzey.com\/wp-content\/uploads\/2026\/03\/87FD19B3-F7AE-4462-A1C0-31FFE0476172.jpeg","datePublished":"2026-03-05T15:03:04+00:00","author":{"@id":"https:\/\/haberkuzey.com\/#\/schema\/person\/3372109ec735f9333f4fa47ebb9605ca"},"breadcrumb":{"@id":"https:\/\/haberkuzey.com\/index.php\/2026\/03\/05\/cevdet-yilmazdan-fiber-optik-aciklamasi-duzeltilmesi-gereken-bir-nokta-varsa-duzeltmekten-cekinmeyiz\/#breadcrumb"},"inLanguage":"tr","potentialAction":[{"@type":"ReadAction","target":["https:\/\/haberkuzey.com\/index.php\/2026\/03\/05\/cevdet-yilmazdan-fiber-optik-aciklamasi-duzeltilmesi-gereken-bir-nokta-varsa-duzeltmekten-cekinmeyiz\/"]}]},{"@type":"ImageObject","inLanguage":"tr","@id":"https:\/\/haberkuzey.com\/index.php\/2026\/03\/05\/cevdet-yilmazdan-fiber-optik-aciklamasi-duzeltilmesi-gereken-bir-nokta-varsa-duzeltmekten-cekinmeyiz\/#primaryimage","url":"https:\/\/haberkuzey.com\/wp-content\/uploads\/2026\/03\/87FD19B3-F7AE-4462-A1C0-31FFE0476172.jpeg","contentUrl":"https:\/\/haberkuzey.com\/wp-content\/uploads\/2026\/03\/87FD19B3-F7AE-4462-A1C0-31FFE0476172.jpeg","width":1024,"height":611},{"@type":"BreadcrumbList","@id":"https:\/\/haberkuzey.com\/index.php\/2026\/03\/05\/cevdet-yilmazdan-fiber-optik-aciklamasi-duzeltilmesi-gereken-bir-nokta-varsa-duzeltmekten-cekinmeyiz\/#breadcrumb","itemListElement":[{"@type":"ListItem","position":1,"name":"Anasayfa","item":"https:\/\/haberkuzey.com\/"},{"@type":"ListItem","position":2,"name":"Cevdet Y\u0131lmaz\u2019dan fiber optik a\u00e7\u0131klamas\u0131: D\u00fczeltilmesi gereken bir nokta varsa d\u00fczeltmekten \u00e7ekinmeyiz"}]},{"@type":"WebSite","@id":"https:\/\/haberkuzey.com\/#website","url":"https:\/\/haberkuzey.com\/","name":"Haber Kuzey","description":"Do\u011fru Haberin Adresi","potentialAction":[{"@type":"SearchAction","target":{"@type":"EntryPoint","urlTemplate":"https:\/\/haberkuzey.com\/?s={search_term_string}"},"query-input":{"@type":"PropertyValueSpecification","valueRequired":true,"valueName":"search_term_string"}}],"inLanguage":"tr"},{"@type":"Person","@id":"https:\/\/haberkuzey.com\/#\/schema\/person\/3372109ec735f9333f4fa47ebb9605ca","name":"haberkuzey","image":{"@type":"ImageObject","inLanguage":"tr","@id":"https:\/\/secure.gravatar.com\/avatar\/f5fc875574b1575324358c3b9e6a32b8227aa5b74f3fa22e3cadb63e26fcc39c?s=96&d=mm&r=g","url":"https:\/\/secure.gravatar.com\/avatar\/f5fc875574b1575324358c3b9e6a32b8227aa5b74f3fa22e3cadb63e26fcc39c?s=96&d=mm&r=g","contentUrl":"https:\/\/secure.gravatar.com\/avatar\/f5fc875574b1575324358c3b9e6a32b8227aa5b74f3fa22e3cadb63e26fcc39c?s=96&d=mm&r=g","caption":"haberkuzey"},"sameAs":["https:\/\/haberkuzey.com"],"url":"https:\/\/haberkuzey.com\/index.php\/author\/haberkuzey\/"}]}},"_links":{"self":[{"href":"https:\/\/haberkuzey.com\/index.php\/wp-json\/wp\/v2\/posts\/34998","targetHints":{"allow":["GET"]}}],"collection":[{"href":"https:\/\/haberkuzey.com\/index.php\/wp-json\/wp\/v2\/posts"}],"about":[{"href":"https:\/\/haberkuzey.com\/index.php\/wp-json\/wp\/v2\/types\/post"}],"author":[{"embeddable":true,"href":"https:\/\/haberkuzey.com\/index.php\/wp-json\/wp\/v2\/users\/1"}],"replies":[{"embeddable":true,"href":"https:\/\/haberkuzey.com\/index.php\/wp-json\/wp\/v2\/comments?post=34998"}],"version-history":[{"count":0,"href":"https:\/\/haberkuzey.com\/index.php\/wp-json\/wp\/v2\/posts\/34998\/revisions"}],"wp:featuredmedia":[{"embeddable":true,"href":"https:\/\/haberkuzey.com\/index.php\/wp-json\/wp\/v2\/media\/34999"}],"wp:attachment":[{"href":"https:\/\/haberkuzey.com\/index.php\/wp-json\/wp\/v2\/media?parent=34998"}],"wp:term":[{"taxonomy":"category","embeddable":true,"href":"https:\/\/haberkuzey.com\/index.php\/wp-json\/wp\/v2\/categories?post=34998"},{"taxonomy":"post_tag","embeddable":true,"href":"https:\/\/haberkuzey.com\/index.php\/wp-json\/wp\/v2\/tags?post=34998"}],"curies":[{"name":"wp","href":"https:\/\/api.w.org\/{rel}","templated":true}]}}