{"id":34996,"date":"2026-03-05T16:57:33","date_gmt":"2026-03-05T14:57:33","guid":{"rendered":"https:\/\/haberkuzey.com\/index.php\/2026\/03\/05\/ustel-yuksekogretim-kuzey-kibrisin-stratejik-kalkinma-alanlarindan-biri\/"},"modified":"2026-03-05T16:57:33","modified_gmt":"2026-03-05T14:57:33","slug":"ustel-yuksekogretim-kuzey-kibrisin-stratejik-kalkinma-alanlarindan-biri","status":"publish","type":"post","link":"https:\/\/haberkuzey.com\/index.php\/2026\/03\/05\/ustel-yuksekogretim-kuzey-kibrisin-stratejik-kalkinma-alanlarindan-biri\/","title":{"rendered":"\u00dcstel: Y\u00fcksek\u00f6\u011fretim Kuzey K\u0131br\u0131s\u2019\u0131n stratejik kalk\u0131nma alanlar\u0131ndan biri"},"content":{"rendered":"<p>Ba\u015fbakan \u00dcnal \u00dcSTEL, y\u00fcksek\u00f6\u011fretimin Kuzey K\u0131br\u0131s&#8217;\u0131n stratejik kalk\u0131nma alanlar\u0131ndan biri oldu\u011funu vurgulayarak, \u201cBug\u00fcn KKTC yaln\u0131zca bir turizm adas\u0131 de\u011fil, ayn\u0131 zamanda b\u00f6lgesel bir y\u00fcksek\u00f6\u011fretim merkezidir.\u201d dedi.<\/p>\n<p>\u00dcstel, T\u00fcrkiye Cumhurba\u015fkan\u0131 Yard\u0131mc\u0131s\u0131 Cevdet Y\u0131lmaz\u2019\u0131n da kat\u0131l\u0131m\u0131yla ger\u00e7ekle\u015ftirilen Alt\u0131nba\u015f K\u0131br\u0131s \u00dcniversitesi\u2019nin Minarelik\u00f6y\u2019deki yeni kamp\u00fcs\u00fcn\u00fcn temel atma t\u00f6reninde konu\u015ftu.<\/p>\n<p>Ba\u015fbakan \u00dcstel, t\u00f6rende yapt\u0131\u011f\u0131 konu\u015fmada, bug\u00fcn bilime ve e\u011fitime yap\u0131lan \u00f6nemli bir yat\u0131r\u0131m\u0131n temelinin at\u0131ld\u0131\u011f\u0131n\u0131 ifade ederek, t\u00f6rene kat\u0131lan Y\u0131lmaz ve heyetine te\u015fekk\u00fcrlerini iletti.<\/p>\n<p><strong>&#8220;\u00dcN\u0130VERS\u0130TELERDE ATTI\u011eIMIZ DEVR\u0130MSEL ADIMI F\u0130BER OPT\u0130K PROTOKOL\u00dc&#8217;YLE D\u0130J\u0130TAL ALTYAPI \u0130\u00c7\u0130N DE ATTIK&#8221;<\/strong><\/p>\n<p>Kuzey K\u0131br\u0131s&#8217;\u0131n \u201cy\u00fcksek\u00f6\u011fretim merkezi\u201d olmas\u0131 vizyonunun y\u0131llar \u00f6nce Ulusal Birlik Partisi h\u00fck\u00fcmetleri d\u00f6neminde ortaya kondu\u011funu ve ilk yat\u0131r\u0131mlar\u0131n o d\u00f6nemde at\u0131lan cesur ad\u0131mlarla ba\u015flad\u0131\u011f\u0131n\u0131 kaydeden \u00dcstel, o d\u00f6nemde de bug\u00fcn baz\u0131 vizyoner projelere oldu\u011fu gibi kar\u015f\u0131 \u00e7\u0131kanlar oldu\u011funu hat\u0131rlatt\u0131. \u00dcstel, &#8220;Gelinen noktada vizyonun do\u011frulu\u011funun g\u00f6r\u00fcld\u00fc\u011f\u00fcn\u00fc\u201d vurgulad\u0131.<\/p>\n<p>Bug\u00fcn yeni bir devrimsel ad\u0131m\u0131n dijital altyap\u0131n\u0131n geli\u015ftirilmesi i\u00e7in Fiber Optik Altyap\u0131 Anla\u015fmas\u0131\u2019n\u0131n imzalanmas\u0131yla at\u0131ld\u0131\u011f\u0131n\u0131 s\u00f6yleyen \u00dcstel, bu projenin ulusal g\u00fcvenlik ad\u0131na son derece \u00f6nemli oldu\u011funun alt\u0131n\u0131 \u00e7izdi. \u00dcstel, b\u00f6lgedeki sava\u015flar\u0131n dijital bir hal ald\u0131\u011f\u0131na i\u015faret ederek, \u201cB\u00f6ylesi bir ortamda dijital egemenlik, toprak egemenli\u011fi, hava egemenli\u011fi ve deniz egemenli\u011fi kadar \u00f6nemlidir.\u201d dedi.<\/p>\n<p>Ba\u015fbakan \u00dcnal \u00dcSTEL, projenin s\u00fcratle hayata ge\u00e7mesi gerekti\u011fini kaydetti.<\/p>\n<p><\/p>\n<p><strong>&#8220;\u00dcN\u0130VERS\u0130TELER\u0130N ALTYAPISINI G\u00dc\u00c7LEND\u0130RMEK \u0130\u00c7\u0130N ADIMLAR ATMAYA DEVAM EDECE\u011e\u0130Z&#8221;<\/strong><\/p>\n<p>\u00dcstel, \u00fcniversitelerin \u00fclke ekonomisine \u00f6nemli katk\u0131lar sa\u011flad\u0131\u011f\u0131n\u0131 belirterek, y\u00fcksek\u00f6\u011fretimin ayn\u0131 zamanda Kuzey K\u0131br\u0131s&#8217;\u0131n uluslararas\u0131 g\u00f6r\u00fcn\u00fcrl\u00fc\u011f\u00fcn\u00fc artt\u0131ran, farkl\u0131 k\u00fclt\u00fcrleri bir araya getiren ve nitelikli insan kayna\u011f\u0131 yeti\u015ftiren stratejik bir alan oldu\u011funu ifade etti.<\/p>\n<p>\u00dcniversiteleri h\u00fck\u00fcmet olarak stratejik bir kalk\u0131nma alan\u0131 olarak g\u00f6rd\u00fcklerini kaydeden \u00dcstel, \u00fcniversitelerin altyap\u0131s\u0131n\u0131 g\u00fc\u00e7lendirmek, uluslararas\u0131 rekabet g\u00fcc\u00fcn\u00fc art\u0131rmak ve bilimsel \u00fcretimi te\u015fvik etmek i\u00e7in gerekli ad\u0131mlar\u0131 atmaya devam edeceklerini s\u00f6yledi.<\/p>\n<p><strong>&#8220;YEN\u0130 KAMP\u00dcS YATIRIMI Y\u00dcKSEK\u00d6\u011eRET\u0130M ALANINDAK\u0130 G\u00dcC\u00dcM\u00dcZ\u00dc ARTIRACAK&#8221;<\/strong><\/p>\n<p>Alt\u0131nba\u015f K\u0131br\u0131s \u00dcniversitesi\u2019nin gen\u00e7 bir \u00fcniversite olmas\u0131na ra\u011fmen k\u0131sa s\u00fcrede \u00f6nemli bir akademik kapasite olu\u015fturdu\u011funa vurgu yapan \u00dcstel, yeni kamp\u00fcs yat\u0131r\u0131m\u0131n\u0131n y\u00fcksek\u00f6\u011fretim alan\u0131ndaki g\u00fcc\u00fc daha da art\u0131raca\u011f\u0131n\u0131n alt\u0131n\u0131 \u00e7izdi. \u00dcstel, yat\u0131r\u0131m\u0131n \u00fclkeye, gen\u00e7lere ve bilim d\u00fcnyas\u0131na hay\u0131rl\u0131 olmas\u0131n\u0131 temenni etti.<\/p>\n<p>\u00dcstel, T\u00fcrkiye Cumhuriyeti ile KKTC aras\u0131ndaki i\u015f birli\u011finin e\u011fitimden altyap\u0131ya, ekonomiden teknolojiye kadar bir\u00e7ok alanda \u00fclkenin geli\u015fimine katk\u0131 sa\u011flad\u0131\u011f\u0131n\u0131 da s\u00f6zlerine ekledi.<\/p>\n<p>\u00dcstel: Y\u00fcksek\u00f6\u011fretim Kuzey K\u0131br\u0131s&#8217;\u0131n stratejik kalk\u0131nma alanlar\u0131ndan biri yaz\u0131s\u0131 ilk \u00f6nce K\u0131br\u0131s Hakikat \u00fczerinde ortaya \u00e7\u0131kt\u0131.<\/p>\n","protected":false},"excerpt":{"rendered":"<p>Ba\u015fbakan \u00dcnal \u00dcSTEL, y\u00fcksek\u00f6\u011fretimin Kuzey K\u0131br\u0131s&#8217;\u0131n stratejik kalk\u0131nma alanlar\u0131ndan biri oldu\u011funu vurgulayarak, \u201cBug\u00fcn KKTC yaln\u0131zca bir turizm adas\u0131 de\u011fil, ayn\u0131 zamanda b\u00f6lgesel bir y\u00fcksek\u00f6\u011fretim merkezidir.\u201d dedi. \u00dcstel, T\u00fcrkiye Cumhurba\u015fkan\u0131 Yard\u0131mc\u0131s\u0131 Cevdet Y\u0131lmaz\u2019\u0131n da kat\u0131l\u0131m\u0131yla ger\u00e7ekle\u015ftirilen Alt\u0131nba\u015f K\u0131br\u0131s \u00dcniversitesi\u2019nin Minarelik\u00f6y\u2019deki yeni kamp\u00fcs\u00fcn\u00fcn temel atma t\u00f6reninde konu\u015ftu. Ba\u015fbakan \u00dcstel, t\u00f6rende yapt\u0131\u011f\u0131 konu\u015fmada, bug\u00fcn bilime ve e\u011fitime yap\u0131lan [&hellip;]<\/p>\n","protected":false},"author":1,"featured_media":34997,"comment_status":"open","ping_status":"open","sticky":false,"template":"","format":"standard","meta":{"jnews-multi-image_gallery":[],"jnews_single_post":[],"jnews_primary_category":[],"footnotes":""},"categories":[1],"tags":[],"class_list":["post-34996","post","type-post","status-publish","format-standard","has-post-thumbnail","hentry","category-kibris"],"yoast_head":"<!-- This site is optimized with the Yoast SEO plugin v27.5 - https:\/\/yoast.com\/product\/yoast-seo-wordpress\/ -->\n<title>\u00dcstel: Y\u00fcksek\u00f6\u011fretim Kuzey K\u0131br\u0131s\u2019\u0131n stratejik kalk\u0131nma alanlar\u0131ndan biri - Haber Kuzey<\/title>\n<meta name=\"robots\" content=\"index, follow, max-snippet:-1, max-image-preview:large, max-video-preview:-1\" \/>\n<link rel=\"canonical\" href=\"https:\/\/haberkuzey.com\/index.php\/2026\/03\/05\/ustel-yuksekogretim-kuzey-kibrisin-stratejik-kalkinma-alanlarindan-biri\/\" \/>\n<meta property=\"og:locale\" content=\"tr_TR\" \/>\n<meta property=\"og:type\" content=\"article\" \/>\n<meta property=\"og:title\" content=\"\u00dcstel: Y\u00fcksek\u00f6\u011fretim Kuzey K\u0131br\u0131s\u2019\u0131n stratejik kalk\u0131nma alanlar\u0131ndan biri - Haber Kuzey\" \/>\n<meta property=\"og:description\" content=\"Ba\u015fbakan \u00dcnal \u00dcSTEL, y\u00fcksek\u00f6\u011fretimin Kuzey K\u0131br\u0131s&#8217;\u0131n stratejik kalk\u0131nma alanlar\u0131ndan biri oldu\u011funu vurgulayarak, \u201cBug\u00fcn KKTC yaln\u0131zca bir turizm adas\u0131 de\u011fil, ayn\u0131 zamanda b\u00f6lgesel bir y\u00fcksek\u00f6\u011fretim merkezidir.\u201d dedi. \u00dcstel, T\u00fcrkiye Cumhurba\u015fkan\u0131 Yard\u0131mc\u0131s\u0131 Cevdet Y\u0131lmaz\u2019\u0131n da kat\u0131l\u0131m\u0131yla ger\u00e7ekle\u015ftirilen Alt\u0131nba\u015f K\u0131br\u0131s \u00dcniversitesi\u2019nin Minarelik\u00f6y\u2019deki yeni kamp\u00fcs\u00fcn\u00fcn temel atma t\u00f6reninde konu\u015ftu. Ba\u015fbakan \u00dcstel, t\u00f6rende yapt\u0131\u011f\u0131 konu\u015fmada, bug\u00fcn bilime ve e\u011fitime yap\u0131lan [&hellip;]\" \/>\n<meta property=\"og:url\" content=\"https:\/\/haberkuzey.com\/index.php\/2026\/03\/05\/ustel-yuksekogretim-kuzey-kibrisin-stratejik-kalkinma-alanlarindan-biri\/\" \/>\n<meta property=\"og:site_name\" content=\"Haber Kuzey\" \/>\n<meta property=\"article:published_time\" content=\"2026-03-05T14:57:33+00:00\" \/>\n<meta property=\"og:image\" content=\"https:\/\/www.kibrispostasi.com\/upload\/news\/v\/v2\/v2normalhaberboyutuablonsuzkopyas-2026-03-05t161633765_1772720537.jpg\" \/>\n<meta name=\"author\" content=\"haberkuzey\" \/>\n<meta name=\"twitter:card\" content=\"summary_large_image\" \/>\n<meta name=\"twitter:label1\" content=\"Yazan:\" \/>\n\t<meta name=\"twitter:data1\" content=\"haberkuzey\" \/>\n\t<meta name=\"twitter:label2\" content=\"Tahmini okuma s\u00fcresi\" \/>\n\t<meta name=\"twitter:data2\" content=\"3 dakika\" \/>\n<script type=\"application\/ld+json\" class=\"yoast-schema-graph\">{\"@context\":\"https:\\\/\\\/schema.org\",\"@graph\":[{\"@type\":\"Article\",\"@id\":\"https:\\\/\\\/haberkuzey.com\\\/index.php\\\/2026\\\/03\\\/05\\\/ustel-yuksekogretim-kuzey-kibrisin-stratejik-kalkinma-alanlarindan-biri\\\/#article\",\"isPartOf\":{\"@id\":\"https:\\\/\\\/haberkuzey.com\\\/index.php\\\/2026\\\/03\\\/05\\\/ustel-yuksekogretim-kuzey-kibrisin-stratejik-kalkinma-alanlarindan-biri\\\/\"},\"author\":{\"name\":\"haberkuzey\",\"@id\":\"https:\\\/\\\/haberkuzey.com\\\/#\\\/schema\\\/person\\\/3372109ec735f9333f4fa47ebb9605ca\"},\"headline\":\"\u00dcstel: Y\u00fcksek\u00f6\u011fretim Kuzey K\u0131br\u0131s\u2019\u0131n stratejik kalk\u0131nma alanlar\u0131ndan biri\",\"datePublished\":\"2026-03-05T14:57:33+00:00\",\"mainEntityOfPage\":{\"@id\":\"https:\\\/\\\/haberkuzey.com\\\/index.php\\\/2026\\\/03\\\/05\\\/ustel-yuksekogretim-kuzey-kibrisin-stratejik-kalkinma-alanlarindan-biri\\\/\"},\"wordCount\":575,\"commentCount\":0,\"image\":{\"@id\":\"https:\\\/\\\/haberkuzey.com\\\/index.php\\\/2026\\\/03\\\/05\\\/ustel-yuksekogretim-kuzey-kibrisin-stratejik-kalkinma-alanlarindan-biri\\\/#primaryimage\"},\"thumbnailUrl\":\"https:\\\/\\\/haberkuzey.com\\\/wp-content\\\/uploads\\\/2026\\\/03\\\/IMG_7890.webp.webp\",\"articleSection\":[\"K\u0131br\u0131s\"],\"inLanguage\":\"tr\",\"potentialAction\":[{\"@type\":\"CommentAction\",\"name\":\"Comment\",\"target\":[\"https:\\\/\\\/haberkuzey.com\\\/index.php\\\/2026\\\/03\\\/05\\\/ustel-yuksekogretim-kuzey-kibrisin-stratejik-kalkinma-alanlarindan-biri\\\/#respond\"]}]},{\"@type\":\"WebPage\",\"@id\":\"https:\\\/\\\/haberkuzey.com\\\/index.php\\\/2026\\\/03\\\/05\\\/ustel-yuksekogretim-kuzey-kibrisin-stratejik-kalkinma-alanlarindan-biri\\\/\",\"url\":\"https:\\\/\\\/haberkuzey.com\\\/index.php\\\/2026\\\/03\\\/05\\\/ustel-yuksekogretim-kuzey-kibrisin-stratejik-kalkinma-alanlarindan-biri\\\/\",\"name\":\"\u00dcstel: Y\u00fcksek\u00f6\u011fretim Kuzey K\u0131br\u0131s\u2019\u0131n stratejik kalk\u0131nma alanlar\u0131ndan biri - Haber Kuzey\",\"isPartOf\":{\"@id\":\"https:\\\/\\\/haberkuzey.com\\\/#website\"},\"primaryImageOfPage\":{\"@id\":\"https:\\\/\\\/haberkuzey.com\\\/index.php\\\/2026\\\/03\\\/05\\\/ustel-yuksekogretim-kuzey-kibrisin-stratejik-kalkinma-alanlarindan-biri\\\/#primaryimage\"},\"image\":{\"@id\":\"https:\\\/\\\/haberkuzey.com\\\/index.php\\\/2026\\\/03\\\/05\\\/ustel-yuksekogretim-kuzey-kibrisin-stratejik-kalkinma-alanlarindan-biri\\\/#primaryimage\"},\"thumbnailUrl\":\"https:\\\/\\\/haberkuzey.com\\\/wp-content\\\/uploads\\\/2026\\\/03\\\/IMG_7890.webp.webp\",\"datePublished\":\"2026-03-05T14:57:33+00:00\",\"author\":{\"@id\":\"https:\\\/\\\/haberkuzey.com\\\/#\\\/schema\\\/person\\\/3372109ec735f9333f4fa47ebb9605ca\"},\"breadcrumb\":{\"@id\":\"https:\\\/\\\/haberkuzey.com\\\/index.php\\\/2026\\\/03\\\/05\\\/ustel-yuksekogretim-kuzey-kibrisin-stratejik-kalkinma-alanlarindan-biri\\\/#breadcrumb\"},\"inLanguage\":\"tr\",\"potentialAction\":[{\"@type\":\"ReadAction\",\"target\":[\"https:\\\/\\\/haberkuzey.com\\\/index.php\\\/2026\\\/03\\\/05\\\/ustel-yuksekogretim-kuzey-kibrisin-stratejik-kalkinma-alanlarindan-biri\\\/\"]}]},{\"@type\":\"ImageObject\",\"inLanguage\":\"tr\",\"@id\":\"https:\\\/\\\/haberkuzey.com\\\/index.php\\\/2026\\\/03\\\/05\\\/ustel-yuksekogretim-kuzey-kibrisin-stratejik-kalkinma-alanlarindan-biri\\\/#primaryimage\",\"url\":\"https:\\\/\\\/haberkuzey.com\\\/wp-content\\\/uploads\\\/2026\\\/03\\\/IMG_7890.webp.webp\",\"contentUrl\":\"https:\\\/\\\/haberkuzey.com\\\/wp-content\\\/uploads\\\/2026\\\/03\\\/IMG_7890.webp.webp\",\"width\":971,\"height\":551},{\"@type\":\"BreadcrumbList\",\"@id\":\"https:\\\/\\\/haberkuzey.com\\\/index.php\\\/2026\\\/03\\\/05\\\/ustel-yuksekogretim-kuzey-kibrisin-stratejik-kalkinma-alanlarindan-biri\\\/#breadcrumb\",\"itemListElement\":[{\"@type\":\"ListItem\",\"position\":1,\"name\":\"Anasayfa\",\"item\":\"https:\\\/\\\/haberkuzey.com\\\/\"},{\"@type\":\"ListItem\",\"position\":2,\"name\":\"\u00dcstel: Y\u00fcksek\u00f6\u011fretim Kuzey K\u0131br\u0131s\u2019\u0131n stratejik kalk\u0131nma alanlar\u0131ndan biri\"}]},{\"@type\":\"WebSite\",\"@id\":\"https:\\\/\\\/haberkuzey.com\\\/#website\",\"url\":\"https:\\\/\\\/haberkuzey.com\\\/\",\"name\":\"Haber Kuzey\",\"description\":\"Do\u011fru Haberin Adresi\",\"potentialAction\":[{\"@type\":\"SearchAction\",\"target\":{\"@type\":\"EntryPoint\",\"urlTemplate\":\"https:\\\/\\\/haberkuzey.com\\\/?s={search_term_string}\"},\"query-input\":{\"@type\":\"PropertyValueSpecification\",\"valueRequired\":true,\"valueName\":\"search_term_string\"}}],\"inLanguage\":\"tr\"},{\"@type\":\"Person\",\"@id\":\"https:\\\/\\\/haberkuzey.com\\\/#\\\/schema\\\/person\\\/3372109ec735f9333f4fa47ebb9605ca\",\"name\":\"haberkuzey\",\"image\":{\"@type\":\"ImageObject\",\"inLanguage\":\"tr\",\"@id\":\"https:\\\/\\\/secure.gravatar.com\\\/avatar\\\/f5fc875574b1575324358c3b9e6a32b8227aa5b74f3fa22e3cadb63e26fcc39c?s=96&d=mm&r=g\",\"url\":\"https:\\\/\\\/secure.gravatar.com\\\/avatar\\\/f5fc875574b1575324358c3b9e6a32b8227aa5b74f3fa22e3cadb63e26fcc39c?s=96&d=mm&r=g\",\"contentUrl\":\"https:\\\/\\\/secure.gravatar.com\\\/avatar\\\/f5fc875574b1575324358c3b9e6a32b8227aa5b74f3fa22e3cadb63e26fcc39c?s=96&d=mm&r=g\",\"caption\":\"haberkuzey\"},\"sameAs\":[\"https:\\\/\\\/haberkuzey.com\"],\"url\":\"https:\\\/\\\/haberkuzey.com\\\/index.php\\\/author\\\/haberkuzey\\\/\"}]}<\/script>\n<!-- \/ Yoast SEO plugin. -->","yoast_head_json":{"title":"\u00dcstel: Y\u00fcksek\u00f6\u011fretim Kuzey K\u0131br\u0131s\u2019\u0131n stratejik kalk\u0131nma alanlar\u0131ndan biri - Haber Kuzey","robots":{"index":"index","follow":"follow","max-snippet":"max-snippet:-1","max-image-preview":"max-image-preview:large","max-video-preview":"max-video-preview:-1"},"canonical":"https:\/\/haberkuzey.com\/index.php\/2026\/03\/05\/ustel-yuksekogretim-kuzey-kibrisin-stratejik-kalkinma-alanlarindan-biri\/","og_locale":"tr_TR","og_type":"article","og_title":"\u00dcstel: Y\u00fcksek\u00f6\u011fretim Kuzey K\u0131br\u0131s\u2019\u0131n stratejik kalk\u0131nma alanlar\u0131ndan biri - Haber Kuzey","og_description":"Ba\u015fbakan \u00dcnal \u00dcSTEL, y\u00fcksek\u00f6\u011fretimin Kuzey K\u0131br\u0131s&#8217;\u0131n stratejik kalk\u0131nma alanlar\u0131ndan biri oldu\u011funu vurgulayarak, \u201cBug\u00fcn KKTC yaln\u0131zca bir turizm adas\u0131 de\u011fil, ayn\u0131 zamanda b\u00f6lgesel bir y\u00fcksek\u00f6\u011fretim merkezidir.\u201d dedi. \u00dcstel, T\u00fcrkiye Cumhurba\u015fkan\u0131 Yard\u0131mc\u0131s\u0131 Cevdet Y\u0131lmaz\u2019\u0131n da kat\u0131l\u0131m\u0131yla ger\u00e7ekle\u015ftirilen Alt\u0131nba\u015f K\u0131br\u0131s \u00dcniversitesi\u2019nin Minarelik\u00f6y\u2019deki yeni kamp\u00fcs\u00fcn\u00fcn temel atma t\u00f6reninde konu\u015ftu. Ba\u015fbakan \u00dcstel, t\u00f6rende yapt\u0131\u011f\u0131 konu\u015fmada, bug\u00fcn bilime ve e\u011fitime yap\u0131lan [&hellip;]","og_url":"https:\/\/haberkuzey.com\/index.php\/2026\/03\/05\/ustel-yuksekogretim-kuzey-kibrisin-stratejik-kalkinma-alanlarindan-biri\/","og_site_name":"Haber Kuzey","article_published_time":"2026-03-05T14:57:33+00:00","og_image":[{"url":"https:\/\/www.kibrispostasi.com\/upload\/news\/v\/v2\/v2normalhaberboyutuablonsuzkopyas-2026-03-05t161633765_1772720537.jpg","type":"","width":"","height":""}],"author":"haberkuzey","twitter_card":"summary_large_image","twitter_misc":{"Yazan:":"haberkuzey","Tahmini okuma s\u00fcresi":"3 dakika"},"schema":{"@context":"https:\/\/schema.org","@graph":[{"@type":"Article","@id":"https:\/\/haberkuzey.com\/index.php\/2026\/03\/05\/ustel-yuksekogretim-kuzey-kibrisin-stratejik-kalkinma-alanlarindan-biri\/#article","isPartOf":{"@id":"https:\/\/haberkuzey.com\/index.php\/2026\/03\/05\/ustel-yuksekogretim-kuzey-kibrisin-stratejik-kalkinma-alanlarindan-biri\/"},"author":{"name":"haberkuzey","@id":"https:\/\/haberkuzey.com\/#\/schema\/person\/3372109ec735f9333f4fa47ebb9605ca"},"headline":"\u00dcstel: Y\u00fcksek\u00f6\u011fretim Kuzey K\u0131br\u0131s\u2019\u0131n stratejik kalk\u0131nma alanlar\u0131ndan biri","datePublished":"2026-03-05T14:57:33+00:00","mainEntityOfPage":{"@id":"https:\/\/haberkuzey.com\/index.php\/2026\/03\/05\/ustel-yuksekogretim-kuzey-kibrisin-stratejik-kalkinma-alanlarindan-biri\/"},"wordCount":575,"commentCount":0,"image":{"@id":"https:\/\/haberkuzey.com\/index.php\/2026\/03\/05\/ustel-yuksekogretim-kuzey-kibrisin-stratejik-kalkinma-alanlarindan-biri\/#primaryimage"},"thumbnailUrl":"https:\/\/haberkuzey.com\/wp-content\/uploads\/2026\/03\/IMG_7890.webp.webp","articleSection":["K\u0131br\u0131s"],"inLanguage":"tr","potentialAction":[{"@type":"CommentAction","name":"Comment","target":["https:\/\/haberkuzey.com\/index.php\/2026\/03\/05\/ustel-yuksekogretim-kuzey-kibrisin-stratejik-kalkinma-alanlarindan-biri\/#respond"]}]},{"@type":"WebPage","@id":"https:\/\/haberkuzey.com\/index.php\/2026\/03\/05\/ustel-yuksekogretim-kuzey-kibrisin-stratejik-kalkinma-alanlarindan-biri\/","url":"https:\/\/haberkuzey.com\/index.php\/2026\/03\/05\/ustel-yuksekogretim-kuzey-kibrisin-stratejik-kalkinma-alanlarindan-biri\/","name":"\u00dcstel: Y\u00fcksek\u00f6\u011fretim Kuzey K\u0131br\u0131s\u2019\u0131n stratejik kalk\u0131nma alanlar\u0131ndan biri - Haber Kuzey","isPartOf":{"@id":"https:\/\/haberkuzey.com\/#website"},"primaryImageOfPage":{"@id":"https:\/\/haberkuzey.com\/index.php\/2026\/03\/05\/ustel-yuksekogretim-kuzey-kibrisin-stratejik-kalkinma-alanlarindan-biri\/#primaryimage"},"image":{"@id":"https:\/\/haberkuzey.com\/index.php\/2026\/03\/05\/ustel-yuksekogretim-kuzey-kibrisin-stratejik-kalkinma-alanlarindan-biri\/#primaryimage"},"thumbnailUrl":"https:\/\/haberkuzey.com\/wp-content\/uploads\/2026\/03\/IMG_7890.webp.webp","datePublished":"2026-03-05T14:57:33+00:00","author":{"@id":"https:\/\/haberkuzey.com\/#\/schema\/person\/3372109ec735f9333f4fa47ebb9605ca"},"breadcrumb":{"@id":"https:\/\/haberkuzey.com\/index.php\/2026\/03\/05\/ustel-yuksekogretim-kuzey-kibrisin-stratejik-kalkinma-alanlarindan-biri\/#breadcrumb"},"inLanguage":"tr","potentialAction":[{"@type":"ReadAction","target":["https:\/\/haberkuzey.com\/index.php\/2026\/03\/05\/ustel-yuksekogretim-kuzey-kibrisin-stratejik-kalkinma-alanlarindan-biri\/"]}]},{"@type":"ImageObject","inLanguage":"tr","@id":"https:\/\/haberkuzey.com\/index.php\/2026\/03\/05\/ustel-yuksekogretim-kuzey-kibrisin-stratejik-kalkinma-alanlarindan-biri\/#primaryimage","url":"https:\/\/haberkuzey.com\/wp-content\/uploads\/2026\/03\/IMG_7890.webp.webp","contentUrl":"https:\/\/haberkuzey.com\/wp-content\/uploads\/2026\/03\/IMG_7890.webp.webp","width":971,"height":551},{"@type":"BreadcrumbList","@id":"https:\/\/haberkuzey.com\/index.php\/2026\/03\/05\/ustel-yuksekogretim-kuzey-kibrisin-stratejik-kalkinma-alanlarindan-biri\/#breadcrumb","itemListElement":[{"@type":"ListItem","position":1,"name":"Anasayfa","item":"https:\/\/haberkuzey.com\/"},{"@type":"ListItem","position":2,"name":"\u00dcstel: Y\u00fcksek\u00f6\u011fretim Kuzey K\u0131br\u0131s\u2019\u0131n stratejik kalk\u0131nma alanlar\u0131ndan biri"}]},{"@type":"WebSite","@id":"https:\/\/haberkuzey.com\/#website","url":"https:\/\/haberkuzey.com\/","name":"Haber Kuzey","description":"Do\u011fru Haberin Adresi","potentialAction":[{"@type":"SearchAction","target":{"@type":"EntryPoint","urlTemplate":"https:\/\/haberkuzey.com\/?s={search_term_string}"},"query-input":{"@type":"PropertyValueSpecification","valueRequired":true,"valueName":"search_term_string"}}],"inLanguage":"tr"},{"@type":"Person","@id":"https:\/\/haberkuzey.com\/#\/schema\/person\/3372109ec735f9333f4fa47ebb9605ca","name":"haberkuzey","image":{"@type":"ImageObject","inLanguage":"tr","@id":"https:\/\/secure.gravatar.com\/avatar\/f5fc875574b1575324358c3b9e6a32b8227aa5b74f3fa22e3cadb63e26fcc39c?s=96&d=mm&r=g","url":"https:\/\/secure.gravatar.com\/avatar\/f5fc875574b1575324358c3b9e6a32b8227aa5b74f3fa22e3cadb63e26fcc39c?s=96&d=mm&r=g","contentUrl":"https:\/\/secure.gravatar.com\/avatar\/f5fc875574b1575324358c3b9e6a32b8227aa5b74f3fa22e3cadb63e26fcc39c?s=96&d=mm&r=g","caption":"haberkuzey"},"sameAs":["https:\/\/haberkuzey.com"],"url":"https:\/\/haberkuzey.com\/index.php\/author\/haberkuzey\/"}]}},"_links":{"self":[{"href":"https:\/\/haberkuzey.com\/index.php\/wp-json\/wp\/v2\/posts\/34996","targetHints":{"allow":["GET"]}}],"collection":[{"href":"https:\/\/haberkuzey.com\/index.php\/wp-json\/wp\/v2\/posts"}],"about":[{"href":"https:\/\/haberkuzey.com\/index.php\/wp-json\/wp\/v2\/types\/post"}],"author":[{"embeddable":true,"href":"https:\/\/haberkuzey.com\/index.php\/wp-json\/wp\/v2\/users\/1"}],"replies":[{"embeddable":true,"href":"https:\/\/haberkuzey.com\/index.php\/wp-json\/wp\/v2\/comments?post=34996"}],"version-history":[{"count":0,"href":"https:\/\/haberkuzey.com\/index.php\/wp-json\/wp\/v2\/posts\/34996\/revisions"}],"wp:featuredmedia":[{"embeddable":true,"href":"https:\/\/haberkuzey.com\/index.php\/wp-json\/wp\/v2\/media\/34997"}],"wp:attachment":[{"href":"https:\/\/haberkuzey.com\/index.php\/wp-json\/wp\/v2\/media?parent=34996"}],"wp:term":[{"taxonomy":"category","embeddable":true,"href":"https:\/\/haberkuzey.com\/index.php\/wp-json\/wp\/v2\/categories?post=34996"},{"taxonomy":"post_tag","embeddable":true,"href":"https:\/\/haberkuzey.com\/index.php\/wp-json\/wp\/v2\/tags?post=34996"}],"curies":[{"name":"wp","href":"https:\/\/api.w.org\/{rel}","templated":true}]}}