{"id":34992,"date":"2026-03-05T12:47:10","date_gmt":"2026-03-05T10:47:10","guid":{"rendered":"https:\/\/haberkuzey.com\/index.php\/2026\/03\/05\/kibrisli-turkler-turkiyenin-de-destegiyle-kendi-guvenligini-saglamaya-muktedir\/"},"modified":"2026-03-05T12:47:10","modified_gmt":"2026-03-05T10:47:10","slug":"kibrisli-turkler-turkiyenin-de-destegiyle-kendi-guvenligini-saglamaya-muktedir","status":"publish","type":"post","link":"https:\/\/haberkuzey.com\/index.php\/2026\/03\/05\/kibrisli-turkler-turkiyenin-de-destegiyle-kendi-guvenligini-saglamaya-muktedir\/","title":{"rendered":"K\u0131br\u0131sl\u0131 T\u00fcrkler T\u00fcrkiye\u2019nin de deste\u011fiyle kendi g\u00fcvenli\u011fini sa\u011flamaya muktedir"},"content":{"rendered":"<p>D\u0131\u015fi\u015fleri Bakanl\u0131\u011f\u0131 S\u00f6zc\u00fcs\u00fc Ke\u00e7eli, payla\u015f\u0131m\u0131nda \u015fu ifadeleri kulland\u0131;<\/p>\n<p>&#8220;Hal b\u00f6yleyken, b\u00f6lgemizde ya\u015fanan son geli\u015fmeleri f\u0131rsata \u00e7evirmek isteyen ve her vesileyle NATO m\u00fcttefikimiz Yunanistan&#8217;la ikili ili\u015fkilerimizi zehirlemeye gayret g\u00f6steren baz\u0131 \u00e7evrelerin yeni bir oldubitti te\u015febb\u00fcs\u00fcnde bulunmalar\u0131 esasen \u015fa\u015f\u0131rt\u0131c\u0131 de\u011fildir.<\/p>\n<p>T\u00fcrkiye\u2019yi revizyonizmle su\u00e7layan bu \u00e7evrelerin uluslararas\u0131 hukuk hilaf\u0131na atacaklar\u0131 her ad\u0131m yok h\u00fckm\u00fcndedir. Daha da ibret verici olan husus ise bu zihniyetin ge\u00e7mi\u015fte K\u0131br\u0131s Adas\u0131n\u0131n ortak sahibi olan K\u0131br\u0131sl\u0131 T\u00fcrkleri toplu halde yok etmek isterken bug\u00fcn onlar\u0131 da koruyacaklar\u0131n\u0131 iddia etmeleridir. Bilinmesini isteriz ki, K\u0131br\u0131sl\u0131 T\u00fcrkler ve Kuzey K\u0131br\u0131s T\u00fcrk Cumhuriyeti, Anavatan ve Garant\u00f6r T\u00fcrkiye\u2019nin de deste\u011fiyle kendi g\u00fcvenli\u011fini sa\u011flamaya muktedir olup ba\u015fka hi\u00e7 kimseye muhta\u00e7 de\u011fildir.<\/p>\n<p>B\u00f6lgemizde ya\u015fanan geli\u015fmeler bar\u0131\u015f ve istikrara olan samimi ba\u011fl\u0131l\u0131\u011f\u0131n \u00f6nemini bir kez daha ortaya koymaktad\u0131r. \u0130\u00e7 politikaya y\u00f6nelik saiklerle mesnetsiz iddialarda bulunmay\u0131 ve \u00fclkemiz aleyhine dezenformasyon yapmay\u0131 adet haline getiren \u00e7evrelere, oldubittilere izin vermeyece\u011fimizi bu vesileyle tekrar hat\u0131rlat\u0131yor ve kendilerini sa\u011fduyuya davet ediyoruz.&#8221;<\/p>\n<p>K\u0131br\u0131sl\u0131 T\u00fcrkler T\u00fcrkiye\u2019nin de deste\u011fiyle kendi g\u00fcvenli\u011fini sa\u011flamaya muktedir yaz\u0131s\u0131 ilk \u00f6nce K\u0131br\u0131s Hakikat \u00fczerinde ortaya \u00e7\u0131kt\u0131.<\/p>\n","protected":false},"excerpt":{"rendered":"<p>D\u0131\u015fi\u015fleri Bakanl\u0131\u011f\u0131 S\u00f6zc\u00fcs\u00fc Ke\u00e7eli, payla\u015f\u0131m\u0131nda \u015fu ifadeleri kulland\u0131; &#8220;Hal b\u00f6yleyken, b\u00f6lgemizde ya\u015fanan son geli\u015fmeleri f\u0131rsata \u00e7evirmek isteyen ve her vesileyle NATO m\u00fcttefikimiz Yunanistan&#8217;la ikili ili\u015fkilerimizi zehirlemeye gayret g\u00f6steren baz\u0131 \u00e7evrelerin yeni bir oldubitti te\u015febb\u00fcs\u00fcnde bulunmalar\u0131 esasen \u015fa\u015f\u0131rt\u0131c\u0131 de\u011fildir. T\u00fcrkiye\u2019yi revizyonizmle su\u00e7layan bu \u00e7evrelerin uluslararas\u0131 hukuk hilaf\u0131na atacaklar\u0131 her ad\u0131m yok h\u00fckm\u00fcndedir. Daha da ibret verici [&hellip;]<\/p>\n","protected":false},"author":1,"featured_media":34993,"comment_status":"open","ping_status":"open","sticky":false,"template":"","format":"standard","meta":{"jnews-multi-image_gallery":[],"jnews_single_post":[],"jnews_primary_category":[],"footnotes":""},"categories":[1],"tags":[],"class_list":["post-34992","post","type-post","status-publish","format-standard","has-post-thumbnail","hentry","category-kibris"],"yoast_head":"<!-- This site is optimized with the Yoast SEO plugin v27.5 - https:\/\/yoast.com\/product\/yoast-seo-wordpress\/ -->\n<title>K\u0131br\u0131sl\u0131 T\u00fcrkler T\u00fcrkiye\u2019nin de deste\u011fiyle kendi g\u00fcvenli\u011fini sa\u011flamaya muktedir - Haber Kuzey<\/title>\n<meta name=\"robots\" content=\"index, follow, max-snippet:-1, max-image-preview:large, max-video-preview:-1\" \/>\n<link rel=\"canonical\" href=\"https:\/\/haberkuzey.com\/index.php\/2026\/03\/05\/kibrisli-turkler-turkiyenin-de-destegiyle-kendi-guvenligini-saglamaya-muktedir\/\" \/>\n<meta property=\"og:locale\" content=\"tr_TR\" \/>\n<meta property=\"og:type\" content=\"article\" \/>\n<meta property=\"og:title\" content=\"K\u0131br\u0131sl\u0131 T\u00fcrkler T\u00fcrkiye\u2019nin de deste\u011fiyle kendi g\u00fcvenli\u011fini sa\u011flamaya muktedir - Haber Kuzey\" \/>\n<meta property=\"og:description\" content=\"D\u0131\u015fi\u015fleri Bakanl\u0131\u011f\u0131 S\u00f6zc\u00fcs\u00fc Ke\u00e7eli, payla\u015f\u0131m\u0131nda \u015fu ifadeleri kulland\u0131; &#8220;Hal b\u00f6yleyken, b\u00f6lgemizde ya\u015fanan son geli\u015fmeleri f\u0131rsata \u00e7evirmek isteyen ve her vesileyle NATO m\u00fcttefikimiz Yunanistan&#8217;la ikili ili\u015fkilerimizi zehirlemeye gayret g\u00f6steren baz\u0131 \u00e7evrelerin yeni bir oldubitti te\u015febb\u00fcs\u00fcnde bulunmalar\u0131 esasen \u015fa\u015f\u0131rt\u0131c\u0131 de\u011fildir. T\u00fcrkiye\u2019yi revizyonizmle su\u00e7layan bu \u00e7evrelerin uluslararas\u0131 hukuk hilaf\u0131na atacaklar\u0131 her ad\u0131m yok h\u00fckm\u00fcndedir. Daha da ibret verici [&hellip;]\" \/>\n<meta property=\"og:url\" content=\"https:\/\/haberkuzey.com\/index.php\/2026\/03\/05\/kibrisli-turkler-turkiyenin-de-destegiyle-kendi-guvenligini-saglamaya-muktedir\/\" \/>\n<meta property=\"og:site_name\" content=\"Haber Kuzey\" \/>\n<meta property=\"article:published_time\" content=\"2026-03-05T10:47:10+00:00\" \/>\n<meta name=\"author\" content=\"haberkuzey\" \/>\n<meta name=\"twitter:card\" content=\"summary_large_image\" \/>\n<meta name=\"twitter:label1\" content=\"Yazan:\" \/>\n\t<meta name=\"twitter:data1\" content=\"haberkuzey\" \/>\n\t<meta name=\"twitter:label2\" content=\"Tahmini okuma s\u00fcresi\" \/>\n\t<meta name=\"twitter:data2\" content=\"1 dakika\" \/>\n<script type=\"application\/ld+json\" class=\"yoast-schema-graph\">{\"@context\":\"https:\\\/\\\/schema.org\",\"@graph\":[{\"@type\":\"Article\",\"@id\":\"https:\\\/\\\/haberkuzey.com\\\/index.php\\\/2026\\\/03\\\/05\\\/kibrisli-turkler-turkiyenin-de-destegiyle-kendi-guvenligini-saglamaya-muktedir\\\/#article\",\"isPartOf\":{\"@id\":\"https:\\\/\\\/haberkuzey.com\\\/index.php\\\/2026\\\/03\\\/05\\\/kibrisli-turkler-turkiyenin-de-destegiyle-kendi-guvenligini-saglamaya-muktedir\\\/\"},\"author\":{\"name\":\"haberkuzey\",\"@id\":\"https:\\\/\\\/haberkuzey.com\\\/#\\\/schema\\\/person\\\/3372109ec735f9333f4fa47ebb9605ca\"},\"headline\":\"K\u0131br\u0131sl\u0131 T\u00fcrkler T\u00fcrkiye\u2019nin de deste\u011fiyle kendi g\u00fcvenli\u011fini sa\u011flamaya muktedir\",\"datePublished\":\"2026-03-05T10:47:10+00:00\",\"mainEntityOfPage\":{\"@id\":\"https:\\\/\\\/haberkuzey.com\\\/index.php\\\/2026\\\/03\\\/05\\\/kibrisli-turkler-turkiyenin-de-destegiyle-kendi-guvenligini-saglamaya-muktedir\\\/\"},\"wordCount\":261,\"commentCount\":0,\"image\":{\"@id\":\"https:\\\/\\\/haberkuzey.com\\\/index.php\\\/2026\\\/03\\\/05\\\/kibrisli-turkler-turkiyenin-de-destegiyle-kendi-guvenligini-saglamaya-muktedir\\\/#primaryimage\"},\"thumbnailUrl\":\"https:\\\/\\\/haberkuzey.com\\\/wp-content\\\/uploads\\\/2026\\\/03\\\/6DACEACF-022F-4465-960F-0319AEAD021C.png\",\"articleSection\":[\"K\u0131br\u0131s\"],\"inLanguage\":\"tr\",\"potentialAction\":[{\"@type\":\"CommentAction\",\"name\":\"Comment\",\"target\":[\"https:\\\/\\\/haberkuzey.com\\\/index.php\\\/2026\\\/03\\\/05\\\/kibrisli-turkler-turkiyenin-de-destegiyle-kendi-guvenligini-saglamaya-muktedir\\\/#respond\"]}]},{\"@type\":\"WebPage\",\"@id\":\"https:\\\/\\\/haberkuzey.com\\\/index.php\\\/2026\\\/03\\\/05\\\/kibrisli-turkler-turkiyenin-de-destegiyle-kendi-guvenligini-saglamaya-muktedir\\\/\",\"url\":\"https:\\\/\\\/haberkuzey.com\\\/index.php\\\/2026\\\/03\\\/05\\\/kibrisli-turkler-turkiyenin-de-destegiyle-kendi-guvenligini-saglamaya-muktedir\\\/\",\"name\":\"K\u0131br\u0131sl\u0131 T\u00fcrkler T\u00fcrkiye\u2019nin de deste\u011fiyle kendi g\u00fcvenli\u011fini sa\u011flamaya muktedir - Haber Kuzey\",\"isPartOf\":{\"@id\":\"https:\\\/\\\/haberkuzey.com\\\/#website\"},\"primaryImageOfPage\":{\"@id\":\"https:\\\/\\\/haberkuzey.com\\\/index.php\\\/2026\\\/03\\\/05\\\/kibrisli-turkler-turkiyenin-de-destegiyle-kendi-guvenligini-saglamaya-muktedir\\\/#primaryimage\"},\"image\":{\"@id\":\"https:\\\/\\\/haberkuzey.com\\\/index.php\\\/2026\\\/03\\\/05\\\/kibrisli-turkler-turkiyenin-de-destegiyle-kendi-guvenligini-saglamaya-muktedir\\\/#primaryimage\"},\"thumbnailUrl\":\"https:\\\/\\\/haberkuzey.com\\\/wp-content\\\/uploads\\\/2026\\\/03\\\/6DACEACF-022F-4465-960F-0319AEAD021C.png\",\"datePublished\":\"2026-03-05T10:47:10+00:00\",\"author\":{\"@id\":\"https:\\\/\\\/haberkuzey.com\\\/#\\\/schema\\\/person\\\/3372109ec735f9333f4fa47ebb9605ca\"},\"breadcrumb\":{\"@id\":\"https:\\\/\\\/haberkuzey.com\\\/index.php\\\/2026\\\/03\\\/05\\\/kibrisli-turkler-turkiyenin-de-destegiyle-kendi-guvenligini-saglamaya-muktedir\\\/#breadcrumb\"},\"inLanguage\":\"tr\",\"potentialAction\":[{\"@type\":\"ReadAction\",\"target\":[\"https:\\\/\\\/haberkuzey.com\\\/index.php\\\/2026\\\/03\\\/05\\\/kibrisli-turkler-turkiyenin-de-destegiyle-kendi-guvenligini-saglamaya-muktedir\\\/\"]}]},{\"@type\":\"ImageObject\",\"inLanguage\":\"tr\",\"@id\":\"https:\\\/\\\/haberkuzey.com\\\/index.php\\\/2026\\\/03\\\/05\\\/kibrisli-turkler-turkiyenin-de-destegiyle-kendi-guvenligini-saglamaya-muktedir\\\/#primaryimage\",\"url\":\"https:\\\/\\\/haberkuzey.com\\\/wp-content\\\/uploads\\\/2026\\\/03\\\/6DACEACF-022F-4465-960F-0319AEAD021C.png\",\"contentUrl\":\"https:\\\/\\\/haberkuzey.com\\\/wp-content\\\/uploads\\\/2026\\\/03\\\/6DACEACF-022F-4465-960F-0319AEAD021C.png\",\"width\":1536,\"height\":1024},{\"@type\":\"BreadcrumbList\",\"@id\":\"https:\\\/\\\/haberkuzey.com\\\/index.php\\\/2026\\\/03\\\/05\\\/kibrisli-turkler-turkiyenin-de-destegiyle-kendi-guvenligini-saglamaya-muktedir\\\/#breadcrumb\",\"itemListElement\":[{\"@type\":\"ListItem\",\"position\":1,\"name\":\"Anasayfa\",\"item\":\"https:\\\/\\\/haberkuzey.com\\\/\"},{\"@type\":\"ListItem\",\"position\":2,\"name\":\"K\u0131br\u0131sl\u0131 T\u00fcrkler T\u00fcrkiye\u2019nin de deste\u011fiyle kendi g\u00fcvenli\u011fini sa\u011flamaya muktedir\"}]},{\"@type\":\"WebSite\",\"@id\":\"https:\\\/\\\/haberkuzey.com\\\/#website\",\"url\":\"https:\\\/\\\/haberkuzey.com\\\/\",\"name\":\"Haber Kuzey\",\"description\":\"Do\u011fru Haberin Adresi\",\"potentialAction\":[{\"@type\":\"SearchAction\",\"target\":{\"@type\":\"EntryPoint\",\"urlTemplate\":\"https:\\\/\\\/haberkuzey.com\\\/?s={search_term_string}\"},\"query-input\":{\"@type\":\"PropertyValueSpecification\",\"valueRequired\":true,\"valueName\":\"search_term_string\"}}],\"inLanguage\":\"tr\"},{\"@type\":\"Person\",\"@id\":\"https:\\\/\\\/haberkuzey.com\\\/#\\\/schema\\\/person\\\/3372109ec735f9333f4fa47ebb9605ca\",\"name\":\"haberkuzey\",\"image\":{\"@type\":\"ImageObject\",\"inLanguage\":\"tr\",\"@id\":\"https:\\\/\\\/secure.gravatar.com\\\/avatar\\\/f5fc875574b1575324358c3b9e6a32b8227aa5b74f3fa22e3cadb63e26fcc39c?s=96&d=mm&r=g\",\"url\":\"https:\\\/\\\/secure.gravatar.com\\\/avatar\\\/f5fc875574b1575324358c3b9e6a32b8227aa5b74f3fa22e3cadb63e26fcc39c?s=96&d=mm&r=g\",\"contentUrl\":\"https:\\\/\\\/secure.gravatar.com\\\/avatar\\\/f5fc875574b1575324358c3b9e6a32b8227aa5b74f3fa22e3cadb63e26fcc39c?s=96&d=mm&r=g\",\"caption\":\"haberkuzey\"},\"sameAs\":[\"https:\\\/\\\/haberkuzey.com\"],\"url\":\"https:\\\/\\\/haberkuzey.com\\\/index.php\\\/author\\\/haberkuzey\\\/\"}]}<\/script>\n<!-- \/ Yoast SEO plugin. -->","yoast_head_json":{"title":"K\u0131br\u0131sl\u0131 T\u00fcrkler T\u00fcrkiye\u2019nin de deste\u011fiyle kendi g\u00fcvenli\u011fini sa\u011flamaya muktedir - Haber Kuzey","robots":{"index":"index","follow":"follow","max-snippet":"max-snippet:-1","max-image-preview":"max-image-preview:large","max-video-preview":"max-video-preview:-1"},"canonical":"https:\/\/haberkuzey.com\/index.php\/2026\/03\/05\/kibrisli-turkler-turkiyenin-de-destegiyle-kendi-guvenligini-saglamaya-muktedir\/","og_locale":"tr_TR","og_type":"article","og_title":"K\u0131br\u0131sl\u0131 T\u00fcrkler T\u00fcrkiye\u2019nin de deste\u011fiyle kendi g\u00fcvenli\u011fini sa\u011flamaya muktedir - Haber Kuzey","og_description":"D\u0131\u015fi\u015fleri Bakanl\u0131\u011f\u0131 S\u00f6zc\u00fcs\u00fc Ke\u00e7eli, payla\u015f\u0131m\u0131nda \u015fu ifadeleri kulland\u0131; &#8220;Hal b\u00f6yleyken, b\u00f6lgemizde ya\u015fanan son geli\u015fmeleri f\u0131rsata \u00e7evirmek isteyen ve her vesileyle NATO m\u00fcttefikimiz Yunanistan&#8217;la ikili ili\u015fkilerimizi zehirlemeye gayret g\u00f6steren baz\u0131 \u00e7evrelerin yeni bir oldubitti te\u015febb\u00fcs\u00fcnde bulunmalar\u0131 esasen \u015fa\u015f\u0131rt\u0131c\u0131 de\u011fildir. T\u00fcrkiye\u2019yi revizyonizmle su\u00e7layan bu \u00e7evrelerin uluslararas\u0131 hukuk hilaf\u0131na atacaklar\u0131 her ad\u0131m yok h\u00fckm\u00fcndedir. Daha da ibret verici [&hellip;]","og_url":"https:\/\/haberkuzey.com\/index.php\/2026\/03\/05\/kibrisli-turkler-turkiyenin-de-destegiyle-kendi-guvenligini-saglamaya-muktedir\/","og_site_name":"Haber Kuzey","article_published_time":"2026-03-05T10:47:10+00:00","author":"haberkuzey","twitter_card":"summary_large_image","twitter_misc":{"Yazan:":"haberkuzey","Tahmini okuma s\u00fcresi":"1 dakika"},"schema":{"@context":"https:\/\/schema.org","@graph":[{"@type":"Article","@id":"https:\/\/haberkuzey.com\/index.php\/2026\/03\/05\/kibrisli-turkler-turkiyenin-de-destegiyle-kendi-guvenligini-saglamaya-muktedir\/#article","isPartOf":{"@id":"https:\/\/haberkuzey.com\/index.php\/2026\/03\/05\/kibrisli-turkler-turkiyenin-de-destegiyle-kendi-guvenligini-saglamaya-muktedir\/"},"author":{"name":"haberkuzey","@id":"https:\/\/haberkuzey.com\/#\/schema\/person\/3372109ec735f9333f4fa47ebb9605ca"},"headline":"K\u0131br\u0131sl\u0131 T\u00fcrkler T\u00fcrkiye\u2019nin de deste\u011fiyle kendi g\u00fcvenli\u011fini sa\u011flamaya muktedir","datePublished":"2026-03-05T10:47:10+00:00","mainEntityOfPage":{"@id":"https:\/\/haberkuzey.com\/index.php\/2026\/03\/05\/kibrisli-turkler-turkiyenin-de-destegiyle-kendi-guvenligini-saglamaya-muktedir\/"},"wordCount":261,"commentCount":0,"image":{"@id":"https:\/\/haberkuzey.com\/index.php\/2026\/03\/05\/kibrisli-turkler-turkiyenin-de-destegiyle-kendi-guvenligini-saglamaya-muktedir\/#primaryimage"},"thumbnailUrl":"https:\/\/haberkuzey.com\/wp-content\/uploads\/2026\/03\/6DACEACF-022F-4465-960F-0319AEAD021C.png","articleSection":["K\u0131br\u0131s"],"inLanguage":"tr","potentialAction":[{"@type":"CommentAction","name":"Comment","target":["https:\/\/haberkuzey.com\/index.php\/2026\/03\/05\/kibrisli-turkler-turkiyenin-de-destegiyle-kendi-guvenligini-saglamaya-muktedir\/#respond"]}]},{"@type":"WebPage","@id":"https:\/\/haberkuzey.com\/index.php\/2026\/03\/05\/kibrisli-turkler-turkiyenin-de-destegiyle-kendi-guvenligini-saglamaya-muktedir\/","url":"https:\/\/haberkuzey.com\/index.php\/2026\/03\/05\/kibrisli-turkler-turkiyenin-de-destegiyle-kendi-guvenligini-saglamaya-muktedir\/","name":"K\u0131br\u0131sl\u0131 T\u00fcrkler T\u00fcrkiye\u2019nin de deste\u011fiyle kendi g\u00fcvenli\u011fini sa\u011flamaya muktedir - Haber Kuzey","isPartOf":{"@id":"https:\/\/haberkuzey.com\/#website"},"primaryImageOfPage":{"@id":"https:\/\/haberkuzey.com\/index.php\/2026\/03\/05\/kibrisli-turkler-turkiyenin-de-destegiyle-kendi-guvenligini-saglamaya-muktedir\/#primaryimage"},"image":{"@id":"https:\/\/haberkuzey.com\/index.php\/2026\/03\/05\/kibrisli-turkler-turkiyenin-de-destegiyle-kendi-guvenligini-saglamaya-muktedir\/#primaryimage"},"thumbnailUrl":"https:\/\/haberkuzey.com\/wp-content\/uploads\/2026\/03\/6DACEACF-022F-4465-960F-0319AEAD021C.png","datePublished":"2026-03-05T10:47:10+00:00","author":{"@id":"https:\/\/haberkuzey.com\/#\/schema\/person\/3372109ec735f9333f4fa47ebb9605ca"},"breadcrumb":{"@id":"https:\/\/haberkuzey.com\/index.php\/2026\/03\/05\/kibrisli-turkler-turkiyenin-de-destegiyle-kendi-guvenligini-saglamaya-muktedir\/#breadcrumb"},"inLanguage":"tr","potentialAction":[{"@type":"ReadAction","target":["https:\/\/haberkuzey.com\/index.php\/2026\/03\/05\/kibrisli-turkler-turkiyenin-de-destegiyle-kendi-guvenligini-saglamaya-muktedir\/"]}]},{"@type":"ImageObject","inLanguage":"tr","@id":"https:\/\/haberkuzey.com\/index.php\/2026\/03\/05\/kibrisli-turkler-turkiyenin-de-destegiyle-kendi-guvenligini-saglamaya-muktedir\/#primaryimage","url":"https:\/\/haberkuzey.com\/wp-content\/uploads\/2026\/03\/6DACEACF-022F-4465-960F-0319AEAD021C.png","contentUrl":"https:\/\/haberkuzey.com\/wp-content\/uploads\/2026\/03\/6DACEACF-022F-4465-960F-0319AEAD021C.png","width":1536,"height":1024},{"@type":"BreadcrumbList","@id":"https:\/\/haberkuzey.com\/index.php\/2026\/03\/05\/kibrisli-turkler-turkiyenin-de-destegiyle-kendi-guvenligini-saglamaya-muktedir\/#breadcrumb","itemListElement":[{"@type":"ListItem","position":1,"name":"Anasayfa","item":"https:\/\/haberkuzey.com\/"},{"@type":"ListItem","position":2,"name":"K\u0131br\u0131sl\u0131 T\u00fcrkler T\u00fcrkiye\u2019nin de deste\u011fiyle kendi g\u00fcvenli\u011fini sa\u011flamaya muktedir"}]},{"@type":"WebSite","@id":"https:\/\/haberkuzey.com\/#website","url":"https:\/\/haberkuzey.com\/","name":"Haber Kuzey","description":"Do\u011fru Haberin Adresi","potentialAction":[{"@type":"SearchAction","target":{"@type":"EntryPoint","urlTemplate":"https:\/\/haberkuzey.com\/?s={search_term_string}"},"query-input":{"@type":"PropertyValueSpecification","valueRequired":true,"valueName":"search_term_string"}}],"inLanguage":"tr"},{"@type":"Person","@id":"https:\/\/haberkuzey.com\/#\/schema\/person\/3372109ec735f9333f4fa47ebb9605ca","name":"haberkuzey","image":{"@type":"ImageObject","inLanguage":"tr","@id":"https:\/\/secure.gravatar.com\/avatar\/f5fc875574b1575324358c3b9e6a32b8227aa5b74f3fa22e3cadb63e26fcc39c?s=96&d=mm&r=g","url":"https:\/\/secure.gravatar.com\/avatar\/f5fc875574b1575324358c3b9e6a32b8227aa5b74f3fa22e3cadb63e26fcc39c?s=96&d=mm&r=g","contentUrl":"https:\/\/secure.gravatar.com\/avatar\/f5fc875574b1575324358c3b9e6a32b8227aa5b74f3fa22e3cadb63e26fcc39c?s=96&d=mm&r=g","caption":"haberkuzey"},"sameAs":["https:\/\/haberkuzey.com"],"url":"https:\/\/haberkuzey.com\/index.php\/author\/haberkuzey\/"}]}},"_links":{"self":[{"href":"https:\/\/haberkuzey.com\/index.php\/wp-json\/wp\/v2\/posts\/34992","targetHints":{"allow":["GET"]}}],"collection":[{"href":"https:\/\/haberkuzey.com\/index.php\/wp-json\/wp\/v2\/posts"}],"about":[{"href":"https:\/\/haberkuzey.com\/index.php\/wp-json\/wp\/v2\/types\/post"}],"author":[{"embeddable":true,"href":"https:\/\/haberkuzey.com\/index.php\/wp-json\/wp\/v2\/users\/1"}],"replies":[{"embeddable":true,"href":"https:\/\/haberkuzey.com\/index.php\/wp-json\/wp\/v2\/comments?post=34992"}],"version-history":[{"count":0,"href":"https:\/\/haberkuzey.com\/index.php\/wp-json\/wp\/v2\/posts\/34992\/revisions"}],"wp:featuredmedia":[{"embeddable":true,"href":"https:\/\/haberkuzey.com\/index.php\/wp-json\/wp\/v2\/media\/34993"}],"wp:attachment":[{"href":"https:\/\/haberkuzey.com\/index.php\/wp-json\/wp\/v2\/media?parent=34992"}],"wp:term":[{"taxonomy":"category","embeddable":true,"href":"https:\/\/haberkuzey.com\/index.php\/wp-json\/wp\/v2\/categories?post=34992"},{"taxonomy":"post_tag","embeddable":true,"href":"https:\/\/haberkuzey.com\/index.php\/wp-json\/wp\/v2\/tags?post=34992"}],"curies":[{"name":"wp","href":"https:\/\/api.w.org\/{rel}","templated":true}]}}