{"id":34990,"date":"2026-03-04T17:27:16","date_gmt":"2026-03-04T15:27:16","guid":{"rendered":"https:\/\/haberkuzey.com\/index.php\/2026\/03\/04\/subat-enflasyonu-aciklandi\/"},"modified":"2026-03-04T17:27:16","modified_gmt":"2026-03-04T15:27:16","slug":"subat-enflasyonu-aciklandi","status":"publish","type":"post","link":"https:\/\/haberkuzey.com\/index.php\/2026\/03\/04\/subat-enflasyonu-aciklandi\/","title":{"rendered":"\u015eubat Enflasyonu a\u00e7\u0131kland\u0131!"},"content":{"rendered":"<p>KKTC \u0130statistik Kurumu, \u015eubat ay\u0131na ili\u015fkin enflasyon verilerini a\u00e7\u0131klad\u0131. Buna g\u00f6re <strong>\u015eubat ay\u0131 enflasyon oran\u0131 y\u00fczde 2.76<\/strong> olarak ger\u00e7ekle\u015fti.<\/p>\n<h2>YILLIK ENFLASYON Y\u00dcZDE 40.22<\/h2>\n<p>\u0130statistik Kurumu\u2019nun a\u00e7\u0131klamas\u0131na g\u00f6re, <strong>2015=100 Temel Y\u0131ll\u0131 T\u00fcketici Fiyat Endeksi<\/strong> verilerine g\u00f6re fiyatlar; bir \u00f6nceki aya g\u00f6re <strong>y\u00fczde 2.76<\/strong>, bir \u00f6nceki y\u0131l\u0131n Aral\u0131k ay\u0131na g\u00f6re <strong>y\u00fczde 4.79<\/strong> ve bir \u00f6nceki y\u0131l\u0131n ayn\u0131 ay\u0131na g\u00f6re <strong>y\u00fczde 40.22<\/strong> oran\u0131nda de\u011fi\u015fim g\u00f6sterdi.<\/p>\n<h2>EN Y\u00dcKSEK ARTI\u015e GIDA GRUBUNDA<\/h2>\n<p>Ana harcama gruplar\u0131 incelendi\u011finde en y\u00fcksek fiyat art\u0131\u015f\u0131 <strong>y\u00fczde 6.06 ile g\u0131da ve alkols\u00fcz i\u00e7ecekler<\/strong> grubunda ger\u00e7ekle\u015fti.<\/p>\n<p>Di\u011fer art\u0131\u015flar ise \u015f\u00f6yle s\u0131raland\u0131:<\/p>\n<ul>\n<li>Konut, su, elektrik, gaz ve di\u011fer yak\u0131tlar: <strong>%5.31<\/strong><\/li>\n<li>\u00c7e\u015fitli mal ve hizmetler: <strong>%4.64<\/strong><\/li>\n<li>Alkoll\u00fc i\u00e7ecekler ve t\u00fct\u00fcn: <strong>%4.44<\/strong><\/li>\n<li>Mobilya, ev aletleri ve ev bak\u0131m hizmetleri: <strong>%4.22<\/strong><\/li>\n<li>Sa\u011fl\u0131k: <strong>%2.14<\/strong><\/li>\n<li>Ula\u015ft\u0131rma: <strong>%1.29<\/strong><\/li>\n<li>E\u011flence ve k\u00fclt\u00fcr: <strong>%1.11<\/strong><\/li>\n<li>Lokanta ve oteller: <strong>%1.08<\/strong><\/li>\n<li>Haberle\u015fme: <strong>%0.96<\/strong><\/li>\n<li>E\u011fitim: <strong>%0.31<\/strong><\/li>\n<\/ul>\n<p>Ayn\u0131 d\u00f6nemde <strong>giyim ve ayakkab\u0131 grubunda ise y\u00fczde 4.44 d\u00fc\u015f\u00fc\u015f<\/strong>kaydedildi.<\/p>\n<h2>EN FAZLA ARTAN VE D\u00dc\u015eEN \u00dcR\u00dcNLER<\/h2>\n<p>Bir \u00f6nceki aya g\u00f6re endekste kapsanan <strong>486 \u00fcr\u00fcn\u00fcn fiyat\u0131 artarken<\/strong>, <strong>136 \u00fcr\u00fcn\u00fcn fiyat\u0131nda d\u00fc\u015f\u00fc\u015f<\/strong> ya\u015fand\u0131.<\/p>\n<p>En y\u00fcksek fiyat art\u0131\u015f\u0131 g\u00f6steren ilk \u00fc\u00e7 \u00fcr\u00fcn:<\/p>\n<ul>\n<li><strong>%100.40 salatal\u0131k<\/strong><\/li>\n<li><strong>%34.31 su faturas\u0131 (belediye)<\/strong><\/li>\n<li><strong>%33.85 cep telefonu g\u00f6r\u00fc\u015fme \u00fccreti (kont\u00f6rl\u00fc)<\/strong><\/li>\n<\/ul>\n<p>En fazla fiyat d\u00fc\u015f\u00fc\u015f\u00fc g\u00f6r\u00fclen \u00fcr\u00fcnler ise:<\/p>\n<ul>\n<li><strong>%35.42 roka<\/strong><\/li>\n<li><strong>%23.16 marul<\/strong><\/li>\n<li><strong>%19.27 beyaz lahana<\/strong>.<\/li>\n<\/ul>\n<p>\u015eubat Enflasyonu a\u00e7\u0131kland\u0131! yaz\u0131s\u0131 ilk \u00f6nce K\u0131br\u0131s Hakikat \u00fczerinde ortaya \u00e7\u0131kt\u0131.<\/p>\n","protected":false},"excerpt":{"rendered":"<p>KKTC \u0130statistik Kurumu, \u015eubat ay\u0131na ili\u015fkin enflasyon verilerini a\u00e7\u0131klad\u0131. Buna g\u00f6re \u015eubat ay\u0131 enflasyon oran\u0131 y\u00fczde 2.76 olarak ger\u00e7ekle\u015fti. YILLIK ENFLASYON Y\u00dcZDE 40.22 \u0130statistik Kurumu\u2019nun a\u00e7\u0131klamas\u0131na g\u00f6re, 2015=100 Temel Y\u0131ll\u0131 T\u00fcketici Fiyat Endeksi verilerine g\u00f6re fiyatlar; bir \u00f6nceki aya g\u00f6re y\u00fczde 2.76, bir \u00f6nceki y\u0131l\u0131n Aral\u0131k ay\u0131na g\u00f6re y\u00fczde 4.79 ve bir \u00f6nceki y\u0131l\u0131n ayn\u0131 [&hellip;]<\/p>\n","protected":false},"author":1,"featured_media":34991,"comment_status":"open","ping_status":"open","sticky":false,"template":"","format":"standard","meta":{"jnews-multi-image_gallery":[],"jnews_single_post":[],"jnews_primary_category":[],"footnotes":""},"categories":[1],"tags":[],"class_list":["post-34990","post","type-post","status-publish","format-standard","has-post-thumbnail","hentry","category-kibris"],"yoast_head":"<!-- This site is optimized with the Yoast SEO plugin v27.5 - https:\/\/yoast.com\/product\/yoast-seo-wordpress\/ -->\n<title>\u015eubat Enflasyonu a\u00e7\u0131kland\u0131! - Haber Kuzey<\/title>\n<meta name=\"robots\" content=\"index, follow, max-snippet:-1, max-image-preview:large, max-video-preview:-1\" \/>\n<link rel=\"canonical\" href=\"https:\/\/haberkuzey.com\/index.php\/2026\/03\/04\/subat-enflasyonu-aciklandi\/\" \/>\n<meta property=\"og:locale\" content=\"tr_TR\" \/>\n<meta property=\"og:type\" content=\"article\" \/>\n<meta property=\"og:title\" content=\"\u015eubat Enflasyonu a\u00e7\u0131kland\u0131! - Haber Kuzey\" \/>\n<meta property=\"og:description\" content=\"KKTC \u0130statistik Kurumu, \u015eubat ay\u0131na ili\u015fkin enflasyon verilerini a\u00e7\u0131klad\u0131. Buna g\u00f6re \u015eubat ay\u0131 enflasyon oran\u0131 y\u00fczde 2.76 olarak ger\u00e7ekle\u015fti. YILLIK ENFLASYON Y\u00dcZDE 40.22 \u0130statistik Kurumu\u2019nun a\u00e7\u0131klamas\u0131na g\u00f6re, 2015=100 Temel Y\u0131ll\u0131 T\u00fcketici Fiyat Endeksi verilerine g\u00f6re fiyatlar; bir \u00f6nceki aya g\u00f6re y\u00fczde 2.76, bir \u00f6nceki y\u0131l\u0131n Aral\u0131k ay\u0131na g\u00f6re y\u00fczde 4.79 ve bir \u00f6nceki y\u0131l\u0131n ayn\u0131 [&hellip;]\" \/>\n<meta property=\"og:url\" content=\"https:\/\/haberkuzey.com\/index.php\/2026\/03\/04\/subat-enflasyonu-aciklandi\/\" \/>\n<meta property=\"og:site_name\" content=\"Haber Kuzey\" \/>\n<meta property=\"article:published_time\" content=\"2026-03-04T15:27:16+00:00\" \/>\n<meta name=\"author\" content=\"haberkuzey\" \/>\n<meta name=\"twitter:card\" content=\"summary_large_image\" \/>\n<meta name=\"twitter:label1\" content=\"Yazan:\" \/>\n\t<meta name=\"twitter:data1\" content=\"haberkuzey\" \/>\n\t<meta name=\"twitter:label2\" content=\"Tahmini okuma s\u00fcresi\" \/>\n\t<meta name=\"twitter:data2\" content=\"1 dakika\" \/>\n<script type=\"application\/ld+json\" class=\"yoast-schema-graph\">{\"@context\":\"https:\\\/\\\/schema.org\",\"@graph\":[{\"@type\":\"Article\",\"@id\":\"https:\\\/\\\/haberkuzey.com\\\/index.php\\\/2026\\\/03\\\/04\\\/subat-enflasyonu-aciklandi\\\/#article\",\"isPartOf\":{\"@id\":\"https:\\\/\\\/haberkuzey.com\\\/index.php\\\/2026\\\/03\\\/04\\\/subat-enflasyonu-aciklandi\\\/\"},\"author\":{\"name\":\"haberkuzey\",\"@id\":\"https:\\\/\\\/haberkuzey.com\\\/#\\\/schema\\\/person\\\/3372109ec735f9333f4fa47ebb9605ca\"},\"headline\":\"\u015eubat Enflasyonu a\u00e7\u0131kland\u0131!\",\"datePublished\":\"2026-03-04T15:27:16+00:00\",\"mainEntityOfPage\":{\"@id\":\"https:\\\/\\\/haberkuzey.com\\\/index.php\\\/2026\\\/03\\\/04\\\/subat-enflasyonu-aciklandi\\\/\"},\"wordCount\":270,\"commentCount\":0,\"image\":{\"@id\":\"https:\\\/\\\/haberkuzey.com\\\/index.php\\\/2026\\\/03\\\/04\\\/subat-enflasyonu-aciklandi\\\/#primaryimage\"},\"thumbnailUrl\":\"https:\\\/\\\/haberkuzey.com\\\/wp-content\\\/uploads\\\/2026\\\/03\\\/F4A3D527-1D0D-42E0-AD9B-4C7511691D85.png\",\"articleSection\":[\"K\u0131br\u0131s\"],\"inLanguage\":\"tr\",\"potentialAction\":[{\"@type\":\"CommentAction\",\"name\":\"Comment\",\"target\":[\"https:\\\/\\\/haberkuzey.com\\\/index.php\\\/2026\\\/03\\\/04\\\/subat-enflasyonu-aciklandi\\\/#respond\"]}]},{\"@type\":\"WebPage\",\"@id\":\"https:\\\/\\\/haberkuzey.com\\\/index.php\\\/2026\\\/03\\\/04\\\/subat-enflasyonu-aciklandi\\\/\",\"url\":\"https:\\\/\\\/haberkuzey.com\\\/index.php\\\/2026\\\/03\\\/04\\\/subat-enflasyonu-aciklandi\\\/\",\"name\":\"\u015eubat Enflasyonu a\u00e7\u0131kland\u0131! - Haber Kuzey\",\"isPartOf\":{\"@id\":\"https:\\\/\\\/haberkuzey.com\\\/#website\"},\"primaryImageOfPage\":{\"@id\":\"https:\\\/\\\/haberkuzey.com\\\/index.php\\\/2026\\\/03\\\/04\\\/subat-enflasyonu-aciklandi\\\/#primaryimage\"},\"image\":{\"@id\":\"https:\\\/\\\/haberkuzey.com\\\/index.php\\\/2026\\\/03\\\/04\\\/subat-enflasyonu-aciklandi\\\/#primaryimage\"},\"thumbnailUrl\":\"https:\\\/\\\/haberkuzey.com\\\/wp-content\\\/uploads\\\/2026\\\/03\\\/F4A3D527-1D0D-42E0-AD9B-4C7511691D85.png\",\"datePublished\":\"2026-03-04T15:27:16+00:00\",\"author\":{\"@id\":\"https:\\\/\\\/haberkuzey.com\\\/#\\\/schema\\\/person\\\/3372109ec735f9333f4fa47ebb9605ca\"},\"breadcrumb\":{\"@id\":\"https:\\\/\\\/haberkuzey.com\\\/index.php\\\/2026\\\/03\\\/04\\\/subat-enflasyonu-aciklandi\\\/#breadcrumb\"},\"inLanguage\":\"tr\",\"potentialAction\":[{\"@type\":\"ReadAction\",\"target\":[\"https:\\\/\\\/haberkuzey.com\\\/index.php\\\/2026\\\/03\\\/04\\\/subat-enflasyonu-aciklandi\\\/\"]}]},{\"@type\":\"ImageObject\",\"inLanguage\":\"tr\",\"@id\":\"https:\\\/\\\/haberkuzey.com\\\/index.php\\\/2026\\\/03\\\/04\\\/subat-enflasyonu-aciklandi\\\/#primaryimage\",\"url\":\"https:\\\/\\\/haberkuzey.com\\\/wp-content\\\/uploads\\\/2026\\\/03\\\/F4A3D527-1D0D-42E0-AD9B-4C7511691D85.png\",\"contentUrl\":\"https:\\\/\\\/haberkuzey.com\\\/wp-content\\\/uploads\\\/2026\\\/03\\\/F4A3D527-1D0D-42E0-AD9B-4C7511691D85.png\",\"width\":1536,\"height\":1024},{\"@type\":\"BreadcrumbList\",\"@id\":\"https:\\\/\\\/haberkuzey.com\\\/index.php\\\/2026\\\/03\\\/04\\\/subat-enflasyonu-aciklandi\\\/#breadcrumb\",\"itemListElement\":[{\"@type\":\"ListItem\",\"position\":1,\"name\":\"Anasayfa\",\"item\":\"https:\\\/\\\/haberkuzey.com\\\/\"},{\"@type\":\"ListItem\",\"position\":2,\"name\":\"\u015eubat Enflasyonu a\u00e7\u0131kland\u0131!\"}]},{\"@type\":\"WebSite\",\"@id\":\"https:\\\/\\\/haberkuzey.com\\\/#website\",\"url\":\"https:\\\/\\\/haberkuzey.com\\\/\",\"name\":\"Haber Kuzey\",\"description\":\"Do\u011fru Haberin Adresi\",\"potentialAction\":[{\"@type\":\"SearchAction\",\"target\":{\"@type\":\"EntryPoint\",\"urlTemplate\":\"https:\\\/\\\/haberkuzey.com\\\/?s={search_term_string}\"},\"query-input\":{\"@type\":\"PropertyValueSpecification\",\"valueRequired\":true,\"valueName\":\"search_term_string\"}}],\"inLanguage\":\"tr\"},{\"@type\":\"Person\",\"@id\":\"https:\\\/\\\/haberkuzey.com\\\/#\\\/schema\\\/person\\\/3372109ec735f9333f4fa47ebb9605ca\",\"name\":\"haberkuzey\",\"image\":{\"@type\":\"ImageObject\",\"inLanguage\":\"tr\",\"@id\":\"https:\\\/\\\/secure.gravatar.com\\\/avatar\\\/f5fc875574b1575324358c3b9e6a32b8227aa5b74f3fa22e3cadb63e26fcc39c?s=96&d=mm&r=g\",\"url\":\"https:\\\/\\\/secure.gravatar.com\\\/avatar\\\/f5fc875574b1575324358c3b9e6a32b8227aa5b74f3fa22e3cadb63e26fcc39c?s=96&d=mm&r=g\",\"contentUrl\":\"https:\\\/\\\/secure.gravatar.com\\\/avatar\\\/f5fc875574b1575324358c3b9e6a32b8227aa5b74f3fa22e3cadb63e26fcc39c?s=96&d=mm&r=g\",\"caption\":\"haberkuzey\"},\"sameAs\":[\"https:\\\/\\\/haberkuzey.com\"],\"url\":\"https:\\\/\\\/haberkuzey.com\\\/index.php\\\/author\\\/haberkuzey\\\/\"}]}<\/script>\n<!-- \/ Yoast SEO plugin. -->","yoast_head_json":{"title":"\u015eubat Enflasyonu a\u00e7\u0131kland\u0131! - Haber Kuzey","robots":{"index":"index","follow":"follow","max-snippet":"max-snippet:-1","max-image-preview":"max-image-preview:large","max-video-preview":"max-video-preview:-1"},"canonical":"https:\/\/haberkuzey.com\/index.php\/2026\/03\/04\/subat-enflasyonu-aciklandi\/","og_locale":"tr_TR","og_type":"article","og_title":"\u015eubat Enflasyonu a\u00e7\u0131kland\u0131! - Haber Kuzey","og_description":"KKTC \u0130statistik Kurumu, \u015eubat ay\u0131na ili\u015fkin enflasyon verilerini a\u00e7\u0131klad\u0131. Buna g\u00f6re \u015eubat ay\u0131 enflasyon oran\u0131 y\u00fczde 2.76 olarak ger\u00e7ekle\u015fti. YILLIK ENFLASYON Y\u00dcZDE 40.22 \u0130statistik Kurumu\u2019nun a\u00e7\u0131klamas\u0131na g\u00f6re, 2015=100 Temel Y\u0131ll\u0131 T\u00fcketici Fiyat Endeksi verilerine g\u00f6re fiyatlar; bir \u00f6nceki aya g\u00f6re y\u00fczde 2.76, bir \u00f6nceki y\u0131l\u0131n Aral\u0131k ay\u0131na g\u00f6re y\u00fczde 4.79 ve bir \u00f6nceki y\u0131l\u0131n ayn\u0131 [&hellip;]","og_url":"https:\/\/haberkuzey.com\/index.php\/2026\/03\/04\/subat-enflasyonu-aciklandi\/","og_site_name":"Haber Kuzey","article_published_time":"2026-03-04T15:27:16+00:00","author":"haberkuzey","twitter_card":"summary_large_image","twitter_misc":{"Yazan:":"haberkuzey","Tahmini okuma s\u00fcresi":"1 dakika"},"schema":{"@context":"https:\/\/schema.org","@graph":[{"@type":"Article","@id":"https:\/\/haberkuzey.com\/index.php\/2026\/03\/04\/subat-enflasyonu-aciklandi\/#article","isPartOf":{"@id":"https:\/\/haberkuzey.com\/index.php\/2026\/03\/04\/subat-enflasyonu-aciklandi\/"},"author":{"name":"haberkuzey","@id":"https:\/\/haberkuzey.com\/#\/schema\/person\/3372109ec735f9333f4fa47ebb9605ca"},"headline":"\u015eubat Enflasyonu a\u00e7\u0131kland\u0131!","datePublished":"2026-03-04T15:27:16+00:00","mainEntityOfPage":{"@id":"https:\/\/haberkuzey.com\/index.php\/2026\/03\/04\/subat-enflasyonu-aciklandi\/"},"wordCount":270,"commentCount":0,"image":{"@id":"https:\/\/haberkuzey.com\/index.php\/2026\/03\/04\/subat-enflasyonu-aciklandi\/#primaryimage"},"thumbnailUrl":"https:\/\/haberkuzey.com\/wp-content\/uploads\/2026\/03\/F4A3D527-1D0D-42E0-AD9B-4C7511691D85.png","articleSection":["K\u0131br\u0131s"],"inLanguage":"tr","potentialAction":[{"@type":"CommentAction","name":"Comment","target":["https:\/\/haberkuzey.com\/index.php\/2026\/03\/04\/subat-enflasyonu-aciklandi\/#respond"]}]},{"@type":"WebPage","@id":"https:\/\/haberkuzey.com\/index.php\/2026\/03\/04\/subat-enflasyonu-aciklandi\/","url":"https:\/\/haberkuzey.com\/index.php\/2026\/03\/04\/subat-enflasyonu-aciklandi\/","name":"\u015eubat Enflasyonu a\u00e7\u0131kland\u0131! - Haber Kuzey","isPartOf":{"@id":"https:\/\/haberkuzey.com\/#website"},"primaryImageOfPage":{"@id":"https:\/\/haberkuzey.com\/index.php\/2026\/03\/04\/subat-enflasyonu-aciklandi\/#primaryimage"},"image":{"@id":"https:\/\/haberkuzey.com\/index.php\/2026\/03\/04\/subat-enflasyonu-aciklandi\/#primaryimage"},"thumbnailUrl":"https:\/\/haberkuzey.com\/wp-content\/uploads\/2026\/03\/F4A3D527-1D0D-42E0-AD9B-4C7511691D85.png","datePublished":"2026-03-04T15:27:16+00:00","author":{"@id":"https:\/\/haberkuzey.com\/#\/schema\/person\/3372109ec735f9333f4fa47ebb9605ca"},"breadcrumb":{"@id":"https:\/\/haberkuzey.com\/index.php\/2026\/03\/04\/subat-enflasyonu-aciklandi\/#breadcrumb"},"inLanguage":"tr","potentialAction":[{"@type":"ReadAction","target":["https:\/\/haberkuzey.com\/index.php\/2026\/03\/04\/subat-enflasyonu-aciklandi\/"]}]},{"@type":"ImageObject","inLanguage":"tr","@id":"https:\/\/haberkuzey.com\/index.php\/2026\/03\/04\/subat-enflasyonu-aciklandi\/#primaryimage","url":"https:\/\/haberkuzey.com\/wp-content\/uploads\/2026\/03\/F4A3D527-1D0D-42E0-AD9B-4C7511691D85.png","contentUrl":"https:\/\/haberkuzey.com\/wp-content\/uploads\/2026\/03\/F4A3D527-1D0D-42E0-AD9B-4C7511691D85.png","width":1536,"height":1024},{"@type":"BreadcrumbList","@id":"https:\/\/haberkuzey.com\/index.php\/2026\/03\/04\/subat-enflasyonu-aciklandi\/#breadcrumb","itemListElement":[{"@type":"ListItem","position":1,"name":"Anasayfa","item":"https:\/\/haberkuzey.com\/"},{"@type":"ListItem","position":2,"name":"\u015eubat Enflasyonu a\u00e7\u0131kland\u0131!"}]},{"@type":"WebSite","@id":"https:\/\/haberkuzey.com\/#website","url":"https:\/\/haberkuzey.com\/","name":"Haber Kuzey","description":"Do\u011fru Haberin Adresi","potentialAction":[{"@type":"SearchAction","target":{"@type":"EntryPoint","urlTemplate":"https:\/\/haberkuzey.com\/?s={search_term_string}"},"query-input":{"@type":"PropertyValueSpecification","valueRequired":true,"valueName":"search_term_string"}}],"inLanguage":"tr"},{"@type":"Person","@id":"https:\/\/haberkuzey.com\/#\/schema\/person\/3372109ec735f9333f4fa47ebb9605ca","name":"haberkuzey","image":{"@type":"ImageObject","inLanguage":"tr","@id":"https:\/\/secure.gravatar.com\/avatar\/f5fc875574b1575324358c3b9e6a32b8227aa5b74f3fa22e3cadb63e26fcc39c?s=96&d=mm&r=g","url":"https:\/\/secure.gravatar.com\/avatar\/f5fc875574b1575324358c3b9e6a32b8227aa5b74f3fa22e3cadb63e26fcc39c?s=96&d=mm&r=g","contentUrl":"https:\/\/secure.gravatar.com\/avatar\/f5fc875574b1575324358c3b9e6a32b8227aa5b74f3fa22e3cadb63e26fcc39c?s=96&d=mm&r=g","caption":"haberkuzey"},"sameAs":["https:\/\/haberkuzey.com"],"url":"https:\/\/haberkuzey.com\/index.php\/author\/haberkuzey\/"}]}},"_links":{"self":[{"href":"https:\/\/haberkuzey.com\/index.php\/wp-json\/wp\/v2\/posts\/34990","targetHints":{"allow":["GET"]}}],"collection":[{"href":"https:\/\/haberkuzey.com\/index.php\/wp-json\/wp\/v2\/posts"}],"about":[{"href":"https:\/\/haberkuzey.com\/index.php\/wp-json\/wp\/v2\/types\/post"}],"author":[{"embeddable":true,"href":"https:\/\/haberkuzey.com\/index.php\/wp-json\/wp\/v2\/users\/1"}],"replies":[{"embeddable":true,"href":"https:\/\/haberkuzey.com\/index.php\/wp-json\/wp\/v2\/comments?post=34990"}],"version-history":[{"count":0,"href":"https:\/\/haberkuzey.com\/index.php\/wp-json\/wp\/v2\/posts\/34990\/revisions"}],"wp:featuredmedia":[{"embeddable":true,"href":"https:\/\/haberkuzey.com\/index.php\/wp-json\/wp\/v2\/media\/34991"}],"wp:attachment":[{"href":"https:\/\/haberkuzey.com\/index.php\/wp-json\/wp\/v2\/media?parent=34990"}],"wp:term":[{"taxonomy":"category","embeddable":true,"href":"https:\/\/haberkuzey.com\/index.php\/wp-json\/wp\/v2\/categories?post=34990"},{"taxonomy":"post_tag","embeddable":true,"href":"https:\/\/haberkuzey.com\/index.php\/wp-json\/wp\/v2\/tags?post=34990"}],"curies":[{"name":"wp","href":"https:\/\/api.w.org\/{rel}","templated":true}]}}