{"id":34988,"date":"2026-03-04T16:50:35","date_gmt":"2026-03-04T14:50:35","guid":{"rendered":"https:\/\/haberkuzey.com\/index.php\/2026\/03\/04\/fevzi-tanpinar-halkin-partisine-katildi\/"},"modified":"2026-03-04T16:50:35","modified_gmt":"2026-03-04T14:50:35","slug":"fevzi-tanpinar-halkin-partisine-katildi","status":"publish","type":"post","link":"https:\/\/haberkuzey.com\/index.php\/2026\/03\/04\/fevzi-tanpinar-halkin-partisine-katildi\/","title":{"rendered":"Fevzi Tanp\u0131nar Halk\u0131n Partisi\u2019ne Kat\u0131ld\u0131"},"content":{"rendered":"<p>Uzun y\u0131llara dayanan medya, akademi, sivil toplum ve \u00f6zel sekt\u00f6r deneyimi bulunan <strong>Fevzi Tanp\u0131nar<\/strong>, ilk kez aktif siyasete ad\u0131m atarak **Halk\u0131n Partisi\u2019ne kat\u0131ld\u0131.<\/p>\n<p>Tanp\u0131nar, kurumsal g\u00fcvenin g\u00fc\u00e7lendirilmesi ve \u00f6ng\u00f6r\u00fclebilir bir y\u00f6netim anlay\u0131\u015f\u0131n\u0131n yerle\u015fmesi gerekti\u011fini vurgulayarak, kurallara dayal\u0131 ve g\u00fc\u00e7l\u00fc kurumlara sahip bir y\u00f6netim i\u00e7in sorumluluk alma zaman\u0131 geldi\u011fini s\u00f6yledi.<\/p>\n<h2>\u00d6ZERSAY: \u201cPART\u0130M\u0130ZE \u00d6NEML\u0130 B\u0130R G\u00dc\u00c7 KATMI\u015eTIR\u201d<\/h2>\n<p>Kudret \u00d6zersay, Tanp\u0131nar\u2019\u0131n partiye kat\u0131l\u0131m\u0131n\u0131n \u00f6nemli bir g\u00fc\u00e7 birli\u011fi oldu\u011funu belirtti.<\/p>\n<p>\u00d6zersay, iyi y\u00f6netim, \u015feffafl\u0131k ve hukukun \u00fcst\u00fcnl\u00fc\u011f\u00fc m\u00fccadelesinde deneyimli ve sorumluluk almaya haz\u0131r isimlerin partiye kat\u0131lmas\u0131n\u0131n reform kararl\u0131l\u0131\u011f\u0131n\u0131 peki\u015ftirdi\u011fini ifade ederek, \u201cFevzi Tanp\u0131nar\u2019\u0131n kat\u0131l\u0131m\u0131 partimize \u00f6nemli bir g\u00fc\u00e7 katm\u0131\u015ft\u0131r\u201d dedi.<\/p>\n<h2>TANPINAR: \u201cS\u0130YASET S\u00d6Z DE\u011e\u0130L S\u0130STEM KURMA \u0130\u015e\u0130D\u0130R\u201d<\/h2>\n<p>Halk\u0131n Partisi\u2019ne kat\u0131ld\u0131\u011f\u0131n\u0131 a\u00e7\u0131klayan Tanp\u0131nar, hayat\u0131nda ilk kez aktif siyasete ad\u0131m att\u0131\u011f\u0131n\u0131 belirterek, y\u0131llar boyunca medya, akademi ve \u00f6zel sekt\u00f6rde edindi\u011fi <strong>38 y\u0131ll\u0131k deneyimi kamu yarar\u0131na katk\u0131 sunmak amac\u0131yla de\u011ferlendirme karar\u0131 ald\u0131\u011f\u0131n\u0131<\/strong> s\u00f6yledi.<\/p>\n<p>Tanp\u0131nar, temiz siyaset, \u015feffafl\u0131k ve hukukun \u00fcst\u00fcnl\u00fc\u011f\u00fc anlay\u0131\u015f\u0131n\u0131n \u00fclkenin ihtiya\u00e7 duydu\u011fu y\u00f6netim modeli oldu\u011funu ifade ederek, \u201cBenim i\u00e7in iyi y\u00f6netim; kararlar\u0131n kapal\u0131 kap\u0131lar ard\u0131nda al\u0131nmad\u0131\u011f\u0131, kurallar\u0131n ki\u015filere g\u00f6re de\u011fi\u015fmedi\u011fi, torpil ve keyfili\u011fin olmad\u0131\u011f\u0131 bir d\u00fczendir\u201d dedi.<\/p>\n<p>Fevzi Tanp\u0131nar Halk\u0131n Partisi\u2019ne Kat\u0131ld\u0131 yaz\u0131s\u0131 ilk \u00f6nce K\u0131br\u0131s Hakikat \u00fczerinde ortaya \u00e7\u0131kt\u0131.<\/p>\n","protected":false},"excerpt":{"rendered":"<p>Uzun y\u0131llara dayanan medya, akademi, sivil toplum ve \u00f6zel sekt\u00f6r deneyimi bulunan Fevzi Tanp\u0131nar, ilk kez aktif siyasete ad\u0131m atarak **Halk\u0131n Partisi\u2019ne kat\u0131ld\u0131. Tanp\u0131nar, kurumsal g\u00fcvenin g\u00fc\u00e7lendirilmesi ve \u00f6ng\u00f6r\u00fclebilir bir y\u00f6netim anlay\u0131\u015f\u0131n\u0131n yerle\u015fmesi gerekti\u011fini vurgulayarak, kurallara dayal\u0131 ve g\u00fc\u00e7l\u00fc kurumlara sahip bir y\u00f6netim i\u00e7in sorumluluk alma zaman\u0131 geldi\u011fini s\u00f6yledi. \u00d6ZERSAY: \u201cPART\u0130M\u0130ZE \u00d6NEML\u0130 B\u0130R G\u00dc\u00c7 KATMI\u015eTIR\u201d [&hellip;]<\/p>\n","protected":false},"author":1,"featured_media":34989,"comment_status":"open","ping_status":"open","sticky":false,"template":"","format":"standard","meta":{"jnews-multi-image_gallery":[],"jnews_single_post":[],"jnews_primary_category":[],"footnotes":""},"categories":[1],"tags":[],"class_list":["post-34988","post","type-post","status-publish","format-standard","has-post-thumbnail","hentry","category-kibris"],"yoast_head":"<!-- This site is optimized with the Yoast SEO plugin v27.5 - https:\/\/yoast.com\/product\/yoast-seo-wordpress\/ -->\n<title>Fevzi Tanp\u0131nar Halk\u0131n Partisi\u2019ne Kat\u0131ld\u0131 - Haber Kuzey<\/title>\n<meta name=\"robots\" content=\"index, follow, max-snippet:-1, max-image-preview:large, max-video-preview:-1\" \/>\n<link rel=\"canonical\" href=\"https:\/\/haberkuzey.com\/index.php\/2026\/03\/04\/fevzi-tanpinar-halkin-partisine-katildi\/\" \/>\n<meta property=\"og:locale\" content=\"tr_TR\" \/>\n<meta property=\"og:type\" content=\"article\" \/>\n<meta property=\"og:title\" content=\"Fevzi Tanp\u0131nar Halk\u0131n Partisi\u2019ne Kat\u0131ld\u0131 - Haber Kuzey\" \/>\n<meta property=\"og:description\" content=\"Uzun y\u0131llara dayanan medya, akademi, sivil toplum ve \u00f6zel sekt\u00f6r deneyimi bulunan Fevzi Tanp\u0131nar, ilk kez aktif siyasete ad\u0131m atarak **Halk\u0131n Partisi\u2019ne kat\u0131ld\u0131. Tanp\u0131nar, kurumsal g\u00fcvenin g\u00fc\u00e7lendirilmesi ve \u00f6ng\u00f6r\u00fclebilir bir y\u00f6netim anlay\u0131\u015f\u0131n\u0131n yerle\u015fmesi gerekti\u011fini vurgulayarak, kurallara dayal\u0131 ve g\u00fc\u00e7l\u00fc kurumlara sahip bir y\u00f6netim i\u00e7in sorumluluk alma zaman\u0131 geldi\u011fini s\u00f6yledi. \u00d6ZERSAY: \u201cPART\u0130M\u0130ZE \u00d6NEML\u0130 B\u0130R G\u00dc\u00c7 KATMI\u015eTIR\u201d [&hellip;]\" \/>\n<meta property=\"og:url\" content=\"https:\/\/haberkuzey.com\/index.php\/2026\/03\/04\/fevzi-tanpinar-halkin-partisine-katildi\/\" \/>\n<meta property=\"og:site_name\" content=\"Haber Kuzey\" \/>\n<meta property=\"article:published_time\" content=\"2026-03-04T14:50:35+00:00\" \/>\n<meta name=\"author\" content=\"haberkuzey\" \/>\n<meta name=\"twitter:card\" content=\"summary_large_image\" \/>\n<meta name=\"twitter:label1\" content=\"Yazan:\" \/>\n\t<meta name=\"twitter:data1\" content=\"haberkuzey\" \/>\n\t<meta name=\"twitter:label2\" content=\"Tahmini okuma s\u00fcresi\" \/>\n\t<meta name=\"twitter:data2\" content=\"1 dakika\" \/>\n<script type=\"application\/ld+json\" class=\"yoast-schema-graph\">{\"@context\":\"https:\\\/\\\/schema.org\",\"@graph\":[{\"@type\":\"Article\",\"@id\":\"https:\\\/\\\/haberkuzey.com\\\/index.php\\\/2026\\\/03\\\/04\\\/fevzi-tanpinar-halkin-partisine-katildi\\\/#article\",\"isPartOf\":{\"@id\":\"https:\\\/\\\/haberkuzey.com\\\/index.php\\\/2026\\\/03\\\/04\\\/fevzi-tanpinar-halkin-partisine-katildi\\\/\"},\"author\":{\"name\":\"haberkuzey\",\"@id\":\"https:\\\/\\\/haberkuzey.com\\\/#\\\/schema\\\/person\\\/3372109ec735f9333f4fa47ebb9605ca\"},\"headline\":\"Fevzi Tanp\u0131nar Halk\u0131n Partisi\u2019ne Kat\u0131ld\u0131\",\"datePublished\":\"2026-03-04T14:50:35+00:00\",\"mainEntityOfPage\":{\"@id\":\"https:\\\/\\\/haberkuzey.com\\\/index.php\\\/2026\\\/03\\\/04\\\/fevzi-tanpinar-halkin-partisine-katildi\\\/\"},\"wordCount\":298,\"commentCount\":0,\"image\":{\"@id\":\"https:\\\/\\\/haberkuzey.com\\\/index.php\\\/2026\\\/03\\\/04\\\/fevzi-tanpinar-halkin-partisine-katildi\\\/#primaryimage\"},\"thumbnailUrl\":\"https:\\\/\\\/haberkuzey.com\\\/wp-content\\\/uploads\\\/2026\\\/03\\\/IMG_7861.jpeg\",\"articleSection\":[\"K\u0131br\u0131s\"],\"inLanguage\":\"tr\",\"potentialAction\":[{\"@type\":\"CommentAction\",\"name\":\"Comment\",\"target\":[\"https:\\\/\\\/haberkuzey.com\\\/index.php\\\/2026\\\/03\\\/04\\\/fevzi-tanpinar-halkin-partisine-katildi\\\/#respond\"]}]},{\"@type\":\"WebPage\",\"@id\":\"https:\\\/\\\/haberkuzey.com\\\/index.php\\\/2026\\\/03\\\/04\\\/fevzi-tanpinar-halkin-partisine-katildi\\\/\",\"url\":\"https:\\\/\\\/haberkuzey.com\\\/index.php\\\/2026\\\/03\\\/04\\\/fevzi-tanpinar-halkin-partisine-katildi\\\/\",\"name\":\"Fevzi Tanp\u0131nar Halk\u0131n Partisi\u2019ne Kat\u0131ld\u0131 - Haber Kuzey\",\"isPartOf\":{\"@id\":\"https:\\\/\\\/haberkuzey.com\\\/#website\"},\"primaryImageOfPage\":{\"@id\":\"https:\\\/\\\/haberkuzey.com\\\/index.php\\\/2026\\\/03\\\/04\\\/fevzi-tanpinar-halkin-partisine-katildi\\\/#primaryimage\"},\"image\":{\"@id\":\"https:\\\/\\\/haberkuzey.com\\\/index.php\\\/2026\\\/03\\\/04\\\/fevzi-tanpinar-halkin-partisine-katildi\\\/#primaryimage\"},\"thumbnailUrl\":\"https:\\\/\\\/haberkuzey.com\\\/wp-content\\\/uploads\\\/2026\\\/03\\\/IMG_7861.jpeg\",\"datePublished\":\"2026-03-04T14:50:35+00:00\",\"author\":{\"@id\":\"https:\\\/\\\/haberkuzey.com\\\/#\\\/schema\\\/person\\\/3372109ec735f9333f4fa47ebb9605ca\"},\"breadcrumb\":{\"@id\":\"https:\\\/\\\/haberkuzey.com\\\/index.php\\\/2026\\\/03\\\/04\\\/fevzi-tanpinar-halkin-partisine-katildi\\\/#breadcrumb\"},\"inLanguage\":\"tr\",\"potentialAction\":[{\"@type\":\"ReadAction\",\"target\":[\"https:\\\/\\\/haberkuzey.com\\\/index.php\\\/2026\\\/03\\\/04\\\/fevzi-tanpinar-halkin-partisine-katildi\\\/\"]}]},{\"@type\":\"ImageObject\",\"inLanguage\":\"tr\",\"@id\":\"https:\\\/\\\/haberkuzey.com\\\/index.php\\\/2026\\\/03\\\/04\\\/fevzi-tanpinar-halkin-partisine-katildi\\\/#primaryimage\",\"url\":\"https:\\\/\\\/haberkuzey.com\\\/wp-content\\\/uploads\\\/2026\\\/03\\\/IMG_7861.jpeg\",\"contentUrl\":\"https:\\\/\\\/haberkuzey.com\\\/wp-content\\\/uploads\\\/2026\\\/03\\\/IMG_7861.jpeg\",\"width\":1278,\"height\":606},{\"@type\":\"BreadcrumbList\",\"@id\":\"https:\\\/\\\/haberkuzey.com\\\/index.php\\\/2026\\\/03\\\/04\\\/fevzi-tanpinar-halkin-partisine-katildi\\\/#breadcrumb\",\"itemListElement\":[{\"@type\":\"ListItem\",\"position\":1,\"name\":\"Anasayfa\",\"item\":\"https:\\\/\\\/haberkuzey.com\\\/\"},{\"@type\":\"ListItem\",\"position\":2,\"name\":\"Fevzi Tanp\u0131nar Halk\u0131n Partisi\u2019ne Kat\u0131ld\u0131\"}]},{\"@type\":\"WebSite\",\"@id\":\"https:\\\/\\\/haberkuzey.com\\\/#website\",\"url\":\"https:\\\/\\\/haberkuzey.com\\\/\",\"name\":\"Haber Kuzey\",\"description\":\"Do\u011fru Haberin Adresi\",\"potentialAction\":[{\"@type\":\"SearchAction\",\"target\":{\"@type\":\"EntryPoint\",\"urlTemplate\":\"https:\\\/\\\/haberkuzey.com\\\/?s={search_term_string}\"},\"query-input\":{\"@type\":\"PropertyValueSpecification\",\"valueRequired\":true,\"valueName\":\"search_term_string\"}}],\"inLanguage\":\"tr\"},{\"@type\":\"Person\",\"@id\":\"https:\\\/\\\/haberkuzey.com\\\/#\\\/schema\\\/person\\\/3372109ec735f9333f4fa47ebb9605ca\",\"name\":\"haberkuzey\",\"image\":{\"@type\":\"ImageObject\",\"inLanguage\":\"tr\",\"@id\":\"https:\\\/\\\/secure.gravatar.com\\\/avatar\\\/f5fc875574b1575324358c3b9e6a32b8227aa5b74f3fa22e3cadb63e26fcc39c?s=96&d=mm&r=g\",\"url\":\"https:\\\/\\\/secure.gravatar.com\\\/avatar\\\/f5fc875574b1575324358c3b9e6a32b8227aa5b74f3fa22e3cadb63e26fcc39c?s=96&d=mm&r=g\",\"contentUrl\":\"https:\\\/\\\/secure.gravatar.com\\\/avatar\\\/f5fc875574b1575324358c3b9e6a32b8227aa5b74f3fa22e3cadb63e26fcc39c?s=96&d=mm&r=g\",\"caption\":\"haberkuzey\"},\"sameAs\":[\"https:\\\/\\\/haberkuzey.com\"],\"url\":\"https:\\\/\\\/haberkuzey.com\\\/index.php\\\/author\\\/haberkuzey\\\/\"}]}<\/script>\n<!-- \/ Yoast SEO plugin. -->","yoast_head_json":{"title":"Fevzi Tanp\u0131nar Halk\u0131n Partisi\u2019ne Kat\u0131ld\u0131 - Haber Kuzey","robots":{"index":"index","follow":"follow","max-snippet":"max-snippet:-1","max-image-preview":"max-image-preview:large","max-video-preview":"max-video-preview:-1"},"canonical":"https:\/\/haberkuzey.com\/index.php\/2026\/03\/04\/fevzi-tanpinar-halkin-partisine-katildi\/","og_locale":"tr_TR","og_type":"article","og_title":"Fevzi Tanp\u0131nar Halk\u0131n Partisi\u2019ne Kat\u0131ld\u0131 - Haber Kuzey","og_description":"Uzun y\u0131llara dayanan medya, akademi, sivil toplum ve \u00f6zel sekt\u00f6r deneyimi bulunan Fevzi Tanp\u0131nar, ilk kez aktif siyasete ad\u0131m atarak **Halk\u0131n Partisi\u2019ne kat\u0131ld\u0131. Tanp\u0131nar, kurumsal g\u00fcvenin g\u00fc\u00e7lendirilmesi ve \u00f6ng\u00f6r\u00fclebilir bir y\u00f6netim anlay\u0131\u015f\u0131n\u0131n yerle\u015fmesi gerekti\u011fini vurgulayarak, kurallara dayal\u0131 ve g\u00fc\u00e7l\u00fc kurumlara sahip bir y\u00f6netim i\u00e7in sorumluluk alma zaman\u0131 geldi\u011fini s\u00f6yledi. \u00d6ZERSAY: \u201cPART\u0130M\u0130ZE \u00d6NEML\u0130 B\u0130R G\u00dc\u00c7 KATMI\u015eTIR\u201d [&hellip;]","og_url":"https:\/\/haberkuzey.com\/index.php\/2026\/03\/04\/fevzi-tanpinar-halkin-partisine-katildi\/","og_site_name":"Haber Kuzey","article_published_time":"2026-03-04T14:50:35+00:00","author":"haberkuzey","twitter_card":"summary_large_image","twitter_misc":{"Yazan:":"haberkuzey","Tahmini okuma s\u00fcresi":"1 dakika"},"schema":{"@context":"https:\/\/schema.org","@graph":[{"@type":"Article","@id":"https:\/\/haberkuzey.com\/index.php\/2026\/03\/04\/fevzi-tanpinar-halkin-partisine-katildi\/#article","isPartOf":{"@id":"https:\/\/haberkuzey.com\/index.php\/2026\/03\/04\/fevzi-tanpinar-halkin-partisine-katildi\/"},"author":{"name":"haberkuzey","@id":"https:\/\/haberkuzey.com\/#\/schema\/person\/3372109ec735f9333f4fa47ebb9605ca"},"headline":"Fevzi Tanp\u0131nar Halk\u0131n Partisi\u2019ne Kat\u0131ld\u0131","datePublished":"2026-03-04T14:50:35+00:00","mainEntityOfPage":{"@id":"https:\/\/haberkuzey.com\/index.php\/2026\/03\/04\/fevzi-tanpinar-halkin-partisine-katildi\/"},"wordCount":298,"commentCount":0,"image":{"@id":"https:\/\/haberkuzey.com\/index.php\/2026\/03\/04\/fevzi-tanpinar-halkin-partisine-katildi\/#primaryimage"},"thumbnailUrl":"https:\/\/haberkuzey.com\/wp-content\/uploads\/2026\/03\/IMG_7861.jpeg","articleSection":["K\u0131br\u0131s"],"inLanguage":"tr","potentialAction":[{"@type":"CommentAction","name":"Comment","target":["https:\/\/haberkuzey.com\/index.php\/2026\/03\/04\/fevzi-tanpinar-halkin-partisine-katildi\/#respond"]}]},{"@type":"WebPage","@id":"https:\/\/haberkuzey.com\/index.php\/2026\/03\/04\/fevzi-tanpinar-halkin-partisine-katildi\/","url":"https:\/\/haberkuzey.com\/index.php\/2026\/03\/04\/fevzi-tanpinar-halkin-partisine-katildi\/","name":"Fevzi Tanp\u0131nar Halk\u0131n Partisi\u2019ne Kat\u0131ld\u0131 - Haber Kuzey","isPartOf":{"@id":"https:\/\/haberkuzey.com\/#website"},"primaryImageOfPage":{"@id":"https:\/\/haberkuzey.com\/index.php\/2026\/03\/04\/fevzi-tanpinar-halkin-partisine-katildi\/#primaryimage"},"image":{"@id":"https:\/\/haberkuzey.com\/index.php\/2026\/03\/04\/fevzi-tanpinar-halkin-partisine-katildi\/#primaryimage"},"thumbnailUrl":"https:\/\/haberkuzey.com\/wp-content\/uploads\/2026\/03\/IMG_7861.jpeg","datePublished":"2026-03-04T14:50:35+00:00","author":{"@id":"https:\/\/haberkuzey.com\/#\/schema\/person\/3372109ec735f9333f4fa47ebb9605ca"},"breadcrumb":{"@id":"https:\/\/haberkuzey.com\/index.php\/2026\/03\/04\/fevzi-tanpinar-halkin-partisine-katildi\/#breadcrumb"},"inLanguage":"tr","potentialAction":[{"@type":"ReadAction","target":["https:\/\/haberkuzey.com\/index.php\/2026\/03\/04\/fevzi-tanpinar-halkin-partisine-katildi\/"]}]},{"@type":"ImageObject","inLanguage":"tr","@id":"https:\/\/haberkuzey.com\/index.php\/2026\/03\/04\/fevzi-tanpinar-halkin-partisine-katildi\/#primaryimage","url":"https:\/\/haberkuzey.com\/wp-content\/uploads\/2026\/03\/IMG_7861.jpeg","contentUrl":"https:\/\/haberkuzey.com\/wp-content\/uploads\/2026\/03\/IMG_7861.jpeg","width":1278,"height":606},{"@type":"BreadcrumbList","@id":"https:\/\/haberkuzey.com\/index.php\/2026\/03\/04\/fevzi-tanpinar-halkin-partisine-katildi\/#breadcrumb","itemListElement":[{"@type":"ListItem","position":1,"name":"Anasayfa","item":"https:\/\/haberkuzey.com\/"},{"@type":"ListItem","position":2,"name":"Fevzi Tanp\u0131nar Halk\u0131n Partisi\u2019ne Kat\u0131ld\u0131"}]},{"@type":"WebSite","@id":"https:\/\/haberkuzey.com\/#website","url":"https:\/\/haberkuzey.com\/","name":"Haber Kuzey","description":"Do\u011fru Haberin Adresi","potentialAction":[{"@type":"SearchAction","target":{"@type":"EntryPoint","urlTemplate":"https:\/\/haberkuzey.com\/?s={search_term_string}"},"query-input":{"@type":"PropertyValueSpecification","valueRequired":true,"valueName":"search_term_string"}}],"inLanguage":"tr"},{"@type":"Person","@id":"https:\/\/haberkuzey.com\/#\/schema\/person\/3372109ec735f9333f4fa47ebb9605ca","name":"haberkuzey","image":{"@type":"ImageObject","inLanguage":"tr","@id":"https:\/\/secure.gravatar.com\/avatar\/f5fc875574b1575324358c3b9e6a32b8227aa5b74f3fa22e3cadb63e26fcc39c?s=96&d=mm&r=g","url":"https:\/\/secure.gravatar.com\/avatar\/f5fc875574b1575324358c3b9e6a32b8227aa5b74f3fa22e3cadb63e26fcc39c?s=96&d=mm&r=g","contentUrl":"https:\/\/secure.gravatar.com\/avatar\/f5fc875574b1575324358c3b9e6a32b8227aa5b74f3fa22e3cadb63e26fcc39c?s=96&d=mm&r=g","caption":"haberkuzey"},"sameAs":["https:\/\/haberkuzey.com"],"url":"https:\/\/haberkuzey.com\/index.php\/author\/haberkuzey\/"}]}},"_links":{"self":[{"href":"https:\/\/haberkuzey.com\/index.php\/wp-json\/wp\/v2\/posts\/34988","targetHints":{"allow":["GET"]}}],"collection":[{"href":"https:\/\/haberkuzey.com\/index.php\/wp-json\/wp\/v2\/posts"}],"about":[{"href":"https:\/\/haberkuzey.com\/index.php\/wp-json\/wp\/v2\/types\/post"}],"author":[{"embeddable":true,"href":"https:\/\/haberkuzey.com\/index.php\/wp-json\/wp\/v2\/users\/1"}],"replies":[{"embeddable":true,"href":"https:\/\/haberkuzey.com\/index.php\/wp-json\/wp\/v2\/comments?post=34988"}],"version-history":[{"count":0,"href":"https:\/\/haberkuzey.com\/index.php\/wp-json\/wp\/v2\/posts\/34988\/revisions"}],"wp:featuredmedia":[{"embeddable":true,"href":"https:\/\/haberkuzey.com\/index.php\/wp-json\/wp\/v2\/media\/34989"}],"wp:attachment":[{"href":"https:\/\/haberkuzey.com\/index.php\/wp-json\/wp\/v2\/media?parent=34988"}],"wp:term":[{"taxonomy":"category","embeddable":true,"href":"https:\/\/haberkuzey.com\/index.php\/wp-json\/wp\/v2\/categories?post=34988"},{"taxonomy":"post_tag","embeddable":true,"href":"https:\/\/haberkuzey.com\/index.php\/wp-json\/wp\/v2\/tags?post=34988"}],"curies":[{"name":"wp","href":"https:\/\/api.w.org\/{rel}","templated":true}]}}