{"id":34984,"date":"2026-03-04T14:25:13","date_gmt":"2026-03-04T12:25:13","guid":{"rendered":"https:\/\/haberkuzey.com\/index.php\/2026\/03\/04\/hayvancilik-ve-sut-sektoru-tarihin-en-agir-krizlerinden-birini-yasiyor-uretici-caresiz-birakildi\/"},"modified":"2026-03-04T14:25:13","modified_gmt":"2026-03-04T12:25:13","slug":"hayvancilik-ve-sut-sektoru-tarihin-en-agir-krizlerinden-birini-yasiyor-uretici-caresiz-birakildi","status":"publish","type":"post","link":"https:\/\/haberkuzey.com\/index.php\/2026\/03\/04\/hayvancilik-ve-sut-sektoru-tarihin-en-agir-krizlerinden-birini-yasiyor-uretici-caresiz-birakildi\/","title":{"rendered":"Hayvanc\u0131l\u0131k ve s\u00fct sekt\u00f6r\u00fc tarihin en a\u011f\u0131r krizlerinden birini ya\u015f\u0131yor; \u00fcretici \u00e7aresiz b\u0131rak\u0131ld\u0131"},"content":{"rendered":"<p>Cumhuriyet\u00e7i T\u00fcrk Partisi (CTP) Milletvekili Fide K\u00fcr\u015fat, \u00fcretim sekt\u00f6r\u00fcn\u00fcn \u00e7\u00f6k\u00fc\u015f noktas\u0131na geldi\u011fini ifade ederek, hayvanc\u0131l\u0131k ve \u00f6zellikle s\u00fct sekt\u00f6r\u00fcn\u00fcn tarihinin en a\u011f\u0131r krizlerinden birini ya\u015fad\u0131\u011f\u0131n\u0131 kaydetti.<\/p>\n<p>K\u00fcr\u015fat, gelinen noktada \u00fcreticinin yaln\u0131z, \u00e7aresiz ve kaderine terk edildi\u011fini belirterek, girdi maliyetlerinin kontrols\u00fcz \u015fekilde artt\u0131\u011f\u0131n\u0131 vurgulad\u0131. Yem, enerji, su, i\u015f\u00e7ilik, mazot ve zirai ila\u00e7 fiyatlar\u0131n\u0131n katlanarak y\u00fckseldi\u011fini ifade eden K\u00fcr\u015fat, \u00f6zellikle k\u00fc\u00e7\u00fck ve orta \u00f6l\u00e7ekli aile i\u015fletmelerinin ayakta kalma m\u00fccadelesi verdi\u011fini s\u00f6yledi.<\/p>\n<p>Verilen desteklerin g\u00f6stermelik oldu\u011funu ve maliyetleri d\u00fc\u015f\u00fcrmeye yetmedi\u011fini kaydeden K\u00fcr\u015fat, ne \u00fcreticinin s\u00fcrd\u00fcr\u00fclebilir \u00fcretim yapabildi\u011fini ne de t\u00fcketicinin uygun fiyatl\u0131 g\u0131daya eri\u015febildi\u011fini dile getirdi.<\/p>\n<p>\u00dclkede ayl\u0131k yakla\u015f\u0131k 13 bin ton arpa ihtiyac\u0131 oldu\u011fu bilinmesine ra\u011fmen yetkili kurumlar\u0131n planlama yapamad\u0131\u011f\u0131n\u0131 belirten K\u00fcr\u015fat, g\u00fcnlerce ambarlarda arpa bulunamad\u0131\u011f\u0131n\u0131 ifade etti. Mand\u0131ralarda hayvanlar\u0131n a\u00e7 kald\u0131\u011f\u0131n\u0131, \u00fcreticilerin her hafta arpa kriziyle kar\u015f\u0131 kar\u015f\u0131ya b\u0131rak\u0131ld\u0131\u011f\u0131n\u0131 kaydeden K\u00fcr\u015fat, yem rasyonlar\u0131n\u0131n zorunlu olarak de\u011fi\u015ftirildi\u011fini; bunun hem k\u00fc\u00e7\u00fckba\u015f hem b\u00fcy\u00fckba\u015f hayvanlarda sindirim sistemi bozukluklar\u0131na, verim kay\u0131plar\u0131na ve hayvan \u00f6l\u00fcmlerine yol a\u00e7t\u0131\u011f\u0131n\u0131 s\u00f6yledi. K\u00fcr\u015fat, bu tablonun do\u011frudan ekonomik y\u0131k\u0131m oldu\u011funu ve ya\u015fananlar\u0131n a\u00e7\u0131k bir y\u00f6netim zafiyeti oldu\u011funu dile getirdi.<\/p>\n<p>\u201cS\u00dcT PAZARLAMASINDA B\u00dcY\u00dcK KR\u0130Z\u201d<\/p>\n<p>K\u00fcr\u015fat, g\u00fcnde yakla\u015f\u0131k 600 ton s\u00fct \u00fcretimi yap\u0131ld\u0131\u011f\u0131n\u0131, bunun yakla\u015f\u0131k y\u00fczde 30\u2019unun i\u00e7 piyasada t\u00fcketildi\u011fini belirtti. Ortado\u011fu\u2019daki geli\u015fmeler nedeniyle ihracatta daralma ya\u015fand\u0131\u011f\u0131n\u0131 ifade eden K\u00fcr\u015fat, s\u00fct sekt\u00f6r\u00fcnde pazarlamada ciddi bir kaos ve kriz ortam\u0131 bulundu\u011funu kaydetti.<\/p>\n<p>Y\u0131lba\u015f\u0131ndan bu yana s\u00fctlerin \u00f6nce tankerlerde, \u015fimdi ise \u00fcreticinin buzluklar\u0131nda bekletildi\u011fini belirten K\u00fcr\u015fat, zaman zaman buzluklar\u0131n dolup ta\u015ft\u0131\u011f\u0131n\u0131 s\u00f6yledi. \u00c7i\u011f s\u00fct\u00fcn bekletilemeyece\u011fini vurgulayan K\u00fcr\u015fat, kalitenin d\u00fc\u015ft\u00fc\u011f\u00fcn\u00fc, s\u00fct\u00fcn bozuldu\u011funu, d\u00f6k\u00fcld\u00fc\u011f\u00fcn\u00fc ve heba oldu\u011funu ifade etti. Maliyetinin alt\u0131nda s\u00fct veren \u00fcreticinin batma noktas\u0131na s\u00fcr\u00fcklendi\u011fini savunan K\u00fcr\u015fat, buna ra\u011fmen Tar\u0131m Bakan\u0131\u2019n\u0131n sekt\u00f6r\u00fc b\u00fcy\u00fctt\u00fcklerini iddia etti\u011fini dile getirdi.<\/p>\n<p>\u201cSORUNUN KAYNA\u011eI PLANSIZLIK VE \u0130HMAL\u201d<\/p>\n<p>Sekt\u00f6r\u00fcn reg\u00fclasyon ve planlama bekledi\u011fini belirten K\u00fcr\u015fat, y\u0131llard\u0131r yapt\u0131klar\u0131 yap\u0131c\u0131 ele\u015ftiriler ve \u00e7\u00f6z\u00fcm \u00f6nerilerinin dikkate al\u0131nmad\u0131\u011f\u0131n\u0131 s\u00f6yledi. H\u00fck\u00fcmetin hantal ve vurdumduymaz bir anlay\u0131\u015f i\u00e7inde oldu\u011funu savunan K\u00fcr\u015fat, \u00fcretimde planlama yap\u0131lmad\u0131\u011f\u0131n\u0131 ifade etti.<\/p>\n<p>Yem ve arpa tedarikinin g\u00fcvence alt\u0131na al\u0131nmad\u0131\u011f\u0131n\u0131, maliyetleri d\u00fc\u015f\u00fcr\u00fcc\u00fc yap\u0131sal politikalar\u0131n geli\u015ftirilemedi\u011fini ve s\u00fct pazarlamas\u0131ndaki s\u0131k\u0131nt\u0131lar\u0131n a\u015f\u0131lamad\u0131\u011f\u0131n\u0131 belirten K\u00fcr\u015fat, bu anlay\u0131\u015f\u0131n tar\u0131m\u0131 ve hayvanc\u0131l\u0131\u011f\u0131 bitirme noktas\u0131na getirdi\u011fini kaydetti.<\/p>\n<p>\u00dcreticinin ayakta kalmamas\u0131 halinde ne ucuz et ne ucuz s\u00fct olaca\u011f\u0131n\u0131 ne de g\u0131da g\u00fcvenli\u011finin sa\u011flanabilece\u011fini ifade eden K\u00fcr\u015fat, \u00fclkenin \u00fcreticisinin kaderine terk edilemeyece\u011fini vurgulad\u0131. Tar\u0131m ve hayvanc\u0131l\u0131\u011f\u0131n g\u00fcn\u00fcbirlik kararlarla de\u011fil; planl\u0131 ve bilimsel bir anlay\u0131\u015fla y\u00f6netilmesi gerekti\u011fini s\u00f6zlerine ekledi<\/p>\n<p><span class=\"Apple-converted-space\">\u00a0<\/span><\/p>\n<p>Hayvanc\u0131l\u0131k ve s\u00fct sekt\u00f6r\u00fc tarihin en a\u011f\u0131r krizlerinden birini ya\u015f\u0131yor; \u00fcretici \u00e7aresiz b\u0131rak\u0131ld\u0131 yaz\u0131s\u0131 ilk \u00f6nce K\u0131br\u0131s Hakikat \u00fczerinde ortaya \u00e7\u0131kt\u0131.<\/p>\n","protected":false},"excerpt":{"rendered":"<p>Cumhuriyet\u00e7i T\u00fcrk Partisi (CTP) Milletvekili Fide K\u00fcr\u015fat, \u00fcretim sekt\u00f6r\u00fcn\u00fcn \u00e7\u00f6k\u00fc\u015f noktas\u0131na geldi\u011fini ifade ederek, hayvanc\u0131l\u0131k ve \u00f6zellikle s\u00fct sekt\u00f6r\u00fcn\u00fcn tarihinin en a\u011f\u0131r krizlerinden birini ya\u015fad\u0131\u011f\u0131n\u0131 kaydetti. K\u00fcr\u015fat, gelinen noktada \u00fcreticinin yaln\u0131z, \u00e7aresiz ve kaderine terk edildi\u011fini belirterek, girdi maliyetlerinin kontrols\u00fcz \u015fekilde artt\u0131\u011f\u0131n\u0131 vurgulad\u0131. Yem, enerji, su, i\u015f\u00e7ilik, mazot ve zirai ila\u00e7 fiyatlar\u0131n\u0131n katlanarak y\u00fckseldi\u011fini ifade [&hellip;]<\/p>\n","protected":false},"author":1,"featured_media":34985,"comment_status":"open","ping_status":"open","sticky":false,"template":"","format":"standard","meta":{"jnews-multi-image_gallery":[],"jnews_single_post":[],"jnews_primary_category":[],"footnotes":""},"categories":[1],"tags":[],"class_list":["post-34984","post","type-post","status-publish","format-standard","has-post-thumbnail","hentry","category-kibris"],"yoast_head":"<!-- This site is optimized with the Yoast SEO plugin v27.5 - https:\/\/yoast.com\/product\/yoast-seo-wordpress\/ -->\n<title>Hayvanc\u0131l\u0131k ve s\u00fct sekt\u00f6r\u00fc tarihin en a\u011f\u0131r krizlerinden birini ya\u015f\u0131yor; \u00fcretici \u00e7aresiz b\u0131rak\u0131ld\u0131 - Haber Kuzey<\/title>\n<meta name=\"robots\" content=\"index, follow, max-snippet:-1, max-image-preview:large, max-video-preview:-1\" \/>\n<link rel=\"canonical\" href=\"https:\/\/haberkuzey.com\/index.php\/2026\/03\/04\/hayvancilik-ve-sut-sektoru-tarihin-en-agir-krizlerinden-birini-yasiyor-uretici-caresiz-birakildi\/\" \/>\n<meta property=\"og:locale\" content=\"tr_TR\" \/>\n<meta property=\"og:type\" content=\"article\" \/>\n<meta property=\"og:title\" content=\"Hayvanc\u0131l\u0131k ve s\u00fct sekt\u00f6r\u00fc tarihin en a\u011f\u0131r krizlerinden birini ya\u015f\u0131yor; \u00fcretici \u00e7aresiz b\u0131rak\u0131ld\u0131 - Haber Kuzey\" \/>\n<meta property=\"og:description\" content=\"Cumhuriyet\u00e7i T\u00fcrk Partisi (CTP) Milletvekili Fide K\u00fcr\u015fat, \u00fcretim sekt\u00f6r\u00fcn\u00fcn \u00e7\u00f6k\u00fc\u015f noktas\u0131na geldi\u011fini ifade ederek, hayvanc\u0131l\u0131k ve \u00f6zellikle s\u00fct sekt\u00f6r\u00fcn\u00fcn tarihinin en a\u011f\u0131r krizlerinden birini ya\u015fad\u0131\u011f\u0131n\u0131 kaydetti. K\u00fcr\u015fat, gelinen noktada \u00fcreticinin yaln\u0131z, \u00e7aresiz ve kaderine terk edildi\u011fini belirterek, girdi maliyetlerinin kontrols\u00fcz \u015fekilde artt\u0131\u011f\u0131n\u0131 vurgulad\u0131. Yem, enerji, su, i\u015f\u00e7ilik, mazot ve zirai ila\u00e7 fiyatlar\u0131n\u0131n katlanarak y\u00fckseldi\u011fini ifade [&hellip;]\" \/>\n<meta property=\"og:url\" content=\"https:\/\/haberkuzey.com\/index.php\/2026\/03\/04\/hayvancilik-ve-sut-sektoru-tarihin-en-agir-krizlerinden-birini-yasiyor-uretici-caresiz-birakildi\/\" \/>\n<meta property=\"og:site_name\" content=\"Haber Kuzey\" \/>\n<meta property=\"article:published_time\" content=\"2026-03-04T12:25:13+00:00\" \/>\n<meta name=\"author\" content=\"haberkuzey\" \/>\n<meta name=\"twitter:card\" content=\"summary_large_image\" \/>\n<meta name=\"twitter:label1\" content=\"Yazan:\" \/>\n\t<meta name=\"twitter:data1\" content=\"haberkuzey\" \/>\n\t<meta name=\"twitter:label2\" content=\"Tahmini okuma s\u00fcresi\" \/>\n\t<meta name=\"twitter:data2\" content=\"3 dakika\" \/>\n<script type=\"application\/ld+json\" class=\"yoast-schema-graph\">{\"@context\":\"https:\\\/\\\/schema.org\",\"@graph\":[{\"@type\":\"Article\",\"@id\":\"https:\\\/\\\/haberkuzey.com\\\/index.php\\\/2026\\\/03\\\/04\\\/hayvancilik-ve-sut-sektoru-tarihin-en-agir-krizlerinden-birini-yasiyor-uretici-caresiz-birakildi\\\/#article\",\"isPartOf\":{\"@id\":\"https:\\\/\\\/haberkuzey.com\\\/index.php\\\/2026\\\/03\\\/04\\\/hayvancilik-ve-sut-sektoru-tarihin-en-agir-krizlerinden-birini-yasiyor-uretici-caresiz-birakildi\\\/\"},\"author\":{\"name\":\"haberkuzey\",\"@id\":\"https:\\\/\\\/haberkuzey.com\\\/#\\\/schema\\\/person\\\/3372109ec735f9333f4fa47ebb9605ca\"},\"headline\":\"Hayvanc\u0131l\u0131k ve s\u00fct sekt\u00f6r\u00fc tarihin en a\u011f\u0131r krizlerinden birini ya\u015f\u0131yor; \u00fcretici \u00e7aresiz b\u0131rak\u0131ld\u0131\",\"datePublished\":\"2026-03-04T12:25:13+00:00\",\"mainEntityOfPage\":{\"@id\":\"https:\\\/\\\/haberkuzey.com\\\/index.php\\\/2026\\\/03\\\/04\\\/hayvancilik-ve-sut-sektoru-tarihin-en-agir-krizlerinden-birini-yasiyor-uretici-caresiz-birakildi\\\/\"},\"wordCount\":651,\"commentCount\":0,\"image\":{\"@id\":\"https:\\\/\\\/haberkuzey.com\\\/index.php\\\/2026\\\/03\\\/04\\\/hayvancilik-ve-sut-sektoru-tarihin-en-agir-krizlerinden-birini-yasiyor-uretici-caresiz-birakildi\\\/#primaryimage\"},\"thumbnailUrl\":\"https:\\\/\\\/haberkuzey.com\\\/wp-content\\\/uploads\\\/2026\\\/03\\\/IMG_5736.webp.webp\",\"articleSection\":[\"K\u0131br\u0131s\"],\"inLanguage\":\"tr\",\"potentialAction\":[{\"@type\":\"CommentAction\",\"name\":\"Comment\",\"target\":[\"https:\\\/\\\/haberkuzey.com\\\/index.php\\\/2026\\\/03\\\/04\\\/hayvancilik-ve-sut-sektoru-tarihin-en-agir-krizlerinden-birini-yasiyor-uretici-caresiz-birakildi\\\/#respond\"]}]},{\"@type\":\"WebPage\",\"@id\":\"https:\\\/\\\/haberkuzey.com\\\/index.php\\\/2026\\\/03\\\/04\\\/hayvancilik-ve-sut-sektoru-tarihin-en-agir-krizlerinden-birini-yasiyor-uretici-caresiz-birakildi\\\/\",\"url\":\"https:\\\/\\\/haberkuzey.com\\\/index.php\\\/2026\\\/03\\\/04\\\/hayvancilik-ve-sut-sektoru-tarihin-en-agir-krizlerinden-birini-yasiyor-uretici-caresiz-birakildi\\\/\",\"name\":\"Hayvanc\u0131l\u0131k ve s\u00fct sekt\u00f6r\u00fc tarihin en a\u011f\u0131r krizlerinden birini ya\u015f\u0131yor; \u00fcretici \u00e7aresiz b\u0131rak\u0131ld\u0131 - Haber Kuzey\",\"isPartOf\":{\"@id\":\"https:\\\/\\\/haberkuzey.com\\\/#website\"},\"primaryImageOfPage\":{\"@id\":\"https:\\\/\\\/haberkuzey.com\\\/index.php\\\/2026\\\/03\\\/04\\\/hayvancilik-ve-sut-sektoru-tarihin-en-agir-krizlerinden-birini-yasiyor-uretici-caresiz-birakildi\\\/#primaryimage\"},\"image\":{\"@id\":\"https:\\\/\\\/haberkuzey.com\\\/index.php\\\/2026\\\/03\\\/04\\\/hayvancilik-ve-sut-sektoru-tarihin-en-agir-krizlerinden-birini-yasiyor-uretici-caresiz-birakildi\\\/#primaryimage\"},\"thumbnailUrl\":\"https:\\\/\\\/haberkuzey.com\\\/wp-content\\\/uploads\\\/2026\\\/03\\\/IMG_5736.webp.webp\",\"datePublished\":\"2026-03-04T12:25:13+00:00\",\"author\":{\"@id\":\"https:\\\/\\\/haberkuzey.com\\\/#\\\/schema\\\/person\\\/3372109ec735f9333f4fa47ebb9605ca\"},\"breadcrumb\":{\"@id\":\"https:\\\/\\\/haberkuzey.com\\\/index.php\\\/2026\\\/03\\\/04\\\/hayvancilik-ve-sut-sektoru-tarihin-en-agir-krizlerinden-birini-yasiyor-uretici-caresiz-birakildi\\\/#breadcrumb\"},\"inLanguage\":\"tr\",\"potentialAction\":[{\"@type\":\"ReadAction\",\"target\":[\"https:\\\/\\\/haberkuzey.com\\\/index.php\\\/2026\\\/03\\\/04\\\/hayvancilik-ve-sut-sektoru-tarihin-en-agir-krizlerinden-birini-yasiyor-uretici-caresiz-birakildi\\\/\"]}]},{\"@type\":\"ImageObject\",\"inLanguage\":\"tr\",\"@id\":\"https:\\\/\\\/haberkuzey.com\\\/index.php\\\/2026\\\/03\\\/04\\\/hayvancilik-ve-sut-sektoru-tarihin-en-agir-krizlerinden-birini-yasiyor-uretici-caresiz-birakildi\\\/#primaryimage\",\"url\":\"https:\\\/\\\/haberkuzey.com\\\/wp-content\\\/uploads\\\/2026\\\/03\\\/IMG_5736.webp.webp\",\"contentUrl\":\"https:\\\/\\\/haberkuzey.com\\\/wp-content\\\/uploads\\\/2026\\\/03\\\/IMG_5736.webp.webp\",\"width\":971,\"height\":551},{\"@type\":\"BreadcrumbList\",\"@id\":\"https:\\\/\\\/haberkuzey.com\\\/index.php\\\/2026\\\/03\\\/04\\\/hayvancilik-ve-sut-sektoru-tarihin-en-agir-krizlerinden-birini-yasiyor-uretici-caresiz-birakildi\\\/#breadcrumb\",\"itemListElement\":[{\"@type\":\"ListItem\",\"position\":1,\"name\":\"Anasayfa\",\"item\":\"https:\\\/\\\/haberkuzey.com\\\/\"},{\"@type\":\"ListItem\",\"position\":2,\"name\":\"Hayvanc\u0131l\u0131k ve s\u00fct sekt\u00f6r\u00fc tarihin en a\u011f\u0131r krizlerinden birini ya\u015f\u0131yor; \u00fcretici \u00e7aresiz b\u0131rak\u0131ld\u0131\"}]},{\"@type\":\"WebSite\",\"@id\":\"https:\\\/\\\/haberkuzey.com\\\/#website\",\"url\":\"https:\\\/\\\/haberkuzey.com\\\/\",\"name\":\"Haber Kuzey\",\"description\":\"Do\u011fru Haberin Adresi\",\"potentialAction\":[{\"@type\":\"SearchAction\",\"target\":{\"@type\":\"EntryPoint\",\"urlTemplate\":\"https:\\\/\\\/haberkuzey.com\\\/?s={search_term_string}\"},\"query-input\":{\"@type\":\"PropertyValueSpecification\",\"valueRequired\":true,\"valueName\":\"search_term_string\"}}],\"inLanguage\":\"tr\"},{\"@type\":\"Person\",\"@id\":\"https:\\\/\\\/haberkuzey.com\\\/#\\\/schema\\\/person\\\/3372109ec735f9333f4fa47ebb9605ca\",\"name\":\"haberkuzey\",\"image\":{\"@type\":\"ImageObject\",\"inLanguage\":\"tr\",\"@id\":\"https:\\\/\\\/secure.gravatar.com\\\/avatar\\\/f5fc875574b1575324358c3b9e6a32b8227aa5b74f3fa22e3cadb63e26fcc39c?s=96&d=mm&r=g\",\"url\":\"https:\\\/\\\/secure.gravatar.com\\\/avatar\\\/f5fc875574b1575324358c3b9e6a32b8227aa5b74f3fa22e3cadb63e26fcc39c?s=96&d=mm&r=g\",\"contentUrl\":\"https:\\\/\\\/secure.gravatar.com\\\/avatar\\\/f5fc875574b1575324358c3b9e6a32b8227aa5b74f3fa22e3cadb63e26fcc39c?s=96&d=mm&r=g\",\"caption\":\"haberkuzey\"},\"sameAs\":[\"https:\\\/\\\/haberkuzey.com\"],\"url\":\"https:\\\/\\\/haberkuzey.com\\\/index.php\\\/author\\\/haberkuzey\\\/\"}]}<\/script>\n<!-- \/ Yoast SEO plugin. -->","yoast_head_json":{"title":"Hayvanc\u0131l\u0131k ve s\u00fct sekt\u00f6r\u00fc tarihin en a\u011f\u0131r krizlerinden birini ya\u015f\u0131yor; \u00fcretici \u00e7aresiz b\u0131rak\u0131ld\u0131 - Haber Kuzey","robots":{"index":"index","follow":"follow","max-snippet":"max-snippet:-1","max-image-preview":"max-image-preview:large","max-video-preview":"max-video-preview:-1"},"canonical":"https:\/\/haberkuzey.com\/index.php\/2026\/03\/04\/hayvancilik-ve-sut-sektoru-tarihin-en-agir-krizlerinden-birini-yasiyor-uretici-caresiz-birakildi\/","og_locale":"tr_TR","og_type":"article","og_title":"Hayvanc\u0131l\u0131k ve s\u00fct sekt\u00f6r\u00fc tarihin en a\u011f\u0131r krizlerinden birini ya\u015f\u0131yor; \u00fcretici \u00e7aresiz b\u0131rak\u0131ld\u0131 - Haber Kuzey","og_description":"Cumhuriyet\u00e7i T\u00fcrk Partisi (CTP) Milletvekili Fide K\u00fcr\u015fat, \u00fcretim sekt\u00f6r\u00fcn\u00fcn \u00e7\u00f6k\u00fc\u015f noktas\u0131na geldi\u011fini ifade ederek, hayvanc\u0131l\u0131k ve \u00f6zellikle s\u00fct sekt\u00f6r\u00fcn\u00fcn tarihinin en a\u011f\u0131r krizlerinden birini ya\u015fad\u0131\u011f\u0131n\u0131 kaydetti. K\u00fcr\u015fat, gelinen noktada \u00fcreticinin yaln\u0131z, \u00e7aresiz ve kaderine terk edildi\u011fini belirterek, girdi maliyetlerinin kontrols\u00fcz \u015fekilde artt\u0131\u011f\u0131n\u0131 vurgulad\u0131. Yem, enerji, su, i\u015f\u00e7ilik, mazot ve zirai ila\u00e7 fiyatlar\u0131n\u0131n katlanarak y\u00fckseldi\u011fini ifade [&hellip;]","og_url":"https:\/\/haberkuzey.com\/index.php\/2026\/03\/04\/hayvancilik-ve-sut-sektoru-tarihin-en-agir-krizlerinden-birini-yasiyor-uretici-caresiz-birakildi\/","og_site_name":"Haber Kuzey","article_published_time":"2026-03-04T12:25:13+00:00","author":"haberkuzey","twitter_card":"summary_large_image","twitter_misc":{"Yazan:":"haberkuzey","Tahmini okuma s\u00fcresi":"3 dakika"},"schema":{"@context":"https:\/\/schema.org","@graph":[{"@type":"Article","@id":"https:\/\/haberkuzey.com\/index.php\/2026\/03\/04\/hayvancilik-ve-sut-sektoru-tarihin-en-agir-krizlerinden-birini-yasiyor-uretici-caresiz-birakildi\/#article","isPartOf":{"@id":"https:\/\/haberkuzey.com\/index.php\/2026\/03\/04\/hayvancilik-ve-sut-sektoru-tarihin-en-agir-krizlerinden-birini-yasiyor-uretici-caresiz-birakildi\/"},"author":{"name":"haberkuzey","@id":"https:\/\/haberkuzey.com\/#\/schema\/person\/3372109ec735f9333f4fa47ebb9605ca"},"headline":"Hayvanc\u0131l\u0131k ve s\u00fct sekt\u00f6r\u00fc tarihin en a\u011f\u0131r krizlerinden birini ya\u015f\u0131yor; \u00fcretici \u00e7aresiz b\u0131rak\u0131ld\u0131","datePublished":"2026-03-04T12:25:13+00:00","mainEntityOfPage":{"@id":"https:\/\/haberkuzey.com\/index.php\/2026\/03\/04\/hayvancilik-ve-sut-sektoru-tarihin-en-agir-krizlerinden-birini-yasiyor-uretici-caresiz-birakildi\/"},"wordCount":651,"commentCount":0,"image":{"@id":"https:\/\/haberkuzey.com\/index.php\/2026\/03\/04\/hayvancilik-ve-sut-sektoru-tarihin-en-agir-krizlerinden-birini-yasiyor-uretici-caresiz-birakildi\/#primaryimage"},"thumbnailUrl":"https:\/\/haberkuzey.com\/wp-content\/uploads\/2026\/03\/IMG_5736.webp.webp","articleSection":["K\u0131br\u0131s"],"inLanguage":"tr","potentialAction":[{"@type":"CommentAction","name":"Comment","target":["https:\/\/haberkuzey.com\/index.php\/2026\/03\/04\/hayvancilik-ve-sut-sektoru-tarihin-en-agir-krizlerinden-birini-yasiyor-uretici-caresiz-birakildi\/#respond"]}]},{"@type":"WebPage","@id":"https:\/\/haberkuzey.com\/index.php\/2026\/03\/04\/hayvancilik-ve-sut-sektoru-tarihin-en-agir-krizlerinden-birini-yasiyor-uretici-caresiz-birakildi\/","url":"https:\/\/haberkuzey.com\/index.php\/2026\/03\/04\/hayvancilik-ve-sut-sektoru-tarihin-en-agir-krizlerinden-birini-yasiyor-uretici-caresiz-birakildi\/","name":"Hayvanc\u0131l\u0131k ve s\u00fct sekt\u00f6r\u00fc tarihin en a\u011f\u0131r krizlerinden birini ya\u015f\u0131yor; \u00fcretici \u00e7aresiz b\u0131rak\u0131ld\u0131 - Haber Kuzey","isPartOf":{"@id":"https:\/\/haberkuzey.com\/#website"},"primaryImageOfPage":{"@id":"https:\/\/haberkuzey.com\/index.php\/2026\/03\/04\/hayvancilik-ve-sut-sektoru-tarihin-en-agir-krizlerinden-birini-yasiyor-uretici-caresiz-birakildi\/#primaryimage"},"image":{"@id":"https:\/\/haberkuzey.com\/index.php\/2026\/03\/04\/hayvancilik-ve-sut-sektoru-tarihin-en-agir-krizlerinden-birini-yasiyor-uretici-caresiz-birakildi\/#primaryimage"},"thumbnailUrl":"https:\/\/haberkuzey.com\/wp-content\/uploads\/2026\/03\/IMG_5736.webp.webp","datePublished":"2026-03-04T12:25:13+00:00","author":{"@id":"https:\/\/haberkuzey.com\/#\/schema\/person\/3372109ec735f9333f4fa47ebb9605ca"},"breadcrumb":{"@id":"https:\/\/haberkuzey.com\/index.php\/2026\/03\/04\/hayvancilik-ve-sut-sektoru-tarihin-en-agir-krizlerinden-birini-yasiyor-uretici-caresiz-birakildi\/#breadcrumb"},"inLanguage":"tr","potentialAction":[{"@type":"ReadAction","target":["https:\/\/haberkuzey.com\/index.php\/2026\/03\/04\/hayvancilik-ve-sut-sektoru-tarihin-en-agir-krizlerinden-birini-yasiyor-uretici-caresiz-birakildi\/"]}]},{"@type":"ImageObject","inLanguage":"tr","@id":"https:\/\/haberkuzey.com\/index.php\/2026\/03\/04\/hayvancilik-ve-sut-sektoru-tarihin-en-agir-krizlerinden-birini-yasiyor-uretici-caresiz-birakildi\/#primaryimage","url":"https:\/\/haberkuzey.com\/wp-content\/uploads\/2026\/03\/IMG_5736.webp.webp","contentUrl":"https:\/\/haberkuzey.com\/wp-content\/uploads\/2026\/03\/IMG_5736.webp.webp","width":971,"height":551},{"@type":"BreadcrumbList","@id":"https:\/\/haberkuzey.com\/index.php\/2026\/03\/04\/hayvancilik-ve-sut-sektoru-tarihin-en-agir-krizlerinden-birini-yasiyor-uretici-caresiz-birakildi\/#breadcrumb","itemListElement":[{"@type":"ListItem","position":1,"name":"Anasayfa","item":"https:\/\/haberkuzey.com\/"},{"@type":"ListItem","position":2,"name":"Hayvanc\u0131l\u0131k ve s\u00fct sekt\u00f6r\u00fc tarihin en a\u011f\u0131r krizlerinden birini ya\u015f\u0131yor; \u00fcretici \u00e7aresiz b\u0131rak\u0131ld\u0131"}]},{"@type":"WebSite","@id":"https:\/\/haberkuzey.com\/#website","url":"https:\/\/haberkuzey.com\/","name":"Haber Kuzey","description":"Do\u011fru Haberin Adresi","potentialAction":[{"@type":"SearchAction","target":{"@type":"EntryPoint","urlTemplate":"https:\/\/haberkuzey.com\/?s={search_term_string}"},"query-input":{"@type":"PropertyValueSpecification","valueRequired":true,"valueName":"search_term_string"}}],"inLanguage":"tr"},{"@type":"Person","@id":"https:\/\/haberkuzey.com\/#\/schema\/person\/3372109ec735f9333f4fa47ebb9605ca","name":"haberkuzey","image":{"@type":"ImageObject","inLanguage":"tr","@id":"https:\/\/secure.gravatar.com\/avatar\/f5fc875574b1575324358c3b9e6a32b8227aa5b74f3fa22e3cadb63e26fcc39c?s=96&d=mm&r=g","url":"https:\/\/secure.gravatar.com\/avatar\/f5fc875574b1575324358c3b9e6a32b8227aa5b74f3fa22e3cadb63e26fcc39c?s=96&d=mm&r=g","contentUrl":"https:\/\/secure.gravatar.com\/avatar\/f5fc875574b1575324358c3b9e6a32b8227aa5b74f3fa22e3cadb63e26fcc39c?s=96&d=mm&r=g","caption":"haberkuzey"},"sameAs":["https:\/\/haberkuzey.com"],"url":"https:\/\/haberkuzey.com\/index.php\/author\/haberkuzey\/"}]}},"_links":{"self":[{"href":"https:\/\/haberkuzey.com\/index.php\/wp-json\/wp\/v2\/posts\/34984","targetHints":{"allow":["GET"]}}],"collection":[{"href":"https:\/\/haberkuzey.com\/index.php\/wp-json\/wp\/v2\/posts"}],"about":[{"href":"https:\/\/haberkuzey.com\/index.php\/wp-json\/wp\/v2\/types\/post"}],"author":[{"embeddable":true,"href":"https:\/\/haberkuzey.com\/index.php\/wp-json\/wp\/v2\/users\/1"}],"replies":[{"embeddable":true,"href":"https:\/\/haberkuzey.com\/index.php\/wp-json\/wp\/v2\/comments?post=34984"}],"version-history":[{"count":0,"href":"https:\/\/haberkuzey.com\/index.php\/wp-json\/wp\/v2\/posts\/34984\/revisions"}],"wp:featuredmedia":[{"embeddable":true,"href":"https:\/\/haberkuzey.com\/index.php\/wp-json\/wp\/v2\/media\/34985"}],"wp:attachment":[{"href":"https:\/\/haberkuzey.com\/index.php\/wp-json\/wp\/v2\/media?parent=34984"}],"wp:term":[{"taxonomy":"category","embeddable":true,"href":"https:\/\/haberkuzey.com\/index.php\/wp-json\/wp\/v2\/categories?post=34984"},{"taxonomy":"post_tag","embeddable":true,"href":"https:\/\/haberkuzey.com\/index.php\/wp-json\/wp\/v2\/tags?post=34984"}],"curies":[{"name":"wp","href":"https:\/\/api.w.org\/{rel}","templated":true}]}}