{"id":34980,"date":"2026-03-04T10:59:29","date_gmt":"2026-03-04T08:59:29","guid":{"rendered":"https:\/\/haberkuzey.com\/index.php\/2026\/03\/04\/kibrisa-yoneldigi-dusunulen-2-iha-yunan-f-16lari-tarafindan-lubnan-hava-sahasinda-vuruldu\/"},"modified":"2026-03-04T10:59:29","modified_gmt":"2026-03-04T08:59:29","slug":"kibrisa-yoneldigi-dusunulen-2-iha-yunan-f-16lari-tarafindan-lubnan-hava-sahasinda-vuruldu","status":"publish","type":"post","link":"https:\/\/haberkuzey.com\/index.php\/2026\/03\/04\/kibrisa-yoneldigi-dusunulen-2-iha-yunan-f-16lari-tarafindan-lubnan-hava-sahasinda-vuruldu\/","title":{"rendered":"K\u0131br\u0131s\u2019a y\u00f6neldi\u011fi d\u00fc\u015f\u00fcn\u00fclen 2 \u0130HA, Yunan F-16\u2019lar\u0131 taraf\u0131ndan L\u00fcbnan hava sahas\u0131nda vuruldu"},"content":{"rendered":"<p>G\u00fcney K\u0131br\u0131s\u2019ta bug\u00fcn sabah saatlerinde K\u0131br\u0131s\u2019a do\u011fru ilerledi\u011fi de\u011ferlendirilen \u015f\u00fcpheli bir hava arac\u0131 nedeniyle k\u0131sa s\u00fcreli hava g\u00fcvenli\u011fi alarm\u0131 verildi.<\/p>\n<p>Rum devlet radyosu CyBC\u2019nin aktard\u0131\u011f\u0131na g\u00f6re alarm saat 09.30 s\u0131ralar\u0131nda, L\u00fcbnan hava sahas\u0131 yak\u0131nlar\u0131nda tespit edilen ve K\u0131br\u0131s y\u00f6n\u00fcne ilerledi\u011fi de\u011ferlendirilen bir cisimle ilgili al\u0131nan bilgiler \u00fczerine devreye girdi.<\/p>\n<p>Olay\u0131n ard\u0131ndan Baf\u2019taki \u201cAndreas Papandreou\u201d hava \u00fcss\u00fcnden Yunanistan\u2019a ait iki F-16 sava\u015f u\u00e7a\u011f\u0131 havaland\u0131. Yunan bas\u0131n\u0131nda yer alan haberlere g\u00f6re F-16\u2019lar, K\u0131br\u0131s hava sahas\u0131na girmeden \u00f6nce L\u00fcbnan hava sahas\u0131nda bir insans\u0131z hava arac\u0131n\u0131 \u00f6nledi. Yetkililer \u00f6nleme operasyonunun muhtemelen iki drone\u2019a y\u00f6nelik ger\u00e7ekle\u015ftirildi\u011fini belirtti.<\/p>\n<p>Ya\u015fanan geli\u015fmeler \u00fczerine Rum y\u00f6netimi Ulusal G\u00fcvenlik Konseyi\u2019ni ola\u011fan\u00fcst\u00fc toplant\u0131ya \u00e7a\u011f\u0131rd\u0131.<\/p>\n<p>G\u00fcvenlik \u00f6nlemleri kapsam\u0131nda K\u0131br\u0131s hava sahas\u0131 k\u0131sa s\u00fcreli\u011fine kapat\u0131l\u0131rken, Atina\u2019dan Larnaka\u2019ya gitmekte olan bir yolcu u\u00e7a\u011f\u0131n\u0131n da Atina\u2019ya geri d\u00f6nd\u00fcr\u00fcld\u00fc\u011f\u00fc bildirildi.<\/p>\n<p>Alarm saat 10.00\u2019dan k\u0131sa s\u00fcre \u00f6nce sona erdi ve K\u0131br\u0131s hava sahas\u0131 yeniden u\u00e7u\u015flara a\u00e7\u0131ld\u0131. Rum h\u00fck\u00fcmet s\u00f6zc\u00fcl\u00fc\u011f\u00fc, olayla ilgili incelemenin s\u00fcrd\u00fc\u011f\u00fcn\u00fc ve geli\u015fmeler hakk\u0131nda daha sonra bilgilendirme yap\u0131laca\u011f\u0131n\u0131 a\u00e7\u0131klad\u0131.<\/p>\n<p>K\u0131br\u0131s&#8217;a y\u00f6neldi\u011fi d\u00fc\u015f\u00fcn\u00fclen 2 \u0130HA, Yunan F-16&#8217;lar\u0131 taraf\u0131ndan L\u00fcbnan hava sahas\u0131nda vuruldu yaz\u0131s\u0131 ilk \u00f6nce K\u0131br\u0131s Hakikat \u00fczerinde ortaya \u00e7\u0131kt\u0131.<\/p>\n","protected":false},"excerpt":{"rendered":"<p>G\u00fcney K\u0131br\u0131s\u2019ta bug\u00fcn sabah saatlerinde K\u0131br\u0131s\u2019a do\u011fru ilerledi\u011fi de\u011ferlendirilen \u015f\u00fcpheli bir hava arac\u0131 nedeniyle k\u0131sa s\u00fcreli hava g\u00fcvenli\u011fi alarm\u0131 verildi. Rum devlet radyosu CyBC\u2019nin aktard\u0131\u011f\u0131na g\u00f6re alarm saat 09.30 s\u0131ralar\u0131nda, L\u00fcbnan hava sahas\u0131 yak\u0131nlar\u0131nda tespit edilen ve K\u0131br\u0131s y\u00f6n\u00fcne ilerledi\u011fi de\u011ferlendirilen bir cisimle ilgili al\u0131nan bilgiler \u00fczerine devreye girdi. Olay\u0131n ard\u0131ndan Baf\u2019taki \u201cAndreas Papandreou\u201d hava [&hellip;]<\/p>\n","protected":false},"author":1,"featured_media":34981,"comment_status":"open","ping_status":"open","sticky":false,"template":"","format":"standard","meta":{"jnews-multi-image_gallery":[],"jnews_single_post":[],"jnews_primary_category":[],"footnotes":""},"categories":[1],"tags":[],"class_list":["post-34980","post","type-post","status-publish","format-standard","has-post-thumbnail","hentry","category-kibris"],"yoast_head":"<!-- This site is optimized with the Yoast SEO plugin v27.5 - https:\/\/yoast.com\/product\/yoast-seo-wordpress\/ -->\n<title>K\u0131br\u0131s\u2019a y\u00f6neldi\u011fi d\u00fc\u015f\u00fcn\u00fclen 2 \u0130HA, Yunan F-16\u2019lar\u0131 taraf\u0131ndan L\u00fcbnan hava sahas\u0131nda vuruldu - Haber Kuzey<\/title>\n<meta name=\"robots\" content=\"index, follow, max-snippet:-1, max-image-preview:large, max-video-preview:-1\" \/>\n<link rel=\"canonical\" href=\"https:\/\/haberkuzey.com\/index.php\/2026\/03\/04\/kibrisa-yoneldigi-dusunulen-2-iha-yunan-f-16lari-tarafindan-lubnan-hava-sahasinda-vuruldu\/\" \/>\n<meta property=\"og:locale\" content=\"tr_TR\" \/>\n<meta property=\"og:type\" content=\"article\" \/>\n<meta property=\"og:title\" content=\"K\u0131br\u0131s\u2019a y\u00f6neldi\u011fi d\u00fc\u015f\u00fcn\u00fclen 2 \u0130HA, Yunan F-16\u2019lar\u0131 taraf\u0131ndan L\u00fcbnan hava sahas\u0131nda vuruldu - Haber Kuzey\" \/>\n<meta property=\"og:description\" content=\"G\u00fcney K\u0131br\u0131s\u2019ta bug\u00fcn sabah saatlerinde K\u0131br\u0131s\u2019a do\u011fru ilerledi\u011fi de\u011ferlendirilen \u015f\u00fcpheli bir hava arac\u0131 nedeniyle k\u0131sa s\u00fcreli hava g\u00fcvenli\u011fi alarm\u0131 verildi. Rum devlet radyosu CyBC\u2019nin aktard\u0131\u011f\u0131na g\u00f6re alarm saat 09.30 s\u0131ralar\u0131nda, L\u00fcbnan hava sahas\u0131 yak\u0131nlar\u0131nda tespit edilen ve K\u0131br\u0131s y\u00f6n\u00fcne ilerledi\u011fi de\u011ferlendirilen bir cisimle ilgili al\u0131nan bilgiler \u00fczerine devreye girdi. Olay\u0131n ard\u0131ndan Baf\u2019taki \u201cAndreas Papandreou\u201d hava [&hellip;]\" \/>\n<meta property=\"og:url\" content=\"https:\/\/haberkuzey.com\/index.php\/2026\/03\/04\/kibrisa-yoneldigi-dusunulen-2-iha-yunan-f-16lari-tarafindan-lubnan-hava-sahasinda-vuruldu\/\" \/>\n<meta property=\"og:site_name\" content=\"Haber Kuzey\" \/>\n<meta property=\"article:published_time\" content=\"2026-03-04T08:59:29+00:00\" \/>\n<meta name=\"author\" content=\"haberkuzey\" \/>\n<meta name=\"twitter:card\" content=\"summary_large_image\" \/>\n<meta name=\"twitter:label1\" content=\"Yazan:\" \/>\n\t<meta name=\"twitter:data1\" content=\"haberkuzey\" \/>\n\t<meta name=\"twitter:label2\" content=\"Tahmini okuma s\u00fcresi\" \/>\n\t<meta name=\"twitter:data2\" content=\"1 dakika\" \/>\n<script type=\"application\/ld+json\" class=\"yoast-schema-graph\">{\"@context\":\"https:\\\/\\\/schema.org\",\"@graph\":[{\"@type\":\"Article\",\"@id\":\"https:\\\/\\\/haberkuzey.com\\\/index.php\\\/2026\\\/03\\\/04\\\/kibrisa-yoneldigi-dusunulen-2-iha-yunan-f-16lari-tarafindan-lubnan-hava-sahasinda-vuruldu\\\/#article\",\"isPartOf\":{\"@id\":\"https:\\\/\\\/haberkuzey.com\\\/index.php\\\/2026\\\/03\\\/04\\\/kibrisa-yoneldigi-dusunulen-2-iha-yunan-f-16lari-tarafindan-lubnan-hava-sahasinda-vuruldu\\\/\"},\"author\":{\"name\":\"haberkuzey\",\"@id\":\"https:\\\/\\\/haberkuzey.com\\\/#\\\/schema\\\/person\\\/3372109ec735f9333f4fa47ebb9605ca\"},\"headline\":\"K\u0131br\u0131s\u2019a y\u00f6neldi\u011fi d\u00fc\u015f\u00fcn\u00fclen 2 \u0130HA, Yunan F-16\u2019lar\u0131 taraf\u0131ndan L\u00fcbnan hava sahas\u0131nda vuruldu\",\"datePublished\":\"2026-03-04T08:59:29+00:00\",\"mainEntityOfPage\":{\"@id\":\"https:\\\/\\\/haberkuzey.com\\\/index.php\\\/2026\\\/03\\\/04\\\/kibrisa-yoneldigi-dusunulen-2-iha-yunan-f-16lari-tarafindan-lubnan-hava-sahasinda-vuruldu\\\/\"},\"wordCount\":305,\"commentCount\":0,\"image\":{\"@id\":\"https:\\\/\\\/haberkuzey.com\\\/index.php\\\/2026\\\/03\\\/04\\\/kibrisa-yoneldigi-dusunulen-2-iha-yunan-f-16lari-tarafindan-lubnan-hava-sahasinda-vuruldu\\\/#primaryimage\"},\"thumbnailUrl\":\"https:\\\/\\\/haberkuzey.com\\\/wp-content\\\/uploads\\\/2026\\\/03\\\/IMG_7847.jpeg\",\"articleSection\":[\"K\u0131br\u0131s\"],\"inLanguage\":\"tr\",\"potentialAction\":[{\"@type\":\"CommentAction\",\"name\":\"Comment\",\"target\":[\"https:\\\/\\\/haberkuzey.com\\\/index.php\\\/2026\\\/03\\\/04\\\/kibrisa-yoneldigi-dusunulen-2-iha-yunan-f-16lari-tarafindan-lubnan-hava-sahasinda-vuruldu\\\/#respond\"]}]},{\"@type\":\"WebPage\",\"@id\":\"https:\\\/\\\/haberkuzey.com\\\/index.php\\\/2026\\\/03\\\/04\\\/kibrisa-yoneldigi-dusunulen-2-iha-yunan-f-16lari-tarafindan-lubnan-hava-sahasinda-vuruldu\\\/\",\"url\":\"https:\\\/\\\/haberkuzey.com\\\/index.php\\\/2026\\\/03\\\/04\\\/kibrisa-yoneldigi-dusunulen-2-iha-yunan-f-16lari-tarafindan-lubnan-hava-sahasinda-vuruldu\\\/\",\"name\":\"K\u0131br\u0131s\u2019a y\u00f6neldi\u011fi d\u00fc\u015f\u00fcn\u00fclen 2 \u0130HA, Yunan F-16\u2019lar\u0131 taraf\u0131ndan L\u00fcbnan hava sahas\u0131nda vuruldu - Haber Kuzey\",\"isPartOf\":{\"@id\":\"https:\\\/\\\/haberkuzey.com\\\/#website\"},\"primaryImageOfPage\":{\"@id\":\"https:\\\/\\\/haberkuzey.com\\\/index.php\\\/2026\\\/03\\\/04\\\/kibrisa-yoneldigi-dusunulen-2-iha-yunan-f-16lari-tarafindan-lubnan-hava-sahasinda-vuruldu\\\/#primaryimage\"},\"image\":{\"@id\":\"https:\\\/\\\/haberkuzey.com\\\/index.php\\\/2026\\\/03\\\/04\\\/kibrisa-yoneldigi-dusunulen-2-iha-yunan-f-16lari-tarafindan-lubnan-hava-sahasinda-vuruldu\\\/#primaryimage\"},\"thumbnailUrl\":\"https:\\\/\\\/haberkuzey.com\\\/wp-content\\\/uploads\\\/2026\\\/03\\\/IMG_7847.jpeg\",\"datePublished\":\"2026-03-04T08:59:29+00:00\",\"author\":{\"@id\":\"https:\\\/\\\/haberkuzey.com\\\/#\\\/schema\\\/person\\\/3372109ec735f9333f4fa47ebb9605ca\"},\"breadcrumb\":{\"@id\":\"https:\\\/\\\/haberkuzey.com\\\/index.php\\\/2026\\\/03\\\/04\\\/kibrisa-yoneldigi-dusunulen-2-iha-yunan-f-16lari-tarafindan-lubnan-hava-sahasinda-vuruldu\\\/#breadcrumb\"},\"inLanguage\":\"tr\",\"potentialAction\":[{\"@type\":\"ReadAction\",\"target\":[\"https:\\\/\\\/haberkuzey.com\\\/index.php\\\/2026\\\/03\\\/04\\\/kibrisa-yoneldigi-dusunulen-2-iha-yunan-f-16lari-tarafindan-lubnan-hava-sahasinda-vuruldu\\\/\"]}]},{\"@type\":\"ImageObject\",\"inLanguage\":\"tr\",\"@id\":\"https:\\\/\\\/haberkuzey.com\\\/index.php\\\/2026\\\/03\\\/04\\\/kibrisa-yoneldigi-dusunulen-2-iha-yunan-f-16lari-tarafindan-lubnan-hava-sahasinda-vuruldu\\\/#primaryimage\",\"url\":\"https:\\\/\\\/haberkuzey.com\\\/wp-content\\\/uploads\\\/2026\\\/03\\\/IMG_7847.jpeg\",\"contentUrl\":\"https:\\\/\\\/haberkuzey.com\\\/wp-content\\\/uploads\\\/2026\\\/03\\\/IMG_7847.jpeg\",\"width\":958,\"height\":546},{\"@type\":\"BreadcrumbList\",\"@id\":\"https:\\\/\\\/haberkuzey.com\\\/index.php\\\/2026\\\/03\\\/04\\\/kibrisa-yoneldigi-dusunulen-2-iha-yunan-f-16lari-tarafindan-lubnan-hava-sahasinda-vuruldu\\\/#breadcrumb\",\"itemListElement\":[{\"@type\":\"ListItem\",\"position\":1,\"name\":\"Anasayfa\",\"item\":\"https:\\\/\\\/haberkuzey.com\\\/\"},{\"@type\":\"ListItem\",\"position\":2,\"name\":\"K\u0131br\u0131s\u2019a y\u00f6neldi\u011fi d\u00fc\u015f\u00fcn\u00fclen 2 \u0130HA, Yunan F-16\u2019lar\u0131 taraf\u0131ndan L\u00fcbnan hava sahas\u0131nda vuruldu\"}]},{\"@type\":\"WebSite\",\"@id\":\"https:\\\/\\\/haberkuzey.com\\\/#website\",\"url\":\"https:\\\/\\\/haberkuzey.com\\\/\",\"name\":\"Haber Kuzey\",\"description\":\"Do\u011fru Haberin Adresi\",\"potentialAction\":[{\"@type\":\"SearchAction\",\"target\":{\"@type\":\"EntryPoint\",\"urlTemplate\":\"https:\\\/\\\/haberkuzey.com\\\/?s={search_term_string}\"},\"query-input\":{\"@type\":\"PropertyValueSpecification\",\"valueRequired\":true,\"valueName\":\"search_term_string\"}}],\"inLanguage\":\"tr\"},{\"@type\":\"Person\",\"@id\":\"https:\\\/\\\/haberkuzey.com\\\/#\\\/schema\\\/person\\\/3372109ec735f9333f4fa47ebb9605ca\",\"name\":\"haberkuzey\",\"image\":{\"@type\":\"ImageObject\",\"inLanguage\":\"tr\",\"@id\":\"https:\\\/\\\/secure.gravatar.com\\\/avatar\\\/f5fc875574b1575324358c3b9e6a32b8227aa5b74f3fa22e3cadb63e26fcc39c?s=96&d=mm&r=g\",\"url\":\"https:\\\/\\\/secure.gravatar.com\\\/avatar\\\/f5fc875574b1575324358c3b9e6a32b8227aa5b74f3fa22e3cadb63e26fcc39c?s=96&d=mm&r=g\",\"contentUrl\":\"https:\\\/\\\/secure.gravatar.com\\\/avatar\\\/f5fc875574b1575324358c3b9e6a32b8227aa5b74f3fa22e3cadb63e26fcc39c?s=96&d=mm&r=g\",\"caption\":\"haberkuzey\"},\"sameAs\":[\"https:\\\/\\\/haberkuzey.com\"],\"url\":\"https:\\\/\\\/haberkuzey.com\\\/index.php\\\/author\\\/haberkuzey\\\/\"}]}<\/script>\n<!-- \/ Yoast SEO plugin. -->","yoast_head_json":{"title":"K\u0131br\u0131s\u2019a y\u00f6neldi\u011fi d\u00fc\u015f\u00fcn\u00fclen 2 \u0130HA, Yunan F-16\u2019lar\u0131 taraf\u0131ndan L\u00fcbnan hava sahas\u0131nda vuruldu - Haber Kuzey","robots":{"index":"index","follow":"follow","max-snippet":"max-snippet:-1","max-image-preview":"max-image-preview:large","max-video-preview":"max-video-preview:-1"},"canonical":"https:\/\/haberkuzey.com\/index.php\/2026\/03\/04\/kibrisa-yoneldigi-dusunulen-2-iha-yunan-f-16lari-tarafindan-lubnan-hava-sahasinda-vuruldu\/","og_locale":"tr_TR","og_type":"article","og_title":"K\u0131br\u0131s\u2019a y\u00f6neldi\u011fi d\u00fc\u015f\u00fcn\u00fclen 2 \u0130HA, Yunan F-16\u2019lar\u0131 taraf\u0131ndan L\u00fcbnan hava sahas\u0131nda vuruldu - Haber Kuzey","og_description":"G\u00fcney K\u0131br\u0131s\u2019ta bug\u00fcn sabah saatlerinde K\u0131br\u0131s\u2019a do\u011fru ilerledi\u011fi de\u011ferlendirilen \u015f\u00fcpheli bir hava arac\u0131 nedeniyle k\u0131sa s\u00fcreli hava g\u00fcvenli\u011fi alarm\u0131 verildi. Rum devlet radyosu CyBC\u2019nin aktard\u0131\u011f\u0131na g\u00f6re alarm saat 09.30 s\u0131ralar\u0131nda, L\u00fcbnan hava sahas\u0131 yak\u0131nlar\u0131nda tespit edilen ve K\u0131br\u0131s y\u00f6n\u00fcne ilerledi\u011fi de\u011ferlendirilen bir cisimle ilgili al\u0131nan bilgiler \u00fczerine devreye girdi. Olay\u0131n ard\u0131ndan Baf\u2019taki \u201cAndreas Papandreou\u201d hava [&hellip;]","og_url":"https:\/\/haberkuzey.com\/index.php\/2026\/03\/04\/kibrisa-yoneldigi-dusunulen-2-iha-yunan-f-16lari-tarafindan-lubnan-hava-sahasinda-vuruldu\/","og_site_name":"Haber Kuzey","article_published_time":"2026-03-04T08:59:29+00:00","author":"haberkuzey","twitter_card":"summary_large_image","twitter_misc":{"Yazan:":"haberkuzey","Tahmini okuma s\u00fcresi":"1 dakika"},"schema":{"@context":"https:\/\/schema.org","@graph":[{"@type":"Article","@id":"https:\/\/haberkuzey.com\/index.php\/2026\/03\/04\/kibrisa-yoneldigi-dusunulen-2-iha-yunan-f-16lari-tarafindan-lubnan-hava-sahasinda-vuruldu\/#article","isPartOf":{"@id":"https:\/\/haberkuzey.com\/index.php\/2026\/03\/04\/kibrisa-yoneldigi-dusunulen-2-iha-yunan-f-16lari-tarafindan-lubnan-hava-sahasinda-vuruldu\/"},"author":{"name":"haberkuzey","@id":"https:\/\/haberkuzey.com\/#\/schema\/person\/3372109ec735f9333f4fa47ebb9605ca"},"headline":"K\u0131br\u0131s\u2019a y\u00f6neldi\u011fi d\u00fc\u015f\u00fcn\u00fclen 2 \u0130HA, Yunan F-16\u2019lar\u0131 taraf\u0131ndan L\u00fcbnan hava sahas\u0131nda vuruldu","datePublished":"2026-03-04T08:59:29+00:00","mainEntityOfPage":{"@id":"https:\/\/haberkuzey.com\/index.php\/2026\/03\/04\/kibrisa-yoneldigi-dusunulen-2-iha-yunan-f-16lari-tarafindan-lubnan-hava-sahasinda-vuruldu\/"},"wordCount":305,"commentCount":0,"image":{"@id":"https:\/\/haberkuzey.com\/index.php\/2026\/03\/04\/kibrisa-yoneldigi-dusunulen-2-iha-yunan-f-16lari-tarafindan-lubnan-hava-sahasinda-vuruldu\/#primaryimage"},"thumbnailUrl":"https:\/\/haberkuzey.com\/wp-content\/uploads\/2026\/03\/IMG_7847.jpeg","articleSection":["K\u0131br\u0131s"],"inLanguage":"tr","potentialAction":[{"@type":"CommentAction","name":"Comment","target":["https:\/\/haberkuzey.com\/index.php\/2026\/03\/04\/kibrisa-yoneldigi-dusunulen-2-iha-yunan-f-16lari-tarafindan-lubnan-hava-sahasinda-vuruldu\/#respond"]}]},{"@type":"WebPage","@id":"https:\/\/haberkuzey.com\/index.php\/2026\/03\/04\/kibrisa-yoneldigi-dusunulen-2-iha-yunan-f-16lari-tarafindan-lubnan-hava-sahasinda-vuruldu\/","url":"https:\/\/haberkuzey.com\/index.php\/2026\/03\/04\/kibrisa-yoneldigi-dusunulen-2-iha-yunan-f-16lari-tarafindan-lubnan-hava-sahasinda-vuruldu\/","name":"K\u0131br\u0131s\u2019a y\u00f6neldi\u011fi d\u00fc\u015f\u00fcn\u00fclen 2 \u0130HA, Yunan F-16\u2019lar\u0131 taraf\u0131ndan L\u00fcbnan hava sahas\u0131nda vuruldu - Haber Kuzey","isPartOf":{"@id":"https:\/\/haberkuzey.com\/#website"},"primaryImageOfPage":{"@id":"https:\/\/haberkuzey.com\/index.php\/2026\/03\/04\/kibrisa-yoneldigi-dusunulen-2-iha-yunan-f-16lari-tarafindan-lubnan-hava-sahasinda-vuruldu\/#primaryimage"},"image":{"@id":"https:\/\/haberkuzey.com\/index.php\/2026\/03\/04\/kibrisa-yoneldigi-dusunulen-2-iha-yunan-f-16lari-tarafindan-lubnan-hava-sahasinda-vuruldu\/#primaryimage"},"thumbnailUrl":"https:\/\/haberkuzey.com\/wp-content\/uploads\/2026\/03\/IMG_7847.jpeg","datePublished":"2026-03-04T08:59:29+00:00","author":{"@id":"https:\/\/haberkuzey.com\/#\/schema\/person\/3372109ec735f9333f4fa47ebb9605ca"},"breadcrumb":{"@id":"https:\/\/haberkuzey.com\/index.php\/2026\/03\/04\/kibrisa-yoneldigi-dusunulen-2-iha-yunan-f-16lari-tarafindan-lubnan-hava-sahasinda-vuruldu\/#breadcrumb"},"inLanguage":"tr","potentialAction":[{"@type":"ReadAction","target":["https:\/\/haberkuzey.com\/index.php\/2026\/03\/04\/kibrisa-yoneldigi-dusunulen-2-iha-yunan-f-16lari-tarafindan-lubnan-hava-sahasinda-vuruldu\/"]}]},{"@type":"ImageObject","inLanguage":"tr","@id":"https:\/\/haberkuzey.com\/index.php\/2026\/03\/04\/kibrisa-yoneldigi-dusunulen-2-iha-yunan-f-16lari-tarafindan-lubnan-hava-sahasinda-vuruldu\/#primaryimage","url":"https:\/\/haberkuzey.com\/wp-content\/uploads\/2026\/03\/IMG_7847.jpeg","contentUrl":"https:\/\/haberkuzey.com\/wp-content\/uploads\/2026\/03\/IMG_7847.jpeg","width":958,"height":546},{"@type":"BreadcrumbList","@id":"https:\/\/haberkuzey.com\/index.php\/2026\/03\/04\/kibrisa-yoneldigi-dusunulen-2-iha-yunan-f-16lari-tarafindan-lubnan-hava-sahasinda-vuruldu\/#breadcrumb","itemListElement":[{"@type":"ListItem","position":1,"name":"Anasayfa","item":"https:\/\/haberkuzey.com\/"},{"@type":"ListItem","position":2,"name":"K\u0131br\u0131s\u2019a y\u00f6neldi\u011fi d\u00fc\u015f\u00fcn\u00fclen 2 \u0130HA, Yunan F-16\u2019lar\u0131 taraf\u0131ndan L\u00fcbnan hava sahas\u0131nda vuruldu"}]},{"@type":"WebSite","@id":"https:\/\/haberkuzey.com\/#website","url":"https:\/\/haberkuzey.com\/","name":"Haber Kuzey","description":"Do\u011fru Haberin Adresi","potentialAction":[{"@type":"SearchAction","target":{"@type":"EntryPoint","urlTemplate":"https:\/\/haberkuzey.com\/?s={search_term_string}"},"query-input":{"@type":"PropertyValueSpecification","valueRequired":true,"valueName":"search_term_string"}}],"inLanguage":"tr"},{"@type":"Person","@id":"https:\/\/haberkuzey.com\/#\/schema\/person\/3372109ec735f9333f4fa47ebb9605ca","name":"haberkuzey","image":{"@type":"ImageObject","inLanguage":"tr","@id":"https:\/\/secure.gravatar.com\/avatar\/f5fc875574b1575324358c3b9e6a32b8227aa5b74f3fa22e3cadb63e26fcc39c?s=96&d=mm&r=g","url":"https:\/\/secure.gravatar.com\/avatar\/f5fc875574b1575324358c3b9e6a32b8227aa5b74f3fa22e3cadb63e26fcc39c?s=96&d=mm&r=g","contentUrl":"https:\/\/secure.gravatar.com\/avatar\/f5fc875574b1575324358c3b9e6a32b8227aa5b74f3fa22e3cadb63e26fcc39c?s=96&d=mm&r=g","caption":"haberkuzey"},"sameAs":["https:\/\/haberkuzey.com"],"url":"https:\/\/haberkuzey.com\/index.php\/author\/haberkuzey\/"}]}},"_links":{"self":[{"href":"https:\/\/haberkuzey.com\/index.php\/wp-json\/wp\/v2\/posts\/34980","targetHints":{"allow":["GET"]}}],"collection":[{"href":"https:\/\/haberkuzey.com\/index.php\/wp-json\/wp\/v2\/posts"}],"about":[{"href":"https:\/\/haberkuzey.com\/index.php\/wp-json\/wp\/v2\/types\/post"}],"author":[{"embeddable":true,"href":"https:\/\/haberkuzey.com\/index.php\/wp-json\/wp\/v2\/users\/1"}],"replies":[{"embeddable":true,"href":"https:\/\/haberkuzey.com\/index.php\/wp-json\/wp\/v2\/comments?post=34980"}],"version-history":[{"count":0,"href":"https:\/\/haberkuzey.com\/index.php\/wp-json\/wp\/v2\/posts\/34980\/revisions"}],"wp:featuredmedia":[{"embeddable":true,"href":"https:\/\/haberkuzey.com\/index.php\/wp-json\/wp\/v2\/media\/34981"}],"wp:attachment":[{"href":"https:\/\/haberkuzey.com\/index.php\/wp-json\/wp\/v2\/media?parent=34980"}],"wp:term":[{"taxonomy":"category","embeddable":true,"href":"https:\/\/haberkuzey.com\/index.php\/wp-json\/wp\/v2\/categories?post=34980"},{"taxonomy":"post_tag","embeddable":true,"href":"https:\/\/haberkuzey.com\/index.php\/wp-json\/wp\/v2\/tags?post=34980"}],"curies":[{"name":"wp","href":"https:\/\/api.w.org\/{rel}","templated":true}]}}