{"id":34974,"date":"2026-03-03T18:08:46","date_gmt":"2026-03-03T16:08:46","guid":{"rendered":"https:\/\/haberkuzey.com\/index.php\/2026\/03\/03\/kibris-savasin-parcasi-yapilmamali\/"},"modified":"2026-03-03T18:08:46","modified_gmt":"2026-03-03T16:08:46","slug":"kibris-savasin-parcasi-yapilmamali","status":"publish","type":"post","link":"https:\/\/haberkuzey.com\/index.php\/2026\/03\/03\/kibris-savasin-parcasi-yapilmamali\/","title":{"rendered":"K\u0131br\u0131s Sava\u015f\u0131n Par\u00e7as\u0131 Yap\u0131lmamal\u0131"},"content":{"rendered":"<p>Cumhuriywr\u00e7i T\u00fcrk Partisi  Milletvekili As\u0131m Akansoy, Cumhuriyet Meclisi Genel Kurulu\u2019nda yapt\u0131\u011f\u0131 konu\u015fmada, b\u00f6lgede t\u0131rmanan sava\u015f\u0131n geni\u015fleme riski ta\u015f\u0131d\u0131\u011f\u0131na dikkat \u00e7ekerek K\u0131br\u0131s\u2019\u0131n yabanc\u0131 \u00fclkelerin \u00fcs politikalar\u0131 nedeniyle hedef haline getirilmemesi gerekti\u011fini vurgulad\u0131.<\/p>\n<p>ABD ve \u0130srail\u2019in \u0130ran\u2019a y\u00f6nelik sald\u0131r\u0131lar\u0131yla ba\u015flayan s\u00fcrecin yaln\u0131zca Ortado\u011fu\u2019yu de\u011fil, Do\u011fu Akdeniz\u2019i de etkiledi\u011fini belirten Akansoy, adan\u0131n jeostratejik konumu nedeniyle b\u00fcy\u00fck bir risk alt\u0131nda oldu\u011funu ifade etti. ABD, Fransa ve \u0130srail\u2019in K\u0131br\u0131s\u2019\u0131 \u00fcs olarak kullanmas\u0131na y\u00f6nelik giri\u015fimlerin kabul edilemez oldu\u011funu s\u00f6yleyen Akansoy, \u0130ngiltere\u2019nin adadaki askeri varl\u0131\u011f\u0131n\u0131 da ele\u015ftirdi.<\/p>\n<p>Sava\u015f\u0131n k\u0131sa vadeli olmayabilece\u011fini, kara harek\u00e2t\u0131 riskinin bulundu\u011funu kaydeden Akansoy, emperyalist m\u00fcdahalelere kar\u015f\u0131 diplomasinin savunulmas\u0131 gerekti\u011fini dile getirdi. T\u00fcrkiye D\u0131\u015fi\u015fleri Bakan\u0131 Hakan Fidan ile \u0130spanya Ba\u015fbakan\u0131 Pedro Sanchez\u2019in a\u00e7\u0131klamalar\u0131n\u0131n \u00f6nemine i\u015faret etti.<\/p>\n<p>Afet ve Acil Durum Komitesi ile Sivil Savunma\u2019n\u0131n aktif \u00e7al\u0131\u015fmas\u0131n\u0131n kritik oldu\u011funu belirten Akansoy, sa\u011fduyu ve toplumsal birlik \u00e7a\u011fr\u0131s\u0131 yapt\u0131. Rum lider Nikos Hristodulidis\u2019e seslenen Akansoy, sava\u015f politikalar\u0131yla kal\u0131c\u0131 bar\u0131\u015f\u0131n m\u00fcmk\u00fcn olmad\u0131\u011f\u0131n\u0131 s\u00f6yledi. \u0130ran halk\u0131n\u0131n yan\u0131nda olduklar\u0131n\u0131 ancak \u0130ran rejimini desteklemediklerini ifade etti.<\/p>\n<p>K\u0131br\u0131s Sava\u015f\u0131n Par\u00e7as\u0131 Yap\u0131lmamal\u0131 yaz\u0131s\u0131 ilk \u00f6nce K\u0131br\u0131s Hakikat \u00fczerinde ortaya \u00e7\u0131kt\u0131.<\/p>\n","protected":false},"excerpt":{"rendered":"<p>Cumhuriywr\u00e7i T\u00fcrk Partisi Milletvekili As\u0131m Akansoy, Cumhuriyet Meclisi Genel Kurulu\u2019nda yapt\u0131\u011f\u0131 konu\u015fmada, b\u00f6lgede t\u0131rmanan sava\u015f\u0131n geni\u015fleme riski ta\u015f\u0131d\u0131\u011f\u0131na dikkat \u00e7ekerek K\u0131br\u0131s\u2019\u0131n yabanc\u0131 \u00fclkelerin \u00fcs politikalar\u0131 nedeniyle hedef haline getirilmemesi gerekti\u011fini vurgulad\u0131. ABD ve \u0130srail\u2019in \u0130ran\u2019a y\u00f6nelik sald\u0131r\u0131lar\u0131yla ba\u015flayan s\u00fcrecin yaln\u0131zca Ortado\u011fu\u2019yu de\u011fil, Do\u011fu Akdeniz\u2019i de etkiledi\u011fini belirten Akansoy, adan\u0131n jeostratejik konumu nedeniyle b\u00fcy\u00fck bir risk [&hellip;]<\/p>\n","protected":false},"author":1,"featured_media":34975,"comment_status":"open","ping_status":"open","sticky":false,"template":"","format":"standard","meta":{"jnews-multi-image_gallery":[],"jnews_single_post":[],"jnews_primary_category":[],"footnotes":""},"categories":[1],"tags":[],"class_list":["post-34974","post","type-post","status-publish","format-standard","has-post-thumbnail","hentry","category-kibris"],"yoast_head":"<!-- This site is optimized with the Yoast SEO plugin v27.5 - https:\/\/yoast.com\/product\/yoast-seo-wordpress\/ -->\n<title>K\u0131br\u0131s Sava\u015f\u0131n Par\u00e7as\u0131 Yap\u0131lmamal\u0131 - Haber Kuzey<\/title>\n<meta name=\"robots\" content=\"index, follow, max-snippet:-1, max-image-preview:large, max-video-preview:-1\" \/>\n<link rel=\"canonical\" href=\"https:\/\/haberkuzey.com\/index.php\/2026\/03\/03\/kibris-savasin-parcasi-yapilmamali\/\" \/>\n<meta property=\"og:locale\" content=\"tr_TR\" \/>\n<meta property=\"og:type\" content=\"article\" \/>\n<meta property=\"og:title\" content=\"K\u0131br\u0131s Sava\u015f\u0131n Par\u00e7as\u0131 Yap\u0131lmamal\u0131 - Haber Kuzey\" \/>\n<meta property=\"og:description\" content=\"Cumhuriywr\u00e7i T\u00fcrk Partisi Milletvekili As\u0131m Akansoy, Cumhuriyet Meclisi Genel Kurulu\u2019nda yapt\u0131\u011f\u0131 konu\u015fmada, b\u00f6lgede t\u0131rmanan sava\u015f\u0131n geni\u015fleme riski ta\u015f\u0131d\u0131\u011f\u0131na dikkat \u00e7ekerek K\u0131br\u0131s\u2019\u0131n yabanc\u0131 \u00fclkelerin \u00fcs politikalar\u0131 nedeniyle hedef haline getirilmemesi gerekti\u011fini vurgulad\u0131. ABD ve \u0130srail\u2019in \u0130ran\u2019a y\u00f6nelik sald\u0131r\u0131lar\u0131yla ba\u015flayan s\u00fcrecin yaln\u0131zca Ortado\u011fu\u2019yu de\u011fil, Do\u011fu Akdeniz\u2019i de etkiledi\u011fini belirten Akansoy, adan\u0131n jeostratejik konumu nedeniyle b\u00fcy\u00fck bir risk [&hellip;]\" \/>\n<meta property=\"og:url\" content=\"https:\/\/haberkuzey.com\/index.php\/2026\/03\/03\/kibris-savasin-parcasi-yapilmamali\/\" \/>\n<meta property=\"og:site_name\" content=\"Haber Kuzey\" \/>\n<meta property=\"article:published_time\" content=\"2026-03-03T16:08:46+00:00\" \/>\n<meta name=\"author\" content=\"haberkuzey\" \/>\n<meta name=\"twitter:card\" content=\"summary_large_image\" \/>\n<meta name=\"twitter:label1\" content=\"Yazan:\" \/>\n\t<meta name=\"twitter:data1\" content=\"haberkuzey\" \/>\n\t<meta name=\"twitter:label2\" content=\"Tahmini okuma s\u00fcresi\" \/>\n\t<meta name=\"twitter:data2\" content=\"1 dakika\" \/>\n<script type=\"application\/ld+json\" class=\"yoast-schema-graph\">{\"@context\":\"https:\\\/\\\/schema.org\",\"@graph\":[{\"@type\":\"Article\",\"@id\":\"https:\\\/\\\/haberkuzey.com\\\/index.php\\\/2026\\\/03\\\/03\\\/kibris-savasin-parcasi-yapilmamali\\\/#article\",\"isPartOf\":{\"@id\":\"https:\\\/\\\/haberkuzey.com\\\/index.php\\\/2026\\\/03\\\/03\\\/kibris-savasin-parcasi-yapilmamali\\\/\"},\"author\":{\"name\":\"haberkuzey\",\"@id\":\"https:\\\/\\\/haberkuzey.com\\\/#\\\/schema\\\/person\\\/3372109ec735f9333f4fa47ebb9605ca\"},\"headline\":\"K\u0131br\u0131s Sava\u015f\u0131n Par\u00e7as\u0131 Yap\u0131lmamal\u0131\",\"datePublished\":\"2026-03-03T16:08:46+00:00\",\"mainEntityOfPage\":{\"@id\":\"https:\\\/\\\/haberkuzey.com\\\/index.php\\\/2026\\\/03\\\/03\\\/kibris-savasin-parcasi-yapilmamali\\\/\"},\"wordCount\":267,\"commentCount\":0,\"image\":{\"@id\":\"https:\\\/\\\/haberkuzey.com\\\/index.php\\\/2026\\\/03\\\/03\\\/kibris-savasin-parcasi-yapilmamali\\\/#primaryimage\"},\"thumbnailUrl\":\"https:\\\/\\\/haberkuzey.com\\\/wp-content\\\/uploads\\\/2026\\\/03\\\/Basit-Metin-ve-Fotograf-Yeni-Sarki-Videosu-Youtube-Kucuk-Resmi-5.png\",\"articleSection\":[\"K\u0131br\u0131s\"],\"inLanguage\":\"tr\",\"potentialAction\":[{\"@type\":\"CommentAction\",\"name\":\"Comment\",\"target\":[\"https:\\\/\\\/haberkuzey.com\\\/index.php\\\/2026\\\/03\\\/03\\\/kibris-savasin-parcasi-yapilmamali\\\/#respond\"]}]},{\"@type\":\"WebPage\",\"@id\":\"https:\\\/\\\/haberkuzey.com\\\/index.php\\\/2026\\\/03\\\/03\\\/kibris-savasin-parcasi-yapilmamali\\\/\",\"url\":\"https:\\\/\\\/haberkuzey.com\\\/index.php\\\/2026\\\/03\\\/03\\\/kibris-savasin-parcasi-yapilmamali\\\/\",\"name\":\"K\u0131br\u0131s Sava\u015f\u0131n Par\u00e7as\u0131 Yap\u0131lmamal\u0131 - Haber Kuzey\",\"isPartOf\":{\"@id\":\"https:\\\/\\\/haberkuzey.com\\\/#website\"},\"primaryImageOfPage\":{\"@id\":\"https:\\\/\\\/haberkuzey.com\\\/index.php\\\/2026\\\/03\\\/03\\\/kibris-savasin-parcasi-yapilmamali\\\/#primaryimage\"},\"image\":{\"@id\":\"https:\\\/\\\/haberkuzey.com\\\/index.php\\\/2026\\\/03\\\/03\\\/kibris-savasin-parcasi-yapilmamali\\\/#primaryimage\"},\"thumbnailUrl\":\"https:\\\/\\\/haberkuzey.com\\\/wp-content\\\/uploads\\\/2026\\\/03\\\/Basit-Metin-ve-Fotograf-Yeni-Sarki-Videosu-Youtube-Kucuk-Resmi-5.png\",\"datePublished\":\"2026-03-03T16:08:46+00:00\",\"author\":{\"@id\":\"https:\\\/\\\/haberkuzey.com\\\/#\\\/schema\\\/person\\\/3372109ec735f9333f4fa47ebb9605ca\"},\"breadcrumb\":{\"@id\":\"https:\\\/\\\/haberkuzey.com\\\/index.php\\\/2026\\\/03\\\/03\\\/kibris-savasin-parcasi-yapilmamali\\\/#breadcrumb\"},\"inLanguage\":\"tr\",\"potentialAction\":[{\"@type\":\"ReadAction\",\"target\":[\"https:\\\/\\\/haberkuzey.com\\\/index.php\\\/2026\\\/03\\\/03\\\/kibris-savasin-parcasi-yapilmamali\\\/\"]}]},{\"@type\":\"ImageObject\",\"inLanguage\":\"tr\",\"@id\":\"https:\\\/\\\/haberkuzey.com\\\/index.php\\\/2026\\\/03\\\/03\\\/kibris-savasin-parcasi-yapilmamali\\\/#primaryimage\",\"url\":\"https:\\\/\\\/haberkuzey.com\\\/wp-content\\\/uploads\\\/2026\\\/03\\\/Basit-Metin-ve-Fotograf-Yeni-Sarki-Videosu-Youtube-Kucuk-Resmi-5.png\",\"contentUrl\":\"https:\\\/\\\/haberkuzey.com\\\/wp-content\\\/uploads\\\/2026\\\/03\\\/Basit-Metin-ve-Fotograf-Yeni-Sarki-Videosu-Youtube-Kucuk-Resmi-5.png\",\"width\":1280,\"height\":720},{\"@type\":\"BreadcrumbList\",\"@id\":\"https:\\\/\\\/haberkuzey.com\\\/index.php\\\/2026\\\/03\\\/03\\\/kibris-savasin-parcasi-yapilmamali\\\/#breadcrumb\",\"itemListElement\":[{\"@type\":\"ListItem\",\"position\":1,\"name\":\"Anasayfa\",\"item\":\"https:\\\/\\\/haberkuzey.com\\\/\"},{\"@type\":\"ListItem\",\"position\":2,\"name\":\"K\u0131br\u0131s Sava\u015f\u0131n Par\u00e7as\u0131 Yap\u0131lmamal\u0131\"}]},{\"@type\":\"WebSite\",\"@id\":\"https:\\\/\\\/haberkuzey.com\\\/#website\",\"url\":\"https:\\\/\\\/haberkuzey.com\\\/\",\"name\":\"Haber Kuzey\",\"description\":\"Do\u011fru Haberin Adresi\",\"potentialAction\":[{\"@type\":\"SearchAction\",\"target\":{\"@type\":\"EntryPoint\",\"urlTemplate\":\"https:\\\/\\\/haberkuzey.com\\\/?s={search_term_string}\"},\"query-input\":{\"@type\":\"PropertyValueSpecification\",\"valueRequired\":true,\"valueName\":\"search_term_string\"}}],\"inLanguage\":\"tr\"},{\"@type\":\"Person\",\"@id\":\"https:\\\/\\\/haberkuzey.com\\\/#\\\/schema\\\/person\\\/3372109ec735f9333f4fa47ebb9605ca\",\"name\":\"haberkuzey\",\"image\":{\"@type\":\"ImageObject\",\"inLanguage\":\"tr\",\"@id\":\"https:\\\/\\\/secure.gravatar.com\\\/avatar\\\/f5fc875574b1575324358c3b9e6a32b8227aa5b74f3fa22e3cadb63e26fcc39c?s=96&d=mm&r=g\",\"url\":\"https:\\\/\\\/secure.gravatar.com\\\/avatar\\\/f5fc875574b1575324358c3b9e6a32b8227aa5b74f3fa22e3cadb63e26fcc39c?s=96&d=mm&r=g\",\"contentUrl\":\"https:\\\/\\\/secure.gravatar.com\\\/avatar\\\/f5fc875574b1575324358c3b9e6a32b8227aa5b74f3fa22e3cadb63e26fcc39c?s=96&d=mm&r=g\",\"caption\":\"haberkuzey\"},\"sameAs\":[\"https:\\\/\\\/haberkuzey.com\"],\"url\":\"https:\\\/\\\/haberkuzey.com\\\/index.php\\\/author\\\/haberkuzey\\\/\"}]}<\/script>\n<!-- \/ Yoast SEO plugin. -->","yoast_head_json":{"title":"K\u0131br\u0131s Sava\u015f\u0131n Par\u00e7as\u0131 Yap\u0131lmamal\u0131 - Haber Kuzey","robots":{"index":"index","follow":"follow","max-snippet":"max-snippet:-1","max-image-preview":"max-image-preview:large","max-video-preview":"max-video-preview:-1"},"canonical":"https:\/\/haberkuzey.com\/index.php\/2026\/03\/03\/kibris-savasin-parcasi-yapilmamali\/","og_locale":"tr_TR","og_type":"article","og_title":"K\u0131br\u0131s Sava\u015f\u0131n Par\u00e7as\u0131 Yap\u0131lmamal\u0131 - Haber Kuzey","og_description":"Cumhuriywr\u00e7i T\u00fcrk Partisi Milletvekili As\u0131m Akansoy, Cumhuriyet Meclisi Genel Kurulu\u2019nda yapt\u0131\u011f\u0131 konu\u015fmada, b\u00f6lgede t\u0131rmanan sava\u015f\u0131n geni\u015fleme riski ta\u015f\u0131d\u0131\u011f\u0131na dikkat \u00e7ekerek K\u0131br\u0131s\u2019\u0131n yabanc\u0131 \u00fclkelerin \u00fcs politikalar\u0131 nedeniyle hedef haline getirilmemesi gerekti\u011fini vurgulad\u0131. ABD ve \u0130srail\u2019in \u0130ran\u2019a y\u00f6nelik sald\u0131r\u0131lar\u0131yla ba\u015flayan s\u00fcrecin yaln\u0131zca Ortado\u011fu\u2019yu de\u011fil, Do\u011fu Akdeniz\u2019i de etkiledi\u011fini belirten Akansoy, adan\u0131n jeostratejik konumu nedeniyle b\u00fcy\u00fck bir risk [&hellip;]","og_url":"https:\/\/haberkuzey.com\/index.php\/2026\/03\/03\/kibris-savasin-parcasi-yapilmamali\/","og_site_name":"Haber Kuzey","article_published_time":"2026-03-03T16:08:46+00:00","author":"haberkuzey","twitter_card":"summary_large_image","twitter_misc":{"Yazan:":"haberkuzey","Tahmini okuma s\u00fcresi":"1 dakika"},"schema":{"@context":"https:\/\/schema.org","@graph":[{"@type":"Article","@id":"https:\/\/haberkuzey.com\/index.php\/2026\/03\/03\/kibris-savasin-parcasi-yapilmamali\/#article","isPartOf":{"@id":"https:\/\/haberkuzey.com\/index.php\/2026\/03\/03\/kibris-savasin-parcasi-yapilmamali\/"},"author":{"name":"haberkuzey","@id":"https:\/\/haberkuzey.com\/#\/schema\/person\/3372109ec735f9333f4fa47ebb9605ca"},"headline":"K\u0131br\u0131s Sava\u015f\u0131n Par\u00e7as\u0131 Yap\u0131lmamal\u0131","datePublished":"2026-03-03T16:08:46+00:00","mainEntityOfPage":{"@id":"https:\/\/haberkuzey.com\/index.php\/2026\/03\/03\/kibris-savasin-parcasi-yapilmamali\/"},"wordCount":267,"commentCount":0,"image":{"@id":"https:\/\/haberkuzey.com\/index.php\/2026\/03\/03\/kibris-savasin-parcasi-yapilmamali\/#primaryimage"},"thumbnailUrl":"https:\/\/haberkuzey.com\/wp-content\/uploads\/2026\/03\/Basit-Metin-ve-Fotograf-Yeni-Sarki-Videosu-Youtube-Kucuk-Resmi-5.png","articleSection":["K\u0131br\u0131s"],"inLanguage":"tr","potentialAction":[{"@type":"CommentAction","name":"Comment","target":["https:\/\/haberkuzey.com\/index.php\/2026\/03\/03\/kibris-savasin-parcasi-yapilmamali\/#respond"]}]},{"@type":"WebPage","@id":"https:\/\/haberkuzey.com\/index.php\/2026\/03\/03\/kibris-savasin-parcasi-yapilmamali\/","url":"https:\/\/haberkuzey.com\/index.php\/2026\/03\/03\/kibris-savasin-parcasi-yapilmamali\/","name":"K\u0131br\u0131s Sava\u015f\u0131n Par\u00e7as\u0131 Yap\u0131lmamal\u0131 - Haber Kuzey","isPartOf":{"@id":"https:\/\/haberkuzey.com\/#website"},"primaryImageOfPage":{"@id":"https:\/\/haberkuzey.com\/index.php\/2026\/03\/03\/kibris-savasin-parcasi-yapilmamali\/#primaryimage"},"image":{"@id":"https:\/\/haberkuzey.com\/index.php\/2026\/03\/03\/kibris-savasin-parcasi-yapilmamali\/#primaryimage"},"thumbnailUrl":"https:\/\/haberkuzey.com\/wp-content\/uploads\/2026\/03\/Basit-Metin-ve-Fotograf-Yeni-Sarki-Videosu-Youtube-Kucuk-Resmi-5.png","datePublished":"2026-03-03T16:08:46+00:00","author":{"@id":"https:\/\/haberkuzey.com\/#\/schema\/person\/3372109ec735f9333f4fa47ebb9605ca"},"breadcrumb":{"@id":"https:\/\/haberkuzey.com\/index.php\/2026\/03\/03\/kibris-savasin-parcasi-yapilmamali\/#breadcrumb"},"inLanguage":"tr","potentialAction":[{"@type":"ReadAction","target":["https:\/\/haberkuzey.com\/index.php\/2026\/03\/03\/kibris-savasin-parcasi-yapilmamali\/"]}]},{"@type":"ImageObject","inLanguage":"tr","@id":"https:\/\/haberkuzey.com\/index.php\/2026\/03\/03\/kibris-savasin-parcasi-yapilmamali\/#primaryimage","url":"https:\/\/haberkuzey.com\/wp-content\/uploads\/2026\/03\/Basit-Metin-ve-Fotograf-Yeni-Sarki-Videosu-Youtube-Kucuk-Resmi-5.png","contentUrl":"https:\/\/haberkuzey.com\/wp-content\/uploads\/2026\/03\/Basit-Metin-ve-Fotograf-Yeni-Sarki-Videosu-Youtube-Kucuk-Resmi-5.png","width":1280,"height":720},{"@type":"BreadcrumbList","@id":"https:\/\/haberkuzey.com\/index.php\/2026\/03\/03\/kibris-savasin-parcasi-yapilmamali\/#breadcrumb","itemListElement":[{"@type":"ListItem","position":1,"name":"Anasayfa","item":"https:\/\/haberkuzey.com\/"},{"@type":"ListItem","position":2,"name":"K\u0131br\u0131s Sava\u015f\u0131n Par\u00e7as\u0131 Yap\u0131lmamal\u0131"}]},{"@type":"WebSite","@id":"https:\/\/haberkuzey.com\/#website","url":"https:\/\/haberkuzey.com\/","name":"Haber Kuzey","description":"Do\u011fru Haberin Adresi","potentialAction":[{"@type":"SearchAction","target":{"@type":"EntryPoint","urlTemplate":"https:\/\/haberkuzey.com\/?s={search_term_string}"},"query-input":{"@type":"PropertyValueSpecification","valueRequired":true,"valueName":"search_term_string"}}],"inLanguage":"tr"},{"@type":"Person","@id":"https:\/\/haberkuzey.com\/#\/schema\/person\/3372109ec735f9333f4fa47ebb9605ca","name":"haberkuzey","image":{"@type":"ImageObject","inLanguage":"tr","@id":"https:\/\/secure.gravatar.com\/avatar\/f5fc875574b1575324358c3b9e6a32b8227aa5b74f3fa22e3cadb63e26fcc39c?s=96&d=mm&r=g","url":"https:\/\/secure.gravatar.com\/avatar\/f5fc875574b1575324358c3b9e6a32b8227aa5b74f3fa22e3cadb63e26fcc39c?s=96&d=mm&r=g","contentUrl":"https:\/\/secure.gravatar.com\/avatar\/f5fc875574b1575324358c3b9e6a32b8227aa5b74f3fa22e3cadb63e26fcc39c?s=96&d=mm&r=g","caption":"haberkuzey"},"sameAs":["https:\/\/haberkuzey.com"],"url":"https:\/\/haberkuzey.com\/index.php\/author\/haberkuzey\/"}]}},"_links":{"self":[{"href":"https:\/\/haberkuzey.com\/index.php\/wp-json\/wp\/v2\/posts\/34974","targetHints":{"allow":["GET"]}}],"collection":[{"href":"https:\/\/haberkuzey.com\/index.php\/wp-json\/wp\/v2\/posts"}],"about":[{"href":"https:\/\/haberkuzey.com\/index.php\/wp-json\/wp\/v2\/types\/post"}],"author":[{"embeddable":true,"href":"https:\/\/haberkuzey.com\/index.php\/wp-json\/wp\/v2\/users\/1"}],"replies":[{"embeddable":true,"href":"https:\/\/haberkuzey.com\/index.php\/wp-json\/wp\/v2\/comments?post=34974"}],"version-history":[{"count":0,"href":"https:\/\/haberkuzey.com\/index.php\/wp-json\/wp\/v2\/posts\/34974\/revisions"}],"wp:featuredmedia":[{"embeddable":true,"href":"https:\/\/haberkuzey.com\/index.php\/wp-json\/wp\/v2\/media\/34975"}],"wp:attachment":[{"href":"https:\/\/haberkuzey.com\/index.php\/wp-json\/wp\/v2\/media?parent=34974"}],"wp:term":[{"taxonomy":"category","embeddable":true,"href":"https:\/\/haberkuzey.com\/index.php\/wp-json\/wp\/v2\/categories?post=34974"},{"taxonomy":"post_tag","embeddable":true,"href":"https:\/\/haberkuzey.com\/index.php\/wp-json\/wp\/v2\/tags?post=34974"}],"curies":[{"name":"wp","href":"https:\/\/api.w.org\/{rel}","templated":true}]}}