{"id":34953,"date":"2026-03-02T15:26:50","date_gmt":"2026-03-02T13:26:50","guid":{"rendered":"https:\/\/haberkuzey.com\/index.php\/2026\/03\/02\/bengihan-gardiyan-munhal-sayisinin-artirilmasi-cagrisi-yapti\/"},"modified":"2026-03-02T15:26:50","modified_gmt":"2026-03-02T13:26:50","slug":"bengihan-gardiyan-munhal-sayisinin-artirilmasi-cagrisi-yapti","status":"publish","type":"post","link":"https:\/\/haberkuzey.com\/index.php\/2026\/03\/02\/bengihan-gardiyan-munhal-sayisinin-artirilmasi-cagrisi-yapti\/","title":{"rendered":"Bengihan, gardiyan m\u00fcnhal say\u0131s\u0131n\u0131n art\u0131r\u0131lmas\u0131 \u00e7a\u011fr\u0131s\u0131 yapt\u0131!"},"content":{"rendered":"<h2>CEZAEV\u0130NDE MAHKUM SAYISI 900\u2019\u00dc A\u015eTI<\/h2>\n<p>KTAMS ve K\u0130EF Ba\u015fkan\u0131 <strong>G\u00fcven Bengihan<\/strong>, yapt\u0131\u011f\u0131 yaz\u0131l\u0131 a\u00e7\u0131klamada KKTC Merkezi Cezaevi\u2019nde bulunan mahkum ve tutuklu say\u0131s\u0131n\u0131n <strong>900\u2019\u00fc a\u015ft\u0131\u011f\u0131n\u0131<\/strong>belirtti.<\/p>\n<p>Bengihan, hem eski hem de yeni cezaevi binalar\u0131nda bulunan bu yo\u011funluk nedeniyle <strong>kad\u0131n ve erkek gardiyan erlerinin i\u015f y\u00fck\u00fcn\u00fcn ola\u011fan\u00fcst\u00fc seviyeye ula\u015ft\u0131\u011f\u0131n\u0131<\/strong> ifade etti.<\/p>\n<p>Mevcut personel say\u0131s\u0131n\u0131n hem <strong>\u00e7al\u0131\u015fan haklar\u0131 hem de g\u00fcvenlik a\u00e7\u0131s\u0131ndan s\u00fcrd\u00fcr\u00fclebilir olmaktan \u00e7\u0131kt\u0131\u011f\u0131n\u0131<\/strong> vurgulad\u0131.<\/p>\n<hr \/>\n<h2>M\u00dcNHAL SAYISI YETERS\u0130Z<\/h2>\n<p>Bengihan, 900\u2019\u00fc a\u015fk\u0131n mahkum ve tutuklunun bulundu\u011fu ko\u015fullar g\u00f6z \u00f6n\u00fcnde bulunduruldu\u011funda a\u00e7\u0131klanan gardiyan eri m\u00fcnhallerinin yetersiz oldu\u011funu belirtti.<\/p>\n<p>Buna g\u00f6re:<\/p>\n<ul>\n<li><strong>15 Kad\u0131n Gardiyan Eri<\/strong><\/li>\n<li><strong>60 Erkek Gardiyan Eri<\/strong>\n<p>istihdam\u0131 i\u00e7in a\u00e7\u0131lan m\u00fcnhallerin mevcut ihtiyac\u0131 kar\u015f\u0131lamad\u0131\u011f\u0131n\u0131 kaydetti.<\/p>\n<p>Yap\u0131lan de\u011ferlendirmelere g\u00f6re cezaevindeki kadro a\u00e7\u0131\u011f\u0131n\u0131n kapat\u0131labilmesi i\u00e7in toplamda:<\/p>\n<ul>\n<li><strong>106 Erkek Gardiyan Eri<\/strong><\/li>\n<li><strong>29 Kad\u0131n Gardiyan Eri<\/strong><\/li>\n<\/ul>\n<p>istihdam edilmesi gerekti\u011fini ifade etti.<\/p>\n<hr \/>\n<h2>\u201cSINAVDA BA\u015eARILI OLANLARIN TAMAMI \u0130ST\u0130HDAM ED\u0130LMEL\u0130\u201d<\/h2>\n<p>Erkek gardiyan eri m\u00fcnhali i\u00e7in yap\u0131lan yaz\u0131l\u0131 s\u0131navda <strong>84 aday\u0131n ba\u015far\u0131l\u0131 oldu\u011funu<\/strong> hat\u0131rlatan Bengihan, mevcut 60 ki\u015filik m\u00fcnhal say\u0131s\u0131n\u0131n art\u0131r\u0131lmas\u0131 gerekti\u011fini s\u00f6yledi.<\/p>\n<p>Bengihan, \u201c60 olan m\u00fcnhal say\u0131s\u0131n\u0131n ek yetki ile <strong>24 ki\u015fi art\u0131r\u0131lmas\u0131<\/strong> ve s\u0131navda ba\u015far\u0131l\u0131 olan t\u00fcm adaylar\u0131n istihdam edilmesi gerekmektedir\u201d dedi.<\/p>\n<p>Kad\u0131n gardiyan eri i\u00e7in ise <strong>15 olan m\u00fcnhal say\u0131s\u0131n\u0131n 14 ki\u015fi art\u0131r\u0131lmas\u0131<\/strong>gerekti\u011fini belirtti.<\/p>\n<hr \/>\n<h2>GEN\u00c7 MAHKUMLAR YET\u0130\u015eK\u0130NLERLE AYNI ORTAMDA<\/h2>\n<p>Bengihan, cezaevindeki en \u00f6nemli sorunlardan birinin de <strong>21 ya\u015f alt\u0131 gen\u00e7 mahkumlar i\u00e7in ayr\u0131lan b\u00f6l\u00fcm\u00fcn kullan\u0131lmamas\u0131<\/strong> oldu\u011funu vurgulad\u0131.<\/p>\n<p>Yeni cezaevi binas\u0131nda bu b\u00f6l\u00fcm\u00fcn bulunmas\u0131na ra\u011fmen gardiyan eksikli\u011fi nedeniyle kullan\u0131lamad\u0131\u011f\u0131n\u0131 belirten Bengihan, gen\u00e7 mahkumlar\u0131n yeti\u015fkinlerle ayn\u0131 ortamda tutuldu\u011funu s\u00f6yledi.<\/p>\n<p>Bu durumun <strong>rehabilitasyon yerine gen\u00e7leri su\u00e7a daha a\u00e7\u0131k hale getirdi\u011fini<\/strong>ifade etti.<\/p>\n<hr \/>\n<h2>\u0130\u00c7\u0130\u015eLER\u0130 BAKANLI\u011eI\u2019NA \u00c7A\u011eRI<\/h2>\n<p>Bengihan, insan haklar\u0131 ve \u00e7ocuk haklar\u0131yla uyumlu bir cezaevi sisteminin kurulabilmesi i\u00e7in <strong>gardiyan eri ihtiyac\u0131n\u0131n acilen giderilmesi gerekti\u011fini<\/strong>belirtti.<\/p>\n<p>KTAMS ve K\u0130EF olarak <strong>\u0130\u00e7i\u015fleri Bakanl\u0131\u011f\u0131\u2019n\u0131 gerekli ad\u0131mlar\u0131 atmaya davet ettiklerini<\/strong> kaydeden Bengihan, konunun takip\u00e7isi olacaklar\u0131n\u0131 vurgulad\u0131.<\/p>\n<p>&nbsp;<\/li>\n<\/ul>\n<p>Bengihan, gardiyan m\u00fcnhal say\u0131s\u0131n\u0131n art\u0131r\u0131lmas\u0131 \u00e7a\u011fr\u0131s\u0131 yapt\u0131! yaz\u0131s\u0131 ilk \u00f6nce K\u0131br\u0131s Hakikat \u00fczerinde ortaya \u00e7\u0131kt\u0131.<\/p>\n","protected":false},"excerpt":{"rendered":"<p>CEZAEV\u0130NDE MAHKUM SAYISI 900\u2019\u00dc A\u015eTI KTAMS ve K\u0130EF Ba\u015fkan\u0131 G\u00fcven Bengihan, yapt\u0131\u011f\u0131 yaz\u0131l\u0131 a\u00e7\u0131klamada KKTC Merkezi Cezaevi\u2019nde bulunan mahkum ve tutuklu say\u0131s\u0131n\u0131n 900\u2019\u00fc a\u015ft\u0131\u011f\u0131n\u0131belirtti. Bengihan, hem eski hem de yeni cezaevi binalar\u0131nda bulunan bu yo\u011funluk nedeniyle kad\u0131n ve erkek gardiyan erlerinin i\u015f y\u00fck\u00fcn\u00fcn ola\u011fan\u00fcst\u00fc seviyeye ula\u015ft\u0131\u011f\u0131n\u0131 ifade etti. Mevcut personel say\u0131s\u0131n\u0131n hem \u00e7al\u0131\u015fan haklar\u0131 hem [&hellip;]<\/p>\n","protected":false},"author":1,"featured_media":34954,"comment_status":"open","ping_status":"open","sticky":false,"template":"","format":"standard","meta":{"jnews-multi-image_gallery":[],"jnews_single_post":[],"jnews_primary_category":[],"footnotes":""},"categories":[1],"tags":[],"class_list":["post-34953","post","type-post","status-publish","format-standard","has-post-thumbnail","hentry","category-kibris"],"yoast_head":"<!-- This site is optimized with the Yoast SEO plugin v27.5 - https:\/\/yoast.com\/product\/yoast-seo-wordpress\/ -->\n<title>Bengihan, gardiyan m\u00fcnhal say\u0131s\u0131n\u0131n art\u0131r\u0131lmas\u0131 \u00e7a\u011fr\u0131s\u0131 yapt\u0131! - Haber Kuzey<\/title>\n<meta name=\"robots\" content=\"index, follow, max-snippet:-1, max-image-preview:large, max-video-preview:-1\" \/>\n<link rel=\"canonical\" href=\"https:\/\/haberkuzey.com\/index.php\/2026\/03\/02\/bengihan-gardiyan-munhal-sayisinin-artirilmasi-cagrisi-yapti\/\" \/>\n<meta property=\"og:locale\" content=\"tr_TR\" \/>\n<meta property=\"og:type\" content=\"article\" \/>\n<meta property=\"og:title\" content=\"Bengihan, gardiyan m\u00fcnhal say\u0131s\u0131n\u0131n art\u0131r\u0131lmas\u0131 \u00e7a\u011fr\u0131s\u0131 yapt\u0131! - Haber Kuzey\" \/>\n<meta property=\"og:description\" content=\"CEZAEV\u0130NDE MAHKUM SAYISI 900\u2019\u00dc A\u015eTI KTAMS ve K\u0130EF Ba\u015fkan\u0131 G\u00fcven Bengihan, yapt\u0131\u011f\u0131 yaz\u0131l\u0131 a\u00e7\u0131klamada KKTC Merkezi Cezaevi\u2019nde bulunan mahkum ve tutuklu say\u0131s\u0131n\u0131n 900\u2019\u00fc a\u015ft\u0131\u011f\u0131n\u0131belirtti. Bengihan, hem eski hem de yeni cezaevi binalar\u0131nda bulunan bu yo\u011funluk nedeniyle kad\u0131n ve erkek gardiyan erlerinin i\u015f y\u00fck\u00fcn\u00fcn ola\u011fan\u00fcst\u00fc seviyeye ula\u015ft\u0131\u011f\u0131n\u0131 ifade etti. Mevcut personel say\u0131s\u0131n\u0131n hem \u00e7al\u0131\u015fan haklar\u0131 hem [&hellip;]\" \/>\n<meta property=\"og:url\" content=\"https:\/\/haberkuzey.com\/index.php\/2026\/03\/02\/bengihan-gardiyan-munhal-sayisinin-artirilmasi-cagrisi-yapti\/\" \/>\n<meta property=\"og:site_name\" content=\"Haber Kuzey\" \/>\n<meta property=\"article:published_time\" content=\"2026-03-02T13:26:50+00:00\" \/>\n<meta name=\"author\" content=\"haberkuzey\" \/>\n<meta name=\"twitter:card\" content=\"summary_large_image\" \/>\n<meta name=\"twitter:label1\" content=\"Yazan:\" \/>\n\t<meta name=\"twitter:data1\" content=\"haberkuzey\" \/>\n\t<meta name=\"twitter:label2\" content=\"Tahmini okuma s\u00fcresi\" \/>\n\t<meta name=\"twitter:data2\" content=\"2 dakika\" \/>\n<script type=\"application\/ld+json\" class=\"yoast-schema-graph\">{\"@context\":\"https:\\\/\\\/schema.org\",\"@graph\":[{\"@type\":\"Article\",\"@id\":\"https:\\\/\\\/haberkuzey.com\\\/index.php\\\/2026\\\/03\\\/02\\\/bengihan-gardiyan-munhal-sayisinin-artirilmasi-cagrisi-yapti\\\/#article\",\"isPartOf\":{\"@id\":\"https:\\\/\\\/haberkuzey.com\\\/index.php\\\/2026\\\/03\\\/02\\\/bengihan-gardiyan-munhal-sayisinin-artirilmasi-cagrisi-yapti\\\/\"},\"author\":{\"name\":\"haberkuzey\",\"@id\":\"https:\\\/\\\/haberkuzey.com\\\/#\\\/schema\\\/person\\\/3372109ec735f9333f4fa47ebb9605ca\"},\"headline\":\"Bengihan, gardiyan m\u00fcnhal say\u0131s\u0131n\u0131n art\u0131r\u0131lmas\u0131 \u00e7a\u011fr\u0131s\u0131 yapt\u0131!\",\"datePublished\":\"2026-03-02T13:26:50+00:00\",\"mainEntityOfPage\":{\"@id\":\"https:\\\/\\\/haberkuzey.com\\\/index.php\\\/2026\\\/03\\\/02\\\/bengihan-gardiyan-munhal-sayisinin-artirilmasi-cagrisi-yapti\\\/\"},\"wordCount\":453,\"commentCount\":0,\"image\":{\"@id\":\"https:\\\/\\\/haberkuzey.com\\\/index.php\\\/2026\\\/03\\\/02\\\/bengihan-gardiyan-munhal-sayisinin-artirilmasi-cagrisi-yapti\\\/#primaryimage\"},\"thumbnailUrl\":\"https:\\\/\\\/haberkuzey.com\\\/wp-content\\\/uploads\\\/2026\\\/03\\\/IMG_7788.webp.webp\",\"articleSection\":[\"K\u0131br\u0131s\"],\"inLanguage\":\"tr\",\"potentialAction\":[{\"@type\":\"CommentAction\",\"name\":\"Comment\",\"target\":[\"https:\\\/\\\/haberkuzey.com\\\/index.php\\\/2026\\\/03\\\/02\\\/bengihan-gardiyan-munhal-sayisinin-artirilmasi-cagrisi-yapti\\\/#respond\"]}]},{\"@type\":\"WebPage\",\"@id\":\"https:\\\/\\\/haberkuzey.com\\\/index.php\\\/2026\\\/03\\\/02\\\/bengihan-gardiyan-munhal-sayisinin-artirilmasi-cagrisi-yapti\\\/\",\"url\":\"https:\\\/\\\/haberkuzey.com\\\/index.php\\\/2026\\\/03\\\/02\\\/bengihan-gardiyan-munhal-sayisinin-artirilmasi-cagrisi-yapti\\\/\",\"name\":\"Bengihan, gardiyan m\u00fcnhal say\u0131s\u0131n\u0131n art\u0131r\u0131lmas\u0131 \u00e7a\u011fr\u0131s\u0131 yapt\u0131! - Haber Kuzey\",\"isPartOf\":{\"@id\":\"https:\\\/\\\/haberkuzey.com\\\/#website\"},\"primaryImageOfPage\":{\"@id\":\"https:\\\/\\\/haberkuzey.com\\\/index.php\\\/2026\\\/03\\\/02\\\/bengihan-gardiyan-munhal-sayisinin-artirilmasi-cagrisi-yapti\\\/#primaryimage\"},\"image\":{\"@id\":\"https:\\\/\\\/haberkuzey.com\\\/index.php\\\/2026\\\/03\\\/02\\\/bengihan-gardiyan-munhal-sayisinin-artirilmasi-cagrisi-yapti\\\/#primaryimage\"},\"thumbnailUrl\":\"https:\\\/\\\/haberkuzey.com\\\/wp-content\\\/uploads\\\/2026\\\/03\\\/IMG_7788.webp.webp\",\"datePublished\":\"2026-03-02T13:26:50+00:00\",\"author\":{\"@id\":\"https:\\\/\\\/haberkuzey.com\\\/#\\\/schema\\\/person\\\/3372109ec735f9333f4fa47ebb9605ca\"},\"breadcrumb\":{\"@id\":\"https:\\\/\\\/haberkuzey.com\\\/index.php\\\/2026\\\/03\\\/02\\\/bengihan-gardiyan-munhal-sayisinin-artirilmasi-cagrisi-yapti\\\/#breadcrumb\"},\"inLanguage\":\"tr\",\"potentialAction\":[{\"@type\":\"ReadAction\",\"target\":[\"https:\\\/\\\/haberkuzey.com\\\/index.php\\\/2026\\\/03\\\/02\\\/bengihan-gardiyan-munhal-sayisinin-artirilmasi-cagrisi-yapti\\\/\"]}]},{\"@type\":\"ImageObject\",\"inLanguage\":\"tr\",\"@id\":\"https:\\\/\\\/haberkuzey.com\\\/index.php\\\/2026\\\/03\\\/02\\\/bengihan-gardiyan-munhal-sayisinin-artirilmasi-cagrisi-yapti\\\/#primaryimage\",\"url\":\"https:\\\/\\\/haberkuzey.com\\\/wp-content\\\/uploads\\\/2026\\\/03\\\/IMG_7788.webp.webp\",\"contentUrl\":\"https:\\\/\\\/haberkuzey.com\\\/wp-content\\\/uploads\\\/2026\\\/03\\\/IMG_7788.webp.webp\",\"width\":1280,\"height\":720},{\"@type\":\"BreadcrumbList\",\"@id\":\"https:\\\/\\\/haberkuzey.com\\\/index.php\\\/2026\\\/03\\\/02\\\/bengihan-gardiyan-munhal-sayisinin-artirilmasi-cagrisi-yapti\\\/#breadcrumb\",\"itemListElement\":[{\"@type\":\"ListItem\",\"position\":1,\"name\":\"Anasayfa\",\"item\":\"https:\\\/\\\/haberkuzey.com\\\/\"},{\"@type\":\"ListItem\",\"position\":2,\"name\":\"Bengihan, gardiyan m\u00fcnhal say\u0131s\u0131n\u0131n art\u0131r\u0131lmas\u0131 \u00e7a\u011fr\u0131s\u0131 yapt\u0131!\"}]},{\"@type\":\"WebSite\",\"@id\":\"https:\\\/\\\/haberkuzey.com\\\/#website\",\"url\":\"https:\\\/\\\/haberkuzey.com\\\/\",\"name\":\"Haber Kuzey\",\"description\":\"Do\u011fru Haberin Adresi\",\"potentialAction\":[{\"@type\":\"SearchAction\",\"target\":{\"@type\":\"EntryPoint\",\"urlTemplate\":\"https:\\\/\\\/haberkuzey.com\\\/?s={search_term_string}\"},\"query-input\":{\"@type\":\"PropertyValueSpecification\",\"valueRequired\":true,\"valueName\":\"search_term_string\"}}],\"inLanguage\":\"tr\"},{\"@type\":\"Person\",\"@id\":\"https:\\\/\\\/haberkuzey.com\\\/#\\\/schema\\\/person\\\/3372109ec735f9333f4fa47ebb9605ca\",\"name\":\"haberkuzey\",\"image\":{\"@type\":\"ImageObject\",\"inLanguage\":\"tr\",\"@id\":\"https:\\\/\\\/secure.gravatar.com\\\/avatar\\\/f5fc875574b1575324358c3b9e6a32b8227aa5b74f3fa22e3cadb63e26fcc39c?s=96&d=mm&r=g\",\"url\":\"https:\\\/\\\/secure.gravatar.com\\\/avatar\\\/f5fc875574b1575324358c3b9e6a32b8227aa5b74f3fa22e3cadb63e26fcc39c?s=96&d=mm&r=g\",\"contentUrl\":\"https:\\\/\\\/secure.gravatar.com\\\/avatar\\\/f5fc875574b1575324358c3b9e6a32b8227aa5b74f3fa22e3cadb63e26fcc39c?s=96&d=mm&r=g\",\"caption\":\"haberkuzey\"},\"sameAs\":[\"https:\\\/\\\/haberkuzey.com\"],\"url\":\"https:\\\/\\\/haberkuzey.com\\\/index.php\\\/author\\\/haberkuzey\\\/\"}]}<\/script>\n<!-- \/ Yoast SEO plugin. -->","yoast_head_json":{"title":"Bengihan, gardiyan m\u00fcnhal say\u0131s\u0131n\u0131n art\u0131r\u0131lmas\u0131 \u00e7a\u011fr\u0131s\u0131 yapt\u0131! - Haber Kuzey","robots":{"index":"index","follow":"follow","max-snippet":"max-snippet:-1","max-image-preview":"max-image-preview:large","max-video-preview":"max-video-preview:-1"},"canonical":"https:\/\/haberkuzey.com\/index.php\/2026\/03\/02\/bengihan-gardiyan-munhal-sayisinin-artirilmasi-cagrisi-yapti\/","og_locale":"tr_TR","og_type":"article","og_title":"Bengihan, gardiyan m\u00fcnhal say\u0131s\u0131n\u0131n art\u0131r\u0131lmas\u0131 \u00e7a\u011fr\u0131s\u0131 yapt\u0131! - Haber Kuzey","og_description":"CEZAEV\u0130NDE MAHKUM SAYISI 900\u2019\u00dc A\u015eTI KTAMS ve K\u0130EF Ba\u015fkan\u0131 G\u00fcven Bengihan, yapt\u0131\u011f\u0131 yaz\u0131l\u0131 a\u00e7\u0131klamada KKTC Merkezi Cezaevi\u2019nde bulunan mahkum ve tutuklu say\u0131s\u0131n\u0131n 900\u2019\u00fc a\u015ft\u0131\u011f\u0131n\u0131belirtti. Bengihan, hem eski hem de yeni cezaevi binalar\u0131nda bulunan bu yo\u011funluk nedeniyle kad\u0131n ve erkek gardiyan erlerinin i\u015f y\u00fck\u00fcn\u00fcn ola\u011fan\u00fcst\u00fc seviyeye ula\u015ft\u0131\u011f\u0131n\u0131 ifade etti. Mevcut personel say\u0131s\u0131n\u0131n hem \u00e7al\u0131\u015fan haklar\u0131 hem [&hellip;]","og_url":"https:\/\/haberkuzey.com\/index.php\/2026\/03\/02\/bengihan-gardiyan-munhal-sayisinin-artirilmasi-cagrisi-yapti\/","og_site_name":"Haber Kuzey","article_published_time":"2026-03-02T13:26:50+00:00","author":"haberkuzey","twitter_card":"summary_large_image","twitter_misc":{"Yazan:":"haberkuzey","Tahmini okuma s\u00fcresi":"2 dakika"},"schema":{"@context":"https:\/\/schema.org","@graph":[{"@type":"Article","@id":"https:\/\/haberkuzey.com\/index.php\/2026\/03\/02\/bengihan-gardiyan-munhal-sayisinin-artirilmasi-cagrisi-yapti\/#article","isPartOf":{"@id":"https:\/\/haberkuzey.com\/index.php\/2026\/03\/02\/bengihan-gardiyan-munhal-sayisinin-artirilmasi-cagrisi-yapti\/"},"author":{"name":"haberkuzey","@id":"https:\/\/haberkuzey.com\/#\/schema\/person\/3372109ec735f9333f4fa47ebb9605ca"},"headline":"Bengihan, gardiyan m\u00fcnhal say\u0131s\u0131n\u0131n art\u0131r\u0131lmas\u0131 \u00e7a\u011fr\u0131s\u0131 yapt\u0131!","datePublished":"2026-03-02T13:26:50+00:00","mainEntityOfPage":{"@id":"https:\/\/haberkuzey.com\/index.php\/2026\/03\/02\/bengihan-gardiyan-munhal-sayisinin-artirilmasi-cagrisi-yapti\/"},"wordCount":453,"commentCount":0,"image":{"@id":"https:\/\/haberkuzey.com\/index.php\/2026\/03\/02\/bengihan-gardiyan-munhal-sayisinin-artirilmasi-cagrisi-yapti\/#primaryimage"},"thumbnailUrl":"https:\/\/haberkuzey.com\/wp-content\/uploads\/2026\/03\/IMG_7788.webp.webp","articleSection":["K\u0131br\u0131s"],"inLanguage":"tr","potentialAction":[{"@type":"CommentAction","name":"Comment","target":["https:\/\/haberkuzey.com\/index.php\/2026\/03\/02\/bengihan-gardiyan-munhal-sayisinin-artirilmasi-cagrisi-yapti\/#respond"]}]},{"@type":"WebPage","@id":"https:\/\/haberkuzey.com\/index.php\/2026\/03\/02\/bengihan-gardiyan-munhal-sayisinin-artirilmasi-cagrisi-yapti\/","url":"https:\/\/haberkuzey.com\/index.php\/2026\/03\/02\/bengihan-gardiyan-munhal-sayisinin-artirilmasi-cagrisi-yapti\/","name":"Bengihan, gardiyan m\u00fcnhal say\u0131s\u0131n\u0131n art\u0131r\u0131lmas\u0131 \u00e7a\u011fr\u0131s\u0131 yapt\u0131! - Haber Kuzey","isPartOf":{"@id":"https:\/\/haberkuzey.com\/#website"},"primaryImageOfPage":{"@id":"https:\/\/haberkuzey.com\/index.php\/2026\/03\/02\/bengihan-gardiyan-munhal-sayisinin-artirilmasi-cagrisi-yapti\/#primaryimage"},"image":{"@id":"https:\/\/haberkuzey.com\/index.php\/2026\/03\/02\/bengihan-gardiyan-munhal-sayisinin-artirilmasi-cagrisi-yapti\/#primaryimage"},"thumbnailUrl":"https:\/\/haberkuzey.com\/wp-content\/uploads\/2026\/03\/IMG_7788.webp.webp","datePublished":"2026-03-02T13:26:50+00:00","author":{"@id":"https:\/\/haberkuzey.com\/#\/schema\/person\/3372109ec735f9333f4fa47ebb9605ca"},"breadcrumb":{"@id":"https:\/\/haberkuzey.com\/index.php\/2026\/03\/02\/bengihan-gardiyan-munhal-sayisinin-artirilmasi-cagrisi-yapti\/#breadcrumb"},"inLanguage":"tr","potentialAction":[{"@type":"ReadAction","target":["https:\/\/haberkuzey.com\/index.php\/2026\/03\/02\/bengihan-gardiyan-munhal-sayisinin-artirilmasi-cagrisi-yapti\/"]}]},{"@type":"ImageObject","inLanguage":"tr","@id":"https:\/\/haberkuzey.com\/index.php\/2026\/03\/02\/bengihan-gardiyan-munhal-sayisinin-artirilmasi-cagrisi-yapti\/#primaryimage","url":"https:\/\/haberkuzey.com\/wp-content\/uploads\/2026\/03\/IMG_7788.webp.webp","contentUrl":"https:\/\/haberkuzey.com\/wp-content\/uploads\/2026\/03\/IMG_7788.webp.webp","width":1280,"height":720},{"@type":"BreadcrumbList","@id":"https:\/\/haberkuzey.com\/index.php\/2026\/03\/02\/bengihan-gardiyan-munhal-sayisinin-artirilmasi-cagrisi-yapti\/#breadcrumb","itemListElement":[{"@type":"ListItem","position":1,"name":"Anasayfa","item":"https:\/\/haberkuzey.com\/"},{"@type":"ListItem","position":2,"name":"Bengihan, gardiyan m\u00fcnhal say\u0131s\u0131n\u0131n art\u0131r\u0131lmas\u0131 \u00e7a\u011fr\u0131s\u0131 yapt\u0131!"}]},{"@type":"WebSite","@id":"https:\/\/haberkuzey.com\/#website","url":"https:\/\/haberkuzey.com\/","name":"Haber Kuzey","description":"Do\u011fru Haberin Adresi","potentialAction":[{"@type":"SearchAction","target":{"@type":"EntryPoint","urlTemplate":"https:\/\/haberkuzey.com\/?s={search_term_string}"},"query-input":{"@type":"PropertyValueSpecification","valueRequired":true,"valueName":"search_term_string"}}],"inLanguage":"tr"},{"@type":"Person","@id":"https:\/\/haberkuzey.com\/#\/schema\/person\/3372109ec735f9333f4fa47ebb9605ca","name":"haberkuzey","image":{"@type":"ImageObject","inLanguage":"tr","@id":"https:\/\/secure.gravatar.com\/avatar\/f5fc875574b1575324358c3b9e6a32b8227aa5b74f3fa22e3cadb63e26fcc39c?s=96&d=mm&r=g","url":"https:\/\/secure.gravatar.com\/avatar\/f5fc875574b1575324358c3b9e6a32b8227aa5b74f3fa22e3cadb63e26fcc39c?s=96&d=mm&r=g","contentUrl":"https:\/\/secure.gravatar.com\/avatar\/f5fc875574b1575324358c3b9e6a32b8227aa5b74f3fa22e3cadb63e26fcc39c?s=96&d=mm&r=g","caption":"haberkuzey"},"sameAs":["https:\/\/haberkuzey.com"],"url":"https:\/\/haberkuzey.com\/index.php\/author\/haberkuzey\/"}]}},"_links":{"self":[{"href":"https:\/\/haberkuzey.com\/index.php\/wp-json\/wp\/v2\/posts\/34953","targetHints":{"allow":["GET"]}}],"collection":[{"href":"https:\/\/haberkuzey.com\/index.php\/wp-json\/wp\/v2\/posts"}],"about":[{"href":"https:\/\/haberkuzey.com\/index.php\/wp-json\/wp\/v2\/types\/post"}],"author":[{"embeddable":true,"href":"https:\/\/haberkuzey.com\/index.php\/wp-json\/wp\/v2\/users\/1"}],"replies":[{"embeddable":true,"href":"https:\/\/haberkuzey.com\/index.php\/wp-json\/wp\/v2\/comments?post=34953"}],"version-history":[{"count":0,"href":"https:\/\/haberkuzey.com\/index.php\/wp-json\/wp\/v2\/posts\/34953\/revisions"}],"wp:featuredmedia":[{"embeddable":true,"href":"https:\/\/haberkuzey.com\/index.php\/wp-json\/wp\/v2\/media\/34954"}],"wp:attachment":[{"href":"https:\/\/haberkuzey.com\/index.php\/wp-json\/wp\/v2\/media?parent=34953"}],"wp:term":[{"taxonomy":"category","embeddable":true,"href":"https:\/\/haberkuzey.com\/index.php\/wp-json\/wp\/v2\/categories?post=34953"},{"taxonomy":"post_tag","embeddable":true,"href":"https:\/\/haberkuzey.com\/index.php\/wp-json\/wp\/v2\/tags?post=34953"}],"curies":[{"name":"wp","href":"https:\/\/api.w.org\/{rel}","templated":true}]}}