{"id":34951,"date":"2026-03-02T15:08:36","date_gmt":"2026-03-02T13:08:36","guid":{"rendered":"https:\/\/haberkuzey.com\/index.php\/2026\/03\/02\/uraloglu-ucuslar-bes-ulkeye-6-marta-dort-ulkeye-ise-3-martta-kadar-iptal-edildi\/"},"modified":"2026-03-02T15:08:36","modified_gmt":"2026-03-02T13:08:36","slug":"uraloglu-ucuslar-bes-ulkeye-6-marta-dort-ulkeye-ise-3-martta-kadar-iptal-edildi","status":"publish","type":"post","link":"https:\/\/haberkuzey.com\/index.php\/2026\/03\/02\/uraloglu-ucuslar-bes-ulkeye-6-marta-dort-ulkeye-ise-3-martta-kadar-iptal-edildi\/","title":{"rendered":"Uralo\u011flu: U\u00e7u\u015flar, be\u015f \u00fclkeye 6 Mart\u2019a, d\u00f6rt \u00fclkeye ise 3 Mart\u2019ta kadar iptal edildi"},"content":{"rendered":"<p>Uralo\u011flu, ABD ve \u0130srail&#8217;in \u0130ran&#8217;a y\u00f6nelik sald\u0131r\u0131 ba\u015flatmas\u0131 ve \u0130ran&#8217;dan gelen misilleme sonras\u0131nda b\u00f6lgedeki hava sahalar\u0131 ve T\u00fcrk ta\u015f\u0131y\u0131c\u0131lar\u0131n son durumuna ili\u015fkin yaz\u0131l\u0131 a\u00e7\u0131klama yapt\u0131.<\/p>\n<p>S\u00fcreci anl\u0131k takip ettiklerini ve gerekli t\u00fcm tedbirlerin al\u0131nd\u0131\u011f\u0131n\u0131 belirten Uralo\u011flu, &#8220;\u0130ran, \u0130srail, Irak, Katar, Bahreyn, Kuveyt, \u00dcrd\u00fcn ve Suriye&#8217;nin g\u00fcney k\u0131sm\u0131nda hava sahas\u0131na y\u00f6nelik kapal\u0131l\u0131k NOTAM&#8217;lar\u0131 devam ediyor. Umman, Suudi Arabistan&#8217;\u0131n bir b\u00f6l\u00fcm\u00fc ve L\u00fcbnan&#8217;da ise sivil u\u00e7u\u015flar s\u00fcr\u00fcyor.&#8221; de\u011ferlendirmesinde bulundu.<\/p>\n<p>Uralo\u011flu, Birle\u015fik Arap Emirlikleri&#8217;nde (BAE) acil durum \u00f6nlemleri kapsam\u0131nda trafik y\u00f6nlendirmesi yap\u0131ld\u0131\u011f\u0131n\u0131 aktararak, bug\u00fcn itibar\u0131yla Emirates ve Etihad Airways seferlerinin yeniden ba\u015flayaca\u011f\u0131n\u0131n bildirildi\u011fini ifade etti.<\/p>\n<p>T\u00fcrk ta\u015f\u0131y\u0131c\u0131lar\u0131n\u0131n mevcut durumuna ili\u015fkin de bilgi veren Uralo\u011flu, THY&#8217;ye ait bir u\u00e7a\u011f\u0131n Tahran \u0130mam Humeyni Uluslararas\u0131 Havaliman\u0131&#8217;nda bekledi\u011fini ve bu s\u00fcre\u00e7ten etkilenen tek THY u\u00e7a\u011f\u0131n\u0131n bu oldu\u011funu bildirdi.<\/p>\n<p>Pegasus Hava Yollar\u0131na ait bir u\u00e7a\u011f\u0131n da ayn\u0131 havaliman\u0131nda bulundu\u011funa i\u015faret eden Uralo\u011flu, AJet&#8217;in \u0130ran, Suriye, Irak ve di\u011fer k\u0131s\u0131tl\u0131 b\u00f6lgelerde bekleyen herhangi bir u\u00e7a\u011f\u0131n\u0131n bulunmad\u0131\u011f\u0131n\u0131 aktard\u0131.<\/p>\n<p>Uralo\u011flu, ayr\u0131ca Tailwind Havayollar\u0131&#8217;n\u0131n Irak men\u015feli bir \u015firkete kiralad\u0131\u011f\u0131 u\u00e7a\u011f\u0131n Irak&#8217;ta bulundu\u011fu bilgisini payla\u015ft\u0131.<\/p>\n<p>Ta\u015f\u0131y\u0131c\u0131lar\u0131n, k\u0131s\u0131tl\u0131 hava sahalar\u0131ndan ge\u00e7ecek u\u00e7aklar\u0131n rotalar\u0131n\u0131, ka\u00e7\u0131nma yapacak \u015fekilde planlad\u0131\u011f\u0131na dikkati \u00e7eken Uralo\u011flu, \u015funlar\u0131 kaydetti:<\/p>\n<p>&#8220;B\u00f6lgede devam eden riskler nedeniyle THY, AJet, Pegasus ve SunExpress taraf\u0131ndan \u0130ran, Irak, Suriye, L\u00fcbnan ve \u00dcrd\u00fcn seferleri 6 Mart&#8217;a kadar iptal edildi. Ayr\u0131ca Pegasus Hava Yollar\u0131 ald\u0131\u011f\u0131 karar do\u011frultusunda 12 Mart&#8217;a kadar \u0130ran&#8217;a u\u00e7u\u015f ger\u00e7ekle\u015ftirmeyecek. Katar, Kuveyt, Bahreyn ve BAE&#8217;ye planlanan t\u00fcm u\u00e7u\u015flar da 3 Mart&#8217;a kadar iptal edildi. G\u00fcnl\u00fck de\u011ferlendirmeler \u0131\u015f\u0131\u011f\u0131nda kararlar al\u0131n\u0131yor, mevcut ko\u015fullarda iyile\u015fme olmamas\u0131 halinde iptaller g\u00fcnl\u00fck olarak s\u00fcrd\u00fcr\u00fclebilir. Bug\u00fcn Suudi Arabistan&#8217;\u0131n Riyad, Cidde ve Medine \u015fehirlerine ve Umman&#8217;a seferler icra edilebilecek.&#8221;<\/p>\n<p>Uralo\u011flu: U\u00e7u\u015flar, be\u015f \u00fclkeye 6 Mart&#8217;a, d\u00f6rt \u00fclkeye ise 3 Mart\u2019ta kadar iptal edildi yaz\u0131s\u0131 ilk \u00f6nce K\u0131br\u0131s Hakikat \u00fczerinde ortaya \u00e7\u0131kt\u0131.<\/p>\n","protected":false},"excerpt":{"rendered":"<p>Uralo\u011flu, ABD ve \u0130srail&#8217;in \u0130ran&#8217;a y\u00f6nelik sald\u0131r\u0131 ba\u015flatmas\u0131 ve \u0130ran&#8217;dan gelen misilleme sonras\u0131nda b\u00f6lgedeki hava sahalar\u0131 ve T\u00fcrk ta\u015f\u0131y\u0131c\u0131lar\u0131n son durumuna ili\u015fkin yaz\u0131l\u0131 a\u00e7\u0131klama yapt\u0131. S\u00fcreci anl\u0131k takip ettiklerini ve gerekli t\u00fcm tedbirlerin al\u0131nd\u0131\u011f\u0131n\u0131 belirten Uralo\u011flu, &#8220;\u0130ran, \u0130srail, Irak, Katar, Bahreyn, Kuveyt, \u00dcrd\u00fcn ve Suriye&#8217;nin g\u00fcney k\u0131sm\u0131nda hava sahas\u0131na y\u00f6nelik kapal\u0131l\u0131k NOTAM&#8217;lar\u0131 devam ediyor. Umman, [&hellip;]<\/p>\n","protected":false},"author":1,"featured_media":34952,"comment_status":"open","ping_status":"open","sticky":false,"template":"","format":"standard","meta":{"jnews-multi-image_gallery":[],"jnews_single_post":[],"jnews_primary_category":[],"footnotes":""},"categories":[1],"tags":[],"class_list":["post-34951","post","type-post","status-publish","format-standard","has-post-thumbnail","hentry","category-kibris"],"yoast_head":"<!-- This site is optimized with the Yoast SEO plugin v27.5 - https:\/\/yoast.com\/product\/yoast-seo-wordpress\/ -->\n<title>Uralo\u011flu: U\u00e7u\u015flar, be\u015f \u00fclkeye 6 Mart\u2019a, d\u00f6rt \u00fclkeye ise 3 Mart\u2019ta kadar iptal edildi - Haber Kuzey<\/title>\n<meta name=\"robots\" content=\"index, follow, max-snippet:-1, max-image-preview:large, max-video-preview:-1\" \/>\n<link rel=\"canonical\" href=\"https:\/\/haberkuzey.com\/index.php\/2026\/03\/02\/uraloglu-ucuslar-bes-ulkeye-6-marta-dort-ulkeye-ise-3-martta-kadar-iptal-edildi\/\" \/>\n<meta property=\"og:locale\" content=\"tr_TR\" \/>\n<meta property=\"og:type\" content=\"article\" \/>\n<meta property=\"og:title\" content=\"Uralo\u011flu: U\u00e7u\u015flar, be\u015f \u00fclkeye 6 Mart\u2019a, d\u00f6rt \u00fclkeye ise 3 Mart\u2019ta kadar iptal edildi - Haber Kuzey\" \/>\n<meta property=\"og:description\" content=\"Uralo\u011flu, ABD ve \u0130srail&#8217;in \u0130ran&#8217;a y\u00f6nelik sald\u0131r\u0131 ba\u015flatmas\u0131 ve \u0130ran&#8217;dan gelen misilleme sonras\u0131nda b\u00f6lgedeki hava sahalar\u0131 ve T\u00fcrk ta\u015f\u0131y\u0131c\u0131lar\u0131n son durumuna ili\u015fkin yaz\u0131l\u0131 a\u00e7\u0131klama yapt\u0131. S\u00fcreci anl\u0131k takip ettiklerini ve gerekli t\u00fcm tedbirlerin al\u0131nd\u0131\u011f\u0131n\u0131 belirten Uralo\u011flu, &#8220;\u0130ran, \u0130srail, Irak, Katar, Bahreyn, Kuveyt, \u00dcrd\u00fcn ve Suriye&#8217;nin g\u00fcney k\u0131sm\u0131nda hava sahas\u0131na y\u00f6nelik kapal\u0131l\u0131k NOTAM&#8217;lar\u0131 devam ediyor. Umman, [&hellip;]\" \/>\n<meta property=\"og:url\" content=\"https:\/\/haberkuzey.com\/index.php\/2026\/03\/02\/uraloglu-ucuslar-bes-ulkeye-6-marta-dort-ulkeye-ise-3-martta-kadar-iptal-edildi\/\" \/>\n<meta property=\"og:site_name\" content=\"Haber Kuzey\" \/>\n<meta property=\"article:published_time\" content=\"2026-03-02T13:08:36+00:00\" \/>\n<meta name=\"author\" content=\"haberkuzey\" \/>\n<meta name=\"twitter:card\" content=\"summary_large_image\" \/>\n<meta name=\"twitter:label1\" content=\"Yazan:\" \/>\n\t<meta name=\"twitter:data1\" content=\"haberkuzey\" \/>\n\t<meta name=\"twitter:label2\" content=\"Tahmini okuma s\u00fcresi\" \/>\n\t<meta name=\"twitter:data2\" content=\"2 dakika\" \/>\n<script type=\"application\/ld+json\" class=\"yoast-schema-graph\">{\"@context\":\"https:\\\/\\\/schema.org\",\"@graph\":[{\"@type\":\"Article\",\"@id\":\"https:\\\/\\\/haberkuzey.com\\\/index.php\\\/2026\\\/03\\\/02\\\/uraloglu-ucuslar-bes-ulkeye-6-marta-dort-ulkeye-ise-3-martta-kadar-iptal-edildi\\\/#article\",\"isPartOf\":{\"@id\":\"https:\\\/\\\/haberkuzey.com\\\/index.php\\\/2026\\\/03\\\/02\\\/uraloglu-ucuslar-bes-ulkeye-6-marta-dort-ulkeye-ise-3-martta-kadar-iptal-edildi\\\/\"},\"author\":{\"name\":\"haberkuzey\",\"@id\":\"https:\\\/\\\/haberkuzey.com\\\/#\\\/schema\\\/person\\\/3372109ec735f9333f4fa47ebb9605ca\"},\"headline\":\"Uralo\u011flu: U\u00e7u\u015flar, be\u015f \u00fclkeye 6 Mart\u2019a, d\u00f6rt \u00fclkeye ise 3 Mart\u2019ta kadar iptal edildi\",\"datePublished\":\"2026-03-02T13:08:36+00:00\",\"mainEntityOfPage\":{\"@id\":\"https:\\\/\\\/haberkuzey.com\\\/index.php\\\/2026\\\/03\\\/02\\\/uraloglu-ucuslar-bes-ulkeye-6-marta-dort-ulkeye-ise-3-martta-kadar-iptal-edildi\\\/\"},\"wordCount\":446,\"commentCount\":0,\"image\":{\"@id\":\"https:\\\/\\\/haberkuzey.com\\\/index.php\\\/2026\\\/03\\\/02\\\/uraloglu-ucuslar-bes-ulkeye-6-marta-dort-ulkeye-ise-3-martta-kadar-iptal-edildi\\\/#primaryimage\"},\"thumbnailUrl\":\"https:\\\/\\\/haberkuzey.com\\\/wp-content\\\/uploads\\\/2026\\\/03\\\/IMG_7785.jpeg\",\"articleSection\":[\"K\u0131br\u0131s\"],\"inLanguage\":\"tr\",\"potentialAction\":[{\"@type\":\"CommentAction\",\"name\":\"Comment\",\"target\":[\"https:\\\/\\\/haberkuzey.com\\\/index.php\\\/2026\\\/03\\\/02\\\/uraloglu-ucuslar-bes-ulkeye-6-marta-dort-ulkeye-ise-3-martta-kadar-iptal-edildi\\\/#respond\"]}]},{\"@type\":\"WebPage\",\"@id\":\"https:\\\/\\\/haberkuzey.com\\\/index.php\\\/2026\\\/03\\\/02\\\/uraloglu-ucuslar-bes-ulkeye-6-marta-dort-ulkeye-ise-3-martta-kadar-iptal-edildi\\\/\",\"url\":\"https:\\\/\\\/haberkuzey.com\\\/index.php\\\/2026\\\/03\\\/02\\\/uraloglu-ucuslar-bes-ulkeye-6-marta-dort-ulkeye-ise-3-martta-kadar-iptal-edildi\\\/\",\"name\":\"Uralo\u011flu: U\u00e7u\u015flar, be\u015f \u00fclkeye 6 Mart\u2019a, d\u00f6rt \u00fclkeye ise 3 Mart\u2019ta kadar iptal edildi - Haber Kuzey\",\"isPartOf\":{\"@id\":\"https:\\\/\\\/haberkuzey.com\\\/#website\"},\"primaryImageOfPage\":{\"@id\":\"https:\\\/\\\/haberkuzey.com\\\/index.php\\\/2026\\\/03\\\/02\\\/uraloglu-ucuslar-bes-ulkeye-6-marta-dort-ulkeye-ise-3-martta-kadar-iptal-edildi\\\/#primaryimage\"},\"image\":{\"@id\":\"https:\\\/\\\/haberkuzey.com\\\/index.php\\\/2026\\\/03\\\/02\\\/uraloglu-ucuslar-bes-ulkeye-6-marta-dort-ulkeye-ise-3-martta-kadar-iptal-edildi\\\/#primaryimage\"},\"thumbnailUrl\":\"https:\\\/\\\/haberkuzey.com\\\/wp-content\\\/uploads\\\/2026\\\/03\\\/IMG_7785.jpeg\",\"datePublished\":\"2026-03-02T13:08:36+00:00\",\"author\":{\"@id\":\"https:\\\/\\\/haberkuzey.com\\\/#\\\/schema\\\/person\\\/3372109ec735f9333f4fa47ebb9605ca\"},\"breadcrumb\":{\"@id\":\"https:\\\/\\\/haberkuzey.com\\\/index.php\\\/2026\\\/03\\\/02\\\/uraloglu-ucuslar-bes-ulkeye-6-marta-dort-ulkeye-ise-3-martta-kadar-iptal-edildi\\\/#breadcrumb\"},\"inLanguage\":\"tr\",\"potentialAction\":[{\"@type\":\"ReadAction\",\"target\":[\"https:\\\/\\\/haberkuzey.com\\\/index.php\\\/2026\\\/03\\\/02\\\/uraloglu-ucuslar-bes-ulkeye-6-marta-dort-ulkeye-ise-3-martta-kadar-iptal-edildi\\\/\"]}]},{\"@type\":\"ImageObject\",\"inLanguage\":\"tr\",\"@id\":\"https:\\\/\\\/haberkuzey.com\\\/index.php\\\/2026\\\/03\\\/02\\\/uraloglu-ucuslar-bes-ulkeye-6-marta-dort-ulkeye-ise-3-martta-kadar-iptal-edildi\\\/#primaryimage\",\"url\":\"https:\\\/\\\/haberkuzey.com\\\/wp-content\\\/uploads\\\/2026\\\/03\\\/IMG_7785.jpeg\",\"contentUrl\":\"https:\\\/\\\/haberkuzey.com\\\/wp-content\\\/uploads\\\/2026\\\/03\\\/IMG_7785.jpeg\",\"width\":620,\"height\":350},{\"@type\":\"BreadcrumbList\",\"@id\":\"https:\\\/\\\/haberkuzey.com\\\/index.php\\\/2026\\\/03\\\/02\\\/uraloglu-ucuslar-bes-ulkeye-6-marta-dort-ulkeye-ise-3-martta-kadar-iptal-edildi\\\/#breadcrumb\",\"itemListElement\":[{\"@type\":\"ListItem\",\"position\":1,\"name\":\"Anasayfa\",\"item\":\"https:\\\/\\\/haberkuzey.com\\\/\"},{\"@type\":\"ListItem\",\"position\":2,\"name\":\"Uralo\u011flu: U\u00e7u\u015flar, be\u015f \u00fclkeye 6 Mart\u2019a, d\u00f6rt \u00fclkeye ise 3 Mart\u2019ta kadar iptal edildi\"}]},{\"@type\":\"WebSite\",\"@id\":\"https:\\\/\\\/haberkuzey.com\\\/#website\",\"url\":\"https:\\\/\\\/haberkuzey.com\\\/\",\"name\":\"Haber Kuzey\",\"description\":\"Do\u011fru Haberin Adresi\",\"potentialAction\":[{\"@type\":\"SearchAction\",\"target\":{\"@type\":\"EntryPoint\",\"urlTemplate\":\"https:\\\/\\\/haberkuzey.com\\\/?s={search_term_string}\"},\"query-input\":{\"@type\":\"PropertyValueSpecification\",\"valueRequired\":true,\"valueName\":\"search_term_string\"}}],\"inLanguage\":\"tr\"},{\"@type\":\"Person\",\"@id\":\"https:\\\/\\\/haberkuzey.com\\\/#\\\/schema\\\/person\\\/3372109ec735f9333f4fa47ebb9605ca\",\"name\":\"haberkuzey\",\"image\":{\"@type\":\"ImageObject\",\"inLanguage\":\"tr\",\"@id\":\"https:\\\/\\\/secure.gravatar.com\\\/avatar\\\/f5fc875574b1575324358c3b9e6a32b8227aa5b74f3fa22e3cadb63e26fcc39c?s=96&d=mm&r=g\",\"url\":\"https:\\\/\\\/secure.gravatar.com\\\/avatar\\\/f5fc875574b1575324358c3b9e6a32b8227aa5b74f3fa22e3cadb63e26fcc39c?s=96&d=mm&r=g\",\"contentUrl\":\"https:\\\/\\\/secure.gravatar.com\\\/avatar\\\/f5fc875574b1575324358c3b9e6a32b8227aa5b74f3fa22e3cadb63e26fcc39c?s=96&d=mm&r=g\",\"caption\":\"haberkuzey\"},\"sameAs\":[\"https:\\\/\\\/haberkuzey.com\"],\"url\":\"https:\\\/\\\/haberkuzey.com\\\/index.php\\\/author\\\/haberkuzey\\\/\"}]}<\/script>\n<!-- \/ Yoast SEO plugin. -->","yoast_head_json":{"title":"Uralo\u011flu: U\u00e7u\u015flar, be\u015f \u00fclkeye 6 Mart\u2019a, d\u00f6rt \u00fclkeye ise 3 Mart\u2019ta kadar iptal edildi - Haber Kuzey","robots":{"index":"index","follow":"follow","max-snippet":"max-snippet:-1","max-image-preview":"max-image-preview:large","max-video-preview":"max-video-preview:-1"},"canonical":"https:\/\/haberkuzey.com\/index.php\/2026\/03\/02\/uraloglu-ucuslar-bes-ulkeye-6-marta-dort-ulkeye-ise-3-martta-kadar-iptal-edildi\/","og_locale":"tr_TR","og_type":"article","og_title":"Uralo\u011flu: U\u00e7u\u015flar, be\u015f \u00fclkeye 6 Mart\u2019a, d\u00f6rt \u00fclkeye ise 3 Mart\u2019ta kadar iptal edildi - Haber Kuzey","og_description":"Uralo\u011flu, ABD ve \u0130srail&#8217;in \u0130ran&#8217;a y\u00f6nelik sald\u0131r\u0131 ba\u015flatmas\u0131 ve \u0130ran&#8217;dan gelen misilleme sonras\u0131nda b\u00f6lgedeki hava sahalar\u0131 ve T\u00fcrk ta\u015f\u0131y\u0131c\u0131lar\u0131n son durumuna ili\u015fkin yaz\u0131l\u0131 a\u00e7\u0131klama yapt\u0131. S\u00fcreci anl\u0131k takip ettiklerini ve gerekli t\u00fcm tedbirlerin al\u0131nd\u0131\u011f\u0131n\u0131 belirten Uralo\u011flu, &#8220;\u0130ran, \u0130srail, Irak, Katar, Bahreyn, Kuveyt, \u00dcrd\u00fcn ve Suriye&#8217;nin g\u00fcney k\u0131sm\u0131nda hava sahas\u0131na y\u00f6nelik kapal\u0131l\u0131k NOTAM&#8217;lar\u0131 devam ediyor. Umman, [&hellip;]","og_url":"https:\/\/haberkuzey.com\/index.php\/2026\/03\/02\/uraloglu-ucuslar-bes-ulkeye-6-marta-dort-ulkeye-ise-3-martta-kadar-iptal-edildi\/","og_site_name":"Haber Kuzey","article_published_time":"2026-03-02T13:08:36+00:00","author":"haberkuzey","twitter_card":"summary_large_image","twitter_misc":{"Yazan:":"haberkuzey","Tahmini okuma s\u00fcresi":"2 dakika"},"schema":{"@context":"https:\/\/schema.org","@graph":[{"@type":"Article","@id":"https:\/\/haberkuzey.com\/index.php\/2026\/03\/02\/uraloglu-ucuslar-bes-ulkeye-6-marta-dort-ulkeye-ise-3-martta-kadar-iptal-edildi\/#article","isPartOf":{"@id":"https:\/\/haberkuzey.com\/index.php\/2026\/03\/02\/uraloglu-ucuslar-bes-ulkeye-6-marta-dort-ulkeye-ise-3-martta-kadar-iptal-edildi\/"},"author":{"name":"haberkuzey","@id":"https:\/\/haberkuzey.com\/#\/schema\/person\/3372109ec735f9333f4fa47ebb9605ca"},"headline":"Uralo\u011flu: U\u00e7u\u015flar, be\u015f \u00fclkeye 6 Mart\u2019a, d\u00f6rt \u00fclkeye ise 3 Mart\u2019ta kadar iptal edildi","datePublished":"2026-03-02T13:08:36+00:00","mainEntityOfPage":{"@id":"https:\/\/haberkuzey.com\/index.php\/2026\/03\/02\/uraloglu-ucuslar-bes-ulkeye-6-marta-dort-ulkeye-ise-3-martta-kadar-iptal-edildi\/"},"wordCount":446,"commentCount":0,"image":{"@id":"https:\/\/haberkuzey.com\/index.php\/2026\/03\/02\/uraloglu-ucuslar-bes-ulkeye-6-marta-dort-ulkeye-ise-3-martta-kadar-iptal-edildi\/#primaryimage"},"thumbnailUrl":"https:\/\/haberkuzey.com\/wp-content\/uploads\/2026\/03\/IMG_7785.jpeg","articleSection":["K\u0131br\u0131s"],"inLanguage":"tr","potentialAction":[{"@type":"CommentAction","name":"Comment","target":["https:\/\/haberkuzey.com\/index.php\/2026\/03\/02\/uraloglu-ucuslar-bes-ulkeye-6-marta-dort-ulkeye-ise-3-martta-kadar-iptal-edildi\/#respond"]}]},{"@type":"WebPage","@id":"https:\/\/haberkuzey.com\/index.php\/2026\/03\/02\/uraloglu-ucuslar-bes-ulkeye-6-marta-dort-ulkeye-ise-3-martta-kadar-iptal-edildi\/","url":"https:\/\/haberkuzey.com\/index.php\/2026\/03\/02\/uraloglu-ucuslar-bes-ulkeye-6-marta-dort-ulkeye-ise-3-martta-kadar-iptal-edildi\/","name":"Uralo\u011flu: U\u00e7u\u015flar, be\u015f \u00fclkeye 6 Mart\u2019a, d\u00f6rt \u00fclkeye ise 3 Mart\u2019ta kadar iptal edildi - Haber Kuzey","isPartOf":{"@id":"https:\/\/haberkuzey.com\/#website"},"primaryImageOfPage":{"@id":"https:\/\/haberkuzey.com\/index.php\/2026\/03\/02\/uraloglu-ucuslar-bes-ulkeye-6-marta-dort-ulkeye-ise-3-martta-kadar-iptal-edildi\/#primaryimage"},"image":{"@id":"https:\/\/haberkuzey.com\/index.php\/2026\/03\/02\/uraloglu-ucuslar-bes-ulkeye-6-marta-dort-ulkeye-ise-3-martta-kadar-iptal-edildi\/#primaryimage"},"thumbnailUrl":"https:\/\/haberkuzey.com\/wp-content\/uploads\/2026\/03\/IMG_7785.jpeg","datePublished":"2026-03-02T13:08:36+00:00","author":{"@id":"https:\/\/haberkuzey.com\/#\/schema\/person\/3372109ec735f9333f4fa47ebb9605ca"},"breadcrumb":{"@id":"https:\/\/haberkuzey.com\/index.php\/2026\/03\/02\/uraloglu-ucuslar-bes-ulkeye-6-marta-dort-ulkeye-ise-3-martta-kadar-iptal-edildi\/#breadcrumb"},"inLanguage":"tr","potentialAction":[{"@type":"ReadAction","target":["https:\/\/haberkuzey.com\/index.php\/2026\/03\/02\/uraloglu-ucuslar-bes-ulkeye-6-marta-dort-ulkeye-ise-3-martta-kadar-iptal-edildi\/"]}]},{"@type":"ImageObject","inLanguage":"tr","@id":"https:\/\/haberkuzey.com\/index.php\/2026\/03\/02\/uraloglu-ucuslar-bes-ulkeye-6-marta-dort-ulkeye-ise-3-martta-kadar-iptal-edildi\/#primaryimage","url":"https:\/\/haberkuzey.com\/wp-content\/uploads\/2026\/03\/IMG_7785.jpeg","contentUrl":"https:\/\/haberkuzey.com\/wp-content\/uploads\/2026\/03\/IMG_7785.jpeg","width":620,"height":350},{"@type":"BreadcrumbList","@id":"https:\/\/haberkuzey.com\/index.php\/2026\/03\/02\/uraloglu-ucuslar-bes-ulkeye-6-marta-dort-ulkeye-ise-3-martta-kadar-iptal-edildi\/#breadcrumb","itemListElement":[{"@type":"ListItem","position":1,"name":"Anasayfa","item":"https:\/\/haberkuzey.com\/"},{"@type":"ListItem","position":2,"name":"Uralo\u011flu: U\u00e7u\u015flar, be\u015f \u00fclkeye 6 Mart\u2019a, d\u00f6rt \u00fclkeye ise 3 Mart\u2019ta kadar iptal edildi"}]},{"@type":"WebSite","@id":"https:\/\/haberkuzey.com\/#website","url":"https:\/\/haberkuzey.com\/","name":"Haber Kuzey","description":"Do\u011fru Haberin Adresi","potentialAction":[{"@type":"SearchAction","target":{"@type":"EntryPoint","urlTemplate":"https:\/\/haberkuzey.com\/?s={search_term_string}"},"query-input":{"@type":"PropertyValueSpecification","valueRequired":true,"valueName":"search_term_string"}}],"inLanguage":"tr"},{"@type":"Person","@id":"https:\/\/haberkuzey.com\/#\/schema\/person\/3372109ec735f9333f4fa47ebb9605ca","name":"haberkuzey","image":{"@type":"ImageObject","inLanguage":"tr","@id":"https:\/\/secure.gravatar.com\/avatar\/f5fc875574b1575324358c3b9e6a32b8227aa5b74f3fa22e3cadb63e26fcc39c?s=96&d=mm&r=g","url":"https:\/\/secure.gravatar.com\/avatar\/f5fc875574b1575324358c3b9e6a32b8227aa5b74f3fa22e3cadb63e26fcc39c?s=96&d=mm&r=g","contentUrl":"https:\/\/secure.gravatar.com\/avatar\/f5fc875574b1575324358c3b9e6a32b8227aa5b74f3fa22e3cadb63e26fcc39c?s=96&d=mm&r=g","caption":"haberkuzey"},"sameAs":["https:\/\/haberkuzey.com"],"url":"https:\/\/haberkuzey.com\/index.php\/author\/haberkuzey\/"}]}},"_links":{"self":[{"href":"https:\/\/haberkuzey.com\/index.php\/wp-json\/wp\/v2\/posts\/34951","targetHints":{"allow":["GET"]}}],"collection":[{"href":"https:\/\/haberkuzey.com\/index.php\/wp-json\/wp\/v2\/posts"}],"about":[{"href":"https:\/\/haberkuzey.com\/index.php\/wp-json\/wp\/v2\/types\/post"}],"author":[{"embeddable":true,"href":"https:\/\/haberkuzey.com\/index.php\/wp-json\/wp\/v2\/users\/1"}],"replies":[{"embeddable":true,"href":"https:\/\/haberkuzey.com\/index.php\/wp-json\/wp\/v2\/comments?post=34951"}],"version-history":[{"count":0,"href":"https:\/\/haberkuzey.com\/index.php\/wp-json\/wp\/v2\/posts\/34951\/revisions"}],"wp:featuredmedia":[{"embeddable":true,"href":"https:\/\/haberkuzey.com\/index.php\/wp-json\/wp\/v2\/media\/34952"}],"wp:attachment":[{"href":"https:\/\/haberkuzey.com\/index.php\/wp-json\/wp\/v2\/media?parent=34951"}],"wp:term":[{"taxonomy":"category","embeddable":true,"href":"https:\/\/haberkuzey.com\/index.php\/wp-json\/wp\/v2\/categories?post=34951"},{"taxonomy":"post_tag","embeddable":true,"href":"https:\/\/haberkuzey.com\/index.php\/wp-json\/wp\/v2\/tags?post=34951"}],"curies":[{"name":"wp","href":"https:\/\/api.w.org\/{rel}","templated":true}]}}