{"id":34943,"date":"2026-03-02T09:20:16","date_gmt":"2026-03-02T07:20:16","guid":{"rendered":"https:\/\/haberkuzey.com\/index.php\/2026\/03\/02\/karaveliogludovizde-ani-patlama-beklemiyorum\/"},"modified":"2026-03-02T09:20:16","modified_gmt":"2026-03-02T07:20:16","slug":"karaveliogludovizde-ani-patlama-beklemiyorum","status":"publish","type":"post","link":"https:\/\/haberkuzey.com\/index.php\/2026\/03\/02\/karaveliogludovizde-ani-patlama-beklemiyorum\/","title":{"rendered":"Karavelio\u011flu:\u201dD\u00f6vizde ani patlama beklemiyorum\u201d"},"content":{"rendered":"<p>Karavelio\u011flu, firmalara vadeli d\u00f6viz sat\u0131n alma opsiyonlar\u0131n\u0131n a\u00e7\u0131ld\u0131\u011f\u0131n\u0131 ve TCMB\u2019nin dolar kurunu kontrol edebilecek rezerv g\u00fcc\u00fcne sahip oldu\u011funu belirtti. Olas\u0131 d\u00f6viz talebine kar\u015f\u0131 yasal d\u00fczenlemelerin de yap\u0131ld\u0131\u011f\u0131n\u0131 ifade eden Karavelio\u011flu, kurda sert s\u0131\u00e7ramalar\u0131n beklenmedi\u011fini kaydetti.<\/p>\n<p>Borsa taraf\u0131nda ise temkinli olunmas\u0131 gerekti\u011fini vurgulayan Karavelio\u011flu, tepki sat\u0131\u015flar\u0131n\u0131n gelebilece\u011fini ve d\u00fc\u015f\u00fc\u015f beklentisinin \u00f6ne \u00e7\u0131kt\u0131\u011f\u0131n\u0131 dile getirdi.<\/p>\n<p>Belirsizlik d\u00f6nemlerinde yat\u0131r\u0131mc\u0131lar\u0131n de\u011ferli metallere y\u00f6neldi\u011fini belirten Karavelio\u011flu, alt\u0131n ve g\u00fcm\u00fc\u015f fiyatlar\u0131nda art\u0131\u015f beklendi\u011fini ancak h\u0131zl\u0131 ve sa\u011fl\u0131ks\u0131z haber ak\u0131\u015f\u0131n\u0131n oldu\u011fu d\u00f6nemlerde ani hareketlerden ka\u00e7\u0131n\u0131lmas\u0131 gerekti\u011fini s\u00f6yledi.<\/p>\n<p>Petrol fiyatlar\u0131ndaki y\u00fckseli\u015fe de dikkat \u00e7eken Karavelio\u011flu, Brent petrol\u00fcn 72 dolara \u00e7\u0131kt\u0131\u011f\u0131n\u0131 hat\u0131rlatarak, petrol ve petrol \u00fcr\u00fcnlerinin en b\u00fcy\u00fck ithalat kalemi oldu\u011funu ve fiyat art\u0131\u015flar\u0131n\u0131n enflasyonu yukar\u0131 y\u00f6nl\u00fc etkileyebilece\u011fini ifade etti.<\/p>\n<p>Karavelio\u011flu, yerel ekonomi y\u00f6netiminin de olas\u0131 senaryolar\u0131 dikkate alarak \u00f6nleyici bir ekonomik paket haz\u0131rlamas\u0131n\u0131n faydal\u0131 olaca\u011f\u0131n\u0131 s\u00f6zlerine ekledi.<\/p>\n<p>&nbsp;<\/p>\n<p>Karavelio\u011flu:\u201dD\u00f6vizde ani patlama beklemiyorum\u201d yaz\u0131s\u0131 ilk \u00f6nce K\u0131br\u0131s Hakikat \u00fczerinde ortaya \u00e7\u0131kt\u0131.<\/p>\n","protected":false},"excerpt":{"rendered":"<p>Karavelio\u011flu, firmalara vadeli d\u00f6viz sat\u0131n alma opsiyonlar\u0131n\u0131n a\u00e7\u0131ld\u0131\u011f\u0131n\u0131 ve TCMB\u2019nin dolar kurunu kontrol edebilecek rezerv g\u00fcc\u00fcne sahip oldu\u011funu belirtti. Olas\u0131 d\u00f6viz talebine kar\u015f\u0131 yasal d\u00fczenlemelerin de yap\u0131ld\u0131\u011f\u0131n\u0131 ifade eden Karavelio\u011flu, kurda sert s\u0131\u00e7ramalar\u0131n beklenmedi\u011fini kaydetti. Borsa taraf\u0131nda ise temkinli olunmas\u0131 gerekti\u011fini vurgulayan Karavelio\u011flu, tepki sat\u0131\u015flar\u0131n\u0131n gelebilece\u011fini ve d\u00fc\u015f\u00fc\u015f beklentisinin \u00f6ne \u00e7\u0131kt\u0131\u011f\u0131n\u0131 dile getirdi. Belirsizlik d\u00f6nemlerinde [&hellip;]<\/p>\n","protected":false},"author":1,"featured_media":34944,"comment_status":"open","ping_status":"open","sticky":false,"template":"","format":"standard","meta":{"jnews-multi-image_gallery":[],"jnews_single_post":[],"jnews_primary_category":[],"footnotes":""},"categories":[1],"tags":[],"class_list":["post-34943","post","type-post","status-publish","format-standard","has-post-thumbnail","hentry","category-kibris"],"yoast_head":"<!-- This site is optimized with the Yoast SEO plugin v27.5 - https:\/\/yoast.com\/product\/yoast-seo-wordpress\/ -->\n<title>Karavelio\u011flu:\u201dD\u00f6vizde ani patlama beklemiyorum\u201d - Haber Kuzey<\/title>\n<meta name=\"robots\" content=\"index, follow, max-snippet:-1, max-image-preview:large, max-video-preview:-1\" \/>\n<link rel=\"canonical\" href=\"https:\/\/haberkuzey.com\/index.php\/2026\/03\/02\/karaveliogludovizde-ani-patlama-beklemiyorum\/\" \/>\n<meta property=\"og:locale\" content=\"tr_TR\" \/>\n<meta property=\"og:type\" content=\"article\" \/>\n<meta property=\"og:title\" content=\"Karavelio\u011flu:\u201dD\u00f6vizde ani patlama beklemiyorum\u201d - Haber Kuzey\" \/>\n<meta property=\"og:description\" content=\"Karavelio\u011flu, firmalara vadeli d\u00f6viz sat\u0131n alma opsiyonlar\u0131n\u0131n a\u00e7\u0131ld\u0131\u011f\u0131n\u0131 ve TCMB\u2019nin dolar kurunu kontrol edebilecek rezerv g\u00fcc\u00fcne sahip oldu\u011funu belirtti. Olas\u0131 d\u00f6viz talebine kar\u015f\u0131 yasal d\u00fczenlemelerin de yap\u0131ld\u0131\u011f\u0131n\u0131 ifade eden Karavelio\u011flu, kurda sert s\u0131\u00e7ramalar\u0131n beklenmedi\u011fini kaydetti. Borsa taraf\u0131nda ise temkinli olunmas\u0131 gerekti\u011fini vurgulayan Karavelio\u011flu, tepki sat\u0131\u015flar\u0131n\u0131n gelebilece\u011fini ve d\u00fc\u015f\u00fc\u015f beklentisinin \u00f6ne \u00e7\u0131kt\u0131\u011f\u0131n\u0131 dile getirdi. Belirsizlik d\u00f6nemlerinde [&hellip;]\" \/>\n<meta property=\"og:url\" content=\"https:\/\/haberkuzey.com\/index.php\/2026\/03\/02\/karaveliogludovizde-ani-patlama-beklemiyorum\/\" \/>\n<meta property=\"og:site_name\" content=\"Haber Kuzey\" \/>\n<meta property=\"article:published_time\" content=\"2026-03-02T07:20:16+00:00\" \/>\n<meta name=\"author\" content=\"haberkuzey\" \/>\n<meta name=\"twitter:card\" content=\"summary_large_image\" \/>\n<meta name=\"twitter:label1\" content=\"Yazan:\" \/>\n\t<meta name=\"twitter:data1\" content=\"haberkuzey\" \/>\n\t<meta name=\"twitter:label2\" content=\"Tahmini okuma s\u00fcresi\" \/>\n\t<meta name=\"twitter:data2\" content=\"1 dakika\" \/>\n<script type=\"application\/ld+json\" class=\"yoast-schema-graph\">{\"@context\":\"https:\\\/\\\/schema.org\",\"@graph\":[{\"@type\":\"Article\",\"@id\":\"https:\\\/\\\/haberkuzey.com\\\/index.php\\\/2026\\\/03\\\/02\\\/karaveliogludovizde-ani-patlama-beklemiyorum\\\/#article\",\"isPartOf\":{\"@id\":\"https:\\\/\\\/haberkuzey.com\\\/index.php\\\/2026\\\/03\\\/02\\\/karaveliogludovizde-ani-patlama-beklemiyorum\\\/\"},\"author\":{\"name\":\"haberkuzey\",\"@id\":\"https:\\\/\\\/haberkuzey.com\\\/#\\\/schema\\\/person\\\/3372109ec735f9333f4fa47ebb9605ca\"},\"headline\":\"Karavelio\u011flu:\u201dD\u00f6vizde ani patlama beklemiyorum\u201d\",\"datePublished\":\"2026-03-02T07:20:16+00:00\",\"mainEntityOfPage\":{\"@id\":\"https:\\\/\\\/haberkuzey.com\\\/index.php\\\/2026\\\/03\\\/02\\\/karaveliogludovizde-ani-patlama-beklemiyorum\\\/\"},\"wordCount\":229,\"commentCount\":0,\"image\":{\"@id\":\"https:\\\/\\\/haberkuzey.com\\\/index.php\\\/2026\\\/03\\\/02\\\/karaveliogludovizde-ani-patlama-beklemiyorum\\\/#primaryimage\"},\"thumbnailUrl\":\"https:\\\/\\\/haberkuzey.com\\\/wp-content\\\/uploads\\\/2026\\\/03\\\/Basit-Metin-ve-Fotograf-Yeni-Sarki-Videosu-Youtube-Kucuk-Resmi-1.png\",\"articleSection\":[\"K\u0131br\u0131s\"],\"inLanguage\":\"tr\",\"potentialAction\":[{\"@type\":\"CommentAction\",\"name\":\"Comment\",\"target\":[\"https:\\\/\\\/haberkuzey.com\\\/index.php\\\/2026\\\/03\\\/02\\\/karaveliogludovizde-ani-patlama-beklemiyorum\\\/#respond\"]}]},{\"@type\":\"WebPage\",\"@id\":\"https:\\\/\\\/haberkuzey.com\\\/index.php\\\/2026\\\/03\\\/02\\\/karaveliogludovizde-ani-patlama-beklemiyorum\\\/\",\"url\":\"https:\\\/\\\/haberkuzey.com\\\/index.php\\\/2026\\\/03\\\/02\\\/karaveliogludovizde-ani-patlama-beklemiyorum\\\/\",\"name\":\"Karavelio\u011flu:\u201dD\u00f6vizde ani patlama beklemiyorum\u201d - Haber Kuzey\",\"isPartOf\":{\"@id\":\"https:\\\/\\\/haberkuzey.com\\\/#website\"},\"primaryImageOfPage\":{\"@id\":\"https:\\\/\\\/haberkuzey.com\\\/index.php\\\/2026\\\/03\\\/02\\\/karaveliogludovizde-ani-patlama-beklemiyorum\\\/#primaryimage\"},\"image\":{\"@id\":\"https:\\\/\\\/haberkuzey.com\\\/index.php\\\/2026\\\/03\\\/02\\\/karaveliogludovizde-ani-patlama-beklemiyorum\\\/#primaryimage\"},\"thumbnailUrl\":\"https:\\\/\\\/haberkuzey.com\\\/wp-content\\\/uploads\\\/2026\\\/03\\\/Basit-Metin-ve-Fotograf-Yeni-Sarki-Videosu-Youtube-Kucuk-Resmi-1.png\",\"datePublished\":\"2026-03-02T07:20:16+00:00\",\"author\":{\"@id\":\"https:\\\/\\\/haberkuzey.com\\\/#\\\/schema\\\/person\\\/3372109ec735f9333f4fa47ebb9605ca\"},\"breadcrumb\":{\"@id\":\"https:\\\/\\\/haberkuzey.com\\\/index.php\\\/2026\\\/03\\\/02\\\/karaveliogludovizde-ani-patlama-beklemiyorum\\\/#breadcrumb\"},\"inLanguage\":\"tr\",\"potentialAction\":[{\"@type\":\"ReadAction\",\"target\":[\"https:\\\/\\\/haberkuzey.com\\\/index.php\\\/2026\\\/03\\\/02\\\/karaveliogludovizde-ani-patlama-beklemiyorum\\\/\"]}]},{\"@type\":\"ImageObject\",\"inLanguage\":\"tr\",\"@id\":\"https:\\\/\\\/haberkuzey.com\\\/index.php\\\/2026\\\/03\\\/02\\\/karaveliogludovizde-ani-patlama-beklemiyorum\\\/#primaryimage\",\"url\":\"https:\\\/\\\/haberkuzey.com\\\/wp-content\\\/uploads\\\/2026\\\/03\\\/Basit-Metin-ve-Fotograf-Yeni-Sarki-Videosu-Youtube-Kucuk-Resmi-1.png\",\"contentUrl\":\"https:\\\/\\\/haberkuzey.com\\\/wp-content\\\/uploads\\\/2026\\\/03\\\/Basit-Metin-ve-Fotograf-Yeni-Sarki-Videosu-Youtube-Kucuk-Resmi-1.png\",\"width\":1280,\"height\":720},{\"@type\":\"BreadcrumbList\",\"@id\":\"https:\\\/\\\/haberkuzey.com\\\/index.php\\\/2026\\\/03\\\/02\\\/karaveliogludovizde-ani-patlama-beklemiyorum\\\/#breadcrumb\",\"itemListElement\":[{\"@type\":\"ListItem\",\"position\":1,\"name\":\"Anasayfa\",\"item\":\"https:\\\/\\\/haberkuzey.com\\\/\"},{\"@type\":\"ListItem\",\"position\":2,\"name\":\"Karavelio\u011flu:\u201dD\u00f6vizde ani patlama beklemiyorum\u201d\"}]},{\"@type\":\"WebSite\",\"@id\":\"https:\\\/\\\/haberkuzey.com\\\/#website\",\"url\":\"https:\\\/\\\/haberkuzey.com\\\/\",\"name\":\"Haber Kuzey\",\"description\":\"Do\u011fru Haberin Adresi\",\"potentialAction\":[{\"@type\":\"SearchAction\",\"target\":{\"@type\":\"EntryPoint\",\"urlTemplate\":\"https:\\\/\\\/haberkuzey.com\\\/?s={search_term_string}\"},\"query-input\":{\"@type\":\"PropertyValueSpecification\",\"valueRequired\":true,\"valueName\":\"search_term_string\"}}],\"inLanguage\":\"tr\"},{\"@type\":\"Person\",\"@id\":\"https:\\\/\\\/haberkuzey.com\\\/#\\\/schema\\\/person\\\/3372109ec735f9333f4fa47ebb9605ca\",\"name\":\"haberkuzey\",\"image\":{\"@type\":\"ImageObject\",\"inLanguage\":\"tr\",\"@id\":\"https:\\\/\\\/secure.gravatar.com\\\/avatar\\\/f5fc875574b1575324358c3b9e6a32b8227aa5b74f3fa22e3cadb63e26fcc39c?s=96&d=mm&r=g\",\"url\":\"https:\\\/\\\/secure.gravatar.com\\\/avatar\\\/f5fc875574b1575324358c3b9e6a32b8227aa5b74f3fa22e3cadb63e26fcc39c?s=96&d=mm&r=g\",\"contentUrl\":\"https:\\\/\\\/secure.gravatar.com\\\/avatar\\\/f5fc875574b1575324358c3b9e6a32b8227aa5b74f3fa22e3cadb63e26fcc39c?s=96&d=mm&r=g\",\"caption\":\"haberkuzey\"},\"sameAs\":[\"https:\\\/\\\/haberkuzey.com\"],\"url\":\"https:\\\/\\\/haberkuzey.com\\\/index.php\\\/author\\\/haberkuzey\\\/\"}]}<\/script>\n<!-- \/ Yoast SEO plugin. -->","yoast_head_json":{"title":"Karavelio\u011flu:\u201dD\u00f6vizde ani patlama beklemiyorum\u201d - Haber Kuzey","robots":{"index":"index","follow":"follow","max-snippet":"max-snippet:-1","max-image-preview":"max-image-preview:large","max-video-preview":"max-video-preview:-1"},"canonical":"https:\/\/haberkuzey.com\/index.php\/2026\/03\/02\/karaveliogludovizde-ani-patlama-beklemiyorum\/","og_locale":"tr_TR","og_type":"article","og_title":"Karavelio\u011flu:\u201dD\u00f6vizde ani patlama beklemiyorum\u201d - Haber Kuzey","og_description":"Karavelio\u011flu, firmalara vadeli d\u00f6viz sat\u0131n alma opsiyonlar\u0131n\u0131n a\u00e7\u0131ld\u0131\u011f\u0131n\u0131 ve TCMB\u2019nin dolar kurunu kontrol edebilecek rezerv g\u00fcc\u00fcne sahip oldu\u011funu belirtti. Olas\u0131 d\u00f6viz talebine kar\u015f\u0131 yasal d\u00fczenlemelerin de yap\u0131ld\u0131\u011f\u0131n\u0131 ifade eden Karavelio\u011flu, kurda sert s\u0131\u00e7ramalar\u0131n beklenmedi\u011fini kaydetti. Borsa taraf\u0131nda ise temkinli olunmas\u0131 gerekti\u011fini vurgulayan Karavelio\u011flu, tepki sat\u0131\u015flar\u0131n\u0131n gelebilece\u011fini ve d\u00fc\u015f\u00fc\u015f beklentisinin \u00f6ne \u00e7\u0131kt\u0131\u011f\u0131n\u0131 dile getirdi. Belirsizlik d\u00f6nemlerinde [&hellip;]","og_url":"https:\/\/haberkuzey.com\/index.php\/2026\/03\/02\/karaveliogludovizde-ani-patlama-beklemiyorum\/","og_site_name":"Haber Kuzey","article_published_time":"2026-03-02T07:20:16+00:00","author":"haberkuzey","twitter_card":"summary_large_image","twitter_misc":{"Yazan:":"haberkuzey","Tahmini okuma s\u00fcresi":"1 dakika"},"schema":{"@context":"https:\/\/schema.org","@graph":[{"@type":"Article","@id":"https:\/\/haberkuzey.com\/index.php\/2026\/03\/02\/karaveliogludovizde-ani-patlama-beklemiyorum\/#article","isPartOf":{"@id":"https:\/\/haberkuzey.com\/index.php\/2026\/03\/02\/karaveliogludovizde-ani-patlama-beklemiyorum\/"},"author":{"name":"haberkuzey","@id":"https:\/\/haberkuzey.com\/#\/schema\/person\/3372109ec735f9333f4fa47ebb9605ca"},"headline":"Karavelio\u011flu:\u201dD\u00f6vizde ani patlama beklemiyorum\u201d","datePublished":"2026-03-02T07:20:16+00:00","mainEntityOfPage":{"@id":"https:\/\/haberkuzey.com\/index.php\/2026\/03\/02\/karaveliogludovizde-ani-patlama-beklemiyorum\/"},"wordCount":229,"commentCount":0,"image":{"@id":"https:\/\/haberkuzey.com\/index.php\/2026\/03\/02\/karaveliogludovizde-ani-patlama-beklemiyorum\/#primaryimage"},"thumbnailUrl":"https:\/\/haberkuzey.com\/wp-content\/uploads\/2026\/03\/Basit-Metin-ve-Fotograf-Yeni-Sarki-Videosu-Youtube-Kucuk-Resmi-1.png","articleSection":["K\u0131br\u0131s"],"inLanguage":"tr","potentialAction":[{"@type":"CommentAction","name":"Comment","target":["https:\/\/haberkuzey.com\/index.php\/2026\/03\/02\/karaveliogludovizde-ani-patlama-beklemiyorum\/#respond"]}]},{"@type":"WebPage","@id":"https:\/\/haberkuzey.com\/index.php\/2026\/03\/02\/karaveliogludovizde-ani-patlama-beklemiyorum\/","url":"https:\/\/haberkuzey.com\/index.php\/2026\/03\/02\/karaveliogludovizde-ani-patlama-beklemiyorum\/","name":"Karavelio\u011flu:\u201dD\u00f6vizde ani patlama beklemiyorum\u201d - Haber Kuzey","isPartOf":{"@id":"https:\/\/haberkuzey.com\/#website"},"primaryImageOfPage":{"@id":"https:\/\/haberkuzey.com\/index.php\/2026\/03\/02\/karaveliogludovizde-ani-patlama-beklemiyorum\/#primaryimage"},"image":{"@id":"https:\/\/haberkuzey.com\/index.php\/2026\/03\/02\/karaveliogludovizde-ani-patlama-beklemiyorum\/#primaryimage"},"thumbnailUrl":"https:\/\/haberkuzey.com\/wp-content\/uploads\/2026\/03\/Basit-Metin-ve-Fotograf-Yeni-Sarki-Videosu-Youtube-Kucuk-Resmi-1.png","datePublished":"2026-03-02T07:20:16+00:00","author":{"@id":"https:\/\/haberkuzey.com\/#\/schema\/person\/3372109ec735f9333f4fa47ebb9605ca"},"breadcrumb":{"@id":"https:\/\/haberkuzey.com\/index.php\/2026\/03\/02\/karaveliogludovizde-ani-patlama-beklemiyorum\/#breadcrumb"},"inLanguage":"tr","potentialAction":[{"@type":"ReadAction","target":["https:\/\/haberkuzey.com\/index.php\/2026\/03\/02\/karaveliogludovizde-ani-patlama-beklemiyorum\/"]}]},{"@type":"ImageObject","inLanguage":"tr","@id":"https:\/\/haberkuzey.com\/index.php\/2026\/03\/02\/karaveliogludovizde-ani-patlama-beklemiyorum\/#primaryimage","url":"https:\/\/haberkuzey.com\/wp-content\/uploads\/2026\/03\/Basit-Metin-ve-Fotograf-Yeni-Sarki-Videosu-Youtube-Kucuk-Resmi-1.png","contentUrl":"https:\/\/haberkuzey.com\/wp-content\/uploads\/2026\/03\/Basit-Metin-ve-Fotograf-Yeni-Sarki-Videosu-Youtube-Kucuk-Resmi-1.png","width":1280,"height":720},{"@type":"BreadcrumbList","@id":"https:\/\/haberkuzey.com\/index.php\/2026\/03\/02\/karaveliogludovizde-ani-patlama-beklemiyorum\/#breadcrumb","itemListElement":[{"@type":"ListItem","position":1,"name":"Anasayfa","item":"https:\/\/haberkuzey.com\/"},{"@type":"ListItem","position":2,"name":"Karavelio\u011flu:\u201dD\u00f6vizde ani patlama beklemiyorum\u201d"}]},{"@type":"WebSite","@id":"https:\/\/haberkuzey.com\/#website","url":"https:\/\/haberkuzey.com\/","name":"Haber Kuzey","description":"Do\u011fru Haberin Adresi","potentialAction":[{"@type":"SearchAction","target":{"@type":"EntryPoint","urlTemplate":"https:\/\/haberkuzey.com\/?s={search_term_string}"},"query-input":{"@type":"PropertyValueSpecification","valueRequired":true,"valueName":"search_term_string"}}],"inLanguage":"tr"},{"@type":"Person","@id":"https:\/\/haberkuzey.com\/#\/schema\/person\/3372109ec735f9333f4fa47ebb9605ca","name":"haberkuzey","image":{"@type":"ImageObject","inLanguage":"tr","@id":"https:\/\/secure.gravatar.com\/avatar\/f5fc875574b1575324358c3b9e6a32b8227aa5b74f3fa22e3cadb63e26fcc39c?s=96&d=mm&r=g","url":"https:\/\/secure.gravatar.com\/avatar\/f5fc875574b1575324358c3b9e6a32b8227aa5b74f3fa22e3cadb63e26fcc39c?s=96&d=mm&r=g","contentUrl":"https:\/\/secure.gravatar.com\/avatar\/f5fc875574b1575324358c3b9e6a32b8227aa5b74f3fa22e3cadb63e26fcc39c?s=96&d=mm&r=g","caption":"haberkuzey"},"sameAs":["https:\/\/haberkuzey.com"],"url":"https:\/\/haberkuzey.com\/index.php\/author\/haberkuzey\/"}]}},"_links":{"self":[{"href":"https:\/\/haberkuzey.com\/index.php\/wp-json\/wp\/v2\/posts\/34943","targetHints":{"allow":["GET"]}}],"collection":[{"href":"https:\/\/haberkuzey.com\/index.php\/wp-json\/wp\/v2\/posts"}],"about":[{"href":"https:\/\/haberkuzey.com\/index.php\/wp-json\/wp\/v2\/types\/post"}],"author":[{"embeddable":true,"href":"https:\/\/haberkuzey.com\/index.php\/wp-json\/wp\/v2\/users\/1"}],"replies":[{"embeddable":true,"href":"https:\/\/haberkuzey.com\/index.php\/wp-json\/wp\/v2\/comments?post=34943"}],"version-history":[{"count":0,"href":"https:\/\/haberkuzey.com\/index.php\/wp-json\/wp\/v2\/posts\/34943\/revisions"}],"wp:featuredmedia":[{"embeddable":true,"href":"https:\/\/haberkuzey.com\/index.php\/wp-json\/wp\/v2\/media\/34944"}],"wp:attachment":[{"href":"https:\/\/haberkuzey.com\/index.php\/wp-json\/wp\/v2\/media?parent=34943"}],"wp:term":[{"taxonomy":"category","embeddable":true,"href":"https:\/\/haberkuzey.com\/index.php\/wp-json\/wp\/v2\/categories?post=34943"},{"taxonomy":"post_tag","embeddable":true,"href":"https:\/\/haberkuzey.com\/index.php\/wp-json\/wp\/v2\/tags?post=34943"}],"curies":[{"name":"wp","href":"https:\/\/api.w.org\/{rel}","templated":true}]}}