{"id":34941,"date":"2026-03-02T09:01:03","date_gmt":"2026-03-02T07:01:03","guid":{"rendered":"https:\/\/haberkuzey.com\/index.php\/2026\/03\/02\/israilin-saldirilari-sonrasi-lubnanda-goc-basladi\/"},"modified":"2026-03-02T09:01:03","modified_gmt":"2026-03-02T07:01:03","slug":"israilin-saldirilari-sonrasi-lubnanda-goc-basladi","status":"publish","type":"post","link":"https:\/\/haberkuzey.com\/index.php\/2026\/03\/02\/israilin-saldirilari-sonrasi-lubnanda-goc-basladi\/","title":{"rendered":"\u0130srail\u2019in sald\u0131r\u0131lar\u0131 sonras\u0131 L\u00fcbnan\u2019da g\u00f6\u00e7 ba\u015flad\u0131"},"content":{"rendered":"<p class=\"selectionShareable\">\u0130srail ordusu, Hizbullah&#8217;\u0131 hedef ald\u0131\u011f\u0131n\u0131 \u00f6ne s\u00fcrerek L\u00fcbnan geneline hava sald\u0131r\u0131lar\u0131 ba\u015flatt\u0131\u011f\u0131n\u0131 duyurdu.<\/p>\n<p class=\"selectionShareable\">Ordudan yap\u0131lan a\u00e7\u0131klamada, &#8220;\u0130srail jetlerinin Hizbullah&#8217;\u0131n f\u00fcze sald\u0131r\u0131s\u0131na kar\u015f\u0131l\u0131k olarak Hizbullah hedeflerine hava sald\u0131r\u0131lar\u0131 d\u00fczenledi\u011fi&#8221; bildirildi.<\/p>\n<p class=\"selectionShareable\">Hizbullah&#8217;\u0131n \u0130ran y\u00f6netimi ad\u0131na hareket etti\u011fi \u00f6ne s\u00fcr\u00fclen a\u00e7\u0131klamada, f\u00fcze sald\u0131r\u0131s\u0131na g\u00fc\u00e7l\u00fc kar\u015f\u0131l\u0131k verilece\u011fi vurguland\u0131.<\/p>\n<p class=\"selectionShareable\">A\u00e7\u0131klaman\u0131n ard\u0131ndan ba\u015fkent Beyrut&#8217;ta patlama sesleri duyuldu.<\/p>\n<p class=\"selectionShareable\">\u0130srail Ordu S\u00f6zc\u00fcs\u00fc Ella Waweya, ABD merkezli X \u015firketinin sosyal medya platformundaki hesab\u0131ndan payla\u015ft\u0131\u011f\u0131 g\u00f6r\u00fcnt\u00fcl\u00fc mesaj\u0131nda, L\u00fcbnan\u2019\u0131n g\u00fcneyi ile Bekaa Vadisi\u2019nde 50\u2019den fazla yerle\u015fim biriminin hedef al\u0131naca\u011f\u0131n\u0131 duyurdu, bu b\u00f6lgelerde ya\u015fayanlara evlerini derhal bo\u015faltmalar\u0131 y\u00f6n\u00fcnde \u00e7a\u011fr\u0131da bulundu.<\/p>\n<p class=\"selectionShareable\">Waweya, s\u00f6z konusu yerle\u015fimlerde ya\u015fayanlar\u0131n en az 1000 metre uzakl\u0131ktaki a\u00e7\u0131k alanlara gitmeleri \u00e7a\u011fr\u0131s\u0131nda bulundu.<\/p>\n<p class=\"selectionShareable\">\u0130srail\u2019in sald\u0131r\u0131 tehdidinin ard\u0131ndan L\u00fcbnan\u2019\u0131n g\u00fcneyi ve Bekaa Vadisi\u2019ndeki binlerce ki\u015fi \u00fclkenin kuzeyine do\u011fru g\u00f6\u00e7 etmeye ba\u015flad\u0131.<\/p>\n<p class=\"selectionShareable\">\u0130srail&#8217;in sald\u0131r\u0131 tehdidiyle evlerini terk etmek zorunda kalanlar, yollarda yo\u011fun trafik olu\u015fturdu.<\/p>\n<p class=\"selectionShareable\">Ordudan yap\u0131lan yaz\u0131l\u0131 a\u00e7\u0131klamada, gece saatlerinde L\u00fcbnan\u2019\u0131n ba\u015fkenti Beyrut\u2019a ger\u00e7ekle\u015ftirilen sald\u0131r\u0131larda Hizbullah\u2019\u0131n \u00fcst d\u00fczey isimlerinin hedef al\u0131nd\u0131\u011f\u0131 iddia edildi.<\/p>\n<p class=\"selectionShareable\">Beyrut\u2019ta Hizbullah\u2019\u0131n &#8220;\u00fcst d\u00fczey isimleri&#8221; ve L\u00fcbnan\u2019\u0131n g\u00fcneyinde \u00f6rg\u00fct\u00fcn &#8220;kilit bir isminin&#8221; hedef al\u0131nd\u0131\u011f\u0131 \u00f6ne s\u00fcr\u00fclen a\u00e7\u0131klamada, sald\u0131r\u0131lara ili\u015fkin ayr\u0131nt\u0131lar\u0131n daha sonra payla\u015f\u0131laca\u011f\u0131 vurguland\u0131.<\/p>\n<p class=\"selectionShareable\">Ordu S\u00f6zc\u00fcl\u00fc\u011f\u00fcnden yap\u0131lan a\u00e7\u0131klamada, L\u00fcbnan\u2019dan f\u00fcze at\u0131ld\u0131\u011f\u0131n\u0131n tespit edilmesinin ard\u0131ndan \u00fclkenin kuzeyinde sirenlerin devreye girdi\u011fi belirtildi.<\/p>\n<p class=\"selectionShareable\">ABD ve \u0130srail\u2019in \u0130ran\u2019a sald\u0131r\u0131lar ba\u015flatmas\u0131ndan bu yana L\u00fcbnan\u2019dan ilk kez \u0130srail&#8217;e sald\u0131r\u0131 oldu.<\/p>\n<p class=\"selectionShareable\">\u0130srail ordu s\u00f6zc\u00fcl\u00fc\u011f\u00fcnden AA muhabirinin konuya ili\u015fkin sorusu \u00fczerine yap\u0131lan a\u00e7\u0131klamada, L\u00fcbnan&#8217;dan at\u0131lan f\u00fczelerin engellendi\u011fi ifade edildi.<\/p>\n<p class=\"selectionShareable\">\u0130srail bas\u0131n\u0131, bunun, L\u00fcbnan ile \u0130srail aras\u0131nda 27 Kas\u0131m 2024&#8217;te sa\u011flanan ate\u015fkesten bu yana Hizbullah&#8217;\u0131n d\u00fczenledi\u011fi en \u015fiddetli sald\u0131r\u0131 oldu\u011funu yazd\u0131.<\/p>\n<p class=\"selectionShareable\">\u00d6te yandan, \u0130srail\u2019de yay\u0131n yapan Kanal 12 televizyonu, L\u00fcbnan\u2019dan 6 f\u00fcze at\u0131ld\u0131\u011f\u0131n\u0131 aktard\u0131.<\/p>\n<p class=\"selectionShareable\">Hizbullah yapt\u0131\u011f\u0131 yaz\u0131l\u0131 a\u00e7\u0131klamada \u0130srail&#8217;e y\u00f6nelik f\u00fcze sald\u0131r\u0131lar\u0131n\u0131 \u00fcstlendi. A\u00e7\u0131klamada, Hayfa&#8217;n\u0131n g\u00fcneyine f\u00fcze sald\u0131r\u0131lar\u0131 yap\u0131ld\u0131\u011f\u0131 bildirildi.<\/p>\n<p class=\"selectionShareable\">\u0130srail bas\u0131n\u0131na g\u00f6re, Hizbullah&#8217;\u0131n att\u0131\u011f\u0131 f\u00fczeler \u0130srail\u2019in lazerli hava savunma sistemiyle durduruldu.<\/p>\n<p class=\"selectionShareable\">L\u00fcbnan Cumhurba\u015fkan\u0131 Joseph Avn, \u0130srail\u2019in L\u00fcbnan\u2019a y\u00f6nelik sald\u0131r\u0131lar\u0131n\u0131 k\u0131nayarak, \u00fclkenin yeniden &#8220;kendisiyle ilgisi olmayan destek sava\u015flar\u0131n\u0131n platformu&#8221; haline getirilmesine devletin izin vermeyece\u011fini belirtti.<\/p>\n<p class=\"selectionShareable\">L\u00fcbnan resmi haber ajans\u0131 NNA\u2019n\u0131n haberine g\u00f6re, Avn, yapt\u0131\u011f\u0131 a\u00e7\u0131klamada, L\u00fcbnan topraklar\u0131ndan roket at\u0131lmas\u0131n\u0131n \u00fclkeyi b\u00f6lgedeki tehlikeli askeri \u00e7at\u0131\u015fmalar\u0131n i\u00e7ine \u00e7ekme riski ta\u015f\u0131d\u0131\u011f\u0131n\u0131, bunun devletin L\u00fcbnan\u2019\u0131 \u00e7at\u0131\u015fmalardan uzak tutma \u00e7abalar\u0131n\u0131 hedef ald\u0131\u011f\u0131n\u0131 s\u00f6yledi.<\/p>\n<p class=\"selectionShareable\">\u0130srail\u2019in L\u00fcbnan topraklar\u0131na y\u00f6nelik sald\u0131r\u0131lar\u0131n\u0131 da k\u0131nayan Avn, L\u00fcbnan\u2019\u0131n yeniden &#8220;kendisiyle ilgisi olmayan destek sava\u015flar\u0131n\u0131n platformu&#8221; haline getirilmesinin \u00fclkeyi yeni risklerle kar\u015f\u0131 kar\u015f\u0131ya b\u0131rakaca\u011f\u0131 uyar\u0131s\u0131nda bulundu.<\/p>\n<p class=\"selectionShareable\">Herhangi bir olumsuz geli\u015fmenin sorumlulu\u011funun, g\u00fcvenlik ve istikrar\u0131n korunmas\u0131na y\u00f6nelik tekrarlanan \u00e7a\u011fr\u0131lar\u0131 dikkate almayan taraflara ait olaca\u011f\u0131n\u0131 vurgulayan Avn, L\u00fcbnan devletinin b\u00f6yle bir durumun tekrarlanmas\u0131na izin vermeyece\u011fini ve L\u00fcbnan halk\u0131n\u0131n da bunu kabul etmeyece\u011fini kaydetti.<\/p>\n<p class=\"selectionShareable\">L\u00fcbnan Ba\u015fbakan\u0131 Nevvaf Selam, ABD merkezli X \u015firketinin sosyal medya platformundaki hesab\u0131ndan yapt\u0131\u011f\u0131 a\u00e7\u0131klamada, roket sald\u0131r\u0131s\u0131n\u0131n sorumsuz bir eylem ve arkas\u0131nda hangi taraf\u0131n bulundu\u011funa bak\u0131lmaks\u0131z\u0131n kabul edilemez oldu\u011funu vurgulad\u0131.<\/p>\n<p class=\"selectionShareable\">\u00dclkenin yeni maceralara s\u00fcr\u00fcklenmesine izin vermeyeceklerini ifade eden Selam, olay\u0131n sorumlular\u0131n\u0131n tespit edilerek durdurulmas\u0131 ve L\u00fcbnan halk\u0131n\u0131n korunmas\u0131 i\u00e7in gerekli t\u00fcm tedbirlerin al\u0131naca\u011f\u0131n\u0131 bildirdi.<\/p>\n<p class=\"selectionShareable\">L\u00fcbnan resmi haber ajans\u0131 NNA\u2019n\u0131n haberine g\u00f6re Ba\u015fbakan Selam, kabinesini sabah 8&#8217;de Cumhurba\u015fkanl\u0131\u011f\u0131 Saray\u0131\u2019nda acil toplant\u0131ya \u00e7a\u011f\u0131rd\u0131.<\/p>\n<p class=\"selectionShareable\">Toplant\u0131da gece saatlerinden bu yana ya\u015fanan geli\u015fmelerin ve al\u0131nacak \u00f6nlemlerin g\u00f6r\u00fc\u015f\u00fclece\u011fi kaydedildi.<\/p>\n<p class=\"selectionShareable\">\u0130srail&#8217;in sald\u0131r\u0131lar d\u00fczenledi\u011fi L\u00fcbnan&#8217;da t\u00fcm \u00f6zel ve devlet okullar\u0131 ile mesleki ve teknik e\u011fitim kurumlar\u0131nda g\u00fcvenlik gerek\u00e7esiyle e\u011fitime ara verildi.<\/p>\n<p class=\"selectionShareable\">L\u00fcbnan E\u011fitim ve Y\u00fcksek\u00f6\u011fretim Bakanl\u0131\u011f\u0131ndan konuya ili\u015fkin a\u00e7\u0131klama yap\u0131ld\u0131.<\/p>\n<p class=\"selectionShareable\">A\u00e7\u0131klamada, L\u00fcbnan&#8217;daki t\u00fcm seviyelerdeki \u00f6zel ve devlet okullar\u0131 ile mesleki ve teknik e\u011fitim kurumlar\u0131nda e\u011fitime ara verildi\u011fi bildirildi.<\/p>\n<p class=\"selectionShareable\">Karar\u0131n, can g\u00fcvenli\u011finden duyulan endi\u015fe ve ola\u011fan\u00fcst\u00fc g\u00fcvenlik durumu g\u00f6z \u00f6n\u00fcnde bulundurularak al\u0131nd\u0131\u011f\u0131 belirtildi.<\/p>\n<p class=\"selectionShareable\">Bakanl\u0131\u011f\u0131n, ilgili makamlarla koordinasyon halinde geli\u015fmeleri g\u00fcnl\u00fck de\u011ferlendirmeye devam edece\u011fi ve kamu g\u00fcvenli\u011fi gerekliliklerine uygun kararlar alaca\u011f\u0131 vurguland\u0131.<\/p>\n<p class=\"selectionShareable\">L\u00fcbnan&#8217;a ve halk\u0131na y\u00f6nelik sald\u0131r\u0131lar\u0131n k\u0131nand\u0131\u011f\u0131 a\u00e7\u0131klamada, g\u00fcvenlik problemleri nedeniyle evlerini terk edenlerle dayan\u0131\u015fma g\u00f6sterildi ve L\u00fcbnan Milli E\u011fitim Bakanl\u0131\u011f\u0131n\u0131n bu ki\u015filere destek olaca\u011f\u0131 kaydedildi.<\/p>\n<p class=\"selectionShareable\">A\u00e7\u0131klamada, L\u00fcbnan&#8217;\u0131n \u00e7e\u015fitli b\u00f6lgelerinde yerinden edilen \u00e7ok say\u0131da ki\u015finin okullarda bar\u0131nd\u0131\u011f\u0131 hat\u0131rlat\u0131ld\u0131.<\/p>\n<p>\u0130srail\u2019in sald\u0131r\u0131lar\u0131 sonras\u0131 L\u00fcbnan\u2019da g\u00f6\u00e7 ba\u015flad\u0131 yaz\u0131s\u0131 ilk \u00f6nce K\u0131br\u0131s Hakikat \u00fczerinde ortaya \u00e7\u0131kt\u0131.<\/p>\n","protected":false},"excerpt":{"rendered":"<p>\u0130srail ordusu, Hizbullah&#8217;\u0131 hedef ald\u0131\u011f\u0131n\u0131 \u00f6ne s\u00fcrerek L\u00fcbnan geneline hava sald\u0131r\u0131lar\u0131 ba\u015flatt\u0131\u011f\u0131n\u0131 duyurdu. Ordudan yap\u0131lan a\u00e7\u0131klamada, &#8220;\u0130srail jetlerinin Hizbullah&#8217;\u0131n f\u00fcze sald\u0131r\u0131s\u0131na kar\u015f\u0131l\u0131k olarak Hizbullah hedeflerine hava sald\u0131r\u0131lar\u0131 d\u00fczenledi\u011fi&#8221; bildirildi. Hizbullah&#8217;\u0131n \u0130ran y\u00f6netimi ad\u0131na hareket etti\u011fi \u00f6ne s\u00fcr\u00fclen a\u00e7\u0131klamada, f\u00fcze sald\u0131r\u0131s\u0131na g\u00fc\u00e7l\u00fc kar\u015f\u0131l\u0131k verilece\u011fi vurguland\u0131. A\u00e7\u0131klaman\u0131n ard\u0131ndan ba\u015fkent Beyrut&#8217;ta patlama sesleri duyuldu. \u0130srail Ordu S\u00f6zc\u00fcs\u00fc Ella [&hellip;]<\/p>\n","protected":false},"author":1,"featured_media":34942,"comment_status":"open","ping_status":"open","sticky":false,"template":"","format":"standard","meta":{"jnews-multi-image_gallery":[],"jnews_single_post":[],"jnews_primary_category":[],"footnotes":""},"categories":[1],"tags":[],"class_list":["post-34941","post","type-post","status-publish","format-standard","has-post-thumbnail","hentry","category-kibris"],"yoast_head":"<!-- This site is optimized with the Yoast SEO plugin v27.5 - https:\/\/yoast.com\/product\/yoast-seo-wordpress\/ -->\n<title>\u0130srail\u2019in sald\u0131r\u0131lar\u0131 sonras\u0131 L\u00fcbnan\u2019da g\u00f6\u00e7 ba\u015flad\u0131 - Haber Kuzey<\/title>\n<meta name=\"robots\" content=\"index, follow, max-snippet:-1, max-image-preview:large, max-video-preview:-1\" \/>\n<link rel=\"canonical\" href=\"https:\/\/haberkuzey.com\/index.php\/2026\/03\/02\/israilin-saldirilari-sonrasi-lubnanda-goc-basladi\/\" \/>\n<meta property=\"og:locale\" content=\"tr_TR\" \/>\n<meta property=\"og:type\" content=\"article\" \/>\n<meta property=\"og:title\" content=\"\u0130srail\u2019in sald\u0131r\u0131lar\u0131 sonras\u0131 L\u00fcbnan\u2019da g\u00f6\u00e7 ba\u015flad\u0131 - Haber Kuzey\" \/>\n<meta property=\"og:description\" content=\"\u0130srail ordusu, Hizbullah&#8217;\u0131 hedef ald\u0131\u011f\u0131n\u0131 \u00f6ne s\u00fcrerek L\u00fcbnan geneline hava sald\u0131r\u0131lar\u0131 ba\u015flatt\u0131\u011f\u0131n\u0131 duyurdu. Ordudan yap\u0131lan a\u00e7\u0131klamada, &#8220;\u0130srail jetlerinin Hizbullah&#8217;\u0131n f\u00fcze sald\u0131r\u0131s\u0131na kar\u015f\u0131l\u0131k olarak Hizbullah hedeflerine hava sald\u0131r\u0131lar\u0131 d\u00fczenledi\u011fi&#8221; bildirildi. Hizbullah&#8217;\u0131n \u0130ran y\u00f6netimi ad\u0131na hareket etti\u011fi \u00f6ne s\u00fcr\u00fclen a\u00e7\u0131klamada, f\u00fcze sald\u0131r\u0131s\u0131na g\u00fc\u00e7l\u00fc kar\u015f\u0131l\u0131k verilece\u011fi vurguland\u0131. A\u00e7\u0131klaman\u0131n ard\u0131ndan ba\u015fkent Beyrut&#8217;ta patlama sesleri duyuldu. \u0130srail Ordu S\u00f6zc\u00fcs\u00fc Ella [&hellip;]\" \/>\n<meta property=\"og:url\" content=\"https:\/\/haberkuzey.com\/index.php\/2026\/03\/02\/israilin-saldirilari-sonrasi-lubnanda-goc-basladi\/\" \/>\n<meta property=\"og:site_name\" content=\"Haber Kuzey\" \/>\n<meta property=\"article:published_time\" content=\"2026-03-02T07:01:03+00:00\" \/>\n<meta name=\"author\" content=\"haberkuzey\" \/>\n<meta name=\"twitter:card\" content=\"summary_large_image\" \/>\n<meta name=\"twitter:label1\" content=\"Yazan:\" \/>\n\t<meta name=\"twitter:data1\" content=\"haberkuzey\" \/>\n\t<meta name=\"twitter:label2\" content=\"Tahmini okuma s\u00fcresi\" \/>\n\t<meta name=\"twitter:data2\" content=\"5 dakika\" \/>\n<script type=\"application\/ld+json\" class=\"yoast-schema-graph\">{\"@context\":\"https:\\\/\\\/schema.org\",\"@graph\":[{\"@type\":\"Article\",\"@id\":\"https:\\\/\\\/haberkuzey.com\\\/index.php\\\/2026\\\/03\\\/02\\\/israilin-saldirilari-sonrasi-lubnanda-goc-basladi\\\/#article\",\"isPartOf\":{\"@id\":\"https:\\\/\\\/haberkuzey.com\\\/index.php\\\/2026\\\/03\\\/02\\\/israilin-saldirilari-sonrasi-lubnanda-goc-basladi\\\/\"},\"author\":{\"name\":\"haberkuzey\",\"@id\":\"https:\\\/\\\/haberkuzey.com\\\/#\\\/schema\\\/person\\\/3372109ec735f9333f4fa47ebb9605ca\"},\"headline\":\"\u0130srail\u2019in sald\u0131r\u0131lar\u0131 sonras\u0131 L\u00fcbnan\u2019da g\u00f6\u00e7 ba\u015flad\u0131\",\"datePublished\":\"2026-03-02T07:01:03+00:00\",\"mainEntityOfPage\":{\"@id\":\"https:\\\/\\\/haberkuzey.com\\\/index.php\\\/2026\\\/03\\\/02\\\/israilin-saldirilari-sonrasi-lubnanda-goc-basladi\\\/\"},\"wordCount\":1008,\"commentCount\":0,\"image\":{\"@id\":\"https:\\\/\\\/haberkuzey.com\\\/index.php\\\/2026\\\/03\\\/02\\\/israilin-saldirilari-sonrasi-lubnanda-goc-basladi\\\/#primaryimage\"},\"thumbnailUrl\":\"https:\\\/\\\/haberkuzey.com\\\/wp-content\\\/uploads\\\/2026\\\/03\\\/IMG_7763.webp.webp\",\"articleSection\":[\"K\u0131br\u0131s\"],\"inLanguage\":\"tr\",\"potentialAction\":[{\"@type\":\"CommentAction\",\"name\":\"Comment\",\"target\":[\"https:\\\/\\\/haberkuzey.com\\\/index.php\\\/2026\\\/03\\\/02\\\/israilin-saldirilari-sonrasi-lubnanda-goc-basladi\\\/#respond\"]}]},{\"@type\":\"WebPage\",\"@id\":\"https:\\\/\\\/haberkuzey.com\\\/index.php\\\/2026\\\/03\\\/02\\\/israilin-saldirilari-sonrasi-lubnanda-goc-basladi\\\/\",\"url\":\"https:\\\/\\\/haberkuzey.com\\\/index.php\\\/2026\\\/03\\\/02\\\/israilin-saldirilari-sonrasi-lubnanda-goc-basladi\\\/\",\"name\":\"\u0130srail\u2019in sald\u0131r\u0131lar\u0131 sonras\u0131 L\u00fcbnan\u2019da g\u00f6\u00e7 ba\u015flad\u0131 - Haber Kuzey\",\"isPartOf\":{\"@id\":\"https:\\\/\\\/haberkuzey.com\\\/#website\"},\"primaryImageOfPage\":{\"@id\":\"https:\\\/\\\/haberkuzey.com\\\/index.php\\\/2026\\\/03\\\/02\\\/israilin-saldirilari-sonrasi-lubnanda-goc-basladi\\\/#primaryimage\"},\"image\":{\"@id\":\"https:\\\/\\\/haberkuzey.com\\\/index.php\\\/2026\\\/03\\\/02\\\/israilin-saldirilari-sonrasi-lubnanda-goc-basladi\\\/#primaryimage\"},\"thumbnailUrl\":\"https:\\\/\\\/haberkuzey.com\\\/wp-content\\\/uploads\\\/2026\\\/03\\\/IMG_7763.webp.webp\",\"datePublished\":\"2026-03-02T07:01:03+00:00\",\"author\":{\"@id\":\"https:\\\/\\\/haberkuzey.com\\\/#\\\/schema\\\/person\\\/3372109ec735f9333f4fa47ebb9605ca\"},\"breadcrumb\":{\"@id\":\"https:\\\/\\\/haberkuzey.com\\\/index.php\\\/2026\\\/03\\\/02\\\/israilin-saldirilari-sonrasi-lubnanda-goc-basladi\\\/#breadcrumb\"},\"inLanguage\":\"tr\",\"potentialAction\":[{\"@type\":\"ReadAction\",\"target\":[\"https:\\\/\\\/haberkuzey.com\\\/index.php\\\/2026\\\/03\\\/02\\\/israilin-saldirilari-sonrasi-lubnanda-goc-basladi\\\/\"]}]},{\"@type\":\"ImageObject\",\"inLanguage\":\"tr\",\"@id\":\"https:\\\/\\\/haberkuzey.com\\\/index.php\\\/2026\\\/03\\\/02\\\/israilin-saldirilari-sonrasi-lubnanda-goc-basladi\\\/#primaryimage\",\"url\":\"https:\\\/\\\/haberkuzey.com\\\/wp-content\\\/uploads\\\/2026\\\/03\\\/IMG_7763.webp.webp\",\"contentUrl\":\"https:\\\/\\\/haberkuzey.com\\\/wp-content\\\/uploads\\\/2026\\\/03\\\/IMG_7763.webp.webp\",\"width\":971,\"height\":551},{\"@type\":\"BreadcrumbList\",\"@id\":\"https:\\\/\\\/haberkuzey.com\\\/index.php\\\/2026\\\/03\\\/02\\\/israilin-saldirilari-sonrasi-lubnanda-goc-basladi\\\/#breadcrumb\",\"itemListElement\":[{\"@type\":\"ListItem\",\"position\":1,\"name\":\"Anasayfa\",\"item\":\"https:\\\/\\\/haberkuzey.com\\\/\"},{\"@type\":\"ListItem\",\"position\":2,\"name\":\"\u0130srail\u2019in sald\u0131r\u0131lar\u0131 sonras\u0131 L\u00fcbnan\u2019da g\u00f6\u00e7 ba\u015flad\u0131\"}]},{\"@type\":\"WebSite\",\"@id\":\"https:\\\/\\\/haberkuzey.com\\\/#website\",\"url\":\"https:\\\/\\\/haberkuzey.com\\\/\",\"name\":\"Haber Kuzey\",\"description\":\"Do\u011fru Haberin Adresi\",\"potentialAction\":[{\"@type\":\"SearchAction\",\"target\":{\"@type\":\"EntryPoint\",\"urlTemplate\":\"https:\\\/\\\/haberkuzey.com\\\/?s={search_term_string}\"},\"query-input\":{\"@type\":\"PropertyValueSpecification\",\"valueRequired\":true,\"valueName\":\"search_term_string\"}}],\"inLanguage\":\"tr\"},{\"@type\":\"Person\",\"@id\":\"https:\\\/\\\/haberkuzey.com\\\/#\\\/schema\\\/person\\\/3372109ec735f9333f4fa47ebb9605ca\",\"name\":\"haberkuzey\",\"image\":{\"@type\":\"ImageObject\",\"inLanguage\":\"tr\",\"@id\":\"https:\\\/\\\/secure.gravatar.com\\\/avatar\\\/f5fc875574b1575324358c3b9e6a32b8227aa5b74f3fa22e3cadb63e26fcc39c?s=96&d=mm&r=g\",\"url\":\"https:\\\/\\\/secure.gravatar.com\\\/avatar\\\/f5fc875574b1575324358c3b9e6a32b8227aa5b74f3fa22e3cadb63e26fcc39c?s=96&d=mm&r=g\",\"contentUrl\":\"https:\\\/\\\/secure.gravatar.com\\\/avatar\\\/f5fc875574b1575324358c3b9e6a32b8227aa5b74f3fa22e3cadb63e26fcc39c?s=96&d=mm&r=g\",\"caption\":\"haberkuzey\"},\"sameAs\":[\"https:\\\/\\\/haberkuzey.com\"],\"url\":\"https:\\\/\\\/haberkuzey.com\\\/index.php\\\/author\\\/haberkuzey\\\/\"}]}<\/script>\n<!-- \/ Yoast SEO plugin. -->","yoast_head_json":{"title":"\u0130srail\u2019in sald\u0131r\u0131lar\u0131 sonras\u0131 L\u00fcbnan\u2019da g\u00f6\u00e7 ba\u015flad\u0131 - Haber Kuzey","robots":{"index":"index","follow":"follow","max-snippet":"max-snippet:-1","max-image-preview":"max-image-preview:large","max-video-preview":"max-video-preview:-1"},"canonical":"https:\/\/haberkuzey.com\/index.php\/2026\/03\/02\/israilin-saldirilari-sonrasi-lubnanda-goc-basladi\/","og_locale":"tr_TR","og_type":"article","og_title":"\u0130srail\u2019in sald\u0131r\u0131lar\u0131 sonras\u0131 L\u00fcbnan\u2019da g\u00f6\u00e7 ba\u015flad\u0131 - Haber Kuzey","og_description":"\u0130srail ordusu, Hizbullah&#8217;\u0131 hedef ald\u0131\u011f\u0131n\u0131 \u00f6ne s\u00fcrerek L\u00fcbnan geneline hava sald\u0131r\u0131lar\u0131 ba\u015flatt\u0131\u011f\u0131n\u0131 duyurdu. Ordudan yap\u0131lan a\u00e7\u0131klamada, &#8220;\u0130srail jetlerinin Hizbullah&#8217;\u0131n f\u00fcze sald\u0131r\u0131s\u0131na kar\u015f\u0131l\u0131k olarak Hizbullah hedeflerine hava sald\u0131r\u0131lar\u0131 d\u00fczenledi\u011fi&#8221; bildirildi. Hizbullah&#8217;\u0131n \u0130ran y\u00f6netimi ad\u0131na hareket etti\u011fi \u00f6ne s\u00fcr\u00fclen a\u00e7\u0131klamada, f\u00fcze sald\u0131r\u0131s\u0131na g\u00fc\u00e7l\u00fc kar\u015f\u0131l\u0131k verilece\u011fi vurguland\u0131. A\u00e7\u0131klaman\u0131n ard\u0131ndan ba\u015fkent Beyrut&#8217;ta patlama sesleri duyuldu. \u0130srail Ordu S\u00f6zc\u00fcs\u00fc Ella [&hellip;]","og_url":"https:\/\/haberkuzey.com\/index.php\/2026\/03\/02\/israilin-saldirilari-sonrasi-lubnanda-goc-basladi\/","og_site_name":"Haber Kuzey","article_published_time":"2026-03-02T07:01:03+00:00","author":"haberkuzey","twitter_card":"summary_large_image","twitter_misc":{"Yazan:":"haberkuzey","Tahmini okuma s\u00fcresi":"5 dakika"},"schema":{"@context":"https:\/\/schema.org","@graph":[{"@type":"Article","@id":"https:\/\/haberkuzey.com\/index.php\/2026\/03\/02\/israilin-saldirilari-sonrasi-lubnanda-goc-basladi\/#article","isPartOf":{"@id":"https:\/\/haberkuzey.com\/index.php\/2026\/03\/02\/israilin-saldirilari-sonrasi-lubnanda-goc-basladi\/"},"author":{"name":"haberkuzey","@id":"https:\/\/haberkuzey.com\/#\/schema\/person\/3372109ec735f9333f4fa47ebb9605ca"},"headline":"\u0130srail\u2019in sald\u0131r\u0131lar\u0131 sonras\u0131 L\u00fcbnan\u2019da g\u00f6\u00e7 ba\u015flad\u0131","datePublished":"2026-03-02T07:01:03+00:00","mainEntityOfPage":{"@id":"https:\/\/haberkuzey.com\/index.php\/2026\/03\/02\/israilin-saldirilari-sonrasi-lubnanda-goc-basladi\/"},"wordCount":1008,"commentCount":0,"image":{"@id":"https:\/\/haberkuzey.com\/index.php\/2026\/03\/02\/israilin-saldirilari-sonrasi-lubnanda-goc-basladi\/#primaryimage"},"thumbnailUrl":"https:\/\/haberkuzey.com\/wp-content\/uploads\/2026\/03\/IMG_7763.webp.webp","articleSection":["K\u0131br\u0131s"],"inLanguage":"tr","potentialAction":[{"@type":"CommentAction","name":"Comment","target":["https:\/\/haberkuzey.com\/index.php\/2026\/03\/02\/israilin-saldirilari-sonrasi-lubnanda-goc-basladi\/#respond"]}]},{"@type":"WebPage","@id":"https:\/\/haberkuzey.com\/index.php\/2026\/03\/02\/israilin-saldirilari-sonrasi-lubnanda-goc-basladi\/","url":"https:\/\/haberkuzey.com\/index.php\/2026\/03\/02\/israilin-saldirilari-sonrasi-lubnanda-goc-basladi\/","name":"\u0130srail\u2019in sald\u0131r\u0131lar\u0131 sonras\u0131 L\u00fcbnan\u2019da g\u00f6\u00e7 ba\u015flad\u0131 - Haber Kuzey","isPartOf":{"@id":"https:\/\/haberkuzey.com\/#website"},"primaryImageOfPage":{"@id":"https:\/\/haberkuzey.com\/index.php\/2026\/03\/02\/israilin-saldirilari-sonrasi-lubnanda-goc-basladi\/#primaryimage"},"image":{"@id":"https:\/\/haberkuzey.com\/index.php\/2026\/03\/02\/israilin-saldirilari-sonrasi-lubnanda-goc-basladi\/#primaryimage"},"thumbnailUrl":"https:\/\/haberkuzey.com\/wp-content\/uploads\/2026\/03\/IMG_7763.webp.webp","datePublished":"2026-03-02T07:01:03+00:00","author":{"@id":"https:\/\/haberkuzey.com\/#\/schema\/person\/3372109ec735f9333f4fa47ebb9605ca"},"breadcrumb":{"@id":"https:\/\/haberkuzey.com\/index.php\/2026\/03\/02\/israilin-saldirilari-sonrasi-lubnanda-goc-basladi\/#breadcrumb"},"inLanguage":"tr","potentialAction":[{"@type":"ReadAction","target":["https:\/\/haberkuzey.com\/index.php\/2026\/03\/02\/israilin-saldirilari-sonrasi-lubnanda-goc-basladi\/"]}]},{"@type":"ImageObject","inLanguage":"tr","@id":"https:\/\/haberkuzey.com\/index.php\/2026\/03\/02\/israilin-saldirilari-sonrasi-lubnanda-goc-basladi\/#primaryimage","url":"https:\/\/haberkuzey.com\/wp-content\/uploads\/2026\/03\/IMG_7763.webp.webp","contentUrl":"https:\/\/haberkuzey.com\/wp-content\/uploads\/2026\/03\/IMG_7763.webp.webp","width":971,"height":551},{"@type":"BreadcrumbList","@id":"https:\/\/haberkuzey.com\/index.php\/2026\/03\/02\/israilin-saldirilari-sonrasi-lubnanda-goc-basladi\/#breadcrumb","itemListElement":[{"@type":"ListItem","position":1,"name":"Anasayfa","item":"https:\/\/haberkuzey.com\/"},{"@type":"ListItem","position":2,"name":"\u0130srail\u2019in sald\u0131r\u0131lar\u0131 sonras\u0131 L\u00fcbnan\u2019da g\u00f6\u00e7 ba\u015flad\u0131"}]},{"@type":"WebSite","@id":"https:\/\/haberkuzey.com\/#website","url":"https:\/\/haberkuzey.com\/","name":"Haber Kuzey","description":"Do\u011fru Haberin Adresi","potentialAction":[{"@type":"SearchAction","target":{"@type":"EntryPoint","urlTemplate":"https:\/\/haberkuzey.com\/?s={search_term_string}"},"query-input":{"@type":"PropertyValueSpecification","valueRequired":true,"valueName":"search_term_string"}}],"inLanguage":"tr"},{"@type":"Person","@id":"https:\/\/haberkuzey.com\/#\/schema\/person\/3372109ec735f9333f4fa47ebb9605ca","name":"haberkuzey","image":{"@type":"ImageObject","inLanguage":"tr","@id":"https:\/\/secure.gravatar.com\/avatar\/f5fc875574b1575324358c3b9e6a32b8227aa5b74f3fa22e3cadb63e26fcc39c?s=96&d=mm&r=g","url":"https:\/\/secure.gravatar.com\/avatar\/f5fc875574b1575324358c3b9e6a32b8227aa5b74f3fa22e3cadb63e26fcc39c?s=96&d=mm&r=g","contentUrl":"https:\/\/secure.gravatar.com\/avatar\/f5fc875574b1575324358c3b9e6a32b8227aa5b74f3fa22e3cadb63e26fcc39c?s=96&d=mm&r=g","caption":"haberkuzey"},"sameAs":["https:\/\/haberkuzey.com"],"url":"https:\/\/haberkuzey.com\/index.php\/author\/haberkuzey\/"}]}},"_links":{"self":[{"href":"https:\/\/haberkuzey.com\/index.php\/wp-json\/wp\/v2\/posts\/34941","targetHints":{"allow":["GET"]}}],"collection":[{"href":"https:\/\/haberkuzey.com\/index.php\/wp-json\/wp\/v2\/posts"}],"about":[{"href":"https:\/\/haberkuzey.com\/index.php\/wp-json\/wp\/v2\/types\/post"}],"author":[{"embeddable":true,"href":"https:\/\/haberkuzey.com\/index.php\/wp-json\/wp\/v2\/users\/1"}],"replies":[{"embeddable":true,"href":"https:\/\/haberkuzey.com\/index.php\/wp-json\/wp\/v2\/comments?post=34941"}],"version-history":[{"count":0,"href":"https:\/\/haberkuzey.com\/index.php\/wp-json\/wp\/v2\/posts\/34941\/revisions"}],"wp:featuredmedia":[{"embeddable":true,"href":"https:\/\/haberkuzey.com\/index.php\/wp-json\/wp\/v2\/media\/34942"}],"wp:attachment":[{"href":"https:\/\/haberkuzey.com\/index.php\/wp-json\/wp\/v2\/media?parent=34941"}],"wp:term":[{"taxonomy":"category","embeddable":true,"href":"https:\/\/haberkuzey.com\/index.php\/wp-json\/wp\/v2\/categories?post=34941"},{"taxonomy":"post_tag","embeddable":true,"href":"https:\/\/haberkuzey.com\/index.php\/wp-json\/wp\/v2\/tags?post=34941"}],"curies":[{"name":"wp","href":"https:\/\/api.w.org\/{rel}","templated":true}]}}