{"id":34939,"date":"2026-03-01T21:11:04","date_gmt":"2026-03-01T19:11:04","guid":{"rendered":"https:\/\/haberkuzey.com\/index.php\/2026\/03\/01\/secim-eylul-ekimde-gorunuyor\/"},"modified":"2026-03-01T21:11:04","modified_gmt":"2026-03-01T19:11:04","slug":"secim-eylul-ekimde-gorunuyor","status":"publish","type":"post","link":"https:\/\/haberkuzey.com\/index.php\/2026\/03\/01\/secim-eylul-ekimde-gorunuyor\/","title":{"rendered":"Se\u00e7im Eyl\u00fcl\u2013Ekim\u2019de g\u00f6r\u00fcn\u00fcyor"},"content":{"rendered":"<p>\u201cSiyasi E\u015fitlik Federasyondur, Egemen E\u015fitlik \u0130ki Devlettir\u201d<\/p>\n<p>\u00d6zersay, Cumhurba\u015fkan\u0131 Erh\u00fcrman\u2019\u0131n federasyon ifadesini a\u00e7\u0131k kullanmamas\u0131n\u0131n mu\u011flakl\u0131k yaratt\u0131\u011f\u0131n\u0131 savundu. Ankara iki devletli \u00e7\u00f6z\u00fcm derken pozisyon fark\u0131 varsa bunun a\u00e7\u0131k\u00e7a konu\u015fulmas\u0131 gerekti\u011fini s\u00f6yledi.<\/p>\n<p>\u201cRum Taraf\u0131nda Milliyet\u00e7ilik Y\u00fckseliyor\u201d<\/p>\n<p>ELAM\u2019\u0131n y\u00fckseli\u015fine dikkat \u00e7eken \u00d6zersay, Rum y\u00f6netiminin daha sert bir \u00e7izgiye kayd\u0131\u011f\u0131n\u0131 ve bu ortamda kapsaml\u0131 \u00e7\u00f6z\u00fcm beklentisinin ger\u00e7ek\u00e7i olmad\u0131\u011f\u0131n\u0131 ifade etti.<\/p>\n<p>Se\u00e7im Eyl\u00fcl\u2013Ekim\u2019de g\u00f6r\u00fcn\u00fcyor yaz\u0131s\u0131 ilk \u00f6nce K\u0131br\u0131s Hakikat \u00fczerinde ortaya \u00e7\u0131kt\u0131.<\/p>\n","protected":false},"excerpt":{"rendered":"<p>\u201cSiyasi E\u015fitlik Federasyondur, Egemen E\u015fitlik \u0130ki Devlettir\u201d \u00d6zersay, Cumhurba\u015fkan\u0131 Erh\u00fcrman\u2019\u0131n federasyon ifadesini a\u00e7\u0131k kullanmamas\u0131n\u0131n mu\u011flakl\u0131k yaratt\u0131\u011f\u0131n\u0131 savundu. Ankara iki devletli \u00e7\u00f6z\u00fcm derken pozisyon fark\u0131 varsa bunun a\u00e7\u0131k\u00e7a konu\u015fulmas\u0131 gerekti\u011fini s\u00f6yledi. \u201cRum Taraf\u0131nda Milliyet\u00e7ilik Y\u00fckseliyor\u201d ELAM\u2019\u0131n y\u00fckseli\u015fine dikkat \u00e7eken \u00d6zersay, Rum y\u00f6netiminin daha sert bir \u00e7izgiye kayd\u0131\u011f\u0131n\u0131 ve bu ortamda kapsaml\u0131 \u00e7\u00f6z\u00fcm beklentisinin ger\u00e7ek\u00e7i olmad\u0131\u011f\u0131n\u0131 ifade [&hellip;]<\/p>\n","protected":false},"author":1,"featured_media":34940,"comment_status":"open","ping_status":"open","sticky":false,"template":"","format":"standard","meta":{"jnews-multi-image_gallery":[],"jnews_single_post":[],"jnews_primary_category":[],"footnotes":""},"categories":[1],"tags":[],"class_list":["post-34939","post","type-post","status-publish","format-standard","has-post-thumbnail","hentry","category-kibris"],"yoast_head":"<!-- This site is optimized with the Yoast SEO plugin v27.5 - https:\/\/yoast.com\/product\/yoast-seo-wordpress\/ -->\n<title>Se\u00e7im Eyl\u00fcl\u2013Ekim\u2019de g\u00f6r\u00fcn\u00fcyor - Haber Kuzey<\/title>\n<meta name=\"robots\" content=\"index, follow, max-snippet:-1, max-image-preview:large, max-video-preview:-1\" \/>\n<link rel=\"canonical\" href=\"https:\/\/haberkuzey.com\/index.php\/2026\/03\/01\/secim-eylul-ekimde-gorunuyor\/\" \/>\n<meta property=\"og:locale\" content=\"tr_TR\" \/>\n<meta property=\"og:type\" content=\"article\" \/>\n<meta property=\"og:title\" content=\"Se\u00e7im Eyl\u00fcl\u2013Ekim\u2019de g\u00f6r\u00fcn\u00fcyor - Haber Kuzey\" \/>\n<meta property=\"og:description\" content=\"\u201cSiyasi E\u015fitlik Federasyondur, Egemen E\u015fitlik \u0130ki Devlettir\u201d \u00d6zersay, Cumhurba\u015fkan\u0131 Erh\u00fcrman\u2019\u0131n federasyon ifadesini a\u00e7\u0131k kullanmamas\u0131n\u0131n mu\u011flakl\u0131k yaratt\u0131\u011f\u0131n\u0131 savundu. Ankara iki devletli \u00e7\u00f6z\u00fcm derken pozisyon fark\u0131 varsa bunun a\u00e7\u0131k\u00e7a konu\u015fulmas\u0131 gerekti\u011fini s\u00f6yledi. \u201cRum Taraf\u0131nda Milliyet\u00e7ilik Y\u00fckseliyor\u201d ELAM\u2019\u0131n y\u00fckseli\u015fine dikkat \u00e7eken \u00d6zersay, Rum y\u00f6netiminin daha sert bir \u00e7izgiye kayd\u0131\u011f\u0131n\u0131 ve bu ortamda kapsaml\u0131 \u00e7\u00f6z\u00fcm beklentisinin ger\u00e7ek\u00e7i olmad\u0131\u011f\u0131n\u0131 ifade [&hellip;]\" \/>\n<meta property=\"og:url\" content=\"https:\/\/haberkuzey.com\/index.php\/2026\/03\/01\/secim-eylul-ekimde-gorunuyor\/\" \/>\n<meta property=\"og:site_name\" content=\"Haber Kuzey\" \/>\n<meta property=\"article:published_time\" content=\"2026-03-01T19:11:04+00:00\" \/>\n<meta name=\"author\" content=\"haberkuzey\" \/>\n<meta name=\"twitter:card\" content=\"summary_large_image\" \/>\n<meta name=\"twitter:label1\" content=\"Yazan:\" \/>\n\t<meta name=\"twitter:data1\" content=\"haberkuzey\" \/>\n\t<meta name=\"twitter:label2\" content=\"Tahmini okuma s\u00fcresi\" \/>\n\t<meta name=\"twitter:data2\" content=\"1 dakika\" \/>\n<script type=\"application\/ld+json\" class=\"yoast-schema-graph\">{\"@context\":\"https:\\\/\\\/schema.org\",\"@graph\":[{\"@type\":\"Article\",\"@id\":\"https:\\\/\\\/haberkuzey.com\\\/index.php\\\/2026\\\/03\\\/01\\\/secim-eylul-ekimde-gorunuyor\\\/#article\",\"isPartOf\":{\"@id\":\"https:\\\/\\\/haberkuzey.com\\\/index.php\\\/2026\\\/03\\\/01\\\/secim-eylul-ekimde-gorunuyor\\\/\"},\"author\":{\"name\":\"haberkuzey\",\"@id\":\"https:\\\/\\\/haberkuzey.com\\\/#\\\/schema\\\/person\\\/3372109ec735f9333f4fa47ebb9605ca\"},\"headline\":\"Se\u00e7im Eyl\u00fcl\u2013Ekim\u2019de g\u00f6r\u00fcn\u00fcyor\",\"datePublished\":\"2026-03-01T19:11:04+00:00\",\"mainEntityOfPage\":{\"@id\":\"https:\\\/\\\/haberkuzey.com\\\/index.php\\\/2026\\\/03\\\/01\\\/secim-eylul-ekimde-gorunuyor\\\/\"},\"wordCount\":116,\"commentCount\":0,\"image\":{\"@id\":\"https:\\\/\\\/haberkuzey.com\\\/index.php\\\/2026\\\/03\\\/01\\\/secim-eylul-ekimde-gorunuyor\\\/#primaryimage\"},\"thumbnailUrl\":\"https:\\\/\\\/haberkuzey.com\\\/wp-content\\\/uploads\\\/2026\\\/03\\\/IMG_7759.jpeg\",\"articleSection\":[\"K\u0131br\u0131s\"],\"inLanguage\":\"tr\",\"potentialAction\":[{\"@type\":\"CommentAction\",\"name\":\"Comment\",\"target\":[\"https:\\\/\\\/haberkuzey.com\\\/index.php\\\/2026\\\/03\\\/01\\\/secim-eylul-ekimde-gorunuyor\\\/#respond\"]}]},{\"@type\":\"WebPage\",\"@id\":\"https:\\\/\\\/haberkuzey.com\\\/index.php\\\/2026\\\/03\\\/01\\\/secim-eylul-ekimde-gorunuyor\\\/\",\"url\":\"https:\\\/\\\/haberkuzey.com\\\/index.php\\\/2026\\\/03\\\/01\\\/secim-eylul-ekimde-gorunuyor\\\/\",\"name\":\"Se\u00e7im Eyl\u00fcl\u2013Ekim\u2019de g\u00f6r\u00fcn\u00fcyor - Haber Kuzey\",\"isPartOf\":{\"@id\":\"https:\\\/\\\/haberkuzey.com\\\/#website\"},\"primaryImageOfPage\":{\"@id\":\"https:\\\/\\\/haberkuzey.com\\\/index.php\\\/2026\\\/03\\\/01\\\/secim-eylul-ekimde-gorunuyor\\\/#primaryimage\"},\"image\":{\"@id\":\"https:\\\/\\\/haberkuzey.com\\\/index.php\\\/2026\\\/03\\\/01\\\/secim-eylul-ekimde-gorunuyor\\\/#primaryimage\"},\"thumbnailUrl\":\"https:\\\/\\\/haberkuzey.com\\\/wp-content\\\/uploads\\\/2026\\\/03\\\/IMG_7759.jpeg\",\"datePublished\":\"2026-03-01T19:11:04+00:00\",\"author\":{\"@id\":\"https:\\\/\\\/haberkuzey.com\\\/#\\\/schema\\\/person\\\/3372109ec735f9333f4fa47ebb9605ca\"},\"breadcrumb\":{\"@id\":\"https:\\\/\\\/haberkuzey.com\\\/index.php\\\/2026\\\/03\\\/01\\\/secim-eylul-ekimde-gorunuyor\\\/#breadcrumb\"},\"inLanguage\":\"tr\",\"potentialAction\":[{\"@type\":\"ReadAction\",\"target\":[\"https:\\\/\\\/haberkuzey.com\\\/index.php\\\/2026\\\/03\\\/01\\\/secim-eylul-ekimde-gorunuyor\\\/\"]}]},{\"@type\":\"ImageObject\",\"inLanguage\":\"tr\",\"@id\":\"https:\\\/\\\/haberkuzey.com\\\/index.php\\\/2026\\\/03\\\/01\\\/secim-eylul-ekimde-gorunuyor\\\/#primaryimage\",\"url\":\"https:\\\/\\\/haberkuzey.com\\\/wp-content\\\/uploads\\\/2026\\\/03\\\/IMG_7759.jpeg\",\"contentUrl\":\"https:\\\/\\\/haberkuzey.com\\\/wp-content\\\/uploads\\\/2026\\\/03\\\/IMG_7759.jpeg\",\"width\":1014,\"height\":513},{\"@type\":\"BreadcrumbList\",\"@id\":\"https:\\\/\\\/haberkuzey.com\\\/index.php\\\/2026\\\/03\\\/01\\\/secim-eylul-ekimde-gorunuyor\\\/#breadcrumb\",\"itemListElement\":[{\"@type\":\"ListItem\",\"position\":1,\"name\":\"Anasayfa\",\"item\":\"https:\\\/\\\/haberkuzey.com\\\/\"},{\"@type\":\"ListItem\",\"position\":2,\"name\":\"Se\u00e7im Eyl\u00fcl\u2013Ekim\u2019de g\u00f6r\u00fcn\u00fcyor\"}]},{\"@type\":\"WebSite\",\"@id\":\"https:\\\/\\\/haberkuzey.com\\\/#website\",\"url\":\"https:\\\/\\\/haberkuzey.com\\\/\",\"name\":\"Haber Kuzey\",\"description\":\"Do\u011fru Haberin Adresi\",\"potentialAction\":[{\"@type\":\"SearchAction\",\"target\":{\"@type\":\"EntryPoint\",\"urlTemplate\":\"https:\\\/\\\/haberkuzey.com\\\/?s={search_term_string}\"},\"query-input\":{\"@type\":\"PropertyValueSpecification\",\"valueRequired\":true,\"valueName\":\"search_term_string\"}}],\"inLanguage\":\"tr\"},{\"@type\":\"Person\",\"@id\":\"https:\\\/\\\/haberkuzey.com\\\/#\\\/schema\\\/person\\\/3372109ec735f9333f4fa47ebb9605ca\",\"name\":\"haberkuzey\",\"image\":{\"@type\":\"ImageObject\",\"inLanguage\":\"tr\",\"@id\":\"https:\\\/\\\/secure.gravatar.com\\\/avatar\\\/f5fc875574b1575324358c3b9e6a32b8227aa5b74f3fa22e3cadb63e26fcc39c?s=96&d=mm&r=g\",\"url\":\"https:\\\/\\\/secure.gravatar.com\\\/avatar\\\/f5fc875574b1575324358c3b9e6a32b8227aa5b74f3fa22e3cadb63e26fcc39c?s=96&d=mm&r=g\",\"contentUrl\":\"https:\\\/\\\/secure.gravatar.com\\\/avatar\\\/f5fc875574b1575324358c3b9e6a32b8227aa5b74f3fa22e3cadb63e26fcc39c?s=96&d=mm&r=g\",\"caption\":\"haberkuzey\"},\"sameAs\":[\"https:\\\/\\\/haberkuzey.com\"],\"url\":\"https:\\\/\\\/haberkuzey.com\\\/index.php\\\/author\\\/haberkuzey\\\/\"}]}<\/script>\n<!-- \/ Yoast SEO plugin. -->","yoast_head_json":{"title":"Se\u00e7im Eyl\u00fcl\u2013Ekim\u2019de g\u00f6r\u00fcn\u00fcyor - Haber Kuzey","robots":{"index":"index","follow":"follow","max-snippet":"max-snippet:-1","max-image-preview":"max-image-preview:large","max-video-preview":"max-video-preview:-1"},"canonical":"https:\/\/haberkuzey.com\/index.php\/2026\/03\/01\/secim-eylul-ekimde-gorunuyor\/","og_locale":"tr_TR","og_type":"article","og_title":"Se\u00e7im Eyl\u00fcl\u2013Ekim\u2019de g\u00f6r\u00fcn\u00fcyor - Haber Kuzey","og_description":"\u201cSiyasi E\u015fitlik Federasyondur, Egemen E\u015fitlik \u0130ki Devlettir\u201d \u00d6zersay, Cumhurba\u015fkan\u0131 Erh\u00fcrman\u2019\u0131n federasyon ifadesini a\u00e7\u0131k kullanmamas\u0131n\u0131n mu\u011flakl\u0131k yaratt\u0131\u011f\u0131n\u0131 savundu. Ankara iki devletli \u00e7\u00f6z\u00fcm derken pozisyon fark\u0131 varsa bunun a\u00e7\u0131k\u00e7a konu\u015fulmas\u0131 gerekti\u011fini s\u00f6yledi. \u201cRum Taraf\u0131nda Milliyet\u00e7ilik Y\u00fckseliyor\u201d ELAM\u2019\u0131n y\u00fckseli\u015fine dikkat \u00e7eken \u00d6zersay, Rum y\u00f6netiminin daha sert bir \u00e7izgiye kayd\u0131\u011f\u0131n\u0131 ve bu ortamda kapsaml\u0131 \u00e7\u00f6z\u00fcm beklentisinin ger\u00e7ek\u00e7i olmad\u0131\u011f\u0131n\u0131 ifade [&hellip;]","og_url":"https:\/\/haberkuzey.com\/index.php\/2026\/03\/01\/secim-eylul-ekimde-gorunuyor\/","og_site_name":"Haber Kuzey","article_published_time":"2026-03-01T19:11:04+00:00","author":"haberkuzey","twitter_card":"summary_large_image","twitter_misc":{"Yazan:":"haberkuzey","Tahmini okuma s\u00fcresi":"1 dakika"},"schema":{"@context":"https:\/\/schema.org","@graph":[{"@type":"Article","@id":"https:\/\/haberkuzey.com\/index.php\/2026\/03\/01\/secim-eylul-ekimde-gorunuyor\/#article","isPartOf":{"@id":"https:\/\/haberkuzey.com\/index.php\/2026\/03\/01\/secim-eylul-ekimde-gorunuyor\/"},"author":{"name":"haberkuzey","@id":"https:\/\/haberkuzey.com\/#\/schema\/person\/3372109ec735f9333f4fa47ebb9605ca"},"headline":"Se\u00e7im Eyl\u00fcl\u2013Ekim\u2019de g\u00f6r\u00fcn\u00fcyor","datePublished":"2026-03-01T19:11:04+00:00","mainEntityOfPage":{"@id":"https:\/\/haberkuzey.com\/index.php\/2026\/03\/01\/secim-eylul-ekimde-gorunuyor\/"},"wordCount":116,"commentCount":0,"image":{"@id":"https:\/\/haberkuzey.com\/index.php\/2026\/03\/01\/secim-eylul-ekimde-gorunuyor\/#primaryimage"},"thumbnailUrl":"https:\/\/haberkuzey.com\/wp-content\/uploads\/2026\/03\/IMG_7759.jpeg","articleSection":["K\u0131br\u0131s"],"inLanguage":"tr","potentialAction":[{"@type":"CommentAction","name":"Comment","target":["https:\/\/haberkuzey.com\/index.php\/2026\/03\/01\/secim-eylul-ekimde-gorunuyor\/#respond"]}]},{"@type":"WebPage","@id":"https:\/\/haberkuzey.com\/index.php\/2026\/03\/01\/secim-eylul-ekimde-gorunuyor\/","url":"https:\/\/haberkuzey.com\/index.php\/2026\/03\/01\/secim-eylul-ekimde-gorunuyor\/","name":"Se\u00e7im Eyl\u00fcl\u2013Ekim\u2019de g\u00f6r\u00fcn\u00fcyor - Haber Kuzey","isPartOf":{"@id":"https:\/\/haberkuzey.com\/#website"},"primaryImageOfPage":{"@id":"https:\/\/haberkuzey.com\/index.php\/2026\/03\/01\/secim-eylul-ekimde-gorunuyor\/#primaryimage"},"image":{"@id":"https:\/\/haberkuzey.com\/index.php\/2026\/03\/01\/secim-eylul-ekimde-gorunuyor\/#primaryimage"},"thumbnailUrl":"https:\/\/haberkuzey.com\/wp-content\/uploads\/2026\/03\/IMG_7759.jpeg","datePublished":"2026-03-01T19:11:04+00:00","author":{"@id":"https:\/\/haberkuzey.com\/#\/schema\/person\/3372109ec735f9333f4fa47ebb9605ca"},"breadcrumb":{"@id":"https:\/\/haberkuzey.com\/index.php\/2026\/03\/01\/secim-eylul-ekimde-gorunuyor\/#breadcrumb"},"inLanguage":"tr","potentialAction":[{"@type":"ReadAction","target":["https:\/\/haberkuzey.com\/index.php\/2026\/03\/01\/secim-eylul-ekimde-gorunuyor\/"]}]},{"@type":"ImageObject","inLanguage":"tr","@id":"https:\/\/haberkuzey.com\/index.php\/2026\/03\/01\/secim-eylul-ekimde-gorunuyor\/#primaryimage","url":"https:\/\/haberkuzey.com\/wp-content\/uploads\/2026\/03\/IMG_7759.jpeg","contentUrl":"https:\/\/haberkuzey.com\/wp-content\/uploads\/2026\/03\/IMG_7759.jpeg","width":1014,"height":513},{"@type":"BreadcrumbList","@id":"https:\/\/haberkuzey.com\/index.php\/2026\/03\/01\/secim-eylul-ekimde-gorunuyor\/#breadcrumb","itemListElement":[{"@type":"ListItem","position":1,"name":"Anasayfa","item":"https:\/\/haberkuzey.com\/"},{"@type":"ListItem","position":2,"name":"Se\u00e7im Eyl\u00fcl\u2013Ekim\u2019de g\u00f6r\u00fcn\u00fcyor"}]},{"@type":"WebSite","@id":"https:\/\/haberkuzey.com\/#website","url":"https:\/\/haberkuzey.com\/","name":"Haber Kuzey","description":"Do\u011fru Haberin Adresi","potentialAction":[{"@type":"SearchAction","target":{"@type":"EntryPoint","urlTemplate":"https:\/\/haberkuzey.com\/?s={search_term_string}"},"query-input":{"@type":"PropertyValueSpecification","valueRequired":true,"valueName":"search_term_string"}}],"inLanguage":"tr"},{"@type":"Person","@id":"https:\/\/haberkuzey.com\/#\/schema\/person\/3372109ec735f9333f4fa47ebb9605ca","name":"haberkuzey","image":{"@type":"ImageObject","inLanguage":"tr","@id":"https:\/\/secure.gravatar.com\/avatar\/f5fc875574b1575324358c3b9e6a32b8227aa5b74f3fa22e3cadb63e26fcc39c?s=96&d=mm&r=g","url":"https:\/\/secure.gravatar.com\/avatar\/f5fc875574b1575324358c3b9e6a32b8227aa5b74f3fa22e3cadb63e26fcc39c?s=96&d=mm&r=g","contentUrl":"https:\/\/secure.gravatar.com\/avatar\/f5fc875574b1575324358c3b9e6a32b8227aa5b74f3fa22e3cadb63e26fcc39c?s=96&d=mm&r=g","caption":"haberkuzey"},"sameAs":["https:\/\/haberkuzey.com"],"url":"https:\/\/haberkuzey.com\/index.php\/author\/haberkuzey\/"}]}},"_links":{"self":[{"href":"https:\/\/haberkuzey.com\/index.php\/wp-json\/wp\/v2\/posts\/34939","targetHints":{"allow":["GET"]}}],"collection":[{"href":"https:\/\/haberkuzey.com\/index.php\/wp-json\/wp\/v2\/posts"}],"about":[{"href":"https:\/\/haberkuzey.com\/index.php\/wp-json\/wp\/v2\/types\/post"}],"author":[{"embeddable":true,"href":"https:\/\/haberkuzey.com\/index.php\/wp-json\/wp\/v2\/users\/1"}],"replies":[{"embeddable":true,"href":"https:\/\/haberkuzey.com\/index.php\/wp-json\/wp\/v2\/comments?post=34939"}],"version-history":[{"count":0,"href":"https:\/\/haberkuzey.com\/index.php\/wp-json\/wp\/v2\/posts\/34939\/revisions"}],"wp:featuredmedia":[{"embeddable":true,"href":"https:\/\/haberkuzey.com\/index.php\/wp-json\/wp\/v2\/media\/34940"}],"wp:attachment":[{"href":"https:\/\/haberkuzey.com\/index.php\/wp-json\/wp\/v2\/media?parent=34939"}],"wp:term":[{"taxonomy":"category","embeddable":true,"href":"https:\/\/haberkuzey.com\/index.php\/wp-json\/wp\/v2\/categories?post=34939"},{"taxonomy":"post_tag","embeddable":true,"href":"https:\/\/haberkuzey.com\/index.php\/wp-json\/wp\/v2\/tags?post=34939"}],"curies":[{"name":"wp","href":"https:\/\/api.w.org\/{rel}","templated":true}]}}