{"id":34937,"date":"2026-03-01T19:00:37","date_gmt":"2026-03-01T17:00:37","guid":{"rendered":"https:\/\/haberkuzey.com\/index.php\/2026\/03\/01\/huseyin-amcaoglu-altyapi-calismalari-planli-ve-kararli-adimlarla-suruyor\/"},"modified":"2026-03-01T19:00:37","modified_gmt":"2026-03-01T17:00:37","slug":"huseyin-amcaoglu-altyapi-calismalari-planli-ve-kararli-adimlarla-suruyor","status":"publish","type":"post","link":"https:\/\/haberkuzey.com\/index.php\/2026\/03\/01\/huseyin-amcaoglu-altyapi-calismalari-planli-ve-kararli-adimlarla-suruyor\/","title":{"rendered":"H\u00fcseyin Amcao\u011flu: Altyap\u0131 \u00e7al\u0131\u015fmalar\u0131 planl\u0131 ve kararl\u0131 ad\u0131mlarla s\u00fcr\u00fcyor"},"content":{"rendered":"<p>G\u00f6nyeli\u2013Alayk\u00f6y Belediye Ba\u015fkan\u0131 H\u00fcseyin Amcao\u011flu, kent genelinde s\u00fcrd\u00fcr\u00fclen altyap\u0131 \u00e7al\u0131\u015fmalar\u0131yla ilgili a\u00e7\u0131klamada bulundu.<\/p>\n<p>Ba\u015fkan Amcao\u011flu a\u00e7\u0131klamas\u0131nda, kent genelinde tespit edilen altyap\u0131 eksiklerini gidermek amac\u0131yla ba\u015flat\u0131lan \u00e7al\u0131\u015fmalar\u0131n ad\u0131m ad\u0131m s\u00fcrd\u00fcr\u00fcld\u00fc\u011f\u00fcn\u00fc belirterek, bir yandan ya\u011fmur suyu drenaj hatlar\u0131n\u0131 g\u00fc\u00e7lendirmeye y\u00f6nelik \u00e7al\u0131\u015fmalar\u0131n devam etti\u011fini, di\u011fer yandan Mercan Sokak ve Zalim Sokak\u2019ta hayata ge\u00e7irilen kanalizasyon \u00e7al\u0131\u015fmas\u0131yla b\u00f6lgede \u00f6nemli bir eksikli\u011fin daha giderildi\u011fini ifade etti.<\/p>\n<p>Altyap\u0131n\u0131n \u00e7o\u011fu zaman g\u00f6r\u00fcnmeyen ancak G\u00f6nyeli\u2013Alayk\u00f6y\u2019\u00fcn gelece\u011fini ta\u015f\u0131yan en g\u00fc\u00e7l\u00fc temel oldu\u011funa dikkat \u00e7eken Amcao\u011flu, bu anlay\u0131\u015fla kentin her noktas\u0131ndaki ihtiya\u00e7lar\u0131n teknik ekipler ve uzmanlarla birlikte yerinde tespit edildi\u011fini, onlar\u0131n g\u00f6r\u00fc\u015fleri do\u011frultusunda kal\u0131c\u0131 \u00e7\u00f6z\u00fcmler \u00fcretmek i\u00e7in ekiplerin sahada \u00e7al\u0131\u015ft\u0131\u011f\u0131n\u0131 kaydetti.<\/p>\n<p>Ba\u015fkan Amcao\u011flu, \u00fcst yap\u0131da oldu\u011fu gibi altyap\u0131da da planl\u0131 bir \u015fekilde kararl\u0131l\u0131kla ilerlediklerini vurgulad\u0131.<\/p>\n<p>H\u00fcseyin Amcao\u011flu: Altyap\u0131 \u00e7al\u0131\u015fmalar\u0131 planl\u0131 ve kararl\u0131 ad\u0131mlarla s\u00fcr\u00fcyor yaz\u0131s\u0131 ilk \u00f6nce K\u0131br\u0131s Hakikat \u00fczerinde ortaya \u00e7\u0131kt\u0131.<\/p>\n","protected":false},"excerpt":{"rendered":"<p>G\u00f6nyeli\u2013Alayk\u00f6y Belediye Ba\u015fkan\u0131 H\u00fcseyin Amcao\u011flu, kent genelinde s\u00fcrd\u00fcr\u00fclen altyap\u0131 \u00e7al\u0131\u015fmalar\u0131yla ilgili a\u00e7\u0131klamada bulundu. Ba\u015fkan Amcao\u011flu a\u00e7\u0131klamas\u0131nda, kent genelinde tespit edilen altyap\u0131 eksiklerini gidermek amac\u0131yla ba\u015flat\u0131lan \u00e7al\u0131\u015fmalar\u0131n ad\u0131m ad\u0131m s\u00fcrd\u00fcr\u00fcld\u00fc\u011f\u00fcn\u00fc belirterek, bir yandan ya\u011fmur suyu drenaj hatlar\u0131n\u0131 g\u00fc\u00e7lendirmeye y\u00f6nelik \u00e7al\u0131\u015fmalar\u0131n devam etti\u011fini, di\u011fer yandan Mercan Sokak ve Zalim Sokak\u2019ta hayata ge\u00e7irilen kanalizasyon \u00e7al\u0131\u015fmas\u0131yla b\u00f6lgede \u00f6nemli bir [&hellip;]<\/p>\n","protected":false},"author":1,"featured_media":34938,"comment_status":"open","ping_status":"open","sticky":false,"template":"","format":"standard","meta":{"jnews-multi-image_gallery":[],"jnews_single_post":[],"jnews_primary_category":[],"footnotes":""},"categories":[1],"tags":[],"class_list":["post-34937","post","type-post","status-publish","format-standard","has-post-thumbnail","hentry","category-kibris"],"yoast_head":"<!-- This site is optimized with the Yoast SEO plugin v27.5 - https:\/\/yoast.com\/product\/yoast-seo-wordpress\/ -->\n<title>H\u00fcseyin Amcao\u011flu: Altyap\u0131 \u00e7al\u0131\u015fmalar\u0131 planl\u0131 ve kararl\u0131 ad\u0131mlarla s\u00fcr\u00fcyor - Haber Kuzey<\/title>\n<meta name=\"robots\" content=\"index, follow, max-snippet:-1, max-image-preview:large, max-video-preview:-1\" \/>\n<link rel=\"canonical\" href=\"https:\/\/haberkuzey.com\/index.php\/2026\/03\/01\/huseyin-amcaoglu-altyapi-calismalari-planli-ve-kararli-adimlarla-suruyor\/\" \/>\n<meta property=\"og:locale\" content=\"tr_TR\" \/>\n<meta property=\"og:type\" content=\"article\" \/>\n<meta property=\"og:title\" content=\"H\u00fcseyin Amcao\u011flu: Altyap\u0131 \u00e7al\u0131\u015fmalar\u0131 planl\u0131 ve kararl\u0131 ad\u0131mlarla s\u00fcr\u00fcyor - Haber Kuzey\" \/>\n<meta property=\"og:description\" content=\"G\u00f6nyeli\u2013Alayk\u00f6y Belediye Ba\u015fkan\u0131 H\u00fcseyin Amcao\u011flu, kent genelinde s\u00fcrd\u00fcr\u00fclen altyap\u0131 \u00e7al\u0131\u015fmalar\u0131yla ilgili a\u00e7\u0131klamada bulundu. Ba\u015fkan Amcao\u011flu a\u00e7\u0131klamas\u0131nda, kent genelinde tespit edilen altyap\u0131 eksiklerini gidermek amac\u0131yla ba\u015flat\u0131lan \u00e7al\u0131\u015fmalar\u0131n ad\u0131m ad\u0131m s\u00fcrd\u00fcr\u00fcld\u00fc\u011f\u00fcn\u00fc belirterek, bir yandan ya\u011fmur suyu drenaj hatlar\u0131n\u0131 g\u00fc\u00e7lendirmeye y\u00f6nelik \u00e7al\u0131\u015fmalar\u0131n devam etti\u011fini, di\u011fer yandan Mercan Sokak ve Zalim Sokak\u2019ta hayata ge\u00e7irilen kanalizasyon \u00e7al\u0131\u015fmas\u0131yla b\u00f6lgede \u00f6nemli bir [&hellip;]\" \/>\n<meta property=\"og:url\" content=\"https:\/\/haberkuzey.com\/index.php\/2026\/03\/01\/huseyin-amcaoglu-altyapi-calismalari-planli-ve-kararli-adimlarla-suruyor\/\" \/>\n<meta property=\"og:site_name\" content=\"Haber Kuzey\" \/>\n<meta property=\"article:published_time\" content=\"2026-03-01T17:00:37+00:00\" \/>\n<meta name=\"author\" content=\"haberkuzey\" \/>\n<meta name=\"twitter:card\" content=\"summary_large_image\" \/>\n<meta name=\"twitter:label1\" content=\"Yazan:\" \/>\n\t<meta name=\"twitter:data1\" content=\"haberkuzey\" \/>\n\t<meta name=\"twitter:label2\" content=\"Tahmini okuma s\u00fcresi\" \/>\n\t<meta name=\"twitter:data2\" content=\"1 dakika\" \/>\n<script type=\"application\/ld+json\" class=\"yoast-schema-graph\">{\"@context\":\"https:\\\/\\\/schema.org\",\"@graph\":[{\"@type\":\"Article\",\"@id\":\"https:\\\/\\\/haberkuzey.com\\\/index.php\\\/2026\\\/03\\\/01\\\/huseyin-amcaoglu-altyapi-calismalari-planli-ve-kararli-adimlarla-suruyor\\\/#article\",\"isPartOf\":{\"@id\":\"https:\\\/\\\/haberkuzey.com\\\/index.php\\\/2026\\\/03\\\/01\\\/huseyin-amcaoglu-altyapi-calismalari-planli-ve-kararli-adimlarla-suruyor\\\/\"},\"author\":{\"name\":\"haberkuzey\",\"@id\":\"https:\\\/\\\/haberkuzey.com\\\/#\\\/schema\\\/person\\\/3372109ec735f9333f4fa47ebb9605ca\"},\"headline\":\"H\u00fcseyin Amcao\u011flu: Altyap\u0131 \u00e7al\u0131\u015fmalar\u0131 planl\u0131 ve kararl\u0131 ad\u0131mlarla s\u00fcr\u00fcyor\",\"datePublished\":\"2026-03-01T17:00:37+00:00\",\"mainEntityOfPage\":{\"@id\":\"https:\\\/\\\/haberkuzey.com\\\/index.php\\\/2026\\\/03\\\/01\\\/huseyin-amcaoglu-altyapi-calismalari-planli-ve-kararli-adimlarla-suruyor\\\/\"},\"wordCount\":232,\"commentCount\":0,\"image\":{\"@id\":\"https:\\\/\\\/haberkuzey.com\\\/index.php\\\/2026\\\/03\\\/01\\\/huseyin-amcaoglu-altyapi-calismalari-planli-ve-kararli-adimlarla-suruyor\\\/#primaryimage\"},\"thumbnailUrl\":\"https:\\\/\\\/haberkuzey.com\\\/wp-content\\\/uploads\\\/2026\\\/03\\\/IMG_7755.webp.webp\",\"articleSection\":[\"K\u0131br\u0131s\"],\"inLanguage\":\"tr\",\"potentialAction\":[{\"@type\":\"CommentAction\",\"name\":\"Comment\",\"target\":[\"https:\\\/\\\/haberkuzey.com\\\/index.php\\\/2026\\\/03\\\/01\\\/huseyin-amcaoglu-altyapi-calismalari-planli-ve-kararli-adimlarla-suruyor\\\/#respond\"]}]},{\"@type\":\"WebPage\",\"@id\":\"https:\\\/\\\/haberkuzey.com\\\/index.php\\\/2026\\\/03\\\/01\\\/huseyin-amcaoglu-altyapi-calismalari-planli-ve-kararli-adimlarla-suruyor\\\/\",\"url\":\"https:\\\/\\\/haberkuzey.com\\\/index.php\\\/2026\\\/03\\\/01\\\/huseyin-amcaoglu-altyapi-calismalari-planli-ve-kararli-adimlarla-suruyor\\\/\",\"name\":\"H\u00fcseyin Amcao\u011flu: Altyap\u0131 \u00e7al\u0131\u015fmalar\u0131 planl\u0131 ve kararl\u0131 ad\u0131mlarla s\u00fcr\u00fcyor - Haber Kuzey\",\"isPartOf\":{\"@id\":\"https:\\\/\\\/haberkuzey.com\\\/#website\"},\"primaryImageOfPage\":{\"@id\":\"https:\\\/\\\/haberkuzey.com\\\/index.php\\\/2026\\\/03\\\/01\\\/huseyin-amcaoglu-altyapi-calismalari-planli-ve-kararli-adimlarla-suruyor\\\/#primaryimage\"},\"image\":{\"@id\":\"https:\\\/\\\/haberkuzey.com\\\/index.php\\\/2026\\\/03\\\/01\\\/huseyin-amcaoglu-altyapi-calismalari-planli-ve-kararli-adimlarla-suruyor\\\/#primaryimage\"},\"thumbnailUrl\":\"https:\\\/\\\/haberkuzey.com\\\/wp-content\\\/uploads\\\/2026\\\/03\\\/IMG_7755.webp.webp\",\"datePublished\":\"2026-03-01T17:00:37+00:00\",\"author\":{\"@id\":\"https:\\\/\\\/haberkuzey.com\\\/#\\\/schema\\\/person\\\/3372109ec735f9333f4fa47ebb9605ca\"},\"breadcrumb\":{\"@id\":\"https:\\\/\\\/haberkuzey.com\\\/index.php\\\/2026\\\/03\\\/01\\\/huseyin-amcaoglu-altyapi-calismalari-planli-ve-kararli-adimlarla-suruyor\\\/#breadcrumb\"},\"inLanguage\":\"tr\",\"potentialAction\":[{\"@type\":\"ReadAction\",\"target\":[\"https:\\\/\\\/haberkuzey.com\\\/index.php\\\/2026\\\/03\\\/01\\\/huseyin-amcaoglu-altyapi-calismalari-planli-ve-kararli-adimlarla-suruyor\\\/\"]}]},{\"@type\":\"ImageObject\",\"inLanguage\":\"tr\",\"@id\":\"https:\\\/\\\/haberkuzey.com\\\/index.php\\\/2026\\\/03\\\/01\\\/huseyin-amcaoglu-altyapi-calismalari-planli-ve-kararli-adimlarla-suruyor\\\/#primaryimage\",\"url\":\"https:\\\/\\\/haberkuzey.com\\\/wp-content\\\/uploads\\\/2026\\\/03\\\/IMG_7755.webp.webp\",\"contentUrl\":\"https:\\\/\\\/haberkuzey.com\\\/wp-content\\\/uploads\\\/2026\\\/03\\\/IMG_7755.webp.webp\",\"width\":971,\"height\":551},{\"@type\":\"BreadcrumbList\",\"@id\":\"https:\\\/\\\/haberkuzey.com\\\/index.php\\\/2026\\\/03\\\/01\\\/huseyin-amcaoglu-altyapi-calismalari-planli-ve-kararli-adimlarla-suruyor\\\/#breadcrumb\",\"itemListElement\":[{\"@type\":\"ListItem\",\"position\":1,\"name\":\"Anasayfa\",\"item\":\"https:\\\/\\\/haberkuzey.com\\\/\"},{\"@type\":\"ListItem\",\"position\":2,\"name\":\"H\u00fcseyin Amcao\u011flu: Altyap\u0131 \u00e7al\u0131\u015fmalar\u0131 planl\u0131 ve kararl\u0131 ad\u0131mlarla s\u00fcr\u00fcyor\"}]},{\"@type\":\"WebSite\",\"@id\":\"https:\\\/\\\/haberkuzey.com\\\/#website\",\"url\":\"https:\\\/\\\/haberkuzey.com\\\/\",\"name\":\"Haber Kuzey\",\"description\":\"Do\u011fru Haberin Adresi\",\"potentialAction\":[{\"@type\":\"SearchAction\",\"target\":{\"@type\":\"EntryPoint\",\"urlTemplate\":\"https:\\\/\\\/haberkuzey.com\\\/?s={search_term_string}\"},\"query-input\":{\"@type\":\"PropertyValueSpecification\",\"valueRequired\":true,\"valueName\":\"search_term_string\"}}],\"inLanguage\":\"tr\"},{\"@type\":\"Person\",\"@id\":\"https:\\\/\\\/haberkuzey.com\\\/#\\\/schema\\\/person\\\/3372109ec735f9333f4fa47ebb9605ca\",\"name\":\"haberkuzey\",\"image\":{\"@type\":\"ImageObject\",\"inLanguage\":\"tr\",\"@id\":\"https:\\\/\\\/secure.gravatar.com\\\/avatar\\\/f5fc875574b1575324358c3b9e6a32b8227aa5b74f3fa22e3cadb63e26fcc39c?s=96&d=mm&r=g\",\"url\":\"https:\\\/\\\/secure.gravatar.com\\\/avatar\\\/f5fc875574b1575324358c3b9e6a32b8227aa5b74f3fa22e3cadb63e26fcc39c?s=96&d=mm&r=g\",\"contentUrl\":\"https:\\\/\\\/secure.gravatar.com\\\/avatar\\\/f5fc875574b1575324358c3b9e6a32b8227aa5b74f3fa22e3cadb63e26fcc39c?s=96&d=mm&r=g\",\"caption\":\"haberkuzey\"},\"sameAs\":[\"https:\\\/\\\/haberkuzey.com\"],\"url\":\"https:\\\/\\\/haberkuzey.com\\\/index.php\\\/author\\\/haberkuzey\\\/\"}]}<\/script>\n<!-- \/ Yoast SEO plugin. -->","yoast_head_json":{"title":"H\u00fcseyin Amcao\u011flu: Altyap\u0131 \u00e7al\u0131\u015fmalar\u0131 planl\u0131 ve kararl\u0131 ad\u0131mlarla s\u00fcr\u00fcyor - Haber Kuzey","robots":{"index":"index","follow":"follow","max-snippet":"max-snippet:-1","max-image-preview":"max-image-preview:large","max-video-preview":"max-video-preview:-1"},"canonical":"https:\/\/haberkuzey.com\/index.php\/2026\/03\/01\/huseyin-amcaoglu-altyapi-calismalari-planli-ve-kararli-adimlarla-suruyor\/","og_locale":"tr_TR","og_type":"article","og_title":"H\u00fcseyin Amcao\u011flu: Altyap\u0131 \u00e7al\u0131\u015fmalar\u0131 planl\u0131 ve kararl\u0131 ad\u0131mlarla s\u00fcr\u00fcyor - Haber Kuzey","og_description":"G\u00f6nyeli\u2013Alayk\u00f6y Belediye Ba\u015fkan\u0131 H\u00fcseyin Amcao\u011flu, kent genelinde s\u00fcrd\u00fcr\u00fclen altyap\u0131 \u00e7al\u0131\u015fmalar\u0131yla ilgili a\u00e7\u0131klamada bulundu. Ba\u015fkan Amcao\u011flu a\u00e7\u0131klamas\u0131nda, kent genelinde tespit edilen altyap\u0131 eksiklerini gidermek amac\u0131yla ba\u015flat\u0131lan \u00e7al\u0131\u015fmalar\u0131n ad\u0131m ad\u0131m s\u00fcrd\u00fcr\u00fcld\u00fc\u011f\u00fcn\u00fc belirterek, bir yandan ya\u011fmur suyu drenaj hatlar\u0131n\u0131 g\u00fc\u00e7lendirmeye y\u00f6nelik \u00e7al\u0131\u015fmalar\u0131n devam etti\u011fini, di\u011fer yandan Mercan Sokak ve Zalim Sokak\u2019ta hayata ge\u00e7irilen kanalizasyon \u00e7al\u0131\u015fmas\u0131yla b\u00f6lgede \u00f6nemli bir [&hellip;]","og_url":"https:\/\/haberkuzey.com\/index.php\/2026\/03\/01\/huseyin-amcaoglu-altyapi-calismalari-planli-ve-kararli-adimlarla-suruyor\/","og_site_name":"Haber Kuzey","article_published_time":"2026-03-01T17:00:37+00:00","author":"haberkuzey","twitter_card":"summary_large_image","twitter_misc":{"Yazan:":"haberkuzey","Tahmini okuma s\u00fcresi":"1 dakika"},"schema":{"@context":"https:\/\/schema.org","@graph":[{"@type":"Article","@id":"https:\/\/haberkuzey.com\/index.php\/2026\/03\/01\/huseyin-amcaoglu-altyapi-calismalari-planli-ve-kararli-adimlarla-suruyor\/#article","isPartOf":{"@id":"https:\/\/haberkuzey.com\/index.php\/2026\/03\/01\/huseyin-amcaoglu-altyapi-calismalari-planli-ve-kararli-adimlarla-suruyor\/"},"author":{"name":"haberkuzey","@id":"https:\/\/haberkuzey.com\/#\/schema\/person\/3372109ec735f9333f4fa47ebb9605ca"},"headline":"H\u00fcseyin Amcao\u011flu: Altyap\u0131 \u00e7al\u0131\u015fmalar\u0131 planl\u0131 ve kararl\u0131 ad\u0131mlarla s\u00fcr\u00fcyor","datePublished":"2026-03-01T17:00:37+00:00","mainEntityOfPage":{"@id":"https:\/\/haberkuzey.com\/index.php\/2026\/03\/01\/huseyin-amcaoglu-altyapi-calismalari-planli-ve-kararli-adimlarla-suruyor\/"},"wordCount":232,"commentCount":0,"image":{"@id":"https:\/\/haberkuzey.com\/index.php\/2026\/03\/01\/huseyin-amcaoglu-altyapi-calismalari-planli-ve-kararli-adimlarla-suruyor\/#primaryimage"},"thumbnailUrl":"https:\/\/haberkuzey.com\/wp-content\/uploads\/2026\/03\/IMG_7755.webp.webp","articleSection":["K\u0131br\u0131s"],"inLanguage":"tr","potentialAction":[{"@type":"CommentAction","name":"Comment","target":["https:\/\/haberkuzey.com\/index.php\/2026\/03\/01\/huseyin-amcaoglu-altyapi-calismalari-planli-ve-kararli-adimlarla-suruyor\/#respond"]}]},{"@type":"WebPage","@id":"https:\/\/haberkuzey.com\/index.php\/2026\/03\/01\/huseyin-amcaoglu-altyapi-calismalari-planli-ve-kararli-adimlarla-suruyor\/","url":"https:\/\/haberkuzey.com\/index.php\/2026\/03\/01\/huseyin-amcaoglu-altyapi-calismalari-planli-ve-kararli-adimlarla-suruyor\/","name":"H\u00fcseyin Amcao\u011flu: Altyap\u0131 \u00e7al\u0131\u015fmalar\u0131 planl\u0131 ve kararl\u0131 ad\u0131mlarla s\u00fcr\u00fcyor - Haber Kuzey","isPartOf":{"@id":"https:\/\/haberkuzey.com\/#website"},"primaryImageOfPage":{"@id":"https:\/\/haberkuzey.com\/index.php\/2026\/03\/01\/huseyin-amcaoglu-altyapi-calismalari-planli-ve-kararli-adimlarla-suruyor\/#primaryimage"},"image":{"@id":"https:\/\/haberkuzey.com\/index.php\/2026\/03\/01\/huseyin-amcaoglu-altyapi-calismalari-planli-ve-kararli-adimlarla-suruyor\/#primaryimage"},"thumbnailUrl":"https:\/\/haberkuzey.com\/wp-content\/uploads\/2026\/03\/IMG_7755.webp.webp","datePublished":"2026-03-01T17:00:37+00:00","author":{"@id":"https:\/\/haberkuzey.com\/#\/schema\/person\/3372109ec735f9333f4fa47ebb9605ca"},"breadcrumb":{"@id":"https:\/\/haberkuzey.com\/index.php\/2026\/03\/01\/huseyin-amcaoglu-altyapi-calismalari-planli-ve-kararli-adimlarla-suruyor\/#breadcrumb"},"inLanguage":"tr","potentialAction":[{"@type":"ReadAction","target":["https:\/\/haberkuzey.com\/index.php\/2026\/03\/01\/huseyin-amcaoglu-altyapi-calismalari-planli-ve-kararli-adimlarla-suruyor\/"]}]},{"@type":"ImageObject","inLanguage":"tr","@id":"https:\/\/haberkuzey.com\/index.php\/2026\/03\/01\/huseyin-amcaoglu-altyapi-calismalari-planli-ve-kararli-adimlarla-suruyor\/#primaryimage","url":"https:\/\/haberkuzey.com\/wp-content\/uploads\/2026\/03\/IMG_7755.webp.webp","contentUrl":"https:\/\/haberkuzey.com\/wp-content\/uploads\/2026\/03\/IMG_7755.webp.webp","width":971,"height":551},{"@type":"BreadcrumbList","@id":"https:\/\/haberkuzey.com\/index.php\/2026\/03\/01\/huseyin-amcaoglu-altyapi-calismalari-planli-ve-kararli-adimlarla-suruyor\/#breadcrumb","itemListElement":[{"@type":"ListItem","position":1,"name":"Anasayfa","item":"https:\/\/haberkuzey.com\/"},{"@type":"ListItem","position":2,"name":"H\u00fcseyin Amcao\u011flu: Altyap\u0131 \u00e7al\u0131\u015fmalar\u0131 planl\u0131 ve kararl\u0131 ad\u0131mlarla s\u00fcr\u00fcyor"}]},{"@type":"WebSite","@id":"https:\/\/haberkuzey.com\/#website","url":"https:\/\/haberkuzey.com\/","name":"Haber Kuzey","description":"Do\u011fru Haberin Adresi","potentialAction":[{"@type":"SearchAction","target":{"@type":"EntryPoint","urlTemplate":"https:\/\/haberkuzey.com\/?s={search_term_string}"},"query-input":{"@type":"PropertyValueSpecification","valueRequired":true,"valueName":"search_term_string"}}],"inLanguage":"tr"},{"@type":"Person","@id":"https:\/\/haberkuzey.com\/#\/schema\/person\/3372109ec735f9333f4fa47ebb9605ca","name":"haberkuzey","image":{"@type":"ImageObject","inLanguage":"tr","@id":"https:\/\/secure.gravatar.com\/avatar\/f5fc875574b1575324358c3b9e6a32b8227aa5b74f3fa22e3cadb63e26fcc39c?s=96&d=mm&r=g","url":"https:\/\/secure.gravatar.com\/avatar\/f5fc875574b1575324358c3b9e6a32b8227aa5b74f3fa22e3cadb63e26fcc39c?s=96&d=mm&r=g","contentUrl":"https:\/\/secure.gravatar.com\/avatar\/f5fc875574b1575324358c3b9e6a32b8227aa5b74f3fa22e3cadb63e26fcc39c?s=96&d=mm&r=g","caption":"haberkuzey"},"sameAs":["https:\/\/haberkuzey.com"],"url":"https:\/\/haberkuzey.com\/index.php\/author\/haberkuzey\/"}]}},"_links":{"self":[{"href":"https:\/\/haberkuzey.com\/index.php\/wp-json\/wp\/v2\/posts\/34937","targetHints":{"allow":["GET"]}}],"collection":[{"href":"https:\/\/haberkuzey.com\/index.php\/wp-json\/wp\/v2\/posts"}],"about":[{"href":"https:\/\/haberkuzey.com\/index.php\/wp-json\/wp\/v2\/types\/post"}],"author":[{"embeddable":true,"href":"https:\/\/haberkuzey.com\/index.php\/wp-json\/wp\/v2\/users\/1"}],"replies":[{"embeddable":true,"href":"https:\/\/haberkuzey.com\/index.php\/wp-json\/wp\/v2\/comments?post=34937"}],"version-history":[{"count":0,"href":"https:\/\/haberkuzey.com\/index.php\/wp-json\/wp\/v2\/posts\/34937\/revisions"}],"wp:featuredmedia":[{"embeddable":true,"href":"https:\/\/haberkuzey.com\/index.php\/wp-json\/wp\/v2\/media\/34938"}],"wp:attachment":[{"href":"https:\/\/haberkuzey.com\/index.php\/wp-json\/wp\/v2\/media?parent=34937"}],"wp:term":[{"taxonomy":"category","embeddable":true,"href":"https:\/\/haberkuzey.com\/index.php\/wp-json\/wp\/v2\/categories?post=34937"},{"taxonomy":"post_tag","embeddable":true,"href":"https:\/\/haberkuzey.com\/index.php\/wp-json\/wp\/v2\/tags?post=34937"}],"curies":[{"name":"wp","href":"https:\/\/api.w.org\/{rel}","templated":true}]}}