{"id":34935,"date":"2026-03-01T17:58:06","date_gmt":"2026-03-01T15:58:06","guid":{"rendered":"https:\/\/haberkuzey.com\/index.php\/2026\/03\/01\/su-ana-kadar-temsilciliklerimize-50-vatandas-basvurdu-hava-sahasinin-acilmasini-bekliyoruz\/"},"modified":"2026-03-01T17:58:06","modified_gmt":"2026-03-01T15:58:06","slug":"su-ana-kadar-temsilciliklerimize-50-vatandas-basvurdu-hava-sahasinin-acilmasini-bekliyoruz","status":"publish","type":"post","link":"https:\/\/haberkuzey.com\/index.php\/2026\/03\/01\/su-ana-kadar-temsilciliklerimize-50-vatandas-basvurdu-hava-sahasinin-acilmasini-bekliyoruz\/","title":{"rendered":"\u015eu ana kadar temsilciliklerimize 50 vatanda\u015f ba\u015fvurdu, hava sahas\u0131n\u0131n a\u00e7\u0131lmas\u0131n\u0131 bekliyoruz"},"content":{"rendered":"<div>Lakadamyal\u0131, \u0130ran ve K\u00f6rfez \u00fclkelerinde bulunan vatanda\u015flar\u0131n durumu hakk\u0131nda T\u00fcrk Ajans\u0131 K\u0131br\u0131s\u2019a (TAK) yapt\u0131\u011f\u0131 a\u00e7\u0131klamada, 37 ki\u015filik bir kafilenin Birle\u015fik Arap Emirlikleri Dubai\u2019de turistik ama\u00e7la bulundu\u011funu, kafilenin otellerinde g\u00fcvende oldu\u011funu belirtti.<\/div>\n<div>Kafilenin KKTC temsilcileriyle temas halinde oldu\u011funu s\u00f6yleyen Lakadamyal\u0131, T\u00fcrkiye Cumhuriyeti Ba\u015fkonsolosu\u2019nun da kafileyi bug\u00fcn otellerinde ziyaret etti\u011fini kaydetti.<\/div>\n<div><\/div>\n<div>Kafile d\u0131\u015f\u0131nda i\u015f ve seyahat ama\u00e7l\u0131 Birle\u015fik Arap Emirlikleri\u2019nde bulunan 11 ve Doha\u2019da bulunan iki vatanda\u015f\u0131n da kendileriyle temas halinde bulundu\u011funu ifade eden Lakadamyal\u0131, hava sahas\u0131n\u0131n kapal\u0131 olmas\u0131 ve u\u00e7u\u015flar\u0131n iptal edilmesi nedeniyle vatanda\u015flar\u0131n bulunduklar\u0131 \u00fclkelerde beklemek zorunda kald\u0131\u011f\u0131n\u0131, hava sahas\u0131 a\u00e7\u0131ld\u0131\u011f\u0131 anda d\u00f6n\u00fc\u015flerin planlanaca\u011f\u0131n\u0131 s\u00f6yledi.<\/div>\n<div><\/div>\n<div>Vatanda\u015flar\u0131n g\u00fcvenli b\u00f6lgelerde kalmas\u0131, zorunlu olmad\u0131k\u00e7a d\u0131\u015far\u0131 \u00e7\u0131kmamas\u0131 y\u00f6n\u00fcnde \u00e7a\u011fr\u0131 yapan Lakadamyal\u0131, ihtiya\u00e7 halinde temsilciliklerin yard\u0131mc\u0131 olaca\u011f\u0131n\u0131 belirtti.<\/div>\n<div><\/div>\n<div>Lakadamyal\u0131, D\u0131\u015fi\u015fleri Bakanl\u0131\u011f\u0131 Konsolosluk \u00c7a\u011fr\u0131 Merkezi\u2019nin 24 saat hizmet verdi\u011fini vurgulayarak, vatanda\u015flar\u0131n \u00e7a\u011fr\u0131 merkezine ve b\u00f6lgedeki Abu Dabi, Doha, Kuveyt ve Muskat temsilciliklerine ba\u015fvurabilece\u011fini ifade etti.<\/div>\n<p>\u015eu ana kadar temsilciliklerimize 50 vatanda\u015f ba\u015fvurdu, hava sahas\u0131n\u0131n a\u00e7\u0131lmas\u0131n\u0131 bekliyoruz yaz\u0131s\u0131 ilk \u00f6nce K\u0131br\u0131s Hakikat \u00fczerinde ortaya \u00e7\u0131kt\u0131.<\/p>\n","protected":false},"excerpt":{"rendered":"<p>Lakadamyal\u0131, \u0130ran ve K\u00f6rfez \u00fclkelerinde bulunan vatanda\u015flar\u0131n durumu hakk\u0131nda T\u00fcrk Ajans\u0131 K\u0131br\u0131s\u2019a (TAK) yapt\u0131\u011f\u0131 a\u00e7\u0131klamada, 37 ki\u015filik bir kafilenin Birle\u015fik Arap Emirlikleri Dubai\u2019de turistik ama\u00e7la bulundu\u011funu, kafilenin otellerinde g\u00fcvende oldu\u011funu belirtti. Kafilenin KKTC temsilcileriyle temas halinde oldu\u011funu s\u00f6yleyen Lakadamyal\u0131, T\u00fcrkiye Cumhuriyeti Ba\u015fkonsolosu\u2019nun da kafileyi bug\u00fcn otellerinde ziyaret etti\u011fini kaydetti. Kafile d\u0131\u015f\u0131nda i\u015f ve seyahat ama\u00e7l\u0131 [&hellip;]<\/p>\n","protected":false},"author":1,"featured_media":34936,"comment_status":"open","ping_status":"open","sticky":false,"template":"","format":"standard","meta":{"jnews-multi-image_gallery":[],"jnews_single_post":[],"jnews_primary_category":[],"footnotes":""},"categories":[1],"tags":[],"class_list":["post-34935","post","type-post","status-publish","format-standard","has-post-thumbnail","hentry","category-kibris"],"yoast_head":"<!-- This site is optimized with the Yoast SEO plugin v27.5 - https:\/\/yoast.com\/product\/yoast-seo-wordpress\/ -->\n<title>\u015eu ana kadar temsilciliklerimize 50 vatanda\u015f ba\u015fvurdu, hava sahas\u0131n\u0131n a\u00e7\u0131lmas\u0131n\u0131 bekliyoruz - Haber Kuzey<\/title>\n<meta name=\"robots\" content=\"index, follow, max-snippet:-1, max-image-preview:large, max-video-preview:-1\" \/>\n<link rel=\"canonical\" href=\"https:\/\/haberkuzey.com\/index.php\/2026\/03\/01\/su-ana-kadar-temsilciliklerimize-50-vatandas-basvurdu-hava-sahasinin-acilmasini-bekliyoruz\/\" \/>\n<meta property=\"og:locale\" content=\"tr_TR\" \/>\n<meta property=\"og:type\" content=\"article\" \/>\n<meta property=\"og:title\" content=\"\u015eu ana kadar temsilciliklerimize 50 vatanda\u015f ba\u015fvurdu, hava sahas\u0131n\u0131n a\u00e7\u0131lmas\u0131n\u0131 bekliyoruz - Haber Kuzey\" \/>\n<meta property=\"og:description\" content=\"Lakadamyal\u0131, \u0130ran ve K\u00f6rfez \u00fclkelerinde bulunan vatanda\u015flar\u0131n durumu hakk\u0131nda T\u00fcrk Ajans\u0131 K\u0131br\u0131s\u2019a (TAK) yapt\u0131\u011f\u0131 a\u00e7\u0131klamada, 37 ki\u015filik bir kafilenin Birle\u015fik Arap Emirlikleri Dubai\u2019de turistik ama\u00e7la bulundu\u011funu, kafilenin otellerinde g\u00fcvende oldu\u011funu belirtti. Kafilenin KKTC temsilcileriyle temas halinde oldu\u011funu s\u00f6yleyen Lakadamyal\u0131, T\u00fcrkiye Cumhuriyeti Ba\u015fkonsolosu\u2019nun da kafileyi bug\u00fcn otellerinde ziyaret etti\u011fini kaydetti. Kafile d\u0131\u015f\u0131nda i\u015f ve seyahat ama\u00e7l\u0131 [&hellip;]\" \/>\n<meta property=\"og:url\" content=\"https:\/\/haberkuzey.com\/index.php\/2026\/03\/01\/su-ana-kadar-temsilciliklerimize-50-vatandas-basvurdu-hava-sahasinin-acilmasini-bekliyoruz\/\" \/>\n<meta property=\"og:site_name\" content=\"Haber Kuzey\" \/>\n<meta property=\"article:published_time\" content=\"2026-03-01T15:58:06+00:00\" \/>\n<meta name=\"author\" content=\"haberkuzey\" \/>\n<meta name=\"twitter:card\" content=\"summary_large_image\" \/>\n<meta name=\"twitter:label1\" content=\"Yazan:\" \/>\n\t<meta name=\"twitter:data1\" content=\"haberkuzey\" \/>\n\t<meta name=\"twitter:label2\" content=\"Tahmini okuma s\u00fcresi\" \/>\n\t<meta name=\"twitter:data2\" content=\"1 dakika\" \/>\n<script type=\"application\/ld+json\" class=\"yoast-schema-graph\">{\"@context\":\"https:\\\/\\\/schema.org\",\"@graph\":[{\"@type\":\"Article\",\"@id\":\"https:\\\/\\\/haberkuzey.com\\\/index.php\\\/2026\\\/03\\\/01\\\/su-ana-kadar-temsilciliklerimize-50-vatandas-basvurdu-hava-sahasinin-acilmasini-bekliyoruz\\\/#article\",\"isPartOf\":{\"@id\":\"https:\\\/\\\/haberkuzey.com\\\/index.php\\\/2026\\\/03\\\/01\\\/su-ana-kadar-temsilciliklerimize-50-vatandas-basvurdu-hava-sahasinin-acilmasini-bekliyoruz\\\/\"},\"author\":{\"name\":\"haberkuzey\",\"@id\":\"https:\\\/\\\/haberkuzey.com\\\/#\\\/schema\\\/person\\\/3372109ec735f9333f4fa47ebb9605ca\"},\"headline\":\"\u015eu ana kadar temsilciliklerimize 50 vatanda\u015f ba\u015fvurdu, hava sahas\u0131n\u0131n a\u00e7\u0131lmas\u0131n\u0131 bekliyoruz\",\"datePublished\":\"2026-03-01T15:58:06+00:00\",\"mainEntityOfPage\":{\"@id\":\"https:\\\/\\\/haberkuzey.com\\\/index.php\\\/2026\\\/03\\\/01\\\/su-ana-kadar-temsilciliklerimize-50-vatandas-basvurdu-hava-sahasinin-acilmasini-bekliyoruz\\\/\"},\"wordCount\":243,\"commentCount\":0,\"image\":{\"@id\":\"https:\\\/\\\/haberkuzey.com\\\/index.php\\\/2026\\\/03\\\/01\\\/su-ana-kadar-temsilciliklerimize-50-vatandas-basvurdu-hava-sahasinin-acilmasini-bekliyoruz\\\/#primaryimage\"},\"thumbnailUrl\":\"https:\\\/\\\/haberkuzey.com\\\/wp-content\\\/uploads\\\/2026\\\/03\\\/1772377772710lakadamyali-11.jpg\",\"articleSection\":[\"K\u0131br\u0131s\"],\"inLanguage\":\"tr\",\"potentialAction\":[{\"@type\":\"CommentAction\",\"name\":\"Comment\",\"target\":[\"https:\\\/\\\/haberkuzey.com\\\/index.php\\\/2026\\\/03\\\/01\\\/su-ana-kadar-temsilciliklerimize-50-vatandas-basvurdu-hava-sahasinin-acilmasini-bekliyoruz\\\/#respond\"]}]},{\"@type\":\"WebPage\",\"@id\":\"https:\\\/\\\/haberkuzey.com\\\/index.php\\\/2026\\\/03\\\/01\\\/su-ana-kadar-temsilciliklerimize-50-vatandas-basvurdu-hava-sahasinin-acilmasini-bekliyoruz\\\/\",\"url\":\"https:\\\/\\\/haberkuzey.com\\\/index.php\\\/2026\\\/03\\\/01\\\/su-ana-kadar-temsilciliklerimize-50-vatandas-basvurdu-hava-sahasinin-acilmasini-bekliyoruz\\\/\",\"name\":\"\u015eu ana kadar temsilciliklerimize 50 vatanda\u015f ba\u015fvurdu, hava sahas\u0131n\u0131n a\u00e7\u0131lmas\u0131n\u0131 bekliyoruz - Haber Kuzey\",\"isPartOf\":{\"@id\":\"https:\\\/\\\/haberkuzey.com\\\/#website\"},\"primaryImageOfPage\":{\"@id\":\"https:\\\/\\\/haberkuzey.com\\\/index.php\\\/2026\\\/03\\\/01\\\/su-ana-kadar-temsilciliklerimize-50-vatandas-basvurdu-hava-sahasinin-acilmasini-bekliyoruz\\\/#primaryimage\"},\"image\":{\"@id\":\"https:\\\/\\\/haberkuzey.com\\\/index.php\\\/2026\\\/03\\\/01\\\/su-ana-kadar-temsilciliklerimize-50-vatandas-basvurdu-hava-sahasinin-acilmasini-bekliyoruz\\\/#primaryimage\"},\"thumbnailUrl\":\"https:\\\/\\\/haberkuzey.com\\\/wp-content\\\/uploads\\\/2026\\\/03\\\/1772377772710lakadamyali-11.jpg\",\"datePublished\":\"2026-03-01T15:58:06+00:00\",\"author\":{\"@id\":\"https:\\\/\\\/haberkuzey.com\\\/#\\\/schema\\\/person\\\/3372109ec735f9333f4fa47ebb9605ca\"},\"breadcrumb\":{\"@id\":\"https:\\\/\\\/haberkuzey.com\\\/index.php\\\/2026\\\/03\\\/01\\\/su-ana-kadar-temsilciliklerimize-50-vatandas-basvurdu-hava-sahasinin-acilmasini-bekliyoruz\\\/#breadcrumb\"},\"inLanguage\":\"tr\",\"potentialAction\":[{\"@type\":\"ReadAction\",\"target\":[\"https:\\\/\\\/haberkuzey.com\\\/index.php\\\/2026\\\/03\\\/01\\\/su-ana-kadar-temsilciliklerimize-50-vatandas-basvurdu-hava-sahasinin-acilmasini-bekliyoruz\\\/\"]}]},{\"@type\":\"ImageObject\",\"inLanguage\":\"tr\",\"@id\":\"https:\\\/\\\/haberkuzey.com\\\/index.php\\\/2026\\\/03\\\/01\\\/su-ana-kadar-temsilciliklerimize-50-vatandas-basvurdu-hava-sahasinin-acilmasini-bekliyoruz\\\/#primaryimage\",\"url\":\"https:\\\/\\\/haberkuzey.com\\\/wp-content\\\/uploads\\\/2026\\\/03\\\/1772377772710lakadamyali-11.jpg\",\"contentUrl\":\"https:\\\/\\\/haberkuzey.com\\\/wp-content\\\/uploads\\\/2026\\\/03\\\/1772377772710lakadamyali-11.jpg\",\"width\":501,\"height\":284},{\"@type\":\"BreadcrumbList\",\"@id\":\"https:\\\/\\\/haberkuzey.com\\\/index.php\\\/2026\\\/03\\\/01\\\/su-ana-kadar-temsilciliklerimize-50-vatandas-basvurdu-hava-sahasinin-acilmasini-bekliyoruz\\\/#breadcrumb\",\"itemListElement\":[{\"@type\":\"ListItem\",\"position\":1,\"name\":\"Anasayfa\",\"item\":\"https:\\\/\\\/haberkuzey.com\\\/\"},{\"@type\":\"ListItem\",\"position\":2,\"name\":\"\u015eu ana kadar temsilciliklerimize 50 vatanda\u015f ba\u015fvurdu, hava sahas\u0131n\u0131n a\u00e7\u0131lmas\u0131n\u0131 bekliyoruz\"}]},{\"@type\":\"WebSite\",\"@id\":\"https:\\\/\\\/haberkuzey.com\\\/#website\",\"url\":\"https:\\\/\\\/haberkuzey.com\\\/\",\"name\":\"Haber Kuzey\",\"description\":\"Do\u011fru Haberin Adresi\",\"potentialAction\":[{\"@type\":\"SearchAction\",\"target\":{\"@type\":\"EntryPoint\",\"urlTemplate\":\"https:\\\/\\\/haberkuzey.com\\\/?s={search_term_string}\"},\"query-input\":{\"@type\":\"PropertyValueSpecification\",\"valueRequired\":true,\"valueName\":\"search_term_string\"}}],\"inLanguage\":\"tr\"},{\"@type\":\"Person\",\"@id\":\"https:\\\/\\\/haberkuzey.com\\\/#\\\/schema\\\/person\\\/3372109ec735f9333f4fa47ebb9605ca\",\"name\":\"haberkuzey\",\"image\":{\"@type\":\"ImageObject\",\"inLanguage\":\"tr\",\"@id\":\"https:\\\/\\\/secure.gravatar.com\\\/avatar\\\/f5fc875574b1575324358c3b9e6a32b8227aa5b74f3fa22e3cadb63e26fcc39c?s=96&d=mm&r=g\",\"url\":\"https:\\\/\\\/secure.gravatar.com\\\/avatar\\\/f5fc875574b1575324358c3b9e6a32b8227aa5b74f3fa22e3cadb63e26fcc39c?s=96&d=mm&r=g\",\"contentUrl\":\"https:\\\/\\\/secure.gravatar.com\\\/avatar\\\/f5fc875574b1575324358c3b9e6a32b8227aa5b74f3fa22e3cadb63e26fcc39c?s=96&d=mm&r=g\",\"caption\":\"haberkuzey\"},\"sameAs\":[\"https:\\\/\\\/haberkuzey.com\"],\"url\":\"https:\\\/\\\/haberkuzey.com\\\/index.php\\\/author\\\/haberkuzey\\\/\"}]}<\/script>\n<!-- \/ Yoast SEO plugin. -->","yoast_head_json":{"title":"\u015eu ana kadar temsilciliklerimize 50 vatanda\u015f ba\u015fvurdu, hava sahas\u0131n\u0131n a\u00e7\u0131lmas\u0131n\u0131 bekliyoruz - Haber Kuzey","robots":{"index":"index","follow":"follow","max-snippet":"max-snippet:-1","max-image-preview":"max-image-preview:large","max-video-preview":"max-video-preview:-1"},"canonical":"https:\/\/haberkuzey.com\/index.php\/2026\/03\/01\/su-ana-kadar-temsilciliklerimize-50-vatandas-basvurdu-hava-sahasinin-acilmasini-bekliyoruz\/","og_locale":"tr_TR","og_type":"article","og_title":"\u015eu ana kadar temsilciliklerimize 50 vatanda\u015f ba\u015fvurdu, hava sahas\u0131n\u0131n a\u00e7\u0131lmas\u0131n\u0131 bekliyoruz - Haber Kuzey","og_description":"Lakadamyal\u0131, \u0130ran ve K\u00f6rfez \u00fclkelerinde bulunan vatanda\u015flar\u0131n durumu hakk\u0131nda T\u00fcrk Ajans\u0131 K\u0131br\u0131s\u2019a (TAK) yapt\u0131\u011f\u0131 a\u00e7\u0131klamada, 37 ki\u015filik bir kafilenin Birle\u015fik Arap Emirlikleri Dubai\u2019de turistik ama\u00e7la bulundu\u011funu, kafilenin otellerinde g\u00fcvende oldu\u011funu belirtti. Kafilenin KKTC temsilcileriyle temas halinde oldu\u011funu s\u00f6yleyen Lakadamyal\u0131, T\u00fcrkiye Cumhuriyeti Ba\u015fkonsolosu\u2019nun da kafileyi bug\u00fcn otellerinde ziyaret etti\u011fini kaydetti. Kafile d\u0131\u015f\u0131nda i\u015f ve seyahat ama\u00e7l\u0131 [&hellip;]","og_url":"https:\/\/haberkuzey.com\/index.php\/2026\/03\/01\/su-ana-kadar-temsilciliklerimize-50-vatandas-basvurdu-hava-sahasinin-acilmasini-bekliyoruz\/","og_site_name":"Haber Kuzey","article_published_time":"2026-03-01T15:58:06+00:00","author":"haberkuzey","twitter_card":"summary_large_image","twitter_misc":{"Yazan:":"haberkuzey","Tahmini okuma s\u00fcresi":"1 dakika"},"schema":{"@context":"https:\/\/schema.org","@graph":[{"@type":"Article","@id":"https:\/\/haberkuzey.com\/index.php\/2026\/03\/01\/su-ana-kadar-temsilciliklerimize-50-vatandas-basvurdu-hava-sahasinin-acilmasini-bekliyoruz\/#article","isPartOf":{"@id":"https:\/\/haberkuzey.com\/index.php\/2026\/03\/01\/su-ana-kadar-temsilciliklerimize-50-vatandas-basvurdu-hava-sahasinin-acilmasini-bekliyoruz\/"},"author":{"name":"haberkuzey","@id":"https:\/\/haberkuzey.com\/#\/schema\/person\/3372109ec735f9333f4fa47ebb9605ca"},"headline":"\u015eu ana kadar temsilciliklerimize 50 vatanda\u015f ba\u015fvurdu, hava sahas\u0131n\u0131n a\u00e7\u0131lmas\u0131n\u0131 bekliyoruz","datePublished":"2026-03-01T15:58:06+00:00","mainEntityOfPage":{"@id":"https:\/\/haberkuzey.com\/index.php\/2026\/03\/01\/su-ana-kadar-temsilciliklerimize-50-vatandas-basvurdu-hava-sahasinin-acilmasini-bekliyoruz\/"},"wordCount":243,"commentCount":0,"image":{"@id":"https:\/\/haberkuzey.com\/index.php\/2026\/03\/01\/su-ana-kadar-temsilciliklerimize-50-vatandas-basvurdu-hava-sahasinin-acilmasini-bekliyoruz\/#primaryimage"},"thumbnailUrl":"https:\/\/haberkuzey.com\/wp-content\/uploads\/2026\/03\/1772377772710lakadamyali-11.jpg","articleSection":["K\u0131br\u0131s"],"inLanguage":"tr","potentialAction":[{"@type":"CommentAction","name":"Comment","target":["https:\/\/haberkuzey.com\/index.php\/2026\/03\/01\/su-ana-kadar-temsilciliklerimize-50-vatandas-basvurdu-hava-sahasinin-acilmasini-bekliyoruz\/#respond"]}]},{"@type":"WebPage","@id":"https:\/\/haberkuzey.com\/index.php\/2026\/03\/01\/su-ana-kadar-temsilciliklerimize-50-vatandas-basvurdu-hava-sahasinin-acilmasini-bekliyoruz\/","url":"https:\/\/haberkuzey.com\/index.php\/2026\/03\/01\/su-ana-kadar-temsilciliklerimize-50-vatandas-basvurdu-hava-sahasinin-acilmasini-bekliyoruz\/","name":"\u015eu ana kadar temsilciliklerimize 50 vatanda\u015f ba\u015fvurdu, hava sahas\u0131n\u0131n a\u00e7\u0131lmas\u0131n\u0131 bekliyoruz - Haber Kuzey","isPartOf":{"@id":"https:\/\/haberkuzey.com\/#website"},"primaryImageOfPage":{"@id":"https:\/\/haberkuzey.com\/index.php\/2026\/03\/01\/su-ana-kadar-temsilciliklerimize-50-vatandas-basvurdu-hava-sahasinin-acilmasini-bekliyoruz\/#primaryimage"},"image":{"@id":"https:\/\/haberkuzey.com\/index.php\/2026\/03\/01\/su-ana-kadar-temsilciliklerimize-50-vatandas-basvurdu-hava-sahasinin-acilmasini-bekliyoruz\/#primaryimage"},"thumbnailUrl":"https:\/\/haberkuzey.com\/wp-content\/uploads\/2026\/03\/1772377772710lakadamyali-11.jpg","datePublished":"2026-03-01T15:58:06+00:00","author":{"@id":"https:\/\/haberkuzey.com\/#\/schema\/person\/3372109ec735f9333f4fa47ebb9605ca"},"breadcrumb":{"@id":"https:\/\/haberkuzey.com\/index.php\/2026\/03\/01\/su-ana-kadar-temsilciliklerimize-50-vatandas-basvurdu-hava-sahasinin-acilmasini-bekliyoruz\/#breadcrumb"},"inLanguage":"tr","potentialAction":[{"@type":"ReadAction","target":["https:\/\/haberkuzey.com\/index.php\/2026\/03\/01\/su-ana-kadar-temsilciliklerimize-50-vatandas-basvurdu-hava-sahasinin-acilmasini-bekliyoruz\/"]}]},{"@type":"ImageObject","inLanguage":"tr","@id":"https:\/\/haberkuzey.com\/index.php\/2026\/03\/01\/su-ana-kadar-temsilciliklerimize-50-vatandas-basvurdu-hava-sahasinin-acilmasini-bekliyoruz\/#primaryimage","url":"https:\/\/haberkuzey.com\/wp-content\/uploads\/2026\/03\/1772377772710lakadamyali-11.jpg","contentUrl":"https:\/\/haberkuzey.com\/wp-content\/uploads\/2026\/03\/1772377772710lakadamyali-11.jpg","width":501,"height":284},{"@type":"BreadcrumbList","@id":"https:\/\/haberkuzey.com\/index.php\/2026\/03\/01\/su-ana-kadar-temsilciliklerimize-50-vatandas-basvurdu-hava-sahasinin-acilmasini-bekliyoruz\/#breadcrumb","itemListElement":[{"@type":"ListItem","position":1,"name":"Anasayfa","item":"https:\/\/haberkuzey.com\/"},{"@type":"ListItem","position":2,"name":"\u015eu ana kadar temsilciliklerimize 50 vatanda\u015f ba\u015fvurdu, hava sahas\u0131n\u0131n a\u00e7\u0131lmas\u0131n\u0131 bekliyoruz"}]},{"@type":"WebSite","@id":"https:\/\/haberkuzey.com\/#website","url":"https:\/\/haberkuzey.com\/","name":"Haber Kuzey","description":"Do\u011fru Haberin Adresi","potentialAction":[{"@type":"SearchAction","target":{"@type":"EntryPoint","urlTemplate":"https:\/\/haberkuzey.com\/?s={search_term_string}"},"query-input":{"@type":"PropertyValueSpecification","valueRequired":true,"valueName":"search_term_string"}}],"inLanguage":"tr"},{"@type":"Person","@id":"https:\/\/haberkuzey.com\/#\/schema\/person\/3372109ec735f9333f4fa47ebb9605ca","name":"haberkuzey","image":{"@type":"ImageObject","inLanguage":"tr","@id":"https:\/\/secure.gravatar.com\/avatar\/f5fc875574b1575324358c3b9e6a32b8227aa5b74f3fa22e3cadb63e26fcc39c?s=96&d=mm&r=g","url":"https:\/\/secure.gravatar.com\/avatar\/f5fc875574b1575324358c3b9e6a32b8227aa5b74f3fa22e3cadb63e26fcc39c?s=96&d=mm&r=g","contentUrl":"https:\/\/secure.gravatar.com\/avatar\/f5fc875574b1575324358c3b9e6a32b8227aa5b74f3fa22e3cadb63e26fcc39c?s=96&d=mm&r=g","caption":"haberkuzey"},"sameAs":["https:\/\/haberkuzey.com"],"url":"https:\/\/haberkuzey.com\/index.php\/author\/haberkuzey\/"}]}},"_links":{"self":[{"href":"https:\/\/haberkuzey.com\/index.php\/wp-json\/wp\/v2\/posts\/34935","targetHints":{"allow":["GET"]}}],"collection":[{"href":"https:\/\/haberkuzey.com\/index.php\/wp-json\/wp\/v2\/posts"}],"about":[{"href":"https:\/\/haberkuzey.com\/index.php\/wp-json\/wp\/v2\/types\/post"}],"author":[{"embeddable":true,"href":"https:\/\/haberkuzey.com\/index.php\/wp-json\/wp\/v2\/users\/1"}],"replies":[{"embeddable":true,"href":"https:\/\/haberkuzey.com\/index.php\/wp-json\/wp\/v2\/comments?post=34935"}],"version-history":[{"count":0,"href":"https:\/\/haberkuzey.com\/index.php\/wp-json\/wp\/v2\/posts\/34935\/revisions"}],"wp:featuredmedia":[{"embeddable":true,"href":"https:\/\/haberkuzey.com\/index.php\/wp-json\/wp\/v2\/media\/34936"}],"wp:attachment":[{"href":"https:\/\/haberkuzey.com\/index.php\/wp-json\/wp\/v2\/media?parent=34935"}],"wp:term":[{"taxonomy":"category","embeddable":true,"href":"https:\/\/haberkuzey.com\/index.php\/wp-json\/wp\/v2\/categories?post=34935"},{"taxonomy":"post_tag","embeddable":true,"href":"https:\/\/haberkuzey.com\/index.php\/wp-json\/wp\/v2\/tags?post=34935"}],"curies":[{"name":"wp","href":"https:\/\/api.w.org\/{rel}","templated":true}]}}