{"id":34933,"date":"2026-03-01T17:50:17","date_gmt":"2026-03-01T15:50:17","guid":{"rendered":"https:\/\/haberkuzey.com\/index.php\/2026\/03\/01\/ataoglu-ada-cocuklari-dizisinin-cekim-setine-giderek-genclerle-bir-araya-geldi\/"},"modified":"2026-03-01T17:50:17","modified_gmt":"2026-03-01T15:50:17","slug":"ataoglu-ada-cocuklari-dizisinin-cekim-setine-giderek-genclerle-bir-araya-geldi","status":"publish","type":"post","link":"https:\/\/haberkuzey.com\/index.php\/2026\/03\/01\/ataoglu-ada-cocuklari-dizisinin-cekim-setine-giderek-genclerle-bir-araya-geldi\/","title":{"rendered":"Atao\u011flu, \u201cAda \u00c7ocuklar\u0131\u201d dizisinin \u00e7ekim setine giderek gen\u00e7lerle bir araya geldi"},"content":{"rendered":"<p style=\"font-weight: 300\">Bakanl\u0131ktan verilen bilgiye g\u00f6re Atao\u011flu set \u00e7\u0131k\u0131\u015f\u0131 yapt\u0131\u011f\u0131 a\u00e7\u0131klamada, &#8220;Ada \u00c7ocuklar\u0131\u201d dizisinin Dipkarpaz\u2019da devam eden \u00e7ekimlerini yerinde g\u00f6rmek ve gen\u00e7lerle bir araya gelmekten duydu\u011fu memnuniyeti dile getirdi.<\/p>\n<p style=\"font-weight: 300\">Atao\u011flu, K\u0131br\u0131s Gen\u00e7 TV ekranlar\u0131nda izleyiciyle bulu\u015facak yap\u0131m\u0131n, hem b\u00f6lgenin do\u011fal ve k\u00fclt\u00fcrel zenginli\u011finin tan\u0131t\u0131m\u0131na katk\u0131 sa\u011flayaca\u011f\u0131na, hem de gen\u00e7lere ilham verece\u011fine inan\u00e7 belirtti.<\/p>\n<p style=\"font-weight: 300\">Atao\u011flu, \u201cBa\u015fta y\u00f6netmen ve senarist Mertcan Mavi olmak \u00fczere eme\u011fi ge\u00e7en t\u00fcm ekibe ba\u015far\u0131lar diliyorum.&#8221; dedi.<\/p>\n<p>Atao\u011flu, \u201cAda \u00c7ocuklar\u0131\u201d dizisinin \u00e7ekim setine giderek gen\u00e7lerle bir araya geldi yaz\u0131s\u0131 ilk \u00f6nce K\u0131br\u0131s Hakikat \u00fczerinde ortaya \u00e7\u0131kt\u0131.<\/p>\n","protected":false},"excerpt":{"rendered":"<p>Bakanl\u0131ktan verilen bilgiye g\u00f6re Atao\u011flu set \u00e7\u0131k\u0131\u015f\u0131 yapt\u0131\u011f\u0131 a\u00e7\u0131klamada, &#8220;Ada \u00c7ocuklar\u0131\u201d dizisinin Dipkarpaz\u2019da devam eden \u00e7ekimlerini yerinde g\u00f6rmek ve gen\u00e7lerle bir araya gelmekten duydu\u011fu memnuniyeti dile getirdi. Atao\u011flu, K\u0131br\u0131s Gen\u00e7 TV ekranlar\u0131nda izleyiciyle bulu\u015facak yap\u0131m\u0131n, hem b\u00f6lgenin do\u011fal ve k\u00fclt\u00fcrel zenginli\u011finin tan\u0131t\u0131m\u0131na katk\u0131 sa\u011flayaca\u011f\u0131na, hem de gen\u00e7lere ilham verece\u011fine inan\u00e7 belirtti. Atao\u011flu, \u201cBa\u015fta y\u00f6netmen ve [&hellip;]<\/p>\n","protected":false},"author":1,"featured_media":34934,"comment_status":"open","ping_status":"open","sticky":false,"template":"","format":"standard","meta":{"jnews-multi-image_gallery":[],"jnews_single_post":[],"jnews_primary_category":[],"footnotes":""},"categories":[1],"tags":[],"class_list":["post-34933","post","type-post","status-publish","format-standard","has-post-thumbnail","hentry","category-kibris"],"yoast_head":"<!-- This site is optimized with the Yoast SEO plugin v27.5 - https:\/\/yoast.com\/product\/yoast-seo-wordpress\/ -->\n<title>Atao\u011flu, \u201cAda \u00c7ocuklar\u0131\u201d dizisinin \u00e7ekim setine giderek gen\u00e7lerle bir araya geldi - Haber Kuzey<\/title>\n<meta name=\"robots\" content=\"index, follow, max-snippet:-1, max-image-preview:large, max-video-preview:-1\" \/>\n<link rel=\"canonical\" href=\"https:\/\/haberkuzey.com\/index.php\/2026\/03\/01\/ataoglu-ada-cocuklari-dizisinin-cekim-setine-giderek-genclerle-bir-araya-geldi\/\" \/>\n<meta property=\"og:locale\" content=\"tr_TR\" \/>\n<meta property=\"og:type\" content=\"article\" \/>\n<meta property=\"og:title\" content=\"Atao\u011flu, \u201cAda \u00c7ocuklar\u0131\u201d dizisinin \u00e7ekim setine giderek gen\u00e7lerle bir araya geldi - Haber Kuzey\" \/>\n<meta property=\"og:description\" content=\"Bakanl\u0131ktan verilen bilgiye g\u00f6re Atao\u011flu set \u00e7\u0131k\u0131\u015f\u0131 yapt\u0131\u011f\u0131 a\u00e7\u0131klamada, &#8220;Ada \u00c7ocuklar\u0131\u201d dizisinin Dipkarpaz\u2019da devam eden \u00e7ekimlerini yerinde g\u00f6rmek ve gen\u00e7lerle bir araya gelmekten duydu\u011fu memnuniyeti dile getirdi. Atao\u011flu, K\u0131br\u0131s Gen\u00e7 TV ekranlar\u0131nda izleyiciyle bulu\u015facak yap\u0131m\u0131n, hem b\u00f6lgenin do\u011fal ve k\u00fclt\u00fcrel zenginli\u011finin tan\u0131t\u0131m\u0131na katk\u0131 sa\u011flayaca\u011f\u0131na, hem de gen\u00e7lere ilham verece\u011fine inan\u00e7 belirtti. Atao\u011flu, \u201cBa\u015fta y\u00f6netmen ve [&hellip;]\" \/>\n<meta property=\"og:url\" content=\"https:\/\/haberkuzey.com\/index.php\/2026\/03\/01\/ataoglu-ada-cocuklari-dizisinin-cekim-setine-giderek-genclerle-bir-araya-geldi\/\" \/>\n<meta property=\"og:site_name\" content=\"Haber Kuzey\" \/>\n<meta property=\"article:published_time\" content=\"2026-03-01T15:50:17+00:00\" \/>\n<meta name=\"author\" content=\"haberkuzey\" \/>\n<meta name=\"twitter:card\" content=\"summary_large_image\" \/>\n<meta name=\"twitter:label1\" content=\"Yazan:\" \/>\n\t<meta name=\"twitter:data1\" content=\"haberkuzey\" \/>\n\t<meta name=\"twitter:label2\" content=\"Tahmini okuma s\u00fcresi\" \/>\n\t<meta name=\"twitter:data2\" content=\"1 dakika\" \/>\n<script type=\"application\/ld+json\" class=\"yoast-schema-graph\">{\"@context\":\"https:\\\/\\\/schema.org\",\"@graph\":[{\"@type\":\"Article\",\"@id\":\"https:\\\/\\\/haberkuzey.com\\\/index.php\\\/2026\\\/03\\\/01\\\/ataoglu-ada-cocuklari-dizisinin-cekim-setine-giderek-genclerle-bir-araya-geldi\\\/#article\",\"isPartOf\":{\"@id\":\"https:\\\/\\\/haberkuzey.com\\\/index.php\\\/2026\\\/03\\\/01\\\/ataoglu-ada-cocuklari-dizisinin-cekim-setine-giderek-genclerle-bir-araya-geldi\\\/\"},\"author\":{\"name\":\"haberkuzey\",\"@id\":\"https:\\\/\\\/haberkuzey.com\\\/#\\\/schema\\\/person\\\/3372109ec735f9333f4fa47ebb9605ca\"},\"headline\":\"Atao\u011flu, \u201cAda \u00c7ocuklar\u0131\u201d dizisinin \u00e7ekim setine giderek gen\u00e7lerle bir araya geldi\",\"datePublished\":\"2026-03-01T15:50:17+00:00\",\"mainEntityOfPage\":{\"@id\":\"https:\\\/\\\/haberkuzey.com\\\/index.php\\\/2026\\\/03\\\/01\\\/ataoglu-ada-cocuklari-dizisinin-cekim-setine-giderek-genclerle-bir-araya-geldi\\\/\"},\"wordCount\":139,\"commentCount\":0,\"image\":{\"@id\":\"https:\\\/\\\/haberkuzey.com\\\/index.php\\\/2026\\\/03\\\/01\\\/ataoglu-ada-cocuklari-dizisinin-cekim-setine-giderek-genclerle-bir-araya-geldi\\\/#primaryimage\"},\"thumbnailUrl\":\"https:\\\/\\\/haberkuzey.com\\\/wp-content\\\/uploads\\\/2026\\\/03\\\/1772374128048WhatsApp-Image-2026-03-01-at-16.02.25.jpeg\",\"articleSection\":[\"K\u0131br\u0131s\"],\"inLanguage\":\"tr\",\"potentialAction\":[{\"@type\":\"CommentAction\",\"name\":\"Comment\",\"target\":[\"https:\\\/\\\/haberkuzey.com\\\/index.php\\\/2026\\\/03\\\/01\\\/ataoglu-ada-cocuklari-dizisinin-cekim-setine-giderek-genclerle-bir-araya-geldi\\\/#respond\"]}]},{\"@type\":\"WebPage\",\"@id\":\"https:\\\/\\\/haberkuzey.com\\\/index.php\\\/2026\\\/03\\\/01\\\/ataoglu-ada-cocuklari-dizisinin-cekim-setine-giderek-genclerle-bir-araya-geldi\\\/\",\"url\":\"https:\\\/\\\/haberkuzey.com\\\/index.php\\\/2026\\\/03\\\/01\\\/ataoglu-ada-cocuklari-dizisinin-cekim-setine-giderek-genclerle-bir-araya-geldi\\\/\",\"name\":\"Atao\u011flu, \u201cAda \u00c7ocuklar\u0131\u201d dizisinin \u00e7ekim setine giderek gen\u00e7lerle bir araya geldi - Haber Kuzey\",\"isPartOf\":{\"@id\":\"https:\\\/\\\/haberkuzey.com\\\/#website\"},\"primaryImageOfPage\":{\"@id\":\"https:\\\/\\\/haberkuzey.com\\\/index.php\\\/2026\\\/03\\\/01\\\/ataoglu-ada-cocuklari-dizisinin-cekim-setine-giderek-genclerle-bir-araya-geldi\\\/#primaryimage\"},\"image\":{\"@id\":\"https:\\\/\\\/haberkuzey.com\\\/index.php\\\/2026\\\/03\\\/01\\\/ataoglu-ada-cocuklari-dizisinin-cekim-setine-giderek-genclerle-bir-araya-geldi\\\/#primaryimage\"},\"thumbnailUrl\":\"https:\\\/\\\/haberkuzey.com\\\/wp-content\\\/uploads\\\/2026\\\/03\\\/1772374128048WhatsApp-Image-2026-03-01-at-16.02.25.jpeg\",\"datePublished\":\"2026-03-01T15:50:17+00:00\",\"author\":{\"@id\":\"https:\\\/\\\/haberkuzey.com\\\/#\\\/schema\\\/person\\\/3372109ec735f9333f4fa47ebb9605ca\"},\"breadcrumb\":{\"@id\":\"https:\\\/\\\/haberkuzey.com\\\/index.php\\\/2026\\\/03\\\/01\\\/ataoglu-ada-cocuklari-dizisinin-cekim-setine-giderek-genclerle-bir-araya-geldi\\\/#breadcrumb\"},\"inLanguage\":\"tr\",\"potentialAction\":[{\"@type\":\"ReadAction\",\"target\":[\"https:\\\/\\\/haberkuzey.com\\\/index.php\\\/2026\\\/03\\\/01\\\/ataoglu-ada-cocuklari-dizisinin-cekim-setine-giderek-genclerle-bir-araya-geldi\\\/\"]}]},{\"@type\":\"ImageObject\",\"inLanguage\":\"tr\",\"@id\":\"https:\\\/\\\/haberkuzey.com\\\/index.php\\\/2026\\\/03\\\/01\\\/ataoglu-ada-cocuklari-dizisinin-cekim-setine-giderek-genclerle-bir-araya-geldi\\\/#primaryimage\",\"url\":\"https:\\\/\\\/haberkuzey.com\\\/wp-content\\\/uploads\\\/2026\\\/03\\\/1772374128048WhatsApp-Image-2026-03-01-at-16.02.25.jpeg\",\"contentUrl\":\"https:\\\/\\\/haberkuzey.com\\\/wp-content\\\/uploads\\\/2026\\\/03\\\/1772374128048WhatsApp-Image-2026-03-01-at-16.02.25.jpeg\",\"width\":2016,\"height\":1134},{\"@type\":\"BreadcrumbList\",\"@id\":\"https:\\\/\\\/haberkuzey.com\\\/index.php\\\/2026\\\/03\\\/01\\\/ataoglu-ada-cocuklari-dizisinin-cekim-setine-giderek-genclerle-bir-araya-geldi\\\/#breadcrumb\",\"itemListElement\":[{\"@type\":\"ListItem\",\"position\":1,\"name\":\"Anasayfa\",\"item\":\"https:\\\/\\\/haberkuzey.com\\\/\"},{\"@type\":\"ListItem\",\"position\":2,\"name\":\"Atao\u011flu, \u201cAda \u00c7ocuklar\u0131\u201d dizisinin \u00e7ekim setine giderek gen\u00e7lerle bir araya geldi\"}]},{\"@type\":\"WebSite\",\"@id\":\"https:\\\/\\\/haberkuzey.com\\\/#website\",\"url\":\"https:\\\/\\\/haberkuzey.com\\\/\",\"name\":\"Haber Kuzey\",\"description\":\"Do\u011fru Haberin Adresi\",\"potentialAction\":[{\"@type\":\"SearchAction\",\"target\":{\"@type\":\"EntryPoint\",\"urlTemplate\":\"https:\\\/\\\/haberkuzey.com\\\/?s={search_term_string}\"},\"query-input\":{\"@type\":\"PropertyValueSpecification\",\"valueRequired\":true,\"valueName\":\"search_term_string\"}}],\"inLanguage\":\"tr\"},{\"@type\":\"Person\",\"@id\":\"https:\\\/\\\/haberkuzey.com\\\/#\\\/schema\\\/person\\\/3372109ec735f9333f4fa47ebb9605ca\",\"name\":\"haberkuzey\",\"image\":{\"@type\":\"ImageObject\",\"inLanguage\":\"tr\",\"@id\":\"https:\\\/\\\/secure.gravatar.com\\\/avatar\\\/f5fc875574b1575324358c3b9e6a32b8227aa5b74f3fa22e3cadb63e26fcc39c?s=96&d=mm&r=g\",\"url\":\"https:\\\/\\\/secure.gravatar.com\\\/avatar\\\/f5fc875574b1575324358c3b9e6a32b8227aa5b74f3fa22e3cadb63e26fcc39c?s=96&d=mm&r=g\",\"contentUrl\":\"https:\\\/\\\/secure.gravatar.com\\\/avatar\\\/f5fc875574b1575324358c3b9e6a32b8227aa5b74f3fa22e3cadb63e26fcc39c?s=96&d=mm&r=g\",\"caption\":\"haberkuzey\"},\"sameAs\":[\"https:\\\/\\\/haberkuzey.com\"],\"url\":\"https:\\\/\\\/haberkuzey.com\\\/index.php\\\/author\\\/haberkuzey\\\/\"}]}<\/script>\n<!-- \/ Yoast SEO plugin. -->","yoast_head_json":{"title":"Atao\u011flu, \u201cAda \u00c7ocuklar\u0131\u201d dizisinin \u00e7ekim setine giderek gen\u00e7lerle bir araya geldi - Haber Kuzey","robots":{"index":"index","follow":"follow","max-snippet":"max-snippet:-1","max-image-preview":"max-image-preview:large","max-video-preview":"max-video-preview:-1"},"canonical":"https:\/\/haberkuzey.com\/index.php\/2026\/03\/01\/ataoglu-ada-cocuklari-dizisinin-cekim-setine-giderek-genclerle-bir-araya-geldi\/","og_locale":"tr_TR","og_type":"article","og_title":"Atao\u011flu, \u201cAda \u00c7ocuklar\u0131\u201d dizisinin \u00e7ekim setine giderek gen\u00e7lerle bir araya geldi - Haber Kuzey","og_description":"Bakanl\u0131ktan verilen bilgiye g\u00f6re Atao\u011flu set \u00e7\u0131k\u0131\u015f\u0131 yapt\u0131\u011f\u0131 a\u00e7\u0131klamada, &#8220;Ada \u00c7ocuklar\u0131\u201d dizisinin Dipkarpaz\u2019da devam eden \u00e7ekimlerini yerinde g\u00f6rmek ve gen\u00e7lerle bir araya gelmekten duydu\u011fu memnuniyeti dile getirdi. Atao\u011flu, K\u0131br\u0131s Gen\u00e7 TV ekranlar\u0131nda izleyiciyle bulu\u015facak yap\u0131m\u0131n, hem b\u00f6lgenin do\u011fal ve k\u00fclt\u00fcrel zenginli\u011finin tan\u0131t\u0131m\u0131na katk\u0131 sa\u011flayaca\u011f\u0131na, hem de gen\u00e7lere ilham verece\u011fine inan\u00e7 belirtti. Atao\u011flu, \u201cBa\u015fta y\u00f6netmen ve [&hellip;]","og_url":"https:\/\/haberkuzey.com\/index.php\/2026\/03\/01\/ataoglu-ada-cocuklari-dizisinin-cekim-setine-giderek-genclerle-bir-araya-geldi\/","og_site_name":"Haber Kuzey","article_published_time":"2026-03-01T15:50:17+00:00","author":"haberkuzey","twitter_card":"summary_large_image","twitter_misc":{"Yazan:":"haberkuzey","Tahmini okuma s\u00fcresi":"1 dakika"},"schema":{"@context":"https:\/\/schema.org","@graph":[{"@type":"Article","@id":"https:\/\/haberkuzey.com\/index.php\/2026\/03\/01\/ataoglu-ada-cocuklari-dizisinin-cekim-setine-giderek-genclerle-bir-araya-geldi\/#article","isPartOf":{"@id":"https:\/\/haberkuzey.com\/index.php\/2026\/03\/01\/ataoglu-ada-cocuklari-dizisinin-cekim-setine-giderek-genclerle-bir-araya-geldi\/"},"author":{"name":"haberkuzey","@id":"https:\/\/haberkuzey.com\/#\/schema\/person\/3372109ec735f9333f4fa47ebb9605ca"},"headline":"Atao\u011flu, \u201cAda \u00c7ocuklar\u0131\u201d dizisinin \u00e7ekim setine giderek gen\u00e7lerle bir araya geldi","datePublished":"2026-03-01T15:50:17+00:00","mainEntityOfPage":{"@id":"https:\/\/haberkuzey.com\/index.php\/2026\/03\/01\/ataoglu-ada-cocuklari-dizisinin-cekim-setine-giderek-genclerle-bir-araya-geldi\/"},"wordCount":139,"commentCount":0,"image":{"@id":"https:\/\/haberkuzey.com\/index.php\/2026\/03\/01\/ataoglu-ada-cocuklari-dizisinin-cekim-setine-giderek-genclerle-bir-araya-geldi\/#primaryimage"},"thumbnailUrl":"https:\/\/haberkuzey.com\/wp-content\/uploads\/2026\/03\/1772374128048WhatsApp-Image-2026-03-01-at-16.02.25.jpeg","articleSection":["K\u0131br\u0131s"],"inLanguage":"tr","potentialAction":[{"@type":"CommentAction","name":"Comment","target":["https:\/\/haberkuzey.com\/index.php\/2026\/03\/01\/ataoglu-ada-cocuklari-dizisinin-cekim-setine-giderek-genclerle-bir-araya-geldi\/#respond"]}]},{"@type":"WebPage","@id":"https:\/\/haberkuzey.com\/index.php\/2026\/03\/01\/ataoglu-ada-cocuklari-dizisinin-cekim-setine-giderek-genclerle-bir-araya-geldi\/","url":"https:\/\/haberkuzey.com\/index.php\/2026\/03\/01\/ataoglu-ada-cocuklari-dizisinin-cekim-setine-giderek-genclerle-bir-araya-geldi\/","name":"Atao\u011flu, \u201cAda \u00c7ocuklar\u0131\u201d dizisinin \u00e7ekim setine giderek gen\u00e7lerle bir araya geldi - Haber Kuzey","isPartOf":{"@id":"https:\/\/haberkuzey.com\/#website"},"primaryImageOfPage":{"@id":"https:\/\/haberkuzey.com\/index.php\/2026\/03\/01\/ataoglu-ada-cocuklari-dizisinin-cekim-setine-giderek-genclerle-bir-araya-geldi\/#primaryimage"},"image":{"@id":"https:\/\/haberkuzey.com\/index.php\/2026\/03\/01\/ataoglu-ada-cocuklari-dizisinin-cekim-setine-giderek-genclerle-bir-araya-geldi\/#primaryimage"},"thumbnailUrl":"https:\/\/haberkuzey.com\/wp-content\/uploads\/2026\/03\/1772374128048WhatsApp-Image-2026-03-01-at-16.02.25.jpeg","datePublished":"2026-03-01T15:50:17+00:00","author":{"@id":"https:\/\/haberkuzey.com\/#\/schema\/person\/3372109ec735f9333f4fa47ebb9605ca"},"breadcrumb":{"@id":"https:\/\/haberkuzey.com\/index.php\/2026\/03\/01\/ataoglu-ada-cocuklari-dizisinin-cekim-setine-giderek-genclerle-bir-araya-geldi\/#breadcrumb"},"inLanguage":"tr","potentialAction":[{"@type":"ReadAction","target":["https:\/\/haberkuzey.com\/index.php\/2026\/03\/01\/ataoglu-ada-cocuklari-dizisinin-cekim-setine-giderek-genclerle-bir-araya-geldi\/"]}]},{"@type":"ImageObject","inLanguage":"tr","@id":"https:\/\/haberkuzey.com\/index.php\/2026\/03\/01\/ataoglu-ada-cocuklari-dizisinin-cekim-setine-giderek-genclerle-bir-araya-geldi\/#primaryimage","url":"https:\/\/haberkuzey.com\/wp-content\/uploads\/2026\/03\/1772374128048WhatsApp-Image-2026-03-01-at-16.02.25.jpeg","contentUrl":"https:\/\/haberkuzey.com\/wp-content\/uploads\/2026\/03\/1772374128048WhatsApp-Image-2026-03-01-at-16.02.25.jpeg","width":2016,"height":1134},{"@type":"BreadcrumbList","@id":"https:\/\/haberkuzey.com\/index.php\/2026\/03\/01\/ataoglu-ada-cocuklari-dizisinin-cekim-setine-giderek-genclerle-bir-araya-geldi\/#breadcrumb","itemListElement":[{"@type":"ListItem","position":1,"name":"Anasayfa","item":"https:\/\/haberkuzey.com\/"},{"@type":"ListItem","position":2,"name":"Atao\u011flu, \u201cAda \u00c7ocuklar\u0131\u201d dizisinin \u00e7ekim setine giderek gen\u00e7lerle bir araya geldi"}]},{"@type":"WebSite","@id":"https:\/\/haberkuzey.com\/#website","url":"https:\/\/haberkuzey.com\/","name":"Haber Kuzey","description":"Do\u011fru Haberin Adresi","potentialAction":[{"@type":"SearchAction","target":{"@type":"EntryPoint","urlTemplate":"https:\/\/haberkuzey.com\/?s={search_term_string}"},"query-input":{"@type":"PropertyValueSpecification","valueRequired":true,"valueName":"search_term_string"}}],"inLanguage":"tr"},{"@type":"Person","@id":"https:\/\/haberkuzey.com\/#\/schema\/person\/3372109ec735f9333f4fa47ebb9605ca","name":"haberkuzey","image":{"@type":"ImageObject","inLanguage":"tr","@id":"https:\/\/secure.gravatar.com\/avatar\/f5fc875574b1575324358c3b9e6a32b8227aa5b74f3fa22e3cadb63e26fcc39c?s=96&d=mm&r=g","url":"https:\/\/secure.gravatar.com\/avatar\/f5fc875574b1575324358c3b9e6a32b8227aa5b74f3fa22e3cadb63e26fcc39c?s=96&d=mm&r=g","contentUrl":"https:\/\/secure.gravatar.com\/avatar\/f5fc875574b1575324358c3b9e6a32b8227aa5b74f3fa22e3cadb63e26fcc39c?s=96&d=mm&r=g","caption":"haberkuzey"},"sameAs":["https:\/\/haberkuzey.com"],"url":"https:\/\/haberkuzey.com\/index.php\/author\/haberkuzey\/"}]}},"_links":{"self":[{"href":"https:\/\/haberkuzey.com\/index.php\/wp-json\/wp\/v2\/posts\/34933","targetHints":{"allow":["GET"]}}],"collection":[{"href":"https:\/\/haberkuzey.com\/index.php\/wp-json\/wp\/v2\/posts"}],"about":[{"href":"https:\/\/haberkuzey.com\/index.php\/wp-json\/wp\/v2\/types\/post"}],"author":[{"embeddable":true,"href":"https:\/\/haberkuzey.com\/index.php\/wp-json\/wp\/v2\/users\/1"}],"replies":[{"embeddable":true,"href":"https:\/\/haberkuzey.com\/index.php\/wp-json\/wp\/v2\/comments?post=34933"}],"version-history":[{"count":0,"href":"https:\/\/haberkuzey.com\/index.php\/wp-json\/wp\/v2\/posts\/34933\/revisions"}],"wp:featuredmedia":[{"embeddable":true,"href":"https:\/\/haberkuzey.com\/index.php\/wp-json\/wp\/v2\/media\/34934"}],"wp:attachment":[{"href":"https:\/\/haberkuzey.com\/index.php\/wp-json\/wp\/v2\/media?parent=34933"}],"wp:term":[{"taxonomy":"category","embeddable":true,"href":"https:\/\/haberkuzey.com\/index.php\/wp-json\/wp\/v2\/categories?post=34933"},{"taxonomy":"post_tag","embeddable":true,"href":"https:\/\/haberkuzey.com\/index.php\/wp-json\/wp\/v2\/tags?post=34933"}],"curies":[{"name":"wp","href":"https:\/\/api.w.org\/{rel}","templated":true}]}}