{"id":34925,"date":"2026-03-01T16:13:42","date_gmt":"2026-03-01T14:13:42","guid":{"rendered":"https:\/\/haberkuzey.com\/index.php\/2026\/03\/01\/konedrali-ve-pehlivan-kktc-baku-temsilciligini-ziyaret-etti\/"},"modified":"2026-03-01T16:13:42","modified_gmt":"2026-03-01T14:13:42","slug":"konedrali-ve-pehlivan-kktc-baku-temsilciligini-ziyaret-etti","status":"publish","type":"post","link":"https:\/\/haberkuzey.com\/index.php\/2026\/03\/01\/konedrali-ve-pehlivan-kktc-baku-temsilciligini-ziyaret-etti\/","title":{"rendered":"Konedral\u0131 ve Pehlivan, KKTC Bak\u00fc Temsilcili\u011fini ziyaret etti"},"content":{"rendered":"<p style=\"font-weight: 300\"><span style=\"font-weight: 300 !important\">Atat\u00fcrk \u00d6\u011fretmen Akademisi&#8217;nden yap\u0131lan a\u00e7\u0131klamaya g\u00f6re, \u201c100. Y\u0131l\u0131nda Bak\u00fc T\u00fcrkoloji Kurultay\u0131 Anma Toplant\u0131s\u0131\u201d kapsam\u0131nda Bak\u00fc&#8217;de bulunan Prof. Dr. Konedral\u0131 ve Prof. Dr. Pehlivan\u2019\u0131n temsilcili\u011fe yapt\u0131\u011f\u0131 ziyarette E\u011fitim Ata\u015fesi Dr. Leyla G\u00fcne\u015f de haz\u0131r bulundu.<\/span><\/p>\n<p style=\"font-weight: 300\"><span style=\"font-weight: 300 !important\">G\u00f6r\u00fc\u015fmede, Bak\u00fc Kurultay\u0131\u2019n\u0131n 100. y\u0131l\u0131 an\u0131s\u0131na d\u00fczenlenen etkinlik ile bu etkinli\u011fin e\u011fitim ve k\u00fclt\u00fcr alanlar\u0131ndaki izd\u00fc\u015f\u00fcmleri de\u011ferlendirildi; KKTC Bak\u00fc Temsilcili\u011fi ile e\u011fitim ve k\u00fclt\u00fcr alan\u0131ndaki i\u015f birli\u011fi imkanlar\u0131 ele al\u0131narak, yap\u0131labilecek \u00e7al\u0131\u015fmalar \u00fczerine g\u00f6r\u00fc\u015f al\u0131\u015fveri\u015finde bulunuldu.<\/span><\/p>\n<p>Konedral\u0131 ve Pehlivan, KKTC Bak\u00fc Temsilcili\u011fini ziyaret etti yaz\u0131s\u0131 ilk \u00f6nce K\u0131br\u0131s Hakikat \u00fczerinde ortaya \u00e7\u0131kt\u0131.<\/p>\n","protected":false},"excerpt":{"rendered":"<p>Atat\u00fcrk \u00d6\u011fretmen Akademisi&#8217;nden yap\u0131lan a\u00e7\u0131klamaya g\u00f6re, \u201c100. Y\u0131l\u0131nda Bak\u00fc T\u00fcrkoloji Kurultay\u0131 Anma Toplant\u0131s\u0131\u201d kapsam\u0131nda Bak\u00fc&#8217;de bulunan Prof. Dr. Konedral\u0131 ve Prof. Dr. Pehlivan\u2019\u0131n temsilcili\u011fe yapt\u0131\u011f\u0131 ziyarette E\u011fitim Ata\u015fesi Dr. Leyla G\u00fcne\u015f de haz\u0131r bulundu. G\u00f6r\u00fc\u015fmede, Bak\u00fc Kurultay\u0131\u2019n\u0131n 100. y\u0131l\u0131 an\u0131s\u0131na d\u00fczenlenen etkinlik ile bu etkinli\u011fin e\u011fitim ve k\u00fclt\u00fcr alanlar\u0131ndaki izd\u00fc\u015f\u00fcmleri de\u011ferlendirildi; KKTC Bak\u00fc Temsilcili\u011fi ile [&hellip;]<\/p>\n","protected":false},"author":1,"featured_media":34926,"comment_status":"open","ping_status":"open","sticky":false,"template":"","format":"standard","meta":{"jnews-multi-image_gallery":[],"jnews_single_post":[],"jnews_primary_category":[],"footnotes":""},"categories":[1],"tags":[],"class_list":["post-34925","post","type-post","status-publish","format-standard","has-post-thumbnail","hentry","category-kibris"],"yoast_head":"<!-- This site is optimized with the Yoast SEO plugin v27.5 - https:\/\/yoast.com\/product\/yoast-seo-wordpress\/ -->\n<title>Konedral\u0131 ve Pehlivan, KKTC Bak\u00fc Temsilcili\u011fini ziyaret etti - Haber Kuzey<\/title>\n<meta name=\"robots\" content=\"index, follow, max-snippet:-1, max-image-preview:large, max-video-preview:-1\" \/>\n<link rel=\"canonical\" href=\"https:\/\/haberkuzey.com\/index.php\/2026\/03\/01\/konedrali-ve-pehlivan-kktc-baku-temsilciligini-ziyaret-etti\/\" \/>\n<meta property=\"og:locale\" content=\"tr_TR\" \/>\n<meta property=\"og:type\" content=\"article\" \/>\n<meta property=\"og:title\" content=\"Konedral\u0131 ve Pehlivan, KKTC Bak\u00fc Temsilcili\u011fini ziyaret etti - Haber Kuzey\" \/>\n<meta property=\"og:description\" content=\"Atat\u00fcrk \u00d6\u011fretmen Akademisi&#8217;nden yap\u0131lan a\u00e7\u0131klamaya g\u00f6re, \u201c100. Y\u0131l\u0131nda Bak\u00fc T\u00fcrkoloji Kurultay\u0131 Anma Toplant\u0131s\u0131\u201d kapsam\u0131nda Bak\u00fc&#8217;de bulunan Prof. Dr. Konedral\u0131 ve Prof. Dr. Pehlivan\u2019\u0131n temsilcili\u011fe yapt\u0131\u011f\u0131 ziyarette E\u011fitim Ata\u015fesi Dr. Leyla G\u00fcne\u015f de haz\u0131r bulundu. G\u00f6r\u00fc\u015fmede, Bak\u00fc Kurultay\u0131\u2019n\u0131n 100. y\u0131l\u0131 an\u0131s\u0131na d\u00fczenlenen etkinlik ile bu etkinli\u011fin e\u011fitim ve k\u00fclt\u00fcr alanlar\u0131ndaki izd\u00fc\u015f\u00fcmleri de\u011ferlendirildi; KKTC Bak\u00fc Temsilcili\u011fi ile [&hellip;]\" \/>\n<meta property=\"og:url\" content=\"https:\/\/haberkuzey.com\/index.php\/2026\/03\/01\/konedrali-ve-pehlivan-kktc-baku-temsilciligini-ziyaret-etti\/\" \/>\n<meta property=\"og:site_name\" content=\"Haber Kuzey\" \/>\n<meta property=\"article:published_time\" content=\"2026-03-01T14:13:42+00:00\" \/>\n<meta name=\"author\" content=\"haberkuzey\" \/>\n<meta name=\"twitter:card\" content=\"summary_large_image\" \/>\n<meta name=\"twitter:label1\" content=\"Yazan:\" \/>\n\t<meta name=\"twitter:data1\" content=\"haberkuzey\" \/>\n\t<meta name=\"twitter:label2\" content=\"Tahmini okuma s\u00fcresi\" \/>\n\t<meta name=\"twitter:data2\" content=\"1 dakika\" \/>\n<script type=\"application\/ld+json\" class=\"yoast-schema-graph\">{\"@context\":\"https:\\\/\\\/schema.org\",\"@graph\":[{\"@type\":\"Article\",\"@id\":\"https:\\\/\\\/haberkuzey.com\\\/index.php\\\/2026\\\/03\\\/01\\\/konedrali-ve-pehlivan-kktc-baku-temsilciligini-ziyaret-etti\\\/#article\",\"isPartOf\":{\"@id\":\"https:\\\/\\\/haberkuzey.com\\\/index.php\\\/2026\\\/03\\\/01\\\/konedrali-ve-pehlivan-kktc-baku-temsilciligini-ziyaret-etti\\\/\"},\"author\":{\"name\":\"haberkuzey\",\"@id\":\"https:\\\/\\\/haberkuzey.com\\\/#\\\/schema\\\/person\\\/3372109ec735f9333f4fa47ebb9605ca\"},\"headline\":\"Konedral\u0131 ve Pehlivan, KKTC Bak\u00fc Temsilcili\u011fini ziyaret etti\",\"datePublished\":\"2026-03-01T14:13:42+00:00\",\"mainEntityOfPage\":{\"@id\":\"https:\\\/\\\/haberkuzey.com\\\/index.php\\\/2026\\\/03\\\/01\\\/konedrali-ve-pehlivan-kktc-baku-temsilciligini-ziyaret-etti\\\/\"},\"wordCount\":141,\"commentCount\":0,\"image\":{\"@id\":\"https:\\\/\\\/haberkuzey.com\\\/index.php\\\/2026\\\/03\\\/01\\\/konedrali-ve-pehlivan-kktc-baku-temsilciligini-ziyaret-etti\\\/#primaryimage\"},\"thumbnailUrl\":\"https:\\\/\\\/haberkuzey.com\\\/wp-content\\\/uploads\\\/2026\\\/03\\\/1772367008840AOA-2.jpeg\",\"articleSection\":[\"K\u0131br\u0131s\"],\"inLanguage\":\"tr\",\"potentialAction\":[{\"@type\":\"CommentAction\",\"name\":\"Comment\",\"target\":[\"https:\\\/\\\/haberkuzey.com\\\/index.php\\\/2026\\\/03\\\/01\\\/konedrali-ve-pehlivan-kktc-baku-temsilciligini-ziyaret-etti\\\/#respond\"]}]},{\"@type\":\"WebPage\",\"@id\":\"https:\\\/\\\/haberkuzey.com\\\/index.php\\\/2026\\\/03\\\/01\\\/konedrali-ve-pehlivan-kktc-baku-temsilciligini-ziyaret-etti\\\/\",\"url\":\"https:\\\/\\\/haberkuzey.com\\\/index.php\\\/2026\\\/03\\\/01\\\/konedrali-ve-pehlivan-kktc-baku-temsilciligini-ziyaret-etti\\\/\",\"name\":\"Konedral\u0131 ve Pehlivan, KKTC Bak\u00fc Temsilcili\u011fini ziyaret etti - Haber Kuzey\",\"isPartOf\":{\"@id\":\"https:\\\/\\\/haberkuzey.com\\\/#website\"},\"primaryImageOfPage\":{\"@id\":\"https:\\\/\\\/haberkuzey.com\\\/index.php\\\/2026\\\/03\\\/01\\\/konedrali-ve-pehlivan-kktc-baku-temsilciligini-ziyaret-etti\\\/#primaryimage\"},\"image\":{\"@id\":\"https:\\\/\\\/haberkuzey.com\\\/index.php\\\/2026\\\/03\\\/01\\\/konedrali-ve-pehlivan-kktc-baku-temsilciligini-ziyaret-etti\\\/#primaryimage\"},\"thumbnailUrl\":\"https:\\\/\\\/haberkuzey.com\\\/wp-content\\\/uploads\\\/2026\\\/03\\\/1772367008840AOA-2.jpeg\",\"datePublished\":\"2026-03-01T14:13:42+00:00\",\"author\":{\"@id\":\"https:\\\/\\\/haberkuzey.com\\\/#\\\/schema\\\/person\\\/3372109ec735f9333f4fa47ebb9605ca\"},\"breadcrumb\":{\"@id\":\"https:\\\/\\\/haberkuzey.com\\\/index.php\\\/2026\\\/03\\\/01\\\/konedrali-ve-pehlivan-kktc-baku-temsilciligini-ziyaret-etti\\\/#breadcrumb\"},\"inLanguage\":\"tr\",\"potentialAction\":[{\"@type\":\"ReadAction\",\"target\":[\"https:\\\/\\\/haberkuzey.com\\\/index.php\\\/2026\\\/03\\\/01\\\/konedrali-ve-pehlivan-kktc-baku-temsilciligini-ziyaret-etti\\\/\"]}]},{\"@type\":\"ImageObject\",\"inLanguage\":\"tr\",\"@id\":\"https:\\\/\\\/haberkuzey.com\\\/index.php\\\/2026\\\/03\\\/01\\\/konedrali-ve-pehlivan-kktc-baku-temsilciligini-ziyaret-etti\\\/#primaryimage\",\"url\":\"https:\\\/\\\/haberkuzey.com\\\/wp-content\\\/uploads\\\/2026\\\/03\\\/1772367008840AOA-2.jpeg\",\"contentUrl\":\"https:\\\/\\\/haberkuzey.com\\\/wp-content\\\/uploads\\\/2026\\\/03\\\/1772367008840AOA-2.jpeg\",\"width\":1199,\"height\":1600},{\"@type\":\"BreadcrumbList\",\"@id\":\"https:\\\/\\\/haberkuzey.com\\\/index.php\\\/2026\\\/03\\\/01\\\/konedrali-ve-pehlivan-kktc-baku-temsilciligini-ziyaret-etti\\\/#breadcrumb\",\"itemListElement\":[{\"@type\":\"ListItem\",\"position\":1,\"name\":\"Anasayfa\",\"item\":\"https:\\\/\\\/haberkuzey.com\\\/\"},{\"@type\":\"ListItem\",\"position\":2,\"name\":\"Konedral\u0131 ve Pehlivan, KKTC Bak\u00fc Temsilcili\u011fini ziyaret etti\"}]},{\"@type\":\"WebSite\",\"@id\":\"https:\\\/\\\/haberkuzey.com\\\/#website\",\"url\":\"https:\\\/\\\/haberkuzey.com\\\/\",\"name\":\"Haber Kuzey\",\"description\":\"Do\u011fru Haberin Adresi\",\"potentialAction\":[{\"@type\":\"SearchAction\",\"target\":{\"@type\":\"EntryPoint\",\"urlTemplate\":\"https:\\\/\\\/haberkuzey.com\\\/?s={search_term_string}\"},\"query-input\":{\"@type\":\"PropertyValueSpecification\",\"valueRequired\":true,\"valueName\":\"search_term_string\"}}],\"inLanguage\":\"tr\"},{\"@type\":\"Person\",\"@id\":\"https:\\\/\\\/haberkuzey.com\\\/#\\\/schema\\\/person\\\/3372109ec735f9333f4fa47ebb9605ca\",\"name\":\"haberkuzey\",\"image\":{\"@type\":\"ImageObject\",\"inLanguage\":\"tr\",\"@id\":\"https:\\\/\\\/secure.gravatar.com\\\/avatar\\\/f5fc875574b1575324358c3b9e6a32b8227aa5b74f3fa22e3cadb63e26fcc39c?s=96&d=mm&r=g\",\"url\":\"https:\\\/\\\/secure.gravatar.com\\\/avatar\\\/f5fc875574b1575324358c3b9e6a32b8227aa5b74f3fa22e3cadb63e26fcc39c?s=96&d=mm&r=g\",\"contentUrl\":\"https:\\\/\\\/secure.gravatar.com\\\/avatar\\\/f5fc875574b1575324358c3b9e6a32b8227aa5b74f3fa22e3cadb63e26fcc39c?s=96&d=mm&r=g\",\"caption\":\"haberkuzey\"},\"sameAs\":[\"https:\\\/\\\/haberkuzey.com\"],\"url\":\"https:\\\/\\\/haberkuzey.com\\\/index.php\\\/author\\\/haberkuzey\\\/\"}]}<\/script>\n<!-- \/ Yoast SEO plugin. -->","yoast_head_json":{"title":"Konedral\u0131 ve Pehlivan, KKTC Bak\u00fc Temsilcili\u011fini ziyaret etti - Haber Kuzey","robots":{"index":"index","follow":"follow","max-snippet":"max-snippet:-1","max-image-preview":"max-image-preview:large","max-video-preview":"max-video-preview:-1"},"canonical":"https:\/\/haberkuzey.com\/index.php\/2026\/03\/01\/konedrali-ve-pehlivan-kktc-baku-temsilciligini-ziyaret-etti\/","og_locale":"tr_TR","og_type":"article","og_title":"Konedral\u0131 ve Pehlivan, KKTC Bak\u00fc Temsilcili\u011fini ziyaret etti - Haber Kuzey","og_description":"Atat\u00fcrk \u00d6\u011fretmen Akademisi&#8217;nden yap\u0131lan a\u00e7\u0131klamaya g\u00f6re, \u201c100. Y\u0131l\u0131nda Bak\u00fc T\u00fcrkoloji Kurultay\u0131 Anma Toplant\u0131s\u0131\u201d kapsam\u0131nda Bak\u00fc&#8217;de bulunan Prof. Dr. Konedral\u0131 ve Prof. Dr. Pehlivan\u2019\u0131n temsilcili\u011fe yapt\u0131\u011f\u0131 ziyarette E\u011fitim Ata\u015fesi Dr. Leyla G\u00fcne\u015f de haz\u0131r bulundu. G\u00f6r\u00fc\u015fmede, Bak\u00fc Kurultay\u0131\u2019n\u0131n 100. y\u0131l\u0131 an\u0131s\u0131na d\u00fczenlenen etkinlik ile bu etkinli\u011fin e\u011fitim ve k\u00fclt\u00fcr alanlar\u0131ndaki izd\u00fc\u015f\u00fcmleri de\u011ferlendirildi; KKTC Bak\u00fc Temsilcili\u011fi ile [&hellip;]","og_url":"https:\/\/haberkuzey.com\/index.php\/2026\/03\/01\/konedrali-ve-pehlivan-kktc-baku-temsilciligini-ziyaret-etti\/","og_site_name":"Haber Kuzey","article_published_time":"2026-03-01T14:13:42+00:00","author":"haberkuzey","twitter_card":"summary_large_image","twitter_misc":{"Yazan:":"haberkuzey","Tahmini okuma s\u00fcresi":"1 dakika"},"schema":{"@context":"https:\/\/schema.org","@graph":[{"@type":"Article","@id":"https:\/\/haberkuzey.com\/index.php\/2026\/03\/01\/konedrali-ve-pehlivan-kktc-baku-temsilciligini-ziyaret-etti\/#article","isPartOf":{"@id":"https:\/\/haberkuzey.com\/index.php\/2026\/03\/01\/konedrali-ve-pehlivan-kktc-baku-temsilciligini-ziyaret-etti\/"},"author":{"name":"haberkuzey","@id":"https:\/\/haberkuzey.com\/#\/schema\/person\/3372109ec735f9333f4fa47ebb9605ca"},"headline":"Konedral\u0131 ve Pehlivan, KKTC Bak\u00fc Temsilcili\u011fini ziyaret etti","datePublished":"2026-03-01T14:13:42+00:00","mainEntityOfPage":{"@id":"https:\/\/haberkuzey.com\/index.php\/2026\/03\/01\/konedrali-ve-pehlivan-kktc-baku-temsilciligini-ziyaret-etti\/"},"wordCount":141,"commentCount":0,"image":{"@id":"https:\/\/haberkuzey.com\/index.php\/2026\/03\/01\/konedrali-ve-pehlivan-kktc-baku-temsilciligini-ziyaret-etti\/#primaryimage"},"thumbnailUrl":"https:\/\/haberkuzey.com\/wp-content\/uploads\/2026\/03\/1772367008840AOA-2.jpeg","articleSection":["K\u0131br\u0131s"],"inLanguage":"tr","potentialAction":[{"@type":"CommentAction","name":"Comment","target":["https:\/\/haberkuzey.com\/index.php\/2026\/03\/01\/konedrali-ve-pehlivan-kktc-baku-temsilciligini-ziyaret-etti\/#respond"]}]},{"@type":"WebPage","@id":"https:\/\/haberkuzey.com\/index.php\/2026\/03\/01\/konedrali-ve-pehlivan-kktc-baku-temsilciligini-ziyaret-etti\/","url":"https:\/\/haberkuzey.com\/index.php\/2026\/03\/01\/konedrali-ve-pehlivan-kktc-baku-temsilciligini-ziyaret-etti\/","name":"Konedral\u0131 ve Pehlivan, KKTC Bak\u00fc Temsilcili\u011fini ziyaret etti - Haber Kuzey","isPartOf":{"@id":"https:\/\/haberkuzey.com\/#website"},"primaryImageOfPage":{"@id":"https:\/\/haberkuzey.com\/index.php\/2026\/03\/01\/konedrali-ve-pehlivan-kktc-baku-temsilciligini-ziyaret-etti\/#primaryimage"},"image":{"@id":"https:\/\/haberkuzey.com\/index.php\/2026\/03\/01\/konedrali-ve-pehlivan-kktc-baku-temsilciligini-ziyaret-etti\/#primaryimage"},"thumbnailUrl":"https:\/\/haberkuzey.com\/wp-content\/uploads\/2026\/03\/1772367008840AOA-2.jpeg","datePublished":"2026-03-01T14:13:42+00:00","author":{"@id":"https:\/\/haberkuzey.com\/#\/schema\/person\/3372109ec735f9333f4fa47ebb9605ca"},"breadcrumb":{"@id":"https:\/\/haberkuzey.com\/index.php\/2026\/03\/01\/konedrali-ve-pehlivan-kktc-baku-temsilciligini-ziyaret-etti\/#breadcrumb"},"inLanguage":"tr","potentialAction":[{"@type":"ReadAction","target":["https:\/\/haberkuzey.com\/index.php\/2026\/03\/01\/konedrali-ve-pehlivan-kktc-baku-temsilciligini-ziyaret-etti\/"]}]},{"@type":"ImageObject","inLanguage":"tr","@id":"https:\/\/haberkuzey.com\/index.php\/2026\/03\/01\/konedrali-ve-pehlivan-kktc-baku-temsilciligini-ziyaret-etti\/#primaryimage","url":"https:\/\/haberkuzey.com\/wp-content\/uploads\/2026\/03\/1772367008840AOA-2.jpeg","contentUrl":"https:\/\/haberkuzey.com\/wp-content\/uploads\/2026\/03\/1772367008840AOA-2.jpeg","width":1199,"height":1600},{"@type":"BreadcrumbList","@id":"https:\/\/haberkuzey.com\/index.php\/2026\/03\/01\/konedrali-ve-pehlivan-kktc-baku-temsilciligini-ziyaret-etti\/#breadcrumb","itemListElement":[{"@type":"ListItem","position":1,"name":"Anasayfa","item":"https:\/\/haberkuzey.com\/"},{"@type":"ListItem","position":2,"name":"Konedral\u0131 ve Pehlivan, KKTC Bak\u00fc Temsilcili\u011fini ziyaret etti"}]},{"@type":"WebSite","@id":"https:\/\/haberkuzey.com\/#website","url":"https:\/\/haberkuzey.com\/","name":"Haber Kuzey","description":"Do\u011fru Haberin Adresi","potentialAction":[{"@type":"SearchAction","target":{"@type":"EntryPoint","urlTemplate":"https:\/\/haberkuzey.com\/?s={search_term_string}"},"query-input":{"@type":"PropertyValueSpecification","valueRequired":true,"valueName":"search_term_string"}}],"inLanguage":"tr"},{"@type":"Person","@id":"https:\/\/haberkuzey.com\/#\/schema\/person\/3372109ec735f9333f4fa47ebb9605ca","name":"haberkuzey","image":{"@type":"ImageObject","inLanguage":"tr","@id":"https:\/\/secure.gravatar.com\/avatar\/f5fc875574b1575324358c3b9e6a32b8227aa5b74f3fa22e3cadb63e26fcc39c?s=96&d=mm&r=g","url":"https:\/\/secure.gravatar.com\/avatar\/f5fc875574b1575324358c3b9e6a32b8227aa5b74f3fa22e3cadb63e26fcc39c?s=96&d=mm&r=g","contentUrl":"https:\/\/secure.gravatar.com\/avatar\/f5fc875574b1575324358c3b9e6a32b8227aa5b74f3fa22e3cadb63e26fcc39c?s=96&d=mm&r=g","caption":"haberkuzey"},"sameAs":["https:\/\/haberkuzey.com"],"url":"https:\/\/haberkuzey.com\/index.php\/author\/haberkuzey\/"}]}},"_links":{"self":[{"href":"https:\/\/haberkuzey.com\/index.php\/wp-json\/wp\/v2\/posts\/34925","targetHints":{"allow":["GET"]}}],"collection":[{"href":"https:\/\/haberkuzey.com\/index.php\/wp-json\/wp\/v2\/posts"}],"about":[{"href":"https:\/\/haberkuzey.com\/index.php\/wp-json\/wp\/v2\/types\/post"}],"author":[{"embeddable":true,"href":"https:\/\/haberkuzey.com\/index.php\/wp-json\/wp\/v2\/users\/1"}],"replies":[{"embeddable":true,"href":"https:\/\/haberkuzey.com\/index.php\/wp-json\/wp\/v2\/comments?post=34925"}],"version-history":[{"count":0,"href":"https:\/\/haberkuzey.com\/index.php\/wp-json\/wp\/v2\/posts\/34925\/revisions"}],"wp:featuredmedia":[{"embeddable":true,"href":"https:\/\/haberkuzey.com\/index.php\/wp-json\/wp\/v2\/media\/34926"}],"wp:attachment":[{"href":"https:\/\/haberkuzey.com\/index.php\/wp-json\/wp\/v2\/media?parent=34925"}],"wp:term":[{"taxonomy":"category","embeddable":true,"href":"https:\/\/haberkuzey.com\/index.php\/wp-json\/wp\/v2\/categories?post=34925"},{"taxonomy":"post_tag","embeddable":true,"href":"https:\/\/haberkuzey.com\/index.php\/wp-json\/wp\/v2\/tags?post=34925"}],"curies":[{"name":"wp","href":"https:\/\/api.w.org\/{rel}","templated":true}]}}