{"id":34921,"date":"2026-03-01T16:01:32","date_gmt":"2026-03-01T14:01:32","guid":{"rendered":"https:\/\/haberkuzey.com\/index.php\/2026\/03\/01\/irandan-abd-uslerini-hedef-aliyoruz-aciklamasi\/"},"modified":"2026-03-01T16:01:32","modified_gmt":"2026-03-01T14:01:32","slug":"irandan-abd-uslerini-hedef-aliyoruz-aciklamasi","status":"publish","type":"post","link":"https:\/\/haberkuzey.com\/index.php\/2026\/03\/01\/irandan-abd-uslerini-hedef-aliyoruz-aciklamasi\/","title":{"rendered":"\u0130ran\u2019dan \u201cABD \u00fcslerini hedef al\u0131yoruz\u201d a\u00e7\u0131klamas\u0131"},"content":{"rendered":"<div>Laricani, ABD merkezli X sosyal medya hesab\u0131ndan konuya ili\u015fkin payla\u015f\u0131m yapt\u0131.<\/div>\n<div><\/div>\n<div>A\u00e7\u0131klamas\u0131nda b\u00f6lge \u00fclkelerine seslenen Laricani, &#8220;Size kar\u015f\u0131 bir sald\u0131r\u0131 niyetinde de\u011filiz. Ancak \u00fclkenizde bulunan \u00fcsler bize kar\u015f\u0131 kullan\u0131ld\u0131\u011f\u0131nda ve ABD bu g\u00fc\u00e7leriyle b\u00f6lgede sald\u0131r\u0131lar y\u00fcr\u00fctt\u00fc\u011f\u00fcnde, biz de o \u00fcsleri hedef alaca\u011f\u0131z. \u00c7\u00fcnk\u00fc bu \u00fcsler o \u00fclkelerin topra\u011f\u0131 de\u011fil, ABD topra\u011f\u0131d\u0131r.&#8221; de\u011ferlendirmesinde bulundu.<\/div>\n<div><\/div>\n<div>\u00d6te yandan \u0130ran D\u0131\u015f \u0130li\u015fkiler Stratejik Konseyi&#8217;nden de benzer bir a\u00e7\u0131klama geldi.<\/div>\n<div><\/div>\n<div>S\u00f6z konusu a\u00e7\u0131klamada, &#8220;\u00dcz\u00fcc\u00fc olan, b\u00f6lge \u00fclkelerinin, topraklar\u0131n\u0131n \u0130ran&#8217;a kar\u015f\u0131 kullan\u0131lmas\u0131na izin vermeyeceklerini a\u00e7\u0131k\u00e7a ilan etmelerine ra\u011fmen, ABD \u00fcsleri \u00fczerinde kontrol sahibi olmad\u0131klar\u0131 i\u00e7in sald\u0131r\u0131lar\u0131 engelleyememeleridir.&#8221; ifadeleri kullan\u0131ld\u0131.<\/div>\n<div><\/div>\n<div>\u0130ran Silahl\u0131 Kuvvetleri, sabah saatlerinde, \u0130srail&#8217;e ve b\u00f6lgedeki ABD hedeflerine y\u00f6nelik yeni f\u00fcze ve \u0130HA sald\u0131r\u0131lar\u0131 d\u00fczenledi\u011fini duyurmu\u015f, sald\u0131r\u0131lar sonras\u0131, Katar, Birle\u015fik Arap Emirlikleri, Kuveyt ve \u00dcrd\u00fcn&#8217;de hava savunma sistemlerinin devreye girdi\u011fi ve patlama seslerinin duyuldu\u011fu bildirilmi\u015fti.<\/div>\n<div><\/div>\n<div>&#8211; \u2060ABD-\u0130srail sald\u0131r\u0131lar\u0131 ve \u0130ran&#8217;\u0131n misillemeleri<\/div>\n<div><\/div>\n<div>\u0130srail ve ABD, Tahran ile Washington y\u00f6netimleri aras\u0131nda m\u00fczakereler s\u00fcrerken 28 \u015eubat&#8217;ta \u0130ran&#8217;a askeri sald\u0131r\u0131 ba\u015flatt\u0131.<\/div>\n<div><\/div>\n<div>\u0130ran da \u0130srail&#8217;in yan\u0131 s\u0131ra ABD \u00fcslerinin bulundu\u011fu Katar, Birle\u015fik Arap Emirlikleri ve Bahreyn ba\u015fta olmak \u00fczere baz\u0131 b\u00f6lge \u00fclkelerinde belirledi\u011fi hedeflere sald\u0131r\u0131larla kar\u015f\u0131l\u0131k verdi.<\/div>\n<div><\/div>\n<div>ABD-\u0130srail sald\u0131r\u0131lar\u0131nda, \u0130ran lideri Ali Hamaney&#8217;in yan\u0131 s\u0131ra \u00e7ok say\u0131da \u00fcst d\u00fczey yetkili \u00f6ld\u00fc.<\/div>\n<div><\/div>\n<div>\u0130ran K\u0131z\u0131lay\u0131, \u00fclkeye y\u00f6nelik bombard\u0131manlarda 201 ki\u015finin hayat\u0131n\u0131 kaybetti\u011fini, 747 ki\u015finin de yaraland\u0131\u011f\u0131n\u0131 duyurdu.<\/div>\n<div><\/div>\n<p>\u0130ran&#8217;dan &#8220;ABD \u00fcslerini hedef al\u0131yoruz&#8221; a\u00e7\u0131klamas\u0131 yaz\u0131s\u0131 ilk \u00f6nce K\u0131br\u0131s Hakikat \u00fczerinde ortaya \u00e7\u0131kt\u0131.<\/p>\n","protected":false},"excerpt":{"rendered":"<p>Laricani, ABD merkezli X sosyal medya hesab\u0131ndan konuya ili\u015fkin payla\u015f\u0131m yapt\u0131. A\u00e7\u0131klamas\u0131nda b\u00f6lge \u00fclkelerine seslenen Laricani, &#8220;Size kar\u015f\u0131 bir sald\u0131r\u0131 niyetinde de\u011filiz. Ancak \u00fclkenizde bulunan \u00fcsler bize kar\u015f\u0131 kullan\u0131ld\u0131\u011f\u0131nda ve ABD bu g\u00fc\u00e7leriyle b\u00f6lgede sald\u0131r\u0131lar y\u00fcr\u00fctt\u00fc\u011f\u00fcnde, biz de o \u00fcsleri hedef alaca\u011f\u0131z. \u00c7\u00fcnk\u00fc bu \u00fcsler o \u00fclkelerin topra\u011f\u0131 de\u011fil, ABD topra\u011f\u0131d\u0131r.&#8221; de\u011ferlendirmesinde bulundu. \u00d6te yandan [&hellip;]<\/p>\n","protected":false},"author":1,"featured_media":34922,"comment_status":"open","ping_status":"open","sticky":false,"template":"","format":"standard","meta":{"jnews-multi-image_gallery":[],"jnews_single_post":[],"jnews_primary_category":[],"footnotes":""},"categories":[1],"tags":[],"class_list":["post-34921","post","type-post","status-publish","format-standard","has-post-thumbnail","hentry","category-kibris"],"yoast_head":"<!-- This site is optimized with the Yoast SEO plugin v27.5 - https:\/\/yoast.com\/product\/yoast-seo-wordpress\/ -->\n<title>\u0130ran\u2019dan \u201cABD \u00fcslerini hedef al\u0131yoruz\u201d a\u00e7\u0131klamas\u0131 - Haber Kuzey<\/title>\n<meta name=\"robots\" content=\"index, follow, max-snippet:-1, max-image-preview:large, max-video-preview:-1\" \/>\n<link rel=\"canonical\" href=\"https:\/\/haberkuzey.com\/index.php\/2026\/03\/01\/irandan-abd-uslerini-hedef-aliyoruz-aciklamasi\/\" \/>\n<meta property=\"og:locale\" content=\"tr_TR\" \/>\n<meta property=\"og:type\" content=\"article\" \/>\n<meta property=\"og:title\" content=\"\u0130ran\u2019dan \u201cABD \u00fcslerini hedef al\u0131yoruz\u201d a\u00e7\u0131klamas\u0131 - Haber Kuzey\" \/>\n<meta property=\"og:description\" content=\"Laricani, ABD merkezli X sosyal medya hesab\u0131ndan konuya ili\u015fkin payla\u015f\u0131m yapt\u0131. A\u00e7\u0131klamas\u0131nda b\u00f6lge \u00fclkelerine seslenen Laricani, &#8220;Size kar\u015f\u0131 bir sald\u0131r\u0131 niyetinde de\u011filiz. Ancak \u00fclkenizde bulunan \u00fcsler bize kar\u015f\u0131 kullan\u0131ld\u0131\u011f\u0131nda ve ABD bu g\u00fc\u00e7leriyle b\u00f6lgede sald\u0131r\u0131lar y\u00fcr\u00fctt\u00fc\u011f\u00fcnde, biz de o \u00fcsleri hedef alaca\u011f\u0131z. \u00c7\u00fcnk\u00fc bu \u00fcsler o \u00fclkelerin topra\u011f\u0131 de\u011fil, ABD topra\u011f\u0131d\u0131r.&#8221; de\u011ferlendirmesinde bulundu. \u00d6te yandan [&hellip;]\" \/>\n<meta property=\"og:url\" content=\"https:\/\/haberkuzey.com\/index.php\/2026\/03\/01\/irandan-abd-uslerini-hedef-aliyoruz-aciklamasi\/\" \/>\n<meta property=\"og:site_name\" content=\"Haber Kuzey\" \/>\n<meta property=\"article:published_time\" content=\"2026-03-01T14:01:32+00:00\" \/>\n<meta name=\"author\" content=\"haberkuzey\" \/>\n<meta name=\"twitter:card\" content=\"summary_large_image\" \/>\n<meta name=\"twitter:label1\" content=\"Yazan:\" \/>\n\t<meta name=\"twitter:data1\" content=\"haberkuzey\" \/>\n\t<meta name=\"twitter:label2\" content=\"Tahmini okuma s\u00fcresi\" \/>\n\t<meta name=\"twitter:data2\" content=\"2 dakika\" \/>\n<script type=\"application\/ld+json\" class=\"yoast-schema-graph\">{\"@context\":\"https:\\\/\\\/schema.org\",\"@graph\":[{\"@type\":\"Article\",\"@id\":\"https:\\\/\\\/haberkuzey.com\\\/index.php\\\/2026\\\/03\\\/01\\\/irandan-abd-uslerini-hedef-aliyoruz-aciklamasi\\\/#article\",\"isPartOf\":{\"@id\":\"https:\\\/\\\/haberkuzey.com\\\/index.php\\\/2026\\\/03\\\/01\\\/irandan-abd-uslerini-hedef-aliyoruz-aciklamasi\\\/\"},\"author\":{\"name\":\"haberkuzey\",\"@id\":\"https:\\\/\\\/haberkuzey.com\\\/#\\\/schema\\\/person\\\/3372109ec735f9333f4fa47ebb9605ca\"},\"headline\":\"\u0130ran\u2019dan \u201cABD \u00fcslerini hedef al\u0131yoruz\u201d a\u00e7\u0131klamas\u0131\",\"datePublished\":\"2026-03-01T14:01:32+00:00\",\"mainEntityOfPage\":{\"@id\":\"https:\\\/\\\/haberkuzey.com\\\/index.php\\\/2026\\\/03\\\/01\\\/irandan-abd-uslerini-hedef-aliyoruz-aciklamasi\\\/\"},\"wordCount\":328,\"commentCount\":0,\"image\":{\"@id\":\"https:\\\/\\\/haberkuzey.com\\\/index.php\\\/2026\\\/03\\\/01\\\/irandan-abd-uslerini-hedef-aliyoruz-aciklamasi\\\/#primaryimage\"},\"thumbnailUrl\":\"https:\\\/\\\/haberkuzey.com\\\/wp-content\\\/uploads\\\/2026\\\/03\\\/1772372006202abd-iran-5.webp.webp\",\"articleSection\":[\"K\u0131br\u0131s\"],\"inLanguage\":\"tr\",\"potentialAction\":[{\"@type\":\"CommentAction\",\"name\":\"Comment\",\"target\":[\"https:\\\/\\\/haberkuzey.com\\\/index.php\\\/2026\\\/03\\\/01\\\/irandan-abd-uslerini-hedef-aliyoruz-aciklamasi\\\/#respond\"]}]},{\"@type\":\"WebPage\",\"@id\":\"https:\\\/\\\/haberkuzey.com\\\/index.php\\\/2026\\\/03\\\/01\\\/irandan-abd-uslerini-hedef-aliyoruz-aciklamasi\\\/\",\"url\":\"https:\\\/\\\/haberkuzey.com\\\/index.php\\\/2026\\\/03\\\/01\\\/irandan-abd-uslerini-hedef-aliyoruz-aciklamasi\\\/\",\"name\":\"\u0130ran\u2019dan \u201cABD \u00fcslerini hedef al\u0131yoruz\u201d a\u00e7\u0131klamas\u0131 - Haber Kuzey\",\"isPartOf\":{\"@id\":\"https:\\\/\\\/haberkuzey.com\\\/#website\"},\"primaryImageOfPage\":{\"@id\":\"https:\\\/\\\/haberkuzey.com\\\/index.php\\\/2026\\\/03\\\/01\\\/irandan-abd-uslerini-hedef-aliyoruz-aciklamasi\\\/#primaryimage\"},\"image\":{\"@id\":\"https:\\\/\\\/haberkuzey.com\\\/index.php\\\/2026\\\/03\\\/01\\\/irandan-abd-uslerini-hedef-aliyoruz-aciklamasi\\\/#primaryimage\"},\"thumbnailUrl\":\"https:\\\/\\\/haberkuzey.com\\\/wp-content\\\/uploads\\\/2026\\\/03\\\/1772372006202abd-iran-5.webp.webp\",\"datePublished\":\"2026-03-01T14:01:32+00:00\",\"author\":{\"@id\":\"https:\\\/\\\/haberkuzey.com\\\/#\\\/schema\\\/person\\\/3372109ec735f9333f4fa47ebb9605ca\"},\"breadcrumb\":{\"@id\":\"https:\\\/\\\/haberkuzey.com\\\/index.php\\\/2026\\\/03\\\/01\\\/irandan-abd-uslerini-hedef-aliyoruz-aciklamasi\\\/#breadcrumb\"},\"inLanguage\":\"tr\",\"potentialAction\":[{\"@type\":\"ReadAction\",\"target\":[\"https:\\\/\\\/haberkuzey.com\\\/index.php\\\/2026\\\/03\\\/01\\\/irandan-abd-uslerini-hedef-aliyoruz-aciklamasi\\\/\"]}]},{\"@type\":\"ImageObject\",\"inLanguage\":\"tr\",\"@id\":\"https:\\\/\\\/haberkuzey.com\\\/index.php\\\/2026\\\/03\\\/01\\\/irandan-abd-uslerini-hedef-aliyoruz-aciklamasi\\\/#primaryimage\",\"url\":\"https:\\\/\\\/haberkuzey.com\\\/wp-content\\\/uploads\\\/2026\\\/03\\\/1772372006202abd-iran-5.webp.webp\",\"contentUrl\":\"https:\\\/\\\/haberkuzey.com\\\/wp-content\\\/uploads\\\/2026\\\/03\\\/1772372006202abd-iran-5.webp.webp\",\"width\":1280,\"height\":720},{\"@type\":\"BreadcrumbList\",\"@id\":\"https:\\\/\\\/haberkuzey.com\\\/index.php\\\/2026\\\/03\\\/01\\\/irandan-abd-uslerini-hedef-aliyoruz-aciklamasi\\\/#breadcrumb\",\"itemListElement\":[{\"@type\":\"ListItem\",\"position\":1,\"name\":\"Anasayfa\",\"item\":\"https:\\\/\\\/haberkuzey.com\\\/\"},{\"@type\":\"ListItem\",\"position\":2,\"name\":\"\u0130ran\u2019dan \u201cABD \u00fcslerini hedef al\u0131yoruz\u201d a\u00e7\u0131klamas\u0131\"}]},{\"@type\":\"WebSite\",\"@id\":\"https:\\\/\\\/haberkuzey.com\\\/#website\",\"url\":\"https:\\\/\\\/haberkuzey.com\\\/\",\"name\":\"Haber Kuzey\",\"description\":\"Do\u011fru Haberin Adresi\",\"potentialAction\":[{\"@type\":\"SearchAction\",\"target\":{\"@type\":\"EntryPoint\",\"urlTemplate\":\"https:\\\/\\\/haberkuzey.com\\\/?s={search_term_string}\"},\"query-input\":{\"@type\":\"PropertyValueSpecification\",\"valueRequired\":true,\"valueName\":\"search_term_string\"}}],\"inLanguage\":\"tr\"},{\"@type\":\"Person\",\"@id\":\"https:\\\/\\\/haberkuzey.com\\\/#\\\/schema\\\/person\\\/3372109ec735f9333f4fa47ebb9605ca\",\"name\":\"haberkuzey\",\"image\":{\"@type\":\"ImageObject\",\"inLanguage\":\"tr\",\"@id\":\"https:\\\/\\\/secure.gravatar.com\\\/avatar\\\/f5fc875574b1575324358c3b9e6a32b8227aa5b74f3fa22e3cadb63e26fcc39c?s=96&d=mm&r=g\",\"url\":\"https:\\\/\\\/secure.gravatar.com\\\/avatar\\\/f5fc875574b1575324358c3b9e6a32b8227aa5b74f3fa22e3cadb63e26fcc39c?s=96&d=mm&r=g\",\"contentUrl\":\"https:\\\/\\\/secure.gravatar.com\\\/avatar\\\/f5fc875574b1575324358c3b9e6a32b8227aa5b74f3fa22e3cadb63e26fcc39c?s=96&d=mm&r=g\",\"caption\":\"haberkuzey\"},\"sameAs\":[\"https:\\\/\\\/haberkuzey.com\"],\"url\":\"https:\\\/\\\/haberkuzey.com\\\/index.php\\\/author\\\/haberkuzey\\\/\"}]}<\/script>\n<!-- \/ Yoast SEO plugin. -->","yoast_head_json":{"title":"\u0130ran\u2019dan \u201cABD \u00fcslerini hedef al\u0131yoruz\u201d a\u00e7\u0131klamas\u0131 - Haber Kuzey","robots":{"index":"index","follow":"follow","max-snippet":"max-snippet:-1","max-image-preview":"max-image-preview:large","max-video-preview":"max-video-preview:-1"},"canonical":"https:\/\/haberkuzey.com\/index.php\/2026\/03\/01\/irandan-abd-uslerini-hedef-aliyoruz-aciklamasi\/","og_locale":"tr_TR","og_type":"article","og_title":"\u0130ran\u2019dan \u201cABD \u00fcslerini hedef al\u0131yoruz\u201d a\u00e7\u0131klamas\u0131 - Haber Kuzey","og_description":"Laricani, ABD merkezli X sosyal medya hesab\u0131ndan konuya ili\u015fkin payla\u015f\u0131m yapt\u0131. A\u00e7\u0131klamas\u0131nda b\u00f6lge \u00fclkelerine seslenen Laricani, &#8220;Size kar\u015f\u0131 bir sald\u0131r\u0131 niyetinde de\u011filiz. Ancak \u00fclkenizde bulunan \u00fcsler bize kar\u015f\u0131 kullan\u0131ld\u0131\u011f\u0131nda ve ABD bu g\u00fc\u00e7leriyle b\u00f6lgede sald\u0131r\u0131lar y\u00fcr\u00fctt\u00fc\u011f\u00fcnde, biz de o \u00fcsleri hedef alaca\u011f\u0131z. \u00c7\u00fcnk\u00fc bu \u00fcsler o \u00fclkelerin topra\u011f\u0131 de\u011fil, ABD topra\u011f\u0131d\u0131r.&#8221; de\u011ferlendirmesinde bulundu. \u00d6te yandan [&hellip;]","og_url":"https:\/\/haberkuzey.com\/index.php\/2026\/03\/01\/irandan-abd-uslerini-hedef-aliyoruz-aciklamasi\/","og_site_name":"Haber Kuzey","article_published_time":"2026-03-01T14:01:32+00:00","author":"haberkuzey","twitter_card":"summary_large_image","twitter_misc":{"Yazan:":"haberkuzey","Tahmini okuma s\u00fcresi":"2 dakika"},"schema":{"@context":"https:\/\/schema.org","@graph":[{"@type":"Article","@id":"https:\/\/haberkuzey.com\/index.php\/2026\/03\/01\/irandan-abd-uslerini-hedef-aliyoruz-aciklamasi\/#article","isPartOf":{"@id":"https:\/\/haberkuzey.com\/index.php\/2026\/03\/01\/irandan-abd-uslerini-hedef-aliyoruz-aciklamasi\/"},"author":{"name":"haberkuzey","@id":"https:\/\/haberkuzey.com\/#\/schema\/person\/3372109ec735f9333f4fa47ebb9605ca"},"headline":"\u0130ran\u2019dan \u201cABD \u00fcslerini hedef al\u0131yoruz\u201d a\u00e7\u0131klamas\u0131","datePublished":"2026-03-01T14:01:32+00:00","mainEntityOfPage":{"@id":"https:\/\/haberkuzey.com\/index.php\/2026\/03\/01\/irandan-abd-uslerini-hedef-aliyoruz-aciklamasi\/"},"wordCount":328,"commentCount":0,"image":{"@id":"https:\/\/haberkuzey.com\/index.php\/2026\/03\/01\/irandan-abd-uslerini-hedef-aliyoruz-aciklamasi\/#primaryimage"},"thumbnailUrl":"https:\/\/haberkuzey.com\/wp-content\/uploads\/2026\/03\/1772372006202abd-iran-5.webp.webp","articleSection":["K\u0131br\u0131s"],"inLanguage":"tr","potentialAction":[{"@type":"CommentAction","name":"Comment","target":["https:\/\/haberkuzey.com\/index.php\/2026\/03\/01\/irandan-abd-uslerini-hedef-aliyoruz-aciklamasi\/#respond"]}]},{"@type":"WebPage","@id":"https:\/\/haberkuzey.com\/index.php\/2026\/03\/01\/irandan-abd-uslerini-hedef-aliyoruz-aciklamasi\/","url":"https:\/\/haberkuzey.com\/index.php\/2026\/03\/01\/irandan-abd-uslerini-hedef-aliyoruz-aciklamasi\/","name":"\u0130ran\u2019dan \u201cABD \u00fcslerini hedef al\u0131yoruz\u201d a\u00e7\u0131klamas\u0131 - Haber Kuzey","isPartOf":{"@id":"https:\/\/haberkuzey.com\/#website"},"primaryImageOfPage":{"@id":"https:\/\/haberkuzey.com\/index.php\/2026\/03\/01\/irandan-abd-uslerini-hedef-aliyoruz-aciklamasi\/#primaryimage"},"image":{"@id":"https:\/\/haberkuzey.com\/index.php\/2026\/03\/01\/irandan-abd-uslerini-hedef-aliyoruz-aciklamasi\/#primaryimage"},"thumbnailUrl":"https:\/\/haberkuzey.com\/wp-content\/uploads\/2026\/03\/1772372006202abd-iran-5.webp.webp","datePublished":"2026-03-01T14:01:32+00:00","author":{"@id":"https:\/\/haberkuzey.com\/#\/schema\/person\/3372109ec735f9333f4fa47ebb9605ca"},"breadcrumb":{"@id":"https:\/\/haberkuzey.com\/index.php\/2026\/03\/01\/irandan-abd-uslerini-hedef-aliyoruz-aciklamasi\/#breadcrumb"},"inLanguage":"tr","potentialAction":[{"@type":"ReadAction","target":["https:\/\/haberkuzey.com\/index.php\/2026\/03\/01\/irandan-abd-uslerini-hedef-aliyoruz-aciklamasi\/"]}]},{"@type":"ImageObject","inLanguage":"tr","@id":"https:\/\/haberkuzey.com\/index.php\/2026\/03\/01\/irandan-abd-uslerini-hedef-aliyoruz-aciklamasi\/#primaryimage","url":"https:\/\/haberkuzey.com\/wp-content\/uploads\/2026\/03\/1772372006202abd-iran-5.webp.webp","contentUrl":"https:\/\/haberkuzey.com\/wp-content\/uploads\/2026\/03\/1772372006202abd-iran-5.webp.webp","width":1280,"height":720},{"@type":"BreadcrumbList","@id":"https:\/\/haberkuzey.com\/index.php\/2026\/03\/01\/irandan-abd-uslerini-hedef-aliyoruz-aciklamasi\/#breadcrumb","itemListElement":[{"@type":"ListItem","position":1,"name":"Anasayfa","item":"https:\/\/haberkuzey.com\/"},{"@type":"ListItem","position":2,"name":"\u0130ran\u2019dan \u201cABD \u00fcslerini hedef al\u0131yoruz\u201d a\u00e7\u0131klamas\u0131"}]},{"@type":"WebSite","@id":"https:\/\/haberkuzey.com\/#website","url":"https:\/\/haberkuzey.com\/","name":"Haber Kuzey","description":"Do\u011fru Haberin Adresi","potentialAction":[{"@type":"SearchAction","target":{"@type":"EntryPoint","urlTemplate":"https:\/\/haberkuzey.com\/?s={search_term_string}"},"query-input":{"@type":"PropertyValueSpecification","valueRequired":true,"valueName":"search_term_string"}}],"inLanguage":"tr"},{"@type":"Person","@id":"https:\/\/haberkuzey.com\/#\/schema\/person\/3372109ec735f9333f4fa47ebb9605ca","name":"haberkuzey","image":{"@type":"ImageObject","inLanguage":"tr","@id":"https:\/\/secure.gravatar.com\/avatar\/f5fc875574b1575324358c3b9e6a32b8227aa5b74f3fa22e3cadb63e26fcc39c?s=96&d=mm&r=g","url":"https:\/\/secure.gravatar.com\/avatar\/f5fc875574b1575324358c3b9e6a32b8227aa5b74f3fa22e3cadb63e26fcc39c?s=96&d=mm&r=g","contentUrl":"https:\/\/secure.gravatar.com\/avatar\/f5fc875574b1575324358c3b9e6a32b8227aa5b74f3fa22e3cadb63e26fcc39c?s=96&d=mm&r=g","caption":"haberkuzey"},"sameAs":["https:\/\/haberkuzey.com"],"url":"https:\/\/haberkuzey.com\/index.php\/author\/haberkuzey\/"}]}},"_links":{"self":[{"href":"https:\/\/haberkuzey.com\/index.php\/wp-json\/wp\/v2\/posts\/34921","targetHints":{"allow":["GET"]}}],"collection":[{"href":"https:\/\/haberkuzey.com\/index.php\/wp-json\/wp\/v2\/posts"}],"about":[{"href":"https:\/\/haberkuzey.com\/index.php\/wp-json\/wp\/v2\/types\/post"}],"author":[{"embeddable":true,"href":"https:\/\/haberkuzey.com\/index.php\/wp-json\/wp\/v2\/users\/1"}],"replies":[{"embeddable":true,"href":"https:\/\/haberkuzey.com\/index.php\/wp-json\/wp\/v2\/comments?post=34921"}],"version-history":[{"count":0,"href":"https:\/\/haberkuzey.com\/index.php\/wp-json\/wp\/v2\/posts\/34921\/revisions"}],"wp:featuredmedia":[{"embeddable":true,"href":"https:\/\/haberkuzey.com\/index.php\/wp-json\/wp\/v2\/media\/34922"}],"wp:attachment":[{"href":"https:\/\/haberkuzey.com\/index.php\/wp-json\/wp\/v2\/media?parent=34921"}],"wp:term":[{"taxonomy":"category","embeddable":true,"href":"https:\/\/haberkuzey.com\/index.php\/wp-json\/wp\/v2\/categories?post=34921"},{"taxonomy":"post_tag","embeddable":true,"href":"https:\/\/haberkuzey.com\/index.php\/wp-json\/wp\/v2\/tags?post=34921"}],"curies":[{"name":"wp","href":"https:\/\/api.w.org\/{rel}","templated":true}]}}