{"id":33486,"date":"2026-01-07T10:11:53","date_gmt":"2026-01-07T08:11:53","guid":{"rendered":"https:\/\/haberkuzey.com\/index.php\/2026\/01\/07\/kolombiya-abdnin-olasi-saldirisina-karsi-egemenligi-askeri-yollarla-savunacaklari-mesaji-verdi\/"},"modified":"2026-01-07T10:11:53","modified_gmt":"2026-01-07T08:11:53","slug":"kolombiya-abdnin-olasi-saldirisina-karsi-egemenligi-askeri-yollarla-savunacaklari-mesaji-verdi","status":"publish","type":"post","link":"https:\/\/haberkuzey.com\/index.php\/2026\/01\/07\/kolombiya-abdnin-olasi-saldirisina-karsi-egemenligi-askeri-yollarla-savunacaklari-mesaji-verdi\/","title":{"rendered":"Kolombiya, ABD&#039;nin olas\u0131 sald\u0131r\u0131s\u0131na kar\u015f\u0131 egemenli\u011fi askeri yollarla savunacaklar\u0131 mesaj\u0131 verdi"},"content":{"rendered":"<p><\/p>\n<div>\n<p>&#13;<br \/>\n\tEl Tiempo internet sitesinin haberine g\u00f6re, Villavicencio, d\u00fczenledi\u011fi bas\u0131n toplant\u0131s\u0131nda, Trump&#8217;\u0131n &#8220;Kolombiya operasyonu kula\u011fa ho\u015f geliyor.&#8221; ifadesine ili\u015fkin a\u00e7\u0131klamalarda bulundu.<\/p>\n<p>&#13;<br \/>\n\tVillavicencio, &#8220;ABD&#8217;nin \u00fclkemize y\u00f6nelik olas\u0131 sald\u0131r\u0131s\u0131 konusunda, egemenli\u011fimizi savunma noktas\u0131nda netiz. Bunun i\u00e7in, Cumhurba\u015fkan\u0131 Gustavo Petro&#8217;nun ba\u015fkomutanl\u0131\u011f\u0131nda, son derece haz\u0131rl\u0131kl\u0131 ve donan\u0131ml\u0131 bir ordumuz var ve bu ordunun halk\u0131m\u0131z\u0131 savunmas\u0131 gerekir.&#8221; ifadelerini kulland\u0131.<\/p>\n<p>&#13;<br \/>\n\tDiplomatik kanallar\u0131n a\u00e7\u0131k tutuldu\u011funu belirten Villavicencio, \u00f6nceliklerinin diyalog oldu\u011funu vurgulad\u0131.<\/p>\n<p>&#13;<br \/>\n\tVillavicencio ayr\u0131ca, ABD&#8217;nin Bogota B\u00fcy\u00fckel\u00e7ili\u011fi ge\u00e7ici maslahatg\u00fczar\u0131 John McNamara ile bu konuda g\u00f6r\u00fc\u015feceklerini ve protesto notas\u0131 vereceklerini ifade etti.<\/p>\n<p>&#13;<br \/>\n\tBakan Villavicencio, &#8220;Cumhurba\u015fkan\u0131&#8217;na y\u00f6nelik hakaret, \u00fclkemize y\u00f6nelik hakarettir ve bug\u00fcn Cumhurba\u015fkan\u0131 Gustavo Petro&#8217;yu bu makama ta\u015f\u0131yan t\u00fcm demokratik s\u00fcre\u00e7lerin yok say\u0131lmas\u0131 anlam\u0131na gelir.&#8221; diye konu\u015ftu.<\/p>\n<h2>&#13;<br \/>\n\tTrump, Petro&#8217;yu hedef alm\u0131\u015ft\u0131<\/h2>\n<p>&#13;<br \/>\n\tABD Ba\u015fkan\u0131 Trump, Kolombiya Cumhurba\u015fkan\u0131 Petro&#8217;yu hedef alarak bu \u00fclkenin ABD&#8217;ye kokain g\u00f6nderdi\u011fi iddias\u0131n\u0131 yinelemi\u015fti.<\/p>\n<p>&#13;<br \/>\n\tTrump, &#8220;(Petro&#8217;nun) Kokain \u00fcretti\u011fi fabrikalar\u0131 var, kokaini \u00fcretiyor ve ABD&#8217;ye g\u00f6nderiyor. Kendisinin dikkatli olmas\u0131 laz\u0131m.&#8221; de\u011ferlendirmesini yapm\u0131\u015ft\u0131.<\/p>\n<p>&#13;<br \/>\n\tAyr\u0131ca Trump, Kolombiya&#8217;y\u0131 &#8220;hasta \u00fclke&#8221; diye nitelemi\u015f, olas\u0131 sald\u0131r\u0131 ihtimaline ili\u015fkin, &#8220;Kolombiya operasyonu kula\u011fa ho\u015f geliyor.&#8221; ifadesini kullanm\u0131\u015ft\u0131.<\/p>\n<p>&#13;<br \/>\n\tTrump&#8217;\u0131n &#8220;Kolombiya operasyonu kula\u011fa ho\u015f geliyor.&#8221; ifadesinin ard\u0131ndan Petro, son s\u00f6zlerin bas\u0131na yans\u0131d\u0131\u011f\u0131 \u015fekliyle olup olmad\u0131\u011f\u0131n\u0131 ve \u00e7evirilerini kontrol edece\u011fini, bu &#8220;gayrime\u015fru tehdide&#8221; ger\u00e7ekten anlad\u0131ktan sonra yan\u0131t verece\u011fini belirtmi\u015fti.<\/p>\n<\/p><\/div>\n","protected":false},"excerpt":{"rendered":"<p>&#13; El Tiempo internet sitesinin haberine g\u00f6re, Villavicencio, d\u00fczenledi\u011fi bas\u0131n toplant\u0131s\u0131nda, Trump&#8217;\u0131n &#8220;Kolombiya operasyonu kula\u011fa ho\u015f geliyor.&#8221; ifadesine ili\u015fkin a\u00e7\u0131klamalarda bulundu. &#13; Villavicencio, &#8220;ABD&#8217;nin \u00fclkemize y\u00f6nelik olas\u0131 sald\u0131r\u0131s\u0131 konusunda, egemenli\u011fimizi savunma noktas\u0131nda netiz. Bunun i\u00e7in, Cumhurba\u015fkan\u0131 Gustavo Petro&#8217;nun ba\u015fkomutanl\u0131\u011f\u0131nda, son derece haz\u0131rl\u0131kl\u0131 ve donan\u0131ml\u0131 bir ordumuz var ve bu ordunun halk\u0131m\u0131z\u0131 savunmas\u0131 gerekir.&#8221; ifadelerini kulland\u0131. [&hellip;]<\/p>\n","protected":false},"author":1,"featured_media":30198,"comment_status":"open","ping_status":"open","sticky":false,"template":"","format":"standard","meta":{"jnews-multi-image_gallery":[],"jnews_single_post":[],"jnews_primary_category":[],"footnotes":""},"categories":[2],"tags":[],"class_list":["post-33486","post","type-post","status-publish","format-standard","has-post-thumbnail","hentry","category-dunya"],"yoast_head":"<!-- This site is optimized with the Yoast SEO plugin v27.5 - https:\/\/yoast.com\/product\/yoast-seo-wordpress\/ -->\n<title>Kolombiya, ABD&#039;nin olas\u0131 sald\u0131r\u0131s\u0131na kar\u015f\u0131 egemenli\u011fi askeri yollarla savunacaklar\u0131 mesaj\u0131 verdi - Haber Kuzey<\/title>\n<meta name=\"robots\" content=\"index, follow, max-snippet:-1, max-image-preview:large, max-video-preview:-1\" \/>\n<link rel=\"canonical\" href=\"https:\/\/haberkuzey.com\/index.php\/2026\/01\/07\/kolombiya-abdnin-olasi-saldirisina-karsi-egemenligi-askeri-yollarla-savunacaklari-mesaji-verdi\/\" \/>\n<meta property=\"og:locale\" content=\"tr_TR\" \/>\n<meta property=\"og:type\" content=\"article\" \/>\n<meta property=\"og:title\" content=\"Kolombiya, ABD&#039;nin olas\u0131 sald\u0131r\u0131s\u0131na kar\u015f\u0131 egemenli\u011fi askeri yollarla savunacaklar\u0131 mesaj\u0131 verdi - Haber Kuzey\" \/>\n<meta property=\"og:description\" content=\"&#013; El Tiempo internet sitesinin haberine g\u00f6re, Villavicencio, d\u00fczenledi\u011fi bas\u0131n toplant\u0131s\u0131nda, Trump&#8217;\u0131n &#8220;Kolombiya operasyonu kula\u011fa ho\u015f geliyor.&#8221; ifadesine ili\u015fkin a\u00e7\u0131klamalarda bulundu. &#013; Villavicencio, &#8220;ABD&#8217;nin \u00fclkemize y\u00f6nelik olas\u0131 sald\u0131r\u0131s\u0131 konusunda, egemenli\u011fimizi savunma noktas\u0131nda netiz. Bunun i\u00e7in, Cumhurba\u015fkan\u0131 Gustavo Petro&#8217;nun ba\u015fkomutanl\u0131\u011f\u0131nda, son derece haz\u0131rl\u0131kl\u0131 ve donan\u0131ml\u0131 bir ordumuz var ve bu ordunun halk\u0131m\u0131z\u0131 savunmas\u0131 gerekir.&#8221; ifadelerini kulland\u0131. [&hellip;]\" \/>\n<meta property=\"og:url\" content=\"https:\/\/haberkuzey.com\/index.php\/2026\/01\/07\/kolombiya-abdnin-olasi-saldirisina-karsi-egemenligi-askeri-yollarla-savunacaklari-mesaji-verdi\/\" \/>\n<meta property=\"og:site_name\" content=\"Haber Kuzey\" \/>\n<meta property=\"article:published_time\" content=\"2026-01-07T08:11:53+00:00\" \/>\n<meta property=\"og:image\" content=\"https:\/\/trthaberstatic.cdn.wp.trt.com.tr\/resimler\/2320000\/2321272.jpg\" \/>\n<meta name=\"author\" content=\"haberkuzey\" \/>\n<meta name=\"twitter:card\" content=\"summary_large_image\" \/>\n<meta name=\"twitter:label1\" content=\"Yazan:\" \/>\n\t<meta name=\"twitter:data1\" content=\"haberkuzey\" \/>\n\t<meta name=\"twitter:label2\" content=\"Tahmini okuma s\u00fcresi\" \/>\n\t<meta name=\"twitter:data2\" content=\"1 dakika\" \/>\n<script type=\"application\/ld+json\" class=\"yoast-schema-graph\">{\"@context\":\"https:\\\/\\\/schema.org\",\"@graph\":[{\"@type\":\"Article\",\"@id\":\"https:\\\/\\\/haberkuzey.com\\\/index.php\\\/2026\\\/01\\\/07\\\/kolombiya-abdnin-olasi-saldirisina-karsi-egemenligi-askeri-yollarla-savunacaklari-mesaji-verdi\\\/#article\",\"isPartOf\":{\"@id\":\"https:\\\/\\\/haberkuzey.com\\\/index.php\\\/2026\\\/01\\\/07\\\/kolombiya-abdnin-olasi-saldirisina-karsi-egemenligi-askeri-yollarla-savunacaklari-mesaji-verdi\\\/\"},\"author\":{\"name\":\"haberkuzey\",\"@id\":\"https:\\\/\\\/haberkuzey.com\\\/#\\\/schema\\\/person\\\/3372109ec735f9333f4fa47ebb9605ca\"},\"headline\":\"Kolombiya, ABD&#039;nin olas\u0131 sald\u0131r\u0131s\u0131na kar\u015f\u0131 egemenli\u011fi askeri yollarla savunacaklar\u0131 mesaj\u0131 verdi\",\"datePublished\":\"2026-01-07T08:11:53+00:00\",\"mainEntityOfPage\":{\"@id\":\"https:\\\/\\\/haberkuzey.com\\\/index.php\\\/2026\\\/01\\\/07\\\/kolombiya-abdnin-olasi-saldirisina-karsi-egemenligi-askeri-yollarla-savunacaklari-mesaji-verdi\\\/\"},\"wordCount\":297,\"commentCount\":0,\"image\":{\"@id\":\"https:\\\/\\\/haberkuzey.com\\\/index.php\\\/2026\\\/01\\\/07\\\/kolombiya-abdnin-olasi-saldirisina-karsi-egemenligi-askeri-yollarla-savunacaklari-mesaji-verdi\\\/#primaryimage\"},\"thumbnailUrl\":\"https:\\\/\\\/haberkuzey.com\\\/wp-content\\\/uploads\\\/2025\\\/10\\\/2321272.jpg\",\"articleSection\":[\"D\u00fcnya\"],\"inLanguage\":\"tr\",\"potentialAction\":[{\"@type\":\"CommentAction\",\"name\":\"Comment\",\"target\":[\"https:\\\/\\\/haberkuzey.com\\\/index.php\\\/2026\\\/01\\\/07\\\/kolombiya-abdnin-olasi-saldirisina-karsi-egemenligi-askeri-yollarla-savunacaklari-mesaji-verdi\\\/#respond\"]}]},{\"@type\":\"WebPage\",\"@id\":\"https:\\\/\\\/haberkuzey.com\\\/index.php\\\/2026\\\/01\\\/07\\\/kolombiya-abdnin-olasi-saldirisina-karsi-egemenligi-askeri-yollarla-savunacaklari-mesaji-verdi\\\/\",\"url\":\"https:\\\/\\\/haberkuzey.com\\\/index.php\\\/2026\\\/01\\\/07\\\/kolombiya-abdnin-olasi-saldirisina-karsi-egemenligi-askeri-yollarla-savunacaklari-mesaji-verdi\\\/\",\"name\":\"Kolombiya, ABD&#039;nin olas\u0131 sald\u0131r\u0131s\u0131na kar\u015f\u0131 egemenli\u011fi askeri yollarla savunacaklar\u0131 mesaj\u0131 verdi - Haber Kuzey\",\"isPartOf\":{\"@id\":\"https:\\\/\\\/haberkuzey.com\\\/#website\"},\"primaryImageOfPage\":{\"@id\":\"https:\\\/\\\/haberkuzey.com\\\/index.php\\\/2026\\\/01\\\/07\\\/kolombiya-abdnin-olasi-saldirisina-karsi-egemenligi-askeri-yollarla-savunacaklari-mesaji-verdi\\\/#primaryimage\"},\"image\":{\"@id\":\"https:\\\/\\\/haberkuzey.com\\\/index.php\\\/2026\\\/01\\\/07\\\/kolombiya-abdnin-olasi-saldirisina-karsi-egemenligi-askeri-yollarla-savunacaklari-mesaji-verdi\\\/#primaryimage\"},\"thumbnailUrl\":\"https:\\\/\\\/haberkuzey.com\\\/wp-content\\\/uploads\\\/2025\\\/10\\\/2321272.jpg\",\"datePublished\":\"2026-01-07T08:11:53+00:00\",\"author\":{\"@id\":\"https:\\\/\\\/haberkuzey.com\\\/#\\\/schema\\\/person\\\/3372109ec735f9333f4fa47ebb9605ca\"},\"breadcrumb\":{\"@id\":\"https:\\\/\\\/haberkuzey.com\\\/index.php\\\/2026\\\/01\\\/07\\\/kolombiya-abdnin-olasi-saldirisina-karsi-egemenligi-askeri-yollarla-savunacaklari-mesaji-verdi\\\/#breadcrumb\"},\"inLanguage\":\"tr\",\"potentialAction\":[{\"@type\":\"ReadAction\",\"target\":[\"https:\\\/\\\/haberkuzey.com\\\/index.php\\\/2026\\\/01\\\/07\\\/kolombiya-abdnin-olasi-saldirisina-karsi-egemenligi-askeri-yollarla-savunacaklari-mesaji-verdi\\\/\"]}]},{\"@type\":\"ImageObject\",\"inLanguage\":\"tr\",\"@id\":\"https:\\\/\\\/haberkuzey.com\\\/index.php\\\/2026\\\/01\\\/07\\\/kolombiya-abdnin-olasi-saldirisina-karsi-egemenligi-askeri-yollarla-savunacaklari-mesaji-verdi\\\/#primaryimage\",\"url\":\"https:\\\/\\\/haberkuzey.com\\\/wp-content\\\/uploads\\\/2025\\\/10\\\/2321272.jpg\",\"contentUrl\":\"https:\\\/\\\/haberkuzey.com\\\/wp-content\\\/uploads\\\/2025\\\/10\\\/2321272.jpg\",\"width\":1280,\"height\":720},{\"@type\":\"BreadcrumbList\",\"@id\":\"https:\\\/\\\/haberkuzey.com\\\/index.php\\\/2026\\\/01\\\/07\\\/kolombiya-abdnin-olasi-saldirisina-karsi-egemenligi-askeri-yollarla-savunacaklari-mesaji-verdi\\\/#breadcrumb\",\"itemListElement\":[{\"@type\":\"ListItem\",\"position\":1,\"name\":\"Anasayfa\",\"item\":\"https:\\\/\\\/haberkuzey.com\\\/\"},{\"@type\":\"ListItem\",\"position\":2,\"name\":\"Kolombiya, ABD&#039;nin olas\u0131 sald\u0131r\u0131s\u0131na kar\u015f\u0131 egemenli\u011fi askeri yollarla savunacaklar\u0131 mesaj\u0131 verdi\"}]},{\"@type\":\"WebSite\",\"@id\":\"https:\\\/\\\/haberkuzey.com\\\/#website\",\"url\":\"https:\\\/\\\/haberkuzey.com\\\/\",\"name\":\"Haber Kuzey\",\"description\":\"Do\u011fru Haberin Adresi\",\"potentialAction\":[{\"@type\":\"SearchAction\",\"target\":{\"@type\":\"EntryPoint\",\"urlTemplate\":\"https:\\\/\\\/haberkuzey.com\\\/?s={search_term_string}\"},\"query-input\":{\"@type\":\"PropertyValueSpecification\",\"valueRequired\":true,\"valueName\":\"search_term_string\"}}],\"inLanguage\":\"tr\"},{\"@type\":\"Person\",\"@id\":\"https:\\\/\\\/haberkuzey.com\\\/#\\\/schema\\\/person\\\/3372109ec735f9333f4fa47ebb9605ca\",\"name\":\"haberkuzey\",\"image\":{\"@type\":\"ImageObject\",\"inLanguage\":\"tr\",\"@id\":\"https:\\\/\\\/secure.gravatar.com\\\/avatar\\\/f5fc875574b1575324358c3b9e6a32b8227aa5b74f3fa22e3cadb63e26fcc39c?s=96&d=mm&r=g\",\"url\":\"https:\\\/\\\/secure.gravatar.com\\\/avatar\\\/f5fc875574b1575324358c3b9e6a32b8227aa5b74f3fa22e3cadb63e26fcc39c?s=96&d=mm&r=g\",\"contentUrl\":\"https:\\\/\\\/secure.gravatar.com\\\/avatar\\\/f5fc875574b1575324358c3b9e6a32b8227aa5b74f3fa22e3cadb63e26fcc39c?s=96&d=mm&r=g\",\"caption\":\"haberkuzey\"},\"sameAs\":[\"https:\\\/\\\/haberkuzey.com\"],\"url\":\"https:\\\/\\\/haberkuzey.com\\\/index.php\\\/author\\\/haberkuzey\\\/\"}]}<\/script>\n<!-- \/ Yoast SEO plugin. -->","yoast_head_json":{"title":"Kolombiya, ABD&#039;nin olas\u0131 sald\u0131r\u0131s\u0131na kar\u015f\u0131 egemenli\u011fi askeri yollarla savunacaklar\u0131 mesaj\u0131 verdi - Haber Kuzey","robots":{"index":"index","follow":"follow","max-snippet":"max-snippet:-1","max-image-preview":"max-image-preview:large","max-video-preview":"max-video-preview:-1"},"canonical":"https:\/\/haberkuzey.com\/index.php\/2026\/01\/07\/kolombiya-abdnin-olasi-saldirisina-karsi-egemenligi-askeri-yollarla-savunacaklari-mesaji-verdi\/","og_locale":"tr_TR","og_type":"article","og_title":"Kolombiya, ABD&#039;nin olas\u0131 sald\u0131r\u0131s\u0131na kar\u015f\u0131 egemenli\u011fi askeri yollarla savunacaklar\u0131 mesaj\u0131 verdi - Haber Kuzey","og_description":"&#13; El Tiempo internet sitesinin haberine g\u00f6re, Villavicencio, d\u00fczenledi\u011fi bas\u0131n toplant\u0131s\u0131nda, Trump&#8217;\u0131n &#8220;Kolombiya operasyonu kula\u011fa ho\u015f geliyor.&#8221; ifadesine ili\u015fkin a\u00e7\u0131klamalarda bulundu. &#13; Villavicencio, &#8220;ABD&#8217;nin \u00fclkemize y\u00f6nelik olas\u0131 sald\u0131r\u0131s\u0131 konusunda, egemenli\u011fimizi savunma noktas\u0131nda netiz. Bunun i\u00e7in, Cumhurba\u015fkan\u0131 Gustavo Petro&#8217;nun ba\u015fkomutanl\u0131\u011f\u0131nda, son derece haz\u0131rl\u0131kl\u0131 ve donan\u0131ml\u0131 bir ordumuz var ve bu ordunun halk\u0131m\u0131z\u0131 savunmas\u0131 gerekir.&#8221; ifadelerini kulland\u0131. [&hellip;]","og_url":"https:\/\/haberkuzey.com\/index.php\/2026\/01\/07\/kolombiya-abdnin-olasi-saldirisina-karsi-egemenligi-askeri-yollarla-savunacaklari-mesaji-verdi\/","og_site_name":"Haber Kuzey","article_published_time":"2026-01-07T08:11:53+00:00","og_image":[{"url":"https:\/\/trthaberstatic.cdn.wp.trt.com.tr\/resimler\/2320000\/2321272.jpg","type":"","width":"","height":""}],"author":"haberkuzey","twitter_card":"summary_large_image","twitter_misc":{"Yazan:":"haberkuzey","Tahmini okuma s\u00fcresi":"1 dakika"},"schema":{"@context":"https:\/\/schema.org","@graph":[{"@type":"Article","@id":"https:\/\/haberkuzey.com\/index.php\/2026\/01\/07\/kolombiya-abdnin-olasi-saldirisina-karsi-egemenligi-askeri-yollarla-savunacaklari-mesaji-verdi\/#article","isPartOf":{"@id":"https:\/\/haberkuzey.com\/index.php\/2026\/01\/07\/kolombiya-abdnin-olasi-saldirisina-karsi-egemenligi-askeri-yollarla-savunacaklari-mesaji-verdi\/"},"author":{"name":"haberkuzey","@id":"https:\/\/haberkuzey.com\/#\/schema\/person\/3372109ec735f9333f4fa47ebb9605ca"},"headline":"Kolombiya, ABD&#039;nin olas\u0131 sald\u0131r\u0131s\u0131na kar\u015f\u0131 egemenli\u011fi askeri yollarla savunacaklar\u0131 mesaj\u0131 verdi","datePublished":"2026-01-07T08:11:53+00:00","mainEntityOfPage":{"@id":"https:\/\/haberkuzey.com\/index.php\/2026\/01\/07\/kolombiya-abdnin-olasi-saldirisina-karsi-egemenligi-askeri-yollarla-savunacaklari-mesaji-verdi\/"},"wordCount":297,"commentCount":0,"image":{"@id":"https:\/\/haberkuzey.com\/index.php\/2026\/01\/07\/kolombiya-abdnin-olasi-saldirisina-karsi-egemenligi-askeri-yollarla-savunacaklari-mesaji-verdi\/#primaryimage"},"thumbnailUrl":"https:\/\/haberkuzey.com\/wp-content\/uploads\/2025\/10\/2321272.jpg","articleSection":["D\u00fcnya"],"inLanguage":"tr","potentialAction":[{"@type":"CommentAction","name":"Comment","target":["https:\/\/haberkuzey.com\/index.php\/2026\/01\/07\/kolombiya-abdnin-olasi-saldirisina-karsi-egemenligi-askeri-yollarla-savunacaklari-mesaji-verdi\/#respond"]}]},{"@type":"WebPage","@id":"https:\/\/haberkuzey.com\/index.php\/2026\/01\/07\/kolombiya-abdnin-olasi-saldirisina-karsi-egemenligi-askeri-yollarla-savunacaklari-mesaji-verdi\/","url":"https:\/\/haberkuzey.com\/index.php\/2026\/01\/07\/kolombiya-abdnin-olasi-saldirisina-karsi-egemenligi-askeri-yollarla-savunacaklari-mesaji-verdi\/","name":"Kolombiya, ABD&#039;nin olas\u0131 sald\u0131r\u0131s\u0131na kar\u015f\u0131 egemenli\u011fi askeri yollarla savunacaklar\u0131 mesaj\u0131 verdi - Haber Kuzey","isPartOf":{"@id":"https:\/\/haberkuzey.com\/#website"},"primaryImageOfPage":{"@id":"https:\/\/haberkuzey.com\/index.php\/2026\/01\/07\/kolombiya-abdnin-olasi-saldirisina-karsi-egemenligi-askeri-yollarla-savunacaklari-mesaji-verdi\/#primaryimage"},"image":{"@id":"https:\/\/haberkuzey.com\/index.php\/2026\/01\/07\/kolombiya-abdnin-olasi-saldirisina-karsi-egemenligi-askeri-yollarla-savunacaklari-mesaji-verdi\/#primaryimage"},"thumbnailUrl":"https:\/\/haberkuzey.com\/wp-content\/uploads\/2025\/10\/2321272.jpg","datePublished":"2026-01-07T08:11:53+00:00","author":{"@id":"https:\/\/haberkuzey.com\/#\/schema\/person\/3372109ec735f9333f4fa47ebb9605ca"},"breadcrumb":{"@id":"https:\/\/haberkuzey.com\/index.php\/2026\/01\/07\/kolombiya-abdnin-olasi-saldirisina-karsi-egemenligi-askeri-yollarla-savunacaklari-mesaji-verdi\/#breadcrumb"},"inLanguage":"tr","potentialAction":[{"@type":"ReadAction","target":["https:\/\/haberkuzey.com\/index.php\/2026\/01\/07\/kolombiya-abdnin-olasi-saldirisina-karsi-egemenligi-askeri-yollarla-savunacaklari-mesaji-verdi\/"]}]},{"@type":"ImageObject","inLanguage":"tr","@id":"https:\/\/haberkuzey.com\/index.php\/2026\/01\/07\/kolombiya-abdnin-olasi-saldirisina-karsi-egemenligi-askeri-yollarla-savunacaklari-mesaji-verdi\/#primaryimage","url":"https:\/\/haberkuzey.com\/wp-content\/uploads\/2025\/10\/2321272.jpg","contentUrl":"https:\/\/haberkuzey.com\/wp-content\/uploads\/2025\/10\/2321272.jpg","width":1280,"height":720},{"@type":"BreadcrumbList","@id":"https:\/\/haberkuzey.com\/index.php\/2026\/01\/07\/kolombiya-abdnin-olasi-saldirisina-karsi-egemenligi-askeri-yollarla-savunacaklari-mesaji-verdi\/#breadcrumb","itemListElement":[{"@type":"ListItem","position":1,"name":"Anasayfa","item":"https:\/\/haberkuzey.com\/"},{"@type":"ListItem","position":2,"name":"Kolombiya, ABD&#039;nin olas\u0131 sald\u0131r\u0131s\u0131na kar\u015f\u0131 egemenli\u011fi askeri yollarla savunacaklar\u0131 mesaj\u0131 verdi"}]},{"@type":"WebSite","@id":"https:\/\/haberkuzey.com\/#website","url":"https:\/\/haberkuzey.com\/","name":"Haber Kuzey","description":"Do\u011fru Haberin Adresi","potentialAction":[{"@type":"SearchAction","target":{"@type":"EntryPoint","urlTemplate":"https:\/\/haberkuzey.com\/?s={search_term_string}"},"query-input":{"@type":"PropertyValueSpecification","valueRequired":true,"valueName":"search_term_string"}}],"inLanguage":"tr"},{"@type":"Person","@id":"https:\/\/haberkuzey.com\/#\/schema\/person\/3372109ec735f9333f4fa47ebb9605ca","name":"haberkuzey","image":{"@type":"ImageObject","inLanguage":"tr","@id":"https:\/\/secure.gravatar.com\/avatar\/f5fc875574b1575324358c3b9e6a32b8227aa5b74f3fa22e3cadb63e26fcc39c?s=96&d=mm&r=g","url":"https:\/\/secure.gravatar.com\/avatar\/f5fc875574b1575324358c3b9e6a32b8227aa5b74f3fa22e3cadb63e26fcc39c?s=96&d=mm&r=g","contentUrl":"https:\/\/secure.gravatar.com\/avatar\/f5fc875574b1575324358c3b9e6a32b8227aa5b74f3fa22e3cadb63e26fcc39c?s=96&d=mm&r=g","caption":"haberkuzey"},"sameAs":["https:\/\/haberkuzey.com"],"url":"https:\/\/haberkuzey.com\/index.php\/author\/haberkuzey\/"}]}},"_links":{"self":[{"href":"https:\/\/haberkuzey.com\/index.php\/wp-json\/wp\/v2\/posts\/33486","targetHints":{"allow":["GET"]}}],"collection":[{"href":"https:\/\/haberkuzey.com\/index.php\/wp-json\/wp\/v2\/posts"}],"about":[{"href":"https:\/\/haberkuzey.com\/index.php\/wp-json\/wp\/v2\/types\/post"}],"author":[{"embeddable":true,"href":"https:\/\/haberkuzey.com\/index.php\/wp-json\/wp\/v2\/users\/1"}],"replies":[{"embeddable":true,"href":"https:\/\/haberkuzey.com\/index.php\/wp-json\/wp\/v2\/comments?post=33486"}],"version-history":[{"count":0,"href":"https:\/\/haberkuzey.com\/index.php\/wp-json\/wp\/v2\/posts\/33486\/revisions"}],"wp:featuredmedia":[{"embeddable":true,"href":"https:\/\/haberkuzey.com\/index.php\/wp-json\/wp\/v2\/media\/30198"}],"wp:attachment":[{"href":"https:\/\/haberkuzey.com\/index.php\/wp-json\/wp\/v2\/media?parent=33486"}],"wp:term":[{"taxonomy":"category","embeddable":true,"href":"https:\/\/haberkuzey.com\/index.php\/wp-json\/wp\/v2\/categories?post=33486"},{"taxonomy":"post_tag","embeddable":true,"href":"https:\/\/haberkuzey.com\/index.php\/wp-json\/wp\/v2\/tags?post=33486"}],"curies":[{"name":"wp","href":"https:\/\/api.w.org\/{rel}","templated":true}]}}