{"id":333,"date":"2024-04-25T02:50:10","date_gmt":"2024-04-24T23:50:10","guid":{"rendered":"https:\/\/kuzeyinsesi.com\/index.php\/2024\/04\/25\/bm-gazzeye-deniz-koridoruyla-yardim-kara-yolundan-yardimin-yerine-gecemez\/"},"modified":"2024-04-25T02:50:10","modified_gmt":"2024-04-24T23:50:10","slug":"bm-gazzeye-deniz-koridoruyla-yardim-kara-yolundan-yardimin-yerine-gecemez","status":"publish","type":"post","link":"https:\/\/haberkuzey.com\/index.php\/2024\/04\/25\/bm-gazzeye-deniz-koridoruyla-yardim-kara-yolundan-yardimin-yerine-gecemez\/","title":{"rendered":"BM: Gazze&#039;ye deniz koridoruyla yard\u0131m, kara yolundan yard\u0131m\u0131n yerine ge\u00e7emez"},"content":{"rendered":"<p><\/p>\n<div>\n<p>&#13;<br \/>\n\t<a href=\"https:\/\/www.trthaber.com\/etiket\/birlesmis-milletler\/\" target=\"_blank\" rel=\"noopener\">Birle\u015fmi\u015f Milletler<\/a> (BM) <a href=\"https:\/\/www.trthaber.com\/etiket\/gazze\/\" target=\"_blank\" rel=\"noopener\">Gazze<\/a> K\u0131demli \u0130nsani Yard\u0131m ve Yeniden Yap\u0131lanma Koordinat\u00f6r\u00fc Sigrid Kaag, New York&#8217;taki BM binas\u0131nda gazetecilerin sorular\u0131n\u0131 yan\u0131tlad\u0131.<\/p>\n<p>&#13;<br \/>\n\tEn ba\u015f\u0131ndan beri Gazze&#8217;ye insani yard\u0131mlar i\u00e7in kara yolunun \u00f6nemine vurgu yapt\u0131klar\u0131n\u0131 an\u0131msatan Kaag, &#8220;B\u00fct\u00fcn olay kara yoluyla yard\u0131mla ilgili. Kara yolu daha h\u0131zl\u0131, daha az maliyetli ve daha kolay. Bu nedenle \u00e7abalar\u0131m\u0131z\u0131 kara yoluyla yard\u0131ma odaklamaya devam etmeliyiz.&#8221; dedi.<\/p>\n<p>&#13;<br \/>\n\tKaag, &#8220;Gazze&#8217;ye deniz koridoruyla yard\u0131m, kara yolundan yard\u0131m\u0131n yerine ge\u00e7emez.&#8221; diyerek, deniz yoluyla yard\u0131m\u0131n sadece ilave destek sa\u011flayabilece\u011fini dile getirdi.<\/p>\n<p>&#13;<br \/>\n\tDeniz koridoruyla yard\u0131m\u0131n G\u00fcney K\u0131br\u0131s Rum Y\u00f6netimi&#8217;nden gelecek \u00fcr\u00fcnlerin g\u00fcvenlik denetiminden ge\u00e7tikten sonra <a href=\"https:\/\/www.trthaber.com\/etiket\/abd\/\" target=\"_blank\" rel=\"noopener\">ABD<\/a> taraf\u0131ndan in\u015fa edilen iskeleye gelece\u011fini belirten Kaag, buradan da\u011f\u0131t\u0131m\u0131n \u00f6ng\u00f6r\u00fcld\u00fc\u011f\u00fcn\u00fc aktard\u0131.<\/p>\n<p>&#13;<br \/>\n\tKaag, BM&#8217;nin bu projeye dahil olmas\u0131 i\u00e7in baz\u0131 \u00f6n ko\u015fullar \u00f6ne s\u00fcrd\u00fc\u011f\u00fcn\u00fc kaydederek, bunlar\u0131n aras\u0131nda i\u015flevsel bir uyar\u0131 sistemi, Gazze&#8217;nin t\u00fcm\u00fcne yard\u0131m da\u011f\u0131tabilme kabiliyeti, operasyonlara dair \u00f6zg\u00fcr <a href=\"https:\/\/www.trthaber.com\/etiket\/secim\/\" target=\"_blank\" rel=\"noopener\">se\u00e7im<\/a> hakk\u0131 ve <a href=\"https:\/\/www.trthaber.com\/etiket\/israil\/\" target=\"_blank\" rel=\"noopener\">\u0130srail<\/a> ordusuyla gerekli mesafenin sa\u011flanmas\u0131 oldu\u011funu dile getirdi.<\/p>\n<p>&#13;<br \/>\n\tKoordinat\u00f6r Kaag, nihai hedefin Gazze&#8217;deki insanlara s\u00fcrekli olarak ula\u015fabilmek oldu\u011funu ifade etti.<\/p>\n<\/p><\/div>\n","protected":false},"excerpt":{"rendered":"<p>&#13; Birle\u015fmi\u015f Milletler (BM) Gazze K\u0131demli \u0130nsani Yard\u0131m ve Yeniden Yap\u0131lanma Koordinat\u00f6r\u00fc Sigrid Kaag, New York&#8217;taki BM binas\u0131nda gazetecilerin sorular\u0131n\u0131 yan\u0131tlad\u0131. &#13; En ba\u015f\u0131ndan beri Gazze&#8217;ye insani yard\u0131mlar i\u00e7in kara yolunun \u00f6nemine vurgu yapt\u0131klar\u0131n\u0131 an\u0131msatan Kaag, &#8220;B\u00fct\u00fcn olay kara yoluyla yard\u0131mla ilgili. Kara yolu daha h\u0131zl\u0131, daha az maliyetli ve daha kolay. Bu nedenle \u00e7abalar\u0131m\u0131z\u0131 [&hellip;]<\/p>\n","protected":false},"author":1,"featured_media":334,"comment_status":"open","ping_status":"open","sticky":false,"template":"","format":"standard","meta":{"jnews-multi-image_gallery":[],"jnews_single_post":[],"jnews_primary_category":[],"footnotes":""},"categories":[2],"tags":[],"class_list":["post-333","post","type-post","status-publish","format-standard","has-post-thumbnail","hentry","category-dunya"],"yoast_head":"<!-- This site is optimized with the Yoast SEO plugin v27.5 - https:\/\/yoast.com\/product\/yoast-seo-wordpress\/ -->\n<title>BM: Gazze&#039;ye deniz koridoruyla yard\u0131m, kara yolundan yard\u0131m\u0131n yerine ge\u00e7emez - Haber Kuzey<\/title>\n<meta name=\"robots\" content=\"index, follow, max-snippet:-1, max-image-preview:large, max-video-preview:-1\" \/>\n<link rel=\"canonical\" href=\"https:\/\/haberkuzey.com\/index.php\/2024\/04\/25\/bm-gazzeye-deniz-koridoruyla-yardim-kara-yolundan-yardimin-yerine-gecemez\/\" \/>\n<meta property=\"og:locale\" content=\"tr_TR\" \/>\n<meta property=\"og:type\" content=\"article\" \/>\n<meta property=\"og:title\" content=\"BM: Gazze&#039;ye deniz koridoruyla yard\u0131m, kara yolundan yard\u0131m\u0131n yerine ge\u00e7emez - Haber Kuzey\" \/>\n<meta property=\"og:description\" content=\"&#013; Birle\u015fmi\u015f Milletler (BM) Gazze K\u0131demli \u0130nsani Yard\u0131m ve Yeniden Yap\u0131lanma Koordinat\u00f6r\u00fc Sigrid Kaag, New York&#8217;taki BM binas\u0131nda gazetecilerin sorular\u0131n\u0131 yan\u0131tlad\u0131. &#013; En ba\u015f\u0131ndan beri Gazze&#8217;ye insani yard\u0131mlar i\u00e7in kara yolunun \u00f6nemine vurgu yapt\u0131klar\u0131n\u0131 an\u0131msatan Kaag, &#8220;B\u00fct\u00fcn olay kara yoluyla yard\u0131mla ilgili. Kara yolu daha h\u0131zl\u0131, daha az maliyetli ve daha kolay. Bu nedenle \u00e7abalar\u0131m\u0131z\u0131 [&hellip;]\" \/>\n<meta property=\"og:url\" content=\"https:\/\/haberkuzey.com\/index.php\/2024\/04\/25\/bm-gazzeye-deniz-koridoruyla-yardim-kara-yolundan-yardimin-yerine-gecemez\/\" \/>\n<meta property=\"og:site_name\" content=\"Haber Kuzey\" \/>\n<meta property=\"article:published_time\" content=\"2024-04-24T23:50:10+00:00\" \/>\n<meta property=\"og:image\" content=\"https:\/\/haberkuzey.com\/wp-content\/uploads\/2024\/04\/gazze-yardimaa-2219263.jpg\" \/>\n\t<meta property=\"og:image:width\" content=\"1280\" \/>\n\t<meta property=\"og:image:height\" content=\"720\" \/>\n\t<meta property=\"og:image:type\" content=\"image\/jpeg\" \/>\n<meta name=\"author\" content=\"haberkuzey\" \/>\n<meta name=\"twitter:card\" content=\"summary_large_image\" \/>\n<meta name=\"twitter:label1\" content=\"Yazan:\" \/>\n\t<meta name=\"twitter:data1\" content=\"haberkuzey\" \/>\n\t<meta name=\"twitter:label2\" content=\"Tahmini okuma s\u00fcresi\" \/>\n\t<meta name=\"twitter:data2\" content=\"1 dakika\" \/>\n<script type=\"application\/ld+json\" class=\"yoast-schema-graph\">{\"@context\":\"https:\\\/\\\/schema.org\",\"@graph\":[{\"@type\":\"Article\",\"@id\":\"https:\\\/\\\/haberkuzey.com\\\/index.php\\\/2024\\\/04\\\/25\\\/bm-gazzeye-deniz-koridoruyla-yardim-kara-yolundan-yardimin-yerine-gecemez\\\/#article\",\"isPartOf\":{\"@id\":\"https:\\\/\\\/haberkuzey.com\\\/index.php\\\/2024\\\/04\\\/25\\\/bm-gazzeye-deniz-koridoruyla-yardim-kara-yolundan-yardimin-yerine-gecemez\\\/\"},\"author\":{\"name\":\"haberkuzey\",\"@id\":\"https:\\\/\\\/haberkuzey.com\\\/#\\\/schema\\\/person\\\/3372109ec735f9333f4fa47ebb9605ca\"},\"headline\":\"BM: Gazze&#039;ye deniz koridoruyla yard\u0131m, kara yolundan yard\u0131m\u0131n yerine ge\u00e7emez\",\"datePublished\":\"2024-04-24T23:50:10+00:00\",\"mainEntityOfPage\":{\"@id\":\"https:\\\/\\\/haberkuzey.com\\\/index.php\\\/2024\\\/04\\\/25\\\/bm-gazzeye-deniz-koridoruyla-yardim-kara-yolundan-yardimin-yerine-gecemez\\\/\"},\"wordCount\":243,\"commentCount\":0,\"image\":{\"@id\":\"https:\\\/\\\/haberkuzey.com\\\/index.php\\\/2024\\\/04\\\/25\\\/bm-gazzeye-deniz-koridoruyla-yardim-kara-yolundan-yardimin-yerine-gecemez\\\/#primaryimage\"},\"thumbnailUrl\":\"https:\\\/\\\/haberkuzey.com\\\/wp-content\\\/uploads\\\/2024\\\/04\\\/gazze-yardimaa-2219263.jpg\",\"articleSection\":[\"D\u00fcnya\"],\"inLanguage\":\"tr\",\"potentialAction\":[{\"@type\":\"CommentAction\",\"name\":\"Comment\",\"target\":[\"https:\\\/\\\/haberkuzey.com\\\/index.php\\\/2024\\\/04\\\/25\\\/bm-gazzeye-deniz-koridoruyla-yardim-kara-yolundan-yardimin-yerine-gecemez\\\/#respond\"]}]},{\"@type\":\"WebPage\",\"@id\":\"https:\\\/\\\/haberkuzey.com\\\/index.php\\\/2024\\\/04\\\/25\\\/bm-gazzeye-deniz-koridoruyla-yardim-kara-yolundan-yardimin-yerine-gecemez\\\/\",\"url\":\"https:\\\/\\\/haberkuzey.com\\\/index.php\\\/2024\\\/04\\\/25\\\/bm-gazzeye-deniz-koridoruyla-yardim-kara-yolundan-yardimin-yerine-gecemez\\\/\",\"name\":\"BM: Gazze&#039;ye deniz koridoruyla yard\u0131m, kara yolundan yard\u0131m\u0131n yerine ge\u00e7emez - Haber Kuzey\",\"isPartOf\":{\"@id\":\"https:\\\/\\\/haberkuzey.com\\\/#website\"},\"primaryImageOfPage\":{\"@id\":\"https:\\\/\\\/haberkuzey.com\\\/index.php\\\/2024\\\/04\\\/25\\\/bm-gazzeye-deniz-koridoruyla-yardim-kara-yolundan-yardimin-yerine-gecemez\\\/#primaryimage\"},\"image\":{\"@id\":\"https:\\\/\\\/haberkuzey.com\\\/index.php\\\/2024\\\/04\\\/25\\\/bm-gazzeye-deniz-koridoruyla-yardim-kara-yolundan-yardimin-yerine-gecemez\\\/#primaryimage\"},\"thumbnailUrl\":\"https:\\\/\\\/haberkuzey.com\\\/wp-content\\\/uploads\\\/2024\\\/04\\\/gazze-yardimaa-2219263.jpg\",\"datePublished\":\"2024-04-24T23:50:10+00:00\",\"author\":{\"@id\":\"https:\\\/\\\/haberkuzey.com\\\/#\\\/schema\\\/person\\\/3372109ec735f9333f4fa47ebb9605ca\"},\"breadcrumb\":{\"@id\":\"https:\\\/\\\/haberkuzey.com\\\/index.php\\\/2024\\\/04\\\/25\\\/bm-gazzeye-deniz-koridoruyla-yardim-kara-yolundan-yardimin-yerine-gecemez\\\/#breadcrumb\"},\"inLanguage\":\"tr\",\"potentialAction\":[{\"@type\":\"ReadAction\",\"target\":[\"https:\\\/\\\/haberkuzey.com\\\/index.php\\\/2024\\\/04\\\/25\\\/bm-gazzeye-deniz-koridoruyla-yardim-kara-yolundan-yardimin-yerine-gecemez\\\/\"]}]},{\"@type\":\"ImageObject\",\"inLanguage\":\"tr\",\"@id\":\"https:\\\/\\\/haberkuzey.com\\\/index.php\\\/2024\\\/04\\\/25\\\/bm-gazzeye-deniz-koridoruyla-yardim-kara-yolundan-yardimin-yerine-gecemez\\\/#primaryimage\",\"url\":\"https:\\\/\\\/haberkuzey.com\\\/wp-content\\\/uploads\\\/2024\\\/04\\\/gazze-yardimaa-2219263.jpg\",\"contentUrl\":\"https:\\\/\\\/haberkuzey.com\\\/wp-content\\\/uploads\\\/2024\\\/04\\\/gazze-yardimaa-2219263.jpg\",\"width\":1280,\"height\":720},{\"@type\":\"BreadcrumbList\",\"@id\":\"https:\\\/\\\/haberkuzey.com\\\/index.php\\\/2024\\\/04\\\/25\\\/bm-gazzeye-deniz-koridoruyla-yardim-kara-yolundan-yardimin-yerine-gecemez\\\/#breadcrumb\",\"itemListElement\":[{\"@type\":\"ListItem\",\"position\":1,\"name\":\"Anasayfa\",\"item\":\"https:\\\/\\\/haberkuzey.com\\\/\"},{\"@type\":\"ListItem\",\"position\":2,\"name\":\"BM: Gazze&#039;ye deniz koridoruyla yard\u0131m, kara yolundan yard\u0131m\u0131n yerine ge\u00e7emez\"}]},{\"@type\":\"WebSite\",\"@id\":\"https:\\\/\\\/haberkuzey.com\\\/#website\",\"url\":\"https:\\\/\\\/haberkuzey.com\\\/\",\"name\":\"Haber Kuzey\",\"description\":\"Do\u011fru Haberin Adresi\",\"potentialAction\":[{\"@type\":\"SearchAction\",\"target\":{\"@type\":\"EntryPoint\",\"urlTemplate\":\"https:\\\/\\\/haberkuzey.com\\\/?s={search_term_string}\"},\"query-input\":{\"@type\":\"PropertyValueSpecification\",\"valueRequired\":true,\"valueName\":\"search_term_string\"}}],\"inLanguage\":\"tr\"},{\"@type\":\"Person\",\"@id\":\"https:\\\/\\\/haberkuzey.com\\\/#\\\/schema\\\/person\\\/3372109ec735f9333f4fa47ebb9605ca\",\"name\":\"haberkuzey\",\"image\":{\"@type\":\"ImageObject\",\"inLanguage\":\"tr\",\"@id\":\"https:\\\/\\\/secure.gravatar.com\\\/avatar\\\/f5fc875574b1575324358c3b9e6a32b8227aa5b74f3fa22e3cadb63e26fcc39c?s=96&d=mm&r=g\",\"url\":\"https:\\\/\\\/secure.gravatar.com\\\/avatar\\\/f5fc875574b1575324358c3b9e6a32b8227aa5b74f3fa22e3cadb63e26fcc39c?s=96&d=mm&r=g\",\"contentUrl\":\"https:\\\/\\\/secure.gravatar.com\\\/avatar\\\/f5fc875574b1575324358c3b9e6a32b8227aa5b74f3fa22e3cadb63e26fcc39c?s=96&d=mm&r=g\",\"caption\":\"haberkuzey\"},\"sameAs\":[\"https:\\\/\\\/haberkuzey.com\"],\"url\":\"https:\\\/\\\/haberkuzey.com\\\/index.php\\\/author\\\/haberkuzey\\\/\"}]}<\/script>\n<!-- \/ Yoast SEO plugin. -->","yoast_head_json":{"title":"BM: Gazze&#039;ye deniz koridoruyla yard\u0131m, kara yolundan yard\u0131m\u0131n yerine ge\u00e7emez - Haber Kuzey","robots":{"index":"index","follow":"follow","max-snippet":"max-snippet:-1","max-image-preview":"max-image-preview:large","max-video-preview":"max-video-preview:-1"},"canonical":"https:\/\/haberkuzey.com\/index.php\/2024\/04\/25\/bm-gazzeye-deniz-koridoruyla-yardim-kara-yolundan-yardimin-yerine-gecemez\/","og_locale":"tr_TR","og_type":"article","og_title":"BM: Gazze&#039;ye deniz koridoruyla yard\u0131m, kara yolundan yard\u0131m\u0131n yerine ge\u00e7emez - Haber Kuzey","og_description":"&#13; Birle\u015fmi\u015f Milletler (BM) Gazze K\u0131demli \u0130nsani Yard\u0131m ve Yeniden Yap\u0131lanma Koordinat\u00f6r\u00fc Sigrid Kaag, New York&#8217;taki BM binas\u0131nda gazetecilerin sorular\u0131n\u0131 yan\u0131tlad\u0131. &#13; En ba\u015f\u0131ndan beri Gazze&#8217;ye insani yard\u0131mlar i\u00e7in kara yolunun \u00f6nemine vurgu yapt\u0131klar\u0131n\u0131 an\u0131msatan Kaag, &#8220;B\u00fct\u00fcn olay kara yoluyla yard\u0131mla ilgili. Kara yolu daha h\u0131zl\u0131, daha az maliyetli ve daha kolay. Bu nedenle \u00e7abalar\u0131m\u0131z\u0131 [&hellip;]","og_url":"https:\/\/haberkuzey.com\/index.php\/2024\/04\/25\/bm-gazzeye-deniz-koridoruyla-yardim-kara-yolundan-yardimin-yerine-gecemez\/","og_site_name":"Haber Kuzey","article_published_time":"2024-04-24T23:50:10+00:00","og_image":[{"width":1280,"height":720,"url":"https:\/\/haberkuzey.com\/wp-content\/uploads\/2024\/04\/gazze-yardimaa-2219263.jpg","type":"image\/jpeg"}],"author":"haberkuzey","twitter_card":"summary_large_image","twitter_misc":{"Yazan:":"haberkuzey","Tahmini okuma s\u00fcresi":"1 dakika"},"schema":{"@context":"https:\/\/schema.org","@graph":[{"@type":"Article","@id":"https:\/\/haberkuzey.com\/index.php\/2024\/04\/25\/bm-gazzeye-deniz-koridoruyla-yardim-kara-yolundan-yardimin-yerine-gecemez\/#article","isPartOf":{"@id":"https:\/\/haberkuzey.com\/index.php\/2024\/04\/25\/bm-gazzeye-deniz-koridoruyla-yardim-kara-yolundan-yardimin-yerine-gecemez\/"},"author":{"name":"haberkuzey","@id":"https:\/\/haberkuzey.com\/#\/schema\/person\/3372109ec735f9333f4fa47ebb9605ca"},"headline":"BM: Gazze&#039;ye deniz koridoruyla yard\u0131m, kara yolundan yard\u0131m\u0131n yerine ge\u00e7emez","datePublished":"2024-04-24T23:50:10+00:00","mainEntityOfPage":{"@id":"https:\/\/haberkuzey.com\/index.php\/2024\/04\/25\/bm-gazzeye-deniz-koridoruyla-yardim-kara-yolundan-yardimin-yerine-gecemez\/"},"wordCount":243,"commentCount":0,"image":{"@id":"https:\/\/haberkuzey.com\/index.php\/2024\/04\/25\/bm-gazzeye-deniz-koridoruyla-yardim-kara-yolundan-yardimin-yerine-gecemez\/#primaryimage"},"thumbnailUrl":"https:\/\/haberkuzey.com\/wp-content\/uploads\/2024\/04\/gazze-yardimaa-2219263.jpg","articleSection":["D\u00fcnya"],"inLanguage":"tr","potentialAction":[{"@type":"CommentAction","name":"Comment","target":["https:\/\/haberkuzey.com\/index.php\/2024\/04\/25\/bm-gazzeye-deniz-koridoruyla-yardim-kara-yolundan-yardimin-yerine-gecemez\/#respond"]}]},{"@type":"WebPage","@id":"https:\/\/haberkuzey.com\/index.php\/2024\/04\/25\/bm-gazzeye-deniz-koridoruyla-yardim-kara-yolundan-yardimin-yerine-gecemez\/","url":"https:\/\/haberkuzey.com\/index.php\/2024\/04\/25\/bm-gazzeye-deniz-koridoruyla-yardim-kara-yolundan-yardimin-yerine-gecemez\/","name":"BM: Gazze&#039;ye deniz koridoruyla yard\u0131m, kara yolundan yard\u0131m\u0131n yerine ge\u00e7emez - Haber Kuzey","isPartOf":{"@id":"https:\/\/haberkuzey.com\/#website"},"primaryImageOfPage":{"@id":"https:\/\/haberkuzey.com\/index.php\/2024\/04\/25\/bm-gazzeye-deniz-koridoruyla-yardim-kara-yolundan-yardimin-yerine-gecemez\/#primaryimage"},"image":{"@id":"https:\/\/haberkuzey.com\/index.php\/2024\/04\/25\/bm-gazzeye-deniz-koridoruyla-yardim-kara-yolundan-yardimin-yerine-gecemez\/#primaryimage"},"thumbnailUrl":"https:\/\/haberkuzey.com\/wp-content\/uploads\/2024\/04\/gazze-yardimaa-2219263.jpg","datePublished":"2024-04-24T23:50:10+00:00","author":{"@id":"https:\/\/haberkuzey.com\/#\/schema\/person\/3372109ec735f9333f4fa47ebb9605ca"},"breadcrumb":{"@id":"https:\/\/haberkuzey.com\/index.php\/2024\/04\/25\/bm-gazzeye-deniz-koridoruyla-yardim-kara-yolundan-yardimin-yerine-gecemez\/#breadcrumb"},"inLanguage":"tr","potentialAction":[{"@type":"ReadAction","target":["https:\/\/haberkuzey.com\/index.php\/2024\/04\/25\/bm-gazzeye-deniz-koridoruyla-yardim-kara-yolundan-yardimin-yerine-gecemez\/"]}]},{"@type":"ImageObject","inLanguage":"tr","@id":"https:\/\/haberkuzey.com\/index.php\/2024\/04\/25\/bm-gazzeye-deniz-koridoruyla-yardim-kara-yolundan-yardimin-yerine-gecemez\/#primaryimage","url":"https:\/\/haberkuzey.com\/wp-content\/uploads\/2024\/04\/gazze-yardimaa-2219263.jpg","contentUrl":"https:\/\/haberkuzey.com\/wp-content\/uploads\/2024\/04\/gazze-yardimaa-2219263.jpg","width":1280,"height":720},{"@type":"BreadcrumbList","@id":"https:\/\/haberkuzey.com\/index.php\/2024\/04\/25\/bm-gazzeye-deniz-koridoruyla-yardim-kara-yolundan-yardimin-yerine-gecemez\/#breadcrumb","itemListElement":[{"@type":"ListItem","position":1,"name":"Anasayfa","item":"https:\/\/haberkuzey.com\/"},{"@type":"ListItem","position":2,"name":"BM: Gazze&#039;ye deniz koridoruyla yard\u0131m, kara yolundan yard\u0131m\u0131n yerine ge\u00e7emez"}]},{"@type":"WebSite","@id":"https:\/\/haberkuzey.com\/#website","url":"https:\/\/haberkuzey.com\/","name":"Haber Kuzey","description":"Do\u011fru Haberin Adresi","potentialAction":[{"@type":"SearchAction","target":{"@type":"EntryPoint","urlTemplate":"https:\/\/haberkuzey.com\/?s={search_term_string}"},"query-input":{"@type":"PropertyValueSpecification","valueRequired":true,"valueName":"search_term_string"}}],"inLanguage":"tr"},{"@type":"Person","@id":"https:\/\/haberkuzey.com\/#\/schema\/person\/3372109ec735f9333f4fa47ebb9605ca","name":"haberkuzey","image":{"@type":"ImageObject","inLanguage":"tr","@id":"https:\/\/secure.gravatar.com\/avatar\/f5fc875574b1575324358c3b9e6a32b8227aa5b74f3fa22e3cadb63e26fcc39c?s=96&d=mm&r=g","url":"https:\/\/secure.gravatar.com\/avatar\/f5fc875574b1575324358c3b9e6a32b8227aa5b74f3fa22e3cadb63e26fcc39c?s=96&d=mm&r=g","contentUrl":"https:\/\/secure.gravatar.com\/avatar\/f5fc875574b1575324358c3b9e6a32b8227aa5b74f3fa22e3cadb63e26fcc39c?s=96&d=mm&r=g","caption":"haberkuzey"},"sameAs":["https:\/\/haberkuzey.com"],"url":"https:\/\/haberkuzey.com\/index.php\/author\/haberkuzey\/"}]}},"_links":{"self":[{"href":"https:\/\/haberkuzey.com\/index.php\/wp-json\/wp\/v2\/posts\/333","targetHints":{"allow":["GET"]}}],"collection":[{"href":"https:\/\/haberkuzey.com\/index.php\/wp-json\/wp\/v2\/posts"}],"about":[{"href":"https:\/\/haberkuzey.com\/index.php\/wp-json\/wp\/v2\/types\/post"}],"author":[{"embeddable":true,"href":"https:\/\/haberkuzey.com\/index.php\/wp-json\/wp\/v2\/users\/1"}],"replies":[{"embeddable":true,"href":"https:\/\/haberkuzey.com\/index.php\/wp-json\/wp\/v2\/comments?post=333"}],"version-history":[{"count":0,"href":"https:\/\/haberkuzey.com\/index.php\/wp-json\/wp\/v2\/posts\/333\/revisions"}],"wp:featuredmedia":[{"embeddable":true,"href":"https:\/\/haberkuzey.com\/index.php\/wp-json\/wp\/v2\/media\/334"}],"wp:attachment":[{"href":"https:\/\/haberkuzey.com\/index.php\/wp-json\/wp\/v2\/media?parent=333"}],"wp:term":[{"taxonomy":"category","embeddable":true,"href":"https:\/\/haberkuzey.com\/index.php\/wp-json\/wp\/v2\/categories?post=333"},{"taxonomy":"post_tag","embeddable":true,"href":"https:\/\/haberkuzey.com\/index.php\/wp-json\/wp\/v2\/tags?post=333"}],"curies":[{"name":"wp","href":"https:\/\/api.w.org\/{rel}","templated":true}]}}