{"id":31857,"date":"2025-11-18T11:16:38","date_gmt":"2025-11-18T09:16:38","guid":{"rendered":"https:\/\/haberkuzey.com\/index.php\/2025\/11\/18\/erhurman-cozum-atmosferini-bir-an-once-yaratma-yukumlulugumuz-var\/"},"modified":"2025-11-18T11:16:38","modified_gmt":"2025-11-18T09:16:38","slug":"erhurman-cozum-atmosferini-bir-an-once-yaratma-yukumlulugumuz-var","status":"publish","type":"post","link":"https:\/\/haberkuzey.com\/index.php\/2025\/11\/18\/erhurman-cozum-atmosferini-bir-an-once-yaratma-yukumlulugumuz-var\/","title":{"rendered":"Erh\u00fcrman: \u00c7\u00f6z\u00fcm atmosferini bir an \u00f6nce yaratma y\u00fck\u00fcml\u00fcl\u00fc\u011f\u00fcm\u00fcz var"},"content":{"rendered":"<div data-templates-time=\"\">\n<p>Cumhurba\u015fkan\u0131 Tufan Erh\u00fcrman, g\u00fcndeme ili\u015fkin a\u00e7\u0131klamada bulundu. Sorunlar\u0131n ne kadar birikmi\u015f, ne kadar b\u00fcy\u00fck oldu\u011funu bildiklerinin alt\u0131n\u0131 \u00e7izen Cumhurba\u015fkan\u0131 Erh\u00fcrman a\u00e7\u0131klamas\u0131nda \u015fu ifadeleri kulland\u0131:<\/p>\n<p><em><strong>\u201cCumhurba\u015fkanl\u0131\u011f\u0131 se\u00e7imleri 19 Ekim\u2019de ger\u00e7ekle\u015ftirildi. 24 Ekim\u2019de g\u00f6revi devrald\u0131m. Bu g\u00fcn 18 Kas\u0131m.<\/strong><\/em><\/p>\n<p><em><strong>Bir aya yak\u0131n yo\u011fun bir d\u00f6nemi geride b\u0131rakt\u0131k. Bizleri daha da yo\u011fun bir d\u00f6nem bekliyor.<\/strong><\/em><\/p>\n<p><em><strong>Per\u015fembe g\u00fcn\u00fc Sn. Hristodulidis ile ilk g\u00f6r\u00fc\u015fmemizi ger\u00e7ekle\u015ftirece\u011fiz. 2017 Crans Montana\u2019dan bu yana \u00e7ok s\u0131n\u0131rl\u0131 say\u0131da ve \u00e7ok s\u0131n\u0131rl\u0131 konuda temas var. Bu arada K\u0131br\u0131s sorunu ekseninde, K\u0131br\u0131s \u00e7evresinde ve b\u00f6lgede pek \u00e7ok olumsuzluk ya\u015fand\u0131. \u00c7\u00f6z\u00fcm atmosferini bir an \u00f6nce yaratma y\u00fck\u00fcml\u00fcl\u00fc\u011f\u00fc alt\u0131nday\u0131z.<\/strong><\/em><\/p>\n<p><em><strong>K\u0131br\u0131sl\u0131 T\u00fcrklerin d\u00fcnyayla kurdu\u011fu ileti\u015fimi yeniden tanzim etme, eri\u015febildi\u011fimiz t\u00fcm kesimlerle temas kurma, halk\u0131m\u0131z\u0131n \u00e7\u00f6z\u00fcm ve d\u00fcnyayla bulu\u015fma iradesini ve adadaki ger\u00e7ekleri herkese anlatma mecburiyetimiz var.<\/strong><\/em><\/p>\n<p><em><strong>Kuzey K\u0131br\u0131s T\u00fcrk Cumhuriyeti ile T\u00fcrkiye Cumhuriyeti aras\u0131ndaki sars\u0131lmaz karde\u015flik ba\u011flar\u0131 \u00e7er\u00e7evesinde iki \u00fclke aras\u0131ndaki ili\u015fkileri daha iyi bir seviyeye ta\u015f\u0131mak, \u00fclkemizi, halk\u0131m\u0131z\u0131 T\u00fcrkiye kamuoyunda daha bilinir, daha tan\u0131n\u0131r, daha anla\u015f\u0131l\u0131r k\u0131lmak, Ankara\u2019da ve K\u0131br\u0131s\u2019ta yapt\u0131\u011f\u0131m konu\u015fmalarda da s\u00f6yledi\u011fim gibi, bu d\u00f6nemde en \u00f6nemli \u00e7al\u0131\u015fma alanlar\u0131m\u0131zdan biri olacak.<\/strong><\/em><\/p>\n<p><!-- WP QUADS Content Ad Plugin v. 2.0.95 --><\/p>\n<div class=\"quads-location quads-ad46145 quads-desktop\" id=\"quads-ad46145\" style=\"float:none;text-align:center;padding:0px 0 0px 0;\" data-lazydelay=\"3000\">\n<p> <!-- WP QUADS - Quick AdSense Reloaded v.2.0.95 Content ImageBanner AD --> <\/p>\n<p>        &#13;<br \/>\n         &#13;<\/p>\n<p> <!-- end WP QUADS --> <\/p>\n<\/div>\n<p><em><strong>\u0130\u00e7eride, kapsay\u0131c\u0131 ve kat\u0131l\u0131mc\u0131 bir anlay\u0131\u015fla K\u0131br\u0131s T\u00fcrk halk\u0131n\u0131n kendi ayaklar\u0131 \u00fczerinde durmas\u0131n\u0131, kurumlar\u0131yla yeniden gurur duymas\u0131n\u0131, kamu y\u00f6netiminde liyakati ve hukukun \u00fcst\u00fcnl\u00fc\u011f\u00fcn\u00fc sa\u011flamak, \u00f6zg\u00fcrl\u00fckleri ve yurtta\u015flar\u0131n e\u015fit haklar\u0131n\u0131 korumak i\u00e7in do\u011frudan ve dolayl\u0131 katk\u0131 koymak da en \u00f6nemli g\u00f6revler aras\u0131nda yer al\u0131yor.<\/strong><\/em><\/p>\n<p><em><strong>D\u0131\u015far\u0131dan g\u00f6r\u00fcnmeyen \u00e7e\u015fitli konulardaki yo\u011fun haz\u0131rl\u0131klar dahil, t\u00fcm alanlarda e\u015f zamanl\u0131 olarak \u00e7al\u0131\u015fmaya ba\u015flad\u0131k. \u00d6n\u00fcm\u00fczde zorlu bir s\u00fcrecin oldu\u011funu ve herhangi bir alanda \u00e7ok k\u0131sa bir s\u00fcre i\u00e7erisinde sonuca ula\u015famayaca\u011f\u0131m\u0131z\u0131 biliyoruz. Takdir gibi, \u00f6neri de, ele\u015ftiri de olacak elbette.<\/strong><\/em><\/p>\n<p><em><strong>Bu halk\u0131n en \u00f6nemli hasletlerinden biri, d\u00fc\u015f\u00fcnce \u00f6zg\u00fcrl\u00fc\u011f\u00fc ve ho\u015fg\u00f6r\u00fcn\u00fcn karakterimizin bir par\u00e7as\u0131 haline gelmi\u015f olmas\u0131d\u0131r. Neyin takdir edildi\u011fini, neyin \u00f6nerildi\u011fini, neyin ele\u015ftirildi\u011fini bilmek kat\u0131l\u0131mc\u0131 demokrasi anlay\u0131\u015f\u0131 \u00e7er\u00e7evesinde Cumhurba\u015fkanl\u0131\u011f\u0131 i\u00e7in son derece \u00f6nemlidir.<\/strong><\/em><\/p>\n<p><em><strong>Daha \u00f6nce de s\u00f6yledim: \u201cBu memleketten bir \u015fey olmaz\u201d, \u201cbu memlekette hi\u00e7bir \u015fey de\u011fi\u015fmez\u201d, \u201cbiz bir \u015fey yapamay\u0131z\u201d c\u00fcmleleri l\u00fcgatimizde yok. K\u0131br\u0131s T\u00fcrk halk\u0131 bu adada ve b\u00f6lgedeki \u00f6znelerden biri. \u00d6n\u00fcm\u00fczde bir satran\u00e7 tahtas\u0131 var art\u0131k ve do\u011fru stratejiyi hep birlikte belirleyecek, uygulayaca\u011f\u0131z.<\/strong><\/em><\/p>\n<p><em><strong>En \u00f6nemlisi \u015fu: So\u011fukkanl\u0131, sab\u0131rl\u0131 ve kararl\u0131y\u0131z. Sorunlar\u0131n ne kadar birikmi\u015f, ne kadar b\u00fcy\u00fck oldu\u011funu biliyoruz. O nedenle \u00e7ok \u00e7al\u0131\u015fmak d\u00fc\u015f\u00fcyor her birimize. Ve her zamanki gibi, \u00e7ocuklar\u0131m\u0131z, gen\u00e7lerimiz i\u00e7in, halk\u0131m\u0131z i\u00e7in, hep birlikte, \u00e7ok \u00e7al\u0131\u015faca\u011f\u0131z.<\/strong><\/em><\/p>\n<p>\u00a0<\/p>\n<\/div>\n","protected":false},"excerpt":{"rendered":"<p>Cumhurba\u015fkan\u0131 Tufan Erh\u00fcrman, g\u00fcndeme ili\u015fkin a\u00e7\u0131klamada bulundu. Sorunlar\u0131n ne kadar birikmi\u015f, ne kadar b\u00fcy\u00fck oldu\u011funu bildiklerinin alt\u0131n\u0131 \u00e7izen Cumhurba\u015fkan\u0131 Erh\u00fcrman a\u00e7\u0131klamas\u0131nda \u015fu ifadeleri kulland\u0131: \u201cCumhurba\u015fkanl\u0131\u011f\u0131 se\u00e7imleri 19 Ekim\u2019de ger\u00e7ekle\u015ftirildi. 24 Ekim\u2019de g\u00f6revi devrald\u0131m. Bu g\u00fcn 18 Kas\u0131m. Bir aya yak\u0131n yo\u011fun bir d\u00f6nemi geride b\u0131rakt\u0131k. Bizleri daha da yo\u011fun bir d\u00f6nem bekliyor. Per\u015fembe g\u00fcn\u00fc Sn. [&hellip;]<\/p>\n","protected":false},"author":1,"featured_media":30821,"comment_status":"open","ping_status":"open","sticky":false,"template":"","format":"standard","meta":{"jnews-multi-image_gallery":[],"jnews_single_post":[],"jnews_primary_category":[],"footnotes":""},"categories":[1],"tags":[],"class_list":["post-31857","post","type-post","status-publish","format-standard","has-post-thumbnail","hentry","category-kibris"],"yoast_head":"<!-- This site is optimized with the Yoast SEO plugin v27.5 - https:\/\/yoast.com\/product\/yoast-seo-wordpress\/ -->\n<title>Erh\u00fcrman: \u00c7\u00f6z\u00fcm atmosferini bir an \u00f6nce yaratma y\u00fck\u00fcml\u00fcl\u00fc\u011f\u00fcm\u00fcz var - Haber Kuzey<\/title>\n<meta name=\"robots\" content=\"index, follow, max-snippet:-1, max-image-preview:large, max-video-preview:-1\" \/>\n<link rel=\"canonical\" href=\"https:\/\/haberkuzey.com\/index.php\/2025\/11\/18\/erhurman-cozum-atmosferini-bir-an-once-yaratma-yukumlulugumuz-var\/\" \/>\n<meta property=\"og:locale\" content=\"tr_TR\" \/>\n<meta property=\"og:type\" content=\"article\" \/>\n<meta property=\"og:title\" content=\"Erh\u00fcrman: \u00c7\u00f6z\u00fcm atmosferini bir an \u00f6nce yaratma y\u00fck\u00fcml\u00fcl\u00fc\u011f\u00fcm\u00fcz var - Haber Kuzey\" \/>\n<meta property=\"og:description\" content=\"Cumhurba\u015fkan\u0131 Tufan Erh\u00fcrman, g\u00fcndeme ili\u015fkin a\u00e7\u0131klamada bulundu. Sorunlar\u0131n ne kadar birikmi\u015f, ne kadar b\u00fcy\u00fck oldu\u011funu bildiklerinin alt\u0131n\u0131 \u00e7izen Cumhurba\u015fkan\u0131 Erh\u00fcrman a\u00e7\u0131klamas\u0131nda \u015fu ifadeleri kulland\u0131: \u201cCumhurba\u015fkanl\u0131\u011f\u0131 se\u00e7imleri 19 Ekim\u2019de ger\u00e7ekle\u015ftirildi. 24 Ekim\u2019de g\u00f6revi devrald\u0131m. Bu g\u00fcn 18 Kas\u0131m. Bir aya yak\u0131n yo\u011fun bir d\u00f6nemi geride b\u0131rakt\u0131k. Bizleri daha da yo\u011fun bir d\u00f6nem bekliyor. Per\u015fembe g\u00fcn\u00fc Sn. [&hellip;]\" \/>\n<meta property=\"og:url\" content=\"https:\/\/haberkuzey.com\/index.php\/2025\/11\/18\/erhurman-cozum-atmosferini-bir-an-once-yaratma-yukumlulugumuz-var\/\" \/>\n<meta property=\"og:site_name\" content=\"Haber Kuzey\" \/>\n<meta property=\"article:published_time\" content=\"2025-11-18T09:16:38+00:00\" \/>\n<meta property=\"og:image\" content=\"https:\/\/www.bimanset.com\/wp-content\/uploads\/2025\/08\/FENERCIOGLU-BANNER.gif\" \/>\n<meta name=\"author\" content=\"haberkuzey\" \/>\n<meta name=\"twitter:card\" content=\"summary_large_image\" \/>\n<meta name=\"twitter:label1\" content=\"Yazan:\" \/>\n\t<meta name=\"twitter:data1\" content=\"haberkuzey\" \/>\n\t<meta name=\"twitter:label2\" content=\"Tahmini okuma s\u00fcresi\" \/>\n\t<meta name=\"twitter:data2\" content=\"3 dakika\" \/>\n<script type=\"application\/ld+json\" class=\"yoast-schema-graph\">{\"@context\":\"https:\\\/\\\/schema.org\",\"@graph\":[{\"@type\":\"Article\",\"@id\":\"https:\\\/\\\/haberkuzey.com\\\/index.php\\\/2025\\\/11\\\/18\\\/erhurman-cozum-atmosferini-bir-an-once-yaratma-yukumlulugumuz-var\\\/#article\",\"isPartOf\":{\"@id\":\"https:\\\/\\\/haberkuzey.com\\\/index.php\\\/2025\\\/11\\\/18\\\/erhurman-cozum-atmosferini-bir-an-once-yaratma-yukumlulugumuz-var\\\/\"},\"author\":{\"name\":\"haberkuzey\",\"@id\":\"https:\\\/\\\/haberkuzey.com\\\/#\\\/schema\\\/person\\\/3372109ec735f9333f4fa47ebb9605ca\"},\"headline\":\"Erh\u00fcrman: \u00c7\u00f6z\u00fcm atmosferini bir an \u00f6nce yaratma y\u00fck\u00fcml\u00fcl\u00fc\u011f\u00fcm\u00fcz var\",\"datePublished\":\"2025-11-18T09:16:38+00:00\",\"mainEntityOfPage\":{\"@id\":\"https:\\\/\\\/haberkuzey.com\\\/index.php\\\/2025\\\/11\\\/18\\\/erhurman-cozum-atmosferini-bir-an-once-yaratma-yukumlulugumuz-var\\\/\"},\"wordCount\":583,\"commentCount\":0,\"image\":{\"@id\":\"https:\\\/\\\/haberkuzey.com\\\/index.php\\\/2025\\\/11\\\/18\\\/erhurman-cozum-atmosferini-bir-an-once-yaratma-yukumlulugumuz-var\\\/#primaryimage\"},\"thumbnailUrl\":\"https:\\\/\\\/haberkuzey.com\\\/wp-content\\\/uploads\\\/2025\\\/10\\\/Erhurman.jpeg\",\"articleSection\":[\"K\u0131br\u0131s\"],\"inLanguage\":\"tr\",\"potentialAction\":[{\"@type\":\"CommentAction\",\"name\":\"Comment\",\"target\":[\"https:\\\/\\\/haberkuzey.com\\\/index.php\\\/2025\\\/11\\\/18\\\/erhurman-cozum-atmosferini-bir-an-once-yaratma-yukumlulugumuz-var\\\/#respond\"]}]},{\"@type\":\"WebPage\",\"@id\":\"https:\\\/\\\/haberkuzey.com\\\/index.php\\\/2025\\\/11\\\/18\\\/erhurman-cozum-atmosferini-bir-an-once-yaratma-yukumlulugumuz-var\\\/\",\"url\":\"https:\\\/\\\/haberkuzey.com\\\/index.php\\\/2025\\\/11\\\/18\\\/erhurman-cozum-atmosferini-bir-an-once-yaratma-yukumlulugumuz-var\\\/\",\"name\":\"Erh\u00fcrman: \u00c7\u00f6z\u00fcm atmosferini bir an \u00f6nce yaratma y\u00fck\u00fcml\u00fcl\u00fc\u011f\u00fcm\u00fcz var - Haber Kuzey\",\"isPartOf\":{\"@id\":\"https:\\\/\\\/haberkuzey.com\\\/#website\"},\"primaryImageOfPage\":{\"@id\":\"https:\\\/\\\/haberkuzey.com\\\/index.php\\\/2025\\\/11\\\/18\\\/erhurman-cozum-atmosferini-bir-an-once-yaratma-yukumlulugumuz-var\\\/#primaryimage\"},\"image\":{\"@id\":\"https:\\\/\\\/haberkuzey.com\\\/index.php\\\/2025\\\/11\\\/18\\\/erhurman-cozum-atmosferini-bir-an-once-yaratma-yukumlulugumuz-var\\\/#primaryimage\"},\"thumbnailUrl\":\"https:\\\/\\\/haberkuzey.com\\\/wp-content\\\/uploads\\\/2025\\\/10\\\/Erhurman.jpeg\",\"datePublished\":\"2025-11-18T09:16:38+00:00\",\"author\":{\"@id\":\"https:\\\/\\\/haberkuzey.com\\\/#\\\/schema\\\/person\\\/3372109ec735f9333f4fa47ebb9605ca\"},\"breadcrumb\":{\"@id\":\"https:\\\/\\\/haberkuzey.com\\\/index.php\\\/2025\\\/11\\\/18\\\/erhurman-cozum-atmosferini-bir-an-once-yaratma-yukumlulugumuz-var\\\/#breadcrumb\"},\"inLanguage\":\"tr\",\"potentialAction\":[{\"@type\":\"ReadAction\",\"target\":[\"https:\\\/\\\/haberkuzey.com\\\/index.php\\\/2025\\\/11\\\/18\\\/erhurman-cozum-atmosferini-bir-an-once-yaratma-yukumlulugumuz-var\\\/\"]}]},{\"@type\":\"ImageObject\",\"inLanguage\":\"tr\",\"@id\":\"https:\\\/\\\/haberkuzey.com\\\/index.php\\\/2025\\\/11\\\/18\\\/erhurman-cozum-atmosferini-bir-an-once-yaratma-yukumlulugumuz-var\\\/#primaryimage\",\"url\":\"https:\\\/\\\/haberkuzey.com\\\/wp-content\\\/uploads\\\/2025\\\/10\\\/Erhurman.jpeg\",\"contentUrl\":\"https:\\\/\\\/haberkuzey.com\\\/wp-content\\\/uploads\\\/2025\\\/10\\\/Erhurman.jpeg\",\"width\":1024,\"height\":572},{\"@type\":\"BreadcrumbList\",\"@id\":\"https:\\\/\\\/haberkuzey.com\\\/index.php\\\/2025\\\/11\\\/18\\\/erhurman-cozum-atmosferini-bir-an-once-yaratma-yukumlulugumuz-var\\\/#breadcrumb\",\"itemListElement\":[{\"@type\":\"ListItem\",\"position\":1,\"name\":\"Anasayfa\",\"item\":\"https:\\\/\\\/haberkuzey.com\\\/\"},{\"@type\":\"ListItem\",\"position\":2,\"name\":\"Erh\u00fcrman: \u00c7\u00f6z\u00fcm atmosferini bir an \u00f6nce yaratma y\u00fck\u00fcml\u00fcl\u00fc\u011f\u00fcm\u00fcz var\"}]},{\"@type\":\"WebSite\",\"@id\":\"https:\\\/\\\/haberkuzey.com\\\/#website\",\"url\":\"https:\\\/\\\/haberkuzey.com\\\/\",\"name\":\"Haber Kuzey\",\"description\":\"Do\u011fru Haberin Adresi\",\"potentialAction\":[{\"@type\":\"SearchAction\",\"target\":{\"@type\":\"EntryPoint\",\"urlTemplate\":\"https:\\\/\\\/haberkuzey.com\\\/?s={search_term_string}\"},\"query-input\":{\"@type\":\"PropertyValueSpecification\",\"valueRequired\":true,\"valueName\":\"search_term_string\"}}],\"inLanguage\":\"tr\"},{\"@type\":\"Person\",\"@id\":\"https:\\\/\\\/haberkuzey.com\\\/#\\\/schema\\\/person\\\/3372109ec735f9333f4fa47ebb9605ca\",\"name\":\"haberkuzey\",\"image\":{\"@type\":\"ImageObject\",\"inLanguage\":\"tr\",\"@id\":\"https:\\\/\\\/secure.gravatar.com\\\/avatar\\\/f5fc875574b1575324358c3b9e6a32b8227aa5b74f3fa22e3cadb63e26fcc39c?s=96&d=mm&r=g\",\"url\":\"https:\\\/\\\/secure.gravatar.com\\\/avatar\\\/f5fc875574b1575324358c3b9e6a32b8227aa5b74f3fa22e3cadb63e26fcc39c?s=96&d=mm&r=g\",\"contentUrl\":\"https:\\\/\\\/secure.gravatar.com\\\/avatar\\\/f5fc875574b1575324358c3b9e6a32b8227aa5b74f3fa22e3cadb63e26fcc39c?s=96&d=mm&r=g\",\"caption\":\"haberkuzey\"},\"sameAs\":[\"https:\\\/\\\/haberkuzey.com\"],\"url\":\"https:\\\/\\\/haberkuzey.com\\\/index.php\\\/author\\\/haberkuzey\\\/\"}]}<\/script>\n<!-- \/ Yoast SEO plugin. -->","yoast_head_json":{"title":"Erh\u00fcrman: \u00c7\u00f6z\u00fcm atmosferini bir an \u00f6nce yaratma y\u00fck\u00fcml\u00fcl\u00fc\u011f\u00fcm\u00fcz var - Haber Kuzey","robots":{"index":"index","follow":"follow","max-snippet":"max-snippet:-1","max-image-preview":"max-image-preview:large","max-video-preview":"max-video-preview:-1"},"canonical":"https:\/\/haberkuzey.com\/index.php\/2025\/11\/18\/erhurman-cozum-atmosferini-bir-an-once-yaratma-yukumlulugumuz-var\/","og_locale":"tr_TR","og_type":"article","og_title":"Erh\u00fcrman: \u00c7\u00f6z\u00fcm atmosferini bir an \u00f6nce yaratma y\u00fck\u00fcml\u00fcl\u00fc\u011f\u00fcm\u00fcz var - Haber Kuzey","og_description":"Cumhurba\u015fkan\u0131 Tufan Erh\u00fcrman, g\u00fcndeme ili\u015fkin a\u00e7\u0131klamada bulundu. Sorunlar\u0131n ne kadar birikmi\u015f, ne kadar b\u00fcy\u00fck oldu\u011funu bildiklerinin alt\u0131n\u0131 \u00e7izen Cumhurba\u015fkan\u0131 Erh\u00fcrman a\u00e7\u0131klamas\u0131nda \u015fu ifadeleri kulland\u0131: \u201cCumhurba\u015fkanl\u0131\u011f\u0131 se\u00e7imleri 19 Ekim\u2019de ger\u00e7ekle\u015ftirildi. 24 Ekim\u2019de g\u00f6revi devrald\u0131m. Bu g\u00fcn 18 Kas\u0131m. Bir aya yak\u0131n yo\u011fun bir d\u00f6nemi geride b\u0131rakt\u0131k. Bizleri daha da yo\u011fun bir d\u00f6nem bekliyor. Per\u015fembe g\u00fcn\u00fc Sn. [&hellip;]","og_url":"https:\/\/haberkuzey.com\/index.php\/2025\/11\/18\/erhurman-cozum-atmosferini-bir-an-once-yaratma-yukumlulugumuz-var\/","og_site_name":"Haber Kuzey","article_published_time":"2025-11-18T09:16:38+00:00","og_image":[{"url":"https:\/\/www.bimanset.com\/wp-content\/uploads\/2025\/08\/FENERCIOGLU-BANNER.gif","type":"","width":"","height":""}],"author":"haberkuzey","twitter_card":"summary_large_image","twitter_misc":{"Yazan:":"haberkuzey","Tahmini okuma s\u00fcresi":"3 dakika"},"schema":{"@context":"https:\/\/schema.org","@graph":[{"@type":"Article","@id":"https:\/\/haberkuzey.com\/index.php\/2025\/11\/18\/erhurman-cozum-atmosferini-bir-an-once-yaratma-yukumlulugumuz-var\/#article","isPartOf":{"@id":"https:\/\/haberkuzey.com\/index.php\/2025\/11\/18\/erhurman-cozum-atmosferini-bir-an-once-yaratma-yukumlulugumuz-var\/"},"author":{"name":"haberkuzey","@id":"https:\/\/haberkuzey.com\/#\/schema\/person\/3372109ec735f9333f4fa47ebb9605ca"},"headline":"Erh\u00fcrman: \u00c7\u00f6z\u00fcm atmosferini bir an \u00f6nce yaratma y\u00fck\u00fcml\u00fcl\u00fc\u011f\u00fcm\u00fcz var","datePublished":"2025-11-18T09:16:38+00:00","mainEntityOfPage":{"@id":"https:\/\/haberkuzey.com\/index.php\/2025\/11\/18\/erhurman-cozum-atmosferini-bir-an-once-yaratma-yukumlulugumuz-var\/"},"wordCount":583,"commentCount":0,"image":{"@id":"https:\/\/haberkuzey.com\/index.php\/2025\/11\/18\/erhurman-cozum-atmosferini-bir-an-once-yaratma-yukumlulugumuz-var\/#primaryimage"},"thumbnailUrl":"https:\/\/haberkuzey.com\/wp-content\/uploads\/2025\/10\/Erhurman.jpeg","articleSection":["K\u0131br\u0131s"],"inLanguage":"tr","potentialAction":[{"@type":"CommentAction","name":"Comment","target":["https:\/\/haberkuzey.com\/index.php\/2025\/11\/18\/erhurman-cozum-atmosferini-bir-an-once-yaratma-yukumlulugumuz-var\/#respond"]}]},{"@type":"WebPage","@id":"https:\/\/haberkuzey.com\/index.php\/2025\/11\/18\/erhurman-cozum-atmosferini-bir-an-once-yaratma-yukumlulugumuz-var\/","url":"https:\/\/haberkuzey.com\/index.php\/2025\/11\/18\/erhurman-cozum-atmosferini-bir-an-once-yaratma-yukumlulugumuz-var\/","name":"Erh\u00fcrman: \u00c7\u00f6z\u00fcm atmosferini bir an \u00f6nce yaratma y\u00fck\u00fcml\u00fcl\u00fc\u011f\u00fcm\u00fcz var - Haber Kuzey","isPartOf":{"@id":"https:\/\/haberkuzey.com\/#website"},"primaryImageOfPage":{"@id":"https:\/\/haberkuzey.com\/index.php\/2025\/11\/18\/erhurman-cozum-atmosferini-bir-an-once-yaratma-yukumlulugumuz-var\/#primaryimage"},"image":{"@id":"https:\/\/haberkuzey.com\/index.php\/2025\/11\/18\/erhurman-cozum-atmosferini-bir-an-once-yaratma-yukumlulugumuz-var\/#primaryimage"},"thumbnailUrl":"https:\/\/haberkuzey.com\/wp-content\/uploads\/2025\/10\/Erhurman.jpeg","datePublished":"2025-11-18T09:16:38+00:00","author":{"@id":"https:\/\/haberkuzey.com\/#\/schema\/person\/3372109ec735f9333f4fa47ebb9605ca"},"breadcrumb":{"@id":"https:\/\/haberkuzey.com\/index.php\/2025\/11\/18\/erhurman-cozum-atmosferini-bir-an-once-yaratma-yukumlulugumuz-var\/#breadcrumb"},"inLanguage":"tr","potentialAction":[{"@type":"ReadAction","target":["https:\/\/haberkuzey.com\/index.php\/2025\/11\/18\/erhurman-cozum-atmosferini-bir-an-once-yaratma-yukumlulugumuz-var\/"]}]},{"@type":"ImageObject","inLanguage":"tr","@id":"https:\/\/haberkuzey.com\/index.php\/2025\/11\/18\/erhurman-cozum-atmosferini-bir-an-once-yaratma-yukumlulugumuz-var\/#primaryimage","url":"https:\/\/haberkuzey.com\/wp-content\/uploads\/2025\/10\/Erhurman.jpeg","contentUrl":"https:\/\/haberkuzey.com\/wp-content\/uploads\/2025\/10\/Erhurman.jpeg","width":1024,"height":572},{"@type":"BreadcrumbList","@id":"https:\/\/haberkuzey.com\/index.php\/2025\/11\/18\/erhurman-cozum-atmosferini-bir-an-once-yaratma-yukumlulugumuz-var\/#breadcrumb","itemListElement":[{"@type":"ListItem","position":1,"name":"Anasayfa","item":"https:\/\/haberkuzey.com\/"},{"@type":"ListItem","position":2,"name":"Erh\u00fcrman: \u00c7\u00f6z\u00fcm atmosferini bir an \u00f6nce yaratma y\u00fck\u00fcml\u00fcl\u00fc\u011f\u00fcm\u00fcz var"}]},{"@type":"WebSite","@id":"https:\/\/haberkuzey.com\/#website","url":"https:\/\/haberkuzey.com\/","name":"Haber Kuzey","description":"Do\u011fru Haberin Adresi","potentialAction":[{"@type":"SearchAction","target":{"@type":"EntryPoint","urlTemplate":"https:\/\/haberkuzey.com\/?s={search_term_string}"},"query-input":{"@type":"PropertyValueSpecification","valueRequired":true,"valueName":"search_term_string"}}],"inLanguage":"tr"},{"@type":"Person","@id":"https:\/\/haberkuzey.com\/#\/schema\/person\/3372109ec735f9333f4fa47ebb9605ca","name":"haberkuzey","image":{"@type":"ImageObject","inLanguage":"tr","@id":"https:\/\/secure.gravatar.com\/avatar\/f5fc875574b1575324358c3b9e6a32b8227aa5b74f3fa22e3cadb63e26fcc39c?s=96&d=mm&r=g","url":"https:\/\/secure.gravatar.com\/avatar\/f5fc875574b1575324358c3b9e6a32b8227aa5b74f3fa22e3cadb63e26fcc39c?s=96&d=mm&r=g","contentUrl":"https:\/\/secure.gravatar.com\/avatar\/f5fc875574b1575324358c3b9e6a32b8227aa5b74f3fa22e3cadb63e26fcc39c?s=96&d=mm&r=g","caption":"haberkuzey"},"sameAs":["https:\/\/haberkuzey.com"],"url":"https:\/\/haberkuzey.com\/index.php\/author\/haberkuzey\/"}]}},"_links":{"self":[{"href":"https:\/\/haberkuzey.com\/index.php\/wp-json\/wp\/v2\/posts\/31857","targetHints":{"allow":["GET"]}}],"collection":[{"href":"https:\/\/haberkuzey.com\/index.php\/wp-json\/wp\/v2\/posts"}],"about":[{"href":"https:\/\/haberkuzey.com\/index.php\/wp-json\/wp\/v2\/types\/post"}],"author":[{"embeddable":true,"href":"https:\/\/haberkuzey.com\/index.php\/wp-json\/wp\/v2\/users\/1"}],"replies":[{"embeddable":true,"href":"https:\/\/haberkuzey.com\/index.php\/wp-json\/wp\/v2\/comments?post=31857"}],"version-history":[{"count":0,"href":"https:\/\/haberkuzey.com\/index.php\/wp-json\/wp\/v2\/posts\/31857\/revisions"}],"wp:featuredmedia":[{"embeddable":true,"href":"https:\/\/haberkuzey.com\/index.php\/wp-json\/wp\/v2\/media\/30821"}],"wp:attachment":[{"href":"https:\/\/haberkuzey.com\/index.php\/wp-json\/wp\/v2\/media?parent=31857"}],"wp:term":[{"taxonomy":"category","embeddable":true,"href":"https:\/\/haberkuzey.com\/index.php\/wp-json\/wp\/v2\/categories?post=31857"},{"taxonomy":"post_tag","embeddable":true,"href":"https:\/\/haberkuzey.com\/index.php\/wp-json\/wp\/v2\/tags?post=31857"}],"curies":[{"name":"wp","href":"https:\/\/api.w.org\/{rel}","templated":true}]}}