{"id":31826,"date":"2025-11-17T16:44:06","date_gmt":"2025-11-17T14:44:06","guid":{"rendered":"https:\/\/haberkuzey.com\/index.php\/2025\/11\/17\/apple-ceosu-tim-cook-halefini-ariyor\/"},"modified":"2025-11-17T16:44:06","modified_gmt":"2025-11-17T14:44:06","slug":"apple-ceosu-tim-cook-halefini-ariyor","status":"publish","type":"post","link":"https:\/\/haberkuzey.com\/index.php\/2025\/11\/17\/apple-ceosu-tim-cook-halefini-ariyor\/","title":{"rendered":"Apple CEOsu Tim Cook halefini ar\u0131yor"},"content":{"rendered":"<p><\/p>\n<div>\n<p>&#13;<br \/>\n\tFinancial Times\u2019\u0131n haberine g\u00f6re Apple y\u00f6netim kurulu ve \u00fcst d\u00fczey y\u00f6neticiler olas\u0131 bir ge\u00e7i\u015f i\u00e7in haz\u0131rl\u0131k yap\u0131yor. Cook\u2019un g\u00f6revi, \u015firketin ocak ay\u0131 sonunda a\u00e7\u0131klanacak y\u0131ll\u0131k mali sonu\u00e7lar\u0131n\u0131n ard\u0131ndan b\u0131rakabilece\u011fi iddia ediliyor.<\/p>\n<p>&#13;<br \/>\n\tTim Cook, 2011\u2019de Apple\u2019\u0131n kurucular\u0131ndan Steve Jobs\u2019un yerine CEO olarak atanm\u0131\u015ft\u0131. 65 ya\u015f\u0131ndaki Cook, 14 y\u0131ld\u0131r \u015firketin ba\u015f\u0131nda bulunuyor.<\/p>\n<p>&#13;<br \/>\n\tBu s\u00fcre\u00e7te Apple\u2019\u0131n piyasa de\u011feri 33 milyar dolardan 4 trilyon dolar seviyesine y\u00fckselerek d\u00fcnyan\u0131n en de\u011ferli \u015firketlerinden biri h\u00e2line geldi.<\/p>\n<p>&#13;<br \/>\n\tBas\u0131nda yer alan haberlere g\u00f6re Apple\u2019\u0131n Donan\u0131m M\u00fchendisli\u011finden Sorumlu K\u0131demli Ba\u015fkan Yard\u0131mc\u0131s\u0131 John Ternus, Cook\u2019un g\u00f6revden ayr\u0131lmas\u0131 durumunda CEO adaylar\u0131 aras\u0131nda \u00f6ne \u00e7\u0131k\u0131yor.<\/p>\n<p>&#13;<br \/>\n\tTim Cook\u2019un g\u00f6revden ayr\u0131laca\u011f\u0131 iddialar\u0131 daha \u00f6nce de g\u00fcndeme gelmi\u015f, ancak \u015firket taraf\u0131ndan resmi bir a\u00e7\u0131klama yap\u0131lmam\u0131\u015ft\u0131. Apple y\u00f6netimi konuya ili\u015fkin hen\u00fcz yorum yapmad\u0131.<\/p>\n<\/p><\/div>\n","protected":false},"excerpt":{"rendered":"<p>&#13; Financial Times\u2019\u0131n haberine g\u00f6re Apple y\u00f6netim kurulu ve \u00fcst d\u00fczey y\u00f6neticiler olas\u0131 bir ge\u00e7i\u015f i\u00e7in haz\u0131rl\u0131k yap\u0131yor. Cook\u2019un g\u00f6revi, \u015firketin ocak ay\u0131 sonunda a\u00e7\u0131klanacak y\u0131ll\u0131k mali sonu\u00e7lar\u0131n\u0131n ard\u0131ndan b\u0131rakabilece\u011fi iddia ediliyor. &#13; Tim Cook, 2011\u2019de Apple\u2019\u0131n kurucular\u0131ndan Steve Jobs\u2019un yerine CEO olarak atanm\u0131\u015ft\u0131. 65 ya\u015f\u0131ndaki Cook, 14 y\u0131ld\u0131r \u015firketin ba\u015f\u0131nda bulunuyor. &#13; Bu s\u00fcre\u00e7te [&hellip;]<\/p>\n","protected":false},"author":1,"featured_media":31827,"comment_status":"open","ping_status":"open","sticky":false,"template":"","format":"standard","meta":{"jnews-multi-image_gallery":[],"jnews_single_post":[],"jnews_primary_category":[],"footnotes":""},"categories":[2],"tags":[],"class_list":["post-31826","post","type-post","status-publish","format-standard","has-post-thumbnail","hentry","category-dunya"],"yoast_head":"<!-- This site is optimized with the Yoast SEO plugin v27.5 - https:\/\/yoast.com\/product\/yoast-seo-wordpress\/ -->\n<title>Apple CEOsu Tim Cook halefini ar\u0131yor - Haber Kuzey<\/title>\n<meta name=\"robots\" content=\"index, follow, max-snippet:-1, max-image-preview:large, max-video-preview:-1\" \/>\n<link rel=\"canonical\" href=\"https:\/\/haberkuzey.com\/index.php\/2025\/11\/17\/apple-ceosu-tim-cook-halefini-ariyor\/\" \/>\n<meta property=\"og:locale\" content=\"tr_TR\" \/>\n<meta property=\"og:type\" content=\"article\" \/>\n<meta property=\"og:title\" content=\"Apple CEOsu Tim Cook halefini ar\u0131yor - Haber Kuzey\" \/>\n<meta property=\"og:description\" content=\"&#013; Financial Times\u2019\u0131n haberine g\u00f6re Apple y\u00f6netim kurulu ve \u00fcst d\u00fczey y\u00f6neticiler olas\u0131 bir ge\u00e7i\u015f i\u00e7in haz\u0131rl\u0131k yap\u0131yor. Cook\u2019un g\u00f6revi, \u015firketin ocak ay\u0131 sonunda a\u00e7\u0131klanacak y\u0131ll\u0131k mali sonu\u00e7lar\u0131n\u0131n ard\u0131ndan b\u0131rakabilece\u011fi iddia ediliyor. &#013; Tim Cook, 2011\u2019de Apple\u2019\u0131n kurucular\u0131ndan Steve Jobs\u2019un yerine CEO olarak atanm\u0131\u015ft\u0131. 65 ya\u015f\u0131ndaki Cook, 14 y\u0131ld\u0131r \u015firketin ba\u015f\u0131nda bulunuyor. &#013; Bu s\u00fcre\u00e7te [&hellip;]\" \/>\n<meta property=\"og:url\" content=\"https:\/\/haberkuzey.com\/index.php\/2025\/11\/17\/apple-ceosu-tim-cook-halefini-ariyor\/\" \/>\n<meta property=\"og:site_name\" content=\"Haber Kuzey\" \/>\n<meta property=\"article:published_time\" content=\"2025-11-17T14:44:06+00:00\" \/>\n<meta property=\"og:image\" content=\"https:\/\/trthaberstatic.cdn.wp.trt.com.tr\/resimler\/1772000\/apple-tim-cook-reu-1772313.jpg\" \/>\n<meta name=\"author\" content=\"haberkuzey\" \/>\n<meta name=\"twitter:card\" content=\"summary_large_image\" \/>\n<meta name=\"twitter:label1\" content=\"Yazan:\" \/>\n\t<meta name=\"twitter:data1\" content=\"haberkuzey\" \/>\n\t<meta name=\"twitter:label2\" content=\"Tahmini okuma s\u00fcresi\" \/>\n\t<meta name=\"twitter:data2\" content=\"1 dakika\" \/>\n<script type=\"application\/ld+json\" class=\"yoast-schema-graph\">{\"@context\":\"https:\\\/\\\/schema.org\",\"@graph\":[{\"@type\":\"Article\",\"@id\":\"https:\\\/\\\/haberkuzey.com\\\/index.php\\\/2025\\\/11\\\/17\\\/apple-ceosu-tim-cook-halefini-ariyor\\\/#article\",\"isPartOf\":{\"@id\":\"https:\\\/\\\/haberkuzey.com\\\/index.php\\\/2025\\\/11\\\/17\\\/apple-ceosu-tim-cook-halefini-ariyor\\\/\"},\"author\":{\"name\":\"haberkuzey\",\"@id\":\"https:\\\/\\\/haberkuzey.com\\\/#\\\/schema\\\/person\\\/3372109ec735f9333f4fa47ebb9605ca\"},\"headline\":\"Apple CEOsu Tim Cook halefini ar\u0131yor\",\"datePublished\":\"2025-11-17T14:44:06+00:00\",\"mainEntityOfPage\":{\"@id\":\"https:\\\/\\\/haberkuzey.com\\\/index.php\\\/2025\\\/11\\\/17\\\/apple-ceosu-tim-cook-halefini-ariyor\\\/\"},\"wordCount\":184,\"commentCount\":0,\"image\":{\"@id\":\"https:\\\/\\\/haberkuzey.com\\\/index.php\\\/2025\\\/11\\\/17\\\/apple-ceosu-tim-cook-halefini-ariyor\\\/#primaryimage\"},\"thumbnailUrl\":\"https:\\\/\\\/haberkuzey.com\\\/wp-content\\\/uploads\\\/2025\\\/11\\\/apple-tim-cook-reu-1772313.jpg\",\"articleSection\":[\"D\u00fcnya\"],\"inLanguage\":\"tr\",\"potentialAction\":[{\"@type\":\"CommentAction\",\"name\":\"Comment\",\"target\":[\"https:\\\/\\\/haberkuzey.com\\\/index.php\\\/2025\\\/11\\\/17\\\/apple-ceosu-tim-cook-halefini-ariyor\\\/#respond\"]}]},{\"@type\":\"WebPage\",\"@id\":\"https:\\\/\\\/haberkuzey.com\\\/index.php\\\/2025\\\/11\\\/17\\\/apple-ceosu-tim-cook-halefini-ariyor\\\/\",\"url\":\"https:\\\/\\\/haberkuzey.com\\\/index.php\\\/2025\\\/11\\\/17\\\/apple-ceosu-tim-cook-halefini-ariyor\\\/\",\"name\":\"Apple CEOsu Tim Cook halefini ar\u0131yor - Haber Kuzey\",\"isPartOf\":{\"@id\":\"https:\\\/\\\/haberkuzey.com\\\/#website\"},\"primaryImageOfPage\":{\"@id\":\"https:\\\/\\\/haberkuzey.com\\\/index.php\\\/2025\\\/11\\\/17\\\/apple-ceosu-tim-cook-halefini-ariyor\\\/#primaryimage\"},\"image\":{\"@id\":\"https:\\\/\\\/haberkuzey.com\\\/index.php\\\/2025\\\/11\\\/17\\\/apple-ceosu-tim-cook-halefini-ariyor\\\/#primaryimage\"},\"thumbnailUrl\":\"https:\\\/\\\/haberkuzey.com\\\/wp-content\\\/uploads\\\/2025\\\/11\\\/apple-tim-cook-reu-1772313.jpg\",\"datePublished\":\"2025-11-17T14:44:06+00:00\",\"author\":{\"@id\":\"https:\\\/\\\/haberkuzey.com\\\/#\\\/schema\\\/person\\\/3372109ec735f9333f4fa47ebb9605ca\"},\"breadcrumb\":{\"@id\":\"https:\\\/\\\/haberkuzey.com\\\/index.php\\\/2025\\\/11\\\/17\\\/apple-ceosu-tim-cook-halefini-ariyor\\\/#breadcrumb\"},\"inLanguage\":\"tr\",\"potentialAction\":[{\"@type\":\"ReadAction\",\"target\":[\"https:\\\/\\\/haberkuzey.com\\\/index.php\\\/2025\\\/11\\\/17\\\/apple-ceosu-tim-cook-halefini-ariyor\\\/\"]}]},{\"@type\":\"ImageObject\",\"inLanguage\":\"tr\",\"@id\":\"https:\\\/\\\/haberkuzey.com\\\/index.php\\\/2025\\\/11\\\/17\\\/apple-ceosu-tim-cook-halefini-ariyor\\\/#primaryimage\",\"url\":\"https:\\\/\\\/haberkuzey.com\\\/wp-content\\\/uploads\\\/2025\\\/11\\\/apple-tim-cook-reu-1772313.jpg\",\"contentUrl\":\"https:\\\/\\\/haberkuzey.com\\\/wp-content\\\/uploads\\\/2025\\\/11\\\/apple-tim-cook-reu-1772313.jpg\",\"width\":1280,\"height\":720},{\"@type\":\"BreadcrumbList\",\"@id\":\"https:\\\/\\\/haberkuzey.com\\\/index.php\\\/2025\\\/11\\\/17\\\/apple-ceosu-tim-cook-halefini-ariyor\\\/#breadcrumb\",\"itemListElement\":[{\"@type\":\"ListItem\",\"position\":1,\"name\":\"Anasayfa\",\"item\":\"https:\\\/\\\/haberkuzey.com\\\/\"},{\"@type\":\"ListItem\",\"position\":2,\"name\":\"Apple CEOsu Tim Cook halefini ar\u0131yor\"}]},{\"@type\":\"WebSite\",\"@id\":\"https:\\\/\\\/haberkuzey.com\\\/#website\",\"url\":\"https:\\\/\\\/haberkuzey.com\\\/\",\"name\":\"Haber Kuzey\",\"description\":\"Do\u011fru Haberin Adresi\",\"potentialAction\":[{\"@type\":\"SearchAction\",\"target\":{\"@type\":\"EntryPoint\",\"urlTemplate\":\"https:\\\/\\\/haberkuzey.com\\\/?s={search_term_string}\"},\"query-input\":{\"@type\":\"PropertyValueSpecification\",\"valueRequired\":true,\"valueName\":\"search_term_string\"}}],\"inLanguage\":\"tr\"},{\"@type\":\"Person\",\"@id\":\"https:\\\/\\\/haberkuzey.com\\\/#\\\/schema\\\/person\\\/3372109ec735f9333f4fa47ebb9605ca\",\"name\":\"haberkuzey\",\"image\":{\"@type\":\"ImageObject\",\"inLanguage\":\"tr\",\"@id\":\"https:\\\/\\\/secure.gravatar.com\\\/avatar\\\/f5fc875574b1575324358c3b9e6a32b8227aa5b74f3fa22e3cadb63e26fcc39c?s=96&d=mm&r=g\",\"url\":\"https:\\\/\\\/secure.gravatar.com\\\/avatar\\\/f5fc875574b1575324358c3b9e6a32b8227aa5b74f3fa22e3cadb63e26fcc39c?s=96&d=mm&r=g\",\"contentUrl\":\"https:\\\/\\\/secure.gravatar.com\\\/avatar\\\/f5fc875574b1575324358c3b9e6a32b8227aa5b74f3fa22e3cadb63e26fcc39c?s=96&d=mm&r=g\",\"caption\":\"haberkuzey\"},\"sameAs\":[\"https:\\\/\\\/haberkuzey.com\"],\"url\":\"https:\\\/\\\/haberkuzey.com\\\/index.php\\\/author\\\/haberkuzey\\\/\"}]}<\/script>\n<!-- \/ Yoast SEO plugin. -->","yoast_head_json":{"title":"Apple CEOsu Tim Cook halefini ar\u0131yor - Haber Kuzey","robots":{"index":"index","follow":"follow","max-snippet":"max-snippet:-1","max-image-preview":"max-image-preview:large","max-video-preview":"max-video-preview:-1"},"canonical":"https:\/\/haberkuzey.com\/index.php\/2025\/11\/17\/apple-ceosu-tim-cook-halefini-ariyor\/","og_locale":"tr_TR","og_type":"article","og_title":"Apple CEOsu Tim Cook halefini ar\u0131yor - Haber Kuzey","og_description":"&#13; Financial Times\u2019\u0131n haberine g\u00f6re Apple y\u00f6netim kurulu ve \u00fcst d\u00fczey y\u00f6neticiler olas\u0131 bir ge\u00e7i\u015f i\u00e7in haz\u0131rl\u0131k yap\u0131yor. Cook\u2019un g\u00f6revi, \u015firketin ocak ay\u0131 sonunda a\u00e7\u0131klanacak y\u0131ll\u0131k mali sonu\u00e7lar\u0131n\u0131n ard\u0131ndan b\u0131rakabilece\u011fi iddia ediliyor. &#13; Tim Cook, 2011\u2019de Apple\u2019\u0131n kurucular\u0131ndan Steve Jobs\u2019un yerine CEO olarak atanm\u0131\u015ft\u0131. 65 ya\u015f\u0131ndaki Cook, 14 y\u0131ld\u0131r \u015firketin ba\u015f\u0131nda bulunuyor. &#13; Bu s\u00fcre\u00e7te [&hellip;]","og_url":"https:\/\/haberkuzey.com\/index.php\/2025\/11\/17\/apple-ceosu-tim-cook-halefini-ariyor\/","og_site_name":"Haber Kuzey","article_published_time":"2025-11-17T14:44:06+00:00","og_image":[{"url":"https:\/\/trthaberstatic.cdn.wp.trt.com.tr\/resimler\/1772000\/apple-tim-cook-reu-1772313.jpg","type":"","width":"","height":""}],"author":"haberkuzey","twitter_card":"summary_large_image","twitter_misc":{"Yazan:":"haberkuzey","Tahmini okuma s\u00fcresi":"1 dakika"},"schema":{"@context":"https:\/\/schema.org","@graph":[{"@type":"Article","@id":"https:\/\/haberkuzey.com\/index.php\/2025\/11\/17\/apple-ceosu-tim-cook-halefini-ariyor\/#article","isPartOf":{"@id":"https:\/\/haberkuzey.com\/index.php\/2025\/11\/17\/apple-ceosu-tim-cook-halefini-ariyor\/"},"author":{"name":"haberkuzey","@id":"https:\/\/haberkuzey.com\/#\/schema\/person\/3372109ec735f9333f4fa47ebb9605ca"},"headline":"Apple CEOsu Tim Cook halefini ar\u0131yor","datePublished":"2025-11-17T14:44:06+00:00","mainEntityOfPage":{"@id":"https:\/\/haberkuzey.com\/index.php\/2025\/11\/17\/apple-ceosu-tim-cook-halefini-ariyor\/"},"wordCount":184,"commentCount":0,"image":{"@id":"https:\/\/haberkuzey.com\/index.php\/2025\/11\/17\/apple-ceosu-tim-cook-halefini-ariyor\/#primaryimage"},"thumbnailUrl":"https:\/\/haberkuzey.com\/wp-content\/uploads\/2025\/11\/apple-tim-cook-reu-1772313.jpg","articleSection":["D\u00fcnya"],"inLanguage":"tr","potentialAction":[{"@type":"CommentAction","name":"Comment","target":["https:\/\/haberkuzey.com\/index.php\/2025\/11\/17\/apple-ceosu-tim-cook-halefini-ariyor\/#respond"]}]},{"@type":"WebPage","@id":"https:\/\/haberkuzey.com\/index.php\/2025\/11\/17\/apple-ceosu-tim-cook-halefini-ariyor\/","url":"https:\/\/haberkuzey.com\/index.php\/2025\/11\/17\/apple-ceosu-tim-cook-halefini-ariyor\/","name":"Apple CEOsu Tim Cook halefini ar\u0131yor - Haber Kuzey","isPartOf":{"@id":"https:\/\/haberkuzey.com\/#website"},"primaryImageOfPage":{"@id":"https:\/\/haberkuzey.com\/index.php\/2025\/11\/17\/apple-ceosu-tim-cook-halefini-ariyor\/#primaryimage"},"image":{"@id":"https:\/\/haberkuzey.com\/index.php\/2025\/11\/17\/apple-ceosu-tim-cook-halefini-ariyor\/#primaryimage"},"thumbnailUrl":"https:\/\/haberkuzey.com\/wp-content\/uploads\/2025\/11\/apple-tim-cook-reu-1772313.jpg","datePublished":"2025-11-17T14:44:06+00:00","author":{"@id":"https:\/\/haberkuzey.com\/#\/schema\/person\/3372109ec735f9333f4fa47ebb9605ca"},"breadcrumb":{"@id":"https:\/\/haberkuzey.com\/index.php\/2025\/11\/17\/apple-ceosu-tim-cook-halefini-ariyor\/#breadcrumb"},"inLanguage":"tr","potentialAction":[{"@type":"ReadAction","target":["https:\/\/haberkuzey.com\/index.php\/2025\/11\/17\/apple-ceosu-tim-cook-halefini-ariyor\/"]}]},{"@type":"ImageObject","inLanguage":"tr","@id":"https:\/\/haberkuzey.com\/index.php\/2025\/11\/17\/apple-ceosu-tim-cook-halefini-ariyor\/#primaryimage","url":"https:\/\/haberkuzey.com\/wp-content\/uploads\/2025\/11\/apple-tim-cook-reu-1772313.jpg","contentUrl":"https:\/\/haberkuzey.com\/wp-content\/uploads\/2025\/11\/apple-tim-cook-reu-1772313.jpg","width":1280,"height":720},{"@type":"BreadcrumbList","@id":"https:\/\/haberkuzey.com\/index.php\/2025\/11\/17\/apple-ceosu-tim-cook-halefini-ariyor\/#breadcrumb","itemListElement":[{"@type":"ListItem","position":1,"name":"Anasayfa","item":"https:\/\/haberkuzey.com\/"},{"@type":"ListItem","position":2,"name":"Apple CEOsu Tim Cook halefini ar\u0131yor"}]},{"@type":"WebSite","@id":"https:\/\/haberkuzey.com\/#website","url":"https:\/\/haberkuzey.com\/","name":"Haber Kuzey","description":"Do\u011fru Haberin Adresi","potentialAction":[{"@type":"SearchAction","target":{"@type":"EntryPoint","urlTemplate":"https:\/\/haberkuzey.com\/?s={search_term_string}"},"query-input":{"@type":"PropertyValueSpecification","valueRequired":true,"valueName":"search_term_string"}}],"inLanguage":"tr"},{"@type":"Person","@id":"https:\/\/haberkuzey.com\/#\/schema\/person\/3372109ec735f9333f4fa47ebb9605ca","name":"haberkuzey","image":{"@type":"ImageObject","inLanguage":"tr","@id":"https:\/\/secure.gravatar.com\/avatar\/f5fc875574b1575324358c3b9e6a32b8227aa5b74f3fa22e3cadb63e26fcc39c?s=96&d=mm&r=g","url":"https:\/\/secure.gravatar.com\/avatar\/f5fc875574b1575324358c3b9e6a32b8227aa5b74f3fa22e3cadb63e26fcc39c?s=96&d=mm&r=g","contentUrl":"https:\/\/secure.gravatar.com\/avatar\/f5fc875574b1575324358c3b9e6a32b8227aa5b74f3fa22e3cadb63e26fcc39c?s=96&d=mm&r=g","caption":"haberkuzey"},"sameAs":["https:\/\/haberkuzey.com"],"url":"https:\/\/haberkuzey.com\/index.php\/author\/haberkuzey\/"}]}},"_links":{"self":[{"href":"https:\/\/haberkuzey.com\/index.php\/wp-json\/wp\/v2\/posts\/31826","targetHints":{"allow":["GET"]}}],"collection":[{"href":"https:\/\/haberkuzey.com\/index.php\/wp-json\/wp\/v2\/posts"}],"about":[{"href":"https:\/\/haberkuzey.com\/index.php\/wp-json\/wp\/v2\/types\/post"}],"author":[{"embeddable":true,"href":"https:\/\/haberkuzey.com\/index.php\/wp-json\/wp\/v2\/users\/1"}],"replies":[{"embeddable":true,"href":"https:\/\/haberkuzey.com\/index.php\/wp-json\/wp\/v2\/comments?post=31826"}],"version-history":[{"count":0,"href":"https:\/\/haberkuzey.com\/index.php\/wp-json\/wp\/v2\/posts\/31826\/revisions"}],"wp:featuredmedia":[{"embeddable":true,"href":"https:\/\/haberkuzey.com\/index.php\/wp-json\/wp\/v2\/media\/31827"}],"wp:attachment":[{"href":"https:\/\/haberkuzey.com\/index.php\/wp-json\/wp\/v2\/media?parent=31826"}],"wp:term":[{"taxonomy":"category","embeddable":true,"href":"https:\/\/haberkuzey.com\/index.php\/wp-json\/wp\/v2\/categories?post=31826"},{"taxonomy":"post_tag","embeddable":true,"href":"https:\/\/haberkuzey.com\/index.php\/wp-json\/wp\/v2\/tags?post=31826"}],"curies":[{"name":"wp","href":"https:\/\/api.w.org\/{rel}","templated":true}]}}