{"id":31244,"date":"2025-11-02T22:02:36","date_gmt":"2025-11-02T20:02:36","guid":{"rendered":"https:\/\/haberkuzey.com\/index.php\/2025\/11\/02\/derbide-kazanan-fenerbahce\/"},"modified":"2025-11-02T22:02:36","modified_gmt":"2025-11-02T20:02:36","slug":"derbide-kazanan-fenerbahce","status":"publish","type":"post","link":"https:\/\/haberkuzey.com\/index.php\/2025\/11\/02\/derbide-kazanan-fenerbahce\/","title":{"rendered":"Derbide kazanan Fenerbah\u00e7e"},"content":{"rendered":"<p><\/p>\n<div>\n<p>&#13;<br \/>\n\tT\u00fcpra\u015f Stad\u0131&#8217;ndaki m\u00fccadeleye tutuk ba\u015flayan sar\u0131-lacivertli tak\u0131m 5. dakikada El Bilal Toure&#8217;nin gol\u00fcyle 1-0 geriye d\u00fc\u015ferken 22. dakikada kalesinde bir gol daha g\u00f6rd\u00fc. Emirhan Top\u00e7u&#8217;nun sgol\u00fcyle fark 2&#8217;ye \u00e7\u0131karken, siyah-beyazl\u0131 ekipte Orkun K\u00f6k\u00e7\u00fc, 26. dakikada direkt k\u0131rm\u0131z\u0131 kartla oyun d\u0131\u015f\u0131nda kald\u0131.<\/p>\n<p>&#13;<br \/>\n\tRakibinin 10 ki\u015fi kalmas\u0131yla bask\u0131l\u0131 futbol oynamaya ba\u015flayan Fenerbah\u00e7e, 32. dakikada \u0130smail Y\u00fcksek&#8217;le fark\u0131 1&#8217;e indirdi.<\/p>\n<p>&#13;<br \/>\n\t\u0130lk yar\u0131n\u0131n uzatma dakikalar\u0131nda Semedo&#8217;nun pas\u0131nda topla bulu\u015fan Asensio, ceza sahas\u0131 \u00e7izgisi \u00fczerinden sert bir vuru\u015fla skora denge getiren isim oldu.<\/p>\n<p>&#13;<br \/>\n\tM\u00fcsabakan\u0131n ikinci yar\u0131s\u0131na Nene-Talisca de\u011fi\u015fikli\u011fiyle ba\u015flayan Fenerbah\u00e7e, buna kar\u015f\u0131n h\u00fccumda istedi\u011fi etkiyi olu\u015fturamad\u0131.<\/p>\n<p><\/p>\n<p>&#13;<br \/>\n\tSar\u0131-lacivertli tak\u0131m arad\u0131\u011f\u0131 gol\u00fc 83. dakikada buldu. Emirhan Top\u00e7u&#8217;nun uzakla\u015ft\u0131rmak istedi\u011fi me\u015fin yuvarla\u011fa kayarak m\u00fcdahale eden Jhon Duran, d\u00f6nen topu \u00f6n\u00fcnde bulurken bekletmeden sert bir vuru\u015fla tak\u0131m\u0131n\u0131 \u00f6ne ge\u00e7irdi.<\/p>\n<p>&#13;<br \/>\n\tFenerbah\u00e7e, Be\u015fikta\u015f deplasman\u0131nda 2-0 geriye d\u00fc\u015ft\u00fc\u011f\u00fc m\u00fccadeleden 3-2&#8217;lik galibiyetle ayr\u0131larak puan\u0131n\u0131 25&#8217;e y\u00fckseltti.<\/p>\n<p>&#13;<br \/>\n\tLigde nama\u011flup \u015fekilde yoluna devam eden sar\u0131-lacivertli tak\u0131m, lider Galatasaray&#8217;la aras\u0131ndaki puan fark\u0131n\u0131 da 4&#8217;e indirdi.<\/p>\n<h2>&#13;<br \/>\n\tFenerbah\u00e7e&#8217;nin Be\u015fikta\u015f&#8217;a att\u0131\u011f\u0131 500 gol \u0130smail Y\u00fcksek&#8217;ten<\/h2>\n<p>&#13;<br \/>\n\tBe\u015fikta\u015f deplasman\u0131nda 32. dakikada fark\u0131 1&#8217;e indirerek skoru 2-1 yapan Fenerbah\u00e7e&#8217;de gol\u00fc atan \u0130smail Y\u00fcksek, sar\u0131-lacivertlilerin tarihte Be\u015fikta\u015f ile oynad\u0131\u011f\u0131 ma\u00e7larda kaydetti\u011fi 500. gole imzas\u0131n\u0131 att\u0131.<\/p>\n<p>&#13;<br \/>\n\tBe\u015fikta\u015f ile bug\u00fcne kadar kar\u015f\u0131la\u015ft\u0131\u011f\u0131 361 ma\u00e7ta 499 gol kaydeden Fenerbah\u00e7e, 500. gol\u00fcn\u00fc 362. ma\u00e7ta milli futbolcusunun aya\u011f\u0131ndan buldu.<\/p>\n<h2>&#13;<br \/>\n\t\u0130smail Y\u00fcksek, S\u00fcper Lig kariyerindeki ilk gol\u00fcn\u00fc Be\u015fikta\u015f&#8217;a att\u0131<\/h2>\n<p>&#13;<br \/>\n\tFenerbah\u00e7e&#8217;nin milli futbolcusu \u0130smail Y\u00fcksek, Be\u015fikta\u015f kar\u015f\u0131s\u0131nda 32. dakikada skoru 2-1&#8217;e getiren isim olurken, S\u00fcper Lig kariyerindeki ilk gol\u00fcn\u00fc de kaydetmi\u015f oldu.<\/p>\n<p>&#13;<br \/>\n\tFenerbah\u00e7e formas\u0131yla daha \u00f6nce 2022-2023 sezonunda UEFA Avrupa Ligi Elemeleri&#8217;nde ve 2023-2024 sezonunda UEFA Konferans Ligi Elemeleri&#8217;nde gol sevinci ya\u015fayan milli futbolcu, S\u00fcper Lig&#8217;deki ilk gol\u00fcn\u00fc derbide atmay\u0131 ba\u015fard\u0131.<\/p>\n<p><img decoding=\"async\" alt=\"Derbide kazanan Fenerbah\u00e7e\" src=\"https:\/\/www.trthaber.com\/dosyalar\/images\/AA-39596255.jpg\"\/><\/p>\n<h2>&#13;<br \/>\n\tAsensio ligdeki 3. gol\u00fcn\u00fc att\u0131<\/h2>\n<p>&#13;<br \/>\n\tFenerbah\u00e7e&#8217;nin \u0130spanyol oyuncusu Marco Asensio, Be\u015fikta\u015f kar\u015f\u0131s\u0131nda skoru 2-2&#8217;ye getiren isim olurken, bu sezon ligdeki 3. gol\u00fcn\u00fc kaydetti.<\/p>\n<p>&#13;<br \/>\n\tM\u00fccadelenin 45+2. dakikas\u0131nda Semedo&#8217;nun pas\u0131nda Ndidi&#8217;den s\u0131yr\u0131l\u0131p sert bir vuru\u015fla topu filelere g\u00f6nderen \u0130spanyol oyuncu, Kas\u0131mpa\u015fa ve Fatih Karag\u00fcmr\u00fck ma\u00e7lar\u0131n\u0131n ard\u0131ndan derbi ma\u00e7ta da gol sevinci ya\u015famay\u0131 ba\u015fard\u0131.<\/p>\n<h2>&#13;<br \/>\n\tFenerbah\u00e7e bu sezon ilk kez ilk devrede 2 gol yedi<\/h2>\n<p>&#13;<br \/>\n\tBe\u015fikta\u015f kar\u015f\u0131s\u0131nda 5. dakikada El Bilal Toure, 22. dakikada da Emirhan Top\u00e7u&#8217;nun golleriyle 2-0 geriye d\u00fc\u015fen Fenerbah\u00e7e, bu sezon S\u00fcper Lig&#8217;de \u00e7\u0131kt\u0131\u011f\u0131 ma\u00e7larda ilk kez ilk yar\u0131larda kalesinde 2 gol g\u00f6rd\u00fc.<\/p>\n<p>&#13;<br \/>\n\tLigde yaln\u0131zca i\u00e7 sahada oynad\u0131\u011f\u0131 Corendon Alanyaspor kar\u015f\u0131la\u015fmas\u0131nda 2 gol yiyen sar\u0131-lacivertli tak\u0131m, bu gollerin birini ilk yar\u0131da, di\u011ferini ise kar\u015f\u0131la\u015fman\u0131n uzatma anlar\u0131nda kalesinde g\u00f6rm\u00fc\u015ft\u00fc.<\/p>\n<p><img decoding=\"async\" alt=\"Derbide kazanan Fenerbah\u00e7e\" src=\"https:\/\/www.trthaber.com\/dosyalar\/images\/AA-39596449.jpg\"\/><\/p>\n<h2>&#13;<br \/>\n\tSar\u0131-lacivertliler bu sezonki en erken gol\u00fcn\u00fc yedi<\/h2>\n<p>&#13;<br \/>\n\tBe\u015fikta\u015f derbisinde 5. dakikada El Bilal Toure&#8217;nin gol\u00fcyle 1-0 geriye d\u00fc\u015fen Fenerbah\u00e7e, bu sezon S\u00fcper Lig ve Avrupa ma\u00e7lar\u0131ndaki en erken gol\u00fc yedi.<\/p>\n<p>&#13;<br \/>\n\tSar\u0131-lacivertli ekip bu sezon ligde oynad\u0131\u011f\u0131 10 m\u00fccadelede kalesinde 8 gol g\u00f6r\u00fcrken, bu gollerin yaln\u0131zca 2&#8217;sini ilk yar\u0131larda filelerinden \u00e7\u0131karm\u0131\u015ft\u0131.<\/p>\n<p>&#13;<br \/>\n\tCorendon Alanyaspor m\u00fccadelesinde 18. dakikada, Kocaelispor kar\u015f\u0131la\u015fmas\u0131nda ise 22. dakikada gol yiyen Fenerbah\u00e7e, bu sezonun erken gol\u00fcn\u00fc Be\u015fikta\u015f&#8217;tan yedi.<\/p>\n<h2>&#13;<br \/>\n\tJhon Duran ligde 8 ma\u00e7 sonra sahaya \u00e7\u0131kt\u0131<\/h2>\n<p>&#13;<br \/>\n\tFenerbah\u00e7e&#8217;nin Kolombiyal\u0131 forveti Jhon Duran, Be\u015fikta\u015f kar\u015f\u0131s\u0131nda ikinci yar\u0131da oyuna girerken, S\u00fcper Lig&#8217;de 8 ma\u00e7 sonra s\u00fcre ald\u0131.<\/p>\n<p><img decoding=\"async\" alt=\"Derbide kazanan Fenerbah\u00e7e\" src=\"https:\/\/www.trthaber.com\/dosyalar\/images\/AA-39596847.jpg\"\/><\/p>\n<p>&#13;<br \/>\n\tLigde ikinci haftada oynanan Kocaelispor m\u00fccadelesinde forma giydikten sonra sakatl\u0131\u011f\u0131 sebebiyle tak\u0131m\u0131ndan uzak kalan 21 ya\u015f\u0131ndaki futbolcu, sakatl\u0131\u011f\u0131n\u0131 atlatmas\u0131n\u0131n ard\u0131ndan UEFA Avrupa Ligi&#8217;ndeki Stuttgart m\u00fcsabakas\u0131nda oyuna sonradan dahil olmu\u015ftu.<\/p>\n<p>&#13;<br \/>\n\tStuttgart ma\u00e7\u0131n\u0131n ard\u0131ndan Gaziantep FK kar\u015f\u0131la\u015fmas\u0131nda kadroya al\u0131nan ancak forma giymeyen Jhon Duran, Be\u015fikta\u015f m\u00fcsabakas\u0131n\u0131n 66. dakikas\u0131nda Youssef En-Nesyri&#8217;nin yerine oyuna girerek ligde 8 ma\u00e7 sonra forma \u015fans\u0131 buldu.<\/p>\n<h2>&#13;<br \/>\n\tKerem ligdeki ilk sar\u0131 kart\u0131n\u0131 kul\u00fcbede g\u00f6rd\u00fc<\/h2>\n<p>&#13;<br \/>\n\tFenerbah\u00e7e&#8217;nin milli futbolcusu Kerem Akt\u00fcrko\u011flu, m\u00fccadelenin 77. dakikas\u0131nda kul\u00fcbede sar\u0131 kart g\u00f6rd\u00fc.<\/p>\n<p>&#13;<br \/>\n\tKar\u015f\u0131la\u015fman\u0131n 71. dakikas\u0131nda yerini O\u011fuz Ayd\u0131n&#8217;a b\u0131rakan Kerem Akt\u00fcrko\u011flu, Alvarez ile Rafa Silva aras\u0131nda ya\u015fanan pozisyonun ard\u0131ndan kul\u00fcbeden \u00e7\u0131karak itiraz etti\u011fi gerek\u00e7esiyle hakem Ali Y\u0131lmaz taraf\u0131ndan sar\u0131 kartla cezaland\u0131r\u0131ld\u0131.<\/p>\n<p>&#13;<br \/>\n\tBu sezon ligde 7. ma\u00e7\u0131n\u0131 oynayan 27 ya\u015f\u0131ndaki futbolcu, ilk sar\u0131 kart\u0131n\u0131 kul\u00fcbede g\u00f6rd\u00fc.<\/p>\n<p><img decoding=\"async\" alt=\"Derbide kazanan Fenerbah\u00e7e\" src=\"https:\/\/www.trthaber.com\/dosyalar\/images\/AA-39596916.jpg\"\/><\/p>\n<h2>&#13;<br \/>\n\t\u0130smail Y\u00fcksek cezal\u0131 duruma d\u00fc\u015ft\u00fc<\/h2>\n<p>&#13;<br \/>\n\tBe\u015fikta\u015f kar\u015f\u0131s\u0131nda 90+3. dakikada sar\u0131 kart g\u00f6ren \u0130smail Y\u00fcksek cezal\u0131 duruma d\u00fc\u015ft\u00fc.<\/p>\n<p>&#13;<br \/>\n\tBu sezon Trabzonspor, Samsunspor ve Gaziantep FK m\u00fccadelelerinde sar\u0131 kartla cezaland\u0131r\u0131lan milli futbolcu, Be\u015fikta\u015f kar\u015f\u0131s\u0131nda d\u00f6rd\u00fcnc\u00fc sar\u0131 kart\u0131n\u0131 g\u00f6r\u00fcrken, \u00f6n\u00fcm\u00fczdeki hafta oynanacak Zecorner Kayserispor m\u00fccadelesinde tak\u0131m\u0131n\u0131 yaln\u0131z b\u0131rakacak.<\/p>\n<\/p><\/div>\n","protected":false},"excerpt":{"rendered":"<p>&#13; T\u00fcpra\u015f Stad\u0131&#8217;ndaki m\u00fccadeleye tutuk ba\u015flayan sar\u0131-lacivertli tak\u0131m 5. dakikada El Bilal Toure&#8217;nin gol\u00fcyle 1-0 geriye d\u00fc\u015ferken 22. dakikada kalesinde bir gol daha g\u00f6rd\u00fc. Emirhan Top\u00e7u&#8217;nun sgol\u00fcyle fark 2&#8217;ye \u00e7\u0131karken, siyah-beyazl\u0131 ekipte Orkun K\u00f6k\u00e7\u00fc, 26. dakikada direkt k\u0131rm\u0131z\u0131 kartla oyun d\u0131\u015f\u0131nda kald\u0131. &#13; Rakibinin 10 ki\u015fi kalmas\u0131yla bask\u0131l\u0131 futbol oynamaya ba\u015flayan Fenerbah\u00e7e, 32. dakikada \u0130smail [&hellip;]<\/p>\n","protected":false},"author":1,"featured_media":31245,"comment_status":"open","ping_status":"open","sticky":false,"template":"","format":"standard","meta":{"jnews-multi-image_gallery":[],"jnews_single_post":[],"jnews_primary_category":[],"footnotes":""},"categories":[4],"tags":[],"class_list":["post-31244","post","type-post","status-publish","format-standard","has-post-thumbnail","hentry","category-spor"],"yoast_head":"<!-- This site is optimized with the Yoast SEO plugin v27.5 - https:\/\/yoast.com\/product\/yoast-seo-wordpress\/ -->\n<title>Derbide kazanan Fenerbah\u00e7e - Haber Kuzey<\/title>\n<meta name=\"robots\" content=\"index, follow, max-snippet:-1, max-image-preview:large, max-video-preview:-1\" \/>\n<link rel=\"canonical\" href=\"https:\/\/haberkuzey.com\/index.php\/2025\/11\/02\/derbide-kazanan-fenerbahce\/\" \/>\n<meta property=\"og:locale\" content=\"tr_TR\" \/>\n<meta property=\"og:type\" content=\"article\" \/>\n<meta property=\"og:title\" content=\"Derbide kazanan Fenerbah\u00e7e - Haber Kuzey\" \/>\n<meta property=\"og:description\" content=\"&#013; T\u00fcpra\u015f Stad\u0131&#8217;ndaki m\u00fccadeleye tutuk ba\u015flayan sar\u0131-lacivertli tak\u0131m 5. dakikada El Bilal Toure&#8217;nin gol\u00fcyle 1-0 geriye d\u00fc\u015ferken 22. dakikada kalesinde bir gol daha g\u00f6rd\u00fc. Emirhan Top\u00e7u&#8217;nun sgol\u00fcyle fark 2&#8217;ye \u00e7\u0131karken, siyah-beyazl\u0131 ekipte Orkun K\u00f6k\u00e7\u00fc, 26. dakikada direkt k\u0131rm\u0131z\u0131 kartla oyun d\u0131\u015f\u0131nda kald\u0131. &#013; Rakibinin 10 ki\u015fi kalmas\u0131yla bask\u0131l\u0131 futbol oynamaya ba\u015flayan Fenerbah\u00e7e, 32. dakikada \u0130smail [&hellip;]\" \/>\n<meta property=\"og:url\" content=\"https:\/\/haberkuzey.com\/index.php\/2025\/11\/02\/derbide-kazanan-fenerbahce\/\" \/>\n<meta property=\"og:site_name\" content=\"Haber Kuzey\" \/>\n<meta property=\"article:published_time\" content=\"2025-11-02T20:02:36+00:00\" \/>\n<meta property=\"og:image\" content=\"https:\/\/www.trthaber.com\/dosyalar\/images\/AA-39596132.jpg\" \/>\n<meta name=\"author\" content=\"haberkuzey\" \/>\n<meta name=\"twitter:card\" content=\"summary_large_image\" \/>\n<meta name=\"twitter:label1\" content=\"Yazan:\" \/>\n\t<meta name=\"twitter:data1\" content=\"haberkuzey\" \/>\n\t<meta name=\"twitter:label2\" content=\"Tahmini okuma s\u00fcresi\" \/>\n\t<meta name=\"twitter:data2\" content=\"4 dakika\" \/>\n<script type=\"application\/ld+json\" class=\"yoast-schema-graph\">{\"@context\":\"https:\\\/\\\/schema.org\",\"@graph\":[{\"@type\":\"Article\",\"@id\":\"https:\\\/\\\/haberkuzey.com\\\/index.php\\\/2025\\\/11\\\/02\\\/derbide-kazanan-fenerbahce\\\/#article\",\"isPartOf\":{\"@id\":\"https:\\\/\\\/haberkuzey.com\\\/index.php\\\/2025\\\/11\\\/02\\\/derbide-kazanan-fenerbahce\\\/\"},\"author\":{\"name\":\"haberkuzey\",\"@id\":\"https:\\\/\\\/haberkuzey.com\\\/#\\\/schema\\\/person\\\/3372109ec735f9333f4fa47ebb9605ca\"},\"headline\":\"Derbide kazanan Fenerbah\u00e7e\",\"datePublished\":\"2025-11-02T20:02:36+00:00\",\"mainEntityOfPage\":{\"@id\":\"https:\\\/\\\/haberkuzey.com\\\/index.php\\\/2025\\\/11\\\/02\\\/derbide-kazanan-fenerbahce\\\/\"},\"wordCount\":905,\"commentCount\":0,\"image\":{\"@id\":\"https:\\\/\\\/haberkuzey.com\\\/index.php\\\/2025\\\/11\\\/02\\\/derbide-kazanan-fenerbahce\\\/#primaryimage\"},\"thumbnailUrl\":\"https:\\\/\\\/haberkuzey.com\\\/wp-content\\\/uploads\\\/2025\\\/11\\\/fenerbahceaa-2413638.jpg\",\"articleSection\":[\"Spor\"],\"inLanguage\":\"tr\",\"potentialAction\":[{\"@type\":\"CommentAction\",\"name\":\"Comment\",\"target\":[\"https:\\\/\\\/haberkuzey.com\\\/index.php\\\/2025\\\/11\\\/02\\\/derbide-kazanan-fenerbahce\\\/#respond\"]}]},{\"@type\":\"WebPage\",\"@id\":\"https:\\\/\\\/haberkuzey.com\\\/index.php\\\/2025\\\/11\\\/02\\\/derbide-kazanan-fenerbahce\\\/\",\"url\":\"https:\\\/\\\/haberkuzey.com\\\/index.php\\\/2025\\\/11\\\/02\\\/derbide-kazanan-fenerbahce\\\/\",\"name\":\"Derbide kazanan Fenerbah\u00e7e - Haber Kuzey\",\"isPartOf\":{\"@id\":\"https:\\\/\\\/haberkuzey.com\\\/#website\"},\"primaryImageOfPage\":{\"@id\":\"https:\\\/\\\/haberkuzey.com\\\/index.php\\\/2025\\\/11\\\/02\\\/derbide-kazanan-fenerbahce\\\/#primaryimage\"},\"image\":{\"@id\":\"https:\\\/\\\/haberkuzey.com\\\/index.php\\\/2025\\\/11\\\/02\\\/derbide-kazanan-fenerbahce\\\/#primaryimage\"},\"thumbnailUrl\":\"https:\\\/\\\/haberkuzey.com\\\/wp-content\\\/uploads\\\/2025\\\/11\\\/fenerbahceaa-2413638.jpg\",\"datePublished\":\"2025-11-02T20:02:36+00:00\",\"author\":{\"@id\":\"https:\\\/\\\/haberkuzey.com\\\/#\\\/schema\\\/person\\\/3372109ec735f9333f4fa47ebb9605ca\"},\"breadcrumb\":{\"@id\":\"https:\\\/\\\/haberkuzey.com\\\/index.php\\\/2025\\\/11\\\/02\\\/derbide-kazanan-fenerbahce\\\/#breadcrumb\"},\"inLanguage\":\"tr\",\"potentialAction\":[{\"@type\":\"ReadAction\",\"target\":[\"https:\\\/\\\/haberkuzey.com\\\/index.php\\\/2025\\\/11\\\/02\\\/derbide-kazanan-fenerbahce\\\/\"]}]},{\"@type\":\"ImageObject\",\"inLanguage\":\"tr\",\"@id\":\"https:\\\/\\\/haberkuzey.com\\\/index.php\\\/2025\\\/11\\\/02\\\/derbide-kazanan-fenerbahce\\\/#primaryimage\",\"url\":\"https:\\\/\\\/haberkuzey.com\\\/wp-content\\\/uploads\\\/2025\\\/11\\\/fenerbahceaa-2413638.jpg\",\"contentUrl\":\"https:\\\/\\\/haberkuzey.com\\\/wp-content\\\/uploads\\\/2025\\\/11\\\/fenerbahceaa-2413638.jpg\",\"width\":1280,\"height\":720},{\"@type\":\"BreadcrumbList\",\"@id\":\"https:\\\/\\\/haberkuzey.com\\\/index.php\\\/2025\\\/11\\\/02\\\/derbide-kazanan-fenerbahce\\\/#breadcrumb\",\"itemListElement\":[{\"@type\":\"ListItem\",\"position\":1,\"name\":\"Anasayfa\",\"item\":\"https:\\\/\\\/haberkuzey.com\\\/\"},{\"@type\":\"ListItem\",\"position\":2,\"name\":\"Derbide kazanan Fenerbah\u00e7e\"}]},{\"@type\":\"WebSite\",\"@id\":\"https:\\\/\\\/haberkuzey.com\\\/#website\",\"url\":\"https:\\\/\\\/haberkuzey.com\\\/\",\"name\":\"Haber Kuzey\",\"description\":\"Do\u011fru Haberin Adresi\",\"potentialAction\":[{\"@type\":\"SearchAction\",\"target\":{\"@type\":\"EntryPoint\",\"urlTemplate\":\"https:\\\/\\\/haberkuzey.com\\\/?s={search_term_string}\"},\"query-input\":{\"@type\":\"PropertyValueSpecification\",\"valueRequired\":true,\"valueName\":\"search_term_string\"}}],\"inLanguage\":\"tr\"},{\"@type\":\"Person\",\"@id\":\"https:\\\/\\\/haberkuzey.com\\\/#\\\/schema\\\/person\\\/3372109ec735f9333f4fa47ebb9605ca\",\"name\":\"haberkuzey\",\"image\":{\"@type\":\"ImageObject\",\"inLanguage\":\"tr\",\"@id\":\"https:\\\/\\\/secure.gravatar.com\\\/avatar\\\/f5fc875574b1575324358c3b9e6a32b8227aa5b74f3fa22e3cadb63e26fcc39c?s=96&d=mm&r=g\",\"url\":\"https:\\\/\\\/secure.gravatar.com\\\/avatar\\\/f5fc875574b1575324358c3b9e6a32b8227aa5b74f3fa22e3cadb63e26fcc39c?s=96&d=mm&r=g\",\"contentUrl\":\"https:\\\/\\\/secure.gravatar.com\\\/avatar\\\/f5fc875574b1575324358c3b9e6a32b8227aa5b74f3fa22e3cadb63e26fcc39c?s=96&d=mm&r=g\",\"caption\":\"haberkuzey\"},\"sameAs\":[\"https:\\\/\\\/haberkuzey.com\"],\"url\":\"https:\\\/\\\/haberkuzey.com\\\/index.php\\\/author\\\/haberkuzey\\\/\"}]}<\/script>\n<!-- \/ Yoast SEO plugin. -->","yoast_head_json":{"title":"Derbide kazanan Fenerbah\u00e7e - Haber Kuzey","robots":{"index":"index","follow":"follow","max-snippet":"max-snippet:-1","max-image-preview":"max-image-preview:large","max-video-preview":"max-video-preview:-1"},"canonical":"https:\/\/haberkuzey.com\/index.php\/2025\/11\/02\/derbide-kazanan-fenerbahce\/","og_locale":"tr_TR","og_type":"article","og_title":"Derbide kazanan Fenerbah\u00e7e - Haber Kuzey","og_description":"&#13; T\u00fcpra\u015f Stad\u0131&#8217;ndaki m\u00fccadeleye tutuk ba\u015flayan sar\u0131-lacivertli tak\u0131m 5. dakikada El Bilal Toure&#8217;nin gol\u00fcyle 1-0 geriye d\u00fc\u015ferken 22. dakikada kalesinde bir gol daha g\u00f6rd\u00fc. Emirhan Top\u00e7u&#8217;nun sgol\u00fcyle fark 2&#8217;ye \u00e7\u0131karken, siyah-beyazl\u0131 ekipte Orkun K\u00f6k\u00e7\u00fc, 26. dakikada direkt k\u0131rm\u0131z\u0131 kartla oyun d\u0131\u015f\u0131nda kald\u0131. &#13; Rakibinin 10 ki\u015fi kalmas\u0131yla bask\u0131l\u0131 futbol oynamaya ba\u015flayan Fenerbah\u00e7e, 32. dakikada \u0130smail [&hellip;]","og_url":"https:\/\/haberkuzey.com\/index.php\/2025\/11\/02\/derbide-kazanan-fenerbahce\/","og_site_name":"Haber Kuzey","article_published_time":"2025-11-02T20:02:36+00:00","og_image":[{"url":"https:\/\/www.trthaber.com\/dosyalar\/images\/AA-39596132.jpg","type":"","width":"","height":""}],"author":"haberkuzey","twitter_card":"summary_large_image","twitter_misc":{"Yazan:":"haberkuzey","Tahmini okuma s\u00fcresi":"4 dakika"},"schema":{"@context":"https:\/\/schema.org","@graph":[{"@type":"Article","@id":"https:\/\/haberkuzey.com\/index.php\/2025\/11\/02\/derbide-kazanan-fenerbahce\/#article","isPartOf":{"@id":"https:\/\/haberkuzey.com\/index.php\/2025\/11\/02\/derbide-kazanan-fenerbahce\/"},"author":{"name":"haberkuzey","@id":"https:\/\/haberkuzey.com\/#\/schema\/person\/3372109ec735f9333f4fa47ebb9605ca"},"headline":"Derbide kazanan Fenerbah\u00e7e","datePublished":"2025-11-02T20:02:36+00:00","mainEntityOfPage":{"@id":"https:\/\/haberkuzey.com\/index.php\/2025\/11\/02\/derbide-kazanan-fenerbahce\/"},"wordCount":905,"commentCount":0,"image":{"@id":"https:\/\/haberkuzey.com\/index.php\/2025\/11\/02\/derbide-kazanan-fenerbahce\/#primaryimage"},"thumbnailUrl":"https:\/\/haberkuzey.com\/wp-content\/uploads\/2025\/11\/fenerbahceaa-2413638.jpg","articleSection":["Spor"],"inLanguage":"tr","potentialAction":[{"@type":"CommentAction","name":"Comment","target":["https:\/\/haberkuzey.com\/index.php\/2025\/11\/02\/derbide-kazanan-fenerbahce\/#respond"]}]},{"@type":"WebPage","@id":"https:\/\/haberkuzey.com\/index.php\/2025\/11\/02\/derbide-kazanan-fenerbahce\/","url":"https:\/\/haberkuzey.com\/index.php\/2025\/11\/02\/derbide-kazanan-fenerbahce\/","name":"Derbide kazanan Fenerbah\u00e7e - Haber Kuzey","isPartOf":{"@id":"https:\/\/haberkuzey.com\/#website"},"primaryImageOfPage":{"@id":"https:\/\/haberkuzey.com\/index.php\/2025\/11\/02\/derbide-kazanan-fenerbahce\/#primaryimage"},"image":{"@id":"https:\/\/haberkuzey.com\/index.php\/2025\/11\/02\/derbide-kazanan-fenerbahce\/#primaryimage"},"thumbnailUrl":"https:\/\/haberkuzey.com\/wp-content\/uploads\/2025\/11\/fenerbahceaa-2413638.jpg","datePublished":"2025-11-02T20:02:36+00:00","author":{"@id":"https:\/\/haberkuzey.com\/#\/schema\/person\/3372109ec735f9333f4fa47ebb9605ca"},"breadcrumb":{"@id":"https:\/\/haberkuzey.com\/index.php\/2025\/11\/02\/derbide-kazanan-fenerbahce\/#breadcrumb"},"inLanguage":"tr","potentialAction":[{"@type":"ReadAction","target":["https:\/\/haberkuzey.com\/index.php\/2025\/11\/02\/derbide-kazanan-fenerbahce\/"]}]},{"@type":"ImageObject","inLanguage":"tr","@id":"https:\/\/haberkuzey.com\/index.php\/2025\/11\/02\/derbide-kazanan-fenerbahce\/#primaryimage","url":"https:\/\/haberkuzey.com\/wp-content\/uploads\/2025\/11\/fenerbahceaa-2413638.jpg","contentUrl":"https:\/\/haberkuzey.com\/wp-content\/uploads\/2025\/11\/fenerbahceaa-2413638.jpg","width":1280,"height":720},{"@type":"BreadcrumbList","@id":"https:\/\/haberkuzey.com\/index.php\/2025\/11\/02\/derbide-kazanan-fenerbahce\/#breadcrumb","itemListElement":[{"@type":"ListItem","position":1,"name":"Anasayfa","item":"https:\/\/haberkuzey.com\/"},{"@type":"ListItem","position":2,"name":"Derbide kazanan Fenerbah\u00e7e"}]},{"@type":"WebSite","@id":"https:\/\/haberkuzey.com\/#website","url":"https:\/\/haberkuzey.com\/","name":"Haber Kuzey","description":"Do\u011fru Haberin Adresi","potentialAction":[{"@type":"SearchAction","target":{"@type":"EntryPoint","urlTemplate":"https:\/\/haberkuzey.com\/?s={search_term_string}"},"query-input":{"@type":"PropertyValueSpecification","valueRequired":true,"valueName":"search_term_string"}}],"inLanguage":"tr"},{"@type":"Person","@id":"https:\/\/haberkuzey.com\/#\/schema\/person\/3372109ec735f9333f4fa47ebb9605ca","name":"haberkuzey","image":{"@type":"ImageObject","inLanguage":"tr","@id":"https:\/\/secure.gravatar.com\/avatar\/f5fc875574b1575324358c3b9e6a32b8227aa5b74f3fa22e3cadb63e26fcc39c?s=96&d=mm&r=g","url":"https:\/\/secure.gravatar.com\/avatar\/f5fc875574b1575324358c3b9e6a32b8227aa5b74f3fa22e3cadb63e26fcc39c?s=96&d=mm&r=g","contentUrl":"https:\/\/secure.gravatar.com\/avatar\/f5fc875574b1575324358c3b9e6a32b8227aa5b74f3fa22e3cadb63e26fcc39c?s=96&d=mm&r=g","caption":"haberkuzey"},"sameAs":["https:\/\/haberkuzey.com"],"url":"https:\/\/haberkuzey.com\/index.php\/author\/haberkuzey\/"}]}},"_links":{"self":[{"href":"https:\/\/haberkuzey.com\/index.php\/wp-json\/wp\/v2\/posts\/31244","targetHints":{"allow":["GET"]}}],"collection":[{"href":"https:\/\/haberkuzey.com\/index.php\/wp-json\/wp\/v2\/posts"}],"about":[{"href":"https:\/\/haberkuzey.com\/index.php\/wp-json\/wp\/v2\/types\/post"}],"author":[{"embeddable":true,"href":"https:\/\/haberkuzey.com\/index.php\/wp-json\/wp\/v2\/users\/1"}],"replies":[{"embeddable":true,"href":"https:\/\/haberkuzey.com\/index.php\/wp-json\/wp\/v2\/comments?post=31244"}],"version-history":[{"count":0,"href":"https:\/\/haberkuzey.com\/index.php\/wp-json\/wp\/v2\/posts\/31244\/revisions"}],"wp:featuredmedia":[{"embeddable":true,"href":"https:\/\/haberkuzey.com\/index.php\/wp-json\/wp\/v2\/media\/31245"}],"wp:attachment":[{"href":"https:\/\/haberkuzey.com\/index.php\/wp-json\/wp\/v2\/media?parent=31244"}],"wp:term":[{"taxonomy":"category","embeddable":true,"href":"https:\/\/haberkuzey.com\/index.php\/wp-json\/wp\/v2\/categories?post=31244"},{"taxonomy":"post_tag","embeddable":true,"href":"https:\/\/haberkuzey.com\/index.php\/wp-json\/wp\/v2\/tags?post=31244"}],"curies":[{"name":"wp","href":"https:\/\/api.w.org\/{rel}","templated":true}]}}