{"id":30801,"date":"2025-10-29T07:52:45","date_gmt":"2025-10-29T05:52:45","guid":{"rendered":"https:\/\/haberkuzey.com\/index.php\/2025\/10\/29\/tatar-atamizdan-ve-anavatan-turkiyemizden-aldigimiz-guc-ve-destekle-var-gucumuzle-calisacagiz\/"},"modified":"2025-10-29T07:52:45","modified_gmt":"2025-10-29T05:52:45","slug":"tatar-atamizdan-ve-anavatan-turkiyemizden-aldigimiz-guc-ve-destekle-var-gucumuzle-calisacagiz","status":"publish","type":"post","link":"https:\/\/haberkuzey.com\/index.php\/2025\/10\/29\/tatar-atamizdan-ve-anavatan-turkiyemizden-aldigimiz-guc-ve-destekle-var-gucumuzle-calisacagiz\/","title":{"rendered":"Tatar: Atam\u0131zdan ve Anavatan T\u00fcrkiyemiz\u2019den ald\u0131\u011f\u0131m\u0131z g\u00fc\u00e7 ve destekle var g\u00fcc\u00fcm\u00fczle \u00e7al\u0131\u015faca\u011f\u0131z"},"content":{"rendered":"<div>\n<p>Be\u015finci Cumhurba\u015fkan\u0131 Ersin Tatar, \u201cCumhuriyet\u2019in bize kazand\u0131rd\u0131\u011f\u0131 de\u011ferleri koruyarak, Atat\u00fcrk\u2019\u00fcn g\u00f6sterdi\u011fi yolda y\u00fcr\u00fcmeye devam edecek, \u00fclkemizi ve devletimizi daha refah bir gelece\u011fe kavu\u015fturmak i\u00e7in Atam\u0131zdan ve Anavatan T\u00fcrkiyemiz\u2019den ald\u0131\u011f\u0131m\u0131z g\u00fc\u00e7 ve destekle var g\u00fcc\u00fcm\u00fczle \u00e7al\u0131\u015faca\u011f\u0131z\u201d dedi.<\/p>\n<p>Be\u015finci Cumhurba\u015fkan\u0131 Ersin Tatar, 29 Ekim Cumhuriyet Bayram\u0131 dolay\u0131s\u0131yla mesaj yay\u0131mlad\u0131.<\/p>\n<p>\u201cB\u00fcy\u00fck \u00d6nder Gazi Mustafa Kemal Atat\u00fcrk\u2019\u00fcn \u00f6nderli\u011finde T\u00fcrk Milleti\u2019nin verdi\u011fi ba\u011f\u0131ms\u0131zl\u0131k m\u00fccadelesinden zaferle \u00e7\u0131k\u0131lmas\u0131n\u0131n ard\u0131ndan, 29 Ekim 1923 tarihinde ilan edilen T\u00fcrkiye Cumhuriyeti, bug\u00fcn 102\u2019nci y\u0131ld\u00f6n\u00fcm\u00fcn\u00fc daha g\u00fc\u00e7l\u00fc bir \u015fekilde kutluyor\u201d diyen Tatar, \u201cT\u00fcrkiye B\u00fcy\u00fck T\u00fcrk Milleti\u2019nin kopmaz ve ayr\u0131lmaz bir par\u00e7as\u0131 olan K\u0131br\u0131s T\u00fcrk halk\u0131n\u0131n, Anavatan T\u00fcrkiye ile ayn\u0131 heyecan ve duygu birli\u011fi i\u00e7erisinde bu onurlu g\u00fcn\u00fc kutlaman\u0131n gurur ve co\u015fkusunu ya\u015fad\u0131\u011f\u0131n\u0131\u201d belirtti.<\/p>\n<p>Tatar, B\u00fcy\u00fck \u00d6nder Gazi Mustafa Kemal Atat\u00fcrk\u2019\u00fcn \u201cBenim en b\u00fcy\u00fck eserimdir\u201d dedi\u011fi T\u00fcrkiye Cumhuriyeti\u2019nin, \u201cak\u0131lc\u0131 ve bar\u0131\u015f\u00e7\u0131 d\u0131\u015f politikas\u0131, b\u00fcy\u00fck ekonomik potansiyeli, demokratik, \u00e7a\u011fda\u015f yap\u0131s\u0131 ile b\u00f6lge ve d\u00fcnya i\u00e7in stratejik \u00f6nemini her ge\u00e7en g\u00fcn daha da art\u0131rmakta oldu\u011funa\u201d i\u015faret etti\u011fi mesaj\u0131nda \u015funlar\u0131 kaydetti:<\/p>\n<p><!-- WP QUADS Content Ad Plugin v. 2.0.94.1 --><\/p>\n<div class=\"quads-location quads-ad46145 quads-desktop\" id=\"quads-ad46145\" style=\"float:none;text-align:center;padding:0px 0 0px 0;\" data-lazydelay=\"3000\">\n<p> <!-- WP QUADS - Quick AdSense Reloaded v.2.0.94.1 Content ImageBanner AD --> <\/p>\n<p>        &#13;<br \/>\n         &#13;<\/p>\n<p> <!-- end WP QUADS --> <\/p>\n<\/div>\n<p>\u201cAtat\u00fcrk\u2019\u00fcn \u00e7izdi\u011fi hedefler do\u011frultusunda, b\u00f6lgesinde g\u00fc\u00e7l\u00fc, etkin ve s\u00f6z sahibi bir devlet olan T\u00fcrkiye Cumhuriyeti\u2019nin g\u00fcc\u00fc Kuzey K\u0131br\u0131s T\u00fcrk Cumhuriyeti\u2019nin de g\u00fcc\u00fcd\u00fcr.\u00a0 Anavatan\u0131m\u0131zla her alandaki \u00e7al\u0131\u015fmalar\u0131m\u0131z\u0131 g\u00fc\u00e7 ve g\u00f6n\u00fcl birli\u011fi i\u00e7inde daha da art\u0131rarak devam ettirece\u011fiz.\u00a0 Cumhuriyet\u2019in bize kazand\u0131rd\u0131\u011f\u0131 de\u011ferleri koruyarak, Atat\u00fcrk\u2019\u00fcn g\u00f6sterdi\u011fi yolda y\u00fcr\u00fcmeye devam edecek, \u00fclkemizi ve devletimizi daha refah bir gelece\u011fe kavu\u015fturmak i\u00e7in Atam\u0131zdan ve Anavatan T\u00fcrkiyemiz\u2019den ald\u0131\u011f\u0131m\u0131z g\u00fc\u00e7 ve destekle var g\u00fcc\u00fcm\u00fczle \u00e7al\u0131\u015faca\u011f\u0131z.<\/p>\n<p>Bu u\u011furda, ba\u011f\u0131ms\u0131zl\u0131\u011f\u0131m\u0131z ve egemenli\u011fimiz i\u00e7in y\u00fcr\u00fctmekte oldu\u011fumuz iki devletli politikam\u0131zdan geri ad\u0131m atmayacak, Rum\u2019un y\u0131llard\u0131r uygulad\u0131\u011f\u0131 bezdirme politikalar\u0131na boyun e\u011fmeyece\u011fiz.<\/p>\n<p>Ba\u015fta B\u00fcy\u00fck \u00d6nderimiz Atat\u00fcrk olmak \u00fczere, t\u00fcm \u015fehitlerimizin ve gazilerimizin aziz hat\u0131ralar\u0131 \u00f6n\u00fcnde bir kez daha sayg\u0131yla e\u011filiyoruz.\u00a0\u00a0\u00a0Vatan i\u00e7in topra\u011fa d\u00fc\u015fen aziz \u015fehitlerimizin ruhlar\u0131 \u015fad olsun. T\u00fcrk Milleti\u2019nin 29 Ekim Cumhuriyet Bayram\u0131\u2019n\u0131 en i\u00e7ten duygular\u0131mla kutlar\u0131m.\u201d<\/p>\n<\/div>\n","protected":false},"excerpt":{"rendered":"<p>Be\u015finci Cumhurba\u015fkan\u0131 Ersin Tatar, \u201cCumhuriyet\u2019in bize kazand\u0131rd\u0131\u011f\u0131 de\u011ferleri koruyarak, Atat\u00fcrk\u2019\u00fcn g\u00f6sterdi\u011fi yolda y\u00fcr\u00fcmeye devam edecek, \u00fclkemizi ve devletimizi daha refah bir gelece\u011fe kavu\u015fturmak i\u00e7in Atam\u0131zdan ve Anavatan T\u00fcrkiyemiz\u2019den ald\u0131\u011f\u0131m\u0131z g\u00fc\u00e7 ve destekle var g\u00fcc\u00fcm\u00fczle \u00e7al\u0131\u015faca\u011f\u0131z\u201d dedi. Be\u015finci Cumhurba\u015fkan\u0131 Ersin Tatar, 29 Ekim Cumhuriyet Bayram\u0131 dolay\u0131s\u0131yla mesaj yay\u0131mlad\u0131. \u201cB\u00fcy\u00fck \u00d6nder Gazi Mustafa Kemal Atat\u00fcrk\u2019\u00fcn \u00f6nderli\u011finde T\u00fcrk [&hellip;]<\/p>\n","protected":false},"author":1,"featured_media":30802,"comment_status":"open","ping_status":"open","sticky":false,"template":"","format":"standard","meta":{"jnews-multi-image_gallery":[],"jnews_single_post":[],"jnews_primary_category":[],"footnotes":""},"categories":[1],"tags":[],"class_list":["post-30801","post","type-post","status-publish","format-standard","has-post-thumbnail","hentry","category-kibris"],"yoast_head":"<!-- This site is optimized with the Yoast SEO plugin v27.5 - https:\/\/yoast.com\/product\/yoast-seo-wordpress\/ -->\n<title>Tatar: Atam\u0131zdan ve Anavatan T\u00fcrkiyemiz\u2019den ald\u0131\u011f\u0131m\u0131z g\u00fc\u00e7 ve destekle var g\u00fcc\u00fcm\u00fczle \u00e7al\u0131\u015faca\u011f\u0131z - Haber Kuzey<\/title>\n<meta name=\"robots\" content=\"index, follow, max-snippet:-1, max-image-preview:large, max-video-preview:-1\" \/>\n<link rel=\"canonical\" href=\"https:\/\/haberkuzey.com\/index.php\/2025\/10\/29\/tatar-atamizdan-ve-anavatan-turkiyemizden-aldigimiz-guc-ve-destekle-var-gucumuzle-calisacagiz\/\" \/>\n<meta property=\"og:locale\" content=\"tr_TR\" \/>\n<meta property=\"og:type\" content=\"article\" \/>\n<meta property=\"og:title\" content=\"Tatar: Atam\u0131zdan ve Anavatan T\u00fcrkiyemiz\u2019den ald\u0131\u011f\u0131m\u0131z g\u00fc\u00e7 ve destekle var g\u00fcc\u00fcm\u00fczle \u00e7al\u0131\u015faca\u011f\u0131z - Haber Kuzey\" \/>\n<meta property=\"og:description\" content=\"Be\u015finci Cumhurba\u015fkan\u0131 Ersin Tatar, \u201cCumhuriyet\u2019in bize kazand\u0131rd\u0131\u011f\u0131 de\u011ferleri koruyarak, Atat\u00fcrk\u2019\u00fcn g\u00f6sterdi\u011fi yolda y\u00fcr\u00fcmeye devam edecek, \u00fclkemizi ve devletimizi daha refah bir gelece\u011fe kavu\u015fturmak i\u00e7in Atam\u0131zdan ve Anavatan T\u00fcrkiyemiz\u2019den ald\u0131\u011f\u0131m\u0131z g\u00fc\u00e7 ve destekle var g\u00fcc\u00fcm\u00fczle \u00e7al\u0131\u015faca\u011f\u0131z\u201d dedi. Be\u015finci Cumhurba\u015fkan\u0131 Ersin Tatar, 29 Ekim Cumhuriyet Bayram\u0131 dolay\u0131s\u0131yla mesaj yay\u0131mlad\u0131. \u201cB\u00fcy\u00fck \u00d6nder Gazi Mustafa Kemal Atat\u00fcrk\u2019\u00fcn \u00f6nderli\u011finde T\u00fcrk [&hellip;]\" \/>\n<meta property=\"og:url\" content=\"https:\/\/haberkuzey.com\/index.php\/2025\/10\/29\/tatar-atamizdan-ve-anavatan-turkiyemizden-aldigimiz-guc-ve-destekle-var-gucumuzle-calisacagiz\/\" \/>\n<meta property=\"og:site_name\" content=\"Haber Kuzey\" \/>\n<meta property=\"article:published_time\" content=\"2025-10-29T05:52:45+00:00\" \/>\n<meta property=\"og:image\" content=\"https:\/\/www.bimanset.com\/wp-content\/uploads\/2025\/08\/FENERCIOGLU-BANNER.gif\" \/>\n<meta name=\"author\" content=\"haberkuzey\" \/>\n<meta name=\"twitter:card\" content=\"summary_large_image\" \/>\n<meta name=\"twitter:label1\" content=\"Yazan:\" \/>\n\t<meta name=\"twitter:data1\" content=\"haberkuzey\" \/>\n\t<meta name=\"twitter:label2\" content=\"Tahmini okuma s\u00fcresi\" \/>\n\t<meta name=\"twitter:data2\" content=\"2 dakika\" \/>\n<script type=\"application\/ld+json\" class=\"yoast-schema-graph\">{\"@context\":\"https:\\\/\\\/schema.org\",\"@graph\":[{\"@type\":\"Article\",\"@id\":\"https:\\\/\\\/haberkuzey.com\\\/index.php\\\/2025\\\/10\\\/29\\\/tatar-atamizdan-ve-anavatan-turkiyemizden-aldigimiz-guc-ve-destekle-var-gucumuzle-calisacagiz\\\/#article\",\"isPartOf\":{\"@id\":\"https:\\\/\\\/haberkuzey.com\\\/index.php\\\/2025\\\/10\\\/29\\\/tatar-atamizdan-ve-anavatan-turkiyemizden-aldigimiz-guc-ve-destekle-var-gucumuzle-calisacagiz\\\/\"},\"author\":{\"name\":\"haberkuzey\",\"@id\":\"https:\\\/\\\/haberkuzey.com\\\/#\\\/schema\\\/person\\\/3372109ec735f9333f4fa47ebb9605ca\"},\"headline\":\"Tatar: Atam\u0131zdan ve Anavatan T\u00fcrkiyemiz\u2019den ald\u0131\u011f\u0131m\u0131z g\u00fc\u00e7 ve destekle var g\u00fcc\u00fcm\u00fczle \u00e7al\u0131\u015faca\u011f\u0131z\",\"datePublished\":\"2025-10-29T05:52:45+00:00\",\"mainEntityOfPage\":{\"@id\":\"https:\\\/\\\/haberkuzey.com\\\/index.php\\\/2025\\\/10\\\/29\\\/tatar-atamizdan-ve-anavatan-turkiyemizden-aldigimiz-guc-ve-destekle-var-gucumuzle-calisacagiz\\\/\"},\"wordCount\":480,\"commentCount\":0,\"image\":{\"@id\":\"https:\\\/\\\/haberkuzey.com\\\/index.php\\\/2025\\\/10\\\/29\\\/tatar-atamizdan-ve-anavatan-turkiyemizden-aldigimiz-guc-ve-destekle-var-gucumuzle-calisacagiz\\\/#primaryimage\"},\"thumbnailUrl\":\"https:\\\/\\\/haberkuzey.com\\\/wp-content\\\/uploads\\\/2025\\\/10\\\/Tatar-5.jpg\",\"articleSection\":[\"K\u0131br\u0131s\"],\"inLanguage\":\"tr\",\"potentialAction\":[{\"@type\":\"CommentAction\",\"name\":\"Comment\",\"target\":[\"https:\\\/\\\/haberkuzey.com\\\/index.php\\\/2025\\\/10\\\/29\\\/tatar-atamizdan-ve-anavatan-turkiyemizden-aldigimiz-guc-ve-destekle-var-gucumuzle-calisacagiz\\\/#respond\"]}]},{\"@type\":\"WebPage\",\"@id\":\"https:\\\/\\\/haberkuzey.com\\\/index.php\\\/2025\\\/10\\\/29\\\/tatar-atamizdan-ve-anavatan-turkiyemizden-aldigimiz-guc-ve-destekle-var-gucumuzle-calisacagiz\\\/\",\"url\":\"https:\\\/\\\/haberkuzey.com\\\/index.php\\\/2025\\\/10\\\/29\\\/tatar-atamizdan-ve-anavatan-turkiyemizden-aldigimiz-guc-ve-destekle-var-gucumuzle-calisacagiz\\\/\",\"name\":\"Tatar: Atam\u0131zdan ve Anavatan T\u00fcrkiyemiz\u2019den ald\u0131\u011f\u0131m\u0131z g\u00fc\u00e7 ve destekle var g\u00fcc\u00fcm\u00fczle \u00e7al\u0131\u015faca\u011f\u0131z - Haber Kuzey\",\"isPartOf\":{\"@id\":\"https:\\\/\\\/haberkuzey.com\\\/#website\"},\"primaryImageOfPage\":{\"@id\":\"https:\\\/\\\/haberkuzey.com\\\/index.php\\\/2025\\\/10\\\/29\\\/tatar-atamizdan-ve-anavatan-turkiyemizden-aldigimiz-guc-ve-destekle-var-gucumuzle-calisacagiz\\\/#primaryimage\"},\"image\":{\"@id\":\"https:\\\/\\\/haberkuzey.com\\\/index.php\\\/2025\\\/10\\\/29\\\/tatar-atamizdan-ve-anavatan-turkiyemizden-aldigimiz-guc-ve-destekle-var-gucumuzle-calisacagiz\\\/#primaryimage\"},\"thumbnailUrl\":\"https:\\\/\\\/haberkuzey.com\\\/wp-content\\\/uploads\\\/2025\\\/10\\\/Tatar-5.jpg\",\"datePublished\":\"2025-10-29T05:52:45+00:00\",\"author\":{\"@id\":\"https:\\\/\\\/haberkuzey.com\\\/#\\\/schema\\\/person\\\/3372109ec735f9333f4fa47ebb9605ca\"},\"breadcrumb\":{\"@id\":\"https:\\\/\\\/haberkuzey.com\\\/index.php\\\/2025\\\/10\\\/29\\\/tatar-atamizdan-ve-anavatan-turkiyemizden-aldigimiz-guc-ve-destekle-var-gucumuzle-calisacagiz\\\/#breadcrumb\"},\"inLanguage\":\"tr\",\"potentialAction\":[{\"@type\":\"ReadAction\",\"target\":[\"https:\\\/\\\/haberkuzey.com\\\/index.php\\\/2025\\\/10\\\/29\\\/tatar-atamizdan-ve-anavatan-turkiyemizden-aldigimiz-guc-ve-destekle-var-gucumuzle-calisacagiz\\\/\"]}]},{\"@type\":\"ImageObject\",\"inLanguage\":\"tr\",\"@id\":\"https:\\\/\\\/haberkuzey.com\\\/index.php\\\/2025\\\/10\\\/29\\\/tatar-atamizdan-ve-anavatan-turkiyemizden-aldigimiz-guc-ve-destekle-var-gucumuzle-calisacagiz\\\/#primaryimage\",\"url\":\"https:\\\/\\\/haberkuzey.com\\\/wp-content\\\/uploads\\\/2025\\\/10\\\/Tatar-5.jpg\",\"contentUrl\":\"https:\\\/\\\/haberkuzey.com\\\/wp-content\\\/uploads\\\/2025\\\/10\\\/Tatar-5.jpg\",\"width\":971,\"height\":551},{\"@type\":\"BreadcrumbList\",\"@id\":\"https:\\\/\\\/haberkuzey.com\\\/index.php\\\/2025\\\/10\\\/29\\\/tatar-atamizdan-ve-anavatan-turkiyemizden-aldigimiz-guc-ve-destekle-var-gucumuzle-calisacagiz\\\/#breadcrumb\",\"itemListElement\":[{\"@type\":\"ListItem\",\"position\":1,\"name\":\"Anasayfa\",\"item\":\"https:\\\/\\\/haberkuzey.com\\\/\"},{\"@type\":\"ListItem\",\"position\":2,\"name\":\"Tatar: Atam\u0131zdan ve Anavatan T\u00fcrkiyemiz\u2019den ald\u0131\u011f\u0131m\u0131z g\u00fc\u00e7 ve destekle var g\u00fcc\u00fcm\u00fczle \u00e7al\u0131\u015faca\u011f\u0131z\"}]},{\"@type\":\"WebSite\",\"@id\":\"https:\\\/\\\/haberkuzey.com\\\/#website\",\"url\":\"https:\\\/\\\/haberkuzey.com\\\/\",\"name\":\"Haber Kuzey\",\"description\":\"Do\u011fru Haberin Adresi\",\"potentialAction\":[{\"@type\":\"SearchAction\",\"target\":{\"@type\":\"EntryPoint\",\"urlTemplate\":\"https:\\\/\\\/haberkuzey.com\\\/?s={search_term_string}\"},\"query-input\":{\"@type\":\"PropertyValueSpecification\",\"valueRequired\":true,\"valueName\":\"search_term_string\"}}],\"inLanguage\":\"tr\"},{\"@type\":\"Person\",\"@id\":\"https:\\\/\\\/haberkuzey.com\\\/#\\\/schema\\\/person\\\/3372109ec735f9333f4fa47ebb9605ca\",\"name\":\"haberkuzey\",\"image\":{\"@type\":\"ImageObject\",\"inLanguage\":\"tr\",\"@id\":\"https:\\\/\\\/secure.gravatar.com\\\/avatar\\\/f5fc875574b1575324358c3b9e6a32b8227aa5b74f3fa22e3cadb63e26fcc39c?s=96&d=mm&r=g\",\"url\":\"https:\\\/\\\/secure.gravatar.com\\\/avatar\\\/f5fc875574b1575324358c3b9e6a32b8227aa5b74f3fa22e3cadb63e26fcc39c?s=96&d=mm&r=g\",\"contentUrl\":\"https:\\\/\\\/secure.gravatar.com\\\/avatar\\\/f5fc875574b1575324358c3b9e6a32b8227aa5b74f3fa22e3cadb63e26fcc39c?s=96&d=mm&r=g\",\"caption\":\"haberkuzey\"},\"sameAs\":[\"https:\\\/\\\/haberkuzey.com\"],\"url\":\"https:\\\/\\\/haberkuzey.com\\\/index.php\\\/author\\\/haberkuzey\\\/\"}]}<\/script>\n<!-- \/ Yoast SEO plugin. -->","yoast_head_json":{"title":"Tatar: Atam\u0131zdan ve Anavatan T\u00fcrkiyemiz\u2019den ald\u0131\u011f\u0131m\u0131z g\u00fc\u00e7 ve destekle var g\u00fcc\u00fcm\u00fczle \u00e7al\u0131\u015faca\u011f\u0131z - Haber Kuzey","robots":{"index":"index","follow":"follow","max-snippet":"max-snippet:-1","max-image-preview":"max-image-preview:large","max-video-preview":"max-video-preview:-1"},"canonical":"https:\/\/haberkuzey.com\/index.php\/2025\/10\/29\/tatar-atamizdan-ve-anavatan-turkiyemizden-aldigimiz-guc-ve-destekle-var-gucumuzle-calisacagiz\/","og_locale":"tr_TR","og_type":"article","og_title":"Tatar: Atam\u0131zdan ve Anavatan T\u00fcrkiyemiz\u2019den ald\u0131\u011f\u0131m\u0131z g\u00fc\u00e7 ve destekle var g\u00fcc\u00fcm\u00fczle \u00e7al\u0131\u015faca\u011f\u0131z - Haber Kuzey","og_description":"Be\u015finci Cumhurba\u015fkan\u0131 Ersin Tatar, \u201cCumhuriyet\u2019in bize kazand\u0131rd\u0131\u011f\u0131 de\u011ferleri koruyarak, Atat\u00fcrk\u2019\u00fcn g\u00f6sterdi\u011fi yolda y\u00fcr\u00fcmeye devam edecek, \u00fclkemizi ve devletimizi daha refah bir gelece\u011fe kavu\u015fturmak i\u00e7in Atam\u0131zdan ve Anavatan T\u00fcrkiyemiz\u2019den ald\u0131\u011f\u0131m\u0131z g\u00fc\u00e7 ve destekle var g\u00fcc\u00fcm\u00fczle \u00e7al\u0131\u015faca\u011f\u0131z\u201d dedi. Be\u015finci Cumhurba\u015fkan\u0131 Ersin Tatar, 29 Ekim Cumhuriyet Bayram\u0131 dolay\u0131s\u0131yla mesaj yay\u0131mlad\u0131. \u201cB\u00fcy\u00fck \u00d6nder Gazi Mustafa Kemal Atat\u00fcrk\u2019\u00fcn \u00f6nderli\u011finde T\u00fcrk [&hellip;]","og_url":"https:\/\/haberkuzey.com\/index.php\/2025\/10\/29\/tatar-atamizdan-ve-anavatan-turkiyemizden-aldigimiz-guc-ve-destekle-var-gucumuzle-calisacagiz\/","og_site_name":"Haber Kuzey","article_published_time":"2025-10-29T05:52:45+00:00","og_image":[{"url":"https:\/\/www.bimanset.com\/wp-content\/uploads\/2025\/08\/FENERCIOGLU-BANNER.gif","type":"","width":"","height":""}],"author":"haberkuzey","twitter_card":"summary_large_image","twitter_misc":{"Yazan:":"haberkuzey","Tahmini okuma s\u00fcresi":"2 dakika"},"schema":{"@context":"https:\/\/schema.org","@graph":[{"@type":"Article","@id":"https:\/\/haberkuzey.com\/index.php\/2025\/10\/29\/tatar-atamizdan-ve-anavatan-turkiyemizden-aldigimiz-guc-ve-destekle-var-gucumuzle-calisacagiz\/#article","isPartOf":{"@id":"https:\/\/haberkuzey.com\/index.php\/2025\/10\/29\/tatar-atamizdan-ve-anavatan-turkiyemizden-aldigimiz-guc-ve-destekle-var-gucumuzle-calisacagiz\/"},"author":{"name":"haberkuzey","@id":"https:\/\/haberkuzey.com\/#\/schema\/person\/3372109ec735f9333f4fa47ebb9605ca"},"headline":"Tatar: Atam\u0131zdan ve Anavatan T\u00fcrkiyemiz\u2019den ald\u0131\u011f\u0131m\u0131z g\u00fc\u00e7 ve destekle var g\u00fcc\u00fcm\u00fczle \u00e7al\u0131\u015faca\u011f\u0131z","datePublished":"2025-10-29T05:52:45+00:00","mainEntityOfPage":{"@id":"https:\/\/haberkuzey.com\/index.php\/2025\/10\/29\/tatar-atamizdan-ve-anavatan-turkiyemizden-aldigimiz-guc-ve-destekle-var-gucumuzle-calisacagiz\/"},"wordCount":480,"commentCount":0,"image":{"@id":"https:\/\/haberkuzey.com\/index.php\/2025\/10\/29\/tatar-atamizdan-ve-anavatan-turkiyemizden-aldigimiz-guc-ve-destekle-var-gucumuzle-calisacagiz\/#primaryimage"},"thumbnailUrl":"https:\/\/haberkuzey.com\/wp-content\/uploads\/2025\/10\/Tatar-5.jpg","articleSection":["K\u0131br\u0131s"],"inLanguage":"tr","potentialAction":[{"@type":"CommentAction","name":"Comment","target":["https:\/\/haberkuzey.com\/index.php\/2025\/10\/29\/tatar-atamizdan-ve-anavatan-turkiyemizden-aldigimiz-guc-ve-destekle-var-gucumuzle-calisacagiz\/#respond"]}]},{"@type":"WebPage","@id":"https:\/\/haberkuzey.com\/index.php\/2025\/10\/29\/tatar-atamizdan-ve-anavatan-turkiyemizden-aldigimiz-guc-ve-destekle-var-gucumuzle-calisacagiz\/","url":"https:\/\/haberkuzey.com\/index.php\/2025\/10\/29\/tatar-atamizdan-ve-anavatan-turkiyemizden-aldigimiz-guc-ve-destekle-var-gucumuzle-calisacagiz\/","name":"Tatar: Atam\u0131zdan ve Anavatan T\u00fcrkiyemiz\u2019den ald\u0131\u011f\u0131m\u0131z g\u00fc\u00e7 ve destekle var g\u00fcc\u00fcm\u00fczle \u00e7al\u0131\u015faca\u011f\u0131z - Haber Kuzey","isPartOf":{"@id":"https:\/\/haberkuzey.com\/#website"},"primaryImageOfPage":{"@id":"https:\/\/haberkuzey.com\/index.php\/2025\/10\/29\/tatar-atamizdan-ve-anavatan-turkiyemizden-aldigimiz-guc-ve-destekle-var-gucumuzle-calisacagiz\/#primaryimage"},"image":{"@id":"https:\/\/haberkuzey.com\/index.php\/2025\/10\/29\/tatar-atamizdan-ve-anavatan-turkiyemizden-aldigimiz-guc-ve-destekle-var-gucumuzle-calisacagiz\/#primaryimage"},"thumbnailUrl":"https:\/\/haberkuzey.com\/wp-content\/uploads\/2025\/10\/Tatar-5.jpg","datePublished":"2025-10-29T05:52:45+00:00","author":{"@id":"https:\/\/haberkuzey.com\/#\/schema\/person\/3372109ec735f9333f4fa47ebb9605ca"},"breadcrumb":{"@id":"https:\/\/haberkuzey.com\/index.php\/2025\/10\/29\/tatar-atamizdan-ve-anavatan-turkiyemizden-aldigimiz-guc-ve-destekle-var-gucumuzle-calisacagiz\/#breadcrumb"},"inLanguage":"tr","potentialAction":[{"@type":"ReadAction","target":["https:\/\/haberkuzey.com\/index.php\/2025\/10\/29\/tatar-atamizdan-ve-anavatan-turkiyemizden-aldigimiz-guc-ve-destekle-var-gucumuzle-calisacagiz\/"]}]},{"@type":"ImageObject","inLanguage":"tr","@id":"https:\/\/haberkuzey.com\/index.php\/2025\/10\/29\/tatar-atamizdan-ve-anavatan-turkiyemizden-aldigimiz-guc-ve-destekle-var-gucumuzle-calisacagiz\/#primaryimage","url":"https:\/\/haberkuzey.com\/wp-content\/uploads\/2025\/10\/Tatar-5.jpg","contentUrl":"https:\/\/haberkuzey.com\/wp-content\/uploads\/2025\/10\/Tatar-5.jpg","width":971,"height":551},{"@type":"BreadcrumbList","@id":"https:\/\/haberkuzey.com\/index.php\/2025\/10\/29\/tatar-atamizdan-ve-anavatan-turkiyemizden-aldigimiz-guc-ve-destekle-var-gucumuzle-calisacagiz\/#breadcrumb","itemListElement":[{"@type":"ListItem","position":1,"name":"Anasayfa","item":"https:\/\/haberkuzey.com\/"},{"@type":"ListItem","position":2,"name":"Tatar: Atam\u0131zdan ve Anavatan T\u00fcrkiyemiz\u2019den ald\u0131\u011f\u0131m\u0131z g\u00fc\u00e7 ve destekle var g\u00fcc\u00fcm\u00fczle \u00e7al\u0131\u015faca\u011f\u0131z"}]},{"@type":"WebSite","@id":"https:\/\/haberkuzey.com\/#website","url":"https:\/\/haberkuzey.com\/","name":"Haber Kuzey","description":"Do\u011fru Haberin Adresi","potentialAction":[{"@type":"SearchAction","target":{"@type":"EntryPoint","urlTemplate":"https:\/\/haberkuzey.com\/?s={search_term_string}"},"query-input":{"@type":"PropertyValueSpecification","valueRequired":true,"valueName":"search_term_string"}}],"inLanguage":"tr"},{"@type":"Person","@id":"https:\/\/haberkuzey.com\/#\/schema\/person\/3372109ec735f9333f4fa47ebb9605ca","name":"haberkuzey","image":{"@type":"ImageObject","inLanguage":"tr","@id":"https:\/\/secure.gravatar.com\/avatar\/f5fc875574b1575324358c3b9e6a32b8227aa5b74f3fa22e3cadb63e26fcc39c?s=96&d=mm&r=g","url":"https:\/\/secure.gravatar.com\/avatar\/f5fc875574b1575324358c3b9e6a32b8227aa5b74f3fa22e3cadb63e26fcc39c?s=96&d=mm&r=g","contentUrl":"https:\/\/secure.gravatar.com\/avatar\/f5fc875574b1575324358c3b9e6a32b8227aa5b74f3fa22e3cadb63e26fcc39c?s=96&d=mm&r=g","caption":"haberkuzey"},"sameAs":["https:\/\/haberkuzey.com"],"url":"https:\/\/haberkuzey.com\/index.php\/author\/haberkuzey\/"}]}},"_links":{"self":[{"href":"https:\/\/haberkuzey.com\/index.php\/wp-json\/wp\/v2\/posts\/30801","targetHints":{"allow":["GET"]}}],"collection":[{"href":"https:\/\/haberkuzey.com\/index.php\/wp-json\/wp\/v2\/posts"}],"about":[{"href":"https:\/\/haberkuzey.com\/index.php\/wp-json\/wp\/v2\/types\/post"}],"author":[{"embeddable":true,"href":"https:\/\/haberkuzey.com\/index.php\/wp-json\/wp\/v2\/users\/1"}],"replies":[{"embeddable":true,"href":"https:\/\/haberkuzey.com\/index.php\/wp-json\/wp\/v2\/comments?post=30801"}],"version-history":[{"count":0,"href":"https:\/\/haberkuzey.com\/index.php\/wp-json\/wp\/v2\/posts\/30801\/revisions"}],"wp:featuredmedia":[{"embeddable":true,"href":"https:\/\/haberkuzey.com\/index.php\/wp-json\/wp\/v2\/media\/30802"}],"wp:attachment":[{"href":"https:\/\/haberkuzey.com\/index.php\/wp-json\/wp\/v2\/media?parent=30801"}],"wp:term":[{"taxonomy":"category","embeddable":true,"href":"https:\/\/haberkuzey.com\/index.php\/wp-json\/wp\/v2\/categories?post=30801"},{"taxonomy":"post_tag","embeddable":true,"href":"https:\/\/haberkuzey.com\/index.php\/wp-json\/wp\/v2\/tags?post=30801"}],"curies":[{"name":"wp","href":"https:\/\/api.w.org\/{rel}","templated":true}]}}