{"id":30673,"date":"2025-10-28T20:39:39","date_gmt":"2025-10-28T18:39:39","guid":{"rendered":"https:\/\/haberkuzey.com\/index.php\/2025\/10\/28\/melissa-kasirgasi-jamaikanin-guneybatisini-vurdu\/"},"modified":"2025-10-28T20:39:39","modified_gmt":"2025-10-28T18:39:39","slug":"melissa-kasirgasi-jamaikanin-guneybatisini-vurdu","status":"publish","type":"post","link":"https:\/\/haberkuzey.com\/index.php\/2025\/10\/28\/melissa-kasirgasi-jamaikanin-guneybatisini-vurdu\/","title":{"rendered":"Melissa Kas\u0131rgas\u0131, Jamaika&#039;n\u0131n g\u00fcneybat\u0131s\u0131n\u0131 vurdu"},"content":{"rendered":"<p><\/p>\n<div>\n<p>&#13;<br \/>\n\tABD Ulusal Kas\u0131rga Merkezinden yap\u0131lan a\u00e7\u0131klamada, Atlantik Okyanusu&#8217;nda seyreden Melissa Kas\u0131rgas\u0131&#8217;n\u0131n h\u0131z\u0131n\u0131n saatte 295 kilometreye ula\u015ft\u0131\u011f\u0131 ifade edildi.<\/p>\n<p>&#13;<br \/>\n\tA\u00e7\u0131klamada, kas\u0131rgan\u0131n Jamaika&#8217;n\u0131n g\u00fcneybat\u0131s\u0131ndaki New Hope b\u00f6lgesini vurdu\u011fu belirtildi.<\/p>\n<p>&#13;<br \/>\n\tKas\u0131rgan\u0131n son derece tehlikeli ve \u00f6l\u00fcmc\u00fcl oldu\u011fu vurgulanan a\u00e7\u0131klamada, kas\u0131rga etkisini yitirene kadar halka s\u0131\u011f\u0131naklar\u0131ndan \u00e7\u0131kmamalar\u0131 \u00e7a\u011fr\u0131s\u0131 yap\u0131ld\u0131.<\/p>\n<p>&#13;<br \/>\n\tJamaika Afet Risk Y\u00f6netimi Konseyi Ba\u015fkan Yard\u0131mc\u0131s\u0131 Desmond McKenzie de halk\u0131 s\u0131\u011f\u0131naklara girmeye ve evlerinden \u00e7\u0131kmamaya \u00e7a\u011f\u0131rd\u0131.<\/p>\n<p>&#13;<br \/>\n\tJamaika Ba\u015fbakan\u0131 Andrew Holness, &#8220;\u00dclkede 5. kategori d\u00fczeyindeki bir kas\u0131rgaya dayanabilecek hi\u00e7bir altyap\u0131 yok. As\u0131l mesele, toparlanma s\u00fcrecinin ne kadar h\u0131zl\u0131 olaca\u011f\u0131.&#8221; ifadesini kulland\u0131.<\/p>\n<p>&#13;<br \/>\n\tJamaika Meteoroloji Kurumu yetkilileri ise 1850&#8217;li y\u0131llardan bu yana \u00fclkede g\u00f6r\u00fclen en g\u00fc\u00e7l\u00fc kas\u0131rga olarak nitelendirilen Melissa&#8217;ya kar\u015f\u0131 t\u00fcm haz\u0131rl\u0131klar\u0131n yap\u0131ld\u0131\u011f\u0131n\u0131 ancak y\u0131k\u0131c\u0131 etkilerin ka\u00e7\u0131n\u0131lmaz olaca\u011f\u0131n\u0131 s\u00f6yledi.<\/p>\n<p>&#13;<br \/>\n\tABD Ulusal Kas\u0131rga Merkezinden d\u00fcn yap\u0131lan a\u00e7\u0131klamada, Melissa Kas\u0131rgas\u0131&#8217;n\u0131n \u015fiddetinin, en tehlikeli seviye olan &#8220;5. Kategori&#8221; s\u0131n\u0131f\u0131na y\u00fckseldi\u011fi bildirilmi\u015fti.<\/p>\n<\/p><\/div>\n","protected":false},"excerpt":{"rendered":"<p>&#13; ABD Ulusal Kas\u0131rga Merkezinden yap\u0131lan a\u00e7\u0131klamada, Atlantik Okyanusu&#8217;nda seyreden Melissa Kas\u0131rgas\u0131&#8217;n\u0131n h\u0131z\u0131n\u0131n saatte 295 kilometreye ula\u015ft\u0131\u011f\u0131 ifade edildi. &#13; A\u00e7\u0131klamada, kas\u0131rgan\u0131n Jamaika&#8217;n\u0131n g\u00fcneybat\u0131s\u0131ndaki New Hope b\u00f6lgesini vurdu\u011fu belirtildi. &#13; Kas\u0131rgan\u0131n son derece tehlikeli ve \u00f6l\u00fcmc\u00fcl oldu\u011fu vurgulanan a\u00e7\u0131klamada, kas\u0131rga etkisini yitirene kadar halka s\u0131\u011f\u0131naklar\u0131ndan \u00e7\u0131kmamalar\u0131 \u00e7a\u011fr\u0131s\u0131 yap\u0131ld\u0131. &#13; Jamaika Afet Risk Y\u00f6netimi Konseyi Ba\u015fkan [&hellip;]<\/p>\n","protected":false},"author":1,"featured_media":30674,"comment_status":"open","ping_status":"open","sticky":false,"template":"","format":"standard","meta":{"jnews-multi-image_gallery":[],"jnews_single_post":[],"jnews_primary_category":[],"footnotes":""},"categories":[2],"tags":[],"class_list":["post-30673","post","type-post","status-publish","format-standard","has-post-thumbnail","hentry","category-dunya"],"yoast_head":"<!-- This site is optimized with the Yoast SEO plugin v27.5 - https:\/\/yoast.com\/product\/yoast-seo-wordpress\/ -->\n<title>Melissa Kas\u0131rgas\u0131, Jamaika&#039;n\u0131n g\u00fcneybat\u0131s\u0131n\u0131 vurdu - Haber Kuzey<\/title>\n<meta name=\"robots\" content=\"index, follow, max-snippet:-1, max-image-preview:large, max-video-preview:-1\" \/>\n<link rel=\"canonical\" href=\"https:\/\/haberkuzey.com\/index.php\/2025\/10\/28\/melissa-kasirgasi-jamaikanin-guneybatisini-vurdu\/\" \/>\n<meta property=\"og:locale\" content=\"tr_TR\" \/>\n<meta property=\"og:type\" content=\"article\" \/>\n<meta property=\"og:title\" content=\"Melissa Kas\u0131rgas\u0131, Jamaika&#039;n\u0131n g\u00fcneybat\u0131s\u0131n\u0131 vurdu - Haber Kuzey\" \/>\n<meta property=\"og:description\" content=\"&#013; ABD Ulusal Kas\u0131rga Merkezinden yap\u0131lan a\u00e7\u0131klamada, Atlantik Okyanusu&#8217;nda seyreden Melissa Kas\u0131rgas\u0131&#8217;n\u0131n h\u0131z\u0131n\u0131n saatte 295 kilometreye ula\u015ft\u0131\u011f\u0131 ifade edildi. &#013; A\u00e7\u0131klamada, kas\u0131rgan\u0131n Jamaika&#8217;n\u0131n g\u00fcneybat\u0131s\u0131ndaki New Hope b\u00f6lgesini vurdu\u011fu belirtildi. &#013; Kas\u0131rgan\u0131n son derece tehlikeli ve \u00f6l\u00fcmc\u00fcl oldu\u011fu vurgulanan a\u00e7\u0131klamada, kas\u0131rga etkisini yitirene kadar halka s\u0131\u011f\u0131naklar\u0131ndan \u00e7\u0131kmamalar\u0131 \u00e7a\u011fr\u0131s\u0131 yap\u0131ld\u0131. &#013; Jamaika Afet Risk Y\u00f6netimi Konseyi Ba\u015fkan [&hellip;]\" \/>\n<meta property=\"og:url\" content=\"https:\/\/haberkuzey.com\/index.php\/2025\/10\/28\/melissa-kasirgasi-jamaikanin-guneybatisini-vurdu\/\" \/>\n<meta property=\"og:site_name\" content=\"Haber Kuzey\" \/>\n<meta property=\"article:published_time\" content=\"2025-10-28T18:39:39+00:00\" \/>\n<meta property=\"og:image\" content=\"https:\/\/trthaberstatic.cdn.wp.trt.com.tr\/resimler\/2412000\/melissa-in-jamaika-ap-2412105.jpg\" \/>\n<meta name=\"author\" content=\"haberkuzey\" \/>\n<meta name=\"twitter:card\" content=\"summary_large_image\" \/>\n<meta name=\"twitter:label1\" content=\"Yazan:\" \/>\n\t<meta name=\"twitter:data1\" content=\"haberkuzey\" \/>\n\t<meta name=\"twitter:label2\" content=\"Tahmini okuma s\u00fcresi\" \/>\n\t<meta name=\"twitter:data2\" content=\"1 dakika\" \/>\n<script type=\"application\/ld+json\" class=\"yoast-schema-graph\">{\"@context\":\"https:\\\/\\\/schema.org\",\"@graph\":[{\"@type\":\"Article\",\"@id\":\"https:\\\/\\\/haberkuzey.com\\\/index.php\\\/2025\\\/10\\\/28\\\/melissa-kasirgasi-jamaikanin-guneybatisini-vurdu\\\/#article\",\"isPartOf\":{\"@id\":\"https:\\\/\\\/haberkuzey.com\\\/index.php\\\/2025\\\/10\\\/28\\\/melissa-kasirgasi-jamaikanin-guneybatisini-vurdu\\\/\"},\"author\":{\"name\":\"haberkuzey\",\"@id\":\"https:\\\/\\\/haberkuzey.com\\\/#\\\/schema\\\/person\\\/3372109ec735f9333f4fa47ebb9605ca\"},\"headline\":\"Melissa Kas\u0131rgas\u0131, Jamaika&#039;n\u0131n g\u00fcneybat\u0131s\u0131n\u0131 vurdu\",\"datePublished\":\"2025-10-28T18:39:39+00:00\",\"mainEntityOfPage\":{\"@id\":\"https:\\\/\\\/haberkuzey.com\\\/index.php\\\/2025\\\/10\\\/28\\\/melissa-kasirgasi-jamaikanin-guneybatisini-vurdu\\\/\"},\"wordCount\":217,\"commentCount\":0,\"image\":{\"@id\":\"https:\\\/\\\/haberkuzey.com\\\/index.php\\\/2025\\\/10\\\/28\\\/melissa-kasirgasi-jamaikanin-guneybatisini-vurdu\\\/#primaryimage\"},\"thumbnailUrl\":\"https:\\\/\\\/haberkuzey.com\\\/wp-content\\\/uploads\\\/2025\\\/10\\\/melissa-in-jamaika-ap-2412105.jpg\",\"articleSection\":[\"D\u00fcnya\"],\"inLanguage\":\"tr\",\"potentialAction\":[{\"@type\":\"CommentAction\",\"name\":\"Comment\",\"target\":[\"https:\\\/\\\/haberkuzey.com\\\/index.php\\\/2025\\\/10\\\/28\\\/melissa-kasirgasi-jamaikanin-guneybatisini-vurdu\\\/#respond\"]}]},{\"@type\":\"WebPage\",\"@id\":\"https:\\\/\\\/haberkuzey.com\\\/index.php\\\/2025\\\/10\\\/28\\\/melissa-kasirgasi-jamaikanin-guneybatisini-vurdu\\\/\",\"url\":\"https:\\\/\\\/haberkuzey.com\\\/index.php\\\/2025\\\/10\\\/28\\\/melissa-kasirgasi-jamaikanin-guneybatisini-vurdu\\\/\",\"name\":\"Melissa Kas\u0131rgas\u0131, Jamaika&#039;n\u0131n g\u00fcneybat\u0131s\u0131n\u0131 vurdu - Haber Kuzey\",\"isPartOf\":{\"@id\":\"https:\\\/\\\/haberkuzey.com\\\/#website\"},\"primaryImageOfPage\":{\"@id\":\"https:\\\/\\\/haberkuzey.com\\\/index.php\\\/2025\\\/10\\\/28\\\/melissa-kasirgasi-jamaikanin-guneybatisini-vurdu\\\/#primaryimage\"},\"image\":{\"@id\":\"https:\\\/\\\/haberkuzey.com\\\/index.php\\\/2025\\\/10\\\/28\\\/melissa-kasirgasi-jamaikanin-guneybatisini-vurdu\\\/#primaryimage\"},\"thumbnailUrl\":\"https:\\\/\\\/haberkuzey.com\\\/wp-content\\\/uploads\\\/2025\\\/10\\\/melissa-in-jamaika-ap-2412105.jpg\",\"datePublished\":\"2025-10-28T18:39:39+00:00\",\"author\":{\"@id\":\"https:\\\/\\\/haberkuzey.com\\\/#\\\/schema\\\/person\\\/3372109ec735f9333f4fa47ebb9605ca\"},\"breadcrumb\":{\"@id\":\"https:\\\/\\\/haberkuzey.com\\\/index.php\\\/2025\\\/10\\\/28\\\/melissa-kasirgasi-jamaikanin-guneybatisini-vurdu\\\/#breadcrumb\"},\"inLanguage\":\"tr\",\"potentialAction\":[{\"@type\":\"ReadAction\",\"target\":[\"https:\\\/\\\/haberkuzey.com\\\/index.php\\\/2025\\\/10\\\/28\\\/melissa-kasirgasi-jamaikanin-guneybatisini-vurdu\\\/\"]}]},{\"@type\":\"ImageObject\",\"inLanguage\":\"tr\",\"@id\":\"https:\\\/\\\/haberkuzey.com\\\/index.php\\\/2025\\\/10\\\/28\\\/melissa-kasirgasi-jamaikanin-guneybatisini-vurdu\\\/#primaryimage\",\"url\":\"https:\\\/\\\/haberkuzey.com\\\/wp-content\\\/uploads\\\/2025\\\/10\\\/melissa-in-jamaika-ap-2412105.jpg\",\"contentUrl\":\"https:\\\/\\\/haberkuzey.com\\\/wp-content\\\/uploads\\\/2025\\\/10\\\/melissa-in-jamaika-ap-2412105.jpg\",\"width\":1280,\"height\":720},{\"@type\":\"BreadcrumbList\",\"@id\":\"https:\\\/\\\/haberkuzey.com\\\/index.php\\\/2025\\\/10\\\/28\\\/melissa-kasirgasi-jamaikanin-guneybatisini-vurdu\\\/#breadcrumb\",\"itemListElement\":[{\"@type\":\"ListItem\",\"position\":1,\"name\":\"Anasayfa\",\"item\":\"https:\\\/\\\/haberkuzey.com\\\/\"},{\"@type\":\"ListItem\",\"position\":2,\"name\":\"Melissa Kas\u0131rgas\u0131, Jamaika&#039;n\u0131n g\u00fcneybat\u0131s\u0131n\u0131 vurdu\"}]},{\"@type\":\"WebSite\",\"@id\":\"https:\\\/\\\/haberkuzey.com\\\/#website\",\"url\":\"https:\\\/\\\/haberkuzey.com\\\/\",\"name\":\"Haber Kuzey\",\"description\":\"Do\u011fru Haberin Adresi\",\"potentialAction\":[{\"@type\":\"SearchAction\",\"target\":{\"@type\":\"EntryPoint\",\"urlTemplate\":\"https:\\\/\\\/haberkuzey.com\\\/?s={search_term_string}\"},\"query-input\":{\"@type\":\"PropertyValueSpecification\",\"valueRequired\":true,\"valueName\":\"search_term_string\"}}],\"inLanguage\":\"tr\"},{\"@type\":\"Person\",\"@id\":\"https:\\\/\\\/haberkuzey.com\\\/#\\\/schema\\\/person\\\/3372109ec735f9333f4fa47ebb9605ca\",\"name\":\"haberkuzey\",\"image\":{\"@type\":\"ImageObject\",\"inLanguage\":\"tr\",\"@id\":\"https:\\\/\\\/secure.gravatar.com\\\/avatar\\\/f5fc875574b1575324358c3b9e6a32b8227aa5b74f3fa22e3cadb63e26fcc39c?s=96&d=mm&r=g\",\"url\":\"https:\\\/\\\/secure.gravatar.com\\\/avatar\\\/f5fc875574b1575324358c3b9e6a32b8227aa5b74f3fa22e3cadb63e26fcc39c?s=96&d=mm&r=g\",\"contentUrl\":\"https:\\\/\\\/secure.gravatar.com\\\/avatar\\\/f5fc875574b1575324358c3b9e6a32b8227aa5b74f3fa22e3cadb63e26fcc39c?s=96&d=mm&r=g\",\"caption\":\"haberkuzey\"},\"sameAs\":[\"https:\\\/\\\/haberkuzey.com\"],\"url\":\"https:\\\/\\\/haberkuzey.com\\\/index.php\\\/author\\\/haberkuzey\\\/\"}]}<\/script>\n<!-- \/ Yoast SEO plugin. -->","yoast_head_json":{"title":"Melissa Kas\u0131rgas\u0131, Jamaika&#039;n\u0131n g\u00fcneybat\u0131s\u0131n\u0131 vurdu - Haber Kuzey","robots":{"index":"index","follow":"follow","max-snippet":"max-snippet:-1","max-image-preview":"max-image-preview:large","max-video-preview":"max-video-preview:-1"},"canonical":"https:\/\/haberkuzey.com\/index.php\/2025\/10\/28\/melissa-kasirgasi-jamaikanin-guneybatisini-vurdu\/","og_locale":"tr_TR","og_type":"article","og_title":"Melissa Kas\u0131rgas\u0131, Jamaika&#039;n\u0131n g\u00fcneybat\u0131s\u0131n\u0131 vurdu - Haber Kuzey","og_description":"&#13; ABD Ulusal Kas\u0131rga Merkezinden yap\u0131lan a\u00e7\u0131klamada, Atlantik Okyanusu&#8217;nda seyreden Melissa Kas\u0131rgas\u0131&#8217;n\u0131n h\u0131z\u0131n\u0131n saatte 295 kilometreye ula\u015ft\u0131\u011f\u0131 ifade edildi. &#13; A\u00e7\u0131klamada, kas\u0131rgan\u0131n Jamaika&#8217;n\u0131n g\u00fcneybat\u0131s\u0131ndaki New Hope b\u00f6lgesini vurdu\u011fu belirtildi. &#13; Kas\u0131rgan\u0131n son derece tehlikeli ve \u00f6l\u00fcmc\u00fcl oldu\u011fu vurgulanan a\u00e7\u0131klamada, kas\u0131rga etkisini yitirene kadar halka s\u0131\u011f\u0131naklar\u0131ndan \u00e7\u0131kmamalar\u0131 \u00e7a\u011fr\u0131s\u0131 yap\u0131ld\u0131. &#13; Jamaika Afet Risk Y\u00f6netimi Konseyi Ba\u015fkan [&hellip;]","og_url":"https:\/\/haberkuzey.com\/index.php\/2025\/10\/28\/melissa-kasirgasi-jamaikanin-guneybatisini-vurdu\/","og_site_name":"Haber Kuzey","article_published_time":"2025-10-28T18:39:39+00:00","og_image":[{"url":"https:\/\/trthaberstatic.cdn.wp.trt.com.tr\/resimler\/2412000\/melissa-in-jamaika-ap-2412105.jpg","type":"","width":"","height":""}],"author":"haberkuzey","twitter_card":"summary_large_image","twitter_misc":{"Yazan:":"haberkuzey","Tahmini okuma s\u00fcresi":"1 dakika"},"schema":{"@context":"https:\/\/schema.org","@graph":[{"@type":"Article","@id":"https:\/\/haberkuzey.com\/index.php\/2025\/10\/28\/melissa-kasirgasi-jamaikanin-guneybatisini-vurdu\/#article","isPartOf":{"@id":"https:\/\/haberkuzey.com\/index.php\/2025\/10\/28\/melissa-kasirgasi-jamaikanin-guneybatisini-vurdu\/"},"author":{"name":"haberkuzey","@id":"https:\/\/haberkuzey.com\/#\/schema\/person\/3372109ec735f9333f4fa47ebb9605ca"},"headline":"Melissa Kas\u0131rgas\u0131, Jamaika&#039;n\u0131n g\u00fcneybat\u0131s\u0131n\u0131 vurdu","datePublished":"2025-10-28T18:39:39+00:00","mainEntityOfPage":{"@id":"https:\/\/haberkuzey.com\/index.php\/2025\/10\/28\/melissa-kasirgasi-jamaikanin-guneybatisini-vurdu\/"},"wordCount":217,"commentCount":0,"image":{"@id":"https:\/\/haberkuzey.com\/index.php\/2025\/10\/28\/melissa-kasirgasi-jamaikanin-guneybatisini-vurdu\/#primaryimage"},"thumbnailUrl":"https:\/\/haberkuzey.com\/wp-content\/uploads\/2025\/10\/melissa-in-jamaika-ap-2412105.jpg","articleSection":["D\u00fcnya"],"inLanguage":"tr","potentialAction":[{"@type":"CommentAction","name":"Comment","target":["https:\/\/haberkuzey.com\/index.php\/2025\/10\/28\/melissa-kasirgasi-jamaikanin-guneybatisini-vurdu\/#respond"]}]},{"@type":"WebPage","@id":"https:\/\/haberkuzey.com\/index.php\/2025\/10\/28\/melissa-kasirgasi-jamaikanin-guneybatisini-vurdu\/","url":"https:\/\/haberkuzey.com\/index.php\/2025\/10\/28\/melissa-kasirgasi-jamaikanin-guneybatisini-vurdu\/","name":"Melissa Kas\u0131rgas\u0131, Jamaika&#039;n\u0131n g\u00fcneybat\u0131s\u0131n\u0131 vurdu - Haber Kuzey","isPartOf":{"@id":"https:\/\/haberkuzey.com\/#website"},"primaryImageOfPage":{"@id":"https:\/\/haberkuzey.com\/index.php\/2025\/10\/28\/melissa-kasirgasi-jamaikanin-guneybatisini-vurdu\/#primaryimage"},"image":{"@id":"https:\/\/haberkuzey.com\/index.php\/2025\/10\/28\/melissa-kasirgasi-jamaikanin-guneybatisini-vurdu\/#primaryimage"},"thumbnailUrl":"https:\/\/haberkuzey.com\/wp-content\/uploads\/2025\/10\/melissa-in-jamaika-ap-2412105.jpg","datePublished":"2025-10-28T18:39:39+00:00","author":{"@id":"https:\/\/haberkuzey.com\/#\/schema\/person\/3372109ec735f9333f4fa47ebb9605ca"},"breadcrumb":{"@id":"https:\/\/haberkuzey.com\/index.php\/2025\/10\/28\/melissa-kasirgasi-jamaikanin-guneybatisini-vurdu\/#breadcrumb"},"inLanguage":"tr","potentialAction":[{"@type":"ReadAction","target":["https:\/\/haberkuzey.com\/index.php\/2025\/10\/28\/melissa-kasirgasi-jamaikanin-guneybatisini-vurdu\/"]}]},{"@type":"ImageObject","inLanguage":"tr","@id":"https:\/\/haberkuzey.com\/index.php\/2025\/10\/28\/melissa-kasirgasi-jamaikanin-guneybatisini-vurdu\/#primaryimage","url":"https:\/\/haberkuzey.com\/wp-content\/uploads\/2025\/10\/melissa-in-jamaika-ap-2412105.jpg","contentUrl":"https:\/\/haberkuzey.com\/wp-content\/uploads\/2025\/10\/melissa-in-jamaika-ap-2412105.jpg","width":1280,"height":720},{"@type":"BreadcrumbList","@id":"https:\/\/haberkuzey.com\/index.php\/2025\/10\/28\/melissa-kasirgasi-jamaikanin-guneybatisini-vurdu\/#breadcrumb","itemListElement":[{"@type":"ListItem","position":1,"name":"Anasayfa","item":"https:\/\/haberkuzey.com\/"},{"@type":"ListItem","position":2,"name":"Melissa Kas\u0131rgas\u0131, Jamaika&#039;n\u0131n g\u00fcneybat\u0131s\u0131n\u0131 vurdu"}]},{"@type":"WebSite","@id":"https:\/\/haberkuzey.com\/#website","url":"https:\/\/haberkuzey.com\/","name":"Haber Kuzey","description":"Do\u011fru Haberin Adresi","potentialAction":[{"@type":"SearchAction","target":{"@type":"EntryPoint","urlTemplate":"https:\/\/haberkuzey.com\/?s={search_term_string}"},"query-input":{"@type":"PropertyValueSpecification","valueRequired":true,"valueName":"search_term_string"}}],"inLanguage":"tr"},{"@type":"Person","@id":"https:\/\/haberkuzey.com\/#\/schema\/person\/3372109ec735f9333f4fa47ebb9605ca","name":"haberkuzey","image":{"@type":"ImageObject","inLanguage":"tr","@id":"https:\/\/secure.gravatar.com\/avatar\/f5fc875574b1575324358c3b9e6a32b8227aa5b74f3fa22e3cadb63e26fcc39c?s=96&d=mm&r=g","url":"https:\/\/secure.gravatar.com\/avatar\/f5fc875574b1575324358c3b9e6a32b8227aa5b74f3fa22e3cadb63e26fcc39c?s=96&d=mm&r=g","contentUrl":"https:\/\/secure.gravatar.com\/avatar\/f5fc875574b1575324358c3b9e6a32b8227aa5b74f3fa22e3cadb63e26fcc39c?s=96&d=mm&r=g","caption":"haberkuzey"},"sameAs":["https:\/\/haberkuzey.com"],"url":"https:\/\/haberkuzey.com\/index.php\/author\/haberkuzey\/"}]}},"_links":{"self":[{"href":"https:\/\/haberkuzey.com\/index.php\/wp-json\/wp\/v2\/posts\/30673","targetHints":{"allow":["GET"]}}],"collection":[{"href":"https:\/\/haberkuzey.com\/index.php\/wp-json\/wp\/v2\/posts"}],"about":[{"href":"https:\/\/haberkuzey.com\/index.php\/wp-json\/wp\/v2\/types\/post"}],"author":[{"embeddable":true,"href":"https:\/\/haberkuzey.com\/index.php\/wp-json\/wp\/v2\/users\/1"}],"replies":[{"embeddable":true,"href":"https:\/\/haberkuzey.com\/index.php\/wp-json\/wp\/v2\/comments?post=30673"}],"version-history":[{"count":0,"href":"https:\/\/haberkuzey.com\/index.php\/wp-json\/wp\/v2\/posts\/30673\/revisions"}],"wp:featuredmedia":[{"embeddable":true,"href":"https:\/\/haberkuzey.com\/index.php\/wp-json\/wp\/v2\/media\/30674"}],"wp:attachment":[{"href":"https:\/\/haberkuzey.com\/index.php\/wp-json\/wp\/v2\/media?parent=30673"}],"wp:term":[{"taxonomy":"category","embeddable":true,"href":"https:\/\/haberkuzey.com\/index.php\/wp-json\/wp\/v2\/categories?post=30673"},{"taxonomy":"post_tag","embeddable":true,"href":"https:\/\/haberkuzey.com\/index.php\/wp-json\/wp\/v2\/tags?post=30673"}],"curies":[{"name":"wp","href":"https:\/\/api.w.org\/{rel}","templated":true}]}}