{"id":30411,"date":"2025-10-22T20:11:43","date_gmt":"2025-10-22T17:11:43","guid":{"rendered":"https:\/\/haberkuzey.com\/index.php\/2025\/10\/22\/fransada-eski-cumhurbaskani-sarkozyyi-cezaevinde-2-polis-koruyacak\/"},"modified":"2025-10-22T20:11:43","modified_gmt":"2025-10-22T17:11:43","slug":"fransada-eski-cumhurbaskani-sarkozyyi-cezaevinde-2-polis-koruyacak","status":"publish","type":"post","link":"https:\/\/haberkuzey.com\/index.php\/2025\/10\/22\/fransada-eski-cumhurbaskani-sarkozyyi-cezaevinde-2-polis-koruyacak\/","title":{"rendered":"Fransa&#039;da eski Cumhurba\u015fkan\u0131 Sarkozy&#039;yi cezaevinde 2 polis koruyacak"},"content":{"rendered":"<p><\/p>\n<div>\n<p>&#13;<br \/>\n\tFransa \u0130\u00e7i\u015fleri Bakan\u0131 Laurent Nunez, konuk oldu\u011fu Europe 1 radyosunda, d\u00fcn cezaevine giren Sarkozy&#8217;nin g\u00fcvenli\u011fini sa\u011flamak i\u00e7in al\u0131nan \u00f6nlemlere de\u011findi.<\/p>\n<p>&#13;<br \/>\n\tNunez, cezaevinde 2 polisin Sarkozy&#8217;nin g\u00fcvenli\u011fini sa\u011flamak i\u00e7in gerekti\u011fi m\u00fcddet\u00e7e g\u00f6revli olaca\u011f\u0131n\u0131 belirterek, &#8220;(Eski) Cumhurba\u015fkan\u0131 s\u00fcrekli korunuyor. Tabii ki o da di\u011fer vatanda\u015flar gibi ancak eski Cumhurba\u015fkan\u0131 Nicolas Sarkozy&#8217;nin \u00fczerinde biraz daha ciddi tehditler bulunuyor. Dolay\u0131s\u0131yla karar al\u0131nd\u0131 ve derhal uyguland\u0131.&#8221; ifadelerini kulland\u0131.<\/p>\n<h2>&#13;<br \/>\n\tSarkozy 5 y\u0131l hapse mahkum edilmi\u015fti<\/h2>\n<p>&#13;<br \/>\n\tFransa&#8217;da 2007-2012 d\u00f6neminde cumhurba\u015fkan\u0131 olan Sarkozy&#8217;nin, &#8220;2007&#8217;de cumhurba\u015fkan\u0131 se\u00e7im kampanyas\u0131n\u0131 y\u00fcr\u00fctmek i\u00e7in d\u00f6nemin Libya lideri Muammer Kaddafi&#8217;den yasa d\u0131\u015f\u0131 maddi destek ald\u0131\u011f\u0131&#8221; ileri s\u00fcr\u00fclm\u00fc\u015ft\u00fc. \u0130ddialar\u0131n ard\u0131ndan 2013&#8217;te olayla ilgili soru\u015fturma a\u00e7\u0131lm\u0131\u015f ve kamuoyunda &#8220;Libya davas\u0131&#8221; olarak adland\u0131r\u0131lan yarg\u0131 s\u00fcreci ba\u015flam\u0131\u015ft\u0131.<\/p>\n<p>&#13;<br \/>\n\tParis Ceza Mahkemesi 25 Eyl\u00fcl&#8217;de &#8220;kamu fonlar\u0131n\u0131n zimmete ge\u00e7irilmesini gizleme, pasif yolsuzluk, yasa d\u0131\u015f\u0131 kampanya finansman\u0131 ve su\u00e7 i\u015flemek amac\u0131yla su\u00e7 \u00f6rg\u00fct\u00fc kurma&#8221; su\u00e7lar\u0131ndan yarg\u0131land\u0131\u011f\u0131 Libya davas\u0131nda Sarkozy hakk\u0131nda karar\u0131n\u0131 vermi\u015fti.<\/p>\n<p>&#13;<br \/>\n\tSarkozy&#8217;nin pasif yolsuzluk, kamu fonlar\u0131n\u0131n zimmete ge\u00e7irilmesini gizleme ve yasa d\u0131\u015f\u0131 kampanya finansman\u0131 su\u00e7lar\u0131n\u0131 i\u015flemedi\u011fine h\u00fckmeden mahkeme, eski Cumhurba\u015fkan\u0131&#8217;n\u0131 su\u00e7 \u00f6rg\u00fct\u00fc kurmaktan 5 y\u0131l hapse mahkum etmi\u015fti.<\/p>\n<p>&#13;<br \/>\n\tSarkozy karara itiraz etse de mahkeme karar\u0131n\u0131n niteli\u011fi gere\u011fi temyiz s\u00fcreci sonu\u00e7lanmadan hapse girmesi kesinle\u015fmi\u015fti.<\/p>\n<p>&#13;<br \/>\n\tFransa&#8217;da d\u00fcn cezaevine giren eski Cumhurba\u015fkan\u0131 Sarkozy&#8217;nin serbest b\u0131rak\u0131lmas\u0131 i\u00e7in ayn\u0131 g\u00fcn ba\u015fvuru yap\u0131lm\u0131\u015ft\u0131.<\/p>\n<\/p><\/div>\n","protected":false},"excerpt":{"rendered":"<p>&#13; Fransa \u0130\u00e7i\u015fleri Bakan\u0131 Laurent Nunez, konuk oldu\u011fu Europe 1 radyosunda, d\u00fcn cezaevine giren Sarkozy&#8217;nin g\u00fcvenli\u011fini sa\u011flamak i\u00e7in al\u0131nan \u00f6nlemlere de\u011findi. &#13; Nunez, cezaevinde 2 polisin Sarkozy&#8217;nin g\u00fcvenli\u011fini sa\u011flamak i\u00e7in gerekti\u011fi m\u00fcddet\u00e7e g\u00f6revli olaca\u011f\u0131n\u0131 belirterek, &#8220;(Eski) Cumhurba\u015fkan\u0131 s\u00fcrekli korunuyor. Tabii ki o da di\u011fer vatanda\u015flar gibi ancak eski Cumhurba\u015fkan\u0131 Nicolas Sarkozy&#8217;nin \u00fczerinde biraz daha ciddi [&hellip;]<\/p>\n","protected":false},"author":1,"featured_media":30412,"comment_status":"open","ping_status":"open","sticky":false,"template":"","format":"standard","meta":{"jnews-multi-image_gallery":[],"jnews_single_post":[],"jnews_primary_category":[],"footnotes":""},"categories":[2],"tags":[],"class_list":["post-30411","post","type-post","status-publish","format-standard","has-post-thumbnail","hentry","category-dunya"],"yoast_head":"<!-- This site is optimized with the Yoast SEO plugin v27.5 - https:\/\/yoast.com\/product\/yoast-seo-wordpress\/ -->\n<title>Fransa&#039;da eski Cumhurba\u015fkan\u0131 Sarkozy&#039;yi cezaevinde 2 polis koruyacak - Haber Kuzey<\/title>\n<meta name=\"robots\" content=\"index, follow, max-snippet:-1, max-image-preview:large, max-video-preview:-1\" \/>\n<link rel=\"canonical\" href=\"https:\/\/haberkuzey.com\/index.php\/2025\/10\/22\/fransada-eski-cumhurbaskani-sarkozyyi-cezaevinde-2-polis-koruyacak\/\" \/>\n<meta property=\"og:locale\" content=\"tr_TR\" \/>\n<meta property=\"og:type\" content=\"article\" \/>\n<meta property=\"og:title\" content=\"Fransa&#039;da eski Cumhurba\u015fkan\u0131 Sarkozy&#039;yi cezaevinde 2 polis koruyacak - Haber Kuzey\" \/>\n<meta property=\"og:description\" content=\"&#013; Fransa \u0130\u00e7i\u015fleri Bakan\u0131 Laurent Nunez, konuk oldu\u011fu Europe 1 radyosunda, d\u00fcn cezaevine giren Sarkozy&#8217;nin g\u00fcvenli\u011fini sa\u011flamak i\u00e7in al\u0131nan \u00f6nlemlere de\u011findi. &#013; Nunez, cezaevinde 2 polisin Sarkozy&#8217;nin g\u00fcvenli\u011fini sa\u011flamak i\u00e7in gerekti\u011fi m\u00fcddet\u00e7e g\u00f6revli olaca\u011f\u0131n\u0131 belirterek, &#8220;(Eski) Cumhurba\u015fkan\u0131 s\u00fcrekli korunuyor. Tabii ki o da di\u011fer vatanda\u015flar gibi ancak eski Cumhurba\u015fkan\u0131 Nicolas Sarkozy&#8217;nin \u00fczerinde biraz daha ciddi [&hellip;]\" \/>\n<meta property=\"og:url\" content=\"https:\/\/haberkuzey.com\/index.php\/2025\/10\/22\/fransada-eski-cumhurbaskani-sarkozyyi-cezaevinde-2-polis-koruyacak\/\" \/>\n<meta property=\"og:site_name\" content=\"Haber Kuzey\" \/>\n<meta property=\"article:published_time\" content=\"2025-10-22T17:11:43+00:00\" \/>\n<meta property=\"og:image\" content=\"https:\/\/trthaberstatic.cdn.wp.trt.com.tr\/resimler\/2400000\/sarkozy-afp-2401663.jpg\" \/>\n<meta name=\"author\" content=\"haberkuzey\" \/>\n<meta name=\"twitter:card\" content=\"summary_large_image\" \/>\n<meta name=\"twitter:label1\" content=\"Yazan:\" \/>\n\t<meta name=\"twitter:data1\" content=\"haberkuzey\" \/>\n\t<meta name=\"twitter:label2\" content=\"Tahmini okuma s\u00fcresi\" \/>\n\t<meta name=\"twitter:data2\" content=\"1 dakika\" \/>\n<script type=\"application\/ld+json\" class=\"yoast-schema-graph\">{\"@context\":\"https:\\\/\\\/schema.org\",\"@graph\":[{\"@type\":\"Article\",\"@id\":\"https:\\\/\\\/haberkuzey.com\\\/index.php\\\/2025\\\/10\\\/22\\\/fransada-eski-cumhurbaskani-sarkozyyi-cezaevinde-2-polis-koruyacak\\\/#article\",\"isPartOf\":{\"@id\":\"https:\\\/\\\/haberkuzey.com\\\/index.php\\\/2025\\\/10\\\/22\\\/fransada-eski-cumhurbaskani-sarkozyyi-cezaevinde-2-polis-koruyacak\\\/\"},\"author\":{\"name\":\"haberkuzey\",\"@id\":\"https:\\\/\\\/haberkuzey.com\\\/#\\\/schema\\\/person\\\/3372109ec735f9333f4fa47ebb9605ca\"},\"headline\":\"Fransa&#039;da eski Cumhurba\u015fkan\u0131 Sarkozy&#039;yi cezaevinde 2 polis koruyacak\",\"datePublished\":\"2025-10-22T17:11:43+00:00\",\"mainEntityOfPage\":{\"@id\":\"https:\\\/\\\/haberkuzey.com\\\/index.php\\\/2025\\\/10\\\/22\\\/fransada-eski-cumhurbaskani-sarkozyyi-cezaevinde-2-polis-koruyacak\\\/\"},\"wordCount\":304,\"commentCount\":0,\"image\":{\"@id\":\"https:\\\/\\\/haberkuzey.com\\\/index.php\\\/2025\\\/10\\\/22\\\/fransada-eski-cumhurbaskani-sarkozyyi-cezaevinde-2-polis-koruyacak\\\/#primaryimage\"},\"thumbnailUrl\":\"https:\\\/\\\/haberkuzey.com\\\/wp-content\\\/uploads\\\/2025\\\/10\\\/sarkozy-afp-2401663.jpg\",\"articleSection\":[\"D\u00fcnya\"],\"inLanguage\":\"tr\",\"potentialAction\":[{\"@type\":\"CommentAction\",\"name\":\"Comment\",\"target\":[\"https:\\\/\\\/haberkuzey.com\\\/index.php\\\/2025\\\/10\\\/22\\\/fransada-eski-cumhurbaskani-sarkozyyi-cezaevinde-2-polis-koruyacak\\\/#respond\"]}]},{\"@type\":\"WebPage\",\"@id\":\"https:\\\/\\\/haberkuzey.com\\\/index.php\\\/2025\\\/10\\\/22\\\/fransada-eski-cumhurbaskani-sarkozyyi-cezaevinde-2-polis-koruyacak\\\/\",\"url\":\"https:\\\/\\\/haberkuzey.com\\\/index.php\\\/2025\\\/10\\\/22\\\/fransada-eski-cumhurbaskani-sarkozyyi-cezaevinde-2-polis-koruyacak\\\/\",\"name\":\"Fransa&#039;da eski Cumhurba\u015fkan\u0131 Sarkozy&#039;yi cezaevinde 2 polis koruyacak - Haber Kuzey\",\"isPartOf\":{\"@id\":\"https:\\\/\\\/haberkuzey.com\\\/#website\"},\"primaryImageOfPage\":{\"@id\":\"https:\\\/\\\/haberkuzey.com\\\/index.php\\\/2025\\\/10\\\/22\\\/fransada-eski-cumhurbaskani-sarkozyyi-cezaevinde-2-polis-koruyacak\\\/#primaryimage\"},\"image\":{\"@id\":\"https:\\\/\\\/haberkuzey.com\\\/index.php\\\/2025\\\/10\\\/22\\\/fransada-eski-cumhurbaskani-sarkozyyi-cezaevinde-2-polis-koruyacak\\\/#primaryimage\"},\"thumbnailUrl\":\"https:\\\/\\\/haberkuzey.com\\\/wp-content\\\/uploads\\\/2025\\\/10\\\/sarkozy-afp-2401663.jpg\",\"datePublished\":\"2025-10-22T17:11:43+00:00\",\"author\":{\"@id\":\"https:\\\/\\\/haberkuzey.com\\\/#\\\/schema\\\/person\\\/3372109ec735f9333f4fa47ebb9605ca\"},\"breadcrumb\":{\"@id\":\"https:\\\/\\\/haberkuzey.com\\\/index.php\\\/2025\\\/10\\\/22\\\/fransada-eski-cumhurbaskani-sarkozyyi-cezaevinde-2-polis-koruyacak\\\/#breadcrumb\"},\"inLanguage\":\"tr\",\"potentialAction\":[{\"@type\":\"ReadAction\",\"target\":[\"https:\\\/\\\/haberkuzey.com\\\/index.php\\\/2025\\\/10\\\/22\\\/fransada-eski-cumhurbaskani-sarkozyyi-cezaevinde-2-polis-koruyacak\\\/\"]}]},{\"@type\":\"ImageObject\",\"inLanguage\":\"tr\",\"@id\":\"https:\\\/\\\/haberkuzey.com\\\/index.php\\\/2025\\\/10\\\/22\\\/fransada-eski-cumhurbaskani-sarkozyyi-cezaevinde-2-polis-koruyacak\\\/#primaryimage\",\"url\":\"https:\\\/\\\/haberkuzey.com\\\/wp-content\\\/uploads\\\/2025\\\/10\\\/sarkozy-afp-2401663.jpg\",\"contentUrl\":\"https:\\\/\\\/haberkuzey.com\\\/wp-content\\\/uploads\\\/2025\\\/10\\\/sarkozy-afp-2401663.jpg\",\"width\":1280,\"height\":720},{\"@type\":\"BreadcrumbList\",\"@id\":\"https:\\\/\\\/haberkuzey.com\\\/index.php\\\/2025\\\/10\\\/22\\\/fransada-eski-cumhurbaskani-sarkozyyi-cezaevinde-2-polis-koruyacak\\\/#breadcrumb\",\"itemListElement\":[{\"@type\":\"ListItem\",\"position\":1,\"name\":\"Anasayfa\",\"item\":\"https:\\\/\\\/haberkuzey.com\\\/\"},{\"@type\":\"ListItem\",\"position\":2,\"name\":\"Fransa&#039;da eski Cumhurba\u015fkan\u0131 Sarkozy&#039;yi cezaevinde 2 polis koruyacak\"}]},{\"@type\":\"WebSite\",\"@id\":\"https:\\\/\\\/haberkuzey.com\\\/#website\",\"url\":\"https:\\\/\\\/haberkuzey.com\\\/\",\"name\":\"Haber Kuzey\",\"description\":\"Do\u011fru Haberin Adresi\",\"potentialAction\":[{\"@type\":\"SearchAction\",\"target\":{\"@type\":\"EntryPoint\",\"urlTemplate\":\"https:\\\/\\\/haberkuzey.com\\\/?s={search_term_string}\"},\"query-input\":{\"@type\":\"PropertyValueSpecification\",\"valueRequired\":true,\"valueName\":\"search_term_string\"}}],\"inLanguage\":\"tr\"},{\"@type\":\"Person\",\"@id\":\"https:\\\/\\\/haberkuzey.com\\\/#\\\/schema\\\/person\\\/3372109ec735f9333f4fa47ebb9605ca\",\"name\":\"haberkuzey\",\"image\":{\"@type\":\"ImageObject\",\"inLanguage\":\"tr\",\"@id\":\"https:\\\/\\\/secure.gravatar.com\\\/avatar\\\/f5fc875574b1575324358c3b9e6a32b8227aa5b74f3fa22e3cadb63e26fcc39c?s=96&d=mm&r=g\",\"url\":\"https:\\\/\\\/secure.gravatar.com\\\/avatar\\\/f5fc875574b1575324358c3b9e6a32b8227aa5b74f3fa22e3cadb63e26fcc39c?s=96&d=mm&r=g\",\"contentUrl\":\"https:\\\/\\\/secure.gravatar.com\\\/avatar\\\/f5fc875574b1575324358c3b9e6a32b8227aa5b74f3fa22e3cadb63e26fcc39c?s=96&d=mm&r=g\",\"caption\":\"haberkuzey\"},\"sameAs\":[\"https:\\\/\\\/haberkuzey.com\"],\"url\":\"https:\\\/\\\/haberkuzey.com\\\/index.php\\\/author\\\/haberkuzey\\\/\"}]}<\/script>\n<!-- \/ Yoast SEO plugin. -->","yoast_head_json":{"title":"Fransa&#039;da eski Cumhurba\u015fkan\u0131 Sarkozy&#039;yi cezaevinde 2 polis koruyacak - Haber Kuzey","robots":{"index":"index","follow":"follow","max-snippet":"max-snippet:-1","max-image-preview":"max-image-preview:large","max-video-preview":"max-video-preview:-1"},"canonical":"https:\/\/haberkuzey.com\/index.php\/2025\/10\/22\/fransada-eski-cumhurbaskani-sarkozyyi-cezaevinde-2-polis-koruyacak\/","og_locale":"tr_TR","og_type":"article","og_title":"Fransa&#039;da eski Cumhurba\u015fkan\u0131 Sarkozy&#039;yi cezaevinde 2 polis koruyacak - Haber Kuzey","og_description":"&#13; Fransa \u0130\u00e7i\u015fleri Bakan\u0131 Laurent Nunez, konuk oldu\u011fu Europe 1 radyosunda, d\u00fcn cezaevine giren Sarkozy&#8217;nin g\u00fcvenli\u011fini sa\u011flamak i\u00e7in al\u0131nan \u00f6nlemlere de\u011findi. &#13; Nunez, cezaevinde 2 polisin Sarkozy&#8217;nin g\u00fcvenli\u011fini sa\u011flamak i\u00e7in gerekti\u011fi m\u00fcddet\u00e7e g\u00f6revli olaca\u011f\u0131n\u0131 belirterek, &#8220;(Eski) Cumhurba\u015fkan\u0131 s\u00fcrekli korunuyor. Tabii ki o da di\u011fer vatanda\u015flar gibi ancak eski Cumhurba\u015fkan\u0131 Nicolas Sarkozy&#8217;nin \u00fczerinde biraz daha ciddi [&hellip;]","og_url":"https:\/\/haberkuzey.com\/index.php\/2025\/10\/22\/fransada-eski-cumhurbaskani-sarkozyyi-cezaevinde-2-polis-koruyacak\/","og_site_name":"Haber Kuzey","article_published_time":"2025-10-22T17:11:43+00:00","og_image":[{"url":"https:\/\/trthaberstatic.cdn.wp.trt.com.tr\/resimler\/2400000\/sarkozy-afp-2401663.jpg","type":"","width":"","height":""}],"author":"haberkuzey","twitter_card":"summary_large_image","twitter_misc":{"Yazan:":"haberkuzey","Tahmini okuma s\u00fcresi":"1 dakika"},"schema":{"@context":"https:\/\/schema.org","@graph":[{"@type":"Article","@id":"https:\/\/haberkuzey.com\/index.php\/2025\/10\/22\/fransada-eski-cumhurbaskani-sarkozyyi-cezaevinde-2-polis-koruyacak\/#article","isPartOf":{"@id":"https:\/\/haberkuzey.com\/index.php\/2025\/10\/22\/fransada-eski-cumhurbaskani-sarkozyyi-cezaevinde-2-polis-koruyacak\/"},"author":{"name":"haberkuzey","@id":"https:\/\/haberkuzey.com\/#\/schema\/person\/3372109ec735f9333f4fa47ebb9605ca"},"headline":"Fransa&#039;da eski Cumhurba\u015fkan\u0131 Sarkozy&#039;yi cezaevinde 2 polis koruyacak","datePublished":"2025-10-22T17:11:43+00:00","mainEntityOfPage":{"@id":"https:\/\/haberkuzey.com\/index.php\/2025\/10\/22\/fransada-eski-cumhurbaskani-sarkozyyi-cezaevinde-2-polis-koruyacak\/"},"wordCount":304,"commentCount":0,"image":{"@id":"https:\/\/haberkuzey.com\/index.php\/2025\/10\/22\/fransada-eski-cumhurbaskani-sarkozyyi-cezaevinde-2-polis-koruyacak\/#primaryimage"},"thumbnailUrl":"https:\/\/haberkuzey.com\/wp-content\/uploads\/2025\/10\/sarkozy-afp-2401663.jpg","articleSection":["D\u00fcnya"],"inLanguage":"tr","potentialAction":[{"@type":"CommentAction","name":"Comment","target":["https:\/\/haberkuzey.com\/index.php\/2025\/10\/22\/fransada-eski-cumhurbaskani-sarkozyyi-cezaevinde-2-polis-koruyacak\/#respond"]}]},{"@type":"WebPage","@id":"https:\/\/haberkuzey.com\/index.php\/2025\/10\/22\/fransada-eski-cumhurbaskani-sarkozyyi-cezaevinde-2-polis-koruyacak\/","url":"https:\/\/haberkuzey.com\/index.php\/2025\/10\/22\/fransada-eski-cumhurbaskani-sarkozyyi-cezaevinde-2-polis-koruyacak\/","name":"Fransa&#039;da eski Cumhurba\u015fkan\u0131 Sarkozy&#039;yi cezaevinde 2 polis koruyacak - Haber Kuzey","isPartOf":{"@id":"https:\/\/haberkuzey.com\/#website"},"primaryImageOfPage":{"@id":"https:\/\/haberkuzey.com\/index.php\/2025\/10\/22\/fransada-eski-cumhurbaskani-sarkozyyi-cezaevinde-2-polis-koruyacak\/#primaryimage"},"image":{"@id":"https:\/\/haberkuzey.com\/index.php\/2025\/10\/22\/fransada-eski-cumhurbaskani-sarkozyyi-cezaevinde-2-polis-koruyacak\/#primaryimage"},"thumbnailUrl":"https:\/\/haberkuzey.com\/wp-content\/uploads\/2025\/10\/sarkozy-afp-2401663.jpg","datePublished":"2025-10-22T17:11:43+00:00","author":{"@id":"https:\/\/haberkuzey.com\/#\/schema\/person\/3372109ec735f9333f4fa47ebb9605ca"},"breadcrumb":{"@id":"https:\/\/haberkuzey.com\/index.php\/2025\/10\/22\/fransada-eski-cumhurbaskani-sarkozyyi-cezaevinde-2-polis-koruyacak\/#breadcrumb"},"inLanguage":"tr","potentialAction":[{"@type":"ReadAction","target":["https:\/\/haberkuzey.com\/index.php\/2025\/10\/22\/fransada-eski-cumhurbaskani-sarkozyyi-cezaevinde-2-polis-koruyacak\/"]}]},{"@type":"ImageObject","inLanguage":"tr","@id":"https:\/\/haberkuzey.com\/index.php\/2025\/10\/22\/fransada-eski-cumhurbaskani-sarkozyyi-cezaevinde-2-polis-koruyacak\/#primaryimage","url":"https:\/\/haberkuzey.com\/wp-content\/uploads\/2025\/10\/sarkozy-afp-2401663.jpg","contentUrl":"https:\/\/haberkuzey.com\/wp-content\/uploads\/2025\/10\/sarkozy-afp-2401663.jpg","width":1280,"height":720},{"@type":"BreadcrumbList","@id":"https:\/\/haberkuzey.com\/index.php\/2025\/10\/22\/fransada-eski-cumhurbaskani-sarkozyyi-cezaevinde-2-polis-koruyacak\/#breadcrumb","itemListElement":[{"@type":"ListItem","position":1,"name":"Anasayfa","item":"https:\/\/haberkuzey.com\/"},{"@type":"ListItem","position":2,"name":"Fransa&#039;da eski Cumhurba\u015fkan\u0131 Sarkozy&#039;yi cezaevinde 2 polis koruyacak"}]},{"@type":"WebSite","@id":"https:\/\/haberkuzey.com\/#website","url":"https:\/\/haberkuzey.com\/","name":"Haber Kuzey","description":"Do\u011fru Haberin Adresi","potentialAction":[{"@type":"SearchAction","target":{"@type":"EntryPoint","urlTemplate":"https:\/\/haberkuzey.com\/?s={search_term_string}"},"query-input":{"@type":"PropertyValueSpecification","valueRequired":true,"valueName":"search_term_string"}}],"inLanguage":"tr"},{"@type":"Person","@id":"https:\/\/haberkuzey.com\/#\/schema\/person\/3372109ec735f9333f4fa47ebb9605ca","name":"haberkuzey","image":{"@type":"ImageObject","inLanguage":"tr","@id":"https:\/\/secure.gravatar.com\/avatar\/f5fc875574b1575324358c3b9e6a32b8227aa5b74f3fa22e3cadb63e26fcc39c?s=96&d=mm&r=g","url":"https:\/\/secure.gravatar.com\/avatar\/f5fc875574b1575324358c3b9e6a32b8227aa5b74f3fa22e3cadb63e26fcc39c?s=96&d=mm&r=g","contentUrl":"https:\/\/secure.gravatar.com\/avatar\/f5fc875574b1575324358c3b9e6a32b8227aa5b74f3fa22e3cadb63e26fcc39c?s=96&d=mm&r=g","caption":"haberkuzey"},"sameAs":["https:\/\/haberkuzey.com"],"url":"https:\/\/haberkuzey.com\/index.php\/author\/haberkuzey\/"}]}},"_links":{"self":[{"href":"https:\/\/haberkuzey.com\/index.php\/wp-json\/wp\/v2\/posts\/30411","targetHints":{"allow":["GET"]}}],"collection":[{"href":"https:\/\/haberkuzey.com\/index.php\/wp-json\/wp\/v2\/posts"}],"about":[{"href":"https:\/\/haberkuzey.com\/index.php\/wp-json\/wp\/v2\/types\/post"}],"author":[{"embeddable":true,"href":"https:\/\/haberkuzey.com\/index.php\/wp-json\/wp\/v2\/users\/1"}],"replies":[{"embeddable":true,"href":"https:\/\/haberkuzey.com\/index.php\/wp-json\/wp\/v2\/comments?post=30411"}],"version-history":[{"count":0,"href":"https:\/\/haberkuzey.com\/index.php\/wp-json\/wp\/v2\/posts\/30411\/revisions"}],"wp:featuredmedia":[{"embeddable":true,"href":"https:\/\/haberkuzey.com\/index.php\/wp-json\/wp\/v2\/media\/30412"}],"wp:attachment":[{"href":"https:\/\/haberkuzey.com\/index.php\/wp-json\/wp\/v2\/media?parent=30411"}],"wp:term":[{"taxonomy":"category","embeddable":true,"href":"https:\/\/haberkuzey.com\/index.php\/wp-json\/wp\/v2\/categories?post=30411"},{"taxonomy":"post_tag","embeddable":true,"href":"https:\/\/haberkuzey.com\/index.php\/wp-json\/wp\/v2\/tags?post=30411"}],"curies":[{"name":"wp","href":"https:\/\/api.w.org\/{rel}","templated":true}]}}