{"id":29585,"date":"2025-09-23T19:53:30","date_gmt":"2025-09-23T16:53:30","guid":{"rendered":"https:\/\/haberkuzey.com\/index.php\/2025\/09\/23\/trump-hamilelik-sirasinda-asetaminofen-kullaniminin-otizme-neden-oldugunu-iddia-etti\/"},"modified":"2025-09-23T19:53:30","modified_gmt":"2025-09-23T16:53:30","slug":"trump-hamilelik-sirasinda-asetaminofen-kullaniminin-otizme-neden-oldugunu-iddia-etti","status":"publish","type":"post","link":"https:\/\/haberkuzey.com\/index.php\/2025\/09\/23\/trump-hamilelik-sirasinda-asetaminofen-kullaniminin-otizme-neden-oldugunu-iddia-etti\/","title":{"rendered":"Trump, hamilelik s\u0131ras\u0131nda asetaminofen kullan\u0131m\u0131n\u0131n otizme neden oldu\u011funu iddia etti"},"content":{"rendered":"<p><\/p>\n<div>\n<p>&#13;<br \/>\n\tABD Ba\u015fkan\u0131 Trump, Beyaz Saray&#8217;da d\u00fczenledi\u011fi bas\u0131n toplant\u0131s\u0131nda ABD&#8217;de artan otizm oranlar\u0131na ili\u015fkin Sa\u011fl\u0131k Bakanl\u0131\u011f\u0131n\u0131n ilgili kurumlarla birlikte \u00e7\u0131kard\u0131\u011f\u0131 baz\u0131 bulgular\u0131 payla\u015ft\u0131.<\/p>\n<p>&#13;<br \/>\n\tTrump, Tylenol adl\u0131 ilac\u0131n aktif maddesi olan &#8220;asetaminofenin&#8221; hamilelik s\u0131ras\u0131nda kullan\u0131m\u0131n\u0131n, \u00e7ocuklarda &#8220;otizm riskini b\u00fcy\u00fck \u00f6l\u00e7\u00fcde art\u0131rd\u0131\u011f\u0131n\u0131&#8221; iddia etti ve bakanl\u0131\u011f\u0131n buna g\u00f6re yeni d\u00fczenlemeler yapaca\u011f\u0131n\u0131 a\u00e7\u0131klad\u0131.<\/p>\n<p>&#13;<br \/>\n\tABD Ba\u015fkan\u0131 Trump, &#8220;Tylenol almak iyi de\u011fil. Size s\u00f6yl\u00fcyorum, iyi de\u011fil. Bu nedenle, t\u0131bbi olarak gerekli olmad\u0131k\u00e7a kad\u0131nlar\u0131n hamilelik s\u0131ras\u0131nda Tylenol kullan\u0131m\u0131n\u0131 s\u0131n\u0131rlamalar\u0131n\u0131 \u015fiddetle tavsiye ediyoruz.&#8221; diye konu\u015ftu.<\/p>\n<p>&#13;<br \/>\n\tTrump&#8217;\u0131n d\u00fczenledi\u011fi bas\u0131n toplant\u0131s\u0131nda Sa\u011fl\u0131k ve \u0130nsan Hizmetleri Bakan\u0131 Robert Kennedy ile Medicare ve Medicaid Hizmetleri Merkezi Direkt\u00f6r\u00fc Mehmet \u00d6z de kat\u0131larak konuyla ilgili de\u011ferlendirmelerde bulundu.<\/p>\n<p>&#13;<br \/>\n\tTylenol, hamile kad\u0131nlarda ate\u015fi d\u00fc\u015f\u00fcrmek i\u00e7in tek g\u00fcvenli ila\u00e7 olarak kabul ediliyor ve Trump da &#8220;E\u011fer ate\u015finiz \u00e7ok y\u00fcksekse bunu almak zorundas\u0131n\u0131z \u00e7\u00fcnk\u00fc ne yaz\u0131k ki bunun alternatifi yok.&#8221; s\u00f6zleriyle bunu kabul etti.<\/p>\n<p>&#13;<br \/>\n\tAncak Trump bu ilac\u0131n ayn\u0131 zamanda otizmle ba\u011flant\u0131l\u0131 oldu\u011funu da savunurken, bunun bilimsel temelleri hakk\u0131nda detayl\u0131 bir a\u00e7\u0131klamada bulunmad\u0131.<\/p>\n<p>&#13;<br \/>\n\t\u00d6te yandan uzmanlar, Tylenol ile otizm aras\u0131ndaki iddia edilen nedensel ba\u011flant\u0131ya uzun s\u00fcredir \u015f\u00fcpheyle yakla\u015f\u0131yor. Amerikan Kad\u0131n Hastal\u0131klar\u0131 ve Do\u011fum Uzmanlar\u0131 Birli\u011fi (ACOG), Trump konu\u015furken otizmle s\u00f6z konusu ila\u00e7 aras\u0131nda herhangi bir ba\u011flant\u0131 olmad\u0131\u011f\u0131n\u0131 savunan bir a\u00e7\u0131klama yay\u0131nlad\u0131.<\/p>\n<p>&#13;<br \/>\n\tACOG, a\u00e7\u0131klamas\u0131nda, &#8220;Asetaminofen, anne adaylar\u0131 i\u00e7in \u00f6nemli ve g\u00fcvenli bir se\u00e7enek olmaya devam ediyor.&#8221; ifadesine yer verildi.<\/p>\n<\/p><\/div>\n","protected":false},"excerpt":{"rendered":"<p>&#13; ABD Ba\u015fkan\u0131 Trump, Beyaz Saray&#8217;da d\u00fczenledi\u011fi bas\u0131n toplant\u0131s\u0131nda ABD&#8217;de artan otizm oranlar\u0131na ili\u015fkin Sa\u011fl\u0131k Bakanl\u0131\u011f\u0131n\u0131n ilgili kurumlarla birlikte \u00e7\u0131kard\u0131\u011f\u0131 baz\u0131 bulgular\u0131 payla\u015ft\u0131. &#13; Trump, Tylenol adl\u0131 ilac\u0131n aktif maddesi olan &#8220;asetaminofenin&#8221; hamilelik s\u0131ras\u0131nda kullan\u0131m\u0131n\u0131n, \u00e7ocuklarda &#8220;otizm riskini b\u00fcy\u00fck \u00f6l\u00e7\u00fcde art\u0131rd\u0131\u011f\u0131n\u0131&#8221; iddia etti ve bakanl\u0131\u011f\u0131n buna g\u00f6re yeni d\u00fczenlemeler yapaca\u011f\u0131n\u0131 a\u00e7\u0131klad\u0131. &#13; ABD Ba\u015fkan\u0131 Trump, [&hellip;]<\/p>\n","protected":false},"author":1,"featured_media":29526,"comment_status":"open","ping_status":"open","sticky":false,"template":"","format":"standard","meta":{"jnews-multi-image_gallery":[],"jnews_single_post":[],"jnews_primary_category":[],"footnotes":""},"categories":[2],"tags":[],"class_list":["post-29585","post","type-post","status-publish","format-standard","has-post-thumbnail","hentry","category-dunya"],"yoast_head":"<!-- This site is optimized with the Yoast SEO plugin v27.5 - https:\/\/yoast.com\/product\/yoast-seo-wordpress\/ -->\n<title>Trump, hamilelik s\u0131ras\u0131nda asetaminofen kullan\u0131m\u0131n\u0131n otizme neden oldu\u011funu iddia etti - Haber Kuzey<\/title>\n<meta name=\"robots\" content=\"index, follow, max-snippet:-1, max-image-preview:large, max-video-preview:-1\" \/>\n<link rel=\"canonical\" href=\"https:\/\/haberkuzey.com\/index.php\/2025\/09\/23\/trump-hamilelik-sirasinda-asetaminofen-kullaniminin-otizme-neden-oldugunu-iddia-etti\/\" \/>\n<meta property=\"og:locale\" content=\"tr_TR\" \/>\n<meta property=\"og:type\" content=\"article\" \/>\n<meta property=\"og:title\" content=\"Trump, hamilelik s\u0131ras\u0131nda asetaminofen kullan\u0131m\u0131n\u0131n otizme neden oldu\u011funu iddia etti - Haber Kuzey\" \/>\n<meta property=\"og:description\" content=\"&#013; ABD Ba\u015fkan\u0131 Trump, Beyaz Saray&#8217;da d\u00fczenledi\u011fi bas\u0131n toplant\u0131s\u0131nda ABD&#8217;de artan otizm oranlar\u0131na ili\u015fkin Sa\u011fl\u0131k Bakanl\u0131\u011f\u0131n\u0131n ilgili kurumlarla birlikte \u00e7\u0131kard\u0131\u011f\u0131 baz\u0131 bulgular\u0131 payla\u015ft\u0131. &#013; Trump, Tylenol adl\u0131 ilac\u0131n aktif maddesi olan &#8220;asetaminofenin&#8221; hamilelik s\u0131ras\u0131nda kullan\u0131m\u0131n\u0131n, \u00e7ocuklarda &#8220;otizm riskini b\u00fcy\u00fck \u00f6l\u00e7\u00fcde art\u0131rd\u0131\u011f\u0131n\u0131&#8221; iddia etti ve bakanl\u0131\u011f\u0131n buna g\u00f6re yeni d\u00fczenlemeler yapaca\u011f\u0131n\u0131 a\u00e7\u0131klad\u0131. &#013; ABD Ba\u015fkan\u0131 Trump, [&hellip;]\" \/>\n<meta property=\"og:url\" content=\"https:\/\/haberkuzey.com\/index.php\/2025\/09\/23\/trump-hamilelik-sirasinda-asetaminofen-kullaniminin-otizme-neden-oldugunu-iddia-etti\/\" \/>\n<meta property=\"og:site_name\" content=\"Haber Kuzey\" \/>\n<meta property=\"article:published_time\" content=\"2025-09-23T16:53:30+00:00\" \/>\n<meta property=\"og:image\" content=\"https:\/\/trthaberstatic.cdn.wp.trt.com.tr\/resimler\/2380000\/trump-re-2380153.jpg\" \/>\n<meta name=\"author\" content=\"haberkuzey\" \/>\n<meta name=\"twitter:card\" content=\"summary_large_image\" \/>\n<meta name=\"twitter:label1\" content=\"Yazan:\" \/>\n\t<meta name=\"twitter:data1\" content=\"haberkuzey\" \/>\n\t<meta name=\"twitter:label2\" content=\"Tahmini okuma s\u00fcresi\" \/>\n\t<meta name=\"twitter:data2\" content=\"2 dakika\" \/>\n<script type=\"application\/ld+json\" class=\"yoast-schema-graph\">{\"@context\":\"https:\\\/\\\/schema.org\",\"@graph\":[{\"@type\":\"Article\",\"@id\":\"https:\\\/\\\/haberkuzey.com\\\/index.php\\\/2025\\\/09\\\/23\\\/trump-hamilelik-sirasinda-asetaminofen-kullaniminin-otizme-neden-oldugunu-iddia-etti\\\/#article\",\"isPartOf\":{\"@id\":\"https:\\\/\\\/haberkuzey.com\\\/index.php\\\/2025\\\/09\\\/23\\\/trump-hamilelik-sirasinda-asetaminofen-kullaniminin-otizme-neden-oldugunu-iddia-etti\\\/\"},\"author\":{\"name\":\"haberkuzey\",\"@id\":\"https:\\\/\\\/haberkuzey.com\\\/#\\\/schema\\\/person\\\/3372109ec735f9333f4fa47ebb9605ca\"},\"headline\":\"Trump, hamilelik s\u0131ras\u0131nda asetaminofen kullan\u0131m\u0131n\u0131n otizme neden oldu\u011funu iddia etti\",\"datePublished\":\"2025-09-23T16:53:30+00:00\",\"mainEntityOfPage\":{\"@id\":\"https:\\\/\\\/haberkuzey.com\\\/index.php\\\/2025\\\/09\\\/23\\\/trump-hamilelik-sirasinda-asetaminofen-kullaniminin-otizme-neden-oldugunu-iddia-etti\\\/\"},\"wordCount\":325,\"commentCount\":0,\"image\":{\"@id\":\"https:\\\/\\\/haberkuzey.com\\\/index.php\\\/2025\\\/09\\\/23\\\/trump-hamilelik-sirasinda-asetaminofen-kullaniminin-otizme-neden-oldugunu-iddia-etti\\\/#primaryimage\"},\"thumbnailUrl\":\"https:\\\/\\\/haberkuzey.com\\\/wp-content\\\/uploads\\\/2025\\\/09\\\/trump-re-2380153.jpg\",\"articleSection\":[\"D\u00fcnya\"],\"inLanguage\":\"tr\",\"potentialAction\":[{\"@type\":\"CommentAction\",\"name\":\"Comment\",\"target\":[\"https:\\\/\\\/haberkuzey.com\\\/index.php\\\/2025\\\/09\\\/23\\\/trump-hamilelik-sirasinda-asetaminofen-kullaniminin-otizme-neden-oldugunu-iddia-etti\\\/#respond\"]}]},{\"@type\":\"WebPage\",\"@id\":\"https:\\\/\\\/haberkuzey.com\\\/index.php\\\/2025\\\/09\\\/23\\\/trump-hamilelik-sirasinda-asetaminofen-kullaniminin-otizme-neden-oldugunu-iddia-etti\\\/\",\"url\":\"https:\\\/\\\/haberkuzey.com\\\/index.php\\\/2025\\\/09\\\/23\\\/trump-hamilelik-sirasinda-asetaminofen-kullaniminin-otizme-neden-oldugunu-iddia-etti\\\/\",\"name\":\"Trump, hamilelik s\u0131ras\u0131nda asetaminofen kullan\u0131m\u0131n\u0131n otizme neden oldu\u011funu iddia etti - Haber Kuzey\",\"isPartOf\":{\"@id\":\"https:\\\/\\\/haberkuzey.com\\\/#website\"},\"primaryImageOfPage\":{\"@id\":\"https:\\\/\\\/haberkuzey.com\\\/index.php\\\/2025\\\/09\\\/23\\\/trump-hamilelik-sirasinda-asetaminofen-kullaniminin-otizme-neden-oldugunu-iddia-etti\\\/#primaryimage\"},\"image\":{\"@id\":\"https:\\\/\\\/haberkuzey.com\\\/index.php\\\/2025\\\/09\\\/23\\\/trump-hamilelik-sirasinda-asetaminofen-kullaniminin-otizme-neden-oldugunu-iddia-etti\\\/#primaryimage\"},\"thumbnailUrl\":\"https:\\\/\\\/haberkuzey.com\\\/wp-content\\\/uploads\\\/2025\\\/09\\\/trump-re-2380153.jpg\",\"datePublished\":\"2025-09-23T16:53:30+00:00\",\"author\":{\"@id\":\"https:\\\/\\\/haberkuzey.com\\\/#\\\/schema\\\/person\\\/3372109ec735f9333f4fa47ebb9605ca\"},\"breadcrumb\":{\"@id\":\"https:\\\/\\\/haberkuzey.com\\\/index.php\\\/2025\\\/09\\\/23\\\/trump-hamilelik-sirasinda-asetaminofen-kullaniminin-otizme-neden-oldugunu-iddia-etti\\\/#breadcrumb\"},\"inLanguage\":\"tr\",\"potentialAction\":[{\"@type\":\"ReadAction\",\"target\":[\"https:\\\/\\\/haberkuzey.com\\\/index.php\\\/2025\\\/09\\\/23\\\/trump-hamilelik-sirasinda-asetaminofen-kullaniminin-otizme-neden-oldugunu-iddia-etti\\\/\"]}]},{\"@type\":\"ImageObject\",\"inLanguage\":\"tr\",\"@id\":\"https:\\\/\\\/haberkuzey.com\\\/index.php\\\/2025\\\/09\\\/23\\\/trump-hamilelik-sirasinda-asetaminofen-kullaniminin-otizme-neden-oldugunu-iddia-etti\\\/#primaryimage\",\"url\":\"https:\\\/\\\/haberkuzey.com\\\/wp-content\\\/uploads\\\/2025\\\/09\\\/trump-re-2380153.jpg\",\"contentUrl\":\"https:\\\/\\\/haberkuzey.com\\\/wp-content\\\/uploads\\\/2025\\\/09\\\/trump-re-2380153.jpg\",\"width\":1280,\"height\":720},{\"@type\":\"BreadcrumbList\",\"@id\":\"https:\\\/\\\/haberkuzey.com\\\/index.php\\\/2025\\\/09\\\/23\\\/trump-hamilelik-sirasinda-asetaminofen-kullaniminin-otizme-neden-oldugunu-iddia-etti\\\/#breadcrumb\",\"itemListElement\":[{\"@type\":\"ListItem\",\"position\":1,\"name\":\"Anasayfa\",\"item\":\"https:\\\/\\\/haberkuzey.com\\\/\"},{\"@type\":\"ListItem\",\"position\":2,\"name\":\"Trump, hamilelik s\u0131ras\u0131nda asetaminofen kullan\u0131m\u0131n\u0131n otizme neden oldu\u011funu iddia etti\"}]},{\"@type\":\"WebSite\",\"@id\":\"https:\\\/\\\/haberkuzey.com\\\/#website\",\"url\":\"https:\\\/\\\/haberkuzey.com\\\/\",\"name\":\"Haber Kuzey\",\"description\":\"Do\u011fru Haberin Adresi\",\"potentialAction\":[{\"@type\":\"SearchAction\",\"target\":{\"@type\":\"EntryPoint\",\"urlTemplate\":\"https:\\\/\\\/haberkuzey.com\\\/?s={search_term_string}\"},\"query-input\":{\"@type\":\"PropertyValueSpecification\",\"valueRequired\":true,\"valueName\":\"search_term_string\"}}],\"inLanguage\":\"tr\"},{\"@type\":\"Person\",\"@id\":\"https:\\\/\\\/haberkuzey.com\\\/#\\\/schema\\\/person\\\/3372109ec735f9333f4fa47ebb9605ca\",\"name\":\"haberkuzey\",\"image\":{\"@type\":\"ImageObject\",\"inLanguage\":\"tr\",\"@id\":\"https:\\\/\\\/secure.gravatar.com\\\/avatar\\\/f5fc875574b1575324358c3b9e6a32b8227aa5b74f3fa22e3cadb63e26fcc39c?s=96&d=mm&r=g\",\"url\":\"https:\\\/\\\/secure.gravatar.com\\\/avatar\\\/f5fc875574b1575324358c3b9e6a32b8227aa5b74f3fa22e3cadb63e26fcc39c?s=96&d=mm&r=g\",\"contentUrl\":\"https:\\\/\\\/secure.gravatar.com\\\/avatar\\\/f5fc875574b1575324358c3b9e6a32b8227aa5b74f3fa22e3cadb63e26fcc39c?s=96&d=mm&r=g\",\"caption\":\"haberkuzey\"},\"sameAs\":[\"https:\\\/\\\/haberkuzey.com\"],\"url\":\"https:\\\/\\\/haberkuzey.com\\\/index.php\\\/author\\\/haberkuzey\\\/\"}]}<\/script>\n<!-- \/ Yoast SEO plugin. -->","yoast_head_json":{"title":"Trump, hamilelik s\u0131ras\u0131nda asetaminofen kullan\u0131m\u0131n\u0131n otizme neden oldu\u011funu iddia etti - Haber Kuzey","robots":{"index":"index","follow":"follow","max-snippet":"max-snippet:-1","max-image-preview":"max-image-preview:large","max-video-preview":"max-video-preview:-1"},"canonical":"https:\/\/haberkuzey.com\/index.php\/2025\/09\/23\/trump-hamilelik-sirasinda-asetaminofen-kullaniminin-otizme-neden-oldugunu-iddia-etti\/","og_locale":"tr_TR","og_type":"article","og_title":"Trump, hamilelik s\u0131ras\u0131nda asetaminofen kullan\u0131m\u0131n\u0131n otizme neden oldu\u011funu iddia etti - Haber Kuzey","og_description":"&#13; ABD Ba\u015fkan\u0131 Trump, Beyaz Saray&#8217;da d\u00fczenledi\u011fi bas\u0131n toplant\u0131s\u0131nda ABD&#8217;de artan otizm oranlar\u0131na ili\u015fkin Sa\u011fl\u0131k Bakanl\u0131\u011f\u0131n\u0131n ilgili kurumlarla birlikte \u00e7\u0131kard\u0131\u011f\u0131 baz\u0131 bulgular\u0131 payla\u015ft\u0131. &#13; Trump, Tylenol adl\u0131 ilac\u0131n aktif maddesi olan &#8220;asetaminofenin&#8221; hamilelik s\u0131ras\u0131nda kullan\u0131m\u0131n\u0131n, \u00e7ocuklarda &#8220;otizm riskini b\u00fcy\u00fck \u00f6l\u00e7\u00fcde art\u0131rd\u0131\u011f\u0131n\u0131&#8221; iddia etti ve bakanl\u0131\u011f\u0131n buna g\u00f6re yeni d\u00fczenlemeler yapaca\u011f\u0131n\u0131 a\u00e7\u0131klad\u0131. &#13; ABD Ba\u015fkan\u0131 Trump, [&hellip;]","og_url":"https:\/\/haberkuzey.com\/index.php\/2025\/09\/23\/trump-hamilelik-sirasinda-asetaminofen-kullaniminin-otizme-neden-oldugunu-iddia-etti\/","og_site_name":"Haber Kuzey","article_published_time":"2025-09-23T16:53:30+00:00","og_image":[{"url":"https:\/\/trthaberstatic.cdn.wp.trt.com.tr\/resimler\/2380000\/trump-re-2380153.jpg","type":"","width":"","height":""}],"author":"haberkuzey","twitter_card":"summary_large_image","twitter_misc":{"Yazan:":"haberkuzey","Tahmini okuma s\u00fcresi":"2 dakika"},"schema":{"@context":"https:\/\/schema.org","@graph":[{"@type":"Article","@id":"https:\/\/haberkuzey.com\/index.php\/2025\/09\/23\/trump-hamilelik-sirasinda-asetaminofen-kullaniminin-otizme-neden-oldugunu-iddia-etti\/#article","isPartOf":{"@id":"https:\/\/haberkuzey.com\/index.php\/2025\/09\/23\/trump-hamilelik-sirasinda-asetaminofen-kullaniminin-otizme-neden-oldugunu-iddia-etti\/"},"author":{"name":"haberkuzey","@id":"https:\/\/haberkuzey.com\/#\/schema\/person\/3372109ec735f9333f4fa47ebb9605ca"},"headline":"Trump, hamilelik s\u0131ras\u0131nda asetaminofen kullan\u0131m\u0131n\u0131n otizme neden oldu\u011funu iddia etti","datePublished":"2025-09-23T16:53:30+00:00","mainEntityOfPage":{"@id":"https:\/\/haberkuzey.com\/index.php\/2025\/09\/23\/trump-hamilelik-sirasinda-asetaminofen-kullaniminin-otizme-neden-oldugunu-iddia-etti\/"},"wordCount":325,"commentCount":0,"image":{"@id":"https:\/\/haberkuzey.com\/index.php\/2025\/09\/23\/trump-hamilelik-sirasinda-asetaminofen-kullaniminin-otizme-neden-oldugunu-iddia-etti\/#primaryimage"},"thumbnailUrl":"https:\/\/haberkuzey.com\/wp-content\/uploads\/2025\/09\/trump-re-2380153.jpg","articleSection":["D\u00fcnya"],"inLanguage":"tr","potentialAction":[{"@type":"CommentAction","name":"Comment","target":["https:\/\/haberkuzey.com\/index.php\/2025\/09\/23\/trump-hamilelik-sirasinda-asetaminofen-kullaniminin-otizme-neden-oldugunu-iddia-etti\/#respond"]}]},{"@type":"WebPage","@id":"https:\/\/haberkuzey.com\/index.php\/2025\/09\/23\/trump-hamilelik-sirasinda-asetaminofen-kullaniminin-otizme-neden-oldugunu-iddia-etti\/","url":"https:\/\/haberkuzey.com\/index.php\/2025\/09\/23\/trump-hamilelik-sirasinda-asetaminofen-kullaniminin-otizme-neden-oldugunu-iddia-etti\/","name":"Trump, hamilelik s\u0131ras\u0131nda asetaminofen kullan\u0131m\u0131n\u0131n otizme neden oldu\u011funu iddia etti - Haber Kuzey","isPartOf":{"@id":"https:\/\/haberkuzey.com\/#website"},"primaryImageOfPage":{"@id":"https:\/\/haberkuzey.com\/index.php\/2025\/09\/23\/trump-hamilelik-sirasinda-asetaminofen-kullaniminin-otizme-neden-oldugunu-iddia-etti\/#primaryimage"},"image":{"@id":"https:\/\/haberkuzey.com\/index.php\/2025\/09\/23\/trump-hamilelik-sirasinda-asetaminofen-kullaniminin-otizme-neden-oldugunu-iddia-etti\/#primaryimage"},"thumbnailUrl":"https:\/\/haberkuzey.com\/wp-content\/uploads\/2025\/09\/trump-re-2380153.jpg","datePublished":"2025-09-23T16:53:30+00:00","author":{"@id":"https:\/\/haberkuzey.com\/#\/schema\/person\/3372109ec735f9333f4fa47ebb9605ca"},"breadcrumb":{"@id":"https:\/\/haberkuzey.com\/index.php\/2025\/09\/23\/trump-hamilelik-sirasinda-asetaminofen-kullaniminin-otizme-neden-oldugunu-iddia-etti\/#breadcrumb"},"inLanguage":"tr","potentialAction":[{"@type":"ReadAction","target":["https:\/\/haberkuzey.com\/index.php\/2025\/09\/23\/trump-hamilelik-sirasinda-asetaminofen-kullaniminin-otizme-neden-oldugunu-iddia-etti\/"]}]},{"@type":"ImageObject","inLanguage":"tr","@id":"https:\/\/haberkuzey.com\/index.php\/2025\/09\/23\/trump-hamilelik-sirasinda-asetaminofen-kullaniminin-otizme-neden-oldugunu-iddia-etti\/#primaryimage","url":"https:\/\/haberkuzey.com\/wp-content\/uploads\/2025\/09\/trump-re-2380153.jpg","contentUrl":"https:\/\/haberkuzey.com\/wp-content\/uploads\/2025\/09\/trump-re-2380153.jpg","width":1280,"height":720},{"@type":"BreadcrumbList","@id":"https:\/\/haberkuzey.com\/index.php\/2025\/09\/23\/trump-hamilelik-sirasinda-asetaminofen-kullaniminin-otizme-neden-oldugunu-iddia-etti\/#breadcrumb","itemListElement":[{"@type":"ListItem","position":1,"name":"Anasayfa","item":"https:\/\/haberkuzey.com\/"},{"@type":"ListItem","position":2,"name":"Trump, hamilelik s\u0131ras\u0131nda asetaminofen kullan\u0131m\u0131n\u0131n otizme neden oldu\u011funu iddia etti"}]},{"@type":"WebSite","@id":"https:\/\/haberkuzey.com\/#website","url":"https:\/\/haberkuzey.com\/","name":"Haber Kuzey","description":"Do\u011fru Haberin Adresi","potentialAction":[{"@type":"SearchAction","target":{"@type":"EntryPoint","urlTemplate":"https:\/\/haberkuzey.com\/?s={search_term_string}"},"query-input":{"@type":"PropertyValueSpecification","valueRequired":true,"valueName":"search_term_string"}}],"inLanguage":"tr"},{"@type":"Person","@id":"https:\/\/haberkuzey.com\/#\/schema\/person\/3372109ec735f9333f4fa47ebb9605ca","name":"haberkuzey","image":{"@type":"ImageObject","inLanguage":"tr","@id":"https:\/\/secure.gravatar.com\/avatar\/f5fc875574b1575324358c3b9e6a32b8227aa5b74f3fa22e3cadb63e26fcc39c?s=96&d=mm&r=g","url":"https:\/\/secure.gravatar.com\/avatar\/f5fc875574b1575324358c3b9e6a32b8227aa5b74f3fa22e3cadb63e26fcc39c?s=96&d=mm&r=g","contentUrl":"https:\/\/secure.gravatar.com\/avatar\/f5fc875574b1575324358c3b9e6a32b8227aa5b74f3fa22e3cadb63e26fcc39c?s=96&d=mm&r=g","caption":"haberkuzey"},"sameAs":["https:\/\/haberkuzey.com"],"url":"https:\/\/haberkuzey.com\/index.php\/author\/haberkuzey\/"}]}},"_links":{"self":[{"href":"https:\/\/haberkuzey.com\/index.php\/wp-json\/wp\/v2\/posts\/29585","targetHints":{"allow":["GET"]}}],"collection":[{"href":"https:\/\/haberkuzey.com\/index.php\/wp-json\/wp\/v2\/posts"}],"about":[{"href":"https:\/\/haberkuzey.com\/index.php\/wp-json\/wp\/v2\/types\/post"}],"author":[{"embeddable":true,"href":"https:\/\/haberkuzey.com\/index.php\/wp-json\/wp\/v2\/users\/1"}],"replies":[{"embeddable":true,"href":"https:\/\/haberkuzey.com\/index.php\/wp-json\/wp\/v2\/comments?post=29585"}],"version-history":[{"count":0,"href":"https:\/\/haberkuzey.com\/index.php\/wp-json\/wp\/v2\/posts\/29585\/revisions"}],"wp:featuredmedia":[{"embeddable":true,"href":"https:\/\/haberkuzey.com\/index.php\/wp-json\/wp\/v2\/media\/29526"}],"wp:attachment":[{"href":"https:\/\/haberkuzey.com\/index.php\/wp-json\/wp\/v2\/media?parent=29585"}],"wp:term":[{"taxonomy":"category","embeddable":true,"href":"https:\/\/haberkuzey.com\/index.php\/wp-json\/wp\/v2\/categories?post=29585"},{"taxonomy":"post_tag","embeddable":true,"href":"https:\/\/haberkuzey.com\/index.php\/wp-json\/wp\/v2\/tags?post=29585"}],"curies":[{"name":"wp","href":"https:\/\/api.w.org\/{rel}","templated":true}]}}