{"id":29583,"date":"2025-09-23T18:52:17","date_gmt":"2025-09-23T15:52:17","guid":{"rendered":"https:\/\/haberkuzey.com\/index.php\/2025\/09\/23\/iki-cocugunu-oldurup-cesetlerini-yillarca-bavullarda-sakladi\/"},"modified":"2025-09-23T18:52:17","modified_gmt":"2025-09-23T15:52:17","slug":"iki-cocugunu-oldurup-cesetlerini-yillarca-bavullarda-sakladi","status":"publish","type":"post","link":"https:\/\/haberkuzey.com\/index.php\/2025\/09\/23\/iki-cocugunu-oldurup-cesetlerini-yillarca-bavullarda-sakladi\/","title":{"rendered":"\u0130ki \u00e7ocu\u011funu \u00f6ld\u00fcr\u00fcp cesetlerini y\u0131llarca bavullarda saklad\u0131"},"content":{"rendered":"<p><\/p>\n<div>\n<p>&#13;<br \/>\n\tLee, Minu Jo (6) ve Yuna Jo\u2019yu (8) Haziran 2018\u2019de \u00f6ld\u00fcrmekle su\u00e7lan\u0131yordu. \u00c7ocuklar\u0131n kal\u0131nt\u0131lar\u0131, A\u011fustos 2022\u2019de Auckland\u2019da terk edilmi\u015f bir depolama alan\u0131ndaki valizlerin i\u00e7inde ortaya \u00e7\u0131kt\u0131.<\/p>\n<p>&#13;<br \/>\n\tLee, olay\u0131n ard\u0131ndan G\u00fcney Kore\u2019ye giderek ismini de\u011fi\u015ftirmi\u015f, ancak 2022\u2019de iade edilerek yarg\u0131 kar\u015f\u0131s\u0131na \u00e7\u0131kar\u0131lm\u0131\u015ft\u0131.<\/p>\n<h2>&#13;<br \/>\n\tE\u015fi kanserden \u00f6ld\u00fckten sonra cinayetler i\u015flendi<\/h2>\n<p>&#13;<br \/>\n\tSavc\u0131l\u0131\u011fa g\u00f6re cinayetler, Lee\u2019nin e\u015finin kanserden \u00f6l\u00fcm\u00fcnden yedi ay sonra ger\u00e7ekle\u015fti. Lee, \u00e7ocuklar\u0131n\u0131 \u00f6ld\u00fcrd\u00fc\u011f\u00fcn\u00fc reddetti ancak ak\u0131l sa\u011fl\u0131\u011f\u0131n\u0131n yerinde olmad\u0131\u011f\u0131n\u0131 \u00f6ne s\u00fcrd\u00fc. J\u00fcri, k\u0131sa s\u00fcrede ald\u0131\u011f\u0131 kararla bu savunmay\u0131 kabul etmedi.<\/p>\n<h2>&#13;<br \/>\n\tDepo kiras\u0131 \u00f6denmeyince cesetler ortaya \u00e7\u0131kt\u0131<\/h2>\n<p>&#13;<br \/>\n\tLee, y\u0131llar boyunca kiralad\u0131\u011f\u0131 depolama alan\u0131n\u0131n \u00fccretini \u00f6deyemeyince, i\u00e7indekiler a\u00e7\u0131k art\u0131rmada sat\u0131ld\u0131. Bavullar\u0131 sat\u0131n alan ki\u015filer, \u00e7ocuklar\u0131n cesetlerini buldu.<\/p>\n<h2>&#13;<br \/>\n\tKarar ve ceza s\u00fcreci<\/h2>\n<p>&#13;<br \/>\n\tYarg\u0131\u00e7 Geoffrey Venning, Lee\u2019nin 26 Kas\u0131m\u2019da ceza alana kadar tutuklu kalmas\u0131na h\u00fckmetti. Yeni Zelanda yasalar\u0131na g\u00f6re cinayet, \u00f6m\u00fcr boyu hapis cezas\u0131 gerektiriyor. En az 10 y\u0131l hapis yatmadan \u015fartl\u0131 tahliye talebi yap\u0131lam\u0131yor.<\/p>\n<p>&#13;<br \/>\n\tDuru\u015fmalar s\u0131ras\u0131nda rahats\u0131zl\u0131k ya\u015fayaca\u011f\u0131 gerek\u00e7esiyle Lee\u2019ye, mahkeme s\u00fcrecini ba\u015fka bir odadan takip etme izni verilmi\u015fti. Karar g\u00fcn\u00fc ise salonda ba\u015f\u0131 \u00f6ne e\u011fik, sa\u00e7lar\u0131yla y\u00fcz\u00fcn\u00fc kapatm\u0131\u015f \u015fekilde bulundu.<\/p>\n<\/p><\/div>\n","protected":false},"excerpt":{"rendered":"<p>&#13; Lee, Minu Jo (6) ve Yuna Jo\u2019yu (8) Haziran 2018\u2019de \u00f6ld\u00fcrmekle su\u00e7lan\u0131yordu. \u00c7ocuklar\u0131n kal\u0131nt\u0131lar\u0131, A\u011fustos 2022\u2019de Auckland\u2019da terk edilmi\u015f bir depolama alan\u0131ndaki valizlerin i\u00e7inde ortaya \u00e7\u0131kt\u0131. &#13; Lee, olay\u0131n ard\u0131ndan G\u00fcney Kore\u2019ye giderek ismini de\u011fi\u015ftirmi\u015f, ancak 2022\u2019de iade edilerek yarg\u0131 kar\u015f\u0131s\u0131na \u00e7\u0131kar\u0131lm\u0131\u015ft\u0131. &#13; E\u015fi kanserden \u00f6ld\u00fckten sonra cinayetler i\u015flendi &#13; Savc\u0131l\u0131\u011fa g\u00f6re cinayetler, Lee\u2019nin [&hellip;]<\/p>\n","protected":false},"author":1,"featured_media":29584,"comment_status":"open","ping_status":"open","sticky":false,"template":"","format":"standard","meta":{"jnews-multi-image_gallery":[],"jnews_single_post":[],"jnews_primary_category":[],"footnotes":""},"categories":[2],"tags":[],"class_list":["post-29583","post","type-post","status-publish","format-standard","has-post-thumbnail","hentry","category-dunya"],"yoast_head":"<!-- This site is optimized with the Yoast SEO plugin v27.5 - https:\/\/yoast.com\/product\/yoast-seo-wordpress\/ -->\n<title>\u0130ki \u00e7ocu\u011funu \u00f6ld\u00fcr\u00fcp cesetlerini y\u0131llarca bavullarda saklad\u0131 - Haber Kuzey<\/title>\n<meta name=\"robots\" content=\"index, follow, max-snippet:-1, max-image-preview:large, max-video-preview:-1\" \/>\n<link rel=\"canonical\" href=\"https:\/\/haberkuzey.com\/index.php\/2025\/09\/23\/iki-cocugunu-oldurup-cesetlerini-yillarca-bavullarda-sakladi\/\" \/>\n<meta property=\"og:locale\" content=\"tr_TR\" \/>\n<meta property=\"og:type\" content=\"article\" \/>\n<meta property=\"og:title\" content=\"\u0130ki \u00e7ocu\u011funu \u00f6ld\u00fcr\u00fcp cesetlerini y\u0131llarca bavullarda saklad\u0131 - Haber Kuzey\" \/>\n<meta property=\"og:description\" content=\"&#013; Lee, Minu Jo (6) ve Yuna Jo\u2019yu (8) Haziran 2018\u2019de \u00f6ld\u00fcrmekle su\u00e7lan\u0131yordu. \u00c7ocuklar\u0131n kal\u0131nt\u0131lar\u0131, A\u011fustos 2022\u2019de Auckland\u2019da terk edilmi\u015f bir depolama alan\u0131ndaki valizlerin i\u00e7inde ortaya \u00e7\u0131kt\u0131. &#013; Lee, olay\u0131n ard\u0131ndan G\u00fcney Kore\u2019ye giderek ismini de\u011fi\u015ftirmi\u015f, ancak 2022\u2019de iade edilerek yarg\u0131 kar\u015f\u0131s\u0131na \u00e7\u0131kar\u0131lm\u0131\u015ft\u0131. &#013; E\u015fi kanserden \u00f6ld\u00fckten sonra cinayetler i\u015flendi &#013; Savc\u0131l\u0131\u011fa g\u00f6re cinayetler, Lee\u2019nin [&hellip;]\" \/>\n<meta property=\"og:url\" content=\"https:\/\/haberkuzey.com\/index.php\/2025\/09\/23\/iki-cocugunu-oldurup-cesetlerini-yillarca-bavullarda-sakladi\/\" \/>\n<meta property=\"og:site_name\" content=\"Haber Kuzey\" \/>\n<meta property=\"article:published_time\" content=\"2025-09-23T15:52:17+00:00\" \/>\n<meta property=\"og:image\" content=\"https:\/\/trthaberstatic.cdn.wp.trt.com.tr\/resimler\/2400000\/neal-2400444.jpg\" \/>\n<meta name=\"author\" content=\"haberkuzey\" \/>\n<meta name=\"twitter:card\" content=\"summary_large_image\" \/>\n<meta name=\"twitter:label1\" content=\"Yazan:\" \/>\n\t<meta name=\"twitter:data1\" content=\"haberkuzey\" \/>\n\t<meta name=\"twitter:label2\" content=\"Tahmini okuma s\u00fcresi\" \/>\n\t<meta name=\"twitter:data2\" content=\"1 dakika\" \/>\n<script type=\"application\/ld+json\" class=\"yoast-schema-graph\">{\"@context\":\"https:\\\/\\\/schema.org\",\"@graph\":[{\"@type\":\"Article\",\"@id\":\"https:\\\/\\\/haberkuzey.com\\\/index.php\\\/2025\\\/09\\\/23\\\/iki-cocugunu-oldurup-cesetlerini-yillarca-bavullarda-sakladi\\\/#article\",\"isPartOf\":{\"@id\":\"https:\\\/\\\/haberkuzey.com\\\/index.php\\\/2025\\\/09\\\/23\\\/iki-cocugunu-oldurup-cesetlerini-yillarca-bavullarda-sakladi\\\/\"},\"author\":{\"name\":\"haberkuzey\",\"@id\":\"https:\\\/\\\/haberkuzey.com\\\/#\\\/schema\\\/person\\\/3372109ec735f9333f4fa47ebb9605ca\"},\"headline\":\"\u0130ki \u00e7ocu\u011funu \u00f6ld\u00fcr\u00fcp cesetlerini y\u0131llarca bavullarda saklad\u0131\",\"datePublished\":\"2025-09-23T15:52:17+00:00\",\"mainEntityOfPage\":{\"@id\":\"https:\\\/\\\/haberkuzey.com\\\/index.php\\\/2025\\\/09\\\/23\\\/iki-cocugunu-oldurup-cesetlerini-yillarca-bavullarda-sakladi\\\/\"},\"wordCount\":257,\"commentCount\":0,\"image\":{\"@id\":\"https:\\\/\\\/haberkuzey.com\\\/index.php\\\/2025\\\/09\\\/23\\\/iki-cocugunu-oldurup-cesetlerini-yillarca-bavullarda-sakladi\\\/#primaryimage\"},\"thumbnailUrl\":\"https:\\\/\\\/haberkuzey.com\\\/wp-content\\\/uploads\\\/2025\\\/09\\\/neal-2400444.jpg\",\"articleSection\":[\"D\u00fcnya\"],\"inLanguage\":\"tr\",\"potentialAction\":[{\"@type\":\"CommentAction\",\"name\":\"Comment\",\"target\":[\"https:\\\/\\\/haberkuzey.com\\\/index.php\\\/2025\\\/09\\\/23\\\/iki-cocugunu-oldurup-cesetlerini-yillarca-bavullarda-sakladi\\\/#respond\"]}]},{\"@type\":\"WebPage\",\"@id\":\"https:\\\/\\\/haberkuzey.com\\\/index.php\\\/2025\\\/09\\\/23\\\/iki-cocugunu-oldurup-cesetlerini-yillarca-bavullarda-sakladi\\\/\",\"url\":\"https:\\\/\\\/haberkuzey.com\\\/index.php\\\/2025\\\/09\\\/23\\\/iki-cocugunu-oldurup-cesetlerini-yillarca-bavullarda-sakladi\\\/\",\"name\":\"\u0130ki \u00e7ocu\u011funu \u00f6ld\u00fcr\u00fcp cesetlerini y\u0131llarca bavullarda saklad\u0131 - Haber Kuzey\",\"isPartOf\":{\"@id\":\"https:\\\/\\\/haberkuzey.com\\\/#website\"},\"primaryImageOfPage\":{\"@id\":\"https:\\\/\\\/haberkuzey.com\\\/index.php\\\/2025\\\/09\\\/23\\\/iki-cocugunu-oldurup-cesetlerini-yillarca-bavullarda-sakladi\\\/#primaryimage\"},\"image\":{\"@id\":\"https:\\\/\\\/haberkuzey.com\\\/index.php\\\/2025\\\/09\\\/23\\\/iki-cocugunu-oldurup-cesetlerini-yillarca-bavullarda-sakladi\\\/#primaryimage\"},\"thumbnailUrl\":\"https:\\\/\\\/haberkuzey.com\\\/wp-content\\\/uploads\\\/2025\\\/09\\\/neal-2400444.jpg\",\"datePublished\":\"2025-09-23T15:52:17+00:00\",\"author\":{\"@id\":\"https:\\\/\\\/haberkuzey.com\\\/#\\\/schema\\\/person\\\/3372109ec735f9333f4fa47ebb9605ca\"},\"breadcrumb\":{\"@id\":\"https:\\\/\\\/haberkuzey.com\\\/index.php\\\/2025\\\/09\\\/23\\\/iki-cocugunu-oldurup-cesetlerini-yillarca-bavullarda-sakladi\\\/#breadcrumb\"},\"inLanguage\":\"tr\",\"potentialAction\":[{\"@type\":\"ReadAction\",\"target\":[\"https:\\\/\\\/haberkuzey.com\\\/index.php\\\/2025\\\/09\\\/23\\\/iki-cocugunu-oldurup-cesetlerini-yillarca-bavullarda-sakladi\\\/\"]}]},{\"@type\":\"ImageObject\",\"inLanguage\":\"tr\",\"@id\":\"https:\\\/\\\/haberkuzey.com\\\/index.php\\\/2025\\\/09\\\/23\\\/iki-cocugunu-oldurup-cesetlerini-yillarca-bavullarda-sakladi\\\/#primaryimage\",\"url\":\"https:\\\/\\\/haberkuzey.com\\\/wp-content\\\/uploads\\\/2025\\\/09\\\/neal-2400444.jpg\",\"contentUrl\":\"https:\\\/\\\/haberkuzey.com\\\/wp-content\\\/uploads\\\/2025\\\/09\\\/neal-2400444.jpg\",\"width\":1280,\"height\":720},{\"@type\":\"BreadcrumbList\",\"@id\":\"https:\\\/\\\/haberkuzey.com\\\/index.php\\\/2025\\\/09\\\/23\\\/iki-cocugunu-oldurup-cesetlerini-yillarca-bavullarda-sakladi\\\/#breadcrumb\",\"itemListElement\":[{\"@type\":\"ListItem\",\"position\":1,\"name\":\"Anasayfa\",\"item\":\"https:\\\/\\\/haberkuzey.com\\\/\"},{\"@type\":\"ListItem\",\"position\":2,\"name\":\"\u0130ki \u00e7ocu\u011funu \u00f6ld\u00fcr\u00fcp cesetlerini y\u0131llarca bavullarda saklad\u0131\"}]},{\"@type\":\"WebSite\",\"@id\":\"https:\\\/\\\/haberkuzey.com\\\/#website\",\"url\":\"https:\\\/\\\/haberkuzey.com\\\/\",\"name\":\"Haber Kuzey\",\"description\":\"Do\u011fru Haberin Adresi\",\"potentialAction\":[{\"@type\":\"SearchAction\",\"target\":{\"@type\":\"EntryPoint\",\"urlTemplate\":\"https:\\\/\\\/haberkuzey.com\\\/?s={search_term_string}\"},\"query-input\":{\"@type\":\"PropertyValueSpecification\",\"valueRequired\":true,\"valueName\":\"search_term_string\"}}],\"inLanguage\":\"tr\"},{\"@type\":\"Person\",\"@id\":\"https:\\\/\\\/haberkuzey.com\\\/#\\\/schema\\\/person\\\/3372109ec735f9333f4fa47ebb9605ca\",\"name\":\"haberkuzey\",\"image\":{\"@type\":\"ImageObject\",\"inLanguage\":\"tr\",\"@id\":\"https:\\\/\\\/secure.gravatar.com\\\/avatar\\\/f5fc875574b1575324358c3b9e6a32b8227aa5b74f3fa22e3cadb63e26fcc39c?s=96&d=mm&r=g\",\"url\":\"https:\\\/\\\/secure.gravatar.com\\\/avatar\\\/f5fc875574b1575324358c3b9e6a32b8227aa5b74f3fa22e3cadb63e26fcc39c?s=96&d=mm&r=g\",\"contentUrl\":\"https:\\\/\\\/secure.gravatar.com\\\/avatar\\\/f5fc875574b1575324358c3b9e6a32b8227aa5b74f3fa22e3cadb63e26fcc39c?s=96&d=mm&r=g\",\"caption\":\"haberkuzey\"},\"sameAs\":[\"https:\\\/\\\/haberkuzey.com\"],\"url\":\"https:\\\/\\\/haberkuzey.com\\\/index.php\\\/author\\\/haberkuzey\\\/\"}]}<\/script>\n<!-- \/ Yoast SEO plugin. -->","yoast_head_json":{"title":"\u0130ki \u00e7ocu\u011funu \u00f6ld\u00fcr\u00fcp cesetlerini y\u0131llarca bavullarda saklad\u0131 - Haber Kuzey","robots":{"index":"index","follow":"follow","max-snippet":"max-snippet:-1","max-image-preview":"max-image-preview:large","max-video-preview":"max-video-preview:-1"},"canonical":"https:\/\/haberkuzey.com\/index.php\/2025\/09\/23\/iki-cocugunu-oldurup-cesetlerini-yillarca-bavullarda-sakladi\/","og_locale":"tr_TR","og_type":"article","og_title":"\u0130ki \u00e7ocu\u011funu \u00f6ld\u00fcr\u00fcp cesetlerini y\u0131llarca bavullarda saklad\u0131 - Haber Kuzey","og_description":"&#13; Lee, Minu Jo (6) ve Yuna Jo\u2019yu (8) Haziran 2018\u2019de \u00f6ld\u00fcrmekle su\u00e7lan\u0131yordu. \u00c7ocuklar\u0131n kal\u0131nt\u0131lar\u0131, A\u011fustos 2022\u2019de Auckland\u2019da terk edilmi\u015f bir depolama alan\u0131ndaki valizlerin i\u00e7inde ortaya \u00e7\u0131kt\u0131. &#13; Lee, olay\u0131n ard\u0131ndan G\u00fcney Kore\u2019ye giderek ismini de\u011fi\u015ftirmi\u015f, ancak 2022\u2019de iade edilerek yarg\u0131 kar\u015f\u0131s\u0131na \u00e7\u0131kar\u0131lm\u0131\u015ft\u0131. &#13; E\u015fi kanserden \u00f6ld\u00fckten sonra cinayetler i\u015flendi &#13; Savc\u0131l\u0131\u011fa g\u00f6re cinayetler, Lee\u2019nin [&hellip;]","og_url":"https:\/\/haberkuzey.com\/index.php\/2025\/09\/23\/iki-cocugunu-oldurup-cesetlerini-yillarca-bavullarda-sakladi\/","og_site_name":"Haber Kuzey","article_published_time":"2025-09-23T15:52:17+00:00","og_image":[{"url":"https:\/\/trthaberstatic.cdn.wp.trt.com.tr\/resimler\/2400000\/neal-2400444.jpg","type":"","width":"","height":""}],"author":"haberkuzey","twitter_card":"summary_large_image","twitter_misc":{"Yazan:":"haberkuzey","Tahmini okuma s\u00fcresi":"1 dakika"},"schema":{"@context":"https:\/\/schema.org","@graph":[{"@type":"Article","@id":"https:\/\/haberkuzey.com\/index.php\/2025\/09\/23\/iki-cocugunu-oldurup-cesetlerini-yillarca-bavullarda-sakladi\/#article","isPartOf":{"@id":"https:\/\/haberkuzey.com\/index.php\/2025\/09\/23\/iki-cocugunu-oldurup-cesetlerini-yillarca-bavullarda-sakladi\/"},"author":{"name":"haberkuzey","@id":"https:\/\/haberkuzey.com\/#\/schema\/person\/3372109ec735f9333f4fa47ebb9605ca"},"headline":"\u0130ki \u00e7ocu\u011funu \u00f6ld\u00fcr\u00fcp cesetlerini y\u0131llarca bavullarda saklad\u0131","datePublished":"2025-09-23T15:52:17+00:00","mainEntityOfPage":{"@id":"https:\/\/haberkuzey.com\/index.php\/2025\/09\/23\/iki-cocugunu-oldurup-cesetlerini-yillarca-bavullarda-sakladi\/"},"wordCount":257,"commentCount":0,"image":{"@id":"https:\/\/haberkuzey.com\/index.php\/2025\/09\/23\/iki-cocugunu-oldurup-cesetlerini-yillarca-bavullarda-sakladi\/#primaryimage"},"thumbnailUrl":"https:\/\/haberkuzey.com\/wp-content\/uploads\/2025\/09\/neal-2400444.jpg","articleSection":["D\u00fcnya"],"inLanguage":"tr","potentialAction":[{"@type":"CommentAction","name":"Comment","target":["https:\/\/haberkuzey.com\/index.php\/2025\/09\/23\/iki-cocugunu-oldurup-cesetlerini-yillarca-bavullarda-sakladi\/#respond"]}]},{"@type":"WebPage","@id":"https:\/\/haberkuzey.com\/index.php\/2025\/09\/23\/iki-cocugunu-oldurup-cesetlerini-yillarca-bavullarda-sakladi\/","url":"https:\/\/haberkuzey.com\/index.php\/2025\/09\/23\/iki-cocugunu-oldurup-cesetlerini-yillarca-bavullarda-sakladi\/","name":"\u0130ki \u00e7ocu\u011funu \u00f6ld\u00fcr\u00fcp cesetlerini y\u0131llarca bavullarda saklad\u0131 - Haber Kuzey","isPartOf":{"@id":"https:\/\/haberkuzey.com\/#website"},"primaryImageOfPage":{"@id":"https:\/\/haberkuzey.com\/index.php\/2025\/09\/23\/iki-cocugunu-oldurup-cesetlerini-yillarca-bavullarda-sakladi\/#primaryimage"},"image":{"@id":"https:\/\/haberkuzey.com\/index.php\/2025\/09\/23\/iki-cocugunu-oldurup-cesetlerini-yillarca-bavullarda-sakladi\/#primaryimage"},"thumbnailUrl":"https:\/\/haberkuzey.com\/wp-content\/uploads\/2025\/09\/neal-2400444.jpg","datePublished":"2025-09-23T15:52:17+00:00","author":{"@id":"https:\/\/haberkuzey.com\/#\/schema\/person\/3372109ec735f9333f4fa47ebb9605ca"},"breadcrumb":{"@id":"https:\/\/haberkuzey.com\/index.php\/2025\/09\/23\/iki-cocugunu-oldurup-cesetlerini-yillarca-bavullarda-sakladi\/#breadcrumb"},"inLanguage":"tr","potentialAction":[{"@type":"ReadAction","target":["https:\/\/haberkuzey.com\/index.php\/2025\/09\/23\/iki-cocugunu-oldurup-cesetlerini-yillarca-bavullarda-sakladi\/"]}]},{"@type":"ImageObject","inLanguage":"tr","@id":"https:\/\/haberkuzey.com\/index.php\/2025\/09\/23\/iki-cocugunu-oldurup-cesetlerini-yillarca-bavullarda-sakladi\/#primaryimage","url":"https:\/\/haberkuzey.com\/wp-content\/uploads\/2025\/09\/neal-2400444.jpg","contentUrl":"https:\/\/haberkuzey.com\/wp-content\/uploads\/2025\/09\/neal-2400444.jpg","width":1280,"height":720},{"@type":"BreadcrumbList","@id":"https:\/\/haberkuzey.com\/index.php\/2025\/09\/23\/iki-cocugunu-oldurup-cesetlerini-yillarca-bavullarda-sakladi\/#breadcrumb","itemListElement":[{"@type":"ListItem","position":1,"name":"Anasayfa","item":"https:\/\/haberkuzey.com\/"},{"@type":"ListItem","position":2,"name":"\u0130ki \u00e7ocu\u011funu \u00f6ld\u00fcr\u00fcp cesetlerini y\u0131llarca bavullarda saklad\u0131"}]},{"@type":"WebSite","@id":"https:\/\/haberkuzey.com\/#website","url":"https:\/\/haberkuzey.com\/","name":"Haber Kuzey","description":"Do\u011fru Haberin Adresi","potentialAction":[{"@type":"SearchAction","target":{"@type":"EntryPoint","urlTemplate":"https:\/\/haberkuzey.com\/?s={search_term_string}"},"query-input":{"@type":"PropertyValueSpecification","valueRequired":true,"valueName":"search_term_string"}}],"inLanguage":"tr"},{"@type":"Person","@id":"https:\/\/haberkuzey.com\/#\/schema\/person\/3372109ec735f9333f4fa47ebb9605ca","name":"haberkuzey","image":{"@type":"ImageObject","inLanguage":"tr","@id":"https:\/\/secure.gravatar.com\/avatar\/f5fc875574b1575324358c3b9e6a32b8227aa5b74f3fa22e3cadb63e26fcc39c?s=96&d=mm&r=g","url":"https:\/\/secure.gravatar.com\/avatar\/f5fc875574b1575324358c3b9e6a32b8227aa5b74f3fa22e3cadb63e26fcc39c?s=96&d=mm&r=g","contentUrl":"https:\/\/secure.gravatar.com\/avatar\/f5fc875574b1575324358c3b9e6a32b8227aa5b74f3fa22e3cadb63e26fcc39c?s=96&d=mm&r=g","caption":"haberkuzey"},"sameAs":["https:\/\/haberkuzey.com"],"url":"https:\/\/haberkuzey.com\/index.php\/author\/haberkuzey\/"}]}},"_links":{"self":[{"href":"https:\/\/haberkuzey.com\/index.php\/wp-json\/wp\/v2\/posts\/29583","targetHints":{"allow":["GET"]}}],"collection":[{"href":"https:\/\/haberkuzey.com\/index.php\/wp-json\/wp\/v2\/posts"}],"about":[{"href":"https:\/\/haberkuzey.com\/index.php\/wp-json\/wp\/v2\/types\/post"}],"author":[{"embeddable":true,"href":"https:\/\/haberkuzey.com\/index.php\/wp-json\/wp\/v2\/users\/1"}],"replies":[{"embeddable":true,"href":"https:\/\/haberkuzey.com\/index.php\/wp-json\/wp\/v2\/comments?post=29583"}],"version-history":[{"count":0,"href":"https:\/\/haberkuzey.com\/index.php\/wp-json\/wp\/v2\/posts\/29583\/revisions"}],"wp:featuredmedia":[{"embeddable":true,"href":"https:\/\/haberkuzey.com\/index.php\/wp-json\/wp\/v2\/media\/29584"}],"wp:attachment":[{"href":"https:\/\/haberkuzey.com\/index.php\/wp-json\/wp\/v2\/media?parent=29583"}],"wp:term":[{"taxonomy":"category","embeddable":true,"href":"https:\/\/haberkuzey.com\/index.php\/wp-json\/wp\/v2\/categories?post=29583"},{"taxonomy":"post_tag","embeddable":true,"href":"https:\/\/haberkuzey.com\/index.php\/wp-json\/wp\/v2\/tags?post=29583"}],"curies":[{"name":"wp","href":"https:\/\/api.w.org\/{rel}","templated":true}]}}